{"id":108417,"date":"2019-10-02T16:22:40","date_gmt":"2019-10-02T14:22:40","guid":{"rendered":"http:\/\/www.bellunopress.it\/?p=108417"},"modified":"2019-10-02T16:22:40","modified_gmt":"2019-10-02T14:22:40","slug":"calalzo-di-cadore-dichiara-lemergenza-climatica-de-carlo-tutti-dobbiamo-fare-qualcosa-per-lasciare-ai-nostri-figli-un-mondo-migliore","status":"publish","type":"post","link":"https:\/\/www.bellunopress.it\/fr\/2019\/10\/02\/calalzo-di-cadore-dichiara-lemergenza-climatica-de-carlo-tutti-dobbiamo-fare-qualcosa-per-lasciare-ai-nostri-figli-un-mondo-migliore\/","title":{"rendered":"Calalzo di Cadore dichiara l&#8217;emergenza climatica. De Carlo: &#8220;Tutti dobbiamo fare qualcosa per lasciare ai nostri figli un mondo migliore&#8221;"},"content":{"rendered":"<figure id=\"attachment_94339\" aria-describedby=\"caption-attachment-94339\" style=\"width: 227px\" class=\"wp-caption alignleft\"><a href=\"http:\/\/www.bellunopress.it\/fr\/2018\/04\/15\/il-gazzettino-riduce-gli-stipendi-dei-collaboratori-de-carlo-una-decisione-inammissibile-che-lede-la-dignita-umana-e-professionale-e-mette-a-rischio-la-qualita-dellinformazione\/luca-de-carlo-3\/\" rel=\"attachment wp-att-94339\"><img loading=\"lazy\" decoding=\"async\" class=\"size-full wp-image-94339\" src=\"http:\/\/www.bellunopress.it\/wp-content\/uploads\/2018\/04\/Luca-De-Carlo.jpg\" alt=\"\" width=\"227\" height=\"271\" \/><\/a><figcaption id=\"caption-attachment-94339\" class=\"wp-caption-text\">Luca De Carlo, deputato<\/figcaption><\/figure>\n<p>Nel corso della seduta di giunta di luned\u00ec, l&#8217;amministrazione comunale di Calalzo di Cadore ha deliberato la &#8220;Dichiarazione di emergenza climatica&#8221;, un atto di sensibilizzazione rivolto alle istituzioni locali, regionali e nazionali per sostenere azioni contro il rischio di surriscaldamento climatico.<\/p>\n<p>&#8220;L&#8217;ambiente per noi \u00e8 sempre stato e resta una priorit\u00e0&#8221;, commenta il sindaco Luca De Carlo. &#8220;L&#8217;uomo interagisce con l&#8217;ambiente, non lo domina; vogliamo dare forza a questa battaglia, imparando dai nostri anziani: dobbiamo lasciare ai nostri figli un mondo migliore di quello che ci hanno lasciato i nostri padri&#8221;.<br \/>\nIl Comune di Calalzo si \u00e8 mosso da tempo e con azioni concrete su questo fronte: &#8220;Abbiamo ridotto i rifiuti conferiti in discarica grazie al potenziamento costante della raccolta differenziata; abbiamo avviato campagne di sensibilizzazione sull&#8217;uso del compostaggio domestico, con sconti del 20% sulla bolletta dei rifiuti per chi lo utilizza. Abbiamo inserito il divieto di utilizzo di stoviglie usa e getta, non biodegradabili, sul territorio comunale e sostenuto l&#8217;acquisto di posate in acciaio da impiegare nelle sagre paesane, aderendo anche a numerose iniziative di pulizia e decoro del territorio&#8221;, ricorda De Carlo. &#8220;Per i pi\u00f9 giovani, abbiamo promosso attivit\u00e0 extra didattiche nelle scuole sull&#8217;educazione al riciclo e il riuso dei materiali, e introdotto l&#8217;utilizzo di prodotti biologici nella mensa della scuola dell&#8217;infanzia comunale&#8221;.<\/p>\n<p>Con la &#8220;Dichiarazione di emergenza climatica&#8221; si vuol dare nuovo impulso alle politiche di promozione della cultura del rispetto dell&#8217;ambiente, coinvolgendo cittadini e associazioni e sollecitando Regione e Governo a prendere iniziative analoghe: &#8220;Ognuno deve prendere consapevolezza dell&#8217;attuale situazione e fare ci\u00f2 che \u00e8 in suo potere. Credo che il cambiamento non si faccia solo con le proteste nelle piazze, ma soprattutto con azioni concrete e comportamenti coerenti&#8221;, conclude De Carlo.<\/p>","protected":false},"excerpt":{"rendered":"<p>Nel corso della seduta di giunta di luned\u00ec, l&#8217;amministrazione comunale di Calalzo di Cadore ha deliberato la &#8220;Dichiarazione di emergenza climatica&#8221;, un atto di sensibilizzazione rivolto alle istituzioni locali, regionali e nazionali per sostenere azioni contro il rischio di surriscaldamento climatico. &#8220;L&#8217;ambiente per noi \u00e8 sempre stato e resta una priorit\u00e0&#8221;, commenta il sindaco Luca [&hellip;]<\/p>\n","protected":false},"author":2,"featured_media":0,"comment_status":"closed","ping_status":"open","sticky":false,"template":"","format":"standard","meta":{"footnotes":""},"categories":[5,26],"tags":[],"class_list":["post-108417","post","type-post","status-publish","format-standard","category-cronaca","category-prima-pagina"],"yoast_head":"<!-- This site is optimized with the Yoast SEO plugin v28.4 - https:\/\/yoast.com\/product\/yoast-seo-wordpress\/ -->\n<title>Calalzo di Cadore dichiara l&#039;emergenza climatica. De Carlo: &quot;Tutti dobbiamo fare qualcosa per lasciare ai nostri figli un mondo migliore&quot; - Bellunopress - Dolomiti<\/title>\n<meta name=\"robots\" content=\"index, follow, max-snippet:-1, max-image-preview:large, max-video-preview:-1\" \/>\n<link rel=\"canonical\" href=\"https:\/\/www.bellunopress.it\/fr\/2019\/10\/02\/calalzo-di-cadore-dichiara-lemergenza-climatica-de-carlo-tutti-dobbiamo-fare-qualcosa-per-lasciare-ai-nostri-figli-un-mondo-migliore\/\" \/>\n<meta property=\"og:locale\" content=\"fr_FR\" \/>\n<meta property=\"og:type\" content=\"article\" \/>\n<meta property=\"og:title\" content=\"Calalzo di Cadore dichiara l&#039;emergenza climatica. De Carlo: &quot;Tutti dobbiamo fare qualcosa per lasciare ai nostri figli un mondo migliore&quot; - Bellunopress - Dolomiti\" \/>\n<meta property=\"og:description\" content=\"Nel corso della seduta di giunta di luned\u00ec, l&#8217;amministrazione comunale di Calalzo di Cadore ha deliberato la &#8220;Dichiarazione di emergenza climatica&#8221;, un atto di sensibilizzazione rivolto alle istituzioni locali, regionali e nazionali per sostenere azioni contro il rischio di surriscaldamento climatico. &#8220;L&#8217;ambiente per noi \u00e8 sempre stato e resta una priorit\u00e0&#8221;, commenta il sindaco Luca [&hellip;]\" \/>\n<meta property=\"og:url\" content=\"https:\/\/www.bellunopress.it\/fr\/2019\/10\/02\/calalzo-di-cadore-dichiara-lemergenza-climatica-de-carlo-tutti-dobbiamo-fare-qualcosa-per-lasciare-ai-nostri-figli-un-mondo-migliore\/\" \/>\n<meta property=\"og:site_name\" content=\"Bellunopress - Dolomiti\" \/>\n<meta property=\"article:publisher\" content=\"https:\/\/www.facebook.com\/profile.php?id=100008943462799\" \/>\n<meta property=\"article:published_time\" content=\"2019-10-02T14:22:40+00:00\" \/>\n<meta property=\"og:image\" content=\"http:\/\/www.bellunopress.it\/wp-content\/uploads\/2018\/04\/Luca-De-Carlo.jpg\" \/>\n<meta name=\"author\" content=\"redazione\" \/>\n<meta name=\"twitter:card\" content=\"summary_large_image\" \/>\n<meta name=\"twitter:creator\" content=\"@bellunopress\" \/>\n<meta name=\"twitter:site\" content=\"@bellunopress\" \/>\n<meta name=\"twitter:label1\" content=\"\u00c9crit par\" \/>\n\t<meta name=\"twitter:data1\" content=\"redazione\" \/>\n\t<meta name=\"twitter:label2\" content=\"Dur\u00e9e de lecture estim\u00e9e\" \/>\n\t<meta name=\"twitter:data2\" content=\"1 minute\" \/>\n<script type=\"application\/ld+json\" class=\"yoast-schema-graph\">{\"@context\":\"https:\\\/\\\/schema.org\",\"@graph\":[{\"@type\":\"Article\",\"@id\":\"https:\\\/\\\/www.bellunopress.it\\\/2019\\\/10\\\/02\\\/calalzo-di-cadore-dichiara-lemergenza-climatica-de-carlo-tutti-dobbiamo-fare-qualcosa-per-lasciare-ai-nostri-figli-un-mondo-migliore\\\/#article\",\"isPartOf\":{\"@id\":\"https:\\\/\\\/www.bellunopress.it\\\/2019\\\/10\\\/02\\\/calalzo-di-cadore-dichiara-lemergenza-climatica-de-carlo-tutti-dobbiamo-fare-qualcosa-per-lasciare-ai-nostri-figli-un-mondo-migliore\\\/\"},\"author\":{\"name\":\"redazione\",\"@id\":\"https:\\\/\\\/www.bellunopress.it\\\/#\\\/schema\\\/person\\\/79bb06722b37ece1c03d3e94beb30d73\"},\"headline\":\"Calalzo di Cadore dichiara l&#8217;emergenza climatica. De Carlo: &#8220;Tutti dobbiamo fare qualcosa per lasciare ai nostri figli un mondo migliore&#8221;\",\"datePublished\":\"2019-10-02T14:22:40+00:00\",\"mainEntityOfPage\":{\"@id\":\"https:\\\/\\\/www.bellunopress.it\\\/2019\\\/10\\\/02\\\/calalzo-di-cadore-dichiara-lemergenza-climatica-de-carlo-tutti-dobbiamo-fare-qualcosa-per-lasciare-ai-nostri-figli-un-mondo-migliore\\\/\"},\"wordCount\":325,\"publisher\":{\"@id\":\"https:\\\/\\\/www.bellunopress.it\\\/#organization\"},\"image\":{\"@id\":\"https:\\\/\\\/www.bellunopress.it\\\/2019\\\/10\\\/02\\\/calalzo-di-cadore-dichiara-lemergenza-climatica-de-carlo-tutti-dobbiamo-fare-qualcosa-per-lasciare-ai-nostri-figli-un-mondo-migliore\\\/#primaryimage\"},\"thumbnailUrl\":\"http:\\\/\\\/www.bellunopress.it\\\/wp-content\\\/uploads\\\/2018\\\/04\\\/Luca-De-Carlo.jpg\",\"articleSection\":[\"Cronaca\\\/Politica\",\"Prima Pagina\"],\"inLanguage\":\"fr-FR\"},{\"@type\":\"WebPage\",\"@id\":\"https:\\\/\\\/www.bellunopress.it\\\/2019\\\/10\\\/02\\\/calalzo-di-cadore-dichiara-lemergenza-climatica-de-carlo-tutti-dobbiamo-fare-qualcosa-per-lasciare-ai-nostri-figli-un-mondo-migliore\\\/\",\"url\":\"https:\\\/\\\/www.bellunopress.it\\\/2019\\\/10\\\/02\\\/calalzo-di-cadore-dichiara-lemergenza-climatica-de-carlo-tutti-dobbiamo-fare-qualcosa-per-lasciare-ai-nostri-figli-un-mondo-migliore\\\/\",\"name\":\"Calalzo di Cadore dichiara l'emergenza climatica. De Carlo: \\\"Tutti dobbiamo fare qualcosa per lasciare ai nostri figli un mondo migliore\\\" - Bellunopress - Dolomiti\",\"isPartOf\":{\"@id\":\"https:\\\/\\\/www.bellunopress.it\\\/#website\"},\"primaryImageOfPage\":{\"@id\":\"https:\\\/\\\/www.bellunopress.it\\\/2019\\\/10\\\/02\\\/calalzo-di-cadore-dichiara-lemergenza-climatica-de-carlo-tutti-dobbiamo-fare-qualcosa-per-lasciare-ai-nostri-figli-un-mondo-migliore\\\/#primaryimage\"},\"image\":{\"@id\":\"https:\\\/\\\/www.bellunopress.it\\\/2019\\\/10\\\/02\\\/calalzo-di-cadore-dichiara-lemergenza-climatica-de-carlo-tutti-dobbiamo-fare-qualcosa-per-lasciare-ai-nostri-figli-un-mondo-migliore\\\/#primaryimage\"},\"thumbnailUrl\":\"http:\\\/\\\/www.bellunopress.it\\\/wp-content\\\/uploads\\\/2018\\\/04\\\/Luca-De-Carlo.jpg\",\"datePublished\":\"2019-10-02T14:22:40+00:00\",\"breadcrumb\":{\"@id\":\"https:\\\/\\\/www.bellunopress.it\\\/2019\\\/10\\\/02\\\/calalzo-di-cadore-dichiara-lemergenza-climatica-de-carlo-tutti-dobbiamo-fare-qualcosa-per-lasciare-ai-nostri-figli-un-mondo-migliore\\\/#breadcrumb\"},\"inLanguage\":\"fr-FR\",\"potentialAction\":[{\"@type\":\"ReadAction\",\"target\":[\"https:\\\/\\\/www.bellunopress.it\\\/2019\\\/10\\\/02\\\/calalzo-di-cadore-dichiara-lemergenza-climatica-de-carlo-tutti-dobbiamo-fare-qualcosa-per-lasciare-ai-nostri-figli-un-mondo-migliore\\\/\"]}]},{\"@type\":\"ImageObject\",\"inLanguage\":\"fr-FR\",\"@id\":\"https:\\\/\\\/www.bellunopress.it\\\/2019\\\/10\\\/02\\\/calalzo-di-cadore-dichiara-lemergenza-climatica-de-carlo-tutti-dobbiamo-fare-qualcosa-per-lasciare-ai-nostri-figli-un-mondo-migliore\\\/#primaryimage\",\"url\":\"http:\\\/\\\/www.bellunopress.it\\\/wp-content\\\/uploads\\\/2018\\\/04\\\/Luca-De-Carlo.jpg\",\"contentUrl\":\"http:\\\/\\\/www.bellunopress.it\\\/wp-content\\\/uploads\\\/2018\\\/04\\\/Luca-De-Carlo.jpg\"},{\"@type\":\"BreadcrumbList\",\"@id\":\"https:\\\/\\\/www.bellunopress.it\\\/2019\\\/10\\\/02\\\/calalzo-di-cadore-dichiara-lemergenza-climatica-de-carlo-tutti-dobbiamo-fare-qualcosa-per-lasciare-ai-nostri-figli-un-mondo-migliore\\\/#breadcrumb\",\"itemListElement\":[{\"@type\":\"ListItem\",\"position\":1,\"name\":\"Home\",\"item\":\"https:\\\/\\\/www.bellunopress.it\\\/\"},{\"@type\":\"ListItem\",\"position\":2,\"name\":\"Calalzo di Cadore dichiara l&#8217;emergenza climatica. De Carlo: &#8220;Tutti dobbiamo fare qualcosa per lasciare ai nostri figli un mondo migliore&#8221;\"}]},{\"@type\":\"WebSite\",\"@id\":\"https:\\\/\\\/www.bellunopress.it\\\/#website\",\"url\":\"https:\\\/\\\/www.bellunopress.it\\\/\",\"name\":\"Bellunopress - Dolomiti\",\"description\":\"e-mail: redazione@bellunopress.it\",\"publisher\":{\"@id\":\"https:\\\/\\\/www.bellunopress.it\\\/#organization\"},\"potentialAction\":[{\"@type\":\"SearchAction\",\"target\":{\"@type\":\"EntryPoint\",\"urlTemplate\":\"https:\\\/\\\/www.bellunopress.it\\\/?s={search_term_string}\"},\"query-input\":{\"@type\":\"PropertyValueSpecification\",\"valueRequired\":true,\"valueName\":\"search_term_string\"}}],\"inLanguage\":\"fr-FR\"},{\"@type\":\"Organization\",\"@id\":\"https:\\\/\\\/www.bellunopress.it\\\/#organization\",\"name\":\"Bellunopress\",\"url\":\"https:\\\/\\\/www.bellunopress.it\\\/\",\"logo\":{\"@type\":\"ImageObject\",\"inLanguage\":\"fr-FR\",\"@id\":\"https:\\\/\\\/www.bellunopress.it\\\/#\\\/schema\\\/logo\\\/image\\\/\",\"url\":\"https:\\\/\\\/www.bellunopress.it\\\/wp-content\\\/uploads\\\/2011\\\/05\\\/cropped-logo-bellunopress-.jpg\",\"contentUrl\":\"https:\\\/\\\/www.bellunopress.it\\\/wp-content\\\/uploads\\\/2011\\\/05\\\/cropped-logo-bellunopress-.jpg\",\"width\":512,\"height\":512,\"caption\":\"Bellunopress\"},\"image\":{\"@id\":\"https:\\\/\\\/www.bellunopress.it\\\/#\\\/schema\\\/logo\\\/image\\\/\"},\"sameAs\":[\"https:\\\/\\\/www.facebook.com\\\/profile.php?id=100008943462799\",\"https:\\\/\\\/x.com\\\/bellunopress\",\"https:\\\/\\\/www.linkedin.com\\\/hp\\\/?dnr=JBzUWaJfMUw8vbXJJ2tVW5-I3jZKvC4wsoxE&amp;amp;amp;amp;amp;amp;trk=nav_responsive_tab_home\",\"https:\\\/\\\/www.youtube.com\\\/channel\\\/UCxL0wu1uN0_3_7hGG0306cw\"]},{\"@type\":\"Person\",\"@id\":\"https:\\\/\\\/www.bellunopress.it\\\/#\\\/schema\\\/person\\\/79bb06722b37ece1c03d3e94beb30d73\",\"name\":\"redazione\",\"image\":{\"@type\":\"ImageObject\",\"inLanguage\":\"fr-FR\",\"@id\":\"https:\\\/\\\/secure.gravatar.com\\\/avatar\\\/37d968a2e67a6fd04c169c4bdef102d0bc5d31b2546345219e348575eb80e9a0?s=96&d=mm&r=g\",\"url\":\"https:\\\/\\\/secure.gravatar.com\\\/avatar\\\/37d968a2e67a6fd04c169c4bdef102d0bc5d31b2546345219e348575eb80e9a0?s=96&d=mm&r=g\",\"contentUrl\":\"https:\\\/\\\/secure.gravatar.com\\\/avatar\\\/37d968a2e67a6fd04c169c4bdef102d0bc5d31b2546345219e348575eb80e9a0?s=96&d=mm&r=g\",\"caption\":\"redazione\"},\"sameAs\":[\"http:\\\/\\\/www.bellunopress.it\",\"https:\\\/\\\/x.com\\\/bellunopress\"],\"url\":\"https:\\\/\\\/www.bellunopress.it\\\/fr\\\/author\\\/redazione\\\/\"}]}<\/script>\n<!-- \/ Yoast SEO plugin. -->","yoast_head_json":{"title":"Calalzo di Cadore dichiara l'emergenza climatica. De Carlo: \"Tutti dobbiamo fare qualcosa per lasciare ai nostri figli un mondo migliore\" - Bellunopress - Dolomiti","robots":{"index":"index","follow":"follow","max-snippet":"max-snippet:-1","max-image-preview":"max-image-preview:large","max-video-preview":"max-video-preview:-1"},"canonical":"https:\/\/www.bellunopress.it\/fr\/2019\/10\/02\/calalzo-di-cadore-dichiara-lemergenza-climatica-de-carlo-tutti-dobbiamo-fare-qualcosa-per-lasciare-ai-nostri-figli-un-mondo-migliore\/","og_locale":"fr_FR","og_type":"article","og_title":"Calalzo di Cadore dichiara l'emergenza climatica. De Carlo: \"Tutti dobbiamo fare qualcosa per lasciare ai nostri figli un mondo migliore\" - Bellunopress - Dolomiti","og_description":"Nel corso della seduta di giunta di luned\u00ec, l&#8217;amministrazione comunale di Calalzo di Cadore ha deliberato la &#8220;Dichiarazione di emergenza climatica&#8221;, un atto di sensibilizzazione rivolto alle istituzioni locali, regionali e nazionali per sostenere azioni contro il rischio di surriscaldamento climatico. &#8220;L&#8217;ambiente per noi \u00e8 sempre stato e resta una priorit\u00e0&#8221;, commenta il sindaco Luca [&hellip;]","og_url":"https:\/\/www.bellunopress.it\/fr\/2019\/10\/02\/calalzo-di-cadore-dichiara-lemergenza-climatica-de-carlo-tutti-dobbiamo-fare-qualcosa-per-lasciare-ai-nostri-figli-un-mondo-migliore\/","og_site_name":"Bellunopress - Dolomiti","article_publisher":"https:\/\/www.facebook.com\/profile.php?id=100008943462799","article_published_time":"2019-10-02T14:22:40+00:00","og_image":[{"url":"http:\/\/www.bellunopress.it\/wp-content\/uploads\/2018\/04\/Luca-De-Carlo.jpg","type":"","width":"","height":""}],"author":"redazione","twitter_card":"summary_large_image","twitter_creator":"@bellunopress","twitter_site":"@bellunopress","twitter_misc":{"\u00c9crit par":"redazione","Dur\u00e9e de lecture estim\u00e9e":"1 minute"},"schema":{"@context":"https:\/\/schema.org","@graph":[{"@type":"Article","@id":"https:\/\/www.bellunopress.it\/2019\/10\/02\/calalzo-di-cadore-dichiara-lemergenza-climatica-de-carlo-tutti-dobbiamo-fare-qualcosa-per-lasciare-ai-nostri-figli-un-mondo-migliore\/#article","isPartOf":{"@id":"https:\/\/www.bellunopress.it\/2019\/10\/02\/calalzo-di-cadore-dichiara-lemergenza-climatica-de-carlo-tutti-dobbiamo-fare-qualcosa-per-lasciare-ai-nostri-figli-un-mondo-migliore\/"},"author":{"name":"redazione","@id":"https:\/\/www.bellunopress.it\/#\/schema\/person\/79bb06722b37ece1c03d3e94beb30d73"},"headline":"Calalzo di Cadore dichiara l&#8217;emergenza climatica. De Carlo: &#8220;Tutti dobbiamo fare qualcosa per lasciare ai nostri figli un mondo migliore&#8221;","datePublished":"2019-10-02T14:22:40+00:00","mainEntityOfPage":{"@id":"https:\/\/www.bellunopress.it\/2019\/10\/02\/calalzo-di-cadore-dichiara-lemergenza-climatica-de-carlo-tutti-dobbiamo-fare-qualcosa-per-lasciare-ai-nostri-figli-un-mondo-migliore\/"},"wordCount":325,"publisher":{"@id":"https:\/\/www.bellunopress.it\/#organization"},"image":{"@id":"https:\/\/www.bellunopress.it\/2019\/10\/02\/calalzo-di-cadore-dichiara-lemergenza-climatica-de-carlo-tutti-dobbiamo-fare-qualcosa-per-lasciare-ai-nostri-figli-un-mondo-migliore\/#primaryimage"},"thumbnailUrl":"http:\/\/www.bellunopress.it\/wp-content\/uploads\/2018\/04\/Luca-De-Carlo.jpg","articleSection":["Cronaca\/Politica","Prima Pagina"],"inLanguage":"fr-FR"},{"@type":"WebPage","@id":"https:\/\/www.bellunopress.it\/2019\/10\/02\/calalzo-di-cadore-dichiara-lemergenza-climatica-de-carlo-tutti-dobbiamo-fare-qualcosa-per-lasciare-ai-nostri-figli-un-mondo-migliore\/","url":"https:\/\/www.bellunopress.it\/2019\/10\/02\/calalzo-di-cadore-dichiara-lemergenza-climatica-de-carlo-tutti-dobbiamo-fare-qualcosa-per-lasciare-ai-nostri-figli-un-mondo-migliore\/","name":"Calalzo di Cadore dichiara l'emergenza climatica. De Carlo: \"Tutti dobbiamo fare qualcosa per lasciare ai nostri figli un mondo migliore\" - Bellunopress - Dolomiti","isPartOf":{"@id":"https:\/\/www.bellunopress.it\/#website"},"primaryImageOfPage":{"@id":"https:\/\/www.bellunopress.it\/2019\/10\/02\/calalzo-di-cadore-dichiara-lemergenza-climatica-de-carlo-tutti-dobbiamo-fare-qualcosa-per-lasciare-ai-nostri-figli-un-mondo-migliore\/#primaryimage"},"image":{"@id":"https:\/\/www.bellunopress.it\/2019\/10\/02\/calalzo-di-cadore-dichiara-lemergenza-climatica-de-carlo-tutti-dobbiamo-fare-qualcosa-per-lasciare-ai-nostri-figli-un-mondo-migliore\/#primaryimage"},"thumbnailUrl":"http:\/\/www.bellunopress.it\/wp-content\/uploads\/2018\/04\/Luca-De-Carlo.jpg","datePublished":"2019-10-02T14:22:40+00:00","breadcrumb":{"@id":"https:\/\/www.bellunopress.it\/2019\/10\/02\/calalzo-di-cadore-dichiara-lemergenza-climatica-de-carlo-tutti-dobbiamo-fare-qualcosa-per-lasciare-ai-nostri-figli-un-mondo-migliore\/#breadcrumb"},"inLanguage":"fr-FR","potentialAction":[{"@type":"ReadAction","target":["https:\/\/www.bellunopress.it\/2019\/10\/02\/calalzo-di-cadore-dichiara-lemergenza-climatica-de-carlo-tutti-dobbiamo-fare-qualcosa-per-lasciare-ai-nostri-figli-un-mondo-migliore\/"]}]},{"@type":"ImageObject","inLanguage":"fr-FR","@id":"https:\/\/www.bellunopress.it\/2019\/10\/02\/calalzo-di-cadore-dichiara-lemergenza-climatica-de-carlo-tutti-dobbiamo-fare-qualcosa-per-lasciare-ai-nostri-figli-un-mondo-migliore\/#primaryimage","url":"http:\/\/www.bellunopress.it\/wp-content\/uploads\/2018\/04\/Luca-De-Carlo.jpg","contentUrl":"http:\/\/www.bellunopress.it\/wp-content\/uploads\/2018\/04\/Luca-De-Carlo.jpg"},{"@type":"BreadcrumbList","@id":"https:\/\/www.bellunopress.it\/2019\/10\/02\/calalzo-di-cadore-dichiara-lemergenza-climatica-de-carlo-tutti-dobbiamo-fare-qualcosa-per-lasciare-ai-nostri-figli-un-mondo-migliore\/#breadcrumb","itemListElement":[{"@type":"ListItem","position":1,"name":"Home","item":"https:\/\/www.bellunopress.it\/"},{"@type":"ListItem","position":2,"name":"Calalzo di Cadore dichiara l&#8217;emergenza climatica. De Carlo: &#8220;Tutti dobbiamo fare qualcosa per lasciare ai nostri figli un mondo migliore&#8221;"}]},{"@type":"WebSite","@id":"https:\/\/www.bellunopress.it\/#website","url":"https:\/\/www.bellunopress.it\/","name":"Bellunopress - Dolomiti","description":"e-mail: redazione@bellunopress.it","publisher":{"@id":"https:\/\/www.bellunopress.it\/#organization"},"potentialAction":[{"@type":"SearchAction","target":{"@type":"EntryPoint","urlTemplate":"https:\/\/www.bellunopress.it\/?s={search_term_string}"},"query-input":{"@type":"PropertyValueSpecification","valueRequired":true,"valueName":"search_term_string"}}],"inLanguage":"fr-FR"},{"@type":"Organization","@id":"https:\/\/www.bellunopress.it\/#organization","name":"Bellunopress","url":"https:\/\/www.bellunopress.it\/","logo":{"@type":"ImageObject","inLanguage":"fr-FR","@id":"https:\/\/www.bellunopress.it\/#\/schema\/logo\/image\/","url":"https:\/\/www.bellunopress.it\/wp-content\/uploads\/2011\/05\/cropped-logo-bellunopress-.jpg","contentUrl":"https:\/\/www.bellunopress.it\/wp-content\/uploads\/2011\/05\/cropped-logo-bellunopress-.jpg","width":512,"height":512,"caption":"Bellunopress"},"image":{"@id":"https:\/\/www.bellunopress.it\/#\/schema\/logo\/image\/"},"sameAs":["https:\/\/www.facebook.com\/profile.php?id=100008943462799","https:\/\/x.com\/bellunopress","https:\/\/www.linkedin.com\/hp\/?dnr=JBzUWaJfMUw8vbXJJ2tVW5-I3jZKvC4wsoxE&amp;amp;amp;amp;amp;amp;trk=nav_responsive_tab_home","https:\/\/www.youtube.com\/channel\/UCxL0wu1uN0_3_7hGG0306cw"]},{"@type":"Person","@id":"https:\/\/www.bellunopress.it\/#\/schema\/person\/79bb06722b37ece1c03d3e94beb30d73","name":"r\u00e9daction","image":{"@type":"ImageObject","inLanguage":"fr-FR","@id":"https:\/\/secure.gravatar.com\/avatar\/37d968a2e67a6fd04c169c4bdef102d0bc5d31b2546345219e348575eb80e9a0?s=96&d=mm&r=g","url":"https:\/\/secure.gravatar.com\/avatar\/37d968a2e67a6fd04c169c4bdef102d0bc5d31b2546345219e348575eb80e9a0?s=96&d=mm&r=g","contentUrl":"https:\/\/secure.gravatar.com\/avatar\/37d968a2e67a6fd04c169c4bdef102d0bc5d31b2546345219e348575eb80e9a0?s=96&d=mm&r=g","caption":"redazione"},"sameAs":["http:\/\/www.bellunopress.it","https:\/\/x.com\/bellunopress"],"url":"https:\/\/www.bellunopress.it\/fr\/author\/redazione\/"}]}},"_links":{"self":[{"href":"https:\/\/www.bellunopress.it\/fr\/wp-json\/wp\/v2\/posts\/108417","targetHints":{"allow":["GET"]}}],"collection":[{"href":"https:\/\/www.bellunopress.it\/fr\/wp-json\/wp\/v2\/posts"}],"about":[{"href":"https:\/\/www.bellunopress.it\/fr\/wp-json\/wp\/v2\/types\/post"}],"author":[{"embeddable":true,"href":"https:\/\/www.bellunopress.it\/fr\/wp-json\/wp\/v2\/users\/2"}],"replies":[{"embeddable":true,"href":"https:\/\/www.bellunopress.it\/fr\/wp-json\/wp\/v2\/comments?post=108417"}],"version-history":[{"count":1,"href":"https:\/\/www.bellunopress.it\/fr\/wp-json\/wp\/v2\/posts\/108417\/revisions"}],"predecessor-version":[{"id":108418,"href":"https:\/\/www.bellunopress.it\/fr\/wp-json\/wp\/v2\/posts\/108417\/revisions\/108418"}],"wp:attachment":[{"href":"https:\/\/www.bellunopress.it\/fr\/wp-json\/wp\/v2\/media?parent=108417"}],"wp:term":[{"taxonomy":"category","embeddable":true,"href":"https:\/\/www.bellunopress.it\/fr\/wp-json\/wp\/v2\/categories?post=108417"},{"taxonomy":"post_tag","embeddable":true,"href":"https:\/\/www.bellunopress.it\/fr\/wp-json\/wp\/v2\/tags?post=108417"}],"curies":[{"name":"wp","href":"https:\/\/api.w.org\/{rel}","templated":true}]}}