{"id":108409,"date":"2019-10-02T15:02:22","date_gmt":"2019-10-02T13:02:22","guid":{"rendered":"http:\/\/www.bellunopress.it\/?p=108409"},"modified":"2019-10-02T15:02:22","modified_gmt":"2019-10-02T13:02:22","slug":"kristian-ghedina-scia-a-copenhill-sul-tetto-dellimpianto-cittadino-di-copenaghen","status":"publish","type":"post","link":"https:\/\/www.bellunopress.it\/fr\/2019\/10\/02\/kristian-ghedina-scia-a-copenhill-sul-tetto-dellimpianto-cittadino-di-copenaghen\/","title":{"rendered":"Kristian Ghedina scia a Copenhill, sul tetto dell&#8217;impianto cittadino di Copenaghen"},"content":{"rendered":"<p><strong><a href=\"http:\/\/www.bellunopress.it\/fr\/2009\/09\/17\/valtempo-chiude-le-celebrazioni-dei-100-anni-di-strada-delle-dolomiti-con-i-suoi-esclusivi-cronografi\/ghedina\/\" rel=\"attachment wp-att-8180\"><img loading=\"lazy\" decoding=\"async\" class=\"alignleft size-full wp-image-8180\" src=\"http:\/\/www.bellunopress.it\/wp-content\/uploads\/2009\/09\/ghedina.jpg\" alt=\"\" width=\"280\" height=\"187\" \/><\/a>L&#8217;Ambassador dei prossimi Campionati del Mondo &#8220;tester\u00e0&#8221; la pista a due passi dal centro della Capitale danese. Grande interesse di Fondazione per le soluzioni infrastrutturali innovative ed ecosostenibili.<\/strong><\/p>\n<p>Il posto pi\u00f9 originale dove sciare? Lo sperimenter\u00e0 Kristian Ghedina, Ambassador di Fondazione Cortina 2021, venerd\u00ec 4 ottobre partecipando al Grand Opening di Amager Bakke \u2013 Copenhill, la pista da sci costruita sul tetto del pi\u00f9 grande termovalorizzatore al mondo, a due passi dal centro di Copenaghen.<\/p>\n<p>Alto 90 metri, lungo 400 e dotato di una pendenza massima del 45% nel tratto iniziale, il tracciato \u2013 costruito in materiale sintetico prodotto dall&#8217;azienda bergamasca Neveplast \u2013 rappresenta il primo impianto sciistico della capitale danese, nonch\u00e9 il primo dove sar\u00e0 possibile sciare 365 giorni all&#8217;anno a soli 10 minuti dal centro di una capitale e a 15 minuti da un aeroporto internazionale.<\/p>\n<p>L&#8217;impianto \u00e8 stato costruito sopra la nuova centrale termoelettrica disegnata dall&#8217;archistar Bjarke Ingels. Lo sviluppo della pista \u00e8 stato progettato insieme alla Federazione sciistica della Danimarca, che ha testato diverse soluzioni in tutto il mondo prima di selezionare, tra i produttori di piste da sci artificiali, Neveplast. Per raggiungere la sommit\u00e0 dell&#8217;impianto, dove \u00e8 stato riprodotto un intero ambiente alpino, si dovr\u00e0 prendere un ascensore panoramico che attraversa l&#8217;edificio dall&#8217; interno con vista sull&#8217;impianto in lavorazione.<\/p>\n<p>A &#8220;testare&#8221; la pista nel giorno dell&#8217;inaugurazione, con i colori di Cortina 2021, sar\u00e0 proprio Kristian Ghedina, l&#8217;amatissimo discesista italiano e volto internazionale dei prossimi Campionati del Mondo di sci alpino, invitato da Neveplast per l&#8217;occasione. Una partecipazione che conferma il grande interesse di Cortina 2021 nei confronti delle nuove frontiere degli sport invernali e delle soluzioni infrastrutturali innovative ed ecosostenibili. E che rappresenta un&#8217;altra tappa nel cammino di avvicinamento al grande evento iridato del 2021 che, a marzo dell&#8217;anno prossimo, vedr\u00e0 anche il prestigioso appuntamento con le finali di Coppa del Mondo di sci alpino 2020 a Cortina.<\/p>","protected":false},"excerpt":{"rendered":"<p>L&#8217;Ambassador dei prossimi Campionati del Mondo &#8220;tester\u00e0&#8221; la pista a due passi dal centro della Capitale danese. Grande interesse di Fondazione per le soluzioni infrastrutturali innovative ed ecosostenibili. Il posto pi\u00f9 originale dove sciare? Lo sperimenter\u00e0 Kristian Ghedina, Ambassador di Fondazione Cortina 2021, venerd\u00ec 4 ottobre partecipando al Grand Opening di Amager Bakke \u2013 Copenhill, [&hellip;]<\/p>\n","protected":false},"author":2,"featured_media":0,"comment_status":"closed","ping_status":"open","sticky":false,"template":"","format":"standard","meta":{"footnotes":""},"categories":[36,26,4],"tags":[],"class_list":["post-108409","post","type-post","status-publish","format-standard","category-lavoro-economia","category-prima-pagina","category-sport"],"yoast_head":"<!-- This site is optimized with the Yoast SEO plugin v28.4 - https:\/\/yoast.com\/product\/yoast-seo-wordpress\/ -->\n<title>Kristian Ghedina scia a Copenhill, sul tetto dell&#039;impianto cittadino di Copenaghen - Bellunopress - Dolomiti<\/title>\n<meta name=\"robots\" content=\"index, follow, max-snippet:-1, max-image-preview:large, max-video-preview:-1\" \/>\n<link rel=\"canonical\" href=\"https:\/\/www.bellunopress.it\/fr\/2019\/10\/02\/kristian-ghedina-scia-a-copenhill-sul-tetto-dellimpianto-cittadino-di-copenaghen\/\" \/>\n<meta property=\"og:locale\" content=\"fr_FR\" \/>\n<meta property=\"og:type\" content=\"article\" \/>\n<meta property=\"og:title\" content=\"Kristian Ghedina scia a Copenhill, sul tetto dell&#039;impianto cittadino di Copenaghen - Bellunopress - Dolomiti\" \/>\n<meta property=\"og:description\" content=\"L&#8217;Ambassador dei prossimi Campionati del Mondo &#8220;tester\u00e0&#8221; la pista a due passi dal centro della Capitale danese. Grande interesse di Fondazione per le soluzioni infrastrutturali innovative ed ecosostenibili. Il posto pi\u00f9 originale dove sciare? Lo sperimenter\u00e0 Kristian Ghedina, Ambassador di Fondazione Cortina 2021, venerd\u00ec 4 ottobre partecipando al Grand Opening di Amager Bakke \u2013 Copenhill, [&hellip;]\" \/>\n<meta property=\"og:url\" content=\"https:\/\/www.bellunopress.it\/fr\/2019\/10\/02\/kristian-ghedina-scia-a-copenhill-sul-tetto-dellimpianto-cittadino-di-copenaghen\/\" \/>\n<meta property=\"og:site_name\" content=\"Bellunopress - Dolomiti\" \/>\n<meta property=\"article:publisher\" content=\"https:\/\/www.facebook.com\/profile.php?id=100008943462799\" \/>\n<meta property=\"article:published_time\" content=\"2019-10-02T13:02:22+00:00\" \/>\n<meta property=\"og:image\" content=\"http:\/\/www.bellunopress.it\/wp-content\/uploads\/2009\/09\/ghedina.jpg\" \/>\n<meta name=\"author\" content=\"redazione\" \/>\n<meta name=\"twitter:card\" content=\"summary_large_image\" \/>\n<meta name=\"twitter:creator\" content=\"@bellunopress\" \/>\n<meta name=\"twitter:site\" content=\"@bellunopress\" \/>\n<meta name=\"twitter:label1\" content=\"\u00c9crit par\" \/>\n\t<meta name=\"twitter:data1\" content=\"redazione\" \/>\n\t<meta name=\"twitter:label2\" content=\"Dur\u00e9e de lecture estim\u00e9e\" \/>\n\t<meta name=\"twitter:data2\" content=\"1 minute\" \/>\n<script type=\"application\/ld+json\" class=\"yoast-schema-graph\">{\"@context\":\"https:\\\/\\\/schema.org\",\"@graph\":[{\"@type\":\"Article\",\"@id\":\"https:\\\/\\\/www.bellunopress.it\\\/2019\\\/10\\\/02\\\/kristian-ghedina-scia-a-copenhill-sul-tetto-dellimpianto-cittadino-di-copenaghen\\\/#article\",\"isPartOf\":{\"@id\":\"https:\\\/\\\/www.bellunopress.it\\\/2019\\\/10\\\/02\\\/kristian-ghedina-scia-a-copenhill-sul-tetto-dellimpianto-cittadino-di-copenaghen\\\/\"},\"author\":{\"name\":\"redazione\",\"@id\":\"https:\\\/\\\/www.bellunopress.it\\\/#\\\/schema\\\/person\\\/79bb06722b37ece1c03d3e94beb30d73\"},\"headline\":\"Kristian Ghedina scia a Copenhill, sul tetto dell&#8217;impianto cittadino di Copenaghen\",\"datePublished\":\"2019-10-02T13:02:22+00:00\",\"mainEntityOfPage\":{\"@id\":\"https:\\\/\\\/www.bellunopress.it\\\/2019\\\/10\\\/02\\\/kristian-ghedina-scia-a-copenhill-sul-tetto-dellimpianto-cittadino-di-copenaghen\\\/\"},\"wordCount\":320,\"publisher\":{\"@id\":\"https:\\\/\\\/www.bellunopress.it\\\/#organization\"},\"image\":{\"@id\":\"https:\\\/\\\/www.bellunopress.it\\\/2019\\\/10\\\/02\\\/kristian-ghedina-scia-a-copenhill-sul-tetto-dellimpianto-cittadino-di-copenaghen\\\/#primaryimage\"},\"thumbnailUrl\":\"http:\\\/\\\/www.bellunopress.it\\\/wp-content\\\/uploads\\\/2009\\\/09\\\/ghedina.jpg\",\"articleSection\":[\"Lavoro, Economia, Turismo\",\"Prima Pagina\",\"Sport, tempo libero\"],\"inLanguage\":\"fr-FR\"},{\"@type\":\"WebPage\",\"@id\":\"https:\\\/\\\/www.bellunopress.it\\\/2019\\\/10\\\/02\\\/kristian-ghedina-scia-a-copenhill-sul-tetto-dellimpianto-cittadino-di-copenaghen\\\/\",\"url\":\"https:\\\/\\\/www.bellunopress.it\\\/2019\\\/10\\\/02\\\/kristian-ghedina-scia-a-copenhill-sul-tetto-dellimpianto-cittadino-di-copenaghen\\\/\",\"name\":\"Kristian Ghedina scia a Copenhill, sul tetto dell'impianto cittadino di Copenaghen - Bellunopress - Dolomiti\",\"isPartOf\":{\"@id\":\"https:\\\/\\\/www.bellunopress.it\\\/#website\"},\"primaryImageOfPage\":{\"@id\":\"https:\\\/\\\/www.bellunopress.it\\\/2019\\\/10\\\/02\\\/kristian-ghedina-scia-a-copenhill-sul-tetto-dellimpianto-cittadino-di-copenaghen\\\/#primaryimage\"},\"image\":{\"@id\":\"https:\\\/\\\/www.bellunopress.it\\\/2019\\\/10\\\/02\\\/kristian-ghedina-scia-a-copenhill-sul-tetto-dellimpianto-cittadino-di-copenaghen\\\/#primaryimage\"},\"thumbnailUrl\":\"http:\\\/\\\/www.bellunopress.it\\\/wp-content\\\/uploads\\\/2009\\\/09\\\/ghedina.jpg\",\"datePublished\":\"2019-10-02T13:02:22+00:00\",\"breadcrumb\":{\"@id\":\"https:\\\/\\\/www.bellunopress.it\\\/2019\\\/10\\\/02\\\/kristian-ghedina-scia-a-copenhill-sul-tetto-dellimpianto-cittadino-di-copenaghen\\\/#breadcrumb\"},\"inLanguage\":\"fr-FR\",\"potentialAction\":[{\"@type\":\"ReadAction\",\"target\":[\"https:\\\/\\\/www.bellunopress.it\\\/2019\\\/10\\\/02\\\/kristian-ghedina-scia-a-copenhill-sul-tetto-dellimpianto-cittadino-di-copenaghen\\\/\"]}]},{\"@type\":\"ImageObject\",\"inLanguage\":\"fr-FR\",\"@id\":\"https:\\\/\\\/www.bellunopress.it\\\/2019\\\/10\\\/02\\\/kristian-ghedina-scia-a-copenhill-sul-tetto-dellimpianto-cittadino-di-copenaghen\\\/#primaryimage\",\"url\":\"http:\\\/\\\/www.bellunopress.it\\\/wp-content\\\/uploads\\\/2009\\\/09\\\/ghedina.jpg\",\"contentUrl\":\"http:\\\/\\\/www.bellunopress.it\\\/wp-content\\\/uploads\\\/2009\\\/09\\\/ghedina.jpg\"},{\"@type\":\"BreadcrumbList\",\"@id\":\"https:\\\/\\\/www.bellunopress.it\\\/2019\\\/10\\\/02\\\/kristian-ghedina-scia-a-copenhill-sul-tetto-dellimpianto-cittadino-di-copenaghen\\\/#breadcrumb\",\"itemListElement\":[{\"@type\":\"ListItem\",\"position\":1,\"name\":\"Home\",\"item\":\"https:\\\/\\\/www.bellunopress.it\\\/\"},{\"@type\":\"ListItem\",\"position\":2,\"name\":\"Kristian Ghedina scia a Copenhill, sul tetto dell&#8217;impianto cittadino di Copenaghen\"}]},{\"@type\":\"WebSite\",\"@id\":\"https:\\\/\\\/www.bellunopress.it\\\/#website\",\"url\":\"https:\\\/\\\/www.bellunopress.it\\\/\",\"name\":\"Bellunopress - Dolomiti\",\"description\":\"e-mail: redazione@bellunopress.it\",\"publisher\":{\"@id\":\"https:\\\/\\\/www.bellunopress.it\\\/#organization\"},\"potentialAction\":[{\"@type\":\"SearchAction\",\"target\":{\"@type\":\"EntryPoint\",\"urlTemplate\":\"https:\\\/\\\/www.bellunopress.it\\\/?s={search_term_string}\"},\"query-input\":{\"@type\":\"PropertyValueSpecification\",\"valueRequired\":true,\"valueName\":\"search_term_string\"}}],\"inLanguage\":\"fr-FR\"},{\"@type\":\"Organization\",\"@id\":\"https:\\\/\\\/www.bellunopress.it\\\/#organization\",\"name\":\"Bellunopress\",\"url\":\"https:\\\/\\\/www.bellunopress.it\\\/\",\"logo\":{\"@type\":\"ImageObject\",\"inLanguage\":\"fr-FR\",\"@id\":\"https:\\\/\\\/www.bellunopress.it\\\/#\\\/schema\\\/logo\\\/image\\\/\",\"url\":\"https:\\\/\\\/www.bellunopress.it\\\/wp-content\\\/uploads\\\/2011\\\/05\\\/cropped-logo-bellunopress-.jpg\",\"contentUrl\":\"https:\\\/\\\/www.bellunopress.it\\\/wp-content\\\/uploads\\\/2011\\\/05\\\/cropped-logo-bellunopress-.jpg\",\"width\":512,\"height\":512,\"caption\":\"Bellunopress\"},\"image\":{\"@id\":\"https:\\\/\\\/www.bellunopress.it\\\/#\\\/schema\\\/logo\\\/image\\\/\"},\"sameAs\":[\"https:\\\/\\\/www.facebook.com\\\/profile.php?id=100008943462799\",\"https:\\\/\\\/x.com\\\/bellunopress\",\"https:\\\/\\\/www.linkedin.com\\\/hp\\\/?dnr=JBzUWaJfMUw8vbXJJ2tVW5-I3jZKvC4wsoxE&amp;amp;amp;amp;amp;amp;trk=nav_responsive_tab_home\",\"https:\\\/\\\/www.youtube.com\\\/channel\\\/UCxL0wu1uN0_3_7hGG0306cw\"]},{\"@type\":\"Person\",\"@id\":\"https:\\\/\\\/www.bellunopress.it\\\/#\\\/schema\\\/person\\\/79bb06722b37ece1c03d3e94beb30d73\",\"name\":\"redazione\",\"image\":{\"@type\":\"ImageObject\",\"inLanguage\":\"fr-FR\",\"@id\":\"https:\\\/\\\/secure.gravatar.com\\\/avatar\\\/37d968a2e67a6fd04c169c4bdef102d0bc5d31b2546345219e348575eb80e9a0?s=96&d=mm&r=g\",\"url\":\"https:\\\/\\\/secure.gravatar.com\\\/avatar\\\/37d968a2e67a6fd04c169c4bdef102d0bc5d31b2546345219e348575eb80e9a0?s=96&d=mm&r=g\",\"contentUrl\":\"https:\\\/\\\/secure.gravatar.com\\\/avatar\\\/37d968a2e67a6fd04c169c4bdef102d0bc5d31b2546345219e348575eb80e9a0?s=96&d=mm&r=g\",\"caption\":\"redazione\"},\"sameAs\":[\"http:\\\/\\\/www.bellunopress.it\",\"https:\\\/\\\/x.com\\\/bellunopress\"],\"url\":\"https:\\\/\\\/www.bellunopress.it\\\/fr\\\/author\\\/redazione\\\/\"}]}<\/script>\n<!-- \/ Yoast SEO plugin. -->","yoast_head_json":{"title":"Kristian Ghedina scia a Copenhill, sul tetto dell'impianto cittadino di Copenaghen - Bellunopress - Dolomiti","robots":{"index":"index","follow":"follow","max-snippet":"max-snippet:-1","max-image-preview":"max-image-preview:large","max-video-preview":"max-video-preview:-1"},"canonical":"https:\/\/www.bellunopress.it\/fr\/2019\/10\/02\/kristian-ghedina-scia-a-copenhill-sul-tetto-dellimpianto-cittadino-di-copenaghen\/","og_locale":"fr_FR","og_type":"article","og_title":"Kristian Ghedina scia a Copenhill, sul tetto dell'impianto cittadino di Copenaghen - Bellunopress - Dolomiti","og_description":"L&#8217;Ambassador dei prossimi Campionati del Mondo &#8220;tester\u00e0&#8221; la pista a due passi dal centro della Capitale danese. Grande interesse di Fondazione per le soluzioni infrastrutturali innovative ed ecosostenibili. Il posto pi\u00f9 originale dove sciare? Lo sperimenter\u00e0 Kristian Ghedina, Ambassador di Fondazione Cortina 2021, venerd\u00ec 4 ottobre partecipando al Grand Opening di Amager Bakke \u2013 Copenhill, [&hellip;]","og_url":"https:\/\/www.bellunopress.it\/fr\/2019\/10\/02\/kristian-ghedina-scia-a-copenhill-sul-tetto-dellimpianto-cittadino-di-copenaghen\/","og_site_name":"Bellunopress - Dolomiti","article_publisher":"https:\/\/www.facebook.com\/profile.php?id=100008943462799","article_published_time":"2019-10-02T13:02:22+00:00","og_image":[{"url":"http:\/\/www.bellunopress.it\/wp-content\/uploads\/2009\/09\/ghedina.jpg","type":"","width":"","height":""}],"author":"redazione","twitter_card":"summary_large_image","twitter_creator":"@bellunopress","twitter_site":"@bellunopress","twitter_misc":{"\u00c9crit par":"redazione","Dur\u00e9e de lecture estim\u00e9e":"1 minute"},"schema":{"@context":"https:\/\/schema.org","@graph":[{"@type":"Article","@id":"https:\/\/www.bellunopress.it\/2019\/10\/02\/kristian-ghedina-scia-a-copenhill-sul-tetto-dellimpianto-cittadino-di-copenaghen\/#article","isPartOf":{"@id":"https:\/\/www.bellunopress.it\/2019\/10\/02\/kristian-ghedina-scia-a-copenhill-sul-tetto-dellimpianto-cittadino-di-copenaghen\/"},"author":{"name":"redazione","@id":"https:\/\/www.bellunopress.it\/#\/schema\/person\/79bb06722b37ece1c03d3e94beb30d73"},"headline":"Kristian Ghedina scia a Copenhill, sul tetto dell&#8217;impianto cittadino di Copenaghen","datePublished":"2019-10-02T13:02:22+00:00","mainEntityOfPage":{"@id":"https:\/\/www.bellunopress.it\/2019\/10\/02\/kristian-ghedina-scia-a-copenhill-sul-tetto-dellimpianto-cittadino-di-copenaghen\/"},"wordCount":320,"publisher":{"@id":"https:\/\/www.bellunopress.it\/#organization"},"image":{"@id":"https:\/\/www.bellunopress.it\/2019\/10\/02\/kristian-ghedina-scia-a-copenhill-sul-tetto-dellimpianto-cittadino-di-copenaghen\/#primaryimage"},"thumbnailUrl":"http:\/\/www.bellunopress.it\/wp-content\/uploads\/2009\/09\/ghedina.jpg","articleSection":["Lavoro, Economia, Turismo","Prima Pagina","Sport, tempo libero"],"inLanguage":"fr-FR"},{"@type":"WebPage","@id":"https:\/\/www.bellunopress.it\/2019\/10\/02\/kristian-ghedina-scia-a-copenhill-sul-tetto-dellimpianto-cittadino-di-copenaghen\/","url":"https:\/\/www.bellunopress.it\/2019\/10\/02\/kristian-ghedina-scia-a-copenhill-sul-tetto-dellimpianto-cittadino-di-copenaghen\/","name":"Kristian Ghedina scia a Copenhill, sul tetto dell'impianto cittadino di Copenaghen - Bellunopress - Dolomiti","isPartOf":{"@id":"https:\/\/www.bellunopress.it\/#website"},"primaryImageOfPage":{"@id":"https:\/\/www.bellunopress.it\/2019\/10\/02\/kristian-ghedina-scia-a-copenhill-sul-tetto-dellimpianto-cittadino-di-copenaghen\/#primaryimage"},"image":{"@id":"https:\/\/www.bellunopress.it\/2019\/10\/02\/kristian-ghedina-scia-a-copenhill-sul-tetto-dellimpianto-cittadino-di-copenaghen\/#primaryimage"},"thumbnailUrl":"http:\/\/www.bellunopress.it\/wp-content\/uploads\/2009\/09\/ghedina.jpg","datePublished":"2019-10-02T13:02:22+00:00","breadcrumb":{"@id":"https:\/\/www.bellunopress.it\/2019\/10\/02\/kristian-ghedina-scia-a-copenhill-sul-tetto-dellimpianto-cittadino-di-copenaghen\/#breadcrumb"},"inLanguage":"fr-FR","potentialAction":[{"@type":"ReadAction","target":["https:\/\/www.bellunopress.it\/2019\/10\/02\/kristian-ghedina-scia-a-copenhill-sul-tetto-dellimpianto-cittadino-di-copenaghen\/"]}]},{"@type":"ImageObject","inLanguage":"fr-FR","@id":"https:\/\/www.bellunopress.it\/2019\/10\/02\/kristian-ghedina-scia-a-copenhill-sul-tetto-dellimpianto-cittadino-di-copenaghen\/#primaryimage","url":"http:\/\/www.bellunopress.it\/wp-content\/uploads\/2009\/09\/ghedina.jpg","contentUrl":"http:\/\/www.bellunopress.it\/wp-content\/uploads\/2009\/09\/ghedina.jpg"},{"@type":"BreadcrumbList","@id":"https:\/\/www.bellunopress.it\/2019\/10\/02\/kristian-ghedina-scia-a-copenhill-sul-tetto-dellimpianto-cittadino-di-copenaghen\/#breadcrumb","itemListElement":[{"@type":"ListItem","position":1,"name":"Home","item":"https:\/\/www.bellunopress.it\/"},{"@type":"ListItem","position":2,"name":"Kristian Ghedina scia a Copenhill, sul tetto dell&#8217;impianto cittadino di Copenaghen"}]},{"@type":"WebSite","@id":"https:\/\/www.bellunopress.it\/#website","url":"https:\/\/www.bellunopress.it\/","name":"Bellunopress - Dolomiti","description":"e-mail: redazione@bellunopress.it","publisher":{"@id":"https:\/\/www.bellunopress.it\/#organization"},"potentialAction":[{"@type":"SearchAction","target":{"@type":"EntryPoint","urlTemplate":"https:\/\/www.bellunopress.it\/?s={search_term_string}"},"query-input":{"@type":"PropertyValueSpecification","valueRequired":true,"valueName":"search_term_string"}}],"inLanguage":"fr-FR"},{"@type":"Organization","@id":"https:\/\/www.bellunopress.it\/#organization","name":"Bellunopress","url":"https:\/\/www.bellunopress.it\/","logo":{"@type":"ImageObject","inLanguage":"fr-FR","@id":"https:\/\/www.bellunopress.it\/#\/schema\/logo\/image\/","url":"https:\/\/www.bellunopress.it\/wp-content\/uploads\/2011\/05\/cropped-logo-bellunopress-.jpg","contentUrl":"https:\/\/www.bellunopress.it\/wp-content\/uploads\/2011\/05\/cropped-logo-bellunopress-.jpg","width":512,"height":512,"caption":"Bellunopress"},"image":{"@id":"https:\/\/www.bellunopress.it\/#\/schema\/logo\/image\/"},"sameAs":["https:\/\/www.facebook.com\/profile.php?id=100008943462799","https:\/\/x.com\/bellunopress","https:\/\/www.linkedin.com\/hp\/?dnr=JBzUWaJfMUw8vbXJJ2tVW5-I3jZKvC4wsoxE&amp;amp;amp;amp;amp;amp;trk=nav_responsive_tab_home","https:\/\/www.youtube.com\/channel\/UCxL0wu1uN0_3_7hGG0306cw"]},{"@type":"Person","@id":"https:\/\/www.bellunopress.it\/#\/schema\/person\/79bb06722b37ece1c03d3e94beb30d73","name":"r\u00e9daction","image":{"@type":"ImageObject","inLanguage":"fr-FR","@id":"https:\/\/secure.gravatar.com\/avatar\/37d968a2e67a6fd04c169c4bdef102d0bc5d31b2546345219e348575eb80e9a0?s=96&d=mm&r=g","url":"https:\/\/secure.gravatar.com\/avatar\/37d968a2e67a6fd04c169c4bdef102d0bc5d31b2546345219e348575eb80e9a0?s=96&d=mm&r=g","contentUrl":"https:\/\/secure.gravatar.com\/avatar\/37d968a2e67a6fd04c169c4bdef102d0bc5d31b2546345219e348575eb80e9a0?s=96&d=mm&r=g","caption":"redazione"},"sameAs":["http:\/\/www.bellunopress.it","https:\/\/x.com\/bellunopress"],"url":"https:\/\/www.bellunopress.it\/fr\/author\/redazione\/"}]}},"_links":{"self":[{"href":"https:\/\/www.bellunopress.it\/fr\/wp-json\/wp\/v2\/posts\/108409","targetHints":{"allow":["GET"]}}],"collection":[{"href":"https:\/\/www.bellunopress.it\/fr\/wp-json\/wp\/v2\/posts"}],"about":[{"href":"https:\/\/www.bellunopress.it\/fr\/wp-json\/wp\/v2\/types\/post"}],"author":[{"embeddable":true,"href":"https:\/\/www.bellunopress.it\/fr\/wp-json\/wp\/v2\/users\/2"}],"replies":[{"embeddable":true,"href":"https:\/\/www.bellunopress.it\/fr\/wp-json\/wp\/v2\/comments?post=108409"}],"version-history":[{"count":1,"href":"https:\/\/www.bellunopress.it\/fr\/wp-json\/wp\/v2\/posts\/108409\/revisions"}],"predecessor-version":[{"id":108410,"href":"https:\/\/www.bellunopress.it\/fr\/wp-json\/wp\/v2\/posts\/108409\/revisions\/108410"}],"wp:attachment":[{"href":"https:\/\/www.bellunopress.it\/fr\/wp-json\/wp\/v2\/media?parent=108409"}],"wp:term":[{"taxonomy":"category","embeddable":true,"href":"https:\/\/www.bellunopress.it\/fr\/wp-json\/wp\/v2\/categories?post=108409"},{"taxonomy":"post_tag","embeddable":true,"href":"https:\/\/www.bellunopress.it\/fr\/wp-json\/wp\/v2\/tags?post=108409"}],"curies":[{"name":"wp","href":"https:\/\/api.w.org\/{rel}","templated":true}]}}