{"id":108399,"date":"2019-10-02T13:06:50","date_gmt":"2019-10-02T11:06:50","guid":{"rendered":"http:\/\/www.bellunopress.it\/?p=108399"},"modified":"2019-10-02T13:06:50","modified_gmt":"2019-10-02T11:06:50","slug":"il-codivilla-putti-di-cortina-passa-dalla-ulss-1-alla-gvm-cortina-srl-zaia-alcuni-servizi-pronti-per-i-mondiali-2021-sara-il-fiore-allocchiello-per-le-olimpiadi-2026","status":"publish","type":"post","link":"https:\/\/www.bellunopress.it\/fr\/2019\/10\/02\/il-codivilla-putti-di-cortina-passa-dalla-ulss-1-alla-gvm-cortina-srl-zaia-alcuni-servizi-pronti-per-i-mondiali-2021-sara-il-fiore-allocchiello-per-le-olimpiadi-2026\/","title":{"rendered":"Il Codivilla Putti di Cortina passa dalla Ulss 1 alla GVM Cortina Srl. Zaia: &#8220;Alcuni servizi pronti per i  mondiali 2021. Sar\u00e0 il fiore all&#8217;occhiello per le Olimpiadi 2026&#8221;"},"content":{"rendered":"<figure id=\"attachment_84583\" aria-describedby=\"caption-attachment-84583\" style=\"width: 293px\" class=\"wp-caption alignleft\"><a href=\"http:\/\/www.bellunopress.it\/fr\/2017\/02\/23\/booktherapy-lunedi-a-cortina-aldo-cazzullo-incontra-i-pazienti-del-codivilla-putti\/codivilla-putti-cortina\/\" rel=\"attachment wp-att-84583\"><img loading=\"lazy\" decoding=\"async\" class=\"size-full wp-image-84583\" src=\"http:\/\/www.bellunopress.it\/wp-content\/uploads\/2017\/02\/Codivilla-Putti-cortina.jpg\" alt=\"\" width=\"293\" height=\"191\" \/><\/a><figcaption id=\"caption-attachment-84583\" class=\"wp-caption-text\">Ospedale Codivilla Putti &#8211; Cortina<\/figcaption><\/figure>\n<p>Venezia, 2 ottobre 2019\u00a0 &#8211;\u00a0\u00a0\u201cIl rilancio non solo a livello locale, ma nazionale, dell\u2019Ospedale Codivilla Putti di Cortina \u00e8 una realt\u00e0 che procede a grandi passi. Che diranno ora i gufi che, per anni, hanno raccontato la bugia che la Regione voleva chiuderlo, anche dopo la delibera del marzo 2017 con cui definimmo il cammino che ora si concretizza? Se avessero un po\u2019 di dignit\u00e0 dovrebbero tacere per sempre\u201d.<\/p>\n<p>Con queste parole, il presidente della Regione del Veneto Luca Zaia, per lungo tempo fatto oggetto di polemiche, con tutta la Giunta, con l\u2019accusa di voler affondare la struttura sanitaria cortinese, commenta le buone notizie sull\u2019iter di rilancio, con la firma tra la Societ\u00e0 concessionaria GVM Cortina Srl e l\u2019impresa Emaprice, che d\u00e0 il via a lavori per 18 milioni di euro, da consegnare in 900 giorni.<\/p>\n<p>\u201cNon dobbiamo perdere, n\u00e9 si perder\u00e0 un minuto \u2013 aggiunge Zaia \u2013 al punto che, proprio ieri, in Giunta regionale abbiamo approvato l\u2019accreditamento a GVM Cortina Srl del Padiglione Putti, dove importanti attivit\u00e0 proseguiranno durante i lavori al Padiglione Codivilla, con 18 posti letto di medicina generale, 4 di Punto di Primo Intervento, e 12 ambulatori dedicati a tutte le pi\u00f9 importanti specialit\u00e0\u201d.<\/p>\n<p>\u201cLa soddisfazione per aver portato avanti un\u2019operazione complicatissime e delicata \u2013 prosegue il Governatore \u2013 \u00e8 purtroppo pari al dispiacere di aver dovuto assistere, mentre lavoravamo per la sanit\u00e0 cortinese del futuro, ad un susseguirsi incredibile di bugie, fake news, allarmi campati in aria che \u00e8 difficile derubricare a sola disinformazione e innescano la tentazione di pensare alla malafede\u201d.<\/p>\n<p>La \u201csvolta\u201d \u00e8 avvenuta in pochi giorni: la scorsa settimana \u00e8 stata siglata la convenzione con GVM Cortina Srl che ha assunto la gestione a partire da ieri; mercoled\u00ec scorso \u00e8 avvenuto il formale trasferimento del possesso dall\u2019Ulss 1 Dolomiti a GVM; ieri, infine, la consegna lavori.<\/p>\n<p>\u201cSta nascendo \u2013 dice Zaia non senza orgoglio \u2013 un nuovo fiore all\u2019occhiello della sanit\u00e0 veneta, con un occhio anche alle grandi manifestazioni sportive che aspettano la Regina delle Dolomiti. Parte del nuovo ospedale sar\u00e0 fruibile gi\u00e0 per i mondiali di sci del 2021, e per le Olimpiadi del 2026 atleti, delegazioni, sportivi e turisti troveranno, tra le tante cose, anche un\u2019assistenza sanitaria d\u2019eccellenza. A pochi metri dai campi di gara e dagli hotel. Una best practice mondiale. Senza contare la qualit\u00e0 dei servizi offerti e la caratterizzazione nazionale come struttura riabilitativa d\u2019eccellenza\u201d.<\/p>\n<p>&nbsp;<\/p>","protected":false},"excerpt":{"rendered":"<p>Venezia, 2 ottobre 2019\u00a0 &#8211;\u00a0\u00a0\u201cIl rilancio non solo a livello locale, ma nazionale, dell\u2019Ospedale Codivilla Putti di Cortina \u00e8 una realt\u00e0 che procede a grandi passi. Che diranno ora i gufi che, per anni, hanno raccontato la bugia che la Regione voleva chiuderlo, anche dopo la delibera del marzo 2017 con cui definimmo il cammino [&hellip;]<\/p>\n","protected":false},"author":2,"featured_media":0,"comment_status":"closed","ping_status":"open","sticky":false,"template":"","format":"standard","meta":{"footnotes":""},"categories":[5,17],"tags":[],"class_list":["post-108399","post","type-post","status-publish","format-standard","category-cronaca","category-sanita"],"yoast_head":"<!-- This site is optimized with the Yoast SEO plugin v28.4 - https:\/\/yoast.com\/product\/yoast-seo-wordpress\/ -->\n<title>Il Codivilla Putti di Cortina passa dalla Ulss 1 alla GVM Cortina Srl. Zaia: &quot;Alcuni servizi pronti per i mondiali 2021. Sar\u00e0 il fiore all&#039;occhiello per le Olimpiadi 2026&quot; - Bellunopress - Dolomiti<\/title>\n<meta name=\"robots\" content=\"index, follow, max-snippet:-1, max-image-preview:large, max-video-preview:-1\" \/>\n<link rel=\"canonical\" href=\"https:\/\/www.bellunopress.it\/fr\/2019\/10\/02\/il-codivilla-putti-di-cortina-passa-dalla-ulss-1-alla-gvm-cortina-srl-zaia-alcuni-servizi-pronti-per-i-mondiali-2021-sara-il-fiore-allocchiello-per-le-olimpiadi-2026\/\" \/>\n<meta property=\"og:locale\" content=\"fr_FR\" \/>\n<meta property=\"og:type\" content=\"article\" \/>\n<meta property=\"og:title\" content=\"Il Codivilla Putti di Cortina passa dalla Ulss 1 alla GVM Cortina Srl. Zaia: &quot;Alcuni servizi pronti per i mondiali 2021. Sar\u00e0 il fiore all&#039;occhiello per le Olimpiadi 2026&quot; - Bellunopress - Dolomiti\" \/>\n<meta property=\"og:description\" content=\"Venezia, 2 ottobre 2019\u00a0 &#8211;\u00a0\u00a0\u201cIl rilancio non solo a livello locale, ma nazionale, dell\u2019Ospedale Codivilla Putti di Cortina \u00e8 una realt\u00e0 che procede a grandi passi. Che diranno ora i gufi che, per anni, hanno raccontato la bugia che la Regione voleva chiuderlo, anche dopo la delibera del marzo 2017 con cui definimmo il cammino [&hellip;]\" \/>\n<meta property=\"og:url\" content=\"https:\/\/www.bellunopress.it\/fr\/2019\/10\/02\/il-codivilla-putti-di-cortina-passa-dalla-ulss-1-alla-gvm-cortina-srl-zaia-alcuni-servizi-pronti-per-i-mondiali-2021-sara-il-fiore-allocchiello-per-le-olimpiadi-2026\/\" \/>\n<meta property=\"og:site_name\" content=\"Bellunopress - Dolomiti\" \/>\n<meta property=\"article:publisher\" content=\"https:\/\/www.facebook.com\/profile.php?id=100008943462799\" \/>\n<meta property=\"article:published_time\" content=\"2019-10-02T11:06:50+00:00\" \/>\n<meta property=\"og:image\" content=\"http:\/\/www.bellunopress.it\/wp-content\/uploads\/2017\/02\/Codivilla-Putti-cortina.jpg\" \/>\n<meta name=\"author\" content=\"redazione\" \/>\n<meta name=\"twitter:card\" content=\"summary_large_image\" \/>\n<meta name=\"twitter:creator\" content=\"@bellunopress\" \/>\n<meta name=\"twitter:site\" content=\"@bellunopress\" \/>\n<meta name=\"twitter:label1\" content=\"\u00c9crit par\" \/>\n\t<meta name=\"twitter:data1\" content=\"redazione\" \/>\n\t<meta name=\"twitter:label2\" content=\"Dur\u00e9e de lecture estim\u00e9e\" \/>\n\t<meta name=\"twitter:data2\" content=\"2 minutes\" \/>\n<script type=\"application\/ld+json\" class=\"yoast-schema-graph\">{\"@context\":\"https:\\\/\\\/schema.org\",\"@graph\":[{\"@type\":\"Article\",\"@id\":\"https:\\\/\\\/www.bellunopress.it\\\/2019\\\/10\\\/02\\\/il-codivilla-putti-di-cortina-passa-dalla-ulss-1-alla-gvm-cortina-srl-zaia-alcuni-servizi-pronti-per-i-mondiali-2021-sara-il-fiore-allocchiello-per-le-olimpiadi-2026\\\/#article\",\"isPartOf\":{\"@id\":\"https:\\\/\\\/www.bellunopress.it\\\/2019\\\/10\\\/02\\\/il-codivilla-putti-di-cortina-passa-dalla-ulss-1-alla-gvm-cortina-srl-zaia-alcuni-servizi-pronti-per-i-mondiali-2021-sara-il-fiore-allocchiello-per-le-olimpiadi-2026\\\/\"},\"author\":{\"name\":\"redazione\",\"@id\":\"https:\\\/\\\/www.bellunopress.it\\\/#\\\/schema\\\/person\\\/79bb06722b37ece1c03d3e94beb30d73\"},\"headline\":\"Il Codivilla Putti di Cortina passa dalla Ulss 1 alla GVM Cortina Srl. Zaia: &#8220;Alcuni servizi pronti per i mondiali 2021. Sar\u00e0 il fiore all&#8217;occhiello per le Olimpiadi 2026&#8221;\",\"datePublished\":\"2019-10-02T11:06:50+00:00\",\"mainEntityOfPage\":{\"@id\":\"https:\\\/\\\/www.bellunopress.it\\\/2019\\\/10\\\/02\\\/il-codivilla-putti-di-cortina-passa-dalla-ulss-1-alla-gvm-cortina-srl-zaia-alcuni-servizi-pronti-per-i-mondiali-2021-sara-il-fiore-allocchiello-per-le-olimpiadi-2026\\\/\"},\"wordCount\":427,\"publisher\":{\"@id\":\"https:\\\/\\\/www.bellunopress.it\\\/#organization\"},\"image\":{\"@id\":\"https:\\\/\\\/www.bellunopress.it\\\/2019\\\/10\\\/02\\\/il-codivilla-putti-di-cortina-passa-dalla-ulss-1-alla-gvm-cortina-srl-zaia-alcuni-servizi-pronti-per-i-mondiali-2021-sara-il-fiore-allocchiello-per-le-olimpiadi-2026\\\/#primaryimage\"},\"thumbnailUrl\":\"http:\\\/\\\/www.bellunopress.it\\\/wp-content\\\/uploads\\\/2017\\\/02\\\/Codivilla-Putti-cortina.jpg\",\"articleSection\":[\"Cronaca\\\/Politica\",\"Sanit\u00e0 Medicina\"],\"inLanguage\":\"fr-FR\"},{\"@type\":\"WebPage\",\"@id\":\"https:\\\/\\\/www.bellunopress.it\\\/2019\\\/10\\\/02\\\/il-codivilla-putti-di-cortina-passa-dalla-ulss-1-alla-gvm-cortina-srl-zaia-alcuni-servizi-pronti-per-i-mondiali-2021-sara-il-fiore-allocchiello-per-le-olimpiadi-2026\\\/\",\"url\":\"https:\\\/\\\/www.bellunopress.it\\\/2019\\\/10\\\/02\\\/il-codivilla-putti-di-cortina-passa-dalla-ulss-1-alla-gvm-cortina-srl-zaia-alcuni-servizi-pronti-per-i-mondiali-2021-sara-il-fiore-allocchiello-per-le-olimpiadi-2026\\\/\",\"name\":\"Il Codivilla Putti di Cortina passa dalla Ulss 1 alla GVM Cortina Srl. Zaia: \\\"Alcuni servizi pronti per i mondiali 2021. Sar\u00e0 il fiore all'occhiello per le Olimpiadi 2026\\\" - Bellunopress - Dolomiti\",\"isPartOf\":{\"@id\":\"https:\\\/\\\/www.bellunopress.it\\\/#website\"},\"primaryImageOfPage\":{\"@id\":\"https:\\\/\\\/www.bellunopress.it\\\/2019\\\/10\\\/02\\\/il-codivilla-putti-di-cortina-passa-dalla-ulss-1-alla-gvm-cortina-srl-zaia-alcuni-servizi-pronti-per-i-mondiali-2021-sara-il-fiore-allocchiello-per-le-olimpiadi-2026\\\/#primaryimage\"},\"image\":{\"@id\":\"https:\\\/\\\/www.bellunopress.it\\\/2019\\\/10\\\/02\\\/il-codivilla-putti-di-cortina-passa-dalla-ulss-1-alla-gvm-cortina-srl-zaia-alcuni-servizi-pronti-per-i-mondiali-2021-sara-il-fiore-allocchiello-per-le-olimpiadi-2026\\\/#primaryimage\"},\"thumbnailUrl\":\"http:\\\/\\\/www.bellunopress.it\\\/wp-content\\\/uploads\\\/2017\\\/02\\\/Codivilla-Putti-cortina.jpg\",\"datePublished\":\"2019-10-02T11:06:50+00:00\",\"breadcrumb\":{\"@id\":\"https:\\\/\\\/www.bellunopress.it\\\/2019\\\/10\\\/02\\\/il-codivilla-putti-di-cortina-passa-dalla-ulss-1-alla-gvm-cortina-srl-zaia-alcuni-servizi-pronti-per-i-mondiali-2021-sara-il-fiore-allocchiello-per-le-olimpiadi-2026\\\/#breadcrumb\"},\"inLanguage\":\"fr-FR\",\"potentialAction\":[{\"@type\":\"ReadAction\",\"target\":[\"https:\\\/\\\/www.bellunopress.it\\\/2019\\\/10\\\/02\\\/il-codivilla-putti-di-cortina-passa-dalla-ulss-1-alla-gvm-cortina-srl-zaia-alcuni-servizi-pronti-per-i-mondiali-2021-sara-il-fiore-allocchiello-per-le-olimpiadi-2026\\\/\"]}]},{\"@type\":\"ImageObject\",\"inLanguage\":\"fr-FR\",\"@id\":\"https:\\\/\\\/www.bellunopress.it\\\/2019\\\/10\\\/02\\\/il-codivilla-putti-di-cortina-passa-dalla-ulss-1-alla-gvm-cortina-srl-zaia-alcuni-servizi-pronti-per-i-mondiali-2021-sara-il-fiore-allocchiello-per-le-olimpiadi-2026\\\/#primaryimage\",\"url\":\"http:\\\/\\\/www.bellunopress.it\\\/wp-content\\\/uploads\\\/2017\\\/02\\\/Codivilla-Putti-cortina.jpg\",\"contentUrl\":\"http:\\\/\\\/www.bellunopress.it\\\/wp-content\\\/uploads\\\/2017\\\/02\\\/Codivilla-Putti-cortina.jpg\"},{\"@type\":\"BreadcrumbList\",\"@id\":\"https:\\\/\\\/www.bellunopress.it\\\/2019\\\/10\\\/02\\\/il-codivilla-putti-di-cortina-passa-dalla-ulss-1-alla-gvm-cortina-srl-zaia-alcuni-servizi-pronti-per-i-mondiali-2021-sara-il-fiore-allocchiello-per-le-olimpiadi-2026\\\/#breadcrumb\",\"itemListElement\":[{\"@type\":\"ListItem\",\"position\":1,\"name\":\"Home\",\"item\":\"https:\\\/\\\/www.bellunopress.it\\\/\"},{\"@type\":\"ListItem\",\"position\":2,\"name\":\"Il Codivilla Putti di Cortina passa dalla Ulss 1 alla GVM Cortina Srl. Zaia: &#8220;Alcuni servizi pronti per i mondiali 2021. Sar\u00e0 il fiore all&#8217;occhiello per le Olimpiadi 2026&#8221;\"}]},{\"@type\":\"WebSite\",\"@id\":\"https:\\\/\\\/www.bellunopress.it\\\/#website\",\"url\":\"https:\\\/\\\/www.bellunopress.it\\\/\",\"name\":\"Bellunopress - Dolomiti\",\"description\":\"e-mail: redazione@bellunopress.it\",\"publisher\":{\"@id\":\"https:\\\/\\\/www.bellunopress.it\\\/#organization\"},\"potentialAction\":[{\"@type\":\"SearchAction\",\"target\":{\"@type\":\"EntryPoint\",\"urlTemplate\":\"https:\\\/\\\/www.bellunopress.it\\\/?s={search_term_string}\"},\"query-input\":{\"@type\":\"PropertyValueSpecification\",\"valueRequired\":true,\"valueName\":\"search_term_string\"}}],\"inLanguage\":\"fr-FR\"},{\"@type\":\"Organization\",\"@id\":\"https:\\\/\\\/www.bellunopress.it\\\/#organization\",\"name\":\"Bellunopress\",\"url\":\"https:\\\/\\\/www.bellunopress.it\\\/\",\"logo\":{\"@type\":\"ImageObject\",\"inLanguage\":\"fr-FR\",\"@id\":\"https:\\\/\\\/www.bellunopress.it\\\/#\\\/schema\\\/logo\\\/image\\\/\",\"url\":\"https:\\\/\\\/www.bellunopress.it\\\/wp-content\\\/uploads\\\/2011\\\/05\\\/cropped-logo-bellunopress-.jpg\",\"contentUrl\":\"https:\\\/\\\/www.bellunopress.it\\\/wp-content\\\/uploads\\\/2011\\\/05\\\/cropped-logo-bellunopress-.jpg\",\"width\":512,\"height\":512,\"caption\":\"Bellunopress\"},\"image\":{\"@id\":\"https:\\\/\\\/www.bellunopress.it\\\/#\\\/schema\\\/logo\\\/image\\\/\"},\"sameAs\":[\"https:\\\/\\\/www.facebook.com\\\/profile.php?id=100008943462799\",\"https:\\\/\\\/x.com\\\/bellunopress\",\"https:\\\/\\\/www.linkedin.com\\\/hp\\\/?dnr=JBzUWaJfMUw8vbXJJ2tVW5-I3jZKvC4wsoxE&amp;amp;amp;amp;amp;amp;trk=nav_responsive_tab_home\",\"https:\\\/\\\/www.youtube.com\\\/channel\\\/UCxL0wu1uN0_3_7hGG0306cw\"]},{\"@type\":\"Person\",\"@id\":\"https:\\\/\\\/www.bellunopress.it\\\/#\\\/schema\\\/person\\\/79bb06722b37ece1c03d3e94beb30d73\",\"name\":\"redazione\",\"image\":{\"@type\":\"ImageObject\",\"inLanguage\":\"fr-FR\",\"@id\":\"https:\\\/\\\/secure.gravatar.com\\\/avatar\\\/37d968a2e67a6fd04c169c4bdef102d0bc5d31b2546345219e348575eb80e9a0?s=96&d=mm&r=g\",\"url\":\"https:\\\/\\\/secure.gravatar.com\\\/avatar\\\/37d968a2e67a6fd04c169c4bdef102d0bc5d31b2546345219e348575eb80e9a0?s=96&d=mm&r=g\",\"contentUrl\":\"https:\\\/\\\/secure.gravatar.com\\\/avatar\\\/37d968a2e67a6fd04c169c4bdef102d0bc5d31b2546345219e348575eb80e9a0?s=96&d=mm&r=g\",\"caption\":\"redazione\"},\"sameAs\":[\"http:\\\/\\\/www.bellunopress.it\",\"https:\\\/\\\/x.com\\\/bellunopress\"],\"url\":\"https:\\\/\\\/www.bellunopress.it\\\/fr\\\/author\\\/redazione\\\/\"}]}<\/script>\n<!-- \/ Yoast SEO plugin. -->","yoast_head_json":{"title":"Il Codivilla Putti di Cortina passa dalla Ulss 1 alla GVM Cortina Srl. Zaia: \"Alcuni servizi pronti per i mondiali 2021. Sar\u00e0 il fiore all'occhiello per le Olimpiadi 2026\" - Bellunopress - Dolomiti","robots":{"index":"index","follow":"follow","max-snippet":"max-snippet:-1","max-image-preview":"max-image-preview:large","max-video-preview":"max-video-preview:-1"},"canonical":"https:\/\/www.bellunopress.it\/fr\/2019\/10\/02\/il-codivilla-putti-di-cortina-passa-dalla-ulss-1-alla-gvm-cortina-srl-zaia-alcuni-servizi-pronti-per-i-mondiali-2021-sara-il-fiore-allocchiello-per-le-olimpiadi-2026\/","og_locale":"fr_FR","og_type":"article","og_title":"Il Codivilla Putti di Cortina passa dalla Ulss 1 alla GVM Cortina Srl. Zaia: \"Alcuni servizi pronti per i mondiali 2021. Sar\u00e0 il fiore all'occhiello per le Olimpiadi 2026\" - Bellunopress - Dolomiti","og_description":"Venezia, 2 ottobre 2019\u00a0 &#8211;\u00a0\u00a0\u201cIl rilancio non solo a livello locale, ma nazionale, dell\u2019Ospedale Codivilla Putti di Cortina \u00e8 una realt\u00e0 che procede a grandi passi. Che diranno ora i gufi che, per anni, hanno raccontato la bugia che la Regione voleva chiuderlo, anche dopo la delibera del marzo 2017 con cui definimmo il cammino [&hellip;]","og_url":"https:\/\/www.bellunopress.it\/fr\/2019\/10\/02\/il-codivilla-putti-di-cortina-passa-dalla-ulss-1-alla-gvm-cortina-srl-zaia-alcuni-servizi-pronti-per-i-mondiali-2021-sara-il-fiore-allocchiello-per-le-olimpiadi-2026\/","og_site_name":"Bellunopress - Dolomiti","article_publisher":"https:\/\/www.facebook.com\/profile.php?id=100008943462799","article_published_time":"2019-10-02T11:06:50+00:00","og_image":[{"url":"http:\/\/www.bellunopress.it\/wp-content\/uploads\/2017\/02\/Codivilla-Putti-cortina.jpg","type":"","width":"","height":""}],"author":"redazione","twitter_card":"summary_large_image","twitter_creator":"@bellunopress","twitter_site":"@bellunopress","twitter_misc":{"\u00c9crit par":"redazione","Dur\u00e9e de lecture estim\u00e9e":"2 minutes"},"schema":{"@context":"https:\/\/schema.org","@graph":[{"@type":"Article","@id":"https:\/\/www.bellunopress.it\/2019\/10\/02\/il-codivilla-putti-di-cortina-passa-dalla-ulss-1-alla-gvm-cortina-srl-zaia-alcuni-servizi-pronti-per-i-mondiali-2021-sara-il-fiore-allocchiello-per-le-olimpiadi-2026\/#article","isPartOf":{"@id":"https:\/\/www.bellunopress.it\/2019\/10\/02\/il-codivilla-putti-di-cortina-passa-dalla-ulss-1-alla-gvm-cortina-srl-zaia-alcuni-servizi-pronti-per-i-mondiali-2021-sara-il-fiore-allocchiello-per-le-olimpiadi-2026\/"},"author":{"name":"redazione","@id":"https:\/\/www.bellunopress.it\/#\/schema\/person\/79bb06722b37ece1c03d3e94beb30d73"},"headline":"Il Codivilla Putti di Cortina passa dalla Ulss 1 alla GVM Cortina Srl. Zaia: &#8220;Alcuni servizi pronti per i mondiali 2021. Sar\u00e0 il fiore all&#8217;occhiello per le Olimpiadi 2026&#8221;","datePublished":"2019-10-02T11:06:50+00:00","mainEntityOfPage":{"@id":"https:\/\/www.bellunopress.it\/2019\/10\/02\/il-codivilla-putti-di-cortina-passa-dalla-ulss-1-alla-gvm-cortina-srl-zaia-alcuni-servizi-pronti-per-i-mondiali-2021-sara-il-fiore-allocchiello-per-le-olimpiadi-2026\/"},"wordCount":427,"publisher":{"@id":"https:\/\/www.bellunopress.it\/#organization"},"image":{"@id":"https:\/\/www.bellunopress.it\/2019\/10\/02\/il-codivilla-putti-di-cortina-passa-dalla-ulss-1-alla-gvm-cortina-srl-zaia-alcuni-servizi-pronti-per-i-mondiali-2021-sara-il-fiore-allocchiello-per-le-olimpiadi-2026\/#primaryimage"},"thumbnailUrl":"http:\/\/www.bellunopress.it\/wp-content\/uploads\/2017\/02\/Codivilla-Putti-cortina.jpg","articleSection":["Cronaca\/Politica","Sanit\u00e0 Medicina"],"inLanguage":"fr-FR"},{"@type":"WebPage","@id":"https:\/\/www.bellunopress.it\/2019\/10\/02\/il-codivilla-putti-di-cortina-passa-dalla-ulss-1-alla-gvm-cortina-srl-zaia-alcuni-servizi-pronti-per-i-mondiali-2021-sara-il-fiore-allocchiello-per-le-olimpiadi-2026\/","url":"https:\/\/www.bellunopress.it\/2019\/10\/02\/il-codivilla-putti-di-cortina-passa-dalla-ulss-1-alla-gvm-cortina-srl-zaia-alcuni-servizi-pronti-per-i-mondiali-2021-sara-il-fiore-allocchiello-per-le-olimpiadi-2026\/","name":"Il Codivilla Putti di Cortina passa dalla Ulss 1 alla GVM Cortina Srl. Zaia: \"Alcuni servizi pronti per i mondiali 2021. Sar\u00e0 il fiore all'occhiello per le Olimpiadi 2026\" - Bellunopress - Dolomiti","isPartOf":{"@id":"https:\/\/www.bellunopress.it\/#website"},"primaryImageOfPage":{"@id":"https:\/\/www.bellunopress.it\/2019\/10\/02\/il-codivilla-putti-di-cortina-passa-dalla-ulss-1-alla-gvm-cortina-srl-zaia-alcuni-servizi-pronti-per-i-mondiali-2021-sara-il-fiore-allocchiello-per-le-olimpiadi-2026\/#primaryimage"},"image":{"@id":"https:\/\/www.bellunopress.it\/2019\/10\/02\/il-codivilla-putti-di-cortina-passa-dalla-ulss-1-alla-gvm-cortina-srl-zaia-alcuni-servizi-pronti-per-i-mondiali-2021-sara-il-fiore-allocchiello-per-le-olimpiadi-2026\/#primaryimage"},"thumbnailUrl":"http:\/\/www.bellunopress.it\/wp-content\/uploads\/2017\/02\/Codivilla-Putti-cortina.jpg","datePublished":"2019-10-02T11:06:50+00:00","breadcrumb":{"@id":"https:\/\/www.bellunopress.it\/2019\/10\/02\/il-codivilla-putti-di-cortina-passa-dalla-ulss-1-alla-gvm-cortina-srl-zaia-alcuni-servizi-pronti-per-i-mondiali-2021-sara-il-fiore-allocchiello-per-le-olimpiadi-2026\/#breadcrumb"},"inLanguage":"fr-FR","potentialAction":[{"@type":"ReadAction","target":["https:\/\/www.bellunopress.it\/2019\/10\/02\/il-codivilla-putti-di-cortina-passa-dalla-ulss-1-alla-gvm-cortina-srl-zaia-alcuni-servizi-pronti-per-i-mondiali-2021-sara-il-fiore-allocchiello-per-le-olimpiadi-2026\/"]}]},{"@type":"ImageObject","inLanguage":"fr-FR","@id":"https:\/\/www.bellunopress.it\/2019\/10\/02\/il-codivilla-putti-di-cortina-passa-dalla-ulss-1-alla-gvm-cortina-srl-zaia-alcuni-servizi-pronti-per-i-mondiali-2021-sara-il-fiore-allocchiello-per-le-olimpiadi-2026\/#primaryimage","url":"http:\/\/www.bellunopress.it\/wp-content\/uploads\/2017\/02\/Codivilla-Putti-cortina.jpg","contentUrl":"http:\/\/www.bellunopress.it\/wp-content\/uploads\/2017\/02\/Codivilla-Putti-cortina.jpg"},{"@type":"BreadcrumbList","@id":"https:\/\/www.bellunopress.it\/2019\/10\/02\/il-codivilla-putti-di-cortina-passa-dalla-ulss-1-alla-gvm-cortina-srl-zaia-alcuni-servizi-pronti-per-i-mondiali-2021-sara-il-fiore-allocchiello-per-le-olimpiadi-2026\/#breadcrumb","itemListElement":[{"@type":"ListItem","position":1,"name":"Home","item":"https:\/\/www.bellunopress.it\/"},{"@type":"ListItem","position":2,"name":"Il Codivilla Putti di Cortina passa dalla Ulss 1 alla GVM Cortina Srl. Zaia: &#8220;Alcuni servizi pronti per i mondiali 2021. Sar\u00e0 il fiore all&#8217;occhiello per le Olimpiadi 2026&#8221;"}]},{"@type":"WebSite","@id":"https:\/\/www.bellunopress.it\/#website","url":"https:\/\/www.bellunopress.it\/","name":"Bellunopress - Dolomiti","description":"e-mail: redazione@bellunopress.it","publisher":{"@id":"https:\/\/www.bellunopress.it\/#organization"},"potentialAction":[{"@type":"SearchAction","target":{"@type":"EntryPoint","urlTemplate":"https:\/\/www.bellunopress.it\/?s={search_term_string}"},"query-input":{"@type":"PropertyValueSpecification","valueRequired":true,"valueName":"search_term_string"}}],"inLanguage":"fr-FR"},{"@type":"Organization","@id":"https:\/\/www.bellunopress.it\/#organization","name":"Bellunopress","url":"https:\/\/www.bellunopress.it\/","logo":{"@type":"ImageObject","inLanguage":"fr-FR","@id":"https:\/\/www.bellunopress.it\/#\/schema\/logo\/image\/","url":"https:\/\/www.bellunopress.it\/wp-content\/uploads\/2011\/05\/cropped-logo-bellunopress-.jpg","contentUrl":"https:\/\/www.bellunopress.it\/wp-content\/uploads\/2011\/05\/cropped-logo-bellunopress-.jpg","width":512,"height":512,"caption":"Bellunopress"},"image":{"@id":"https:\/\/www.bellunopress.it\/#\/schema\/logo\/image\/"},"sameAs":["https:\/\/www.facebook.com\/profile.php?id=100008943462799","https:\/\/x.com\/bellunopress","https:\/\/www.linkedin.com\/hp\/?dnr=JBzUWaJfMUw8vbXJJ2tVW5-I3jZKvC4wsoxE&amp;amp;amp;amp;amp;amp;trk=nav_responsive_tab_home","https:\/\/www.youtube.com\/channel\/UCxL0wu1uN0_3_7hGG0306cw"]},{"@type":"Person","@id":"https:\/\/www.bellunopress.it\/#\/schema\/person\/79bb06722b37ece1c03d3e94beb30d73","name":"r\u00e9daction","image":{"@type":"ImageObject","inLanguage":"fr-FR","@id":"https:\/\/secure.gravatar.com\/avatar\/37d968a2e67a6fd04c169c4bdef102d0bc5d31b2546345219e348575eb80e9a0?s=96&d=mm&r=g","url":"https:\/\/secure.gravatar.com\/avatar\/37d968a2e67a6fd04c169c4bdef102d0bc5d31b2546345219e348575eb80e9a0?s=96&d=mm&r=g","contentUrl":"https:\/\/secure.gravatar.com\/avatar\/37d968a2e67a6fd04c169c4bdef102d0bc5d31b2546345219e348575eb80e9a0?s=96&d=mm&r=g","caption":"redazione"},"sameAs":["http:\/\/www.bellunopress.it","https:\/\/x.com\/bellunopress"],"url":"https:\/\/www.bellunopress.it\/fr\/author\/redazione\/"}]}},"_links":{"self":[{"href":"https:\/\/www.bellunopress.it\/fr\/wp-json\/wp\/v2\/posts\/108399","targetHints":{"allow":["GET"]}}],"collection":[{"href":"https:\/\/www.bellunopress.it\/fr\/wp-json\/wp\/v2\/posts"}],"about":[{"href":"https:\/\/www.bellunopress.it\/fr\/wp-json\/wp\/v2\/types\/post"}],"author":[{"embeddable":true,"href":"https:\/\/www.bellunopress.it\/fr\/wp-json\/wp\/v2\/users\/2"}],"replies":[{"embeddable":true,"href":"https:\/\/www.bellunopress.it\/fr\/wp-json\/wp\/v2\/comments?post=108399"}],"version-history":[{"count":1,"href":"https:\/\/www.bellunopress.it\/fr\/wp-json\/wp\/v2\/posts\/108399\/revisions"}],"predecessor-version":[{"id":108400,"href":"https:\/\/www.bellunopress.it\/fr\/wp-json\/wp\/v2\/posts\/108399\/revisions\/108400"}],"wp:attachment":[{"href":"https:\/\/www.bellunopress.it\/fr\/wp-json\/wp\/v2\/media?parent=108399"}],"wp:term":[{"taxonomy":"category","embeddable":true,"href":"https:\/\/www.bellunopress.it\/fr\/wp-json\/wp\/v2\/categories?post=108399"},{"taxonomy":"post_tag","embeddable":true,"href":"https:\/\/www.bellunopress.it\/fr\/wp-json\/wp\/v2\/tags?post=108399"}],"curies":[{"name":"wp","href":"https:\/\/api.w.org\/{rel}","templated":true}]}}