{"id":10838,"date":"2009-12-19T12:46:26","date_gmt":"2009-12-19T11:46:26","guid":{"rendered":"http:\/\/www.bellunopress.it\/?p=10838"},"modified":"2009-12-19T12:46:26","modified_gmt":"2009-12-19T11:46:26","slug":"salumieri-in-erba-allopera-alla-scuola-media-di-castion","status":"publish","type":"post","link":"https:\/\/www.bellunopress.it\/fr\/2009\/12\/19\/salumieri-in-erba-allopera-alla-scuola-media-di-castion\/","title":{"rendered":"Salumieri in erba all&#8217;opera alla scuola media di Castion"},"content":{"rendered":"<p><a href=\"http:\/\/www.bellunopress.it\/wp-content\/uploads\/2009\/12\/salami-bis-leggera.jpg\"><img loading=\"lazy\" decoding=\"async\" class=\"alignleft size-medium wp-image-10842\" title=\"salami-bis-leggera\" src=\"http:\/\/www.bellunopress.it\/wp-content\/uploads\/2009\/12\/salami-bis-leggera.jpg\" alt=\"\" width=\"220\" height=\"294\" \/><\/a>Quale luogo migliore della scuola per conservare e tramandare le tradizioni del territorio? Cos\u00ec l\u2019associazione Cavalieri di San martino si \u00e8 fatta promotrice dell\u2019iniziativa che ieri mattina ha visto gli studenti delle prime classi della scuola media \u201cZanon\u201d cimentarsi nella produzione di una trentina di salami sotto la guida esperta dei mastri salumieri di Castion e di Cirvoi.<br \/>\nDopo una lezione preventiva sulla macellazione del maiale, i ragazzi si sono infilati i guanti e hanno iniziato a lavorare il macinato nella \u201cvannuia\u201d, il tipico contenitore di legno dove viene raccolta la carne per fare gli insaccati. Il passo successivo \u00e8 stato il riempimento dei budelli e il confezionamento dei salami che continueranno a stagionare per alcuni mesi in una cantina con la temperatura e l\u2019umidit\u00e0 controllate.<br \/>\nL\u2019attivit\u00e0, promossa con i fondi raccolti dai Cavalieri di San Martino nel corso della festa del salume in piazza Duomo, \u00e8 stata inserita in un pi\u00f9 ampio progetto scolastico dedicato alla conoscenza del territorio bellunese e delle sue tradizioni, condotto dagli insegnanti dell\u2019istituto scolastico castionese nel corso dell\u2019anno.<br \/>\nGli studenti hanno dimostrato di aver voglia di apprendere e di saperci anche fare (alcuni di loro non erano nuovi del mestiere), al punto che non \u00e8 stato facile per le maestranze \u201ccoordinare\u201d il loro entusiasmo per questa insolita e saporita esperienza di\u2026 studio.<\/p>","protected":false},"excerpt":{"rendered":"<p>Quale luogo migliore della scuola per conservare e tramandare le tradizioni del territorio? Cos\u00ec l\u2019associazione Cavalieri di San martino si \u00e8 fatta promotrice dell\u2019iniziativa che ieri mattina ha visto gli studenti delle prime classi della scuola media \u201cZanon\u201d cimentarsi nella produzione di una trentina di salami sotto la guida esperta dei mastri salumieri di Castion [&hellip;]<\/p>\n","protected":false},"author":2,"featured_media":0,"comment_status":"closed","ping_status":"open","sticky":false,"template":"","format":"standard","meta":{"footnotes":""},"categories":[25,15],"tags":[139],"class_list":["post-10838","post","type-post","status-publish","format-standard","category-pausa-caffe","category-scuola","tag-belluno"],"yoast_head":"<!-- This site is optimized with the Yoast SEO plugin v28.4 - https:\/\/yoast.com\/product\/yoast-seo-wordpress\/ -->\n<title>Salumieri in erba all&#039;opera alla scuola media di Castion - Bellunopress - Dolomiti<\/title>\n<meta name=\"robots\" content=\"index, follow, max-snippet:-1, max-image-preview:large, max-video-preview:-1\" \/>\n<link rel=\"canonical\" href=\"https:\/\/www.bellunopress.it\/fr\/2009\/12\/19\/salumieri-in-erba-allopera-alla-scuola-media-di-castion\/\" \/>\n<meta property=\"og:locale\" content=\"fr_FR\" \/>\n<meta property=\"og:type\" content=\"article\" \/>\n<meta property=\"og:title\" content=\"Salumieri in erba all&#039;opera alla scuola media di Castion - Bellunopress - Dolomiti\" \/>\n<meta property=\"og:description\" content=\"Quale luogo migliore della scuola per conservare e tramandare le tradizioni del territorio? Cos\u00ec l\u2019associazione Cavalieri di San martino si \u00e8 fatta promotrice dell\u2019iniziativa che ieri mattina ha visto gli studenti delle prime classi della scuola media \u201cZanon\u201d cimentarsi nella produzione di una trentina di salami sotto la guida esperta dei mastri salumieri di Castion [&hellip;]\" \/>\n<meta property=\"og:url\" content=\"https:\/\/www.bellunopress.it\/fr\/2009\/12\/19\/salumieri-in-erba-allopera-alla-scuola-media-di-castion\/\" \/>\n<meta property=\"og:site_name\" content=\"Bellunopress - Dolomiti\" \/>\n<meta property=\"article:publisher\" content=\"https:\/\/www.facebook.com\/profile.php?id=100008943462799\" \/>\n<meta property=\"article:published_time\" content=\"2009-12-19T11:46:26+00:00\" \/>\n<meta property=\"og:image\" content=\"http:\/\/www.bellunopress.it\/wp-content\/uploads\/2009\/12\/salami-bis-leggera.jpg\" \/>\n<meta name=\"author\" content=\"redazione\" \/>\n<meta name=\"twitter:card\" content=\"summary_large_image\" \/>\n<meta name=\"twitter:creator\" content=\"@bellunopress\" \/>\n<meta name=\"twitter:site\" content=\"@bellunopress\" \/>\n<meta name=\"twitter:label1\" content=\"\u00c9crit par\" \/>\n\t<meta name=\"twitter:data1\" content=\"redazione\" \/>\n\t<meta name=\"twitter:label2\" content=\"Dur\u00e9e de lecture estim\u00e9e\" \/>\n\t<meta name=\"twitter:data2\" content=\"1 minute\" \/>\n<script type=\"application\/ld+json\" class=\"yoast-schema-graph\">{\"@context\":\"https:\\\/\\\/schema.org\",\"@graph\":[{\"@type\":\"Article\",\"@id\":\"https:\\\/\\\/www.bellunopress.it\\\/2009\\\/12\\\/19\\\/salumieri-in-erba-allopera-alla-scuola-media-di-castion\\\/#article\",\"isPartOf\":{\"@id\":\"https:\\\/\\\/www.bellunopress.it\\\/2009\\\/12\\\/19\\\/salumieri-in-erba-allopera-alla-scuola-media-di-castion\\\/\"},\"author\":{\"name\":\"redazione\",\"@id\":\"https:\\\/\\\/www.bellunopress.it\\\/#\\\/schema\\\/person\\\/79bb06722b37ece1c03d3e94beb30d73\"},\"headline\":\"Salumieri in erba all&#8217;opera alla scuola media di Castion\",\"datePublished\":\"2009-12-19T11:46:26+00:00\",\"mainEntityOfPage\":{\"@id\":\"https:\\\/\\\/www.bellunopress.it\\\/2009\\\/12\\\/19\\\/salumieri-in-erba-allopera-alla-scuola-media-di-castion\\\/\"},\"wordCount\":230,\"publisher\":{\"@id\":\"https:\\\/\\\/www.bellunopress.it\\\/#organization\"},\"image\":{\"@id\":\"https:\\\/\\\/www.bellunopress.it\\\/2009\\\/12\\\/19\\\/salumieri-in-erba-allopera-alla-scuola-media-di-castion\\\/#primaryimage\"},\"thumbnailUrl\":\"http:\\\/\\\/www.bellunopress.it\\\/wp-content\\\/uploads\\\/2009\\\/12\\\/salami-bis-leggera.jpg\",\"keywords\":[\"Belluno\"],\"articleSection\":[\"Pausa Caff\u00e8\",\"Scuola\"],\"inLanguage\":\"fr-FR\"},{\"@type\":\"WebPage\",\"@id\":\"https:\\\/\\\/www.bellunopress.it\\\/2009\\\/12\\\/19\\\/salumieri-in-erba-allopera-alla-scuola-media-di-castion\\\/\",\"url\":\"https:\\\/\\\/www.bellunopress.it\\\/2009\\\/12\\\/19\\\/salumieri-in-erba-allopera-alla-scuola-media-di-castion\\\/\",\"name\":\"Salumieri in erba all'opera alla scuola media di Castion - Bellunopress - Dolomiti\",\"isPartOf\":{\"@id\":\"https:\\\/\\\/www.bellunopress.it\\\/#website\"},\"primaryImageOfPage\":{\"@id\":\"https:\\\/\\\/www.bellunopress.it\\\/2009\\\/12\\\/19\\\/salumieri-in-erba-allopera-alla-scuola-media-di-castion\\\/#primaryimage\"},\"image\":{\"@id\":\"https:\\\/\\\/www.bellunopress.it\\\/2009\\\/12\\\/19\\\/salumieri-in-erba-allopera-alla-scuola-media-di-castion\\\/#primaryimage\"},\"thumbnailUrl\":\"http:\\\/\\\/www.bellunopress.it\\\/wp-content\\\/uploads\\\/2009\\\/12\\\/salami-bis-leggera.jpg\",\"datePublished\":\"2009-12-19T11:46:26+00:00\",\"breadcrumb\":{\"@id\":\"https:\\\/\\\/www.bellunopress.it\\\/2009\\\/12\\\/19\\\/salumieri-in-erba-allopera-alla-scuola-media-di-castion\\\/#breadcrumb\"},\"inLanguage\":\"fr-FR\",\"potentialAction\":[{\"@type\":\"ReadAction\",\"target\":[\"https:\\\/\\\/www.bellunopress.it\\\/2009\\\/12\\\/19\\\/salumieri-in-erba-allopera-alla-scuola-media-di-castion\\\/\"]}]},{\"@type\":\"ImageObject\",\"inLanguage\":\"fr-FR\",\"@id\":\"https:\\\/\\\/www.bellunopress.it\\\/2009\\\/12\\\/19\\\/salumieri-in-erba-allopera-alla-scuola-media-di-castion\\\/#primaryimage\",\"url\":\"http:\\\/\\\/www.bellunopress.it\\\/wp-content\\\/uploads\\\/2009\\\/12\\\/salami-bis-leggera.jpg\",\"contentUrl\":\"http:\\\/\\\/www.bellunopress.it\\\/wp-content\\\/uploads\\\/2009\\\/12\\\/salami-bis-leggera.jpg\"},{\"@type\":\"BreadcrumbList\",\"@id\":\"https:\\\/\\\/www.bellunopress.it\\\/2009\\\/12\\\/19\\\/salumieri-in-erba-allopera-alla-scuola-media-di-castion\\\/#breadcrumb\",\"itemListElement\":[{\"@type\":\"ListItem\",\"position\":1,\"name\":\"Home\",\"item\":\"https:\\\/\\\/www.bellunopress.it\\\/\"},{\"@type\":\"ListItem\",\"position\":2,\"name\":\"Salumieri in erba all&#8217;opera alla scuola media di Castion\"}]},{\"@type\":\"WebSite\",\"@id\":\"https:\\\/\\\/www.bellunopress.it\\\/#website\",\"url\":\"https:\\\/\\\/www.bellunopress.it\\\/\",\"name\":\"Bellunopress - Dolomiti\",\"description\":\"e-mail: redazione@bellunopress.it\",\"publisher\":{\"@id\":\"https:\\\/\\\/www.bellunopress.it\\\/#organization\"},\"potentialAction\":[{\"@type\":\"SearchAction\",\"target\":{\"@type\":\"EntryPoint\",\"urlTemplate\":\"https:\\\/\\\/www.bellunopress.it\\\/?s={search_term_string}\"},\"query-input\":{\"@type\":\"PropertyValueSpecification\",\"valueRequired\":true,\"valueName\":\"search_term_string\"}}],\"inLanguage\":\"fr-FR\"},{\"@type\":\"Organization\",\"@id\":\"https:\\\/\\\/www.bellunopress.it\\\/#organization\",\"name\":\"Bellunopress\",\"url\":\"https:\\\/\\\/www.bellunopress.it\\\/\",\"logo\":{\"@type\":\"ImageObject\",\"inLanguage\":\"fr-FR\",\"@id\":\"https:\\\/\\\/www.bellunopress.it\\\/#\\\/schema\\\/logo\\\/image\\\/\",\"url\":\"https:\\\/\\\/www.bellunopress.it\\\/wp-content\\\/uploads\\\/2011\\\/05\\\/cropped-logo-bellunopress-.jpg\",\"contentUrl\":\"https:\\\/\\\/www.bellunopress.it\\\/wp-content\\\/uploads\\\/2011\\\/05\\\/cropped-logo-bellunopress-.jpg\",\"width\":512,\"height\":512,\"caption\":\"Bellunopress\"},\"image\":{\"@id\":\"https:\\\/\\\/www.bellunopress.it\\\/#\\\/schema\\\/logo\\\/image\\\/\"},\"sameAs\":[\"https:\\\/\\\/www.facebook.com\\\/profile.php?id=100008943462799\",\"https:\\\/\\\/x.com\\\/bellunopress\",\"https:\\\/\\\/www.linkedin.com\\\/hp\\\/?dnr=JBzUWaJfMUw8vbXJJ2tVW5-I3jZKvC4wsoxE&amp;amp;amp;amp;amp;amp;trk=nav_responsive_tab_home\",\"https:\\\/\\\/www.youtube.com\\\/channel\\\/UCxL0wu1uN0_3_7hGG0306cw\"]},{\"@type\":\"Person\",\"@id\":\"https:\\\/\\\/www.bellunopress.it\\\/#\\\/schema\\\/person\\\/79bb06722b37ece1c03d3e94beb30d73\",\"name\":\"redazione\",\"image\":{\"@type\":\"ImageObject\",\"inLanguage\":\"fr-FR\",\"@id\":\"https:\\\/\\\/secure.gravatar.com\\\/avatar\\\/37d968a2e67a6fd04c169c4bdef102d0bc5d31b2546345219e348575eb80e9a0?s=96&d=mm&r=g\",\"url\":\"https:\\\/\\\/secure.gravatar.com\\\/avatar\\\/37d968a2e67a6fd04c169c4bdef102d0bc5d31b2546345219e348575eb80e9a0?s=96&d=mm&r=g\",\"contentUrl\":\"https:\\\/\\\/secure.gravatar.com\\\/avatar\\\/37d968a2e67a6fd04c169c4bdef102d0bc5d31b2546345219e348575eb80e9a0?s=96&d=mm&r=g\",\"caption\":\"redazione\"},\"sameAs\":[\"http:\\\/\\\/www.bellunopress.it\",\"https:\\\/\\\/x.com\\\/bellunopress\"],\"url\":\"https:\\\/\\\/www.bellunopress.it\\\/fr\\\/author\\\/redazione\\\/\"}]}<\/script>\n<!-- \/ Yoast SEO plugin. -->","yoast_head_json":{"title":"Salumieri in erba all'opera alla scuola media di Castion - Bellunopress - Dolomiti","robots":{"index":"index","follow":"follow","max-snippet":"max-snippet:-1","max-image-preview":"max-image-preview:large","max-video-preview":"max-video-preview:-1"},"canonical":"https:\/\/www.bellunopress.it\/fr\/2009\/12\/19\/salumieri-in-erba-allopera-alla-scuola-media-di-castion\/","og_locale":"fr_FR","og_type":"article","og_title":"Salumieri in erba all'opera alla scuola media di Castion - Bellunopress - Dolomiti","og_description":"Quale luogo migliore della scuola per conservare e tramandare le tradizioni del territorio? Cos\u00ec l\u2019associazione Cavalieri di San martino si \u00e8 fatta promotrice dell\u2019iniziativa che ieri mattina ha visto gli studenti delle prime classi della scuola media \u201cZanon\u201d cimentarsi nella produzione di una trentina di salami sotto la guida esperta dei mastri salumieri di Castion [&hellip;]","og_url":"https:\/\/www.bellunopress.it\/fr\/2009\/12\/19\/salumieri-in-erba-allopera-alla-scuola-media-di-castion\/","og_site_name":"Bellunopress - Dolomiti","article_publisher":"https:\/\/www.facebook.com\/profile.php?id=100008943462799","article_published_time":"2009-12-19T11:46:26+00:00","og_image":[{"url":"http:\/\/www.bellunopress.it\/wp-content\/uploads\/2009\/12\/salami-bis-leggera.jpg","type":"","width":"","height":""}],"author":"redazione","twitter_card":"summary_large_image","twitter_creator":"@bellunopress","twitter_site":"@bellunopress","twitter_misc":{"\u00c9crit par":"redazione","Dur\u00e9e de lecture estim\u00e9e":"1 minute"},"schema":{"@context":"https:\/\/schema.org","@graph":[{"@type":"Article","@id":"https:\/\/www.bellunopress.it\/2009\/12\/19\/salumieri-in-erba-allopera-alla-scuola-media-di-castion\/#article","isPartOf":{"@id":"https:\/\/www.bellunopress.it\/2009\/12\/19\/salumieri-in-erba-allopera-alla-scuola-media-di-castion\/"},"author":{"name":"redazione","@id":"https:\/\/www.bellunopress.it\/#\/schema\/person\/79bb06722b37ece1c03d3e94beb30d73"},"headline":"Salumieri in erba all&#8217;opera alla scuola media di Castion","datePublished":"2009-12-19T11:46:26+00:00","mainEntityOfPage":{"@id":"https:\/\/www.bellunopress.it\/2009\/12\/19\/salumieri-in-erba-allopera-alla-scuola-media-di-castion\/"},"wordCount":230,"publisher":{"@id":"https:\/\/www.bellunopress.it\/#organization"},"image":{"@id":"https:\/\/www.bellunopress.it\/2009\/12\/19\/salumieri-in-erba-allopera-alla-scuola-media-di-castion\/#primaryimage"},"thumbnailUrl":"http:\/\/www.bellunopress.it\/wp-content\/uploads\/2009\/12\/salami-bis-leggera.jpg","keywords":["Belluno"],"articleSection":["Pausa Caff\u00e8","Scuola"],"inLanguage":"fr-FR"},{"@type":"WebPage","@id":"https:\/\/www.bellunopress.it\/2009\/12\/19\/salumieri-in-erba-allopera-alla-scuola-media-di-castion\/","url":"https:\/\/www.bellunopress.it\/2009\/12\/19\/salumieri-in-erba-allopera-alla-scuola-media-di-castion\/","name":"Salumieri in erba all'opera alla scuola media di Castion - Bellunopress - Dolomiti","isPartOf":{"@id":"https:\/\/www.bellunopress.it\/#website"},"primaryImageOfPage":{"@id":"https:\/\/www.bellunopress.it\/2009\/12\/19\/salumieri-in-erba-allopera-alla-scuola-media-di-castion\/#primaryimage"},"image":{"@id":"https:\/\/www.bellunopress.it\/2009\/12\/19\/salumieri-in-erba-allopera-alla-scuola-media-di-castion\/#primaryimage"},"thumbnailUrl":"http:\/\/www.bellunopress.it\/wp-content\/uploads\/2009\/12\/salami-bis-leggera.jpg","datePublished":"2009-12-19T11:46:26+00:00","breadcrumb":{"@id":"https:\/\/www.bellunopress.it\/2009\/12\/19\/salumieri-in-erba-allopera-alla-scuola-media-di-castion\/#breadcrumb"},"inLanguage":"fr-FR","potentialAction":[{"@type":"ReadAction","target":["https:\/\/www.bellunopress.it\/2009\/12\/19\/salumieri-in-erba-allopera-alla-scuola-media-di-castion\/"]}]},{"@type":"ImageObject","inLanguage":"fr-FR","@id":"https:\/\/www.bellunopress.it\/2009\/12\/19\/salumieri-in-erba-allopera-alla-scuola-media-di-castion\/#primaryimage","url":"http:\/\/www.bellunopress.it\/wp-content\/uploads\/2009\/12\/salami-bis-leggera.jpg","contentUrl":"http:\/\/www.bellunopress.it\/wp-content\/uploads\/2009\/12\/salami-bis-leggera.jpg"},{"@type":"BreadcrumbList","@id":"https:\/\/www.bellunopress.it\/2009\/12\/19\/salumieri-in-erba-allopera-alla-scuola-media-di-castion\/#breadcrumb","itemListElement":[{"@type":"ListItem","position":1,"name":"Home","item":"https:\/\/www.bellunopress.it\/"},{"@type":"ListItem","position":2,"name":"Salumieri in erba all&#8217;opera alla scuola media di Castion"}]},{"@type":"WebSite","@id":"https:\/\/www.bellunopress.it\/#website","url":"https:\/\/www.bellunopress.it\/","name":"Bellunopress - Dolomiti","description":"e-mail: redazione@bellunopress.it","publisher":{"@id":"https:\/\/www.bellunopress.it\/#organization"},"potentialAction":[{"@type":"SearchAction","target":{"@type":"EntryPoint","urlTemplate":"https:\/\/www.bellunopress.it\/?s={search_term_string}"},"query-input":{"@type":"PropertyValueSpecification","valueRequired":true,"valueName":"search_term_string"}}],"inLanguage":"fr-FR"},{"@type":"Organization","@id":"https:\/\/www.bellunopress.it\/#organization","name":"Bellunopress","url":"https:\/\/www.bellunopress.it\/","logo":{"@type":"ImageObject","inLanguage":"fr-FR","@id":"https:\/\/www.bellunopress.it\/#\/schema\/logo\/image\/","url":"https:\/\/www.bellunopress.it\/wp-content\/uploads\/2011\/05\/cropped-logo-bellunopress-.jpg","contentUrl":"https:\/\/www.bellunopress.it\/wp-content\/uploads\/2011\/05\/cropped-logo-bellunopress-.jpg","width":512,"height":512,"caption":"Bellunopress"},"image":{"@id":"https:\/\/www.bellunopress.it\/#\/schema\/logo\/image\/"},"sameAs":["https:\/\/www.facebook.com\/profile.php?id=100008943462799","https:\/\/x.com\/bellunopress","https:\/\/www.linkedin.com\/hp\/?dnr=JBzUWaJfMUw8vbXJJ2tVW5-I3jZKvC4wsoxE&amp;amp;amp;amp;amp;amp;trk=nav_responsive_tab_home","https:\/\/www.youtube.com\/channel\/UCxL0wu1uN0_3_7hGG0306cw"]},{"@type":"Person","@id":"https:\/\/www.bellunopress.it\/#\/schema\/person\/79bb06722b37ece1c03d3e94beb30d73","name":"r\u00e9daction","image":{"@type":"ImageObject","inLanguage":"fr-FR","@id":"https:\/\/secure.gravatar.com\/avatar\/37d968a2e67a6fd04c169c4bdef102d0bc5d31b2546345219e348575eb80e9a0?s=96&d=mm&r=g","url":"https:\/\/secure.gravatar.com\/avatar\/37d968a2e67a6fd04c169c4bdef102d0bc5d31b2546345219e348575eb80e9a0?s=96&d=mm&r=g","contentUrl":"https:\/\/secure.gravatar.com\/avatar\/37d968a2e67a6fd04c169c4bdef102d0bc5d31b2546345219e348575eb80e9a0?s=96&d=mm&r=g","caption":"redazione"},"sameAs":["http:\/\/www.bellunopress.it","https:\/\/x.com\/bellunopress"],"url":"https:\/\/www.bellunopress.it\/fr\/author\/redazione\/"}]}},"_links":{"self":[{"href":"https:\/\/www.bellunopress.it\/fr\/wp-json\/wp\/v2\/posts\/10838","targetHints":{"allow":["GET"]}}],"collection":[{"href":"https:\/\/www.bellunopress.it\/fr\/wp-json\/wp\/v2\/posts"}],"about":[{"href":"https:\/\/www.bellunopress.it\/fr\/wp-json\/wp\/v2\/types\/post"}],"author":[{"embeddable":true,"href":"https:\/\/www.bellunopress.it\/fr\/wp-json\/wp\/v2\/users\/2"}],"replies":[{"embeddable":true,"href":"https:\/\/www.bellunopress.it\/fr\/wp-json\/wp\/v2\/comments?post=10838"}],"version-history":[{"count":1,"href":"https:\/\/www.bellunopress.it\/fr\/wp-json\/wp\/v2\/posts\/10838\/revisions"}],"predecessor-version":[{"id":10844,"href":"https:\/\/www.bellunopress.it\/fr\/wp-json\/wp\/v2\/posts\/10838\/revisions\/10844"}],"wp:attachment":[{"href":"https:\/\/www.bellunopress.it\/fr\/wp-json\/wp\/v2\/media?parent=10838"}],"wp:term":[{"taxonomy":"category","embeddable":true,"href":"https:\/\/www.bellunopress.it\/fr\/wp-json\/wp\/v2\/categories?post=10838"},{"taxonomy":"post_tag","embeddable":true,"href":"https:\/\/www.bellunopress.it\/fr\/wp-json\/wp\/v2\/tags?post=10838"}],"curies":[{"name":"wp","href":"https:\/\/api.w.org\/{rel}","templated":true}]}}