{"id":108370,"date":"2019-10-01T14:51:08","date_gmt":"2019-10-01T12:51:08","guid":{"rendered":"http:\/\/www.bellunopress.it\/?p=108370"},"modified":"2019-10-01T14:51:08","modified_gmt":"2019-10-01T12:51:08","slug":"maltempo-in-arrivo-in-veneto-stato-di-attenzione-fino-alla-mezzanotte-di-mercoledi","status":"publish","type":"post","link":"https:\/\/www.bellunopress.it\/fr\/2019\/10\/01\/maltempo-in-arrivo-in-veneto-stato-di-attenzione-fino-alla-mezzanotte-di-mercoledi\/","title":{"rendered":"Maltempo in arrivo in Veneto. Stato di attenzione fino alla mezzanotte di mercoled\u00ec"},"content":{"rendered":"<p><a href=\"http:\/\/www.bellunopress.it\/fr\/2017\/09\/06\/meteo-rovesci-e-temporali-fino-a-venerdi-mattina\/pioggia-farfallarte\/\" rel=\"attachment wp-att-89012\"><img loading=\"lazy\" decoding=\"async\" class=\"alignleft size-full wp-image-89012\" src=\"http:\/\/www.bellunopress.it\/wp-content\/uploads\/2017\/09\/pioggia-farfallarte.jpg\" alt=\"\" width=\"274\" height=\"300\" \/><\/a>Venezia, 1 ottobre 2019\u00a0 &#8211;\u00a0 Alla luce delle previsioni meteo, che indicano l\u2019arrivo di una perturbazione sul Veneto, il Centro Funzionale Decentrato della Protezione Civile della Regione ha emesso un avviso, dichiarando lo Stato di Attenzione per Criticit\u00e0 Idrogeologica su tutto il territorio, valevole a partire dalla mezzanotte di oggi e fino alle ore 24.00 di domani.<\/p>\n<p>Lo Stato di Attenzione Rinforzata \u00e8 dichiarato nell\u2019area della frana nel Comune bellunese di Borca di Cadore.<\/p>\n<p>In particolare, mercoled\u00ec 2 prevarr\u00e0 un cielo molto nuvoloso, salvo qualche schiarita pi\u00f9 significativa da nord-ovest verso fine giornata. Precipitazioni. Probabilit\u00e0 nel complesso alta (75-100%), per delle fasi di precipitazioni da sparse a temporaneamente diffuse, con dei rovesci e qualche temporale; non si escludono fenomeni localmente intensi specie su pianura e Prealpi; possibili quantitativi<br \/>\nlocalmente consistenti; le precipitazioni verso sera tenderanno a cessare a partire dalle zone montane. Temperature. In diminuzione, in alcune zone anche marcata.<\/p>","protected":false},"excerpt":{"rendered":"<p>Venezia, 1 ottobre 2019\u00a0 &#8211;\u00a0 Alla luce delle previsioni meteo, che indicano l\u2019arrivo di una perturbazione sul Veneto, il Centro Funzionale Decentrato della Protezione Civile della Regione ha emesso un avviso, dichiarando lo Stato di Attenzione per Criticit\u00e0 Idrogeologica su tutto il territorio, valevole a partire dalla mezzanotte di oggi e fino alle ore 24.00 [&hellip;]<\/p>\n","protected":false},"author":2,"featured_media":0,"comment_status":"closed","ping_status":"open","sticky":false,"template":"","format":"standard","meta":{"footnotes":""},"categories":[5,26],"tags":[],"class_list":["post-108370","post","type-post","status-publish","format-standard","category-cronaca","category-prima-pagina"],"yoast_head":"<!-- This site is optimized with the Yoast SEO plugin v28.4 - https:\/\/yoast.com\/product\/yoast-seo-wordpress\/ -->\n<title>Maltempo in arrivo in Veneto. Stato di attenzione fino alla mezzanotte di mercoled\u00ec - Bellunopress - Dolomiti<\/title>\n<meta name=\"robots\" content=\"index, follow, max-snippet:-1, max-image-preview:large, max-video-preview:-1\" \/>\n<link rel=\"canonical\" href=\"https:\/\/www.bellunopress.it\/fr\/2019\/10\/01\/maltempo-in-arrivo-in-veneto-stato-di-attenzione-fino-alla-mezzanotte-di-mercoledi\/\" \/>\n<meta property=\"og:locale\" content=\"fr_FR\" \/>\n<meta property=\"og:type\" content=\"article\" \/>\n<meta property=\"og:title\" content=\"Maltempo in arrivo in Veneto. Stato di attenzione fino alla mezzanotte di mercoled\u00ec - Bellunopress - Dolomiti\" \/>\n<meta property=\"og:description\" content=\"Venezia, 1 ottobre 2019\u00a0 &#8211;\u00a0 Alla luce delle previsioni meteo, che indicano l\u2019arrivo di una perturbazione sul Veneto, il Centro Funzionale Decentrato della Protezione Civile della Regione ha emesso un avviso, dichiarando lo Stato di Attenzione per Criticit\u00e0 Idrogeologica su tutto il territorio, valevole a partire dalla mezzanotte di oggi e fino alle ore 24.00 [&hellip;]\" \/>\n<meta property=\"og:url\" content=\"https:\/\/www.bellunopress.it\/fr\/2019\/10\/01\/maltempo-in-arrivo-in-veneto-stato-di-attenzione-fino-alla-mezzanotte-di-mercoledi\/\" \/>\n<meta property=\"og:site_name\" content=\"Bellunopress - Dolomiti\" \/>\n<meta property=\"article:publisher\" content=\"https:\/\/www.facebook.com\/profile.php?id=100008943462799\" \/>\n<meta property=\"article:published_time\" content=\"2019-10-01T12:51:08+00:00\" \/>\n<meta property=\"og:image\" content=\"http:\/\/www.bellunopress.it\/wp-content\/uploads\/2017\/09\/pioggia-farfallarte.jpg\" \/>\n<meta name=\"author\" content=\"redazione\" \/>\n<meta name=\"twitter:card\" content=\"summary_large_image\" \/>\n<meta name=\"twitter:creator\" content=\"@bellunopress\" \/>\n<meta name=\"twitter:site\" content=\"@bellunopress\" \/>\n<meta name=\"twitter:label1\" content=\"\u00c9crit par\" \/>\n\t<meta name=\"twitter:data1\" content=\"redazione\" \/>\n\t<meta name=\"twitter:label2\" content=\"Dur\u00e9e de lecture estim\u00e9e\" \/>\n\t<meta name=\"twitter:data2\" content=\"1 minute\" \/>\n<script type=\"application\/ld+json\" class=\"yoast-schema-graph\">{\"@context\":\"https:\\\/\\\/schema.org\",\"@graph\":[{\"@type\":\"Article\",\"@id\":\"https:\\\/\\\/www.bellunopress.it\\\/2019\\\/10\\\/01\\\/maltempo-in-arrivo-in-veneto-stato-di-attenzione-fino-alla-mezzanotte-di-mercoledi\\\/#article\",\"isPartOf\":{\"@id\":\"https:\\\/\\\/www.bellunopress.it\\\/2019\\\/10\\\/01\\\/maltempo-in-arrivo-in-veneto-stato-di-attenzione-fino-alla-mezzanotte-di-mercoledi\\\/\"},\"author\":{\"name\":\"redazione\",\"@id\":\"https:\\\/\\\/www.bellunopress.it\\\/#\\\/schema\\\/person\\\/79bb06722b37ece1c03d3e94beb30d73\"},\"headline\":\"Maltempo in arrivo in Veneto. Stato di attenzione fino alla mezzanotte di mercoled\u00ec\",\"datePublished\":\"2019-10-01T12:51:08+00:00\",\"mainEntityOfPage\":{\"@id\":\"https:\\\/\\\/www.bellunopress.it\\\/2019\\\/10\\\/01\\\/maltempo-in-arrivo-in-veneto-stato-di-attenzione-fino-alla-mezzanotte-di-mercoledi\\\/\"},\"wordCount\":160,\"publisher\":{\"@id\":\"https:\\\/\\\/www.bellunopress.it\\\/#organization\"},\"image\":{\"@id\":\"https:\\\/\\\/www.bellunopress.it\\\/2019\\\/10\\\/01\\\/maltempo-in-arrivo-in-veneto-stato-di-attenzione-fino-alla-mezzanotte-di-mercoledi\\\/#primaryimage\"},\"thumbnailUrl\":\"http:\\\/\\\/www.bellunopress.it\\\/wp-content\\\/uploads\\\/2017\\\/09\\\/pioggia-farfallarte.jpg\",\"articleSection\":[\"Cronaca\\\/Politica\",\"Prima Pagina\"],\"inLanguage\":\"fr-FR\"},{\"@type\":\"WebPage\",\"@id\":\"https:\\\/\\\/www.bellunopress.it\\\/2019\\\/10\\\/01\\\/maltempo-in-arrivo-in-veneto-stato-di-attenzione-fino-alla-mezzanotte-di-mercoledi\\\/\",\"url\":\"https:\\\/\\\/www.bellunopress.it\\\/2019\\\/10\\\/01\\\/maltempo-in-arrivo-in-veneto-stato-di-attenzione-fino-alla-mezzanotte-di-mercoledi\\\/\",\"name\":\"Maltempo in arrivo in Veneto. Stato di attenzione fino alla mezzanotte di mercoled\u00ec - Bellunopress - Dolomiti\",\"isPartOf\":{\"@id\":\"https:\\\/\\\/www.bellunopress.it\\\/#website\"},\"primaryImageOfPage\":{\"@id\":\"https:\\\/\\\/www.bellunopress.it\\\/2019\\\/10\\\/01\\\/maltempo-in-arrivo-in-veneto-stato-di-attenzione-fino-alla-mezzanotte-di-mercoledi\\\/#primaryimage\"},\"image\":{\"@id\":\"https:\\\/\\\/www.bellunopress.it\\\/2019\\\/10\\\/01\\\/maltempo-in-arrivo-in-veneto-stato-di-attenzione-fino-alla-mezzanotte-di-mercoledi\\\/#primaryimage\"},\"thumbnailUrl\":\"http:\\\/\\\/www.bellunopress.it\\\/wp-content\\\/uploads\\\/2017\\\/09\\\/pioggia-farfallarte.jpg\",\"datePublished\":\"2019-10-01T12:51:08+00:00\",\"breadcrumb\":{\"@id\":\"https:\\\/\\\/www.bellunopress.it\\\/2019\\\/10\\\/01\\\/maltempo-in-arrivo-in-veneto-stato-di-attenzione-fino-alla-mezzanotte-di-mercoledi\\\/#breadcrumb\"},\"inLanguage\":\"fr-FR\",\"potentialAction\":[{\"@type\":\"ReadAction\",\"target\":[\"https:\\\/\\\/www.bellunopress.it\\\/2019\\\/10\\\/01\\\/maltempo-in-arrivo-in-veneto-stato-di-attenzione-fino-alla-mezzanotte-di-mercoledi\\\/\"]}]},{\"@type\":\"ImageObject\",\"inLanguage\":\"fr-FR\",\"@id\":\"https:\\\/\\\/www.bellunopress.it\\\/2019\\\/10\\\/01\\\/maltempo-in-arrivo-in-veneto-stato-di-attenzione-fino-alla-mezzanotte-di-mercoledi\\\/#primaryimage\",\"url\":\"http:\\\/\\\/www.bellunopress.it\\\/wp-content\\\/uploads\\\/2017\\\/09\\\/pioggia-farfallarte.jpg\",\"contentUrl\":\"http:\\\/\\\/www.bellunopress.it\\\/wp-content\\\/uploads\\\/2017\\\/09\\\/pioggia-farfallarte.jpg\"},{\"@type\":\"BreadcrumbList\",\"@id\":\"https:\\\/\\\/www.bellunopress.it\\\/2019\\\/10\\\/01\\\/maltempo-in-arrivo-in-veneto-stato-di-attenzione-fino-alla-mezzanotte-di-mercoledi\\\/#breadcrumb\",\"itemListElement\":[{\"@type\":\"ListItem\",\"position\":1,\"name\":\"Home\",\"item\":\"https:\\\/\\\/www.bellunopress.it\\\/\"},{\"@type\":\"ListItem\",\"position\":2,\"name\":\"Maltempo in arrivo in Veneto. Stato di attenzione fino alla mezzanotte di mercoled\u00ec\"}]},{\"@type\":\"WebSite\",\"@id\":\"https:\\\/\\\/www.bellunopress.it\\\/#website\",\"url\":\"https:\\\/\\\/www.bellunopress.it\\\/\",\"name\":\"Bellunopress - Dolomiti\",\"description\":\"e-mail: redazione@bellunopress.it\",\"publisher\":{\"@id\":\"https:\\\/\\\/www.bellunopress.it\\\/#organization\"},\"potentialAction\":[{\"@type\":\"SearchAction\",\"target\":{\"@type\":\"EntryPoint\",\"urlTemplate\":\"https:\\\/\\\/www.bellunopress.it\\\/?s={search_term_string}\"},\"query-input\":{\"@type\":\"PropertyValueSpecification\",\"valueRequired\":true,\"valueName\":\"search_term_string\"}}],\"inLanguage\":\"fr-FR\"},{\"@type\":\"Organization\",\"@id\":\"https:\\\/\\\/www.bellunopress.it\\\/#organization\",\"name\":\"Bellunopress\",\"url\":\"https:\\\/\\\/www.bellunopress.it\\\/\",\"logo\":{\"@type\":\"ImageObject\",\"inLanguage\":\"fr-FR\",\"@id\":\"https:\\\/\\\/www.bellunopress.it\\\/#\\\/schema\\\/logo\\\/image\\\/\",\"url\":\"https:\\\/\\\/www.bellunopress.it\\\/wp-content\\\/uploads\\\/2011\\\/05\\\/cropped-logo-bellunopress-.jpg\",\"contentUrl\":\"https:\\\/\\\/www.bellunopress.it\\\/wp-content\\\/uploads\\\/2011\\\/05\\\/cropped-logo-bellunopress-.jpg\",\"width\":512,\"height\":512,\"caption\":\"Bellunopress\"},\"image\":{\"@id\":\"https:\\\/\\\/www.bellunopress.it\\\/#\\\/schema\\\/logo\\\/image\\\/\"},\"sameAs\":[\"https:\\\/\\\/www.facebook.com\\\/profile.php?id=100008943462799\",\"https:\\\/\\\/x.com\\\/bellunopress\",\"https:\\\/\\\/www.linkedin.com\\\/hp\\\/?dnr=JBzUWaJfMUw8vbXJJ2tVW5-I3jZKvC4wsoxE&amp;amp;amp;amp;amp;amp;trk=nav_responsive_tab_home\",\"https:\\\/\\\/www.youtube.com\\\/channel\\\/UCxL0wu1uN0_3_7hGG0306cw\"]},{\"@type\":\"Person\",\"@id\":\"https:\\\/\\\/www.bellunopress.it\\\/#\\\/schema\\\/person\\\/79bb06722b37ece1c03d3e94beb30d73\",\"name\":\"redazione\",\"image\":{\"@type\":\"ImageObject\",\"inLanguage\":\"fr-FR\",\"@id\":\"https:\\\/\\\/secure.gravatar.com\\\/avatar\\\/37d968a2e67a6fd04c169c4bdef102d0bc5d31b2546345219e348575eb80e9a0?s=96&d=mm&r=g\",\"url\":\"https:\\\/\\\/secure.gravatar.com\\\/avatar\\\/37d968a2e67a6fd04c169c4bdef102d0bc5d31b2546345219e348575eb80e9a0?s=96&d=mm&r=g\",\"contentUrl\":\"https:\\\/\\\/secure.gravatar.com\\\/avatar\\\/37d968a2e67a6fd04c169c4bdef102d0bc5d31b2546345219e348575eb80e9a0?s=96&d=mm&r=g\",\"caption\":\"redazione\"},\"sameAs\":[\"http:\\\/\\\/www.bellunopress.it\",\"https:\\\/\\\/x.com\\\/bellunopress\"],\"url\":\"https:\\\/\\\/www.bellunopress.it\\\/fr\\\/author\\\/redazione\\\/\"}]}<\/script>\n<!-- \/ Yoast SEO plugin. -->","yoast_head_json":{"title":"Maltempo in arrivo in Veneto. Stato di attenzione fino alla mezzanotte di mercoled\u00ec - Bellunopress - Dolomiti","robots":{"index":"index","follow":"follow","max-snippet":"max-snippet:-1","max-image-preview":"max-image-preview:large","max-video-preview":"max-video-preview:-1"},"canonical":"https:\/\/www.bellunopress.it\/fr\/2019\/10\/01\/maltempo-in-arrivo-in-veneto-stato-di-attenzione-fino-alla-mezzanotte-di-mercoledi\/","og_locale":"fr_FR","og_type":"article","og_title":"Maltempo in arrivo in Veneto. Stato di attenzione fino alla mezzanotte di mercoled\u00ec - Bellunopress - Dolomiti","og_description":"Venezia, 1 ottobre 2019\u00a0 &#8211;\u00a0 Alla luce delle previsioni meteo, che indicano l\u2019arrivo di una perturbazione sul Veneto, il Centro Funzionale Decentrato della Protezione Civile della Regione ha emesso un avviso, dichiarando lo Stato di Attenzione per Criticit\u00e0 Idrogeologica su tutto il territorio, valevole a partire dalla mezzanotte di oggi e fino alle ore 24.00 [&hellip;]","og_url":"https:\/\/www.bellunopress.it\/fr\/2019\/10\/01\/maltempo-in-arrivo-in-veneto-stato-di-attenzione-fino-alla-mezzanotte-di-mercoledi\/","og_site_name":"Bellunopress - Dolomiti","article_publisher":"https:\/\/www.facebook.com\/profile.php?id=100008943462799","article_published_time":"2019-10-01T12:51:08+00:00","og_image":[{"url":"http:\/\/www.bellunopress.it\/wp-content\/uploads\/2017\/09\/pioggia-farfallarte.jpg","type":"","width":"","height":""}],"author":"redazione","twitter_card":"summary_large_image","twitter_creator":"@bellunopress","twitter_site":"@bellunopress","twitter_misc":{"\u00c9crit par":"redazione","Dur\u00e9e de lecture estim\u00e9e":"1 minute"},"schema":{"@context":"https:\/\/schema.org","@graph":[{"@type":"Article","@id":"https:\/\/www.bellunopress.it\/2019\/10\/01\/maltempo-in-arrivo-in-veneto-stato-di-attenzione-fino-alla-mezzanotte-di-mercoledi\/#article","isPartOf":{"@id":"https:\/\/www.bellunopress.it\/2019\/10\/01\/maltempo-in-arrivo-in-veneto-stato-di-attenzione-fino-alla-mezzanotte-di-mercoledi\/"},"author":{"name":"redazione","@id":"https:\/\/www.bellunopress.it\/#\/schema\/person\/79bb06722b37ece1c03d3e94beb30d73"},"headline":"Maltempo in arrivo in Veneto. Stato di attenzione fino alla mezzanotte di mercoled\u00ec","datePublished":"2019-10-01T12:51:08+00:00","mainEntityOfPage":{"@id":"https:\/\/www.bellunopress.it\/2019\/10\/01\/maltempo-in-arrivo-in-veneto-stato-di-attenzione-fino-alla-mezzanotte-di-mercoledi\/"},"wordCount":160,"publisher":{"@id":"https:\/\/www.bellunopress.it\/#organization"},"image":{"@id":"https:\/\/www.bellunopress.it\/2019\/10\/01\/maltempo-in-arrivo-in-veneto-stato-di-attenzione-fino-alla-mezzanotte-di-mercoledi\/#primaryimage"},"thumbnailUrl":"http:\/\/www.bellunopress.it\/wp-content\/uploads\/2017\/09\/pioggia-farfallarte.jpg","articleSection":["Cronaca\/Politica","Prima Pagina"],"inLanguage":"fr-FR"},{"@type":"WebPage","@id":"https:\/\/www.bellunopress.it\/2019\/10\/01\/maltempo-in-arrivo-in-veneto-stato-di-attenzione-fino-alla-mezzanotte-di-mercoledi\/","url":"https:\/\/www.bellunopress.it\/2019\/10\/01\/maltempo-in-arrivo-in-veneto-stato-di-attenzione-fino-alla-mezzanotte-di-mercoledi\/","name":"Maltempo in arrivo in Veneto. Stato di attenzione fino alla mezzanotte di mercoled\u00ec - Bellunopress - Dolomiti","isPartOf":{"@id":"https:\/\/www.bellunopress.it\/#website"},"primaryImageOfPage":{"@id":"https:\/\/www.bellunopress.it\/2019\/10\/01\/maltempo-in-arrivo-in-veneto-stato-di-attenzione-fino-alla-mezzanotte-di-mercoledi\/#primaryimage"},"image":{"@id":"https:\/\/www.bellunopress.it\/2019\/10\/01\/maltempo-in-arrivo-in-veneto-stato-di-attenzione-fino-alla-mezzanotte-di-mercoledi\/#primaryimage"},"thumbnailUrl":"http:\/\/www.bellunopress.it\/wp-content\/uploads\/2017\/09\/pioggia-farfallarte.jpg","datePublished":"2019-10-01T12:51:08+00:00","breadcrumb":{"@id":"https:\/\/www.bellunopress.it\/2019\/10\/01\/maltempo-in-arrivo-in-veneto-stato-di-attenzione-fino-alla-mezzanotte-di-mercoledi\/#breadcrumb"},"inLanguage":"fr-FR","potentialAction":[{"@type":"ReadAction","target":["https:\/\/www.bellunopress.it\/2019\/10\/01\/maltempo-in-arrivo-in-veneto-stato-di-attenzione-fino-alla-mezzanotte-di-mercoledi\/"]}]},{"@type":"ImageObject","inLanguage":"fr-FR","@id":"https:\/\/www.bellunopress.it\/2019\/10\/01\/maltempo-in-arrivo-in-veneto-stato-di-attenzione-fino-alla-mezzanotte-di-mercoledi\/#primaryimage","url":"http:\/\/www.bellunopress.it\/wp-content\/uploads\/2017\/09\/pioggia-farfallarte.jpg","contentUrl":"http:\/\/www.bellunopress.it\/wp-content\/uploads\/2017\/09\/pioggia-farfallarte.jpg"},{"@type":"BreadcrumbList","@id":"https:\/\/www.bellunopress.it\/2019\/10\/01\/maltempo-in-arrivo-in-veneto-stato-di-attenzione-fino-alla-mezzanotte-di-mercoledi\/#breadcrumb","itemListElement":[{"@type":"ListItem","position":1,"name":"Home","item":"https:\/\/www.bellunopress.it\/"},{"@type":"ListItem","position":2,"name":"Maltempo in arrivo in Veneto. Stato di attenzione fino alla mezzanotte di mercoled\u00ec"}]},{"@type":"WebSite","@id":"https:\/\/www.bellunopress.it\/#website","url":"https:\/\/www.bellunopress.it\/","name":"Bellunopress - Dolomiti","description":"e-mail: redazione@bellunopress.it","publisher":{"@id":"https:\/\/www.bellunopress.it\/#organization"},"potentialAction":[{"@type":"SearchAction","target":{"@type":"EntryPoint","urlTemplate":"https:\/\/www.bellunopress.it\/?s={search_term_string}"},"query-input":{"@type":"PropertyValueSpecification","valueRequired":true,"valueName":"search_term_string"}}],"inLanguage":"fr-FR"},{"@type":"Organization","@id":"https:\/\/www.bellunopress.it\/#organization","name":"Bellunopress","url":"https:\/\/www.bellunopress.it\/","logo":{"@type":"ImageObject","inLanguage":"fr-FR","@id":"https:\/\/www.bellunopress.it\/#\/schema\/logo\/image\/","url":"https:\/\/www.bellunopress.it\/wp-content\/uploads\/2011\/05\/cropped-logo-bellunopress-.jpg","contentUrl":"https:\/\/www.bellunopress.it\/wp-content\/uploads\/2011\/05\/cropped-logo-bellunopress-.jpg","width":512,"height":512,"caption":"Bellunopress"},"image":{"@id":"https:\/\/www.bellunopress.it\/#\/schema\/logo\/image\/"},"sameAs":["https:\/\/www.facebook.com\/profile.php?id=100008943462799","https:\/\/x.com\/bellunopress","https:\/\/www.linkedin.com\/hp\/?dnr=JBzUWaJfMUw8vbXJJ2tVW5-I3jZKvC4wsoxE&amp;amp;amp;amp;amp;amp;trk=nav_responsive_tab_home","https:\/\/www.youtube.com\/channel\/UCxL0wu1uN0_3_7hGG0306cw"]},{"@type":"Person","@id":"https:\/\/www.bellunopress.it\/#\/schema\/person\/79bb06722b37ece1c03d3e94beb30d73","name":"r\u00e9daction","image":{"@type":"ImageObject","inLanguage":"fr-FR","@id":"https:\/\/secure.gravatar.com\/avatar\/37d968a2e67a6fd04c169c4bdef102d0bc5d31b2546345219e348575eb80e9a0?s=96&d=mm&r=g","url":"https:\/\/secure.gravatar.com\/avatar\/37d968a2e67a6fd04c169c4bdef102d0bc5d31b2546345219e348575eb80e9a0?s=96&d=mm&r=g","contentUrl":"https:\/\/secure.gravatar.com\/avatar\/37d968a2e67a6fd04c169c4bdef102d0bc5d31b2546345219e348575eb80e9a0?s=96&d=mm&r=g","caption":"redazione"},"sameAs":["http:\/\/www.bellunopress.it","https:\/\/x.com\/bellunopress"],"url":"https:\/\/www.bellunopress.it\/fr\/author\/redazione\/"}]}},"_links":{"self":[{"href":"https:\/\/www.bellunopress.it\/fr\/wp-json\/wp\/v2\/posts\/108370","targetHints":{"allow":["GET"]}}],"collection":[{"href":"https:\/\/www.bellunopress.it\/fr\/wp-json\/wp\/v2\/posts"}],"about":[{"href":"https:\/\/www.bellunopress.it\/fr\/wp-json\/wp\/v2\/types\/post"}],"author":[{"embeddable":true,"href":"https:\/\/www.bellunopress.it\/fr\/wp-json\/wp\/v2\/users\/2"}],"replies":[{"embeddable":true,"href":"https:\/\/www.bellunopress.it\/fr\/wp-json\/wp\/v2\/comments?post=108370"}],"version-history":[{"count":1,"href":"https:\/\/www.bellunopress.it\/fr\/wp-json\/wp\/v2\/posts\/108370\/revisions"}],"predecessor-version":[{"id":108371,"href":"https:\/\/www.bellunopress.it\/fr\/wp-json\/wp\/v2\/posts\/108370\/revisions\/108371"}],"wp:attachment":[{"href":"https:\/\/www.bellunopress.it\/fr\/wp-json\/wp\/v2\/media?parent=108370"}],"wp:term":[{"taxonomy":"category","embeddable":true,"href":"https:\/\/www.bellunopress.it\/fr\/wp-json\/wp\/v2\/categories?post=108370"},{"taxonomy":"post_tag","embeddable":true,"href":"https:\/\/www.bellunopress.it\/fr\/wp-json\/wp\/v2\/tags?post=108370"}],"curies":[{"name":"wp","href":"https:\/\/api.w.org\/{rel}","templated":true}]}}