{"id":108361,"date":"2019-10-01T13:57:50","date_gmt":"2019-10-01T11:57:50","guid":{"rendered":"http:\/\/www.bellunopress.it\/?p=108361"},"modified":"2019-10-01T16:42:10","modified_gmt":"2019-10-01T14:42:10","slug":"cervo-entra-in-negozio-in-largo-poste-a-cortina","status":"publish","type":"post","link":"https:\/\/www.bellunopress.it\/fr\/2019\/10\/01\/cervo-entra-in-negozio-in-largo-poste-a-cortina\/","title":{"rendered":"Cervo entra in negozio, in largo Poste a Cortina"},"content":{"rendered":"<p><a href=\"http:\/\/www.bellunopress.it\/fr\/2019\/10\/01\/cervo-entra-in-negozio-in-largo-poste-a-cortina\/cervo-in-negozio-cortina\/\" rel=\"attachment wp-att-108362\"><img loading=\"lazy\" decoding=\"async\" class=\"alignleft size-full wp-image-108362\" src=\"http:\/\/www.bellunopress.it\/wp-content\/uploads\/2019\/10\/cervo-in-negozio-cortina.jpg\" alt=\"\" width=\"218\" height=\"300\" \/><\/a>Cortina d&#8217;Ampezzo, I\u00b0 ottobre 2019 &#8211; L&#8217;unico posto sicuro, in tempo di caccia, \u00e8 qui dentro, in mezzo alla creativit\u00e0 e all&#8217;artigianato dai mille colori. E&#8217; quello che deve aver pensato un cervo, che nella mattinata di oggi, dopo aver perlustrato il centro di Cortina, si \u00e8 infilato nel negozio StrazzaK di Largo Poste n.53, paradiso del vintage, costumi tirolesi, articoli esotici provenienti da India, Thailandia, Indonesia, Per\u00f9, Turchia e Marocco.<\/p>\n<p>La zona \u00e8 stata transennata, sul posto la polizia provinciale e i carabinieri.<\/p>\n<p><strong>La cronaca nel dettaglio<\/strong><br \/>\nLa Polizia Provinciale \u00e8 intervenuta questa mattina a Cortina in una delicata operazione per recuperare un cervo. L\u2019animale aveva perso il senso dell\u2019orientamento e dopo aver percorso tutto il centro storico<br \/>\ndella citt\u00e0, si \u00e8 diretto verso Corso Italia. Poi ha concluso la sua corsa all\u2019interno di un negozio di abbigliamento.<br \/>\nIl fatto \u00e8 accaduto attorno alle 10. Gli agenti della Provincia di Belluno sono stati contattati poco dopo e sono prontamente intervenuti sul posto, in quanto competenti in materia di gestione e tutela della<br \/>\nfauna selvatica.<br \/>\nIl cervo, un esemplare maschio adulto (di 5-6 anni, per un peso complessivo stimato di oltre 150 chilogrammi), si \u00e8 mostrato spaesato<br \/>\ne in visibile stato di agitazione. Tra l\u2019altro, l\u2019inizio dell\u2019autunno \u00e8 il periodo dell\u2019accoppiamento, e molto probabilmente \u00e8 proprio<br \/>\nquesta la causa della perdita di orientamento dell\u2019animale.<br \/>\nL\u2019operazione di recupero, a cui ha partecipato anche il presidente della riserva alpina di caccia di Cortina, si \u00e8 conclusa positivamente. Il cervo \u00e8 stato sedato con due siringhe contenenti anestetico specifico per animali, la cui composizione \u00e8 stata decisa dal veterinario dell\u2019Ulss di Belluno, che ha prestato assistenza medica durante tutto l\u2019intervento. Attorno alle 13.30 l\u2019animale \u00e8 stato risvegliato in un prato fuori Cortina, al limitare del bosco.<br \/>\nGli agenti della Polizia Provinciale e il veterinario hanno verificato che il cervo deambulasse in modo normale. Verificato che le condizioni<br \/>\ndi salute erano ottime, lo hanno osservato mentre si addentrava nel bosco.<\/p>\n<div class=\"youtube-embed\" data-video_id=\"6kPiWYEDnJs\"><iframe loading=\"lazy\" title=\"Cervo liberato nel bosco a Cortina d&#039;Ampezzo\" width=\"696\" height=\"392\" src=\"https:\/\/www.youtube.com\/embed\/6kPiWYEDnJs?feature=oembed&#038;enablejsapi=1\" frameborder=\"0\" allow=\"accelerometer; autoplay; encrypted-media; gyroscope; picture-in-picture\" allowfullscreen><\/iframe><\/div>\n<div class=\"youtube-embed\" data-video_id=\"Sw1KVqxWiRk\"><iframe loading=\"lazy\" title=\"Polizia Provinciale di Belluno, recupero del cervo a Cortina d&#039;Ampezzo\" width=\"696\" height=\"522\" src=\"https:\/\/www.youtube.com\/embed\/Sw1KVqxWiRk?feature=oembed&#038;enablejsapi=1\" frameborder=\"0\" allow=\"accelerometer; autoplay; encrypted-media; gyroscope; picture-in-picture\" allowfullscreen><\/iframe><\/div>","protected":false},"excerpt":{"rendered":"<p>Cortina d&#8217;Ampezzo, I\u00b0 ottobre 2019 &#8211; L&#8217;unico posto sicuro, in tempo di caccia, \u00e8 qui dentro, in mezzo alla creativit\u00e0 e all&#8217;artigianato dai mille colori. E&#8217; quello che deve aver pensato un cervo, che nella mattinata di oggi, dopo aver perlustrato il centro di Cortina, si \u00e8 infilato nel negozio StrazzaK di Largo Poste n.53, [&hellip;]<\/p>\n","protected":false},"author":2,"featured_media":0,"comment_status":"closed","ping_status":"open","sticky":false,"template":"","format":"standard","meta":{"footnotes":""},"categories":[5,26],"tags":[],"class_list":["post-108361","post","type-post","status-publish","format-standard","category-cronaca","category-prima-pagina"],"yoast_head":"<!-- This site is optimized with the Yoast SEO plugin v28.4 - https:\/\/yoast.com\/product\/yoast-seo-wordpress\/ -->\n<title>Cervo entra in negozio, in largo Poste a Cortina - Bellunopress - Dolomiti<\/title>\n<meta name=\"robots\" content=\"index, follow, max-snippet:-1, max-image-preview:large, max-video-preview:-1\" \/>\n<link rel=\"canonical\" href=\"https:\/\/www.bellunopress.it\/fr\/2019\/10\/01\/cervo-entra-in-negozio-in-largo-poste-a-cortina\/\" \/>\n<meta property=\"og:locale\" content=\"fr_FR\" \/>\n<meta property=\"og:type\" content=\"article\" \/>\n<meta property=\"og:title\" content=\"Cervo entra in negozio, in largo Poste a Cortina - Bellunopress - Dolomiti\" \/>\n<meta property=\"og:description\" content=\"Cortina d&#8217;Ampezzo, I\u00b0 ottobre 2019 &#8211; L&#8217;unico posto sicuro, in tempo di caccia, \u00e8 qui dentro, in mezzo alla creativit\u00e0 e all&#8217;artigianato dai mille colori. E&#8217; quello che deve aver pensato un cervo, che nella mattinata di oggi, dopo aver perlustrato il centro di Cortina, si \u00e8 infilato nel negozio StrazzaK di Largo Poste n.53, [&hellip;]\" \/>\n<meta property=\"og:url\" content=\"https:\/\/www.bellunopress.it\/fr\/2019\/10\/01\/cervo-entra-in-negozio-in-largo-poste-a-cortina\/\" \/>\n<meta property=\"og:site_name\" content=\"Bellunopress - Dolomiti\" \/>\n<meta property=\"article:publisher\" content=\"https:\/\/www.facebook.com\/profile.php?id=100008943462799\" \/>\n<meta property=\"article:published_time\" content=\"2019-10-01T11:57:50+00:00\" \/>\n<meta property=\"article:modified_time\" content=\"2019-10-01T14:42:10+00:00\" \/>\n<meta property=\"og:image\" content=\"http:\/\/www.bellunopress.it\/wp-content\/uploads\/2019\/10\/cervo-in-negozio-cortina.jpg\" \/>\n<meta name=\"author\" content=\"redazione\" \/>\n<meta name=\"twitter:card\" content=\"summary_large_image\" \/>\n<meta name=\"twitter:creator\" content=\"@bellunopress\" \/>\n<meta name=\"twitter:site\" content=\"@bellunopress\" \/>\n<meta name=\"twitter:label1\" content=\"\u00c9crit par\" \/>\n\t<meta name=\"twitter:data1\" content=\"redazione\" \/>\n\t<meta name=\"twitter:label2\" content=\"Dur\u00e9e de lecture estim\u00e9e\" \/>\n\t<meta name=\"twitter:data2\" content=\"2 minutes\" \/>\n<script type=\"application\/ld+json\" class=\"yoast-schema-graph\">{\"@context\":\"https:\\\/\\\/schema.org\",\"@graph\":[{\"@type\":\"Article\",\"@id\":\"https:\\\/\\\/www.bellunopress.it\\\/2019\\\/10\\\/01\\\/cervo-entra-in-negozio-in-largo-poste-a-cortina\\\/#article\",\"isPartOf\":{\"@id\":\"https:\\\/\\\/www.bellunopress.it\\\/2019\\\/10\\\/01\\\/cervo-entra-in-negozio-in-largo-poste-a-cortina\\\/\"},\"author\":{\"name\":\"redazione\",\"@id\":\"https:\\\/\\\/www.bellunopress.it\\\/#\\\/schema\\\/person\\\/79bb06722b37ece1c03d3e94beb30d73\"},\"headline\":\"Cervo entra in negozio, in largo Poste a Cortina\",\"datePublished\":\"2019-10-01T11:57:50+00:00\",\"dateModified\":\"2019-10-01T14:42:10+00:00\",\"mainEntityOfPage\":{\"@id\":\"https:\\\/\\\/www.bellunopress.it\\\/2019\\\/10\\\/01\\\/cervo-entra-in-negozio-in-largo-poste-a-cortina\\\/\"},\"wordCount\":356,\"publisher\":{\"@id\":\"https:\\\/\\\/www.bellunopress.it\\\/#organization\"},\"image\":{\"@id\":\"https:\\\/\\\/www.bellunopress.it\\\/2019\\\/10\\\/01\\\/cervo-entra-in-negozio-in-largo-poste-a-cortina\\\/#primaryimage\"},\"thumbnailUrl\":\"http:\\\/\\\/www.bellunopress.it\\\/wp-content\\\/uploads\\\/2019\\\/10\\\/cervo-in-negozio-cortina.jpg\",\"articleSection\":[\"Cronaca\\\/Politica\",\"Prima Pagina\"],\"inLanguage\":\"fr-FR\"},{\"@type\":\"WebPage\",\"@id\":\"https:\\\/\\\/www.bellunopress.it\\\/2019\\\/10\\\/01\\\/cervo-entra-in-negozio-in-largo-poste-a-cortina\\\/\",\"url\":\"https:\\\/\\\/www.bellunopress.it\\\/2019\\\/10\\\/01\\\/cervo-entra-in-negozio-in-largo-poste-a-cortina\\\/\",\"name\":\"Cervo entra in negozio, in largo Poste a Cortina - Bellunopress - Dolomiti\",\"isPartOf\":{\"@id\":\"https:\\\/\\\/www.bellunopress.it\\\/#website\"},\"primaryImageOfPage\":{\"@id\":\"https:\\\/\\\/www.bellunopress.it\\\/2019\\\/10\\\/01\\\/cervo-entra-in-negozio-in-largo-poste-a-cortina\\\/#primaryimage\"},\"image\":{\"@id\":\"https:\\\/\\\/www.bellunopress.it\\\/2019\\\/10\\\/01\\\/cervo-entra-in-negozio-in-largo-poste-a-cortina\\\/#primaryimage\"},\"thumbnailUrl\":\"http:\\\/\\\/www.bellunopress.it\\\/wp-content\\\/uploads\\\/2019\\\/10\\\/cervo-in-negozio-cortina.jpg\",\"datePublished\":\"2019-10-01T11:57:50+00:00\",\"dateModified\":\"2019-10-01T14:42:10+00:00\",\"breadcrumb\":{\"@id\":\"https:\\\/\\\/www.bellunopress.it\\\/2019\\\/10\\\/01\\\/cervo-entra-in-negozio-in-largo-poste-a-cortina\\\/#breadcrumb\"},\"inLanguage\":\"fr-FR\",\"potentialAction\":[{\"@type\":\"ReadAction\",\"target\":[\"https:\\\/\\\/www.bellunopress.it\\\/2019\\\/10\\\/01\\\/cervo-entra-in-negozio-in-largo-poste-a-cortina\\\/\"]}]},{\"@type\":\"ImageObject\",\"inLanguage\":\"fr-FR\",\"@id\":\"https:\\\/\\\/www.bellunopress.it\\\/2019\\\/10\\\/01\\\/cervo-entra-in-negozio-in-largo-poste-a-cortina\\\/#primaryimage\",\"url\":\"http:\\\/\\\/www.bellunopress.it\\\/wp-content\\\/uploads\\\/2019\\\/10\\\/cervo-in-negozio-cortina.jpg\",\"contentUrl\":\"http:\\\/\\\/www.bellunopress.it\\\/wp-content\\\/uploads\\\/2019\\\/10\\\/cervo-in-negozio-cortina.jpg\"},{\"@type\":\"BreadcrumbList\",\"@id\":\"https:\\\/\\\/www.bellunopress.it\\\/2019\\\/10\\\/01\\\/cervo-entra-in-negozio-in-largo-poste-a-cortina\\\/#breadcrumb\",\"itemListElement\":[{\"@type\":\"ListItem\",\"position\":1,\"name\":\"Home\",\"item\":\"https:\\\/\\\/www.bellunopress.it\\\/\"},{\"@type\":\"ListItem\",\"position\":2,\"name\":\"Cervo entra in negozio, in largo Poste a Cortina\"}]},{\"@type\":\"WebSite\",\"@id\":\"https:\\\/\\\/www.bellunopress.it\\\/#website\",\"url\":\"https:\\\/\\\/www.bellunopress.it\\\/\",\"name\":\"Bellunopress - Dolomiti\",\"description\":\"e-mail: redazione@bellunopress.it\",\"publisher\":{\"@id\":\"https:\\\/\\\/www.bellunopress.it\\\/#organization\"},\"potentialAction\":[{\"@type\":\"SearchAction\",\"target\":{\"@type\":\"EntryPoint\",\"urlTemplate\":\"https:\\\/\\\/www.bellunopress.it\\\/?s={search_term_string}\"},\"query-input\":{\"@type\":\"PropertyValueSpecification\",\"valueRequired\":true,\"valueName\":\"search_term_string\"}}],\"inLanguage\":\"fr-FR\"},{\"@type\":\"Organization\",\"@id\":\"https:\\\/\\\/www.bellunopress.it\\\/#organization\",\"name\":\"Bellunopress\",\"url\":\"https:\\\/\\\/www.bellunopress.it\\\/\",\"logo\":{\"@type\":\"ImageObject\",\"inLanguage\":\"fr-FR\",\"@id\":\"https:\\\/\\\/www.bellunopress.it\\\/#\\\/schema\\\/logo\\\/image\\\/\",\"url\":\"https:\\\/\\\/www.bellunopress.it\\\/wp-content\\\/uploads\\\/2011\\\/05\\\/cropped-logo-bellunopress-.jpg\",\"contentUrl\":\"https:\\\/\\\/www.bellunopress.it\\\/wp-content\\\/uploads\\\/2011\\\/05\\\/cropped-logo-bellunopress-.jpg\",\"width\":512,\"height\":512,\"caption\":\"Bellunopress\"},\"image\":{\"@id\":\"https:\\\/\\\/www.bellunopress.it\\\/#\\\/schema\\\/logo\\\/image\\\/\"},\"sameAs\":[\"https:\\\/\\\/www.facebook.com\\\/profile.php?id=100008943462799\",\"https:\\\/\\\/x.com\\\/bellunopress\",\"https:\\\/\\\/www.linkedin.com\\\/hp\\\/?dnr=JBzUWaJfMUw8vbXJJ2tVW5-I3jZKvC4wsoxE&amp;amp;amp;amp;amp;amp;trk=nav_responsive_tab_home\",\"https:\\\/\\\/www.youtube.com\\\/channel\\\/UCxL0wu1uN0_3_7hGG0306cw\"]},{\"@type\":\"Person\",\"@id\":\"https:\\\/\\\/www.bellunopress.it\\\/#\\\/schema\\\/person\\\/79bb06722b37ece1c03d3e94beb30d73\",\"name\":\"redazione\",\"image\":{\"@type\":\"ImageObject\",\"inLanguage\":\"fr-FR\",\"@id\":\"https:\\\/\\\/secure.gravatar.com\\\/avatar\\\/37d968a2e67a6fd04c169c4bdef102d0bc5d31b2546345219e348575eb80e9a0?s=96&d=mm&r=g\",\"url\":\"https:\\\/\\\/secure.gravatar.com\\\/avatar\\\/37d968a2e67a6fd04c169c4bdef102d0bc5d31b2546345219e348575eb80e9a0?s=96&d=mm&r=g\",\"contentUrl\":\"https:\\\/\\\/secure.gravatar.com\\\/avatar\\\/37d968a2e67a6fd04c169c4bdef102d0bc5d31b2546345219e348575eb80e9a0?s=96&d=mm&r=g\",\"caption\":\"redazione\"},\"sameAs\":[\"http:\\\/\\\/www.bellunopress.it\",\"https:\\\/\\\/x.com\\\/bellunopress\"],\"url\":\"https:\\\/\\\/www.bellunopress.it\\\/fr\\\/author\\\/redazione\\\/\"}]}<\/script>\n<!-- \/ Yoast SEO plugin. -->","yoast_head_json":{"title":"Cervo entra in negozio, in largo Poste a Cortina - Bellunopress - Dolomiti","robots":{"index":"index","follow":"follow","max-snippet":"max-snippet:-1","max-image-preview":"max-image-preview:large","max-video-preview":"max-video-preview:-1"},"canonical":"https:\/\/www.bellunopress.it\/fr\/2019\/10\/01\/cervo-entra-in-negozio-in-largo-poste-a-cortina\/","og_locale":"fr_FR","og_type":"article","og_title":"Cervo entra in negozio, in largo Poste a Cortina - Bellunopress - Dolomiti","og_description":"Cortina d&#8217;Ampezzo, I\u00b0 ottobre 2019 &#8211; L&#8217;unico posto sicuro, in tempo di caccia, \u00e8 qui dentro, in mezzo alla creativit\u00e0 e all&#8217;artigianato dai mille colori. E&#8217; quello che deve aver pensato un cervo, che nella mattinata di oggi, dopo aver perlustrato il centro di Cortina, si \u00e8 infilato nel negozio StrazzaK di Largo Poste n.53, [&hellip;]","og_url":"https:\/\/www.bellunopress.it\/fr\/2019\/10\/01\/cervo-entra-in-negozio-in-largo-poste-a-cortina\/","og_site_name":"Bellunopress - Dolomiti","article_publisher":"https:\/\/www.facebook.com\/profile.php?id=100008943462799","article_published_time":"2019-10-01T11:57:50+00:00","article_modified_time":"2019-10-01T14:42:10+00:00","og_image":[{"url":"http:\/\/www.bellunopress.it\/wp-content\/uploads\/2019\/10\/cervo-in-negozio-cortina.jpg","type":"","width":"","height":""}],"author":"redazione","twitter_card":"summary_large_image","twitter_creator":"@bellunopress","twitter_site":"@bellunopress","twitter_misc":{"\u00c9crit par":"redazione","Dur\u00e9e de lecture estim\u00e9e":"2 minutes"},"schema":{"@context":"https:\/\/schema.org","@graph":[{"@type":"Article","@id":"https:\/\/www.bellunopress.it\/2019\/10\/01\/cervo-entra-in-negozio-in-largo-poste-a-cortina\/#article","isPartOf":{"@id":"https:\/\/www.bellunopress.it\/2019\/10\/01\/cervo-entra-in-negozio-in-largo-poste-a-cortina\/"},"author":{"name":"redazione","@id":"https:\/\/www.bellunopress.it\/#\/schema\/person\/79bb06722b37ece1c03d3e94beb30d73"},"headline":"Cervo entra in negozio, in largo Poste a Cortina","datePublished":"2019-10-01T11:57:50+00:00","dateModified":"2019-10-01T14:42:10+00:00","mainEntityOfPage":{"@id":"https:\/\/www.bellunopress.it\/2019\/10\/01\/cervo-entra-in-negozio-in-largo-poste-a-cortina\/"},"wordCount":356,"publisher":{"@id":"https:\/\/www.bellunopress.it\/#organization"},"image":{"@id":"https:\/\/www.bellunopress.it\/2019\/10\/01\/cervo-entra-in-negozio-in-largo-poste-a-cortina\/#primaryimage"},"thumbnailUrl":"http:\/\/www.bellunopress.it\/wp-content\/uploads\/2019\/10\/cervo-in-negozio-cortina.jpg","articleSection":["Cronaca\/Politica","Prima Pagina"],"inLanguage":"fr-FR"},{"@type":"WebPage","@id":"https:\/\/www.bellunopress.it\/2019\/10\/01\/cervo-entra-in-negozio-in-largo-poste-a-cortina\/","url":"https:\/\/www.bellunopress.it\/2019\/10\/01\/cervo-entra-in-negozio-in-largo-poste-a-cortina\/","name":"Cervo entra in negozio, in largo Poste a Cortina - Bellunopress - Dolomiti","isPartOf":{"@id":"https:\/\/www.bellunopress.it\/#website"},"primaryImageOfPage":{"@id":"https:\/\/www.bellunopress.it\/2019\/10\/01\/cervo-entra-in-negozio-in-largo-poste-a-cortina\/#primaryimage"},"image":{"@id":"https:\/\/www.bellunopress.it\/2019\/10\/01\/cervo-entra-in-negozio-in-largo-poste-a-cortina\/#primaryimage"},"thumbnailUrl":"http:\/\/www.bellunopress.it\/wp-content\/uploads\/2019\/10\/cervo-in-negozio-cortina.jpg","datePublished":"2019-10-01T11:57:50+00:00","dateModified":"2019-10-01T14:42:10+00:00","breadcrumb":{"@id":"https:\/\/www.bellunopress.it\/2019\/10\/01\/cervo-entra-in-negozio-in-largo-poste-a-cortina\/#breadcrumb"},"inLanguage":"fr-FR","potentialAction":[{"@type":"ReadAction","target":["https:\/\/www.bellunopress.it\/2019\/10\/01\/cervo-entra-in-negozio-in-largo-poste-a-cortina\/"]}]},{"@type":"ImageObject","inLanguage":"fr-FR","@id":"https:\/\/www.bellunopress.it\/2019\/10\/01\/cervo-entra-in-negozio-in-largo-poste-a-cortina\/#primaryimage","url":"http:\/\/www.bellunopress.it\/wp-content\/uploads\/2019\/10\/cervo-in-negozio-cortina.jpg","contentUrl":"http:\/\/www.bellunopress.it\/wp-content\/uploads\/2019\/10\/cervo-in-negozio-cortina.jpg"},{"@type":"BreadcrumbList","@id":"https:\/\/www.bellunopress.it\/2019\/10\/01\/cervo-entra-in-negozio-in-largo-poste-a-cortina\/#breadcrumb","itemListElement":[{"@type":"ListItem","position":1,"name":"Home","item":"https:\/\/www.bellunopress.it\/"},{"@type":"ListItem","position":2,"name":"Cervo entra in negozio, in largo Poste a Cortina"}]},{"@type":"WebSite","@id":"https:\/\/www.bellunopress.it\/#website","url":"https:\/\/www.bellunopress.it\/","name":"Bellunopress - Dolomiti","description":"e-mail: redazione@bellunopress.it","publisher":{"@id":"https:\/\/www.bellunopress.it\/#organization"},"potentialAction":[{"@type":"SearchAction","target":{"@type":"EntryPoint","urlTemplate":"https:\/\/www.bellunopress.it\/?s={search_term_string}"},"query-input":{"@type":"PropertyValueSpecification","valueRequired":true,"valueName":"search_term_string"}}],"inLanguage":"fr-FR"},{"@type":"Organization","@id":"https:\/\/www.bellunopress.it\/#organization","name":"Bellunopress","url":"https:\/\/www.bellunopress.it\/","logo":{"@type":"ImageObject","inLanguage":"fr-FR","@id":"https:\/\/www.bellunopress.it\/#\/schema\/logo\/image\/","url":"https:\/\/www.bellunopress.it\/wp-content\/uploads\/2011\/05\/cropped-logo-bellunopress-.jpg","contentUrl":"https:\/\/www.bellunopress.it\/wp-content\/uploads\/2011\/05\/cropped-logo-bellunopress-.jpg","width":512,"height":512,"caption":"Bellunopress"},"image":{"@id":"https:\/\/www.bellunopress.it\/#\/schema\/logo\/image\/"},"sameAs":["https:\/\/www.facebook.com\/profile.php?id=100008943462799","https:\/\/x.com\/bellunopress","https:\/\/www.linkedin.com\/hp\/?dnr=JBzUWaJfMUw8vbXJJ2tVW5-I3jZKvC4wsoxE&amp;amp;amp;amp;amp;amp;trk=nav_responsive_tab_home","https:\/\/www.youtube.com\/channel\/UCxL0wu1uN0_3_7hGG0306cw"]},{"@type":"Person","@id":"https:\/\/www.bellunopress.it\/#\/schema\/person\/79bb06722b37ece1c03d3e94beb30d73","name":"r\u00e9daction","image":{"@type":"ImageObject","inLanguage":"fr-FR","@id":"https:\/\/secure.gravatar.com\/avatar\/37d968a2e67a6fd04c169c4bdef102d0bc5d31b2546345219e348575eb80e9a0?s=96&d=mm&r=g","url":"https:\/\/secure.gravatar.com\/avatar\/37d968a2e67a6fd04c169c4bdef102d0bc5d31b2546345219e348575eb80e9a0?s=96&d=mm&r=g","contentUrl":"https:\/\/secure.gravatar.com\/avatar\/37d968a2e67a6fd04c169c4bdef102d0bc5d31b2546345219e348575eb80e9a0?s=96&d=mm&r=g","caption":"redazione"},"sameAs":["http:\/\/www.bellunopress.it","https:\/\/x.com\/bellunopress"],"url":"https:\/\/www.bellunopress.it\/fr\/author\/redazione\/"}]}},"_links":{"self":[{"href":"https:\/\/www.bellunopress.it\/fr\/wp-json\/wp\/v2\/posts\/108361","targetHints":{"allow":["GET"]}}],"collection":[{"href":"https:\/\/www.bellunopress.it\/fr\/wp-json\/wp\/v2\/posts"}],"about":[{"href":"https:\/\/www.bellunopress.it\/fr\/wp-json\/wp\/v2\/types\/post"}],"author":[{"embeddable":true,"href":"https:\/\/www.bellunopress.it\/fr\/wp-json\/wp\/v2\/users\/2"}],"replies":[{"embeddable":true,"href":"https:\/\/www.bellunopress.it\/fr\/wp-json\/wp\/v2\/comments?post=108361"}],"version-history":[{"count":8,"href":"https:\/\/www.bellunopress.it\/fr\/wp-json\/wp\/v2\/posts\/108361\/revisions"}],"predecessor-version":[{"id":108380,"href":"https:\/\/www.bellunopress.it\/fr\/wp-json\/wp\/v2\/posts\/108361\/revisions\/108380"}],"wp:attachment":[{"href":"https:\/\/www.bellunopress.it\/fr\/wp-json\/wp\/v2\/media?parent=108361"}],"wp:term":[{"taxonomy":"category","embeddable":true,"href":"https:\/\/www.bellunopress.it\/fr\/wp-json\/wp\/v2\/categories?post=108361"},{"taxonomy":"post_tag","embeddable":true,"href":"https:\/\/www.bellunopress.it\/fr\/wp-json\/wp\/v2\/tags?post=108361"}],"curies":[{"name":"wp","href":"https:\/\/api.w.org\/{rel}","templated":true}]}}