{"id":108354,"date":"2019-10-01T11:03:14","date_gmt":"2019-10-01T09:03:14","guid":{"rendered":"http:\/\/www.bellunopress.it\/?p=108354"},"modified":"2019-10-01T11:03:51","modified_gmt":"2019-10-01T09:03:51","slug":"belluno-porta-sulle-dolomiti-turismo-ancora-in-crescita-yuki-demilia-i-dati-del-2018-segnano-un-miglioramento-rispetto-al-2017-e-i-primi-numeri-del-2019-confermano-il-trend-positivo-museo-fulc","status":"publish","type":"post","link":"https:\/\/www.bellunopress.it\/fr\/2019\/10\/01\/belluno-porta-sulle-dolomiti-turismo-ancora-in-crescita-yuki-demilia-i-dati-del-2018-segnano-un-miglioramento-rispetto-al-2017-e-i-primi-numeri-del-2019-confermano-il-trend-positivo-museo-fulc\/","title":{"rendered":"Belluno, turismo ancora in crescita. Yuki d&#8217;Emilia: i dati del 2018 segnano un miglioramento rispetto al 2017. E i primi numeri del 2019 confermano il trend positivo. Museo Fulcis +34%"},"content":{"rendered":"<figure id=\"attachment_108355\" aria-describedby=\"caption-attachment-108355\" style=\"width: 224px\" class=\"wp-caption alignleft\"><a href=\"http:\/\/www.bellunopress.it\/fr\/2019\/10\/01\/belluno-porta-sulle-dolomiti-turismo-ancora-in-crescita-yuki-demilia-i-dati-del-2018-segnano-un-miglioramento-rispetto-al-2017-e-i-primi-numeri-del-2019-confermano-il-trend-positivo-museo-fulc\/yuki-demilia-assessore\/\" rel=\"attachment wp-att-108355\"><img loading=\"lazy\" decoding=\"async\" class=\"size-full wp-image-108355\" src=\"http:\/\/www.bellunopress.it\/wp-content\/uploads\/2019\/10\/Yuki-dEmilia-assessore.jpg\" alt=\"\" width=\"224\" height=\"300\" \/><\/a><figcaption id=\"caption-attachment-108355\" class=\"wp-caption-text\">Yuki d&#8217;Emilia, assessore<\/figcaption><\/figure>\n<p>Belluno, I\u00b0 ottobre 2019\u00a0 &#8211;\u00a0 Ancora segnali positivi per il turismo nel capoluogo: i dati ufficiali del 2018 migliorano la performance del 2017, e i segnali che arrivano in questi mesi dal 2019 dall&#8217;ufficio turistico e dal nuovo infopoint sul Nevegal confermano il trend.<\/p>\n<p><strong>I dati certificati del 2018<\/strong><br \/>\nOltrepassata quota 60mila per gli arrivi, 40mila italiani e 20mila stranieri; italiani in testa anche per le presenze: delle 167mila totali, 127mila sono di nostri connazionali.<br \/>\nRispetto al 2017, la crescita degli arrivi complessivi si attesta sul 2,8%, mentre quella delle presenze \u00e8 del 5,6%.<br \/>\nDati ancora pi\u00f9 chiari se rapportati al periodo pre-amministrazioni Massaro: nel 2011, prima del primo mandato, gli arrivi erano stati poco pi\u00f9 di 37mila a fronte di 113mila: + 61% di arrivi e + 49% di presenze nell&#8217;arco di sette anni.<br \/>\nTra le nazioni che hanno fatto registrare oltre mille turisti, si trovano Germania, Francia, Austria, Regno Unito e Stati Uniti d&#8217;America, oltre ai paesi del Sudamerica (Brasile e Argentina su tutti): \u00ab\u00c8 molto interessante l&#8217;ampliarsi dell&#8217;elenco dei paesi di provenienza: rispetto al 2016 (quando sopra i mille erano arrivati solo Germania, Francia e Austria), si sono aggiunte realt\u00e0 come gli USA e il Sudamerica. Il marchio Dolomiti funziona, e Belluno \u00e8 ormai diventata la porta su queste realt\u00e0. &#8211; commenta l&#8217;assessore al turismo, Yuki d&#8217;Emilia \u2013 Particolare anche la controtendenza sul fronte presenze: mentre a livello internazionale si va verso vacanze brevi e frequenti, a Belluno il periodo di permanenza \u00e8 pi\u00f9 lungo; segno che l&#8217;offerta del nostro territorio, dall&#8217;ambiente alla cultura allo sport, \u00e8 molto ampia, e la citt\u00e0 viene vista come punto strategico e porta d&#8217;accesso a tutte queste diverse realt\u00e0\u00bb.<\/p>\n<p><strong>I primi numeri del 2019<\/strong><br \/>\nIndicativi anche i primi numeri sugli afflussi del 2019: sfondata quota 9mila accessi all&#8217;ufficio turistico di Piazza Duomo, mentre nello stesso periodo del 2018 ci si era fermati a 8700.<br \/>\nIn crescita anche le richieste di informazioni e spillette dell&#8217;Alta Via n.1: 303 nel 2017, 403 nel 2018, 412 fino ad ora nel 2019. In questo caso, in testa alla classifica si piazzano gli USA, seguiti da Italia e Germania; medaglia di legno per l&#8217;Australia, seguita da Regno Unito, Canada e Belgio.<br \/>\nOttimi numeri anche del nuovo infopoint del Nevegal: da agosto a met\u00e0 settembre, sono state poco meno di 900 le richieste raccolte dagli operatori<\/p>\n<p>\u00abSono dati parziali, ma comunque importanti per capire le tendenze e le richieste dei turisti. &#8211; commenta d&#8217;Emilia \u2013 Ad esempio, all&#8217;ufficio turistico viene chiesto spesso dove poter andare a mangiare prodotti tipici, e se sono disponibili visite guidate alla citt\u00e0: l&#8217;enogastronomia \u00e8 un settore importante nel turismo internazionale, e dobbiamo valorizzare i nostri prodotti di eccellenza e la qualit\u00e0 della nostra ristorazione. Dobbiamo anche puntare sulle meraviglie del nostro centro storico, e un&#8217;idea potrebbe essere quella di realizzare un calendario di visite guidate per far conoscere tutte le bellezze della citt\u00e0\u00bb.<\/p>\n<p>Nel segno del successo del turismo culturale vanno anche i dati del museo di Palazzo Fulcis: i biglietti hanno fatto registrare un +5% rispetto al 2018 (7639 contro 7244), mentre nel periodo della mostra \u201cSebastiano Ricci. Rivali ed Eredi. Opere del Settecento della Fondazione Cariverona\u201d, dal 6 aprile al 22 settembre, l&#8217;incremento \u00e8 stato addirittura del 34% :\u00abIl Fulcis \u00e8 sicuramente un elemento di grande richiamo, e unito a un evento come la recente mostra sul Settecento italiano diventa ancora pi\u00f9 apprezzato. Per questo, oltre agli eventi sportivi dal richiamo nazionale e internazionale, credo che sia necessario puntare con decisione anche su eventi culturali di spessore\u00bb, aggiunge d&#8217;Emilia.<\/p>\n<p>C&#8217;\u00e8 poi l&#8217;aspetto naturalistico: \u00abOltre alle informazioni sull&#8217;Alta Via, i visitatori cercano possibilit\u00e0 di passeggiate nel Parco Nazionale delle Dolomiti Bellunesi, in Nevegal e su percorsi ciclabili\u00bb.<br \/>\nSulla situazione infrastrutturale, \u00abparticolarmente apprezzato \u00e8 il parcheggio di Lambioi, che consente di arrivare immediatamente in centro storico. Una delle critiche che viene mossa \u00e8 invece lo scarso collegamento con Venezia e, in particolare, con gli aeroporti\u00bb, sottolinea l&#8217;assessore.<\/p>\n<p>Importanti, anche per la valorizzazione del Nevegal, i dati arrivati dall&#8217;infopoint: \u00abVengono richieste mappe, itinerari a piedi e eventi in programma, oltre a informazioni generali sia sul colle che sulla citt\u00e0. &#8211; conclude l&#8217;assessore \u2013 Sono tutte informazioni importanti che ci permetteranno di mettere in atto azioni mirate realmente utili ai visitatori del Nevegal\u00bb.<\/p>","protected":false},"excerpt":{"rendered":"<p>Belluno, I\u00b0 ottobre 2019\u00a0 &#8211;\u00a0 Ancora segnali positivi per il turismo nel capoluogo: i dati ufficiali del 2018 migliorano la performance del 2017, e i segnali che arrivano in questi mesi dal 2019 dall&#8217;ufficio turistico e dal nuovo infopoint sul Nevegal confermano il trend. I dati certificati del 2018 Oltrepassata quota 60mila per gli arrivi, [&hellip;]<\/p>\n","protected":false},"author":2,"featured_media":0,"comment_status":"closed","ping_status":"open","sticky":false,"template":"","format":"standard","meta":{"footnotes":""},"categories":[1],"tags":[],"class_list":["post-108354","post","type-post","status-publish","format-standard","category-leo"],"yoast_head":"<!-- This site is optimized with the Yoast SEO plugin v28.4 - https:\/\/yoast.com\/product\/yoast-seo-wordpress\/ -->\n<title>Belluno, turismo ancora in crescita. Yuki d&#039;Emilia: i dati del 2018 segnano un miglioramento rispetto al 2017. E i primi numeri del 2019 confermano il trend positivo. Museo Fulcis +34% - Bellunopress - Dolomiti<\/title>\n<meta name=\"robots\" content=\"index, follow, max-snippet:-1, max-image-preview:large, max-video-preview:-1\" \/>\n<link rel=\"canonical\" href=\"https:\/\/www.bellunopress.it\/fr\/2019\/10\/01\/belluno-porta-sulle-dolomiti-turismo-ancora-in-crescita-yuki-demilia-i-dati-del-2018-segnano-un-miglioramento-rispetto-al-2017-e-i-primi-numeri-del-2019-confermano-il-trend-positivo-museo-fulc\/\" \/>\n<meta property=\"og:locale\" content=\"fr_FR\" \/>\n<meta property=\"og:type\" content=\"article\" \/>\n<meta property=\"og:title\" content=\"Belluno, turismo ancora in crescita. Yuki d&#039;Emilia: i dati del 2018 segnano un miglioramento rispetto al 2017. E i primi numeri del 2019 confermano il trend positivo. Museo Fulcis +34% - Bellunopress - Dolomiti\" \/>\n<meta property=\"og:description\" content=\"Belluno, I\u00b0 ottobre 2019\u00a0 &#8211;\u00a0 Ancora segnali positivi per il turismo nel capoluogo: i dati ufficiali del 2018 migliorano la performance del 2017, e i segnali che arrivano in questi mesi dal 2019 dall&#8217;ufficio turistico e dal nuovo infopoint sul Nevegal confermano il trend. I dati certificati del 2018 Oltrepassata quota 60mila per gli arrivi, [&hellip;]\" \/>\n<meta property=\"og:url\" content=\"https:\/\/www.bellunopress.it\/fr\/2019\/10\/01\/belluno-porta-sulle-dolomiti-turismo-ancora-in-crescita-yuki-demilia-i-dati-del-2018-segnano-un-miglioramento-rispetto-al-2017-e-i-primi-numeri-del-2019-confermano-il-trend-positivo-museo-fulc\/\" \/>\n<meta property=\"og:site_name\" content=\"Bellunopress - Dolomiti\" \/>\n<meta property=\"article:publisher\" content=\"https:\/\/www.facebook.com\/profile.php?id=100008943462799\" \/>\n<meta property=\"article:published_time\" content=\"2019-10-01T09:03:14+00:00\" \/>\n<meta property=\"article:modified_time\" content=\"2019-10-01T09:03:51+00:00\" \/>\n<meta property=\"og:image\" content=\"http:\/\/www.bellunopress.it\/wp-content\/uploads\/2019\/10\/Yuki-dEmilia-assessore.jpg\" \/>\n<meta name=\"author\" content=\"redazione\" \/>\n<meta name=\"twitter:card\" content=\"summary_large_image\" \/>\n<meta name=\"twitter:creator\" content=\"@bellunopress\" \/>\n<meta name=\"twitter:site\" content=\"@bellunopress\" \/>\n<meta name=\"twitter:label1\" content=\"\u00c9crit par\" \/>\n\t<meta name=\"twitter:data1\" content=\"redazione\" \/>\n\t<meta name=\"twitter:label2\" content=\"Dur\u00e9e de lecture estim\u00e9e\" \/>\n\t<meta name=\"twitter:data2\" content=\"3 minutes\" \/>\n<script type=\"application\/ld+json\" class=\"yoast-schema-graph\">{\"@context\":\"https:\\\/\\\/schema.org\",\"@graph\":[{\"@type\":\"Article\",\"@id\":\"https:\\\/\\\/www.bellunopress.it\\\/2019\\\/10\\\/01\\\/belluno-porta-sulle-dolomiti-turismo-ancora-in-crescita-yuki-demilia-i-dati-del-2018-segnano-un-miglioramento-rispetto-al-2017-e-i-primi-numeri-del-2019-confermano-il-trend-positivo-museo-fulc\\\/#article\",\"isPartOf\":{\"@id\":\"https:\\\/\\\/www.bellunopress.it\\\/2019\\\/10\\\/01\\\/belluno-porta-sulle-dolomiti-turismo-ancora-in-crescita-yuki-demilia-i-dati-del-2018-segnano-un-miglioramento-rispetto-al-2017-e-i-primi-numeri-del-2019-confermano-il-trend-positivo-museo-fulc\\\/\"},\"author\":{\"name\":\"redazione\",\"@id\":\"https:\\\/\\\/www.bellunopress.it\\\/#\\\/schema\\\/person\\\/79bb06722b37ece1c03d3e94beb30d73\"},\"headline\":\"Belluno, turismo ancora in crescita. Yuki d&#8217;Emilia: i dati del 2018 segnano un miglioramento rispetto al 2017. E i primi numeri del 2019 confermano il trend positivo. Museo Fulcis +34%\",\"datePublished\":\"2019-10-01T09:03:14+00:00\",\"dateModified\":\"2019-10-01T09:03:51+00:00\",\"mainEntityOfPage\":{\"@id\":\"https:\\\/\\\/www.bellunopress.it\\\/2019\\\/10\\\/01\\\/belluno-porta-sulle-dolomiti-turismo-ancora-in-crescita-yuki-demilia-i-dati-del-2018-segnano-un-miglioramento-rispetto-al-2017-e-i-primi-numeri-del-2019-confermano-il-trend-positivo-museo-fulc\\\/\"},\"wordCount\":726,\"publisher\":{\"@id\":\"https:\\\/\\\/www.bellunopress.it\\\/#organization\"},\"image\":{\"@id\":\"https:\\\/\\\/www.bellunopress.it\\\/2019\\\/10\\\/01\\\/belluno-porta-sulle-dolomiti-turismo-ancora-in-crescita-yuki-demilia-i-dati-del-2018-segnano-un-miglioramento-rispetto-al-2017-e-i-primi-numeri-del-2019-confermano-il-trend-positivo-museo-fulc\\\/#primaryimage\"},\"thumbnailUrl\":\"http:\\\/\\\/www.bellunopress.it\\\/wp-content\\\/uploads\\\/2019\\\/10\\\/Yuki-dEmilia-assessore.jpg\",\"articleSection\":[\"Lettere Opinioni\"],\"inLanguage\":\"fr-FR\"},{\"@type\":\"WebPage\",\"@id\":\"https:\\\/\\\/www.bellunopress.it\\\/2019\\\/10\\\/01\\\/belluno-porta-sulle-dolomiti-turismo-ancora-in-crescita-yuki-demilia-i-dati-del-2018-segnano-un-miglioramento-rispetto-al-2017-e-i-primi-numeri-del-2019-confermano-il-trend-positivo-museo-fulc\\\/\",\"url\":\"https:\\\/\\\/www.bellunopress.it\\\/2019\\\/10\\\/01\\\/belluno-porta-sulle-dolomiti-turismo-ancora-in-crescita-yuki-demilia-i-dati-del-2018-segnano-un-miglioramento-rispetto-al-2017-e-i-primi-numeri-del-2019-confermano-il-trend-positivo-museo-fulc\\\/\",\"name\":\"Belluno, turismo ancora in crescita. Yuki d'Emilia: i dati del 2018 segnano un miglioramento rispetto al 2017. E i primi numeri del 2019 confermano il trend positivo. Museo Fulcis +34% - Bellunopress - Dolomiti\",\"isPartOf\":{\"@id\":\"https:\\\/\\\/www.bellunopress.it\\\/#website\"},\"primaryImageOfPage\":{\"@id\":\"https:\\\/\\\/www.bellunopress.it\\\/2019\\\/10\\\/01\\\/belluno-porta-sulle-dolomiti-turismo-ancora-in-crescita-yuki-demilia-i-dati-del-2018-segnano-un-miglioramento-rispetto-al-2017-e-i-primi-numeri-del-2019-confermano-il-trend-positivo-museo-fulc\\\/#primaryimage\"},\"image\":{\"@id\":\"https:\\\/\\\/www.bellunopress.it\\\/2019\\\/10\\\/01\\\/belluno-porta-sulle-dolomiti-turismo-ancora-in-crescita-yuki-demilia-i-dati-del-2018-segnano-un-miglioramento-rispetto-al-2017-e-i-primi-numeri-del-2019-confermano-il-trend-positivo-museo-fulc\\\/#primaryimage\"},\"thumbnailUrl\":\"http:\\\/\\\/www.bellunopress.it\\\/wp-content\\\/uploads\\\/2019\\\/10\\\/Yuki-dEmilia-assessore.jpg\",\"datePublished\":\"2019-10-01T09:03:14+00:00\",\"dateModified\":\"2019-10-01T09:03:51+00:00\",\"breadcrumb\":{\"@id\":\"https:\\\/\\\/www.bellunopress.it\\\/2019\\\/10\\\/01\\\/belluno-porta-sulle-dolomiti-turismo-ancora-in-crescita-yuki-demilia-i-dati-del-2018-segnano-un-miglioramento-rispetto-al-2017-e-i-primi-numeri-del-2019-confermano-il-trend-positivo-museo-fulc\\\/#breadcrumb\"},\"inLanguage\":\"fr-FR\",\"potentialAction\":[{\"@type\":\"ReadAction\",\"target\":[\"https:\\\/\\\/www.bellunopress.it\\\/2019\\\/10\\\/01\\\/belluno-porta-sulle-dolomiti-turismo-ancora-in-crescita-yuki-demilia-i-dati-del-2018-segnano-un-miglioramento-rispetto-al-2017-e-i-primi-numeri-del-2019-confermano-il-trend-positivo-museo-fulc\\\/\"]}]},{\"@type\":\"ImageObject\",\"inLanguage\":\"fr-FR\",\"@id\":\"https:\\\/\\\/www.bellunopress.it\\\/2019\\\/10\\\/01\\\/belluno-porta-sulle-dolomiti-turismo-ancora-in-crescita-yuki-demilia-i-dati-del-2018-segnano-un-miglioramento-rispetto-al-2017-e-i-primi-numeri-del-2019-confermano-il-trend-positivo-museo-fulc\\\/#primaryimage\",\"url\":\"http:\\\/\\\/www.bellunopress.it\\\/wp-content\\\/uploads\\\/2019\\\/10\\\/Yuki-dEmilia-assessore.jpg\",\"contentUrl\":\"http:\\\/\\\/www.bellunopress.it\\\/wp-content\\\/uploads\\\/2019\\\/10\\\/Yuki-dEmilia-assessore.jpg\"},{\"@type\":\"BreadcrumbList\",\"@id\":\"https:\\\/\\\/www.bellunopress.it\\\/2019\\\/10\\\/01\\\/belluno-porta-sulle-dolomiti-turismo-ancora-in-crescita-yuki-demilia-i-dati-del-2018-segnano-un-miglioramento-rispetto-al-2017-e-i-primi-numeri-del-2019-confermano-il-trend-positivo-museo-fulc\\\/#breadcrumb\",\"itemListElement\":[{\"@type\":\"ListItem\",\"position\":1,\"name\":\"Home\",\"item\":\"https:\\\/\\\/www.bellunopress.it\\\/\"},{\"@type\":\"ListItem\",\"position\":2,\"name\":\"Belluno, turismo ancora in crescita. Yuki d&#8217;Emilia: i dati del 2018 segnano un miglioramento rispetto al 2017. E i primi numeri del 2019 confermano il trend positivo. Museo Fulcis +34%\"}]},{\"@type\":\"WebSite\",\"@id\":\"https:\\\/\\\/www.bellunopress.it\\\/#website\",\"url\":\"https:\\\/\\\/www.bellunopress.it\\\/\",\"name\":\"Bellunopress - Dolomiti\",\"description\":\"e-mail: redazione@bellunopress.it\",\"publisher\":{\"@id\":\"https:\\\/\\\/www.bellunopress.it\\\/#organization\"},\"potentialAction\":[{\"@type\":\"SearchAction\",\"target\":{\"@type\":\"EntryPoint\",\"urlTemplate\":\"https:\\\/\\\/www.bellunopress.it\\\/?s={search_term_string}\"},\"query-input\":{\"@type\":\"PropertyValueSpecification\",\"valueRequired\":true,\"valueName\":\"search_term_string\"}}],\"inLanguage\":\"fr-FR\"},{\"@type\":\"Organization\",\"@id\":\"https:\\\/\\\/www.bellunopress.it\\\/#organization\",\"name\":\"Bellunopress\",\"url\":\"https:\\\/\\\/www.bellunopress.it\\\/\",\"logo\":{\"@type\":\"ImageObject\",\"inLanguage\":\"fr-FR\",\"@id\":\"https:\\\/\\\/www.bellunopress.it\\\/#\\\/schema\\\/logo\\\/image\\\/\",\"url\":\"https:\\\/\\\/www.bellunopress.it\\\/wp-content\\\/uploads\\\/2011\\\/05\\\/cropped-logo-bellunopress-.jpg\",\"contentUrl\":\"https:\\\/\\\/www.bellunopress.it\\\/wp-content\\\/uploads\\\/2011\\\/05\\\/cropped-logo-bellunopress-.jpg\",\"width\":512,\"height\":512,\"caption\":\"Bellunopress\"},\"image\":{\"@id\":\"https:\\\/\\\/www.bellunopress.it\\\/#\\\/schema\\\/logo\\\/image\\\/\"},\"sameAs\":[\"https:\\\/\\\/www.facebook.com\\\/profile.php?id=100008943462799\",\"https:\\\/\\\/x.com\\\/bellunopress\",\"https:\\\/\\\/www.linkedin.com\\\/hp\\\/?dnr=JBzUWaJfMUw8vbXJJ2tVW5-I3jZKvC4wsoxE&amp;amp;amp;amp;amp;amp;trk=nav_responsive_tab_home\",\"https:\\\/\\\/www.youtube.com\\\/channel\\\/UCxL0wu1uN0_3_7hGG0306cw\"]},{\"@type\":\"Person\",\"@id\":\"https:\\\/\\\/www.bellunopress.it\\\/#\\\/schema\\\/person\\\/79bb06722b37ece1c03d3e94beb30d73\",\"name\":\"redazione\",\"image\":{\"@type\":\"ImageObject\",\"inLanguage\":\"fr-FR\",\"@id\":\"https:\\\/\\\/secure.gravatar.com\\\/avatar\\\/37d968a2e67a6fd04c169c4bdef102d0bc5d31b2546345219e348575eb80e9a0?s=96&d=mm&r=g\",\"url\":\"https:\\\/\\\/secure.gravatar.com\\\/avatar\\\/37d968a2e67a6fd04c169c4bdef102d0bc5d31b2546345219e348575eb80e9a0?s=96&d=mm&r=g\",\"contentUrl\":\"https:\\\/\\\/secure.gravatar.com\\\/avatar\\\/37d968a2e67a6fd04c169c4bdef102d0bc5d31b2546345219e348575eb80e9a0?s=96&d=mm&r=g\",\"caption\":\"redazione\"},\"sameAs\":[\"http:\\\/\\\/www.bellunopress.it\",\"https:\\\/\\\/x.com\\\/bellunopress\"],\"url\":\"https:\\\/\\\/www.bellunopress.it\\\/fr\\\/author\\\/redazione\\\/\"}]}<\/script>\n<!-- \/ Yoast SEO plugin. -->","yoast_head_json":{"title":"Belluno, turismo ancora in crescita. Yuki d'Emilia: i dati del 2018 segnano un miglioramento rispetto al 2017. E i primi numeri del 2019 confermano il trend positivo. Museo Fulcis +34% - Bellunopress - Dolomiti","robots":{"index":"index","follow":"follow","max-snippet":"max-snippet:-1","max-image-preview":"max-image-preview:large","max-video-preview":"max-video-preview:-1"},"canonical":"https:\/\/www.bellunopress.it\/fr\/2019\/10\/01\/belluno-porta-sulle-dolomiti-turismo-ancora-in-crescita-yuki-demilia-i-dati-del-2018-segnano-un-miglioramento-rispetto-al-2017-e-i-primi-numeri-del-2019-confermano-il-trend-positivo-museo-fulc\/","og_locale":"fr_FR","og_type":"article","og_title":"Belluno, turismo ancora in crescita. Yuki d'Emilia: i dati del 2018 segnano un miglioramento rispetto al 2017. E i primi numeri del 2019 confermano il trend positivo. Museo Fulcis +34% - Bellunopress - Dolomiti","og_description":"Belluno, I\u00b0 ottobre 2019\u00a0 &#8211;\u00a0 Ancora segnali positivi per il turismo nel capoluogo: i dati ufficiali del 2018 migliorano la performance del 2017, e i segnali che arrivano in questi mesi dal 2019 dall&#8217;ufficio turistico e dal nuovo infopoint sul Nevegal confermano il trend. I dati certificati del 2018 Oltrepassata quota 60mila per gli arrivi, [&hellip;]","og_url":"https:\/\/www.bellunopress.it\/fr\/2019\/10\/01\/belluno-porta-sulle-dolomiti-turismo-ancora-in-crescita-yuki-demilia-i-dati-del-2018-segnano-un-miglioramento-rispetto-al-2017-e-i-primi-numeri-del-2019-confermano-il-trend-positivo-museo-fulc\/","og_site_name":"Bellunopress - Dolomiti","article_publisher":"https:\/\/www.facebook.com\/profile.php?id=100008943462799","article_published_time":"2019-10-01T09:03:14+00:00","article_modified_time":"2019-10-01T09:03:51+00:00","og_image":[{"url":"http:\/\/www.bellunopress.it\/wp-content\/uploads\/2019\/10\/Yuki-dEmilia-assessore.jpg","type":"","width":"","height":""}],"author":"redazione","twitter_card":"summary_large_image","twitter_creator":"@bellunopress","twitter_site":"@bellunopress","twitter_misc":{"\u00c9crit par":"redazione","Dur\u00e9e de lecture estim\u00e9e":"3 minutes"},"schema":{"@context":"https:\/\/schema.org","@graph":[{"@type":"Article","@id":"https:\/\/www.bellunopress.it\/2019\/10\/01\/belluno-porta-sulle-dolomiti-turismo-ancora-in-crescita-yuki-demilia-i-dati-del-2018-segnano-un-miglioramento-rispetto-al-2017-e-i-primi-numeri-del-2019-confermano-il-trend-positivo-museo-fulc\/#article","isPartOf":{"@id":"https:\/\/www.bellunopress.it\/2019\/10\/01\/belluno-porta-sulle-dolomiti-turismo-ancora-in-crescita-yuki-demilia-i-dati-del-2018-segnano-un-miglioramento-rispetto-al-2017-e-i-primi-numeri-del-2019-confermano-il-trend-positivo-museo-fulc\/"},"author":{"name":"redazione","@id":"https:\/\/www.bellunopress.it\/#\/schema\/person\/79bb06722b37ece1c03d3e94beb30d73"},"headline":"Belluno, turismo ancora in crescita. Yuki d&#8217;Emilia: i dati del 2018 segnano un miglioramento rispetto al 2017. E i primi numeri del 2019 confermano il trend positivo. Museo Fulcis +34%","datePublished":"2019-10-01T09:03:14+00:00","dateModified":"2019-10-01T09:03:51+00:00","mainEntityOfPage":{"@id":"https:\/\/www.bellunopress.it\/2019\/10\/01\/belluno-porta-sulle-dolomiti-turismo-ancora-in-crescita-yuki-demilia-i-dati-del-2018-segnano-un-miglioramento-rispetto-al-2017-e-i-primi-numeri-del-2019-confermano-il-trend-positivo-museo-fulc\/"},"wordCount":726,"publisher":{"@id":"https:\/\/www.bellunopress.it\/#organization"},"image":{"@id":"https:\/\/www.bellunopress.it\/2019\/10\/01\/belluno-porta-sulle-dolomiti-turismo-ancora-in-crescita-yuki-demilia-i-dati-del-2018-segnano-un-miglioramento-rispetto-al-2017-e-i-primi-numeri-del-2019-confermano-il-trend-positivo-museo-fulc\/#primaryimage"},"thumbnailUrl":"http:\/\/www.bellunopress.it\/wp-content\/uploads\/2019\/10\/Yuki-dEmilia-assessore.jpg","articleSection":["Lettere Opinioni"],"inLanguage":"fr-FR"},{"@type":"WebPage","@id":"https:\/\/www.bellunopress.it\/2019\/10\/01\/belluno-porta-sulle-dolomiti-turismo-ancora-in-crescita-yuki-demilia-i-dati-del-2018-segnano-un-miglioramento-rispetto-al-2017-e-i-primi-numeri-del-2019-confermano-il-trend-positivo-museo-fulc\/","url":"https:\/\/www.bellunopress.it\/2019\/10\/01\/belluno-porta-sulle-dolomiti-turismo-ancora-in-crescita-yuki-demilia-i-dati-del-2018-segnano-un-miglioramento-rispetto-al-2017-e-i-primi-numeri-del-2019-confermano-il-trend-positivo-museo-fulc\/","name":"Belluno, turismo ancora in crescita. Yuki d'Emilia: i dati del 2018 segnano un miglioramento rispetto al 2017. E i primi numeri del 2019 confermano il trend positivo. Museo Fulcis +34% - Bellunopress - Dolomiti","isPartOf":{"@id":"https:\/\/www.bellunopress.it\/#website"},"primaryImageOfPage":{"@id":"https:\/\/www.bellunopress.it\/2019\/10\/01\/belluno-porta-sulle-dolomiti-turismo-ancora-in-crescita-yuki-demilia-i-dati-del-2018-segnano-un-miglioramento-rispetto-al-2017-e-i-primi-numeri-del-2019-confermano-il-trend-positivo-museo-fulc\/#primaryimage"},"image":{"@id":"https:\/\/www.bellunopress.it\/2019\/10\/01\/belluno-porta-sulle-dolomiti-turismo-ancora-in-crescita-yuki-demilia-i-dati-del-2018-segnano-un-miglioramento-rispetto-al-2017-e-i-primi-numeri-del-2019-confermano-il-trend-positivo-museo-fulc\/#primaryimage"},"thumbnailUrl":"http:\/\/www.bellunopress.it\/wp-content\/uploads\/2019\/10\/Yuki-dEmilia-assessore.jpg","datePublished":"2019-10-01T09:03:14+00:00","dateModified":"2019-10-01T09:03:51+00:00","breadcrumb":{"@id":"https:\/\/www.bellunopress.it\/2019\/10\/01\/belluno-porta-sulle-dolomiti-turismo-ancora-in-crescita-yuki-demilia-i-dati-del-2018-segnano-un-miglioramento-rispetto-al-2017-e-i-primi-numeri-del-2019-confermano-il-trend-positivo-museo-fulc\/#breadcrumb"},"inLanguage":"fr-FR","potentialAction":[{"@type":"ReadAction","target":["https:\/\/www.bellunopress.it\/2019\/10\/01\/belluno-porta-sulle-dolomiti-turismo-ancora-in-crescita-yuki-demilia-i-dati-del-2018-segnano-un-miglioramento-rispetto-al-2017-e-i-primi-numeri-del-2019-confermano-il-trend-positivo-museo-fulc\/"]}]},{"@type":"ImageObject","inLanguage":"fr-FR","@id":"https:\/\/www.bellunopress.it\/2019\/10\/01\/belluno-porta-sulle-dolomiti-turismo-ancora-in-crescita-yuki-demilia-i-dati-del-2018-segnano-un-miglioramento-rispetto-al-2017-e-i-primi-numeri-del-2019-confermano-il-trend-positivo-museo-fulc\/#primaryimage","url":"http:\/\/www.bellunopress.it\/wp-content\/uploads\/2019\/10\/Yuki-dEmilia-assessore.jpg","contentUrl":"http:\/\/www.bellunopress.it\/wp-content\/uploads\/2019\/10\/Yuki-dEmilia-assessore.jpg"},{"@type":"BreadcrumbList","@id":"https:\/\/www.bellunopress.it\/2019\/10\/01\/belluno-porta-sulle-dolomiti-turismo-ancora-in-crescita-yuki-demilia-i-dati-del-2018-segnano-un-miglioramento-rispetto-al-2017-e-i-primi-numeri-del-2019-confermano-il-trend-positivo-museo-fulc\/#breadcrumb","itemListElement":[{"@type":"ListItem","position":1,"name":"Home","item":"https:\/\/www.bellunopress.it\/"},{"@type":"ListItem","position":2,"name":"Belluno, turismo ancora in crescita. Yuki d&#8217;Emilia: i dati del 2018 segnano un miglioramento rispetto al 2017. E i primi numeri del 2019 confermano il trend positivo. Museo Fulcis +34%"}]},{"@type":"WebSite","@id":"https:\/\/www.bellunopress.it\/#website","url":"https:\/\/www.bellunopress.it\/","name":"Bellunopress - Dolomiti","description":"e-mail: redazione@bellunopress.it","publisher":{"@id":"https:\/\/www.bellunopress.it\/#organization"},"potentialAction":[{"@type":"SearchAction","target":{"@type":"EntryPoint","urlTemplate":"https:\/\/www.bellunopress.it\/?s={search_term_string}"},"query-input":{"@type":"PropertyValueSpecification","valueRequired":true,"valueName":"search_term_string"}}],"inLanguage":"fr-FR"},{"@type":"Organization","@id":"https:\/\/www.bellunopress.it\/#organization","name":"Bellunopress","url":"https:\/\/www.bellunopress.it\/","logo":{"@type":"ImageObject","inLanguage":"fr-FR","@id":"https:\/\/www.bellunopress.it\/#\/schema\/logo\/image\/","url":"https:\/\/www.bellunopress.it\/wp-content\/uploads\/2011\/05\/cropped-logo-bellunopress-.jpg","contentUrl":"https:\/\/www.bellunopress.it\/wp-content\/uploads\/2011\/05\/cropped-logo-bellunopress-.jpg","width":512,"height":512,"caption":"Bellunopress"},"image":{"@id":"https:\/\/www.bellunopress.it\/#\/schema\/logo\/image\/"},"sameAs":["https:\/\/www.facebook.com\/profile.php?id=100008943462799","https:\/\/x.com\/bellunopress","https:\/\/www.linkedin.com\/hp\/?dnr=JBzUWaJfMUw8vbXJJ2tVW5-I3jZKvC4wsoxE&amp;amp;amp;amp;amp;amp;trk=nav_responsive_tab_home","https:\/\/www.youtube.com\/channel\/UCxL0wu1uN0_3_7hGG0306cw"]},{"@type":"Person","@id":"https:\/\/www.bellunopress.it\/#\/schema\/person\/79bb06722b37ece1c03d3e94beb30d73","name":"r\u00e9daction","image":{"@type":"ImageObject","inLanguage":"fr-FR","@id":"https:\/\/secure.gravatar.com\/avatar\/37d968a2e67a6fd04c169c4bdef102d0bc5d31b2546345219e348575eb80e9a0?s=96&d=mm&r=g","url":"https:\/\/secure.gravatar.com\/avatar\/37d968a2e67a6fd04c169c4bdef102d0bc5d31b2546345219e348575eb80e9a0?s=96&d=mm&r=g","contentUrl":"https:\/\/secure.gravatar.com\/avatar\/37d968a2e67a6fd04c169c4bdef102d0bc5d31b2546345219e348575eb80e9a0?s=96&d=mm&r=g","caption":"redazione"},"sameAs":["http:\/\/www.bellunopress.it","https:\/\/x.com\/bellunopress"],"url":"https:\/\/www.bellunopress.it\/fr\/author\/redazione\/"}]}},"_links":{"self":[{"href":"https:\/\/www.bellunopress.it\/fr\/wp-json\/wp\/v2\/posts\/108354","targetHints":{"allow":["GET"]}}],"collection":[{"href":"https:\/\/www.bellunopress.it\/fr\/wp-json\/wp\/v2\/posts"}],"about":[{"href":"https:\/\/www.bellunopress.it\/fr\/wp-json\/wp\/v2\/types\/post"}],"author":[{"embeddable":true,"href":"https:\/\/www.bellunopress.it\/fr\/wp-json\/wp\/v2\/users\/2"}],"replies":[{"embeddable":true,"href":"https:\/\/www.bellunopress.it\/fr\/wp-json\/wp\/v2\/comments?post=108354"}],"version-history":[{"count":3,"href":"https:\/\/www.bellunopress.it\/fr\/wp-json\/wp\/v2\/posts\/108354\/revisions"}],"predecessor-version":[{"id":108358,"href":"https:\/\/www.bellunopress.it\/fr\/wp-json\/wp\/v2\/posts\/108354\/revisions\/108358"}],"wp:attachment":[{"href":"https:\/\/www.bellunopress.it\/fr\/wp-json\/wp\/v2\/media?parent=108354"}],"wp:term":[{"taxonomy":"category","embeddable":true,"href":"https:\/\/www.bellunopress.it\/fr\/wp-json\/wp\/v2\/categories?post=108354"},{"taxonomy":"post_tag","embeddable":true,"href":"https:\/\/www.bellunopress.it\/fr\/wp-json\/wp\/v2\/tags?post=108354"}],"curies":[{"name":"wp","href":"https:\/\/api.w.org\/{rel}","templated":true}]}}