{"id":108347,"date":"2019-09-30T17:35:03","date_gmt":"2019-09-30T15:35:03","guid":{"rendered":"http:\/\/www.bellunopress.it\/?p=108347"},"modified":"2019-09-30T17:35:03","modified_gmt":"2019-09-30T15:35:03","slug":"rifinanziato-il-bando-per-le-utenze-domestiche-de-carlo-lunione-montana-non-arretra-sui-servizi-sociali-stanziati-15mila-euro","status":"publish","type":"post","link":"https:\/\/www.bellunopress.it\/fr\/2019\/09\/30\/rifinanziato-il-bando-per-le-utenze-domestiche-de-carlo-lunione-montana-non-arretra-sui-servizi-sociali-stanziati-15mila-euro\/","title":{"rendered":"Rifinanziato il bando per le utenze domestiche. De Carlo: \u201cL&#8217;Unione Montana non arretra sui servizi sociali\u201d. Stanziati 15mila euro"},"content":{"rendered":"<figure id=\"attachment_94339\" aria-describedby=\"caption-attachment-94339\" style=\"width: 227px\" class=\"wp-caption alignleft\"><a href=\"http:\/\/www.bellunopress.it\/fr\/2018\/04\/15\/il-gazzettino-riduce-gli-stipendi-dei-collaboratori-de-carlo-una-decisione-inammissibile-che-lede-la-dignita-umana-e-professionale-e-mette-a-rischio-la-qualita-dellinformazione\/luca-de-carlo-3\/\" rel=\"attachment wp-att-94339\"><img loading=\"lazy\" decoding=\"async\" class=\"size-full wp-image-94339\" src=\"http:\/\/www.bellunopress.it\/wp-content\/uploads\/2018\/04\/Luca-De-Carlo.jpg\" alt=\"\" width=\"227\" height=\"271\" \/><\/a><figcaption id=\"caption-attachment-94339\" class=\"wp-caption-text\">Luca De Carlo, deputato<\/figcaption><\/figure>\n<p>La giunta dell&#8217;Unione Montana Centro Cadore, riunitasi venerd\u00ec scorso, ha deliberato il rifinanziamento del \u201cbando utenze\u201d, che prevede l&#8217;assegnazione di contributi alle famiglie del territorio a parziale ristoro delle spese sostenute per Imu, Tari, Tasi, acqua, gas ed energia elettrica; anche quest&#8217;anno, il finanziamento \u00e8 di 15mila euro.<\/p>\n<p>\u00abAbbiamo ricevuto molte richieste di informazioni sulla riattivazione di questa opportunit\u00e0, sia da cittadini che da assistenti sociali dei nostri comuni\u201d, spiega il presidente dell&#8217;Unione Montana e sindaco di Calalzo di Cadore, Luca De Carlo. \u201cQuesto interesse \u00e8 stata un&#8217;ulteriore spinta per riconfermare una misura molto sentita\u201d.<\/p>\n<p>Il bando, che sar\u00e0 presto pubblicato nel sito dell&#8217;Unione Montana e dei comuni aderenti, consentir\u00e0 di soddisfare circa un centinaio di richieste (94 quelle pervenute nel 2018, a dimostrazione dell&#8217;efficacia del provvedimento): tra i requisiti per poter accedere al contributo, un Isee inferiore a 15mila euro e almeno un componente del nucleo familiare residente da non meno di cinque anni in uno dei Comuni appartenenti all\u2019Unione Montana.<\/p>\n<p>Il contributo per ogni nucleo sar\u00e0 pari a massimo 150 euro per famiglie con un solo componente; fino a 200 euro per famiglie da due a tre componenti; infine, fino a 250 euro per famiglie con quattro o pi\u00f9 componenti.<\/p>\n<p>\u00abQuesta iniziativa \u00e8 l&#8217;ennesima dimostrazione di come l&#8217;Unione Montana non intenda arretrare in tema di erogazione di servizi sociali, proprio mentre cominciamo a respirare un&#8221;aria sempre pi\u00f9 pesante di dismissione da parte del settore pubblico, soprattutto nelle terre alte\u201d, conclude De Carlo. \u201cSono convinto che le risposte al territorio debbano arrivare innanzitutto dal pubblico: sono i sindaci, i comuni e gli assistenti sociali le prime sentinelle del territorio, le figure che per prime individuano e monitorano le situazioni pi\u00f9 delicate\u201d.<\/p>","protected":false},"excerpt":{"rendered":"<p>La giunta dell&#8217;Unione Montana Centro Cadore, riunitasi venerd\u00ec scorso, ha deliberato il rifinanziamento del \u201cbando utenze\u201d, che prevede l&#8217;assegnazione di contributi alle famiglie del territorio a parziale ristoro delle spese sostenute per Imu, Tari, Tasi, acqua, gas ed energia elettrica; anche quest&#8217;anno, il finanziamento \u00e8 di 15mila euro. \u00abAbbiamo ricevuto molte richieste di informazioni sulla [&hellip;]<\/p>\n","protected":false},"author":2,"featured_media":0,"comment_status":"closed","ping_status":"open","sticky":false,"template":"","format":"standard","meta":{"footnotes":""},"categories":[5,26],"tags":[],"class_list":["post-108347","post","type-post","status-publish","format-standard","category-cronaca","category-prima-pagina"],"yoast_head":"<!-- This site is optimized with the Yoast SEO plugin v28.4 - https:\/\/yoast.com\/product\/yoast-seo-wordpress\/ -->\n<title>Rifinanziato il bando per le utenze domestiche. De Carlo: \u201cL&#039;Unione Montana non arretra sui servizi sociali\u201d. Stanziati 15mila euro - Bellunopress - Dolomiti<\/title>\n<meta name=\"robots\" content=\"index, follow, max-snippet:-1, max-image-preview:large, max-video-preview:-1\" \/>\n<link rel=\"canonical\" href=\"https:\/\/www.bellunopress.it\/fr\/2019\/09\/30\/rifinanziato-il-bando-per-le-utenze-domestiche-de-carlo-lunione-montana-non-arretra-sui-servizi-sociali-stanziati-15mila-euro\/\" \/>\n<meta property=\"og:locale\" content=\"fr_FR\" \/>\n<meta property=\"og:type\" content=\"article\" \/>\n<meta property=\"og:title\" content=\"Rifinanziato il bando per le utenze domestiche. De Carlo: \u201cL&#039;Unione Montana non arretra sui servizi sociali\u201d. Stanziati 15mila euro - Bellunopress - Dolomiti\" \/>\n<meta property=\"og:description\" content=\"La giunta dell&#8217;Unione Montana Centro Cadore, riunitasi venerd\u00ec scorso, ha deliberato il rifinanziamento del \u201cbando utenze\u201d, che prevede l&#8217;assegnazione di contributi alle famiglie del territorio a parziale ristoro delle spese sostenute per Imu, Tari, Tasi, acqua, gas ed energia elettrica; anche quest&#8217;anno, il finanziamento \u00e8 di 15mila euro. \u00abAbbiamo ricevuto molte richieste di informazioni sulla [&hellip;]\" \/>\n<meta property=\"og:url\" content=\"https:\/\/www.bellunopress.it\/fr\/2019\/09\/30\/rifinanziato-il-bando-per-le-utenze-domestiche-de-carlo-lunione-montana-non-arretra-sui-servizi-sociali-stanziati-15mila-euro\/\" \/>\n<meta property=\"og:site_name\" content=\"Bellunopress - Dolomiti\" \/>\n<meta property=\"article:publisher\" content=\"https:\/\/www.facebook.com\/profile.php?id=100008943462799\" \/>\n<meta property=\"article:published_time\" content=\"2019-09-30T15:35:03+00:00\" \/>\n<meta property=\"og:image\" content=\"http:\/\/www.bellunopress.it\/wp-content\/uploads\/2018\/04\/Luca-De-Carlo.jpg\" \/>\n<meta name=\"author\" content=\"redazione\" \/>\n<meta name=\"twitter:card\" content=\"summary_large_image\" \/>\n<meta name=\"twitter:creator\" content=\"@bellunopress\" \/>\n<meta name=\"twitter:site\" content=\"@bellunopress\" \/>\n<meta name=\"twitter:label1\" content=\"\u00c9crit par\" \/>\n\t<meta name=\"twitter:data1\" content=\"redazione\" \/>\n\t<meta name=\"twitter:label2\" content=\"Dur\u00e9e de lecture estim\u00e9e\" \/>\n\t<meta name=\"twitter:data2\" content=\"1 minute\" \/>\n<script type=\"application\/ld+json\" class=\"yoast-schema-graph\">{\"@context\":\"https:\\\/\\\/schema.org\",\"@graph\":[{\"@type\":\"Article\",\"@id\":\"https:\\\/\\\/www.bellunopress.it\\\/2019\\\/09\\\/30\\\/rifinanziato-il-bando-per-le-utenze-domestiche-de-carlo-lunione-montana-non-arretra-sui-servizi-sociali-stanziati-15mila-euro\\\/#article\",\"isPartOf\":{\"@id\":\"https:\\\/\\\/www.bellunopress.it\\\/2019\\\/09\\\/30\\\/rifinanziato-il-bando-per-le-utenze-domestiche-de-carlo-lunione-montana-non-arretra-sui-servizi-sociali-stanziati-15mila-euro\\\/\"},\"author\":{\"name\":\"redazione\",\"@id\":\"https:\\\/\\\/www.bellunopress.it\\\/#\\\/schema\\\/person\\\/79bb06722b37ece1c03d3e94beb30d73\"},\"headline\":\"Rifinanziato il bando per le utenze domestiche. De Carlo: \u201cL&#8217;Unione Montana non arretra sui servizi sociali\u201d. Stanziati 15mila euro\",\"datePublished\":\"2019-09-30T15:35:03+00:00\",\"mainEntityOfPage\":{\"@id\":\"https:\\\/\\\/www.bellunopress.it\\\/2019\\\/09\\\/30\\\/rifinanziato-il-bando-per-le-utenze-domestiche-de-carlo-lunione-montana-non-arretra-sui-servizi-sociali-stanziati-15mila-euro\\\/\"},\"wordCount\":316,\"publisher\":{\"@id\":\"https:\\\/\\\/www.bellunopress.it\\\/#organization\"},\"image\":{\"@id\":\"https:\\\/\\\/www.bellunopress.it\\\/2019\\\/09\\\/30\\\/rifinanziato-il-bando-per-le-utenze-domestiche-de-carlo-lunione-montana-non-arretra-sui-servizi-sociali-stanziati-15mila-euro\\\/#primaryimage\"},\"thumbnailUrl\":\"http:\\\/\\\/www.bellunopress.it\\\/wp-content\\\/uploads\\\/2018\\\/04\\\/Luca-De-Carlo.jpg\",\"articleSection\":[\"Cronaca\\\/Politica\",\"Prima Pagina\"],\"inLanguage\":\"fr-FR\"},{\"@type\":\"WebPage\",\"@id\":\"https:\\\/\\\/www.bellunopress.it\\\/2019\\\/09\\\/30\\\/rifinanziato-il-bando-per-le-utenze-domestiche-de-carlo-lunione-montana-non-arretra-sui-servizi-sociali-stanziati-15mila-euro\\\/\",\"url\":\"https:\\\/\\\/www.bellunopress.it\\\/2019\\\/09\\\/30\\\/rifinanziato-il-bando-per-le-utenze-domestiche-de-carlo-lunione-montana-non-arretra-sui-servizi-sociali-stanziati-15mila-euro\\\/\",\"name\":\"Rifinanziato il bando per le utenze domestiche. De Carlo: \u201cL'Unione Montana non arretra sui servizi sociali\u201d. Stanziati 15mila euro - Bellunopress - Dolomiti\",\"isPartOf\":{\"@id\":\"https:\\\/\\\/www.bellunopress.it\\\/#website\"},\"primaryImageOfPage\":{\"@id\":\"https:\\\/\\\/www.bellunopress.it\\\/2019\\\/09\\\/30\\\/rifinanziato-il-bando-per-le-utenze-domestiche-de-carlo-lunione-montana-non-arretra-sui-servizi-sociali-stanziati-15mila-euro\\\/#primaryimage\"},\"image\":{\"@id\":\"https:\\\/\\\/www.bellunopress.it\\\/2019\\\/09\\\/30\\\/rifinanziato-il-bando-per-le-utenze-domestiche-de-carlo-lunione-montana-non-arretra-sui-servizi-sociali-stanziati-15mila-euro\\\/#primaryimage\"},\"thumbnailUrl\":\"http:\\\/\\\/www.bellunopress.it\\\/wp-content\\\/uploads\\\/2018\\\/04\\\/Luca-De-Carlo.jpg\",\"datePublished\":\"2019-09-30T15:35:03+00:00\",\"breadcrumb\":{\"@id\":\"https:\\\/\\\/www.bellunopress.it\\\/2019\\\/09\\\/30\\\/rifinanziato-il-bando-per-le-utenze-domestiche-de-carlo-lunione-montana-non-arretra-sui-servizi-sociali-stanziati-15mila-euro\\\/#breadcrumb\"},\"inLanguage\":\"fr-FR\",\"potentialAction\":[{\"@type\":\"ReadAction\",\"target\":[\"https:\\\/\\\/www.bellunopress.it\\\/2019\\\/09\\\/30\\\/rifinanziato-il-bando-per-le-utenze-domestiche-de-carlo-lunione-montana-non-arretra-sui-servizi-sociali-stanziati-15mila-euro\\\/\"]}]},{\"@type\":\"ImageObject\",\"inLanguage\":\"fr-FR\",\"@id\":\"https:\\\/\\\/www.bellunopress.it\\\/2019\\\/09\\\/30\\\/rifinanziato-il-bando-per-le-utenze-domestiche-de-carlo-lunione-montana-non-arretra-sui-servizi-sociali-stanziati-15mila-euro\\\/#primaryimage\",\"url\":\"http:\\\/\\\/www.bellunopress.it\\\/wp-content\\\/uploads\\\/2018\\\/04\\\/Luca-De-Carlo.jpg\",\"contentUrl\":\"http:\\\/\\\/www.bellunopress.it\\\/wp-content\\\/uploads\\\/2018\\\/04\\\/Luca-De-Carlo.jpg\"},{\"@type\":\"BreadcrumbList\",\"@id\":\"https:\\\/\\\/www.bellunopress.it\\\/2019\\\/09\\\/30\\\/rifinanziato-il-bando-per-le-utenze-domestiche-de-carlo-lunione-montana-non-arretra-sui-servizi-sociali-stanziati-15mila-euro\\\/#breadcrumb\",\"itemListElement\":[{\"@type\":\"ListItem\",\"position\":1,\"name\":\"Home\",\"item\":\"https:\\\/\\\/www.bellunopress.it\\\/\"},{\"@type\":\"ListItem\",\"position\":2,\"name\":\"Rifinanziato il bando per le utenze domestiche. De Carlo: \u201cL&#8217;Unione Montana non arretra sui servizi sociali\u201d. Stanziati 15mila euro\"}]},{\"@type\":\"WebSite\",\"@id\":\"https:\\\/\\\/www.bellunopress.it\\\/#website\",\"url\":\"https:\\\/\\\/www.bellunopress.it\\\/\",\"name\":\"Bellunopress - Dolomiti\",\"description\":\"e-mail: redazione@bellunopress.it\",\"publisher\":{\"@id\":\"https:\\\/\\\/www.bellunopress.it\\\/#organization\"},\"potentialAction\":[{\"@type\":\"SearchAction\",\"target\":{\"@type\":\"EntryPoint\",\"urlTemplate\":\"https:\\\/\\\/www.bellunopress.it\\\/?s={search_term_string}\"},\"query-input\":{\"@type\":\"PropertyValueSpecification\",\"valueRequired\":true,\"valueName\":\"search_term_string\"}}],\"inLanguage\":\"fr-FR\"},{\"@type\":\"Organization\",\"@id\":\"https:\\\/\\\/www.bellunopress.it\\\/#organization\",\"name\":\"Bellunopress\",\"url\":\"https:\\\/\\\/www.bellunopress.it\\\/\",\"logo\":{\"@type\":\"ImageObject\",\"inLanguage\":\"fr-FR\",\"@id\":\"https:\\\/\\\/www.bellunopress.it\\\/#\\\/schema\\\/logo\\\/image\\\/\",\"url\":\"https:\\\/\\\/www.bellunopress.it\\\/wp-content\\\/uploads\\\/2011\\\/05\\\/cropped-logo-bellunopress-.jpg\",\"contentUrl\":\"https:\\\/\\\/www.bellunopress.it\\\/wp-content\\\/uploads\\\/2011\\\/05\\\/cropped-logo-bellunopress-.jpg\",\"width\":512,\"height\":512,\"caption\":\"Bellunopress\"},\"image\":{\"@id\":\"https:\\\/\\\/www.bellunopress.it\\\/#\\\/schema\\\/logo\\\/image\\\/\"},\"sameAs\":[\"https:\\\/\\\/www.facebook.com\\\/profile.php?id=100008943462799\",\"https:\\\/\\\/x.com\\\/bellunopress\",\"https:\\\/\\\/www.linkedin.com\\\/hp\\\/?dnr=JBzUWaJfMUw8vbXJJ2tVW5-I3jZKvC4wsoxE&amp;amp;amp;amp;amp;amp;trk=nav_responsive_tab_home\",\"https:\\\/\\\/www.youtube.com\\\/channel\\\/UCxL0wu1uN0_3_7hGG0306cw\"]},{\"@type\":\"Person\",\"@id\":\"https:\\\/\\\/www.bellunopress.it\\\/#\\\/schema\\\/person\\\/79bb06722b37ece1c03d3e94beb30d73\",\"name\":\"redazione\",\"image\":{\"@type\":\"ImageObject\",\"inLanguage\":\"fr-FR\",\"@id\":\"https:\\\/\\\/secure.gravatar.com\\\/avatar\\\/37d968a2e67a6fd04c169c4bdef102d0bc5d31b2546345219e348575eb80e9a0?s=96&d=mm&r=g\",\"url\":\"https:\\\/\\\/secure.gravatar.com\\\/avatar\\\/37d968a2e67a6fd04c169c4bdef102d0bc5d31b2546345219e348575eb80e9a0?s=96&d=mm&r=g\",\"contentUrl\":\"https:\\\/\\\/secure.gravatar.com\\\/avatar\\\/37d968a2e67a6fd04c169c4bdef102d0bc5d31b2546345219e348575eb80e9a0?s=96&d=mm&r=g\",\"caption\":\"redazione\"},\"sameAs\":[\"http:\\\/\\\/www.bellunopress.it\",\"https:\\\/\\\/x.com\\\/bellunopress\"],\"url\":\"https:\\\/\\\/www.bellunopress.it\\\/fr\\\/author\\\/redazione\\\/\"}]}<\/script>\n<!-- \/ Yoast SEO plugin. -->","yoast_head_json":{"title":"Rifinanziato il bando per le utenze domestiche. De Carlo: \u201cL'Unione Montana non arretra sui servizi sociali\u201d. Stanziati 15mila euro - Bellunopress - Dolomiti","robots":{"index":"index","follow":"follow","max-snippet":"max-snippet:-1","max-image-preview":"max-image-preview:large","max-video-preview":"max-video-preview:-1"},"canonical":"https:\/\/www.bellunopress.it\/fr\/2019\/09\/30\/rifinanziato-il-bando-per-le-utenze-domestiche-de-carlo-lunione-montana-non-arretra-sui-servizi-sociali-stanziati-15mila-euro\/","og_locale":"fr_FR","og_type":"article","og_title":"Rifinanziato il bando per le utenze domestiche. De Carlo: \u201cL'Unione Montana non arretra sui servizi sociali\u201d. Stanziati 15mila euro - Bellunopress - Dolomiti","og_description":"La giunta dell&#8217;Unione Montana Centro Cadore, riunitasi venerd\u00ec scorso, ha deliberato il rifinanziamento del \u201cbando utenze\u201d, che prevede l&#8217;assegnazione di contributi alle famiglie del territorio a parziale ristoro delle spese sostenute per Imu, Tari, Tasi, acqua, gas ed energia elettrica; anche quest&#8217;anno, il finanziamento \u00e8 di 15mila euro. \u00abAbbiamo ricevuto molte richieste di informazioni sulla [&hellip;]","og_url":"https:\/\/www.bellunopress.it\/fr\/2019\/09\/30\/rifinanziato-il-bando-per-le-utenze-domestiche-de-carlo-lunione-montana-non-arretra-sui-servizi-sociali-stanziati-15mila-euro\/","og_site_name":"Bellunopress - Dolomiti","article_publisher":"https:\/\/www.facebook.com\/profile.php?id=100008943462799","article_published_time":"2019-09-30T15:35:03+00:00","og_image":[{"url":"http:\/\/www.bellunopress.it\/wp-content\/uploads\/2018\/04\/Luca-De-Carlo.jpg","type":"","width":"","height":""}],"author":"redazione","twitter_card":"summary_large_image","twitter_creator":"@bellunopress","twitter_site":"@bellunopress","twitter_misc":{"\u00c9crit par":"redazione","Dur\u00e9e de lecture estim\u00e9e":"1 minute"},"schema":{"@context":"https:\/\/schema.org","@graph":[{"@type":"Article","@id":"https:\/\/www.bellunopress.it\/2019\/09\/30\/rifinanziato-il-bando-per-le-utenze-domestiche-de-carlo-lunione-montana-non-arretra-sui-servizi-sociali-stanziati-15mila-euro\/#article","isPartOf":{"@id":"https:\/\/www.bellunopress.it\/2019\/09\/30\/rifinanziato-il-bando-per-le-utenze-domestiche-de-carlo-lunione-montana-non-arretra-sui-servizi-sociali-stanziati-15mila-euro\/"},"author":{"name":"redazione","@id":"https:\/\/www.bellunopress.it\/#\/schema\/person\/79bb06722b37ece1c03d3e94beb30d73"},"headline":"Rifinanziato il bando per le utenze domestiche. De Carlo: \u201cL&#8217;Unione Montana non arretra sui servizi sociali\u201d. Stanziati 15mila euro","datePublished":"2019-09-30T15:35:03+00:00","mainEntityOfPage":{"@id":"https:\/\/www.bellunopress.it\/2019\/09\/30\/rifinanziato-il-bando-per-le-utenze-domestiche-de-carlo-lunione-montana-non-arretra-sui-servizi-sociali-stanziati-15mila-euro\/"},"wordCount":316,"publisher":{"@id":"https:\/\/www.bellunopress.it\/#organization"},"image":{"@id":"https:\/\/www.bellunopress.it\/2019\/09\/30\/rifinanziato-il-bando-per-le-utenze-domestiche-de-carlo-lunione-montana-non-arretra-sui-servizi-sociali-stanziati-15mila-euro\/#primaryimage"},"thumbnailUrl":"http:\/\/www.bellunopress.it\/wp-content\/uploads\/2018\/04\/Luca-De-Carlo.jpg","articleSection":["Cronaca\/Politica","Prima Pagina"],"inLanguage":"fr-FR"},{"@type":"WebPage","@id":"https:\/\/www.bellunopress.it\/2019\/09\/30\/rifinanziato-il-bando-per-le-utenze-domestiche-de-carlo-lunione-montana-non-arretra-sui-servizi-sociali-stanziati-15mila-euro\/","url":"https:\/\/www.bellunopress.it\/2019\/09\/30\/rifinanziato-il-bando-per-le-utenze-domestiche-de-carlo-lunione-montana-non-arretra-sui-servizi-sociali-stanziati-15mila-euro\/","name":"Rifinanziato il bando per le utenze domestiche. De Carlo: \u201cL'Unione Montana non arretra sui servizi sociali\u201d. Stanziati 15mila euro - Bellunopress - Dolomiti","isPartOf":{"@id":"https:\/\/www.bellunopress.it\/#website"},"primaryImageOfPage":{"@id":"https:\/\/www.bellunopress.it\/2019\/09\/30\/rifinanziato-il-bando-per-le-utenze-domestiche-de-carlo-lunione-montana-non-arretra-sui-servizi-sociali-stanziati-15mila-euro\/#primaryimage"},"image":{"@id":"https:\/\/www.bellunopress.it\/2019\/09\/30\/rifinanziato-il-bando-per-le-utenze-domestiche-de-carlo-lunione-montana-non-arretra-sui-servizi-sociali-stanziati-15mila-euro\/#primaryimage"},"thumbnailUrl":"http:\/\/www.bellunopress.it\/wp-content\/uploads\/2018\/04\/Luca-De-Carlo.jpg","datePublished":"2019-09-30T15:35:03+00:00","breadcrumb":{"@id":"https:\/\/www.bellunopress.it\/2019\/09\/30\/rifinanziato-il-bando-per-le-utenze-domestiche-de-carlo-lunione-montana-non-arretra-sui-servizi-sociali-stanziati-15mila-euro\/#breadcrumb"},"inLanguage":"fr-FR","potentialAction":[{"@type":"ReadAction","target":["https:\/\/www.bellunopress.it\/2019\/09\/30\/rifinanziato-il-bando-per-le-utenze-domestiche-de-carlo-lunione-montana-non-arretra-sui-servizi-sociali-stanziati-15mila-euro\/"]}]},{"@type":"ImageObject","inLanguage":"fr-FR","@id":"https:\/\/www.bellunopress.it\/2019\/09\/30\/rifinanziato-il-bando-per-le-utenze-domestiche-de-carlo-lunione-montana-non-arretra-sui-servizi-sociali-stanziati-15mila-euro\/#primaryimage","url":"http:\/\/www.bellunopress.it\/wp-content\/uploads\/2018\/04\/Luca-De-Carlo.jpg","contentUrl":"http:\/\/www.bellunopress.it\/wp-content\/uploads\/2018\/04\/Luca-De-Carlo.jpg"},{"@type":"BreadcrumbList","@id":"https:\/\/www.bellunopress.it\/2019\/09\/30\/rifinanziato-il-bando-per-le-utenze-domestiche-de-carlo-lunione-montana-non-arretra-sui-servizi-sociali-stanziati-15mila-euro\/#breadcrumb","itemListElement":[{"@type":"ListItem","position":1,"name":"Home","item":"https:\/\/www.bellunopress.it\/"},{"@type":"ListItem","position":2,"name":"Rifinanziato il bando per le utenze domestiche. De Carlo: \u201cL&#8217;Unione Montana non arretra sui servizi sociali\u201d. Stanziati 15mila euro"}]},{"@type":"WebSite","@id":"https:\/\/www.bellunopress.it\/#website","url":"https:\/\/www.bellunopress.it\/","name":"Bellunopress - Dolomiti","description":"e-mail: redazione@bellunopress.it","publisher":{"@id":"https:\/\/www.bellunopress.it\/#organization"},"potentialAction":[{"@type":"SearchAction","target":{"@type":"EntryPoint","urlTemplate":"https:\/\/www.bellunopress.it\/?s={search_term_string}"},"query-input":{"@type":"PropertyValueSpecification","valueRequired":true,"valueName":"search_term_string"}}],"inLanguage":"fr-FR"},{"@type":"Organization","@id":"https:\/\/www.bellunopress.it\/#organization","name":"Bellunopress","url":"https:\/\/www.bellunopress.it\/","logo":{"@type":"ImageObject","inLanguage":"fr-FR","@id":"https:\/\/www.bellunopress.it\/#\/schema\/logo\/image\/","url":"https:\/\/www.bellunopress.it\/wp-content\/uploads\/2011\/05\/cropped-logo-bellunopress-.jpg","contentUrl":"https:\/\/www.bellunopress.it\/wp-content\/uploads\/2011\/05\/cropped-logo-bellunopress-.jpg","width":512,"height":512,"caption":"Bellunopress"},"image":{"@id":"https:\/\/www.bellunopress.it\/#\/schema\/logo\/image\/"},"sameAs":["https:\/\/www.facebook.com\/profile.php?id=100008943462799","https:\/\/x.com\/bellunopress","https:\/\/www.linkedin.com\/hp\/?dnr=JBzUWaJfMUw8vbXJJ2tVW5-I3jZKvC4wsoxE&amp;amp;amp;amp;amp;amp;trk=nav_responsive_tab_home","https:\/\/www.youtube.com\/channel\/UCxL0wu1uN0_3_7hGG0306cw"]},{"@type":"Person","@id":"https:\/\/www.bellunopress.it\/#\/schema\/person\/79bb06722b37ece1c03d3e94beb30d73","name":"r\u00e9daction","image":{"@type":"ImageObject","inLanguage":"fr-FR","@id":"https:\/\/secure.gravatar.com\/avatar\/37d968a2e67a6fd04c169c4bdef102d0bc5d31b2546345219e348575eb80e9a0?s=96&d=mm&r=g","url":"https:\/\/secure.gravatar.com\/avatar\/37d968a2e67a6fd04c169c4bdef102d0bc5d31b2546345219e348575eb80e9a0?s=96&d=mm&r=g","contentUrl":"https:\/\/secure.gravatar.com\/avatar\/37d968a2e67a6fd04c169c4bdef102d0bc5d31b2546345219e348575eb80e9a0?s=96&d=mm&r=g","caption":"redazione"},"sameAs":["http:\/\/www.bellunopress.it","https:\/\/x.com\/bellunopress"],"url":"https:\/\/www.bellunopress.it\/fr\/author\/redazione\/"}]}},"_links":{"self":[{"href":"https:\/\/www.bellunopress.it\/fr\/wp-json\/wp\/v2\/posts\/108347","targetHints":{"allow":["GET"]}}],"collection":[{"href":"https:\/\/www.bellunopress.it\/fr\/wp-json\/wp\/v2\/posts"}],"about":[{"href":"https:\/\/www.bellunopress.it\/fr\/wp-json\/wp\/v2\/types\/post"}],"author":[{"embeddable":true,"href":"https:\/\/www.bellunopress.it\/fr\/wp-json\/wp\/v2\/users\/2"}],"replies":[{"embeddable":true,"href":"https:\/\/www.bellunopress.it\/fr\/wp-json\/wp\/v2\/comments?post=108347"}],"version-history":[{"count":1,"href":"https:\/\/www.bellunopress.it\/fr\/wp-json\/wp\/v2\/posts\/108347\/revisions"}],"predecessor-version":[{"id":108348,"href":"https:\/\/www.bellunopress.it\/fr\/wp-json\/wp\/v2\/posts\/108347\/revisions\/108348"}],"wp:attachment":[{"href":"https:\/\/www.bellunopress.it\/fr\/wp-json\/wp\/v2\/media?parent=108347"}],"wp:term":[{"taxonomy":"category","embeddable":true,"href":"https:\/\/www.bellunopress.it\/fr\/wp-json\/wp\/v2\/categories?post=108347"},{"taxonomy":"post_tag","embeddable":true,"href":"https:\/\/www.bellunopress.it\/fr\/wp-json\/wp\/v2\/tags?post=108347"}],"curies":[{"name":"wp","href":"https:\/\/api.w.org\/{rel}","templated":true}]}}