{"id":108330,"date":"2019-09-30T13:25:27","date_gmt":"2019-09-30T11:25:27","guid":{"rendered":"http:\/\/www.bellunopress.it\/?p=108330"},"modified":"2019-09-30T13:25:27","modified_gmt":"2019-09-30T11:25:27","slug":"i-vincitori-della-33ma-rassegna-dei-formaggi-di-malga-malga-laste-di-ezio-dorigo-di-rocca-pietore-e-malga-celado-di-andrea-della-lucia-di-arsie","status":"publish","type":"post","link":"https:\/\/www.bellunopress.it\/fr\/2019\/09\/30\/i-vincitori-della-33ma-rassegna-dei-formaggi-di-malga-malga-laste-di-ezio-dorigo-di-rocca-pietore-e-malga-celado-di-andrea-della-lucia-di-arsie\/","title":{"rendered":"I vincitori della 33ma Rassegna dei formaggi di malga: Malga Laste di Ezio Dorigo di Rocca Pietore e Malga Celado di Andrea Della Lucia di Arsi\u00e9"},"content":{"rendered":"<p><a href=\"http:\/\/www.bellunopress.it\/fr\/2018\/07\/31\/rischio-presenza-corpi-estranei-il-ministero-salute-segnala-richiamo-formaggio-dolomiti-aromatizzato-alle-erbe-del-caseificio-sociale-comprensoriale-di-primiero\/formaggio-dolomiti-aromatizzato-alle-erbe\/\" rel=\"attachment wp-att-96820\"><img loading=\"lazy\" decoding=\"async\" class=\"alignleft size-full wp-image-96820\" src=\"http:\/\/www.bellunopress.it\/wp-content\/uploads\/2018\/07\/formaggio-dolomiti-aromatizzato-alle-erbe.jpg\" alt=\"\" width=\"284\" height=\"213\" \/><\/a>Un lavoro di qualit\u00e0 dove gusto, profumi, aroma e sapori sono risultati inimitabili rappresentando una Montagna davvero viva e sapiente. Cos\u00ec in breve commento, il senso principale della 33^ Rassegna dei Formaggi di Malga dell\u2019Agordino e della Provincia di Belluno organizzata ieri, domenica 29 settembre, a Villa Patt di Sedico da Coldiretti Belluno, in collaborazione con Pro Loco di Sedico, Strada dei Formaggi e dei Sapori delle Dolomiti Bellunesi e Camera di Commercio di Treviso e Belluno.<\/p>\n<p>Ben 24 i formaggi in concorso in rappresentanza di 22 aziende produttrici. La qualit\u00e0 dei nostri. formaggi di malga, rispetto alla passata edizione si \u00e8 alzata con grandi e preziose conferme e con un miglioramento mediamente soddisfacente che ha messo in evidenza le<br \/>\ncompetenze dei malghesi e la volont\u00e0 degli stessi di proporre sempre prodotti genuini e sani che non dovrebbero mai mancare sulla tavola del consumatore. Insomma una promozione e valorizzazione di un lavoro anche duro ma dalle proposte di talento a vantaggio pure del nostro territorio, della sua fruizione corretta e nel quale l\u2019agricoltore rappresenta davvero presidio indispensabile di questo ambiente naturale particolare con la sua montagna, gli animali,i boschi e pascoli. Un plauso ai giudici, davvero competenti: a Daniele Slongo di Veneto Agricoltura, Mario Innocente dell\u2019Onaf, Arturo Pizzzolon di Avepa Belluno con la presenza particolarmente competente del Presidente di Coldiretti Belluno Alessandro De Rocco.<\/p>\n<p><strong>Le classifiche:<\/strong><br \/>\n33^ Rassegna Formaggi di Malga dell\u2019Agordino:<\/p>\n<p>1) MALGA LASTE (Rocca Pietore) di Ezio Dorigo \u2013 82 punti;<\/p>\n<p>2) MALGA VALLES ALTO (Falcade) di Nicola Pescosta \u2013 75 punti;<\/p>\n<p>3)MALGA PIEN DE VACIA (Selva di Cadore) di Ren\u00e8 Spada \u2013 69 punti.<\/p>\n<p>Rassegna Formaggi di Malga della Provincia di Belluno:<\/p>\n<p>1) MALGA CELADO (Arsi\u00e8) di Andrea Della Lucia &#8211; 85 punti;<\/p>\n<p>2) MALGA CASERA RAZZO (Vigo di Cadore) di Sonia Dionisio \u2013 80 punti;<\/p>\n<p>3) MALGA GARDA (Lentiai) di Cindy Zannin \u2013 72 punti.<\/p>\n<p>Menzione Speciale a MALGA CANIDI (Mel) di Luca Parussolo per il suo formaggio di Capra che ha ottenuto ben 79 punti.<br \/>\nMalga Boi Vescov\u00e0 Alleghe, Malga Bosch Brus\u00e0 Falcade, Malga Campon D\u2019Avena Fonzaso, Malga Cherz Livinallongo del Col di Lana, Malga Erera Cesiomaggiore, Malga Fontanafredda Selva di Cadore, Malga Framont Agordo, Malga Mezzomiglio Farra D\u2019Alpago, Malga Ombretta Rocca Pietore, Malga Pramper Val di Zoldo, Malga Stia Canale D\u2019Agordo, Malga Valles Basso Falcade, Malga Rinfreddo di Comelico Superiore, Malga Larieto Cortina d\u2019Ampezzo, Malga Le Buse Falcade.<\/p>","protected":false},"excerpt":{"rendered":"<p>Un lavoro di qualit\u00e0 dove gusto, profumi, aroma e sapori sono risultati inimitabili rappresentando una Montagna davvero viva e sapiente. Cos\u00ec in breve commento, il senso principale della 33^ Rassegna dei Formaggi di Malga dell\u2019Agordino e della Provincia di Belluno organizzata ieri, domenica 29 settembre, a Villa Patt di Sedico da Coldiretti Belluno, in collaborazione [&hellip;]<\/p>\n","protected":false},"author":2,"featured_media":0,"comment_status":"closed","ping_status":"open","sticky":false,"template":"","format":"standard","meta":{"footnotes":""},"categories":[3393,26],"tags":[],"class_list":["post-108330","post","type-post","status-publish","format-standard","category-eventi-enogastronomici","category-prima-pagina"],"yoast_head":"<!-- This site is optimized with the Yoast SEO plugin v28.4 - https:\/\/yoast.com\/product\/yoast-seo-wordpress\/ -->\n<title>I vincitori della 33ma Rassegna dei formaggi di malga: Malga Laste di Ezio Dorigo di Rocca Pietore e Malga Celado di Andrea Della Lucia di Arsi\u00e9 - Bellunopress - Dolomiti<\/title>\n<meta name=\"robots\" content=\"index, follow, max-snippet:-1, max-image-preview:large, max-video-preview:-1\" \/>\n<link rel=\"canonical\" href=\"https:\/\/www.bellunopress.it\/fr\/2019\/09\/30\/i-vincitori-della-33ma-rassegna-dei-formaggi-di-malga-malga-laste-di-ezio-dorigo-di-rocca-pietore-e-malga-celado-di-andrea-della-lucia-di-arsie\/\" \/>\n<meta property=\"og:locale\" content=\"fr_FR\" \/>\n<meta property=\"og:type\" content=\"article\" \/>\n<meta property=\"og:title\" content=\"I vincitori della 33ma Rassegna dei formaggi di malga: Malga Laste di Ezio Dorigo di Rocca Pietore e Malga Celado di Andrea Della Lucia di Arsi\u00e9 - Bellunopress - Dolomiti\" \/>\n<meta property=\"og:description\" content=\"Un lavoro di qualit\u00e0 dove gusto, profumi, aroma e sapori sono risultati inimitabili rappresentando una Montagna davvero viva e sapiente. Cos\u00ec in breve commento, il senso principale della 33^ Rassegna dei Formaggi di Malga dell\u2019Agordino e della Provincia di Belluno organizzata ieri, domenica 29 settembre, a Villa Patt di Sedico da Coldiretti Belluno, in collaborazione [&hellip;]\" \/>\n<meta property=\"og:url\" content=\"https:\/\/www.bellunopress.it\/fr\/2019\/09\/30\/i-vincitori-della-33ma-rassegna-dei-formaggi-di-malga-malga-laste-di-ezio-dorigo-di-rocca-pietore-e-malga-celado-di-andrea-della-lucia-di-arsie\/\" \/>\n<meta property=\"og:site_name\" content=\"Bellunopress - Dolomiti\" \/>\n<meta property=\"article:publisher\" content=\"https:\/\/www.facebook.com\/profile.php?id=100008943462799\" \/>\n<meta property=\"article:published_time\" content=\"2019-09-30T11:25:27+00:00\" \/>\n<meta property=\"og:image\" content=\"http:\/\/www.bellunopress.it\/wp-content\/uploads\/2018\/07\/formaggio-dolomiti-aromatizzato-alle-erbe.jpg\" \/>\n<meta name=\"author\" content=\"redazione\" \/>\n<meta name=\"twitter:card\" content=\"summary_large_image\" \/>\n<meta name=\"twitter:creator\" content=\"@bellunopress\" \/>\n<meta name=\"twitter:site\" content=\"@bellunopress\" \/>\n<meta name=\"twitter:label1\" content=\"\u00c9crit par\" \/>\n\t<meta name=\"twitter:data1\" content=\"redazione\" \/>\n\t<meta name=\"twitter:label2\" content=\"Dur\u00e9e de lecture estim\u00e9e\" \/>\n\t<meta name=\"twitter:data2\" content=\"2 minutes\" \/>\n<script type=\"application\/ld+json\" class=\"yoast-schema-graph\">{\"@context\":\"https:\\\/\\\/schema.org\",\"@graph\":[{\"@type\":\"Article\",\"@id\":\"https:\\\/\\\/www.bellunopress.it\\\/2019\\\/09\\\/30\\\/i-vincitori-della-33ma-rassegna-dei-formaggi-di-malga-malga-laste-di-ezio-dorigo-di-rocca-pietore-e-malga-celado-di-andrea-della-lucia-di-arsie\\\/#article\",\"isPartOf\":{\"@id\":\"https:\\\/\\\/www.bellunopress.it\\\/2019\\\/09\\\/30\\\/i-vincitori-della-33ma-rassegna-dei-formaggi-di-malga-malga-laste-di-ezio-dorigo-di-rocca-pietore-e-malga-celado-di-andrea-della-lucia-di-arsie\\\/\"},\"author\":{\"name\":\"redazione\",\"@id\":\"https:\\\/\\\/www.bellunopress.it\\\/#\\\/schema\\\/person\\\/79bb06722b37ece1c03d3e94beb30d73\"},\"headline\":\"I vincitori della 33ma Rassegna dei formaggi di malga: Malga Laste di Ezio Dorigo di Rocca Pietore e Malga Celado di Andrea Della Lucia di Arsi\u00e9\",\"datePublished\":\"2019-09-30T11:25:27+00:00\",\"mainEntityOfPage\":{\"@id\":\"https:\\\/\\\/www.bellunopress.it\\\/2019\\\/09\\\/30\\\/i-vincitori-della-33ma-rassegna-dei-formaggi-di-malga-malga-laste-di-ezio-dorigo-di-rocca-pietore-e-malga-celado-di-andrea-della-lucia-di-arsie\\\/\"},\"wordCount\":406,\"publisher\":{\"@id\":\"https:\\\/\\\/www.bellunopress.it\\\/#organization\"},\"image\":{\"@id\":\"https:\\\/\\\/www.bellunopress.it\\\/2019\\\/09\\\/30\\\/i-vincitori-della-33ma-rassegna-dei-formaggi-di-malga-malga-laste-di-ezio-dorigo-di-rocca-pietore-e-malga-celado-di-andrea-della-lucia-di-arsie\\\/#primaryimage\"},\"thumbnailUrl\":\"http:\\\/\\\/www.bellunopress.it\\\/wp-content\\\/uploads\\\/2018\\\/07\\\/formaggio-dolomiti-aromatizzato-alle-erbe.jpg\",\"articleSection\":[\"Eventi enogastronomici\",\"Prima Pagina\"],\"inLanguage\":\"fr-FR\"},{\"@type\":\"WebPage\",\"@id\":\"https:\\\/\\\/www.bellunopress.it\\\/2019\\\/09\\\/30\\\/i-vincitori-della-33ma-rassegna-dei-formaggi-di-malga-malga-laste-di-ezio-dorigo-di-rocca-pietore-e-malga-celado-di-andrea-della-lucia-di-arsie\\\/\",\"url\":\"https:\\\/\\\/www.bellunopress.it\\\/2019\\\/09\\\/30\\\/i-vincitori-della-33ma-rassegna-dei-formaggi-di-malga-malga-laste-di-ezio-dorigo-di-rocca-pietore-e-malga-celado-di-andrea-della-lucia-di-arsie\\\/\",\"name\":\"I vincitori della 33ma Rassegna dei formaggi di malga: Malga Laste di Ezio Dorigo di Rocca Pietore e Malga Celado di Andrea Della Lucia di Arsi\u00e9 - Bellunopress - Dolomiti\",\"isPartOf\":{\"@id\":\"https:\\\/\\\/www.bellunopress.it\\\/#website\"},\"primaryImageOfPage\":{\"@id\":\"https:\\\/\\\/www.bellunopress.it\\\/2019\\\/09\\\/30\\\/i-vincitori-della-33ma-rassegna-dei-formaggi-di-malga-malga-laste-di-ezio-dorigo-di-rocca-pietore-e-malga-celado-di-andrea-della-lucia-di-arsie\\\/#primaryimage\"},\"image\":{\"@id\":\"https:\\\/\\\/www.bellunopress.it\\\/2019\\\/09\\\/30\\\/i-vincitori-della-33ma-rassegna-dei-formaggi-di-malga-malga-laste-di-ezio-dorigo-di-rocca-pietore-e-malga-celado-di-andrea-della-lucia-di-arsie\\\/#primaryimage\"},\"thumbnailUrl\":\"http:\\\/\\\/www.bellunopress.it\\\/wp-content\\\/uploads\\\/2018\\\/07\\\/formaggio-dolomiti-aromatizzato-alle-erbe.jpg\",\"datePublished\":\"2019-09-30T11:25:27+00:00\",\"breadcrumb\":{\"@id\":\"https:\\\/\\\/www.bellunopress.it\\\/2019\\\/09\\\/30\\\/i-vincitori-della-33ma-rassegna-dei-formaggi-di-malga-malga-laste-di-ezio-dorigo-di-rocca-pietore-e-malga-celado-di-andrea-della-lucia-di-arsie\\\/#breadcrumb\"},\"inLanguage\":\"fr-FR\",\"potentialAction\":[{\"@type\":\"ReadAction\",\"target\":[\"https:\\\/\\\/www.bellunopress.it\\\/2019\\\/09\\\/30\\\/i-vincitori-della-33ma-rassegna-dei-formaggi-di-malga-malga-laste-di-ezio-dorigo-di-rocca-pietore-e-malga-celado-di-andrea-della-lucia-di-arsie\\\/\"]}]},{\"@type\":\"ImageObject\",\"inLanguage\":\"fr-FR\",\"@id\":\"https:\\\/\\\/www.bellunopress.it\\\/2019\\\/09\\\/30\\\/i-vincitori-della-33ma-rassegna-dei-formaggi-di-malga-malga-laste-di-ezio-dorigo-di-rocca-pietore-e-malga-celado-di-andrea-della-lucia-di-arsie\\\/#primaryimage\",\"url\":\"http:\\\/\\\/www.bellunopress.it\\\/wp-content\\\/uploads\\\/2018\\\/07\\\/formaggio-dolomiti-aromatizzato-alle-erbe.jpg\",\"contentUrl\":\"http:\\\/\\\/www.bellunopress.it\\\/wp-content\\\/uploads\\\/2018\\\/07\\\/formaggio-dolomiti-aromatizzato-alle-erbe.jpg\"},{\"@type\":\"BreadcrumbList\",\"@id\":\"https:\\\/\\\/www.bellunopress.it\\\/2019\\\/09\\\/30\\\/i-vincitori-della-33ma-rassegna-dei-formaggi-di-malga-malga-laste-di-ezio-dorigo-di-rocca-pietore-e-malga-celado-di-andrea-della-lucia-di-arsie\\\/#breadcrumb\",\"itemListElement\":[{\"@type\":\"ListItem\",\"position\":1,\"name\":\"Home\",\"item\":\"https:\\\/\\\/www.bellunopress.it\\\/\"},{\"@type\":\"ListItem\",\"position\":2,\"name\":\"I vincitori della 33ma Rassegna dei formaggi di malga: Malga Laste di Ezio Dorigo di Rocca Pietore e Malga Celado di Andrea Della Lucia di Arsi\u00e9\"}]},{\"@type\":\"WebSite\",\"@id\":\"https:\\\/\\\/www.bellunopress.it\\\/#website\",\"url\":\"https:\\\/\\\/www.bellunopress.it\\\/\",\"name\":\"Bellunopress - Dolomiti\",\"description\":\"e-mail: redazione@bellunopress.it\",\"publisher\":{\"@id\":\"https:\\\/\\\/www.bellunopress.it\\\/#organization\"},\"potentialAction\":[{\"@type\":\"SearchAction\",\"target\":{\"@type\":\"EntryPoint\",\"urlTemplate\":\"https:\\\/\\\/www.bellunopress.it\\\/?s={search_term_string}\"},\"query-input\":{\"@type\":\"PropertyValueSpecification\",\"valueRequired\":true,\"valueName\":\"search_term_string\"}}],\"inLanguage\":\"fr-FR\"},{\"@type\":\"Organization\",\"@id\":\"https:\\\/\\\/www.bellunopress.it\\\/#organization\",\"name\":\"Bellunopress\",\"url\":\"https:\\\/\\\/www.bellunopress.it\\\/\",\"logo\":{\"@type\":\"ImageObject\",\"inLanguage\":\"fr-FR\",\"@id\":\"https:\\\/\\\/www.bellunopress.it\\\/#\\\/schema\\\/logo\\\/image\\\/\",\"url\":\"https:\\\/\\\/www.bellunopress.it\\\/wp-content\\\/uploads\\\/2011\\\/05\\\/cropped-logo-bellunopress-.jpg\",\"contentUrl\":\"https:\\\/\\\/www.bellunopress.it\\\/wp-content\\\/uploads\\\/2011\\\/05\\\/cropped-logo-bellunopress-.jpg\",\"width\":512,\"height\":512,\"caption\":\"Bellunopress\"},\"image\":{\"@id\":\"https:\\\/\\\/www.bellunopress.it\\\/#\\\/schema\\\/logo\\\/image\\\/\"},\"sameAs\":[\"https:\\\/\\\/www.facebook.com\\\/profile.php?id=100008943462799\",\"https:\\\/\\\/x.com\\\/bellunopress\",\"https:\\\/\\\/www.linkedin.com\\\/hp\\\/?dnr=JBzUWaJfMUw8vbXJJ2tVW5-I3jZKvC4wsoxE&amp;amp;amp;amp;amp;amp;trk=nav_responsive_tab_home\",\"https:\\\/\\\/www.youtube.com\\\/channel\\\/UCxL0wu1uN0_3_7hGG0306cw\"]},{\"@type\":\"Person\",\"@id\":\"https:\\\/\\\/www.bellunopress.it\\\/#\\\/schema\\\/person\\\/79bb06722b37ece1c03d3e94beb30d73\",\"name\":\"redazione\",\"image\":{\"@type\":\"ImageObject\",\"inLanguage\":\"fr-FR\",\"@id\":\"https:\\\/\\\/secure.gravatar.com\\\/avatar\\\/37d968a2e67a6fd04c169c4bdef102d0bc5d31b2546345219e348575eb80e9a0?s=96&d=mm&r=g\",\"url\":\"https:\\\/\\\/secure.gravatar.com\\\/avatar\\\/37d968a2e67a6fd04c169c4bdef102d0bc5d31b2546345219e348575eb80e9a0?s=96&d=mm&r=g\",\"contentUrl\":\"https:\\\/\\\/secure.gravatar.com\\\/avatar\\\/37d968a2e67a6fd04c169c4bdef102d0bc5d31b2546345219e348575eb80e9a0?s=96&d=mm&r=g\",\"caption\":\"redazione\"},\"sameAs\":[\"http:\\\/\\\/www.bellunopress.it\",\"https:\\\/\\\/x.com\\\/bellunopress\"],\"url\":\"https:\\\/\\\/www.bellunopress.it\\\/fr\\\/author\\\/redazione\\\/\"}]}<\/script>\n<!-- \/ Yoast SEO plugin. -->","yoast_head_json":{"title":"I vincitori della 33ma Rassegna dei formaggi di malga: Malga Laste di Ezio Dorigo di Rocca Pietore e Malga Celado di Andrea Della Lucia di Arsi\u00e9 - Bellunopress - Dolomiti","robots":{"index":"index","follow":"follow","max-snippet":"max-snippet:-1","max-image-preview":"max-image-preview:large","max-video-preview":"max-video-preview:-1"},"canonical":"https:\/\/www.bellunopress.it\/fr\/2019\/09\/30\/i-vincitori-della-33ma-rassegna-dei-formaggi-di-malga-malga-laste-di-ezio-dorigo-di-rocca-pietore-e-malga-celado-di-andrea-della-lucia-di-arsie\/","og_locale":"fr_FR","og_type":"article","og_title":"I vincitori della 33ma Rassegna dei formaggi di malga: Malga Laste di Ezio Dorigo di Rocca Pietore e Malga Celado di Andrea Della Lucia di Arsi\u00e9 - Bellunopress - Dolomiti","og_description":"Un lavoro di qualit\u00e0 dove gusto, profumi, aroma e sapori sono risultati inimitabili rappresentando una Montagna davvero viva e sapiente. Cos\u00ec in breve commento, il senso principale della 33^ Rassegna dei Formaggi di Malga dell\u2019Agordino e della Provincia di Belluno organizzata ieri, domenica 29 settembre, a Villa Patt di Sedico da Coldiretti Belluno, in collaborazione [&hellip;]","og_url":"https:\/\/www.bellunopress.it\/fr\/2019\/09\/30\/i-vincitori-della-33ma-rassegna-dei-formaggi-di-malga-malga-laste-di-ezio-dorigo-di-rocca-pietore-e-malga-celado-di-andrea-della-lucia-di-arsie\/","og_site_name":"Bellunopress - Dolomiti","article_publisher":"https:\/\/www.facebook.com\/profile.php?id=100008943462799","article_published_time":"2019-09-30T11:25:27+00:00","og_image":[{"url":"http:\/\/www.bellunopress.it\/wp-content\/uploads\/2018\/07\/formaggio-dolomiti-aromatizzato-alle-erbe.jpg","type":"","width":"","height":""}],"author":"redazione","twitter_card":"summary_large_image","twitter_creator":"@bellunopress","twitter_site":"@bellunopress","twitter_misc":{"\u00c9crit par":"redazione","Dur\u00e9e de lecture estim\u00e9e":"2 minutes"},"schema":{"@context":"https:\/\/schema.org","@graph":[{"@type":"Article","@id":"https:\/\/www.bellunopress.it\/2019\/09\/30\/i-vincitori-della-33ma-rassegna-dei-formaggi-di-malga-malga-laste-di-ezio-dorigo-di-rocca-pietore-e-malga-celado-di-andrea-della-lucia-di-arsie\/#article","isPartOf":{"@id":"https:\/\/www.bellunopress.it\/2019\/09\/30\/i-vincitori-della-33ma-rassegna-dei-formaggi-di-malga-malga-laste-di-ezio-dorigo-di-rocca-pietore-e-malga-celado-di-andrea-della-lucia-di-arsie\/"},"author":{"name":"redazione","@id":"https:\/\/www.bellunopress.it\/#\/schema\/person\/79bb06722b37ece1c03d3e94beb30d73"},"headline":"I vincitori della 33ma Rassegna dei formaggi di malga: Malga Laste di Ezio Dorigo di Rocca Pietore e Malga Celado di Andrea Della Lucia di Arsi\u00e9","datePublished":"2019-09-30T11:25:27+00:00","mainEntityOfPage":{"@id":"https:\/\/www.bellunopress.it\/2019\/09\/30\/i-vincitori-della-33ma-rassegna-dei-formaggi-di-malga-malga-laste-di-ezio-dorigo-di-rocca-pietore-e-malga-celado-di-andrea-della-lucia-di-arsie\/"},"wordCount":406,"publisher":{"@id":"https:\/\/www.bellunopress.it\/#organization"},"image":{"@id":"https:\/\/www.bellunopress.it\/2019\/09\/30\/i-vincitori-della-33ma-rassegna-dei-formaggi-di-malga-malga-laste-di-ezio-dorigo-di-rocca-pietore-e-malga-celado-di-andrea-della-lucia-di-arsie\/#primaryimage"},"thumbnailUrl":"http:\/\/www.bellunopress.it\/wp-content\/uploads\/2018\/07\/formaggio-dolomiti-aromatizzato-alle-erbe.jpg","articleSection":["Eventi enogastronomici","Prima Pagina"],"inLanguage":"fr-FR"},{"@type":"WebPage","@id":"https:\/\/www.bellunopress.it\/2019\/09\/30\/i-vincitori-della-33ma-rassegna-dei-formaggi-di-malga-malga-laste-di-ezio-dorigo-di-rocca-pietore-e-malga-celado-di-andrea-della-lucia-di-arsie\/","url":"https:\/\/www.bellunopress.it\/2019\/09\/30\/i-vincitori-della-33ma-rassegna-dei-formaggi-di-malga-malga-laste-di-ezio-dorigo-di-rocca-pietore-e-malga-celado-di-andrea-della-lucia-di-arsie\/","name":"I vincitori della 33ma Rassegna dei formaggi di malga: Malga Laste di Ezio Dorigo di Rocca Pietore e Malga Celado di Andrea Della Lucia di Arsi\u00e9 - Bellunopress - Dolomiti","isPartOf":{"@id":"https:\/\/www.bellunopress.it\/#website"},"primaryImageOfPage":{"@id":"https:\/\/www.bellunopress.it\/2019\/09\/30\/i-vincitori-della-33ma-rassegna-dei-formaggi-di-malga-malga-laste-di-ezio-dorigo-di-rocca-pietore-e-malga-celado-di-andrea-della-lucia-di-arsie\/#primaryimage"},"image":{"@id":"https:\/\/www.bellunopress.it\/2019\/09\/30\/i-vincitori-della-33ma-rassegna-dei-formaggi-di-malga-malga-laste-di-ezio-dorigo-di-rocca-pietore-e-malga-celado-di-andrea-della-lucia-di-arsie\/#primaryimage"},"thumbnailUrl":"http:\/\/www.bellunopress.it\/wp-content\/uploads\/2018\/07\/formaggio-dolomiti-aromatizzato-alle-erbe.jpg","datePublished":"2019-09-30T11:25:27+00:00","breadcrumb":{"@id":"https:\/\/www.bellunopress.it\/2019\/09\/30\/i-vincitori-della-33ma-rassegna-dei-formaggi-di-malga-malga-laste-di-ezio-dorigo-di-rocca-pietore-e-malga-celado-di-andrea-della-lucia-di-arsie\/#breadcrumb"},"inLanguage":"fr-FR","potentialAction":[{"@type":"ReadAction","target":["https:\/\/www.bellunopress.it\/2019\/09\/30\/i-vincitori-della-33ma-rassegna-dei-formaggi-di-malga-malga-laste-di-ezio-dorigo-di-rocca-pietore-e-malga-celado-di-andrea-della-lucia-di-arsie\/"]}]},{"@type":"ImageObject","inLanguage":"fr-FR","@id":"https:\/\/www.bellunopress.it\/2019\/09\/30\/i-vincitori-della-33ma-rassegna-dei-formaggi-di-malga-malga-laste-di-ezio-dorigo-di-rocca-pietore-e-malga-celado-di-andrea-della-lucia-di-arsie\/#primaryimage","url":"http:\/\/www.bellunopress.it\/wp-content\/uploads\/2018\/07\/formaggio-dolomiti-aromatizzato-alle-erbe.jpg","contentUrl":"http:\/\/www.bellunopress.it\/wp-content\/uploads\/2018\/07\/formaggio-dolomiti-aromatizzato-alle-erbe.jpg"},{"@type":"BreadcrumbList","@id":"https:\/\/www.bellunopress.it\/2019\/09\/30\/i-vincitori-della-33ma-rassegna-dei-formaggi-di-malga-malga-laste-di-ezio-dorigo-di-rocca-pietore-e-malga-celado-di-andrea-della-lucia-di-arsie\/#breadcrumb","itemListElement":[{"@type":"ListItem","position":1,"name":"Home","item":"https:\/\/www.bellunopress.it\/"},{"@type":"ListItem","position":2,"name":"I vincitori della 33ma Rassegna dei formaggi di malga: Malga Laste di Ezio Dorigo di Rocca Pietore e Malga Celado di Andrea Della Lucia di Arsi\u00e9"}]},{"@type":"WebSite","@id":"https:\/\/www.bellunopress.it\/#website","url":"https:\/\/www.bellunopress.it\/","name":"Bellunopress - Dolomiti","description":"e-mail: redazione@bellunopress.it","publisher":{"@id":"https:\/\/www.bellunopress.it\/#organization"},"potentialAction":[{"@type":"SearchAction","target":{"@type":"EntryPoint","urlTemplate":"https:\/\/www.bellunopress.it\/?s={search_term_string}"},"query-input":{"@type":"PropertyValueSpecification","valueRequired":true,"valueName":"search_term_string"}}],"inLanguage":"fr-FR"},{"@type":"Organization","@id":"https:\/\/www.bellunopress.it\/#organization","name":"Bellunopress","url":"https:\/\/www.bellunopress.it\/","logo":{"@type":"ImageObject","inLanguage":"fr-FR","@id":"https:\/\/www.bellunopress.it\/#\/schema\/logo\/image\/","url":"https:\/\/www.bellunopress.it\/wp-content\/uploads\/2011\/05\/cropped-logo-bellunopress-.jpg","contentUrl":"https:\/\/www.bellunopress.it\/wp-content\/uploads\/2011\/05\/cropped-logo-bellunopress-.jpg","width":512,"height":512,"caption":"Bellunopress"},"image":{"@id":"https:\/\/www.bellunopress.it\/#\/schema\/logo\/image\/"},"sameAs":["https:\/\/www.facebook.com\/profile.php?id=100008943462799","https:\/\/x.com\/bellunopress","https:\/\/www.linkedin.com\/hp\/?dnr=JBzUWaJfMUw8vbXJJ2tVW5-I3jZKvC4wsoxE&amp;amp;amp;amp;amp;amp;trk=nav_responsive_tab_home","https:\/\/www.youtube.com\/channel\/UCxL0wu1uN0_3_7hGG0306cw"]},{"@type":"Person","@id":"https:\/\/www.bellunopress.it\/#\/schema\/person\/79bb06722b37ece1c03d3e94beb30d73","name":"r\u00e9daction","image":{"@type":"ImageObject","inLanguage":"fr-FR","@id":"https:\/\/secure.gravatar.com\/avatar\/37d968a2e67a6fd04c169c4bdef102d0bc5d31b2546345219e348575eb80e9a0?s=96&d=mm&r=g","url":"https:\/\/secure.gravatar.com\/avatar\/37d968a2e67a6fd04c169c4bdef102d0bc5d31b2546345219e348575eb80e9a0?s=96&d=mm&r=g","contentUrl":"https:\/\/secure.gravatar.com\/avatar\/37d968a2e67a6fd04c169c4bdef102d0bc5d31b2546345219e348575eb80e9a0?s=96&d=mm&r=g","caption":"redazione"},"sameAs":["http:\/\/www.bellunopress.it","https:\/\/x.com\/bellunopress"],"url":"https:\/\/www.bellunopress.it\/fr\/author\/redazione\/"}]}},"_links":{"self":[{"href":"https:\/\/www.bellunopress.it\/fr\/wp-json\/wp\/v2\/posts\/108330","targetHints":{"allow":["GET"]}}],"collection":[{"href":"https:\/\/www.bellunopress.it\/fr\/wp-json\/wp\/v2\/posts"}],"about":[{"href":"https:\/\/www.bellunopress.it\/fr\/wp-json\/wp\/v2\/types\/post"}],"author":[{"embeddable":true,"href":"https:\/\/www.bellunopress.it\/fr\/wp-json\/wp\/v2\/users\/2"}],"replies":[{"embeddable":true,"href":"https:\/\/www.bellunopress.it\/fr\/wp-json\/wp\/v2\/comments?post=108330"}],"version-history":[{"count":1,"href":"https:\/\/www.bellunopress.it\/fr\/wp-json\/wp\/v2\/posts\/108330\/revisions"}],"predecessor-version":[{"id":108331,"href":"https:\/\/www.bellunopress.it\/fr\/wp-json\/wp\/v2\/posts\/108330\/revisions\/108331"}],"wp:attachment":[{"href":"https:\/\/www.bellunopress.it\/fr\/wp-json\/wp\/v2\/media?parent=108330"}],"wp:term":[{"taxonomy":"category","embeddable":true,"href":"https:\/\/www.bellunopress.it\/fr\/wp-json\/wp\/v2\/categories?post=108330"},{"taxonomy":"post_tag","embeddable":true,"href":"https:\/\/www.bellunopress.it\/fr\/wp-json\/wp\/v2\/tags?post=108330"}],"curies":[{"name":"wp","href":"https:\/\/api.w.org\/{rel}","templated":true}]}}