{"id":108324,"date":"2019-09-29T22:12:03","date_gmt":"2019-09-29T20:12:03","guid":{"rendered":"http:\/\/www.bellunopress.it\/?p=108324"},"modified":"2019-09-29T22:12:04","modified_gmt":"2019-09-29T20:12:04","slug":"lavori-post-vaia-a-lentiai-localita-boschi-e-a-trichiana-sulla-strada-silvo-pastorale-del-frontal","status":"publish","type":"post","link":"https:\/\/www.bellunopress.it\/fr\/2019\/09\/29\/lavori-post-vaia-a-lentiai-localita-boschi-e-a-trichiana-sulla-strada-silvo-pastorale-del-frontal\/","title":{"rendered":"Lavori post Vaia a Lentiai, localit\u00e0 Boschi e a Trichiana sulla strada silvo-pastorale del Frontal"},"content":{"rendered":"<p><a href=\"http:\/\/www.bellunopress.it\/fr\/2019\/09\/29\/lavori-post-vaia-a-lentiai-localita-boschi-e-a-trichiana-sulla-strada-silvo-pastorale-del-frontal\/lavori-lentiai\/\" rel=\"attachment wp-att-108325\"><img loading=\"lazy\" decoding=\"async\" class=\"alignleft size-full wp-image-108325\" src=\"http:\/\/www.bellunopress.it\/wp-content\/uploads\/2019\/09\/Lavori-Lentiai.jpg\" alt=\"\" width=\"300\" height=\"232\" \/><\/a>L\u2019uragano Vaia dell\u2019ottobre 2018 ha causato numerosi danni alla strada comunale dei Boschi, di notevole importanza perch\u00e9 serve un vasto comprensorio di prati e boschi di propriet\u00e0 di privati oltre che alcune abitazioni. Sono stati finanziati 60\u2019000 euro, assegnati all\u2019estinto Comune di Lentiai, che consentiranno di eseguire ulteriori lavori di manutenzione per sanare la situazione di<br \/>\ndissesto e di degrado che costituiscono un pericolo per la circolazione stradale. \u201cCon questo intervento \u2013 dichiara l\u2019Assessore Martino Bernard &#8211; verr\u00e0 rifatta una parte del vecchio muro di controripa, consolidandolo in calcestruzzo mantenendo a vista il pietrame tipico della zona; sul versante di valle la scarpata verr\u00e0 consolidata, ottenendo anche un leggero allargamento del piano viabile per consentire lo scambio di due veicoli provenienti da sensi opposti; verr\u00e0 infine ripristinato un tratto del manto stradale. I lavori sono in corso d\u2019opera a cura delle squadre operai dell\u2019Unione Montana Val Belluna, sotto la direzione tecnica del dr. Pierangelo Da Ronch\u201d.<br \/>\nSempre in seguito ai danni subiti a seguito degli eventi climatici dello scorso ottobre si provveder\u00e0 ad intervenire su un tratto della strada silvo-pastorale del Frontal a servizio di alcuni boschi produttivi. \u201cAl fine di ripristinare e stabilizzare il fondo &#8211; dichiara l\u2019Assessore Martino Bernard &#8211; saranno eseguiti la scarifica del fondo con parziale ricarica di materiale per colmare gli avvallamenti, la pavimentazione in conglomerato cementizio, alcuni solchi trasversali per favorire lo smaltimento regolare delle acque di scorrimento superficiale e il ripristino dei bordi stradali.<br \/>\nAnche in questo caso l\u2019intervento sar\u00e0 eseguito dall\u2019Unione Montana Val Belluna, sotto la Direzione Lavori del personale dell\u2019Area Servizi Tecnici\u201d.<\/p>","protected":false},"excerpt":{"rendered":"<p>L\u2019uragano Vaia dell\u2019ottobre 2018 ha causato numerosi danni alla strada comunale dei Boschi, di notevole importanza perch\u00e9 serve un vasto comprensorio di prati e boschi di propriet\u00e0 di privati oltre che alcune abitazioni. Sono stati finanziati 60\u2019000 euro, assegnati all\u2019estinto Comune di Lentiai, che consentiranno di eseguire ulteriori lavori di manutenzione per sanare la situazione [&hellip;]<\/p>\n","protected":false},"author":2,"featured_media":0,"comment_status":"closed","ping_status":"open","sticky":false,"template":"","format":"standard","meta":{"footnotes":""},"categories":[5,26],"tags":[],"class_list":["post-108324","post","type-post","status-publish","format-standard","category-cronaca","category-prima-pagina"],"yoast_head":"<!-- This site is optimized with the Yoast SEO plugin v28.4 - https:\/\/yoast.com\/product\/yoast-seo-wordpress\/ -->\n<title>Lavori post Vaia a Lentiai, localit\u00e0 Boschi e a Trichiana sulla strada silvo-pastorale del Frontal - Bellunopress - Dolomiti<\/title>\n<meta name=\"robots\" content=\"index, follow, max-snippet:-1, max-image-preview:large, max-video-preview:-1\" \/>\n<link rel=\"canonical\" href=\"https:\/\/www.bellunopress.it\/fr\/2019\/09\/29\/lavori-post-vaia-a-lentiai-localita-boschi-e-a-trichiana-sulla-strada-silvo-pastorale-del-frontal\/\" \/>\n<meta property=\"og:locale\" content=\"fr_FR\" \/>\n<meta property=\"og:type\" content=\"article\" \/>\n<meta property=\"og:title\" content=\"Lavori post Vaia a Lentiai, localit\u00e0 Boschi e a Trichiana sulla strada silvo-pastorale del Frontal - Bellunopress - Dolomiti\" \/>\n<meta property=\"og:description\" content=\"L\u2019uragano Vaia dell\u2019ottobre 2018 ha causato numerosi danni alla strada comunale dei Boschi, di notevole importanza perch\u00e9 serve un vasto comprensorio di prati e boschi di propriet\u00e0 di privati oltre che alcune abitazioni. Sono stati finanziati 60\u2019000 euro, assegnati all\u2019estinto Comune di Lentiai, che consentiranno di eseguire ulteriori lavori di manutenzione per sanare la situazione [&hellip;]\" \/>\n<meta property=\"og:url\" content=\"https:\/\/www.bellunopress.it\/fr\/2019\/09\/29\/lavori-post-vaia-a-lentiai-localita-boschi-e-a-trichiana-sulla-strada-silvo-pastorale-del-frontal\/\" \/>\n<meta property=\"og:site_name\" content=\"Bellunopress - Dolomiti\" \/>\n<meta property=\"article:publisher\" content=\"https:\/\/www.facebook.com\/profile.php?id=100008943462799\" \/>\n<meta property=\"article:published_time\" content=\"2019-09-29T20:12:03+00:00\" \/>\n<meta property=\"article:modified_time\" content=\"2019-09-29T20:12:04+00:00\" \/>\n<meta property=\"og:image\" content=\"http:\/\/www.bellunopress.it\/wp-content\/uploads\/2019\/09\/Lavori-Lentiai.jpg\" \/>\n<meta name=\"author\" content=\"redazione\" \/>\n<meta name=\"twitter:card\" content=\"summary_large_image\" \/>\n<meta name=\"twitter:creator\" content=\"@bellunopress\" \/>\n<meta name=\"twitter:site\" content=\"@bellunopress\" \/>\n<meta name=\"twitter:label1\" content=\"\u00c9crit par\" \/>\n\t<meta name=\"twitter:data1\" content=\"redazione\" \/>\n\t<meta name=\"twitter:label2\" content=\"Dur\u00e9e de lecture estim\u00e9e\" \/>\n\t<meta name=\"twitter:data2\" content=\"1 minute\" \/>\n<script type=\"application\/ld+json\" class=\"yoast-schema-graph\">{\"@context\":\"https:\\\/\\\/schema.org\",\"@graph\":[{\"@type\":\"Article\",\"@id\":\"https:\\\/\\\/www.bellunopress.it\\\/2019\\\/09\\\/29\\\/lavori-post-vaia-a-lentiai-localita-boschi-e-a-trichiana-sulla-strada-silvo-pastorale-del-frontal\\\/#article\",\"isPartOf\":{\"@id\":\"https:\\\/\\\/www.bellunopress.it\\\/2019\\\/09\\\/29\\\/lavori-post-vaia-a-lentiai-localita-boschi-e-a-trichiana-sulla-strada-silvo-pastorale-del-frontal\\\/\"},\"author\":{\"name\":\"redazione\",\"@id\":\"https:\\\/\\\/www.bellunopress.it\\\/#\\\/schema\\\/person\\\/79bb06722b37ece1c03d3e94beb30d73\"},\"headline\":\"Lavori post Vaia a Lentiai, localit\u00e0 Boschi e a Trichiana sulla strada silvo-pastorale del Frontal\",\"datePublished\":\"2019-09-29T20:12:03+00:00\",\"dateModified\":\"2019-09-29T20:12:04+00:00\",\"mainEntityOfPage\":{\"@id\":\"https:\\\/\\\/www.bellunopress.it\\\/2019\\\/09\\\/29\\\/lavori-post-vaia-a-lentiai-localita-boschi-e-a-trichiana-sulla-strada-silvo-pastorale-del-frontal\\\/\"},\"wordCount\":283,\"publisher\":{\"@id\":\"https:\\\/\\\/www.bellunopress.it\\\/#organization\"},\"image\":{\"@id\":\"https:\\\/\\\/www.bellunopress.it\\\/2019\\\/09\\\/29\\\/lavori-post-vaia-a-lentiai-localita-boschi-e-a-trichiana-sulla-strada-silvo-pastorale-del-frontal\\\/#primaryimage\"},\"thumbnailUrl\":\"http:\\\/\\\/www.bellunopress.it\\\/wp-content\\\/uploads\\\/2019\\\/09\\\/Lavori-Lentiai.jpg\",\"articleSection\":[\"Cronaca\\\/Politica\",\"Prima Pagina\"],\"inLanguage\":\"fr-FR\"},{\"@type\":\"WebPage\",\"@id\":\"https:\\\/\\\/www.bellunopress.it\\\/2019\\\/09\\\/29\\\/lavori-post-vaia-a-lentiai-localita-boschi-e-a-trichiana-sulla-strada-silvo-pastorale-del-frontal\\\/\",\"url\":\"https:\\\/\\\/www.bellunopress.it\\\/2019\\\/09\\\/29\\\/lavori-post-vaia-a-lentiai-localita-boschi-e-a-trichiana-sulla-strada-silvo-pastorale-del-frontal\\\/\",\"name\":\"Lavori post Vaia a Lentiai, localit\u00e0 Boschi e a Trichiana sulla strada silvo-pastorale del Frontal - Bellunopress - Dolomiti\",\"isPartOf\":{\"@id\":\"https:\\\/\\\/www.bellunopress.it\\\/#website\"},\"primaryImageOfPage\":{\"@id\":\"https:\\\/\\\/www.bellunopress.it\\\/2019\\\/09\\\/29\\\/lavori-post-vaia-a-lentiai-localita-boschi-e-a-trichiana-sulla-strada-silvo-pastorale-del-frontal\\\/#primaryimage\"},\"image\":{\"@id\":\"https:\\\/\\\/www.bellunopress.it\\\/2019\\\/09\\\/29\\\/lavori-post-vaia-a-lentiai-localita-boschi-e-a-trichiana-sulla-strada-silvo-pastorale-del-frontal\\\/#primaryimage\"},\"thumbnailUrl\":\"http:\\\/\\\/www.bellunopress.it\\\/wp-content\\\/uploads\\\/2019\\\/09\\\/Lavori-Lentiai.jpg\",\"datePublished\":\"2019-09-29T20:12:03+00:00\",\"dateModified\":\"2019-09-29T20:12:04+00:00\",\"breadcrumb\":{\"@id\":\"https:\\\/\\\/www.bellunopress.it\\\/2019\\\/09\\\/29\\\/lavori-post-vaia-a-lentiai-localita-boschi-e-a-trichiana-sulla-strada-silvo-pastorale-del-frontal\\\/#breadcrumb\"},\"inLanguage\":\"fr-FR\",\"potentialAction\":[{\"@type\":\"ReadAction\",\"target\":[\"https:\\\/\\\/www.bellunopress.it\\\/2019\\\/09\\\/29\\\/lavori-post-vaia-a-lentiai-localita-boschi-e-a-trichiana-sulla-strada-silvo-pastorale-del-frontal\\\/\"]}]},{\"@type\":\"ImageObject\",\"inLanguage\":\"fr-FR\",\"@id\":\"https:\\\/\\\/www.bellunopress.it\\\/2019\\\/09\\\/29\\\/lavori-post-vaia-a-lentiai-localita-boschi-e-a-trichiana-sulla-strada-silvo-pastorale-del-frontal\\\/#primaryimage\",\"url\":\"http:\\\/\\\/www.bellunopress.it\\\/wp-content\\\/uploads\\\/2019\\\/09\\\/Lavori-Lentiai.jpg\",\"contentUrl\":\"http:\\\/\\\/www.bellunopress.it\\\/wp-content\\\/uploads\\\/2019\\\/09\\\/Lavori-Lentiai.jpg\"},{\"@type\":\"BreadcrumbList\",\"@id\":\"https:\\\/\\\/www.bellunopress.it\\\/2019\\\/09\\\/29\\\/lavori-post-vaia-a-lentiai-localita-boschi-e-a-trichiana-sulla-strada-silvo-pastorale-del-frontal\\\/#breadcrumb\",\"itemListElement\":[{\"@type\":\"ListItem\",\"position\":1,\"name\":\"Home\",\"item\":\"https:\\\/\\\/www.bellunopress.it\\\/\"},{\"@type\":\"ListItem\",\"position\":2,\"name\":\"Lavori post Vaia a Lentiai, localit\u00e0 Boschi e a Trichiana sulla strada silvo-pastorale del Frontal\"}]},{\"@type\":\"WebSite\",\"@id\":\"https:\\\/\\\/www.bellunopress.it\\\/#website\",\"url\":\"https:\\\/\\\/www.bellunopress.it\\\/\",\"name\":\"Bellunopress - Dolomiti\",\"description\":\"e-mail: redazione@bellunopress.it\",\"publisher\":{\"@id\":\"https:\\\/\\\/www.bellunopress.it\\\/#organization\"},\"potentialAction\":[{\"@type\":\"SearchAction\",\"target\":{\"@type\":\"EntryPoint\",\"urlTemplate\":\"https:\\\/\\\/www.bellunopress.it\\\/?s={search_term_string}\"},\"query-input\":{\"@type\":\"PropertyValueSpecification\",\"valueRequired\":true,\"valueName\":\"search_term_string\"}}],\"inLanguage\":\"fr-FR\"},{\"@type\":\"Organization\",\"@id\":\"https:\\\/\\\/www.bellunopress.it\\\/#organization\",\"name\":\"Bellunopress\",\"url\":\"https:\\\/\\\/www.bellunopress.it\\\/\",\"logo\":{\"@type\":\"ImageObject\",\"inLanguage\":\"fr-FR\",\"@id\":\"https:\\\/\\\/www.bellunopress.it\\\/#\\\/schema\\\/logo\\\/image\\\/\",\"url\":\"https:\\\/\\\/www.bellunopress.it\\\/wp-content\\\/uploads\\\/2011\\\/05\\\/cropped-logo-bellunopress-.jpg\",\"contentUrl\":\"https:\\\/\\\/www.bellunopress.it\\\/wp-content\\\/uploads\\\/2011\\\/05\\\/cropped-logo-bellunopress-.jpg\",\"width\":512,\"height\":512,\"caption\":\"Bellunopress\"},\"image\":{\"@id\":\"https:\\\/\\\/www.bellunopress.it\\\/#\\\/schema\\\/logo\\\/image\\\/\"},\"sameAs\":[\"https:\\\/\\\/www.facebook.com\\\/profile.php?id=100008943462799\",\"https:\\\/\\\/x.com\\\/bellunopress\",\"https:\\\/\\\/www.linkedin.com\\\/hp\\\/?dnr=JBzUWaJfMUw8vbXJJ2tVW5-I3jZKvC4wsoxE&amp;amp;amp;amp;amp;amp;trk=nav_responsive_tab_home\",\"https:\\\/\\\/www.youtube.com\\\/channel\\\/UCxL0wu1uN0_3_7hGG0306cw\"]},{\"@type\":\"Person\",\"@id\":\"https:\\\/\\\/www.bellunopress.it\\\/#\\\/schema\\\/person\\\/79bb06722b37ece1c03d3e94beb30d73\",\"name\":\"redazione\",\"image\":{\"@type\":\"ImageObject\",\"inLanguage\":\"fr-FR\",\"@id\":\"https:\\\/\\\/secure.gravatar.com\\\/avatar\\\/37d968a2e67a6fd04c169c4bdef102d0bc5d31b2546345219e348575eb80e9a0?s=96&d=mm&r=g\",\"url\":\"https:\\\/\\\/secure.gravatar.com\\\/avatar\\\/37d968a2e67a6fd04c169c4bdef102d0bc5d31b2546345219e348575eb80e9a0?s=96&d=mm&r=g\",\"contentUrl\":\"https:\\\/\\\/secure.gravatar.com\\\/avatar\\\/37d968a2e67a6fd04c169c4bdef102d0bc5d31b2546345219e348575eb80e9a0?s=96&d=mm&r=g\",\"caption\":\"redazione\"},\"sameAs\":[\"http:\\\/\\\/www.bellunopress.it\",\"https:\\\/\\\/x.com\\\/bellunopress\"],\"url\":\"https:\\\/\\\/www.bellunopress.it\\\/fr\\\/author\\\/redazione\\\/\"}]}<\/script>\n<!-- \/ Yoast SEO plugin. -->","yoast_head_json":{"title":"Lavori post Vaia a Lentiai, localit\u00e0 Boschi e a Trichiana sulla strada silvo-pastorale del Frontal - Bellunopress - Dolomiti","robots":{"index":"index","follow":"follow","max-snippet":"max-snippet:-1","max-image-preview":"max-image-preview:large","max-video-preview":"max-video-preview:-1"},"canonical":"https:\/\/www.bellunopress.it\/fr\/2019\/09\/29\/lavori-post-vaia-a-lentiai-localita-boschi-e-a-trichiana-sulla-strada-silvo-pastorale-del-frontal\/","og_locale":"fr_FR","og_type":"article","og_title":"Lavori post Vaia a Lentiai, localit\u00e0 Boschi e a Trichiana sulla strada silvo-pastorale del Frontal - Bellunopress - Dolomiti","og_description":"L\u2019uragano Vaia dell\u2019ottobre 2018 ha causato numerosi danni alla strada comunale dei Boschi, di notevole importanza perch\u00e9 serve un vasto comprensorio di prati e boschi di propriet\u00e0 di privati oltre che alcune abitazioni. Sono stati finanziati 60\u2019000 euro, assegnati all\u2019estinto Comune di Lentiai, che consentiranno di eseguire ulteriori lavori di manutenzione per sanare la situazione [&hellip;]","og_url":"https:\/\/www.bellunopress.it\/fr\/2019\/09\/29\/lavori-post-vaia-a-lentiai-localita-boschi-e-a-trichiana-sulla-strada-silvo-pastorale-del-frontal\/","og_site_name":"Bellunopress - Dolomiti","article_publisher":"https:\/\/www.facebook.com\/profile.php?id=100008943462799","article_published_time":"2019-09-29T20:12:03+00:00","article_modified_time":"2019-09-29T20:12:04+00:00","og_image":[{"url":"http:\/\/www.bellunopress.it\/wp-content\/uploads\/2019\/09\/Lavori-Lentiai.jpg","type":"","width":"","height":""}],"author":"redazione","twitter_card":"summary_large_image","twitter_creator":"@bellunopress","twitter_site":"@bellunopress","twitter_misc":{"\u00c9crit par":"redazione","Dur\u00e9e de lecture estim\u00e9e":"1 minute"},"schema":{"@context":"https:\/\/schema.org","@graph":[{"@type":"Article","@id":"https:\/\/www.bellunopress.it\/2019\/09\/29\/lavori-post-vaia-a-lentiai-localita-boschi-e-a-trichiana-sulla-strada-silvo-pastorale-del-frontal\/#article","isPartOf":{"@id":"https:\/\/www.bellunopress.it\/2019\/09\/29\/lavori-post-vaia-a-lentiai-localita-boschi-e-a-trichiana-sulla-strada-silvo-pastorale-del-frontal\/"},"author":{"name":"redazione","@id":"https:\/\/www.bellunopress.it\/#\/schema\/person\/79bb06722b37ece1c03d3e94beb30d73"},"headline":"Lavori post Vaia a Lentiai, localit\u00e0 Boschi e a Trichiana sulla strada silvo-pastorale del Frontal","datePublished":"2019-09-29T20:12:03+00:00","dateModified":"2019-09-29T20:12:04+00:00","mainEntityOfPage":{"@id":"https:\/\/www.bellunopress.it\/2019\/09\/29\/lavori-post-vaia-a-lentiai-localita-boschi-e-a-trichiana-sulla-strada-silvo-pastorale-del-frontal\/"},"wordCount":283,"publisher":{"@id":"https:\/\/www.bellunopress.it\/#organization"},"image":{"@id":"https:\/\/www.bellunopress.it\/2019\/09\/29\/lavori-post-vaia-a-lentiai-localita-boschi-e-a-trichiana-sulla-strada-silvo-pastorale-del-frontal\/#primaryimage"},"thumbnailUrl":"http:\/\/www.bellunopress.it\/wp-content\/uploads\/2019\/09\/Lavori-Lentiai.jpg","articleSection":["Cronaca\/Politica","Prima Pagina"],"inLanguage":"fr-FR"},{"@type":"WebPage","@id":"https:\/\/www.bellunopress.it\/2019\/09\/29\/lavori-post-vaia-a-lentiai-localita-boschi-e-a-trichiana-sulla-strada-silvo-pastorale-del-frontal\/","url":"https:\/\/www.bellunopress.it\/2019\/09\/29\/lavori-post-vaia-a-lentiai-localita-boschi-e-a-trichiana-sulla-strada-silvo-pastorale-del-frontal\/","name":"Lavori post Vaia a Lentiai, localit\u00e0 Boschi e a Trichiana sulla strada silvo-pastorale del Frontal - Bellunopress - Dolomiti","isPartOf":{"@id":"https:\/\/www.bellunopress.it\/#website"},"primaryImageOfPage":{"@id":"https:\/\/www.bellunopress.it\/2019\/09\/29\/lavori-post-vaia-a-lentiai-localita-boschi-e-a-trichiana-sulla-strada-silvo-pastorale-del-frontal\/#primaryimage"},"image":{"@id":"https:\/\/www.bellunopress.it\/2019\/09\/29\/lavori-post-vaia-a-lentiai-localita-boschi-e-a-trichiana-sulla-strada-silvo-pastorale-del-frontal\/#primaryimage"},"thumbnailUrl":"http:\/\/www.bellunopress.it\/wp-content\/uploads\/2019\/09\/Lavori-Lentiai.jpg","datePublished":"2019-09-29T20:12:03+00:00","dateModified":"2019-09-29T20:12:04+00:00","breadcrumb":{"@id":"https:\/\/www.bellunopress.it\/2019\/09\/29\/lavori-post-vaia-a-lentiai-localita-boschi-e-a-trichiana-sulla-strada-silvo-pastorale-del-frontal\/#breadcrumb"},"inLanguage":"fr-FR","potentialAction":[{"@type":"ReadAction","target":["https:\/\/www.bellunopress.it\/2019\/09\/29\/lavori-post-vaia-a-lentiai-localita-boschi-e-a-trichiana-sulla-strada-silvo-pastorale-del-frontal\/"]}]},{"@type":"ImageObject","inLanguage":"fr-FR","@id":"https:\/\/www.bellunopress.it\/2019\/09\/29\/lavori-post-vaia-a-lentiai-localita-boschi-e-a-trichiana-sulla-strada-silvo-pastorale-del-frontal\/#primaryimage","url":"http:\/\/www.bellunopress.it\/wp-content\/uploads\/2019\/09\/Lavori-Lentiai.jpg","contentUrl":"http:\/\/www.bellunopress.it\/wp-content\/uploads\/2019\/09\/Lavori-Lentiai.jpg"},{"@type":"BreadcrumbList","@id":"https:\/\/www.bellunopress.it\/2019\/09\/29\/lavori-post-vaia-a-lentiai-localita-boschi-e-a-trichiana-sulla-strada-silvo-pastorale-del-frontal\/#breadcrumb","itemListElement":[{"@type":"ListItem","position":1,"name":"Home","item":"https:\/\/www.bellunopress.it\/"},{"@type":"ListItem","position":2,"name":"Lavori post Vaia a Lentiai, localit\u00e0 Boschi e a Trichiana sulla strada silvo-pastorale del Frontal"}]},{"@type":"WebSite","@id":"https:\/\/www.bellunopress.it\/#website","url":"https:\/\/www.bellunopress.it\/","name":"Bellunopress - Dolomiti","description":"e-mail: redazione@bellunopress.it","publisher":{"@id":"https:\/\/www.bellunopress.it\/#organization"},"potentialAction":[{"@type":"SearchAction","target":{"@type":"EntryPoint","urlTemplate":"https:\/\/www.bellunopress.it\/?s={search_term_string}"},"query-input":{"@type":"PropertyValueSpecification","valueRequired":true,"valueName":"search_term_string"}}],"inLanguage":"fr-FR"},{"@type":"Organization","@id":"https:\/\/www.bellunopress.it\/#organization","name":"Bellunopress","url":"https:\/\/www.bellunopress.it\/","logo":{"@type":"ImageObject","inLanguage":"fr-FR","@id":"https:\/\/www.bellunopress.it\/#\/schema\/logo\/image\/","url":"https:\/\/www.bellunopress.it\/wp-content\/uploads\/2011\/05\/cropped-logo-bellunopress-.jpg","contentUrl":"https:\/\/www.bellunopress.it\/wp-content\/uploads\/2011\/05\/cropped-logo-bellunopress-.jpg","width":512,"height":512,"caption":"Bellunopress"},"image":{"@id":"https:\/\/www.bellunopress.it\/#\/schema\/logo\/image\/"},"sameAs":["https:\/\/www.facebook.com\/profile.php?id=100008943462799","https:\/\/x.com\/bellunopress","https:\/\/www.linkedin.com\/hp\/?dnr=JBzUWaJfMUw8vbXJJ2tVW5-I3jZKvC4wsoxE&amp;amp;amp;amp;amp;amp;trk=nav_responsive_tab_home","https:\/\/www.youtube.com\/channel\/UCxL0wu1uN0_3_7hGG0306cw"]},{"@type":"Person","@id":"https:\/\/www.bellunopress.it\/#\/schema\/person\/79bb06722b37ece1c03d3e94beb30d73","name":"r\u00e9daction","image":{"@type":"ImageObject","inLanguage":"fr-FR","@id":"https:\/\/secure.gravatar.com\/avatar\/37d968a2e67a6fd04c169c4bdef102d0bc5d31b2546345219e348575eb80e9a0?s=96&d=mm&r=g","url":"https:\/\/secure.gravatar.com\/avatar\/37d968a2e67a6fd04c169c4bdef102d0bc5d31b2546345219e348575eb80e9a0?s=96&d=mm&r=g","contentUrl":"https:\/\/secure.gravatar.com\/avatar\/37d968a2e67a6fd04c169c4bdef102d0bc5d31b2546345219e348575eb80e9a0?s=96&d=mm&r=g","caption":"redazione"},"sameAs":["http:\/\/www.bellunopress.it","https:\/\/x.com\/bellunopress"],"url":"https:\/\/www.bellunopress.it\/fr\/author\/redazione\/"}]}},"_links":{"self":[{"href":"https:\/\/www.bellunopress.it\/fr\/wp-json\/wp\/v2\/posts\/108324","targetHints":{"allow":["GET"]}}],"collection":[{"href":"https:\/\/www.bellunopress.it\/fr\/wp-json\/wp\/v2\/posts"}],"about":[{"href":"https:\/\/www.bellunopress.it\/fr\/wp-json\/wp\/v2\/types\/post"}],"author":[{"embeddable":true,"href":"https:\/\/www.bellunopress.it\/fr\/wp-json\/wp\/v2\/users\/2"}],"replies":[{"embeddable":true,"href":"https:\/\/www.bellunopress.it\/fr\/wp-json\/wp\/v2\/comments?post=108324"}],"version-history":[{"count":2,"href":"https:\/\/www.bellunopress.it\/fr\/wp-json\/wp\/v2\/posts\/108324\/revisions"}],"predecessor-version":[{"id":108327,"href":"https:\/\/www.bellunopress.it\/fr\/wp-json\/wp\/v2\/posts\/108324\/revisions\/108327"}],"wp:attachment":[{"href":"https:\/\/www.bellunopress.it\/fr\/wp-json\/wp\/v2\/media?parent=108324"}],"wp:term":[{"taxonomy":"category","embeddable":true,"href":"https:\/\/www.bellunopress.it\/fr\/wp-json\/wp\/v2\/categories?post=108324"},{"taxonomy":"post_tag","embeddable":true,"href":"https:\/\/www.bellunopress.it\/fr\/wp-json\/wp\/v2\/tags?post=108324"}],"curies":[{"name":"wp","href":"https:\/\/api.w.org\/{rel}","templated":true}]}}