{"id":108310,"date":"2019-09-29T13:36:12","date_gmt":"2019-09-29T11:36:12","guid":{"rendered":"http:\/\/www.bellunopress.it\/?p=108310"},"modified":"2019-09-29T13:36:12","modified_gmt":"2019-09-29T11:36:12","slug":"sanita-auronzo-e-comelico-lanzarin-la-priorita-e-mantenere-i-servizi-ogni-via-e-percorribile-se-da-roma-non-vi-saranno-risposte-alla-carenza-di-personale-dovuta-a-una-errata-programmazione","status":"publish","type":"post","link":"https:\/\/www.bellunopress.it\/fr\/2019\/09\/29\/sanita-auronzo-e-comelico-lanzarin-la-priorita-e-mantenere-i-servizi-ogni-via-e-percorribile-se-da-roma-non-vi-saranno-risposte-alla-carenza-di-personale-dovuta-a-una-errata-programmazione\/","title":{"rendered":"Sanit\u00e0, Auronzo e Comelico. Lanzarin: &#8220;La priorit\u00e0 \u00e8 mantenere i servizi. Ogni via \u00e8 percorribile se da Roma non vi saranno risposte alla carenza di personale dovuta a una errata programmazione&#8221;"},"content":{"rendered":"<figure id=\"attachment_75088\" aria-describedby=\"caption-attachment-75088\" style=\"width: 249px\" class=\"wp-caption alignleft\"><a href=\"http:\/\/www.bellunopress.it\/fr\/2016\/01\/31\/immigrati-rapporto-veneto-2015-aumentano-i-nuovi-cittadini-arrivi-in-flessione-lanzarin-preoccupano-i-flussi-profughi\/manuela-lanzarin-assessore\/\" rel=\"attachment wp-att-75088\"><img loading=\"lazy\" decoding=\"async\" class=\"size-full wp-image-75088\" src=\"http:\/\/www.bellunopress.it\/wp-content\/uploads\/2016\/01\/manuela-lanzarin-assessore.jpg\" alt=\"\" width=\"249\" height=\"309\" \/><\/a><figcaption id=\"caption-attachment-75088\" class=\"wp-caption-text\">Manuela Lanzarin assessore regionale<\/figcaption><\/figure>\n<p>Venezia, 29 settembre 2019\u00a0\u00a0\u201cNon c\u2019\u00e8 alcun progetto di smantellare o ridurre servizi, tantomeno nelle aree di montagna come il Bellunese, delle quali abbiamo sempre rispettato e tenuto in considerazione la specificit\u00e0 come conferma la nostra programmazione. Abbiamo l\u2019obbligo, di fronte ad un panorama come quello attuale in cui la sbagliata programmazione nazionale ci fa misurare non solo con la carenza ma anche con la difficolt\u00e0 nel reperire personale, di guardare a tutte le strade possibili. A riguardo c\u2019\u00e8 un documento con proposte condivise da tutte le regioni, il ministro D\u2019Inc\u00e0 se ne faccia garante per il bene del suo territorio\u201d.<\/p>\n<p>Con queste parole l\u2019assessore regionale alla Sanit\u00e0 Manuela Lanzarin, replica alle polemiche apparse oggi su alcuni quotidiani, riguardanti la programmazione sanitaria nella montagna bellunese, con particolare riferimento al Punto di Primo Intervento di Auronzo di Cadore.<\/p>\n<p>\u201cIl ministro D\u2019Inc\u00e0 parla di disimpegno della Regione, forse dimenticando che il vero problema \u00e8 la carenza di personale &#8211; sottolinea l\u2019Assessore -. Insieme ad altre regioni, non pi\u00f9 tardi di gioved\u00ec scorso abbiamo elaborato una serie di proposte per intervenire e dare soluzione a questa emergenza. Si tratta di alcuni provvedimenti urgenti per tamponare l\u2019immediato e altri mirati ad una soluzione strutturale. Nel complesso ritengo siano tutte soluzioni fattibili che il Governo non pu\u00f2 non affrontare. Per questo lancio una proposta al ministro: sono disponibile ad un incontro per illustrare le misure\u201d.<\/p>\n<p>\u201cPer quanto riguarda Auronzo, \u00e8 nostra priorit\u00e0 non lasciare un\u2019area cos\u00ec importante della montagna bellunese senza un punto di primo intervento \u2013 spiega ancora Lanzarin -. Abbiamo il dovere di garantire il servizio. A fronte di una oggettiva carenza di personale ogni via \u00e8 percorribile. Se da Roma ci saranno spiragli importanti per risolvere le difficolt\u00e0 ormai croniche che ci impediscono di disporre dei professionisti che ci sono indispensabili, ho tutti i motivi per pensare che l\u2019Ulss Dolomiti possa anche scegliere percorsi differenti\u201d.<\/p>\n<p>Dalla Regione vengono rassicurazioni anche per il servizio di ambulanza del Comelico. La Giunta regionale sta predisponendo un finanziamento come \u00e8 gi\u00e0 stato fatto a garanzia di servizi omologhi in altre localit\u00e0 non solo dal contesto territoriale ad alta specificit\u00e0 ma anche ad alta valenza turistica.<\/p>\n<p>&nbsp;<\/p>","protected":false},"excerpt":{"rendered":"<p>Venezia, 29 settembre 2019\u00a0\u00a0\u201cNon c\u2019\u00e8 alcun progetto di smantellare o ridurre servizi, tantomeno nelle aree di montagna come il Bellunese, delle quali abbiamo sempre rispettato e tenuto in considerazione la specificit\u00e0 come conferma la nostra programmazione. Abbiamo l\u2019obbligo, di fronte ad un panorama come quello attuale in cui la sbagliata programmazione nazionale ci fa misurare [&hellip;]<\/p>\n","protected":false},"author":2,"featured_media":0,"comment_status":"closed","ping_status":"open","sticky":false,"template":"","format":"standard","meta":{"footnotes":""},"categories":[26,17],"tags":[],"class_list":["post-108310","post","type-post","status-publish","format-standard","category-prima-pagina","category-sanita"],"yoast_head":"<!-- This site is optimized with the Yoast SEO plugin v28.4 - https:\/\/yoast.com\/product\/yoast-seo-wordpress\/ -->\n<title>Sanit\u00e0, Auronzo e Comelico. Lanzarin: &quot;La priorit\u00e0 \u00e8 mantenere i servizi. Ogni via \u00e8 percorribile se da Roma non vi saranno risposte alla carenza di personale dovuta a una errata programmazione&quot; - Bellunopress - Dolomiti<\/title>\n<meta name=\"robots\" content=\"index, follow, max-snippet:-1, max-image-preview:large, max-video-preview:-1\" \/>\n<link rel=\"canonical\" href=\"https:\/\/www.bellunopress.it\/fr\/2019\/09\/29\/sanita-auronzo-e-comelico-lanzarin-la-priorita-e-mantenere-i-servizi-ogni-via-e-percorribile-se-da-roma-non-vi-saranno-risposte-alla-carenza-di-personale-dovuta-a-una-errata-programmazione\/\" \/>\n<meta property=\"og:locale\" content=\"fr_FR\" \/>\n<meta property=\"og:type\" content=\"article\" \/>\n<meta property=\"og:title\" content=\"Sanit\u00e0, Auronzo e Comelico. Lanzarin: &quot;La priorit\u00e0 \u00e8 mantenere i servizi. Ogni via \u00e8 percorribile se da Roma non vi saranno risposte alla carenza di personale dovuta a una errata programmazione&quot; - Bellunopress - Dolomiti\" \/>\n<meta property=\"og:description\" content=\"Venezia, 29 settembre 2019\u00a0\u00a0\u201cNon c\u2019\u00e8 alcun progetto di smantellare o ridurre servizi, tantomeno nelle aree di montagna come il Bellunese, delle quali abbiamo sempre rispettato e tenuto in considerazione la specificit\u00e0 come conferma la nostra programmazione. Abbiamo l\u2019obbligo, di fronte ad un panorama come quello attuale in cui la sbagliata programmazione nazionale ci fa misurare [&hellip;]\" \/>\n<meta property=\"og:url\" content=\"https:\/\/www.bellunopress.it\/fr\/2019\/09\/29\/sanita-auronzo-e-comelico-lanzarin-la-priorita-e-mantenere-i-servizi-ogni-via-e-percorribile-se-da-roma-non-vi-saranno-risposte-alla-carenza-di-personale-dovuta-a-una-errata-programmazione\/\" \/>\n<meta property=\"og:site_name\" content=\"Bellunopress - Dolomiti\" \/>\n<meta property=\"article:publisher\" content=\"https:\/\/www.facebook.com\/profile.php?id=100008943462799\" \/>\n<meta property=\"article:published_time\" content=\"2019-09-29T11:36:12+00:00\" \/>\n<meta property=\"og:image\" content=\"http:\/\/www.bellunopress.it\/wp-content\/uploads\/2016\/01\/manuela-lanzarin-assessore.jpg\" \/>\n<meta name=\"author\" content=\"redazione\" \/>\n<meta name=\"twitter:card\" content=\"summary_large_image\" \/>\n<meta name=\"twitter:creator\" content=\"@bellunopress\" \/>\n<meta name=\"twitter:site\" content=\"@bellunopress\" \/>\n<meta name=\"twitter:label1\" content=\"\u00c9crit par\" \/>\n\t<meta name=\"twitter:data1\" content=\"redazione\" \/>\n\t<meta name=\"twitter:label2\" content=\"Dur\u00e9e de lecture estim\u00e9e\" \/>\n\t<meta name=\"twitter:data2\" content=\"2 minutes\" \/>\n<script type=\"application\/ld+json\" class=\"yoast-schema-graph\">{\"@context\":\"https:\\\/\\\/schema.org\",\"@graph\":[{\"@type\":\"Article\",\"@id\":\"https:\\\/\\\/www.bellunopress.it\\\/2019\\\/09\\\/29\\\/sanita-auronzo-e-comelico-lanzarin-la-priorita-e-mantenere-i-servizi-ogni-via-e-percorribile-se-da-roma-non-vi-saranno-risposte-alla-carenza-di-personale-dovuta-a-una-errata-programmazione\\\/#article\",\"isPartOf\":{\"@id\":\"https:\\\/\\\/www.bellunopress.it\\\/2019\\\/09\\\/29\\\/sanita-auronzo-e-comelico-lanzarin-la-priorita-e-mantenere-i-servizi-ogni-via-e-percorribile-se-da-roma-non-vi-saranno-risposte-alla-carenza-di-personale-dovuta-a-una-errata-programmazione\\\/\"},\"author\":{\"name\":\"redazione\",\"@id\":\"https:\\\/\\\/www.bellunopress.it\\\/#\\\/schema\\\/person\\\/79bb06722b37ece1c03d3e94beb30d73\"},\"headline\":\"Sanit\u00e0, Auronzo e Comelico. Lanzarin: &#8220;La priorit\u00e0 \u00e8 mantenere i servizi. Ogni via \u00e8 percorribile se da Roma non vi saranno risposte alla carenza di personale dovuta a una errata programmazione&#8221;\",\"datePublished\":\"2019-09-29T11:36:12+00:00\",\"mainEntityOfPage\":{\"@id\":\"https:\\\/\\\/www.bellunopress.it\\\/2019\\\/09\\\/29\\\/sanita-auronzo-e-comelico-lanzarin-la-priorita-e-mantenere-i-servizi-ogni-via-e-percorribile-se-da-roma-non-vi-saranno-risposte-alla-carenza-di-personale-dovuta-a-una-errata-programmazione\\\/\"},\"wordCount\":401,\"publisher\":{\"@id\":\"https:\\\/\\\/www.bellunopress.it\\\/#organization\"},\"image\":{\"@id\":\"https:\\\/\\\/www.bellunopress.it\\\/2019\\\/09\\\/29\\\/sanita-auronzo-e-comelico-lanzarin-la-priorita-e-mantenere-i-servizi-ogni-via-e-percorribile-se-da-roma-non-vi-saranno-risposte-alla-carenza-di-personale-dovuta-a-una-errata-programmazione\\\/#primaryimage\"},\"thumbnailUrl\":\"http:\\\/\\\/www.bellunopress.it\\\/wp-content\\\/uploads\\\/2016\\\/01\\\/manuela-lanzarin-assessore.jpg\",\"articleSection\":[\"Prima Pagina\",\"Sanit\u00e0 Medicina\"],\"inLanguage\":\"fr-FR\"},{\"@type\":\"WebPage\",\"@id\":\"https:\\\/\\\/www.bellunopress.it\\\/2019\\\/09\\\/29\\\/sanita-auronzo-e-comelico-lanzarin-la-priorita-e-mantenere-i-servizi-ogni-via-e-percorribile-se-da-roma-non-vi-saranno-risposte-alla-carenza-di-personale-dovuta-a-una-errata-programmazione\\\/\",\"url\":\"https:\\\/\\\/www.bellunopress.it\\\/2019\\\/09\\\/29\\\/sanita-auronzo-e-comelico-lanzarin-la-priorita-e-mantenere-i-servizi-ogni-via-e-percorribile-se-da-roma-non-vi-saranno-risposte-alla-carenza-di-personale-dovuta-a-una-errata-programmazione\\\/\",\"name\":\"Sanit\u00e0, Auronzo e Comelico. Lanzarin: \\\"La priorit\u00e0 \u00e8 mantenere i servizi. Ogni via \u00e8 percorribile se da Roma non vi saranno risposte alla carenza di personale dovuta a una errata programmazione\\\" - Bellunopress - Dolomiti\",\"isPartOf\":{\"@id\":\"https:\\\/\\\/www.bellunopress.it\\\/#website\"},\"primaryImageOfPage\":{\"@id\":\"https:\\\/\\\/www.bellunopress.it\\\/2019\\\/09\\\/29\\\/sanita-auronzo-e-comelico-lanzarin-la-priorita-e-mantenere-i-servizi-ogni-via-e-percorribile-se-da-roma-non-vi-saranno-risposte-alla-carenza-di-personale-dovuta-a-una-errata-programmazione\\\/#primaryimage\"},\"image\":{\"@id\":\"https:\\\/\\\/www.bellunopress.it\\\/2019\\\/09\\\/29\\\/sanita-auronzo-e-comelico-lanzarin-la-priorita-e-mantenere-i-servizi-ogni-via-e-percorribile-se-da-roma-non-vi-saranno-risposte-alla-carenza-di-personale-dovuta-a-una-errata-programmazione\\\/#primaryimage\"},\"thumbnailUrl\":\"http:\\\/\\\/www.bellunopress.it\\\/wp-content\\\/uploads\\\/2016\\\/01\\\/manuela-lanzarin-assessore.jpg\",\"datePublished\":\"2019-09-29T11:36:12+00:00\",\"breadcrumb\":{\"@id\":\"https:\\\/\\\/www.bellunopress.it\\\/2019\\\/09\\\/29\\\/sanita-auronzo-e-comelico-lanzarin-la-priorita-e-mantenere-i-servizi-ogni-via-e-percorribile-se-da-roma-non-vi-saranno-risposte-alla-carenza-di-personale-dovuta-a-una-errata-programmazione\\\/#breadcrumb\"},\"inLanguage\":\"fr-FR\",\"potentialAction\":[{\"@type\":\"ReadAction\",\"target\":[\"https:\\\/\\\/www.bellunopress.it\\\/2019\\\/09\\\/29\\\/sanita-auronzo-e-comelico-lanzarin-la-priorita-e-mantenere-i-servizi-ogni-via-e-percorribile-se-da-roma-non-vi-saranno-risposte-alla-carenza-di-personale-dovuta-a-una-errata-programmazione\\\/\"]}]},{\"@type\":\"ImageObject\",\"inLanguage\":\"fr-FR\",\"@id\":\"https:\\\/\\\/www.bellunopress.it\\\/2019\\\/09\\\/29\\\/sanita-auronzo-e-comelico-lanzarin-la-priorita-e-mantenere-i-servizi-ogni-via-e-percorribile-se-da-roma-non-vi-saranno-risposte-alla-carenza-di-personale-dovuta-a-una-errata-programmazione\\\/#primaryimage\",\"url\":\"http:\\\/\\\/www.bellunopress.it\\\/wp-content\\\/uploads\\\/2016\\\/01\\\/manuela-lanzarin-assessore.jpg\",\"contentUrl\":\"http:\\\/\\\/www.bellunopress.it\\\/wp-content\\\/uploads\\\/2016\\\/01\\\/manuela-lanzarin-assessore.jpg\"},{\"@type\":\"BreadcrumbList\",\"@id\":\"https:\\\/\\\/www.bellunopress.it\\\/2019\\\/09\\\/29\\\/sanita-auronzo-e-comelico-lanzarin-la-priorita-e-mantenere-i-servizi-ogni-via-e-percorribile-se-da-roma-non-vi-saranno-risposte-alla-carenza-di-personale-dovuta-a-una-errata-programmazione\\\/#breadcrumb\",\"itemListElement\":[{\"@type\":\"ListItem\",\"position\":1,\"name\":\"Home\",\"item\":\"https:\\\/\\\/www.bellunopress.it\\\/\"},{\"@type\":\"ListItem\",\"position\":2,\"name\":\"Sanit\u00e0, Auronzo e Comelico. Lanzarin: &#8220;La priorit\u00e0 \u00e8 mantenere i servizi. Ogni via \u00e8 percorribile se da Roma non vi saranno risposte alla carenza di personale dovuta a una errata programmazione&#8221;\"}]},{\"@type\":\"WebSite\",\"@id\":\"https:\\\/\\\/www.bellunopress.it\\\/#website\",\"url\":\"https:\\\/\\\/www.bellunopress.it\\\/\",\"name\":\"Bellunopress - Dolomiti\",\"description\":\"e-mail: redazione@bellunopress.it\",\"publisher\":{\"@id\":\"https:\\\/\\\/www.bellunopress.it\\\/#organization\"},\"potentialAction\":[{\"@type\":\"SearchAction\",\"target\":{\"@type\":\"EntryPoint\",\"urlTemplate\":\"https:\\\/\\\/www.bellunopress.it\\\/?s={search_term_string}\"},\"query-input\":{\"@type\":\"PropertyValueSpecification\",\"valueRequired\":true,\"valueName\":\"search_term_string\"}}],\"inLanguage\":\"fr-FR\"},{\"@type\":\"Organization\",\"@id\":\"https:\\\/\\\/www.bellunopress.it\\\/#organization\",\"name\":\"Bellunopress\",\"url\":\"https:\\\/\\\/www.bellunopress.it\\\/\",\"logo\":{\"@type\":\"ImageObject\",\"inLanguage\":\"fr-FR\",\"@id\":\"https:\\\/\\\/www.bellunopress.it\\\/#\\\/schema\\\/logo\\\/image\\\/\",\"url\":\"https:\\\/\\\/www.bellunopress.it\\\/wp-content\\\/uploads\\\/2011\\\/05\\\/cropped-logo-bellunopress-.jpg\",\"contentUrl\":\"https:\\\/\\\/www.bellunopress.it\\\/wp-content\\\/uploads\\\/2011\\\/05\\\/cropped-logo-bellunopress-.jpg\",\"width\":512,\"height\":512,\"caption\":\"Bellunopress\"},\"image\":{\"@id\":\"https:\\\/\\\/www.bellunopress.it\\\/#\\\/schema\\\/logo\\\/image\\\/\"},\"sameAs\":[\"https:\\\/\\\/www.facebook.com\\\/profile.php?id=100008943462799\",\"https:\\\/\\\/x.com\\\/bellunopress\",\"https:\\\/\\\/www.linkedin.com\\\/hp\\\/?dnr=JBzUWaJfMUw8vbXJJ2tVW5-I3jZKvC4wsoxE&amp;amp;amp;amp;amp;amp;trk=nav_responsive_tab_home\",\"https:\\\/\\\/www.youtube.com\\\/channel\\\/UCxL0wu1uN0_3_7hGG0306cw\"]},{\"@type\":\"Person\",\"@id\":\"https:\\\/\\\/www.bellunopress.it\\\/#\\\/schema\\\/person\\\/79bb06722b37ece1c03d3e94beb30d73\",\"name\":\"redazione\",\"image\":{\"@type\":\"ImageObject\",\"inLanguage\":\"fr-FR\",\"@id\":\"https:\\\/\\\/secure.gravatar.com\\\/avatar\\\/37d968a2e67a6fd04c169c4bdef102d0bc5d31b2546345219e348575eb80e9a0?s=96&d=mm&r=g\",\"url\":\"https:\\\/\\\/secure.gravatar.com\\\/avatar\\\/37d968a2e67a6fd04c169c4bdef102d0bc5d31b2546345219e348575eb80e9a0?s=96&d=mm&r=g\",\"contentUrl\":\"https:\\\/\\\/secure.gravatar.com\\\/avatar\\\/37d968a2e67a6fd04c169c4bdef102d0bc5d31b2546345219e348575eb80e9a0?s=96&d=mm&r=g\",\"caption\":\"redazione\"},\"sameAs\":[\"http:\\\/\\\/www.bellunopress.it\",\"https:\\\/\\\/x.com\\\/bellunopress\"],\"url\":\"https:\\\/\\\/www.bellunopress.it\\\/fr\\\/author\\\/redazione\\\/\"}]}<\/script>\n<!-- \/ Yoast SEO plugin. -->","yoast_head_json":{"title":"Sanit\u00e0, Auronzo e Comelico. Lanzarin: \"La priorit\u00e0 \u00e8 mantenere i servizi. Ogni via \u00e8 percorribile se da Roma non vi saranno risposte alla carenza di personale dovuta a una errata programmazione\" - Bellunopress - Dolomiti","robots":{"index":"index","follow":"follow","max-snippet":"max-snippet:-1","max-image-preview":"max-image-preview:large","max-video-preview":"max-video-preview:-1"},"canonical":"https:\/\/www.bellunopress.it\/fr\/2019\/09\/29\/sanita-auronzo-e-comelico-lanzarin-la-priorita-e-mantenere-i-servizi-ogni-via-e-percorribile-se-da-roma-non-vi-saranno-risposte-alla-carenza-di-personale-dovuta-a-una-errata-programmazione\/","og_locale":"fr_FR","og_type":"article","og_title":"Sanit\u00e0, Auronzo e Comelico. Lanzarin: \"La priorit\u00e0 \u00e8 mantenere i servizi. Ogni via \u00e8 percorribile se da Roma non vi saranno risposte alla carenza di personale dovuta a una errata programmazione\" - Bellunopress - Dolomiti","og_description":"Venezia, 29 settembre 2019\u00a0\u00a0\u201cNon c\u2019\u00e8 alcun progetto di smantellare o ridurre servizi, tantomeno nelle aree di montagna come il Bellunese, delle quali abbiamo sempre rispettato e tenuto in considerazione la specificit\u00e0 come conferma la nostra programmazione. Abbiamo l\u2019obbligo, di fronte ad un panorama come quello attuale in cui la sbagliata programmazione nazionale ci fa misurare [&hellip;]","og_url":"https:\/\/www.bellunopress.it\/fr\/2019\/09\/29\/sanita-auronzo-e-comelico-lanzarin-la-priorita-e-mantenere-i-servizi-ogni-via-e-percorribile-se-da-roma-non-vi-saranno-risposte-alla-carenza-di-personale-dovuta-a-una-errata-programmazione\/","og_site_name":"Bellunopress - Dolomiti","article_publisher":"https:\/\/www.facebook.com\/profile.php?id=100008943462799","article_published_time":"2019-09-29T11:36:12+00:00","og_image":[{"url":"http:\/\/www.bellunopress.it\/wp-content\/uploads\/2016\/01\/manuela-lanzarin-assessore.jpg","type":"","width":"","height":""}],"author":"redazione","twitter_card":"summary_large_image","twitter_creator":"@bellunopress","twitter_site":"@bellunopress","twitter_misc":{"\u00c9crit par":"redazione","Dur\u00e9e de lecture estim\u00e9e":"2 minutes"},"schema":{"@context":"https:\/\/schema.org","@graph":[{"@type":"Article","@id":"https:\/\/www.bellunopress.it\/2019\/09\/29\/sanita-auronzo-e-comelico-lanzarin-la-priorita-e-mantenere-i-servizi-ogni-via-e-percorribile-se-da-roma-non-vi-saranno-risposte-alla-carenza-di-personale-dovuta-a-una-errata-programmazione\/#article","isPartOf":{"@id":"https:\/\/www.bellunopress.it\/2019\/09\/29\/sanita-auronzo-e-comelico-lanzarin-la-priorita-e-mantenere-i-servizi-ogni-via-e-percorribile-se-da-roma-non-vi-saranno-risposte-alla-carenza-di-personale-dovuta-a-una-errata-programmazione\/"},"author":{"name":"redazione","@id":"https:\/\/www.bellunopress.it\/#\/schema\/person\/79bb06722b37ece1c03d3e94beb30d73"},"headline":"Sanit\u00e0, Auronzo e Comelico. Lanzarin: &#8220;La priorit\u00e0 \u00e8 mantenere i servizi. Ogni via \u00e8 percorribile se da Roma non vi saranno risposte alla carenza di personale dovuta a una errata programmazione&#8221;","datePublished":"2019-09-29T11:36:12+00:00","mainEntityOfPage":{"@id":"https:\/\/www.bellunopress.it\/2019\/09\/29\/sanita-auronzo-e-comelico-lanzarin-la-priorita-e-mantenere-i-servizi-ogni-via-e-percorribile-se-da-roma-non-vi-saranno-risposte-alla-carenza-di-personale-dovuta-a-una-errata-programmazione\/"},"wordCount":401,"publisher":{"@id":"https:\/\/www.bellunopress.it\/#organization"},"image":{"@id":"https:\/\/www.bellunopress.it\/2019\/09\/29\/sanita-auronzo-e-comelico-lanzarin-la-priorita-e-mantenere-i-servizi-ogni-via-e-percorribile-se-da-roma-non-vi-saranno-risposte-alla-carenza-di-personale-dovuta-a-una-errata-programmazione\/#primaryimage"},"thumbnailUrl":"http:\/\/www.bellunopress.it\/wp-content\/uploads\/2016\/01\/manuela-lanzarin-assessore.jpg","articleSection":["Prima Pagina","Sanit\u00e0 Medicina"],"inLanguage":"fr-FR"},{"@type":"WebPage","@id":"https:\/\/www.bellunopress.it\/2019\/09\/29\/sanita-auronzo-e-comelico-lanzarin-la-priorita-e-mantenere-i-servizi-ogni-via-e-percorribile-se-da-roma-non-vi-saranno-risposte-alla-carenza-di-personale-dovuta-a-una-errata-programmazione\/","url":"https:\/\/www.bellunopress.it\/2019\/09\/29\/sanita-auronzo-e-comelico-lanzarin-la-priorita-e-mantenere-i-servizi-ogni-via-e-percorribile-se-da-roma-non-vi-saranno-risposte-alla-carenza-di-personale-dovuta-a-una-errata-programmazione\/","name":"Sanit\u00e0, Auronzo e Comelico. Lanzarin: \"La priorit\u00e0 \u00e8 mantenere i servizi. Ogni via \u00e8 percorribile se da Roma non vi saranno risposte alla carenza di personale dovuta a una errata programmazione\" - Bellunopress - Dolomiti","isPartOf":{"@id":"https:\/\/www.bellunopress.it\/#website"},"primaryImageOfPage":{"@id":"https:\/\/www.bellunopress.it\/2019\/09\/29\/sanita-auronzo-e-comelico-lanzarin-la-priorita-e-mantenere-i-servizi-ogni-via-e-percorribile-se-da-roma-non-vi-saranno-risposte-alla-carenza-di-personale-dovuta-a-una-errata-programmazione\/#primaryimage"},"image":{"@id":"https:\/\/www.bellunopress.it\/2019\/09\/29\/sanita-auronzo-e-comelico-lanzarin-la-priorita-e-mantenere-i-servizi-ogni-via-e-percorribile-se-da-roma-non-vi-saranno-risposte-alla-carenza-di-personale-dovuta-a-una-errata-programmazione\/#primaryimage"},"thumbnailUrl":"http:\/\/www.bellunopress.it\/wp-content\/uploads\/2016\/01\/manuela-lanzarin-assessore.jpg","datePublished":"2019-09-29T11:36:12+00:00","breadcrumb":{"@id":"https:\/\/www.bellunopress.it\/2019\/09\/29\/sanita-auronzo-e-comelico-lanzarin-la-priorita-e-mantenere-i-servizi-ogni-via-e-percorribile-se-da-roma-non-vi-saranno-risposte-alla-carenza-di-personale-dovuta-a-una-errata-programmazione\/#breadcrumb"},"inLanguage":"fr-FR","potentialAction":[{"@type":"ReadAction","target":["https:\/\/www.bellunopress.it\/2019\/09\/29\/sanita-auronzo-e-comelico-lanzarin-la-priorita-e-mantenere-i-servizi-ogni-via-e-percorribile-se-da-roma-non-vi-saranno-risposte-alla-carenza-di-personale-dovuta-a-una-errata-programmazione\/"]}]},{"@type":"ImageObject","inLanguage":"fr-FR","@id":"https:\/\/www.bellunopress.it\/2019\/09\/29\/sanita-auronzo-e-comelico-lanzarin-la-priorita-e-mantenere-i-servizi-ogni-via-e-percorribile-se-da-roma-non-vi-saranno-risposte-alla-carenza-di-personale-dovuta-a-una-errata-programmazione\/#primaryimage","url":"http:\/\/www.bellunopress.it\/wp-content\/uploads\/2016\/01\/manuela-lanzarin-assessore.jpg","contentUrl":"http:\/\/www.bellunopress.it\/wp-content\/uploads\/2016\/01\/manuela-lanzarin-assessore.jpg"},{"@type":"BreadcrumbList","@id":"https:\/\/www.bellunopress.it\/2019\/09\/29\/sanita-auronzo-e-comelico-lanzarin-la-priorita-e-mantenere-i-servizi-ogni-via-e-percorribile-se-da-roma-non-vi-saranno-risposte-alla-carenza-di-personale-dovuta-a-una-errata-programmazione\/#breadcrumb","itemListElement":[{"@type":"ListItem","position":1,"name":"Home","item":"https:\/\/www.bellunopress.it\/"},{"@type":"ListItem","position":2,"name":"Sanit\u00e0, Auronzo e Comelico. Lanzarin: &#8220;La priorit\u00e0 \u00e8 mantenere i servizi. Ogni via \u00e8 percorribile se da Roma non vi saranno risposte alla carenza di personale dovuta a una errata programmazione&#8221;"}]},{"@type":"WebSite","@id":"https:\/\/www.bellunopress.it\/#website","url":"https:\/\/www.bellunopress.it\/","name":"Bellunopress - Dolomiti","description":"e-mail: redazione@bellunopress.it","publisher":{"@id":"https:\/\/www.bellunopress.it\/#organization"},"potentialAction":[{"@type":"SearchAction","target":{"@type":"EntryPoint","urlTemplate":"https:\/\/www.bellunopress.it\/?s={search_term_string}"},"query-input":{"@type":"PropertyValueSpecification","valueRequired":true,"valueName":"search_term_string"}}],"inLanguage":"fr-FR"},{"@type":"Organization","@id":"https:\/\/www.bellunopress.it\/#organization","name":"Bellunopress","url":"https:\/\/www.bellunopress.it\/","logo":{"@type":"ImageObject","inLanguage":"fr-FR","@id":"https:\/\/www.bellunopress.it\/#\/schema\/logo\/image\/","url":"https:\/\/www.bellunopress.it\/wp-content\/uploads\/2011\/05\/cropped-logo-bellunopress-.jpg","contentUrl":"https:\/\/www.bellunopress.it\/wp-content\/uploads\/2011\/05\/cropped-logo-bellunopress-.jpg","width":512,"height":512,"caption":"Bellunopress"},"image":{"@id":"https:\/\/www.bellunopress.it\/#\/schema\/logo\/image\/"},"sameAs":["https:\/\/www.facebook.com\/profile.php?id=100008943462799","https:\/\/x.com\/bellunopress","https:\/\/www.linkedin.com\/hp\/?dnr=JBzUWaJfMUw8vbXJJ2tVW5-I3jZKvC4wsoxE&amp;amp;amp;amp;amp;amp;trk=nav_responsive_tab_home","https:\/\/www.youtube.com\/channel\/UCxL0wu1uN0_3_7hGG0306cw"]},{"@type":"Person","@id":"https:\/\/www.bellunopress.it\/#\/schema\/person\/79bb06722b37ece1c03d3e94beb30d73","name":"r\u00e9daction","image":{"@type":"ImageObject","inLanguage":"fr-FR","@id":"https:\/\/secure.gravatar.com\/avatar\/37d968a2e67a6fd04c169c4bdef102d0bc5d31b2546345219e348575eb80e9a0?s=96&d=mm&r=g","url":"https:\/\/secure.gravatar.com\/avatar\/37d968a2e67a6fd04c169c4bdef102d0bc5d31b2546345219e348575eb80e9a0?s=96&d=mm&r=g","contentUrl":"https:\/\/secure.gravatar.com\/avatar\/37d968a2e67a6fd04c169c4bdef102d0bc5d31b2546345219e348575eb80e9a0?s=96&d=mm&r=g","caption":"redazione"},"sameAs":["http:\/\/www.bellunopress.it","https:\/\/x.com\/bellunopress"],"url":"https:\/\/www.bellunopress.it\/fr\/author\/redazione\/"}]}},"_links":{"self":[{"href":"https:\/\/www.bellunopress.it\/fr\/wp-json\/wp\/v2\/posts\/108310","targetHints":{"allow":["GET"]}}],"collection":[{"href":"https:\/\/www.bellunopress.it\/fr\/wp-json\/wp\/v2\/posts"}],"about":[{"href":"https:\/\/www.bellunopress.it\/fr\/wp-json\/wp\/v2\/types\/post"}],"author":[{"embeddable":true,"href":"https:\/\/www.bellunopress.it\/fr\/wp-json\/wp\/v2\/users\/2"}],"replies":[{"embeddable":true,"href":"https:\/\/www.bellunopress.it\/fr\/wp-json\/wp\/v2\/comments?post=108310"}],"version-history":[{"count":1,"href":"https:\/\/www.bellunopress.it\/fr\/wp-json\/wp\/v2\/posts\/108310\/revisions"}],"predecessor-version":[{"id":108311,"href":"https:\/\/www.bellunopress.it\/fr\/wp-json\/wp\/v2\/posts\/108310\/revisions\/108311"}],"wp:attachment":[{"href":"https:\/\/www.bellunopress.it\/fr\/wp-json\/wp\/v2\/media?parent=108310"}],"wp:term":[{"taxonomy":"category","embeddable":true,"href":"https:\/\/www.bellunopress.it\/fr\/wp-json\/wp\/v2\/categories?post=108310"},{"taxonomy":"post_tag","embeddable":true,"href":"https:\/\/www.bellunopress.it\/fr\/wp-json\/wp\/v2\/tags?post=108310"}],"curies":[{"name":"wp","href":"https:\/\/api.w.org\/{rel}","templated":true}]}}