{"id":108303,"date":"2019-09-29T13:19:01","date_gmt":"2019-09-29T11:19:01","guid":{"rendered":"http:\/\/www.bellunopress.it\/?p=108303"},"modified":"2019-09-29T13:21:00","modified_gmt":"2019-09-29T11:21:00","slug":"108303","status":"publish","type":"post","link":"https:\/\/www.bellunopress.it\/fr\/2019\/09\/29\/108303\/","title":{"rendered":"I soldi della contessa, sabato alla Libreria Tarantola di Belluno la presentazione del libro"},"content":{"rendered":"<p>Sabato 5 ottobre ore 18.30 alla Libreria Tarantola di Belluno, si terr\u00e0 la presentazione del libro &#8220;I soldi della contessa&#8221; di Roberto De Nart, giornalista, fondatore del quotidiano on line Bellunopress.<\/p>\n<p>Condurr\u00e0 la serata Alessia Trentin, giornalista.<\/p>\n<p><a href=\"http:\/\/www.bellunopress.it\/fr\/2019\/09\/29\/108303\/i-soldi-della-contessa-5-ottobre-bellunopress\/\" rel=\"attachment wp-att-108304\"><img loading=\"lazy\" decoding=\"async\" class=\"alignleft size-full wp-image-108304\" src=\"http:\/\/www.bellunopress.it\/wp-content\/uploads\/2019\/09\/i-soldi-della-contessa-5-ottobre-bellunopress.jpg\" alt=\"\" width=\"300\" height=\"281\" \/><\/a>Il libro, tratto dagli atti processuali della Corte d&#8217;Appello di Belluno del 1950 e depositati all&#8217;Archivio di Stato di Venezia, racconta gli ultimi anni di vita di Marta Kusch, tedesca di cittadinanza americana, conosciuta da tutti come &#8220;la contessa&#8221; per la sua relazione sentimentale con il conte Borgoncelli, titolare della ditta Aices di Pedavena, che eseguiva i lavori di fortificazione per conto della Todt nel Feltrino. L\u2019assassinio della Kusch, avvenuto a Pedavena a guerra finita, sarebbe rimasto sepolto nell\u2019oblio, se qualche anno dopo la fine della guerra, la cognata Erminia Reja Kusch non avesse inoltrato un esposto alla Questura di Belluno per avere giustizia. Le indagini di carabinieri e polizia portano subito alla denuncia di cinque partigiani, esecutori materiali del delitto. Un&#8217;indagine patrimoniale ordinata dai magistrati accerter\u00e0 che i cinque poveri erano e poveri rimasero. Ma le indagini si limitarono ai soli esecutori, non gi\u00e0 ai mandanti, ossia quelli che effettivamente si arricchirono. Dagli oltre 400 documenti esce un profilo assolutamente pulito di Marta Kusch, uccisa al solo scopo di impossessarsi dei soldi. Ed erano molti i soldi nella sua disponibilit\u00e0, che servivano a pagare gli 800 operai della Aices. Quattro milioni \u00e8 la cifra ufficiale che ricorre nei documenti. Ma \u00e8 quello che dicono gli imputati. Secondo la ricostruzione dell&#8217;autore, i soldi sottratti alla Contessa furono circa 10 milioni di lire del 1945, pari a circa un milione di euro di oggi. Secondo voce di popolo, invece, i soldi erano molti di pi\u00f9, si parla di miliardi transitati dall&#8217;Italia nelle banche svizzere e poi in Venezuela.<br \/>\nIl 20 novembre del \u201850 inizia il processo nell\u2019aula della Corte d\u2019Assise di Belluno, che si chiuder\u00e0 con la scarcerazione degli imputati in forza della cosiddetta \u201cAmnistia Togliatti\u201d, che prevedeva la non punibilit\u00e0 per fatti di guerra accaduti tra l&#8217;8 settembre del 1943 e il 18 giugno del 1946. Ma quell&#8217;omicidio, con la guerra, non aveva nulla a che fare.<\/p>","protected":false},"excerpt":{"rendered":"<p>Sabato 5 ottobre ore 18.30 alla Libreria Tarantola di Belluno, si terr\u00e0 la presentazione del libro &#8220;I soldi della contessa&#8221; di Roberto De Nart, giornalista, fondatore del quotidiano on line Bellunopress. Condurr\u00e0 la serata Alessia Trentin, giornalista. Il libro, tratto dagli atti processuali della Corte d&#8217;Appello di Belluno del 1950 e depositati all&#8217;Archivio di Stato [&hellip;]<\/p>\n","protected":false},"author":2,"featured_media":0,"comment_status":"closed","ping_status":"open","sticky":false,"template":"","format":"standard","meta":{"footnotes":""},"categories":[27,3,25],"tags":[],"class_list":["post-108303","post","type-post","status-publish","format-standard","category-appuntamenti","category-arte-cultura-spettacoli-scienza-archivi","category-pausa-caffe"],"yoast_head":"<!-- This site is optimized with the Yoast SEO plugin v28.4 - https:\/\/yoast.com\/product\/yoast-seo-wordpress\/ -->\n<title>I soldi della contessa, sabato alla Libreria Tarantola di Belluno la presentazione del libro - Bellunopress - Dolomiti<\/title>\n<meta name=\"robots\" content=\"index, follow, max-snippet:-1, max-image-preview:large, max-video-preview:-1\" \/>\n<link rel=\"canonical\" href=\"https:\/\/www.bellunopress.it\/fr\/2019\/09\/29\/108303\/\" \/>\n<meta property=\"og:locale\" content=\"fr_FR\" \/>\n<meta property=\"og:type\" content=\"article\" \/>\n<meta property=\"og:title\" content=\"I soldi della contessa, sabato alla Libreria Tarantola di Belluno la presentazione del libro - Bellunopress - Dolomiti\" \/>\n<meta property=\"og:description\" content=\"Sabato 5 ottobre ore 18.30 alla Libreria Tarantola di Belluno, si terr\u00e0 la presentazione del libro &#8220;I soldi della contessa&#8221; di Roberto De Nart, giornalista, fondatore del quotidiano on line Bellunopress. Condurr\u00e0 la serata Alessia Trentin, giornalista. Il libro, tratto dagli atti processuali della Corte d&#8217;Appello di Belluno del 1950 e depositati all&#8217;Archivio di Stato [&hellip;]\" \/>\n<meta property=\"og:url\" content=\"https:\/\/www.bellunopress.it\/fr\/2019\/09\/29\/108303\/\" \/>\n<meta property=\"og:site_name\" content=\"Bellunopress - Dolomiti\" \/>\n<meta property=\"article:publisher\" content=\"https:\/\/www.facebook.com\/profile.php?id=100008943462799\" \/>\n<meta property=\"article:published_time\" content=\"2019-09-29T11:19:01+00:00\" \/>\n<meta property=\"article:modified_time\" content=\"2019-09-29T11:21:00+00:00\" \/>\n<meta property=\"og:image\" content=\"http:\/\/www.bellunopress.it\/wp-content\/uploads\/2019\/09\/i-soldi-della-contessa-5-ottobre-bellunopress.jpg\" \/>\n<meta name=\"author\" content=\"redazione\" \/>\n<meta name=\"twitter:card\" content=\"summary_large_image\" \/>\n<meta name=\"twitter:creator\" content=\"@bellunopress\" \/>\n<meta name=\"twitter:site\" content=\"@bellunopress\" \/>\n<meta name=\"twitter:label1\" content=\"\u00c9crit par\" \/>\n\t<meta name=\"twitter:data1\" content=\"redazione\" \/>\n\t<meta name=\"twitter:label2\" content=\"Dur\u00e9e de lecture estim\u00e9e\" \/>\n\t<meta name=\"twitter:data2\" content=\"2 minutes\" \/>\n<script type=\"application\/ld+json\" class=\"yoast-schema-graph\">{\"@context\":\"https:\\\/\\\/schema.org\",\"@graph\":[{\"@type\":\"Article\",\"@id\":\"https:\\\/\\\/www.bellunopress.it\\\/2019\\\/09\\\/29\\\/108303\\\/#article\",\"isPartOf\":{\"@id\":\"https:\\\/\\\/www.bellunopress.it\\\/2019\\\/09\\\/29\\\/108303\\\/\"},\"author\":{\"name\":\"redazione\",\"@id\":\"https:\\\/\\\/www.bellunopress.it\\\/#\\\/schema\\\/person\\\/79bb06722b37ece1c03d3e94beb30d73\"},\"headline\":\"I soldi della contessa, sabato alla Libreria Tarantola di Belluno la presentazione del libro\",\"datePublished\":\"2019-09-29T11:19:01+00:00\",\"dateModified\":\"2019-09-29T11:21:00+00:00\",\"mainEntityOfPage\":{\"@id\":\"https:\\\/\\\/www.bellunopress.it\\\/2019\\\/09\\\/29\\\/108303\\\/\"},\"wordCount\":364,\"publisher\":{\"@id\":\"https:\\\/\\\/www.bellunopress.it\\\/#organization\"},\"image\":{\"@id\":\"https:\\\/\\\/www.bellunopress.it\\\/2019\\\/09\\\/29\\\/108303\\\/#primaryimage\"},\"thumbnailUrl\":\"http:\\\/\\\/www.bellunopress.it\\\/wp-content\\\/uploads\\\/2019\\\/09\\\/i-soldi-della-contessa-5-ottobre-bellunopress.jpg\",\"articleSection\":[\"Appuntamenti, Eventi\",\"Arte, Cultura, Spettacoli, Scienza\",\"Pausa Caff\u00e8\"],\"inLanguage\":\"fr-FR\"},{\"@type\":\"WebPage\",\"@id\":\"https:\\\/\\\/www.bellunopress.it\\\/2019\\\/09\\\/29\\\/108303\\\/\",\"url\":\"https:\\\/\\\/www.bellunopress.it\\\/2019\\\/09\\\/29\\\/108303\\\/\",\"name\":\"I soldi della contessa, sabato alla Libreria Tarantola di Belluno la presentazione del libro - Bellunopress - Dolomiti\",\"isPartOf\":{\"@id\":\"https:\\\/\\\/www.bellunopress.it\\\/#website\"},\"primaryImageOfPage\":{\"@id\":\"https:\\\/\\\/www.bellunopress.it\\\/2019\\\/09\\\/29\\\/108303\\\/#primaryimage\"},\"image\":{\"@id\":\"https:\\\/\\\/www.bellunopress.it\\\/2019\\\/09\\\/29\\\/108303\\\/#primaryimage\"},\"thumbnailUrl\":\"http:\\\/\\\/www.bellunopress.it\\\/wp-content\\\/uploads\\\/2019\\\/09\\\/i-soldi-della-contessa-5-ottobre-bellunopress.jpg\",\"datePublished\":\"2019-09-29T11:19:01+00:00\",\"dateModified\":\"2019-09-29T11:21:00+00:00\",\"breadcrumb\":{\"@id\":\"https:\\\/\\\/www.bellunopress.it\\\/2019\\\/09\\\/29\\\/108303\\\/#breadcrumb\"},\"inLanguage\":\"fr-FR\",\"potentialAction\":[{\"@type\":\"ReadAction\",\"target\":[\"https:\\\/\\\/www.bellunopress.it\\\/2019\\\/09\\\/29\\\/108303\\\/\"]}]},{\"@type\":\"ImageObject\",\"inLanguage\":\"fr-FR\",\"@id\":\"https:\\\/\\\/www.bellunopress.it\\\/2019\\\/09\\\/29\\\/108303\\\/#primaryimage\",\"url\":\"http:\\\/\\\/www.bellunopress.it\\\/wp-content\\\/uploads\\\/2019\\\/09\\\/i-soldi-della-contessa-5-ottobre-bellunopress.jpg\",\"contentUrl\":\"http:\\\/\\\/www.bellunopress.it\\\/wp-content\\\/uploads\\\/2019\\\/09\\\/i-soldi-della-contessa-5-ottobre-bellunopress.jpg\"},{\"@type\":\"BreadcrumbList\",\"@id\":\"https:\\\/\\\/www.bellunopress.it\\\/2019\\\/09\\\/29\\\/108303\\\/#breadcrumb\",\"itemListElement\":[{\"@type\":\"ListItem\",\"position\":1,\"name\":\"Home\",\"item\":\"https:\\\/\\\/www.bellunopress.it\\\/\"},{\"@type\":\"ListItem\",\"position\":2,\"name\":\"I soldi della contessa, sabato alla Libreria Tarantola di Belluno la presentazione del libro\"}]},{\"@type\":\"WebSite\",\"@id\":\"https:\\\/\\\/www.bellunopress.it\\\/#website\",\"url\":\"https:\\\/\\\/www.bellunopress.it\\\/\",\"name\":\"Bellunopress - Dolomiti\",\"description\":\"e-mail: redazione@bellunopress.it\",\"publisher\":{\"@id\":\"https:\\\/\\\/www.bellunopress.it\\\/#organization\"},\"potentialAction\":[{\"@type\":\"SearchAction\",\"target\":{\"@type\":\"EntryPoint\",\"urlTemplate\":\"https:\\\/\\\/www.bellunopress.it\\\/?s={search_term_string}\"},\"query-input\":{\"@type\":\"PropertyValueSpecification\",\"valueRequired\":true,\"valueName\":\"search_term_string\"}}],\"inLanguage\":\"fr-FR\"},{\"@type\":\"Organization\",\"@id\":\"https:\\\/\\\/www.bellunopress.it\\\/#organization\",\"name\":\"Bellunopress\",\"url\":\"https:\\\/\\\/www.bellunopress.it\\\/\",\"logo\":{\"@type\":\"ImageObject\",\"inLanguage\":\"fr-FR\",\"@id\":\"https:\\\/\\\/www.bellunopress.it\\\/#\\\/schema\\\/logo\\\/image\\\/\",\"url\":\"https:\\\/\\\/www.bellunopress.it\\\/wp-content\\\/uploads\\\/2011\\\/05\\\/cropped-logo-bellunopress-.jpg\",\"contentUrl\":\"https:\\\/\\\/www.bellunopress.it\\\/wp-content\\\/uploads\\\/2011\\\/05\\\/cropped-logo-bellunopress-.jpg\",\"width\":512,\"height\":512,\"caption\":\"Bellunopress\"},\"image\":{\"@id\":\"https:\\\/\\\/www.bellunopress.it\\\/#\\\/schema\\\/logo\\\/image\\\/\"},\"sameAs\":[\"https:\\\/\\\/www.facebook.com\\\/profile.php?id=100008943462799\",\"https:\\\/\\\/x.com\\\/bellunopress\",\"https:\\\/\\\/www.linkedin.com\\\/hp\\\/?dnr=JBzUWaJfMUw8vbXJJ2tVW5-I3jZKvC4wsoxE&amp;amp;amp;amp;amp;amp;trk=nav_responsive_tab_home\",\"https:\\\/\\\/www.youtube.com\\\/channel\\\/UCxL0wu1uN0_3_7hGG0306cw\"]},{\"@type\":\"Person\",\"@id\":\"https:\\\/\\\/www.bellunopress.it\\\/#\\\/schema\\\/person\\\/79bb06722b37ece1c03d3e94beb30d73\",\"name\":\"redazione\",\"image\":{\"@type\":\"ImageObject\",\"inLanguage\":\"fr-FR\",\"@id\":\"https:\\\/\\\/secure.gravatar.com\\\/avatar\\\/37d968a2e67a6fd04c169c4bdef102d0bc5d31b2546345219e348575eb80e9a0?s=96&d=mm&r=g\",\"url\":\"https:\\\/\\\/secure.gravatar.com\\\/avatar\\\/37d968a2e67a6fd04c169c4bdef102d0bc5d31b2546345219e348575eb80e9a0?s=96&d=mm&r=g\",\"contentUrl\":\"https:\\\/\\\/secure.gravatar.com\\\/avatar\\\/37d968a2e67a6fd04c169c4bdef102d0bc5d31b2546345219e348575eb80e9a0?s=96&d=mm&r=g\",\"caption\":\"redazione\"},\"sameAs\":[\"http:\\\/\\\/www.bellunopress.it\",\"https:\\\/\\\/x.com\\\/bellunopress\"],\"url\":\"https:\\\/\\\/www.bellunopress.it\\\/fr\\\/author\\\/redazione\\\/\"}]}<\/script>\n<!-- \/ Yoast SEO plugin. -->","yoast_head_json":{"title":"I soldi della contessa, sabato alla Libreria Tarantola di Belluno la presentazione del libro - Bellunopress - Dolomiti","robots":{"index":"index","follow":"follow","max-snippet":"max-snippet:-1","max-image-preview":"max-image-preview:large","max-video-preview":"max-video-preview:-1"},"canonical":"https:\/\/www.bellunopress.it\/fr\/2019\/09\/29\/108303\/","og_locale":"fr_FR","og_type":"article","og_title":"I soldi della contessa, sabato alla Libreria Tarantola di Belluno la presentazione del libro - Bellunopress - Dolomiti","og_description":"Sabato 5 ottobre ore 18.30 alla Libreria Tarantola di Belluno, si terr\u00e0 la presentazione del libro &#8220;I soldi della contessa&#8221; di Roberto De Nart, giornalista, fondatore del quotidiano on line Bellunopress. Condurr\u00e0 la serata Alessia Trentin, giornalista. Il libro, tratto dagli atti processuali della Corte d&#8217;Appello di Belluno del 1950 e depositati all&#8217;Archivio di Stato [&hellip;]","og_url":"https:\/\/www.bellunopress.it\/fr\/2019\/09\/29\/108303\/","og_site_name":"Bellunopress - Dolomiti","article_publisher":"https:\/\/www.facebook.com\/profile.php?id=100008943462799","article_published_time":"2019-09-29T11:19:01+00:00","article_modified_time":"2019-09-29T11:21:00+00:00","og_image":[{"url":"http:\/\/www.bellunopress.it\/wp-content\/uploads\/2019\/09\/i-soldi-della-contessa-5-ottobre-bellunopress.jpg","type":"","width":"","height":""}],"author":"redazione","twitter_card":"summary_large_image","twitter_creator":"@bellunopress","twitter_site":"@bellunopress","twitter_misc":{"\u00c9crit par":"redazione","Dur\u00e9e de lecture estim\u00e9e":"2 minutes"},"schema":{"@context":"https:\/\/schema.org","@graph":[{"@type":"Article","@id":"https:\/\/www.bellunopress.it\/2019\/09\/29\/108303\/#article","isPartOf":{"@id":"https:\/\/www.bellunopress.it\/2019\/09\/29\/108303\/"},"author":{"name":"redazione","@id":"https:\/\/www.bellunopress.it\/#\/schema\/person\/79bb06722b37ece1c03d3e94beb30d73"},"headline":"I soldi della contessa, sabato alla Libreria Tarantola di Belluno la presentazione del libro","datePublished":"2019-09-29T11:19:01+00:00","dateModified":"2019-09-29T11:21:00+00:00","mainEntityOfPage":{"@id":"https:\/\/www.bellunopress.it\/2019\/09\/29\/108303\/"},"wordCount":364,"publisher":{"@id":"https:\/\/www.bellunopress.it\/#organization"},"image":{"@id":"https:\/\/www.bellunopress.it\/2019\/09\/29\/108303\/#primaryimage"},"thumbnailUrl":"http:\/\/www.bellunopress.it\/wp-content\/uploads\/2019\/09\/i-soldi-della-contessa-5-ottobre-bellunopress.jpg","articleSection":["Appuntamenti, Eventi","Arte, Cultura, Spettacoli, Scienza","Pausa Caff\u00e8"],"inLanguage":"fr-FR"},{"@type":"WebPage","@id":"https:\/\/www.bellunopress.it\/2019\/09\/29\/108303\/","url":"https:\/\/www.bellunopress.it\/2019\/09\/29\/108303\/","name":"I soldi della contessa, sabato alla Libreria Tarantola di Belluno la presentazione del libro - Bellunopress - Dolomiti","isPartOf":{"@id":"https:\/\/www.bellunopress.it\/#website"},"primaryImageOfPage":{"@id":"https:\/\/www.bellunopress.it\/2019\/09\/29\/108303\/#primaryimage"},"image":{"@id":"https:\/\/www.bellunopress.it\/2019\/09\/29\/108303\/#primaryimage"},"thumbnailUrl":"http:\/\/www.bellunopress.it\/wp-content\/uploads\/2019\/09\/i-soldi-della-contessa-5-ottobre-bellunopress.jpg","datePublished":"2019-09-29T11:19:01+00:00","dateModified":"2019-09-29T11:21:00+00:00","breadcrumb":{"@id":"https:\/\/www.bellunopress.it\/2019\/09\/29\/108303\/#breadcrumb"},"inLanguage":"fr-FR","potentialAction":[{"@type":"ReadAction","target":["https:\/\/www.bellunopress.it\/2019\/09\/29\/108303\/"]}]},{"@type":"ImageObject","inLanguage":"fr-FR","@id":"https:\/\/www.bellunopress.it\/2019\/09\/29\/108303\/#primaryimage","url":"http:\/\/www.bellunopress.it\/wp-content\/uploads\/2019\/09\/i-soldi-della-contessa-5-ottobre-bellunopress.jpg","contentUrl":"http:\/\/www.bellunopress.it\/wp-content\/uploads\/2019\/09\/i-soldi-della-contessa-5-ottobre-bellunopress.jpg"},{"@type":"BreadcrumbList","@id":"https:\/\/www.bellunopress.it\/2019\/09\/29\/108303\/#breadcrumb","itemListElement":[{"@type":"ListItem","position":1,"name":"Home","item":"https:\/\/www.bellunopress.it\/"},{"@type":"ListItem","position":2,"name":"I soldi della contessa, sabato alla Libreria Tarantola di Belluno la presentazione del libro"}]},{"@type":"WebSite","@id":"https:\/\/www.bellunopress.it\/#website","url":"https:\/\/www.bellunopress.it\/","name":"Bellunopress - Dolomiti","description":"e-mail: redazione@bellunopress.it","publisher":{"@id":"https:\/\/www.bellunopress.it\/#organization"},"potentialAction":[{"@type":"SearchAction","target":{"@type":"EntryPoint","urlTemplate":"https:\/\/www.bellunopress.it\/?s={search_term_string}"},"query-input":{"@type":"PropertyValueSpecification","valueRequired":true,"valueName":"search_term_string"}}],"inLanguage":"fr-FR"},{"@type":"Organization","@id":"https:\/\/www.bellunopress.it\/#organization","name":"Bellunopress","url":"https:\/\/www.bellunopress.it\/","logo":{"@type":"ImageObject","inLanguage":"fr-FR","@id":"https:\/\/www.bellunopress.it\/#\/schema\/logo\/image\/","url":"https:\/\/www.bellunopress.it\/wp-content\/uploads\/2011\/05\/cropped-logo-bellunopress-.jpg","contentUrl":"https:\/\/www.bellunopress.it\/wp-content\/uploads\/2011\/05\/cropped-logo-bellunopress-.jpg","width":512,"height":512,"caption":"Bellunopress"},"image":{"@id":"https:\/\/www.bellunopress.it\/#\/schema\/logo\/image\/"},"sameAs":["https:\/\/www.facebook.com\/profile.php?id=100008943462799","https:\/\/x.com\/bellunopress","https:\/\/www.linkedin.com\/hp\/?dnr=JBzUWaJfMUw8vbXJJ2tVW5-I3jZKvC4wsoxE&amp;amp;amp;amp;amp;amp;trk=nav_responsive_tab_home","https:\/\/www.youtube.com\/channel\/UCxL0wu1uN0_3_7hGG0306cw"]},{"@type":"Person","@id":"https:\/\/www.bellunopress.it\/#\/schema\/person\/79bb06722b37ece1c03d3e94beb30d73","name":"r\u00e9daction","image":{"@type":"ImageObject","inLanguage":"fr-FR","@id":"https:\/\/secure.gravatar.com\/avatar\/37d968a2e67a6fd04c169c4bdef102d0bc5d31b2546345219e348575eb80e9a0?s=96&d=mm&r=g","url":"https:\/\/secure.gravatar.com\/avatar\/37d968a2e67a6fd04c169c4bdef102d0bc5d31b2546345219e348575eb80e9a0?s=96&d=mm&r=g","contentUrl":"https:\/\/secure.gravatar.com\/avatar\/37d968a2e67a6fd04c169c4bdef102d0bc5d31b2546345219e348575eb80e9a0?s=96&d=mm&r=g","caption":"redazione"},"sameAs":["http:\/\/www.bellunopress.it","https:\/\/x.com\/bellunopress"],"url":"https:\/\/www.bellunopress.it\/fr\/author\/redazione\/"}]}},"_links":{"self":[{"href":"https:\/\/www.bellunopress.it\/fr\/wp-json\/wp\/v2\/posts\/108303","targetHints":{"allow":["GET"]}}],"collection":[{"href":"https:\/\/www.bellunopress.it\/fr\/wp-json\/wp\/v2\/posts"}],"about":[{"href":"https:\/\/www.bellunopress.it\/fr\/wp-json\/wp\/v2\/types\/post"}],"author":[{"embeddable":true,"href":"https:\/\/www.bellunopress.it\/fr\/wp-json\/wp\/v2\/users\/2"}],"replies":[{"embeddable":true,"href":"https:\/\/www.bellunopress.it\/fr\/wp-json\/wp\/v2\/comments?post=108303"}],"version-history":[{"count":4,"href":"https:\/\/www.bellunopress.it\/fr\/wp-json\/wp\/v2\/posts\/108303\/revisions"}],"predecessor-version":[{"id":108308,"href":"https:\/\/www.bellunopress.it\/fr\/wp-json\/wp\/v2\/posts\/108303\/revisions\/108308"}],"wp:attachment":[{"href":"https:\/\/www.bellunopress.it\/fr\/wp-json\/wp\/v2\/media?parent=108303"}],"wp:term":[{"taxonomy":"category","embeddable":true,"href":"https:\/\/www.bellunopress.it\/fr\/wp-json\/wp\/v2\/categories?post=108303"},{"taxonomy":"post_tag","embeddable":true,"href":"https:\/\/www.bellunopress.it\/fr\/wp-json\/wp\/v2\/tags?post=108303"}],"curies":[{"name":"wp","href":"https:\/\/api.w.org\/{rel}","templated":true}]}}