{"id":108301,"date":"2019-09-29T13:09:11","date_gmt":"2019-09-29T11:09:11","guid":{"rendered":"http:\/\/www.bellunopress.it\/?p=108301"},"modified":"2019-09-29T13:09:11","modified_gmt":"2019-09-29T11:09:11","slug":"val-il-paese-di-valle-nel-comelico-tra-storia-e-storie-venerdi-sera-la-presentazione-a-san-pietro-di-cadore","status":"publish","type":"post","link":"https:\/\/www.bellunopress.it\/fr\/2019\/09\/29\/val-il-paese-di-valle-nel-comelico-tra-storia-e-storie-venerdi-sera-la-presentazione-a-san-pietro-di-cadore\/","title":{"rendered":"Val, il paese di Valle nel Comelico tra Storia e storie. Venerd\u00ec sera la presentazione a San Pietro di Cadore"},"content":{"rendered":"<p>Venerd\u00ec 4 ottobre 2019 alle ore 20.00 presso l&#8217;ex latteria in Via Rindeval \u2013 Frazione di Valle San Pietro di Cadore (BL) verr\u00e0 presentato il volume: &#8220;Val, il paese di Valle nel Comelico tra Storia e storie&#8221; di Amedeo De Bernardin G\u00e0ina e Silvia Soravia.<\/p>\n<p><a href=\"http:\/\/www.bellunopress.it\/fr\/2017\/06\/25\/gabriella-sperotto-giovane-designer-bellunese-premiata-a-roma-nella-sezione-narrativa-del-premio-letterario-internazionale-speciale-infanzia\/libro-libri\/\" rel=\"attachment wp-att-87226\"><img loading=\"lazy\" decoding=\"async\" class=\"alignleft size-full wp-image-87226\" src=\"http:\/\/www.bellunopress.it\/wp-content\/uploads\/2017\/06\/libro-libri.jpg\" alt=\"\" width=\"250\" height=\"162\" \/><\/a>Questo libro nasce dalla felice collaborazione tra due persone innamoratissime del loro paese: Valle di San Pietro di Cadore o, come sarebbe piu corretto dire, Valle di Comelico. Una di esse \u00e8 Amedeo De Bernardin Gaina il quale, dotato di uno spirito attento a ogni aspetto di cronaca locale e sorretto da una memoria prodigiosa, ha raccolto nel corso degli anni la tradizione orale degli anziani, divenendo un vero e proprio archivio vivente di fatti, persone e luoghi del paese e dell&#8217;intero Comelico di sotto.<\/p>\n<p>L&#8217;altra \u00e8 Silvia Soravia che, altrettanto appassionata di storia locale, negli ultimi anni ha eseguito approfondite esplorazioni nell&#8217;archivio storico e nella biblioteca comunale di San Pietro di Cadore, con risultati assolutamente inediti e di grande valore per ricostruire le vicende del paese di Valle di Comelico.<\/p>\n<p>Alla stesura del libro hanno contribuito Piergiorgio Cesco Frare e la moglie Nicoletta Barazzuol, in particolare per l&#8217;aspetto storico-documentale e l&#8217;inquadramento toponomastico, supportati dalla competenza tecnica dell&#8217;architetto Andrea Turato.<\/p>\n<p>Nel testo si trovano, oltre alle notizie di cronaca e alle citazioni di documenti antichi, alcune interpretazioni nuove su fatti e situazioni, nonch\u00e8 alcuni testi di racconti in dialetto comelicano, a testimonianza di una variet\u00e0 linguistica ladina molto conservativa, bench\u00e8 ora in fase di marcato regresso. Notevole interesse poi rivestono le tre fiabe riportate nella sezione, in quanto si riallacciano alla tradizione della fiabologia europea.<\/p>","protected":false},"excerpt":{"rendered":"<p>Venerd\u00ec 4 ottobre 2019 alle ore 20.00 presso l&#8217;ex latteria in Via Rindeval \u2013 Frazione di Valle San Pietro di Cadore (BL) verr\u00e0 presentato il volume: &#8220;Val, il paese di Valle nel Comelico tra Storia e storie&#8221; di Amedeo De Bernardin G\u00e0ina e Silvia Soravia. Questo libro nasce dalla felice collaborazione tra due persone innamoratissime [&hellip;]<\/p>\n","protected":false},"author":2,"featured_media":0,"comment_status":"closed","ping_status":"open","sticky":false,"template":"","format":"standard","meta":{"footnotes":""},"categories":[27,3,25],"tags":[],"class_list":["post-108301","post","type-post","status-publish","format-standard","category-appuntamenti","category-arte-cultura-spettacoli-scienza-archivi","category-pausa-caffe"],"yoast_head":"<!-- This site is optimized with the Yoast SEO plugin v28.4 - https:\/\/yoast.com\/product\/yoast-seo-wordpress\/ -->\n<title>Val, il paese di Valle nel Comelico tra Storia e storie. Venerd\u00ec sera la presentazione a San Pietro di Cadore - Bellunopress - Dolomiti<\/title>\n<meta name=\"robots\" content=\"index, follow, max-snippet:-1, max-image-preview:large, max-video-preview:-1\" \/>\n<link rel=\"canonical\" href=\"https:\/\/www.bellunopress.it\/fr\/2019\/09\/29\/val-il-paese-di-valle-nel-comelico-tra-storia-e-storie-venerdi-sera-la-presentazione-a-san-pietro-di-cadore\/\" \/>\n<meta property=\"og:locale\" content=\"fr_FR\" \/>\n<meta property=\"og:type\" content=\"article\" \/>\n<meta property=\"og:title\" content=\"Val, il paese di Valle nel Comelico tra Storia e storie. Venerd\u00ec sera la presentazione a San Pietro di Cadore - Bellunopress - Dolomiti\" \/>\n<meta property=\"og:description\" content=\"Venerd\u00ec 4 ottobre 2019 alle ore 20.00 presso l&#8217;ex latteria in Via Rindeval \u2013 Frazione di Valle San Pietro di Cadore (BL) verr\u00e0 presentato il volume: &#8220;Val, il paese di Valle nel Comelico tra Storia e storie&#8221; di Amedeo De Bernardin G\u00e0ina e Silvia Soravia. Questo libro nasce dalla felice collaborazione tra due persone innamoratissime [&hellip;]\" \/>\n<meta property=\"og:url\" content=\"https:\/\/www.bellunopress.it\/fr\/2019\/09\/29\/val-il-paese-di-valle-nel-comelico-tra-storia-e-storie-venerdi-sera-la-presentazione-a-san-pietro-di-cadore\/\" \/>\n<meta property=\"og:site_name\" content=\"Bellunopress - Dolomiti\" \/>\n<meta property=\"article:publisher\" content=\"https:\/\/www.facebook.com\/profile.php?id=100008943462799\" \/>\n<meta property=\"article:published_time\" content=\"2019-09-29T11:09:11+00:00\" \/>\n<meta property=\"og:image\" content=\"http:\/\/www.bellunopress.it\/wp-content\/uploads\/2017\/06\/libro-libri.jpg\" \/>\n<meta name=\"author\" content=\"redazione\" \/>\n<meta name=\"twitter:card\" content=\"summary_large_image\" \/>\n<meta name=\"twitter:creator\" content=\"@bellunopress\" \/>\n<meta name=\"twitter:site\" content=\"@bellunopress\" \/>\n<meta name=\"twitter:label1\" content=\"\u00c9crit par\" \/>\n\t<meta name=\"twitter:data1\" content=\"redazione\" \/>\n\t<meta name=\"twitter:label2\" content=\"Dur\u00e9e de lecture estim\u00e9e\" \/>\n\t<meta name=\"twitter:data2\" content=\"1 minute\" \/>\n<script type=\"application\/ld+json\" class=\"yoast-schema-graph\">{\"@context\":\"https:\\\/\\\/schema.org\",\"@graph\":[{\"@type\":\"Article\",\"@id\":\"https:\\\/\\\/www.bellunopress.it\\\/2019\\\/09\\\/29\\\/val-il-paese-di-valle-nel-comelico-tra-storia-e-storie-venerdi-sera-la-presentazione-a-san-pietro-di-cadore\\\/#article\",\"isPartOf\":{\"@id\":\"https:\\\/\\\/www.bellunopress.it\\\/2019\\\/09\\\/29\\\/val-il-paese-di-valle-nel-comelico-tra-storia-e-storie-venerdi-sera-la-presentazione-a-san-pietro-di-cadore\\\/\"},\"author\":{\"name\":\"redazione\",\"@id\":\"https:\\\/\\\/www.bellunopress.it\\\/#\\\/schema\\\/person\\\/79bb06722b37ece1c03d3e94beb30d73\"},\"headline\":\"Val, il paese di Valle nel Comelico tra Storia e storie. Venerd\u00ec sera la presentazione a San Pietro di Cadore\",\"datePublished\":\"2019-09-29T11:09:11+00:00\",\"mainEntityOfPage\":{\"@id\":\"https:\\\/\\\/www.bellunopress.it\\\/2019\\\/09\\\/29\\\/val-il-paese-di-valle-nel-comelico-tra-storia-e-storie-venerdi-sera-la-presentazione-a-san-pietro-di-cadore\\\/\"},\"wordCount\":292,\"publisher\":{\"@id\":\"https:\\\/\\\/www.bellunopress.it\\\/#organization\"},\"image\":{\"@id\":\"https:\\\/\\\/www.bellunopress.it\\\/2019\\\/09\\\/29\\\/val-il-paese-di-valle-nel-comelico-tra-storia-e-storie-venerdi-sera-la-presentazione-a-san-pietro-di-cadore\\\/#primaryimage\"},\"thumbnailUrl\":\"http:\\\/\\\/www.bellunopress.it\\\/wp-content\\\/uploads\\\/2017\\\/06\\\/libro-libri.jpg\",\"articleSection\":[\"Appuntamenti, Eventi\",\"Arte, Cultura, Spettacoli, Scienza\",\"Pausa Caff\u00e8\"],\"inLanguage\":\"fr-FR\"},{\"@type\":\"WebPage\",\"@id\":\"https:\\\/\\\/www.bellunopress.it\\\/2019\\\/09\\\/29\\\/val-il-paese-di-valle-nel-comelico-tra-storia-e-storie-venerdi-sera-la-presentazione-a-san-pietro-di-cadore\\\/\",\"url\":\"https:\\\/\\\/www.bellunopress.it\\\/2019\\\/09\\\/29\\\/val-il-paese-di-valle-nel-comelico-tra-storia-e-storie-venerdi-sera-la-presentazione-a-san-pietro-di-cadore\\\/\",\"name\":\"Val, il paese di Valle nel Comelico tra Storia e storie. Venerd\u00ec sera la presentazione a San Pietro di Cadore - Bellunopress - Dolomiti\",\"isPartOf\":{\"@id\":\"https:\\\/\\\/www.bellunopress.it\\\/#website\"},\"primaryImageOfPage\":{\"@id\":\"https:\\\/\\\/www.bellunopress.it\\\/2019\\\/09\\\/29\\\/val-il-paese-di-valle-nel-comelico-tra-storia-e-storie-venerdi-sera-la-presentazione-a-san-pietro-di-cadore\\\/#primaryimage\"},\"image\":{\"@id\":\"https:\\\/\\\/www.bellunopress.it\\\/2019\\\/09\\\/29\\\/val-il-paese-di-valle-nel-comelico-tra-storia-e-storie-venerdi-sera-la-presentazione-a-san-pietro-di-cadore\\\/#primaryimage\"},\"thumbnailUrl\":\"http:\\\/\\\/www.bellunopress.it\\\/wp-content\\\/uploads\\\/2017\\\/06\\\/libro-libri.jpg\",\"datePublished\":\"2019-09-29T11:09:11+00:00\",\"breadcrumb\":{\"@id\":\"https:\\\/\\\/www.bellunopress.it\\\/2019\\\/09\\\/29\\\/val-il-paese-di-valle-nel-comelico-tra-storia-e-storie-venerdi-sera-la-presentazione-a-san-pietro-di-cadore\\\/#breadcrumb\"},\"inLanguage\":\"fr-FR\",\"potentialAction\":[{\"@type\":\"ReadAction\",\"target\":[\"https:\\\/\\\/www.bellunopress.it\\\/2019\\\/09\\\/29\\\/val-il-paese-di-valle-nel-comelico-tra-storia-e-storie-venerdi-sera-la-presentazione-a-san-pietro-di-cadore\\\/\"]}]},{\"@type\":\"ImageObject\",\"inLanguage\":\"fr-FR\",\"@id\":\"https:\\\/\\\/www.bellunopress.it\\\/2019\\\/09\\\/29\\\/val-il-paese-di-valle-nel-comelico-tra-storia-e-storie-venerdi-sera-la-presentazione-a-san-pietro-di-cadore\\\/#primaryimage\",\"url\":\"http:\\\/\\\/www.bellunopress.it\\\/wp-content\\\/uploads\\\/2017\\\/06\\\/libro-libri.jpg\",\"contentUrl\":\"http:\\\/\\\/www.bellunopress.it\\\/wp-content\\\/uploads\\\/2017\\\/06\\\/libro-libri.jpg\"},{\"@type\":\"BreadcrumbList\",\"@id\":\"https:\\\/\\\/www.bellunopress.it\\\/2019\\\/09\\\/29\\\/val-il-paese-di-valle-nel-comelico-tra-storia-e-storie-venerdi-sera-la-presentazione-a-san-pietro-di-cadore\\\/#breadcrumb\",\"itemListElement\":[{\"@type\":\"ListItem\",\"position\":1,\"name\":\"Home\",\"item\":\"https:\\\/\\\/www.bellunopress.it\\\/\"},{\"@type\":\"ListItem\",\"position\":2,\"name\":\"Val, il paese di Valle nel Comelico tra Storia e storie. Venerd\u00ec sera la presentazione a San Pietro di Cadore\"}]},{\"@type\":\"WebSite\",\"@id\":\"https:\\\/\\\/www.bellunopress.it\\\/#website\",\"url\":\"https:\\\/\\\/www.bellunopress.it\\\/\",\"name\":\"Bellunopress - Dolomiti\",\"description\":\"e-mail: redazione@bellunopress.it\",\"publisher\":{\"@id\":\"https:\\\/\\\/www.bellunopress.it\\\/#organization\"},\"potentialAction\":[{\"@type\":\"SearchAction\",\"target\":{\"@type\":\"EntryPoint\",\"urlTemplate\":\"https:\\\/\\\/www.bellunopress.it\\\/?s={search_term_string}\"},\"query-input\":{\"@type\":\"PropertyValueSpecification\",\"valueRequired\":true,\"valueName\":\"search_term_string\"}}],\"inLanguage\":\"fr-FR\"},{\"@type\":\"Organization\",\"@id\":\"https:\\\/\\\/www.bellunopress.it\\\/#organization\",\"name\":\"Bellunopress\",\"url\":\"https:\\\/\\\/www.bellunopress.it\\\/\",\"logo\":{\"@type\":\"ImageObject\",\"inLanguage\":\"fr-FR\",\"@id\":\"https:\\\/\\\/www.bellunopress.it\\\/#\\\/schema\\\/logo\\\/image\\\/\",\"url\":\"https:\\\/\\\/www.bellunopress.it\\\/wp-content\\\/uploads\\\/2011\\\/05\\\/cropped-logo-bellunopress-.jpg\",\"contentUrl\":\"https:\\\/\\\/www.bellunopress.it\\\/wp-content\\\/uploads\\\/2011\\\/05\\\/cropped-logo-bellunopress-.jpg\",\"width\":512,\"height\":512,\"caption\":\"Bellunopress\"},\"image\":{\"@id\":\"https:\\\/\\\/www.bellunopress.it\\\/#\\\/schema\\\/logo\\\/image\\\/\"},\"sameAs\":[\"https:\\\/\\\/www.facebook.com\\\/profile.php?id=100008943462799\",\"https:\\\/\\\/x.com\\\/bellunopress\",\"https:\\\/\\\/www.linkedin.com\\\/hp\\\/?dnr=JBzUWaJfMUw8vbXJJ2tVW5-I3jZKvC4wsoxE&amp;amp;amp;amp;amp;amp;trk=nav_responsive_tab_home\",\"https:\\\/\\\/www.youtube.com\\\/channel\\\/UCxL0wu1uN0_3_7hGG0306cw\"]},{\"@type\":\"Person\",\"@id\":\"https:\\\/\\\/www.bellunopress.it\\\/#\\\/schema\\\/person\\\/79bb06722b37ece1c03d3e94beb30d73\",\"name\":\"redazione\",\"image\":{\"@type\":\"ImageObject\",\"inLanguage\":\"fr-FR\",\"@id\":\"https:\\\/\\\/secure.gravatar.com\\\/avatar\\\/37d968a2e67a6fd04c169c4bdef102d0bc5d31b2546345219e348575eb80e9a0?s=96&d=mm&r=g\",\"url\":\"https:\\\/\\\/secure.gravatar.com\\\/avatar\\\/37d968a2e67a6fd04c169c4bdef102d0bc5d31b2546345219e348575eb80e9a0?s=96&d=mm&r=g\",\"contentUrl\":\"https:\\\/\\\/secure.gravatar.com\\\/avatar\\\/37d968a2e67a6fd04c169c4bdef102d0bc5d31b2546345219e348575eb80e9a0?s=96&d=mm&r=g\",\"caption\":\"redazione\"},\"sameAs\":[\"http:\\\/\\\/www.bellunopress.it\",\"https:\\\/\\\/x.com\\\/bellunopress\"],\"url\":\"https:\\\/\\\/www.bellunopress.it\\\/fr\\\/author\\\/redazione\\\/\"}]}<\/script>\n<!-- \/ Yoast SEO plugin. -->","yoast_head_json":{"title":"Val, il paese di Valle nel Comelico tra Storia e storie. Venerd\u00ec sera la presentazione a San Pietro di Cadore - Bellunopress - Dolomiti","robots":{"index":"index","follow":"follow","max-snippet":"max-snippet:-1","max-image-preview":"max-image-preview:large","max-video-preview":"max-video-preview:-1"},"canonical":"https:\/\/www.bellunopress.it\/fr\/2019\/09\/29\/val-il-paese-di-valle-nel-comelico-tra-storia-e-storie-venerdi-sera-la-presentazione-a-san-pietro-di-cadore\/","og_locale":"fr_FR","og_type":"article","og_title":"Val, il paese di Valle nel Comelico tra Storia e storie. Venerd\u00ec sera la presentazione a San Pietro di Cadore - Bellunopress - Dolomiti","og_description":"Venerd\u00ec 4 ottobre 2019 alle ore 20.00 presso l&#8217;ex latteria in Via Rindeval \u2013 Frazione di Valle San Pietro di Cadore (BL) verr\u00e0 presentato il volume: &#8220;Val, il paese di Valle nel Comelico tra Storia e storie&#8221; di Amedeo De Bernardin G\u00e0ina e Silvia Soravia. Questo libro nasce dalla felice collaborazione tra due persone innamoratissime [&hellip;]","og_url":"https:\/\/www.bellunopress.it\/fr\/2019\/09\/29\/val-il-paese-di-valle-nel-comelico-tra-storia-e-storie-venerdi-sera-la-presentazione-a-san-pietro-di-cadore\/","og_site_name":"Bellunopress - Dolomiti","article_publisher":"https:\/\/www.facebook.com\/profile.php?id=100008943462799","article_published_time":"2019-09-29T11:09:11+00:00","og_image":[{"url":"http:\/\/www.bellunopress.it\/wp-content\/uploads\/2017\/06\/libro-libri.jpg","type":"","width":"","height":""}],"author":"redazione","twitter_card":"summary_large_image","twitter_creator":"@bellunopress","twitter_site":"@bellunopress","twitter_misc":{"\u00c9crit par":"redazione","Dur\u00e9e de lecture estim\u00e9e":"1 minute"},"schema":{"@context":"https:\/\/schema.org","@graph":[{"@type":"Article","@id":"https:\/\/www.bellunopress.it\/2019\/09\/29\/val-il-paese-di-valle-nel-comelico-tra-storia-e-storie-venerdi-sera-la-presentazione-a-san-pietro-di-cadore\/#article","isPartOf":{"@id":"https:\/\/www.bellunopress.it\/2019\/09\/29\/val-il-paese-di-valle-nel-comelico-tra-storia-e-storie-venerdi-sera-la-presentazione-a-san-pietro-di-cadore\/"},"author":{"name":"redazione","@id":"https:\/\/www.bellunopress.it\/#\/schema\/person\/79bb06722b37ece1c03d3e94beb30d73"},"headline":"Val, il paese di Valle nel Comelico tra Storia e storie. Venerd\u00ec sera la presentazione a San Pietro di Cadore","datePublished":"2019-09-29T11:09:11+00:00","mainEntityOfPage":{"@id":"https:\/\/www.bellunopress.it\/2019\/09\/29\/val-il-paese-di-valle-nel-comelico-tra-storia-e-storie-venerdi-sera-la-presentazione-a-san-pietro-di-cadore\/"},"wordCount":292,"publisher":{"@id":"https:\/\/www.bellunopress.it\/#organization"},"image":{"@id":"https:\/\/www.bellunopress.it\/2019\/09\/29\/val-il-paese-di-valle-nel-comelico-tra-storia-e-storie-venerdi-sera-la-presentazione-a-san-pietro-di-cadore\/#primaryimage"},"thumbnailUrl":"http:\/\/www.bellunopress.it\/wp-content\/uploads\/2017\/06\/libro-libri.jpg","articleSection":["Appuntamenti, Eventi","Arte, Cultura, Spettacoli, Scienza","Pausa Caff\u00e8"],"inLanguage":"fr-FR"},{"@type":"WebPage","@id":"https:\/\/www.bellunopress.it\/2019\/09\/29\/val-il-paese-di-valle-nel-comelico-tra-storia-e-storie-venerdi-sera-la-presentazione-a-san-pietro-di-cadore\/","url":"https:\/\/www.bellunopress.it\/2019\/09\/29\/val-il-paese-di-valle-nel-comelico-tra-storia-e-storie-venerdi-sera-la-presentazione-a-san-pietro-di-cadore\/","name":"Val, il paese di Valle nel Comelico tra Storia e storie. Venerd\u00ec sera la presentazione a San Pietro di Cadore - Bellunopress - Dolomiti","isPartOf":{"@id":"https:\/\/www.bellunopress.it\/#website"},"primaryImageOfPage":{"@id":"https:\/\/www.bellunopress.it\/2019\/09\/29\/val-il-paese-di-valle-nel-comelico-tra-storia-e-storie-venerdi-sera-la-presentazione-a-san-pietro-di-cadore\/#primaryimage"},"image":{"@id":"https:\/\/www.bellunopress.it\/2019\/09\/29\/val-il-paese-di-valle-nel-comelico-tra-storia-e-storie-venerdi-sera-la-presentazione-a-san-pietro-di-cadore\/#primaryimage"},"thumbnailUrl":"http:\/\/www.bellunopress.it\/wp-content\/uploads\/2017\/06\/libro-libri.jpg","datePublished":"2019-09-29T11:09:11+00:00","breadcrumb":{"@id":"https:\/\/www.bellunopress.it\/2019\/09\/29\/val-il-paese-di-valle-nel-comelico-tra-storia-e-storie-venerdi-sera-la-presentazione-a-san-pietro-di-cadore\/#breadcrumb"},"inLanguage":"fr-FR","potentialAction":[{"@type":"ReadAction","target":["https:\/\/www.bellunopress.it\/2019\/09\/29\/val-il-paese-di-valle-nel-comelico-tra-storia-e-storie-venerdi-sera-la-presentazione-a-san-pietro-di-cadore\/"]}]},{"@type":"ImageObject","inLanguage":"fr-FR","@id":"https:\/\/www.bellunopress.it\/2019\/09\/29\/val-il-paese-di-valle-nel-comelico-tra-storia-e-storie-venerdi-sera-la-presentazione-a-san-pietro-di-cadore\/#primaryimage","url":"http:\/\/www.bellunopress.it\/wp-content\/uploads\/2017\/06\/libro-libri.jpg","contentUrl":"http:\/\/www.bellunopress.it\/wp-content\/uploads\/2017\/06\/libro-libri.jpg"},{"@type":"BreadcrumbList","@id":"https:\/\/www.bellunopress.it\/2019\/09\/29\/val-il-paese-di-valle-nel-comelico-tra-storia-e-storie-venerdi-sera-la-presentazione-a-san-pietro-di-cadore\/#breadcrumb","itemListElement":[{"@type":"ListItem","position":1,"name":"Home","item":"https:\/\/www.bellunopress.it\/"},{"@type":"ListItem","position":2,"name":"Val, il paese di Valle nel Comelico tra Storia e storie. Venerd\u00ec sera la presentazione a San Pietro di Cadore"}]},{"@type":"WebSite","@id":"https:\/\/www.bellunopress.it\/#website","url":"https:\/\/www.bellunopress.it\/","name":"Bellunopress - Dolomiti","description":"e-mail: redazione@bellunopress.it","publisher":{"@id":"https:\/\/www.bellunopress.it\/#organization"},"potentialAction":[{"@type":"SearchAction","target":{"@type":"EntryPoint","urlTemplate":"https:\/\/www.bellunopress.it\/?s={search_term_string}"},"query-input":{"@type":"PropertyValueSpecification","valueRequired":true,"valueName":"search_term_string"}}],"inLanguage":"fr-FR"},{"@type":"Organization","@id":"https:\/\/www.bellunopress.it\/#organization","name":"Bellunopress","url":"https:\/\/www.bellunopress.it\/","logo":{"@type":"ImageObject","inLanguage":"fr-FR","@id":"https:\/\/www.bellunopress.it\/#\/schema\/logo\/image\/","url":"https:\/\/www.bellunopress.it\/wp-content\/uploads\/2011\/05\/cropped-logo-bellunopress-.jpg","contentUrl":"https:\/\/www.bellunopress.it\/wp-content\/uploads\/2011\/05\/cropped-logo-bellunopress-.jpg","width":512,"height":512,"caption":"Bellunopress"},"image":{"@id":"https:\/\/www.bellunopress.it\/#\/schema\/logo\/image\/"},"sameAs":["https:\/\/www.facebook.com\/profile.php?id=100008943462799","https:\/\/x.com\/bellunopress","https:\/\/www.linkedin.com\/hp\/?dnr=JBzUWaJfMUw8vbXJJ2tVW5-I3jZKvC4wsoxE&amp;amp;amp;amp;amp;amp;trk=nav_responsive_tab_home","https:\/\/www.youtube.com\/channel\/UCxL0wu1uN0_3_7hGG0306cw"]},{"@type":"Person","@id":"https:\/\/www.bellunopress.it\/#\/schema\/person\/79bb06722b37ece1c03d3e94beb30d73","name":"r\u00e9daction","image":{"@type":"ImageObject","inLanguage":"fr-FR","@id":"https:\/\/secure.gravatar.com\/avatar\/37d968a2e67a6fd04c169c4bdef102d0bc5d31b2546345219e348575eb80e9a0?s=96&d=mm&r=g","url":"https:\/\/secure.gravatar.com\/avatar\/37d968a2e67a6fd04c169c4bdef102d0bc5d31b2546345219e348575eb80e9a0?s=96&d=mm&r=g","contentUrl":"https:\/\/secure.gravatar.com\/avatar\/37d968a2e67a6fd04c169c4bdef102d0bc5d31b2546345219e348575eb80e9a0?s=96&d=mm&r=g","caption":"redazione"},"sameAs":["http:\/\/www.bellunopress.it","https:\/\/x.com\/bellunopress"],"url":"https:\/\/www.bellunopress.it\/fr\/author\/redazione\/"}]}},"_links":{"self":[{"href":"https:\/\/www.bellunopress.it\/fr\/wp-json\/wp\/v2\/posts\/108301","targetHints":{"allow":["GET"]}}],"collection":[{"href":"https:\/\/www.bellunopress.it\/fr\/wp-json\/wp\/v2\/posts"}],"about":[{"href":"https:\/\/www.bellunopress.it\/fr\/wp-json\/wp\/v2\/types\/post"}],"author":[{"embeddable":true,"href":"https:\/\/www.bellunopress.it\/fr\/wp-json\/wp\/v2\/users\/2"}],"replies":[{"embeddable":true,"href":"https:\/\/www.bellunopress.it\/fr\/wp-json\/wp\/v2\/comments?post=108301"}],"version-history":[{"count":1,"href":"https:\/\/www.bellunopress.it\/fr\/wp-json\/wp\/v2\/posts\/108301\/revisions"}],"predecessor-version":[{"id":108302,"href":"https:\/\/www.bellunopress.it\/fr\/wp-json\/wp\/v2\/posts\/108301\/revisions\/108302"}],"wp:attachment":[{"href":"https:\/\/www.bellunopress.it\/fr\/wp-json\/wp\/v2\/media?parent=108301"}],"wp:term":[{"taxonomy":"category","embeddable":true,"href":"https:\/\/www.bellunopress.it\/fr\/wp-json\/wp\/v2\/categories?post=108301"},{"taxonomy":"post_tag","embeddable":true,"href":"https:\/\/www.bellunopress.it\/fr\/wp-json\/wp\/v2\/tags?post=108301"}],"curies":[{"name":"wp","href":"https:\/\/api.w.org\/{rel}","templated":true}]}}