{"id":108274,"date":"2019-09-28T13:44:41","date_gmt":"2019-09-28T11:44:41","guid":{"rendered":"http:\/\/www.bellunopress.it\/?p=108274"},"modified":"2019-10-01T20:20:16","modified_gmt":"2019-10-01T18:20:16","slug":"33ma-rassegna-dei-formaggi-di-malga-22-produttori-in-concorso-domanica-a-villa-patt-di-sedico-con-coldiretti","status":"publish","type":"post","link":"https:\/\/www.bellunopress.it\/fr\/2019\/09\/28\/33ma-rassegna-dei-formaggi-di-malga-22-produttori-in-concorso-domanica-a-villa-patt-di-sedico-con-coldiretti\/","title":{"rendered":"33ma rassegna dei formaggi di malga. 22 produttori in concorso. Domanica a Villa Patt di Sedico con Coldiretti"},"content":{"rendered":"<p>Tutto pronto a Sedico per la 33ma edizione dei uno dei pi\u00f9 importante concorsi di formaggi<br \/>\nbellunese, vale a dire la Rassegna dei Formaggi di Malga dell\u2019Agordino e della Proiviuncia di<br \/>\nBelluno, che si terr\u00e0 domani, domenica 29 settembre, nella particolare e prestigiosa Villa Patt.<\/p>\n<figure id=\"attachment_1680\" aria-describedby=\"caption-attachment-1680\" style=\"width: 240px\" class=\"wp-caption alignleft\"><a href=\"http:\/\/www.bellunopress.it\/fr\/2011\/06\/14\/apertura-straordinaria-del-museo-del-7%c2%b0-reggimento-alpini-a-villa-patt-di-sedico-in-occasione-del-raduno-triveneto-del-prossimo-week-end\/villa-patt-sedico-240x180\/\" rel=\"attachment wp-att-1680\"><img loading=\"lazy\" decoding=\"async\" class=\"size-full wp-image-1680\" src=\"http:\/\/www.bellunopress.it\/wp-content\/uploads\/2009\/03\/villa-patt-sedico-240x180.jpg\" alt=\"\" width=\"240\" height=\"180\" \/><\/a><figcaption id=\"caption-attachment-1680\" class=\"wp-caption-text\">Villa Patt &#8211; Sedico<\/figcaption><\/figure>\n<p>La rassegna voluta da Coldiretti Belluno ed organizzata con la collaborazione della Pro Loco di<br \/>\nSedico, della Strada dei Formaggi e dei Sapori delle Dolomiti Bellunesi e Camera di Commercio<br \/>\ndi Treviso e Belluno, intende ancora una volta sostenere e valorizzare un settore economico,<br \/>\nquello agricolo, dove storia, cultura, tradizioni e buon gusto vengono messi a disposizione del<br \/>\ncittadino, di tutti i consumatori.<\/p>\n<p><a href=\"http:\/\/www.bellunopress.it\/fr\/2018\/10\/30\/alluvione-a-rischio-di-isolamento-le-aziende-agricole-del-bellunese-alessandro-de-rocco-coldiretti-e-stato-di-calamita-per-lagricoltura\/coldiretti-belluno\/\" rel=\"attachment wp-att-99084\"><img loading=\"lazy\" decoding=\"async\" class=\"alignleft size-full wp-image-99084\" src=\"http:\/\/www.bellunopress.it\/wp-content\/uploads\/2018\/10\/Coldiretti-Belluno.jpg\" alt=\"\" width=\"136\" height=\"170\" \/><\/a>Le malghe in concorso sono 22: Malga Boi Vescov\u00e0 Alleghe, Malga Bosch Brus\u00e0 Falcade, Malga<br \/>\nCampon D\u2019Avena Fonzaso, Malga Canidi Mel, Malga Casera Razzo Vigo di Cadore, Malga Celado<br \/>\nArsi\u00e8, Malga Cherz Livinallongo del Col di Lana, Malga Erera Cesiomaggiore, Malga<br \/>\nFontanafredda Selva di Cadore, Malga Framont Agordo, Malga Garda Lentiai, Malga Pien de<br \/>\nVacia Selva di Cadore, Malga Laste Rocca Pietore, Malga Mezzomiglio Farra D\u2019Alpago, Malga<br \/>\nOmbretta Rocca Pietore, Malga Pramper Val di Zoldo, Malga Stia Canale D\u2019Agordo, Malga Valles<br \/>\nAlto Falcade, Malga Valles Basso Falcade, Malga Rinfreddo di Comelico Superiore, Malga Larieto<br \/>\nCortina d\u2019Ampezzo, Malga Le Buse Falcade.<br \/>\nNaturalmente un plauso va fatto di sicuro al malghesi in concorso con un lavoro di qualit\u00e0 dove<br \/>\ngusto, aroma, profumi e sapori sono inimitabili e da non perdere.<\/p>\n<p>La manifestazione di Sedico \u00e8 inserita nell\u2019ambito della tradizionale Mostra Mercato Colori<br \/>\nSapori e Profumi d\u2019Autunno iniziata splendidamente gi\u00e0 da sabato.<\/p>\n<p><strong> Il programma della Rassegna<\/strong><br \/>\nprevede la riunione dei Giudici dalle ore 9.00 e di seguito la degustazione per il pubblico di tutti i<br \/>\nformaggi presenti ed alle 12 la cerimonia di premiazione delle due categorie in concorso.<br \/>\nSi ricorda inoltre che durante la giornata si protr\u00e0 firmare la Petizione di Coldiretti \u201cStop Cibo<br \/>\nAnonimo\u201d per chiedere all\u2019Europa di rendere obbligatoria l\u2019indicazione di origine degli alimenti.<\/p>","protected":false},"excerpt":{"rendered":"<p>Tutto pronto a Sedico per la 33ma edizione dei uno dei pi\u00f9 importante concorsi di formaggi bellunese, vale a dire la Rassegna dei Formaggi di Malga dell\u2019Agordino e della Proiviuncia di Belluno, che si terr\u00e0 domani, domenica 29 settembre, nella particolare e prestigiosa Villa Patt. La rassegna voluta da Coldiretti Belluno ed organizzata con la [&hellip;]<\/p>\n","protected":false},"author":2,"featured_media":0,"comment_status":"closed","ping_status":"open","sticky":false,"template":"","format":"standard","meta":{"footnotes":""},"categories":[27,36,4],"tags":[],"class_list":["post-108274","post","type-post","status-publish","format-standard","category-appuntamenti","category-lavoro-economia","category-sport"],"yoast_head":"<!-- This site is optimized with the Yoast SEO plugin v28.4 - https:\/\/yoast.com\/product\/yoast-seo-wordpress\/ -->\n<title>33ma rassegna dei formaggi di malga. 22 produttori in concorso. Domanica a Villa Patt di Sedico con Coldiretti - Bellunopress - Dolomiti<\/title>\n<meta name=\"robots\" content=\"index, follow, max-snippet:-1, max-image-preview:large, max-video-preview:-1\" \/>\n<link rel=\"canonical\" href=\"https:\/\/www.bellunopress.it\/fr\/2019\/09\/28\/33ma-rassegna-dei-formaggi-di-malga-22-produttori-in-concorso-domanica-a-villa-patt-di-sedico-con-coldiretti\/\" \/>\n<meta property=\"og:locale\" content=\"fr_FR\" \/>\n<meta property=\"og:type\" content=\"article\" \/>\n<meta property=\"og:title\" content=\"33ma rassegna dei formaggi di malga. 22 produttori in concorso. Domanica a Villa Patt di Sedico con Coldiretti - Bellunopress - Dolomiti\" \/>\n<meta property=\"og:description\" content=\"Tutto pronto a Sedico per la 33ma edizione dei uno dei pi\u00f9 importante concorsi di formaggi bellunese, vale a dire la Rassegna dei Formaggi di Malga dell\u2019Agordino e della Proiviuncia di Belluno, che si terr\u00e0 domani, domenica 29 settembre, nella particolare e prestigiosa Villa Patt. La rassegna voluta da Coldiretti Belluno ed organizzata con la [&hellip;]\" \/>\n<meta property=\"og:url\" content=\"https:\/\/www.bellunopress.it\/fr\/2019\/09\/28\/33ma-rassegna-dei-formaggi-di-malga-22-produttori-in-concorso-domanica-a-villa-patt-di-sedico-con-coldiretti\/\" \/>\n<meta property=\"og:site_name\" content=\"Bellunopress - Dolomiti\" \/>\n<meta property=\"article:publisher\" content=\"https:\/\/www.facebook.com\/profile.php?id=100008943462799\" \/>\n<meta property=\"article:published_time\" content=\"2019-09-28T11:44:41+00:00\" \/>\n<meta property=\"article:modified_time\" content=\"2019-10-01T18:20:16+00:00\" \/>\n<meta property=\"og:image\" content=\"http:\/\/www.bellunopress.it\/wp-content\/uploads\/2009\/03\/villa-patt-sedico-240x180.jpg\" \/>\n<meta name=\"author\" content=\"redazione\" \/>\n<meta name=\"twitter:card\" content=\"summary_large_image\" \/>\n<meta name=\"twitter:creator\" content=\"@bellunopress\" \/>\n<meta name=\"twitter:site\" content=\"@bellunopress\" \/>\n<meta name=\"twitter:label1\" content=\"\u00c9crit par\" \/>\n\t<meta name=\"twitter:data1\" content=\"redazione\" \/>\n\t<meta name=\"twitter:label2\" content=\"Dur\u00e9e de lecture estim\u00e9e\" \/>\n\t<meta name=\"twitter:data2\" content=\"2 minutes\" \/>\n<script type=\"application\/ld+json\" class=\"yoast-schema-graph\">{\"@context\":\"https:\\\/\\\/schema.org\",\"@graph\":[{\"@type\":\"Article\",\"@id\":\"https:\\\/\\\/www.bellunopress.it\\\/2019\\\/09\\\/28\\\/33ma-rassegna-dei-formaggi-di-malga-22-produttori-in-concorso-domanica-a-villa-patt-di-sedico-con-coldiretti\\\/#article\",\"isPartOf\":{\"@id\":\"https:\\\/\\\/www.bellunopress.it\\\/2019\\\/09\\\/28\\\/33ma-rassegna-dei-formaggi-di-malga-22-produttori-in-concorso-domanica-a-villa-patt-di-sedico-con-coldiretti\\\/\"},\"author\":{\"name\":\"redazione\",\"@id\":\"https:\\\/\\\/www.bellunopress.it\\\/#\\\/schema\\\/person\\\/79bb06722b37ece1c03d3e94beb30d73\"},\"headline\":\"33ma rassegna dei formaggi di malga. 22 produttori in concorso. Domanica a Villa Patt di Sedico con Coldiretti\",\"datePublished\":\"2019-09-28T11:44:41+00:00\",\"dateModified\":\"2019-10-01T18:20:16+00:00\",\"mainEntityOfPage\":{\"@id\":\"https:\\\/\\\/www.bellunopress.it\\\/2019\\\/09\\\/28\\\/33ma-rassegna-dei-formaggi-di-malga-22-produttori-in-concorso-domanica-a-villa-patt-di-sedico-con-coldiretti\\\/\"},\"wordCount\":354,\"publisher\":{\"@id\":\"https:\\\/\\\/www.bellunopress.it\\\/#organization\"},\"image\":{\"@id\":\"https:\\\/\\\/www.bellunopress.it\\\/2019\\\/09\\\/28\\\/33ma-rassegna-dei-formaggi-di-malga-22-produttori-in-concorso-domanica-a-villa-patt-di-sedico-con-coldiretti\\\/#primaryimage\"},\"thumbnailUrl\":\"http:\\\/\\\/www.bellunopress.it\\\/wp-content\\\/uploads\\\/2009\\\/03\\\/villa-patt-sedico-240x180.jpg\",\"articleSection\":[\"Appuntamenti, Eventi\",\"Lavoro, Economia, Turismo\",\"Sport, tempo libero\"],\"inLanguage\":\"fr-FR\"},{\"@type\":\"WebPage\",\"@id\":\"https:\\\/\\\/www.bellunopress.it\\\/2019\\\/09\\\/28\\\/33ma-rassegna-dei-formaggi-di-malga-22-produttori-in-concorso-domanica-a-villa-patt-di-sedico-con-coldiretti\\\/\",\"url\":\"https:\\\/\\\/www.bellunopress.it\\\/2019\\\/09\\\/28\\\/33ma-rassegna-dei-formaggi-di-malga-22-produttori-in-concorso-domanica-a-villa-patt-di-sedico-con-coldiretti\\\/\",\"name\":\"33ma rassegna dei formaggi di malga. 22 produttori in concorso. Domanica a Villa Patt di Sedico con Coldiretti - Bellunopress - Dolomiti\",\"isPartOf\":{\"@id\":\"https:\\\/\\\/www.bellunopress.it\\\/#website\"},\"primaryImageOfPage\":{\"@id\":\"https:\\\/\\\/www.bellunopress.it\\\/2019\\\/09\\\/28\\\/33ma-rassegna-dei-formaggi-di-malga-22-produttori-in-concorso-domanica-a-villa-patt-di-sedico-con-coldiretti\\\/#primaryimage\"},\"image\":{\"@id\":\"https:\\\/\\\/www.bellunopress.it\\\/2019\\\/09\\\/28\\\/33ma-rassegna-dei-formaggi-di-malga-22-produttori-in-concorso-domanica-a-villa-patt-di-sedico-con-coldiretti\\\/#primaryimage\"},\"thumbnailUrl\":\"http:\\\/\\\/www.bellunopress.it\\\/wp-content\\\/uploads\\\/2009\\\/03\\\/villa-patt-sedico-240x180.jpg\",\"datePublished\":\"2019-09-28T11:44:41+00:00\",\"dateModified\":\"2019-10-01T18:20:16+00:00\",\"breadcrumb\":{\"@id\":\"https:\\\/\\\/www.bellunopress.it\\\/2019\\\/09\\\/28\\\/33ma-rassegna-dei-formaggi-di-malga-22-produttori-in-concorso-domanica-a-villa-patt-di-sedico-con-coldiretti\\\/#breadcrumb\"},\"inLanguage\":\"fr-FR\",\"potentialAction\":[{\"@type\":\"ReadAction\",\"target\":[\"https:\\\/\\\/www.bellunopress.it\\\/2019\\\/09\\\/28\\\/33ma-rassegna-dei-formaggi-di-malga-22-produttori-in-concorso-domanica-a-villa-patt-di-sedico-con-coldiretti\\\/\"]}]},{\"@type\":\"ImageObject\",\"inLanguage\":\"fr-FR\",\"@id\":\"https:\\\/\\\/www.bellunopress.it\\\/2019\\\/09\\\/28\\\/33ma-rassegna-dei-formaggi-di-malga-22-produttori-in-concorso-domanica-a-villa-patt-di-sedico-con-coldiretti\\\/#primaryimage\",\"url\":\"http:\\\/\\\/www.bellunopress.it\\\/wp-content\\\/uploads\\\/2009\\\/03\\\/villa-patt-sedico-240x180.jpg\",\"contentUrl\":\"http:\\\/\\\/www.bellunopress.it\\\/wp-content\\\/uploads\\\/2009\\\/03\\\/villa-patt-sedico-240x180.jpg\"},{\"@type\":\"BreadcrumbList\",\"@id\":\"https:\\\/\\\/www.bellunopress.it\\\/2019\\\/09\\\/28\\\/33ma-rassegna-dei-formaggi-di-malga-22-produttori-in-concorso-domanica-a-villa-patt-di-sedico-con-coldiretti\\\/#breadcrumb\",\"itemListElement\":[{\"@type\":\"ListItem\",\"position\":1,\"name\":\"Home\",\"item\":\"https:\\\/\\\/www.bellunopress.it\\\/\"},{\"@type\":\"ListItem\",\"position\":2,\"name\":\"33ma rassegna dei formaggi di malga. 22 produttori in concorso. Domanica a Villa Patt di Sedico con Coldiretti\"}]},{\"@type\":\"WebSite\",\"@id\":\"https:\\\/\\\/www.bellunopress.it\\\/#website\",\"url\":\"https:\\\/\\\/www.bellunopress.it\\\/\",\"name\":\"Bellunopress - Dolomiti\",\"description\":\"e-mail: redazione@bellunopress.it\",\"publisher\":{\"@id\":\"https:\\\/\\\/www.bellunopress.it\\\/#organization\"},\"potentialAction\":[{\"@type\":\"SearchAction\",\"target\":{\"@type\":\"EntryPoint\",\"urlTemplate\":\"https:\\\/\\\/www.bellunopress.it\\\/?s={search_term_string}\"},\"query-input\":{\"@type\":\"PropertyValueSpecification\",\"valueRequired\":true,\"valueName\":\"search_term_string\"}}],\"inLanguage\":\"fr-FR\"},{\"@type\":\"Organization\",\"@id\":\"https:\\\/\\\/www.bellunopress.it\\\/#organization\",\"name\":\"Bellunopress\",\"url\":\"https:\\\/\\\/www.bellunopress.it\\\/\",\"logo\":{\"@type\":\"ImageObject\",\"inLanguage\":\"fr-FR\",\"@id\":\"https:\\\/\\\/www.bellunopress.it\\\/#\\\/schema\\\/logo\\\/image\\\/\",\"url\":\"https:\\\/\\\/www.bellunopress.it\\\/wp-content\\\/uploads\\\/2011\\\/05\\\/cropped-logo-bellunopress-.jpg\",\"contentUrl\":\"https:\\\/\\\/www.bellunopress.it\\\/wp-content\\\/uploads\\\/2011\\\/05\\\/cropped-logo-bellunopress-.jpg\",\"width\":512,\"height\":512,\"caption\":\"Bellunopress\"},\"image\":{\"@id\":\"https:\\\/\\\/www.bellunopress.it\\\/#\\\/schema\\\/logo\\\/image\\\/\"},\"sameAs\":[\"https:\\\/\\\/www.facebook.com\\\/profile.php?id=100008943462799\",\"https:\\\/\\\/x.com\\\/bellunopress\",\"https:\\\/\\\/www.linkedin.com\\\/hp\\\/?dnr=JBzUWaJfMUw8vbXJJ2tVW5-I3jZKvC4wsoxE&amp;amp;amp;amp;amp;amp;trk=nav_responsive_tab_home\",\"https:\\\/\\\/www.youtube.com\\\/channel\\\/UCxL0wu1uN0_3_7hGG0306cw\"]},{\"@type\":\"Person\",\"@id\":\"https:\\\/\\\/www.bellunopress.it\\\/#\\\/schema\\\/person\\\/79bb06722b37ece1c03d3e94beb30d73\",\"name\":\"redazione\",\"image\":{\"@type\":\"ImageObject\",\"inLanguage\":\"fr-FR\",\"@id\":\"https:\\\/\\\/secure.gravatar.com\\\/avatar\\\/37d968a2e67a6fd04c169c4bdef102d0bc5d31b2546345219e348575eb80e9a0?s=96&d=mm&r=g\",\"url\":\"https:\\\/\\\/secure.gravatar.com\\\/avatar\\\/37d968a2e67a6fd04c169c4bdef102d0bc5d31b2546345219e348575eb80e9a0?s=96&d=mm&r=g\",\"contentUrl\":\"https:\\\/\\\/secure.gravatar.com\\\/avatar\\\/37d968a2e67a6fd04c169c4bdef102d0bc5d31b2546345219e348575eb80e9a0?s=96&d=mm&r=g\",\"caption\":\"redazione\"},\"sameAs\":[\"http:\\\/\\\/www.bellunopress.it\",\"https:\\\/\\\/x.com\\\/bellunopress\"],\"url\":\"https:\\\/\\\/www.bellunopress.it\\\/fr\\\/author\\\/redazione\\\/\"}]}<\/script>\n<!-- \/ Yoast SEO plugin. -->","yoast_head_json":{"title":"33ma rassegna dei formaggi di malga. 22 produttori in concorso. Domanica a Villa Patt di Sedico con Coldiretti - Bellunopress - Dolomiti","robots":{"index":"index","follow":"follow","max-snippet":"max-snippet:-1","max-image-preview":"max-image-preview:large","max-video-preview":"max-video-preview:-1"},"canonical":"https:\/\/www.bellunopress.it\/fr\/2019\/09\/28\/33ma-rassegna-dei-formaggi-di-malga-22-produttori-in-concorso-domanica-a-villa-patt-di-sedico-con-coldiretti\/","og_locale":"fr_FR","og_type":"article","og_title":"33ma rassegna dei formaggi di malga. 22 produttori in concorso. Domanica a Villa Patt di Sedico con Coldiretti - Bellunopress - Dolomiti","og_description":"Tutto pronto a Sedico per la 33ma edizione dei uno dei pi\u00f9 importante concorsi di formaggi bellunese, vale a dire la Rassegna dei Formaggi di Malga dell\u2019Agordino e della Proiviuncia di Belluno, che si terr\u00e0 domani, domenica 29 settembre, nella particolare e prestigiosa Villa Patt. La rassegna voluta da Coldiretti Belluno ed organizzata con la [&hellip;]","og_url":"https:\/\/www.bellunopress.it\/fr\/2019\/09\/28\/33ma-rassegna-dei-formaggi-di-malga-22-produttori-in-concorso-domanica-a-villa-patt-di-sedico-con-coldiretti\/","og_site_name":"Bellunopress - Dolomiti","article_publisher":"https:\/\/www.facebook.com\/profile.php?id=100008943462799","article_published_time":"2019-09-28T11:44:41+00:00","article_modified_time":"2019-10-01T18:20:16+00:00","og_image":[{"url":"http:\/\/www.bellunopress.it\/wp-content\/uploads\/2009\/03\/villa-patt-sedico-240x180.jpg","type":"","width":"","height":""}],"author":"redazione","twitter_card":"summary_large_image","twitter_creator":"@bellunopress","twitter_site":"@bellunopress","twitter_misc":{"\u00c9crit par":"redazione","Dur\u00e9e de lecture estim\u00e9e":"2 minutes"},"schema":{"@context":"https:\/\/schema.org","@graph":[{"@type":"Article","@id":"https:\/\/www.bellunopress.it\/2019\/09\/28\/33ma-rassegna-dei-formaggi-di-malga-22-produttori-in-concorso-domanica-a-villa-patt-di-sedico-con-coldiretti\/#article","isPartOf":{"@id":"https:\/\/www.bellunopress.it\/2019\/09\/28\/33ma-rassegna-dei-formaggi-di-malga-22-produttori-in-concorso-domanica-a-villa-patt-di-sedico-con-coldiretti\/"},"author":{"name":"redazione","@id":"https:\/\/www.bellunopress.it\/#\/schema\/person\/79bb06722b37ece1c03d3e94beb30d73"},"headline":"33ma rassegna dei formaggi di malga. 22 produttori in concorso. Domanica a Villa Patt di Sedico con Coldiretti","datePublished":"2019-09-28T11:44:41+00:00","dateModified":"2019-10-01T18:20:16+00:00","mainEntityOfPage":{"@id":"https:\/\/www.bellunopress.it\/2019\/09\/28\/33ma-rassegna-dei-formaggi-di-malga-22-produttori-in-concorso-domanica-a-villa-patt-di-sedico-con-coldiretti\/"},"wordCount":354,"publisher":{"@id":"https:\/\/www.bellunopress.it\/#organization"},"image":{"@id":"https:\/\/www.bellunopress.it\/2019\/09\/28\/33ma-rassegna-dei-formaggi-di-malga-22-produttori-in-concorso-domanica-a-villa-patt-di-sedico-con-coldiretti\/#primaryimage"},"thumbnailUrl":"http:\/\/www.bellunopress.it\/wp-content\/uploads\/2009\/03\/villa-patt-sedico-240x180.jpg","articleSection":["Appuntamenti, Eventi","Lavoro, Economia, Turismo","Sport, tempo libero"],"inLanguage":"fr-FR"},{"@type":"WebPage","@id":"https:\/\/www.bellunopress.it\/2019\/09\/28\/33ma-rassegna-dei-formaggi-di-malga-22-produttori-in-concorso-domanica-a-villa-patt-di-sedico-con-coldiretti\/","url":"https:\/\/www.bellunopress.it\/2019\/09\/28\/33ma-rassegna-dei-formaggi-di-malga-22-produttori-in-concorso-domanica-a-villa-patt-di-sedico-con-coldiretti\/","name":"33ma rassegna dei formaggi di malga. 22 produttori in concorso. Domanica a Villa Patt di Sedico con Coldiretti - Bellunopress - Dolomiti","isPartOf":{"@id":"https:\/\/www.bellunopress.it\/#website"},"primaryImageOfPage":{"@id":"https:\/\/www.bellunopress.it\/2019\/09\/28\/33ma-rassegna-dei-formaggi-di-malga-22-produttori-in-concorso-domanica-a-villa-patt-di-sedico-con-coldiretti\/#primaryimage"},"image":{"@id":"https:\/\/www.bellunopress.it\/2019\/09\/28\/33ma-rassegna-dei-formaggi-di-malga-22-produttori-in-concorso-domanica-a-villa-patt-di-sedico-con-coldiretti\/#primaryimage"},"thumbnailUrl":"http:\/\/www.bellunopress.it\/wp-content\/uploads\/2009\/03\/villa-patt-sedico-240x180.jpg","datePublished":"2019-09-28T11:44:41+00:00","dateModified":"2019-10-01T18:20:16+00:00","breadcrumb":{"@id":"https:\/\/www.bellunopress.it\/2019\/09\/28\/33ma-rassegna-dei-formaggi-di-malga-22-produttori-in-concorso-domanica-a-villa-patt-di-sedico-con-coldiretti\/#breadcrumb"},"inLanguage":"fr-FR","potentialAction":[{"@type":"ReadAction","target":["https:\/\/www.bellunopress.it\/2019\/09\/28\/33ma-rassegna-dei-formaggi-di-malga-22-produttori-in-concorso-domanica-a-villa-patt-di-sedico-con-coldiretti\/"]}]},{"@type":"ImageObject","inLanguage":"fr-FR","@id":"https:\/\/www.bellunopress.it\/2019\/09\/28\/33ma-rassegna-dei-formaggi-di-malga-22-produttori-in-concorso-domanica-a-villa-patt-di-sedico-con-coldiretti\/#primaryimage","url":"http:\/\/www.bellunopress.it\/wp-content\/uploads\/2009\/03\/villa-patt-sedico-240x180.jpg","contentUrl":"http:\/\/www.bellunopress.it\/wp-content\/uploads\/2009\/03\/villa-patt-sedico-240x180.jpg"},{"@type":"BreadcrumbList","@id":"https:\/\/www.bellunopress.it\/2019\/09\/28\/33ma-rassegna-dei-formaggi-di-malga-22-produttori-in-concorso-domanica-a-villa-patt-di-sedico-con-coldiretti\/#breadcrumb","itemListElement":[{"@type":"ListItem","position":1,"name":"Home","item":"https:\/\/www.bellunopress.it\/"},{"@type":"ListItem","position":2,"name":"33ma rassegna dei formaggi di malga. 22 produttori in concorso. Domanica a Villa Patt di Sedico con Coldiretti"}]},{"@type":"WebSite","@id":"https:\/\/www.bellunopress.it\/#website","url":"https:\/\/www.bellunopress.it\/","name":"Bellunopress - Dolomiti","description":"e-mail: redazione@bellunopress.it","publisher":{"@id":"https:\/\/www.bellunopress.it\/#organization"},"potentialAction":[{"@type":"SearchAction","target":{"@type":"EntryPoint","urlTemplate":"https:\/\/www.bellunopress.it\/?s={search_term_string}"},"query-input":{"@type":"PropertyValueSpecification","valueRequired":true,"valueName":"search_term_string"}}],"inLanguage":"fr-FR"},{"@type":"Organization","@id":"https:\/\/www.bellunopress.it\/#organization","name":"Bellunopress","url":"https:\/\/www.bellunopress.it\/","logo":{"@type":"ImageObject","inLanguage":"fr-FR","@id":"https:\/\/www.bellunopress.it\/#\/schema\/logo\/image\/","url":"https:\/\/www.bellunopress.it\/wp-content\/uploads\/2011\/05\/cropped-logo-bellunopress-.jpg","contentUrl":"https:\/\/www.bellunopress.it\/wp-content\/uploads\/2011\/05\/cropped-logo-bellunopress-.jpg","width":512,"height":512,"caption":"Bellunopress"},"image":{"@id":"https:\/\/www.bellunopress.it\/#\/schema\/logo\/image\/"},"sameAs":["https:\/\/www.facebook.com\/profile.php?id=100008943462799","https:\/\/x.com\/bellunopress","https:\/\/www.linkedin.com\/hp\/?dnr=JBzUWaJfMUw8vbXJJ2tVW5-I3jZKvC4wsoxE&amp;amp;amp;amp;amp;amp;trk=nav_responsive_tab_home","https:\/\/www.youtube.com\/channel\/UCxL0wu1uN0_3_7hGG0306cw"]},{"@type":"Person","@id":"https:\/\/www.bellunopress.it\/#\/schema\/person\/79bb06722b37ece1c03d3e94beb30d73","name":"r\u00e9daction","image":{"@type":"ImageObject","inLanguage":"fr-FR","@id":"https:\/\/secure.gravatar.com\/avatar\/37d968a2e67a6fd04c169c4bdef102d0bc5d31b2546345219e348575eb80e9a0?s=96&d=mm&r=g","url":"https:\/\/secure.gravatar.com\/avatar\/37d968a2e67a6fd04c169c4bdef102d0bc5d31b2546345219e348575eb80e9a0?s=96&d=mm&r=g","contentUrl":"https:\/\/secure.gravatar.com\/avatar\/37d968a2e67a6fd04c169c4bdef102d0bc5d31b2546345219e348575eb80e9a0?s=96&d=mm&r=g","caption":"redazione"},"sameAs":["http:\/\/www.bellunopress.it","https:\/\/x.com\/bellunopress"],"url":"https:\/\/www.bellunopress.it\/fr\/author\/redazione\/"}]}},"_links":{"self":[{"href":"https:\/\/www.bellunopress.it\/fr\/wp-json\/wp\/v2\/posts\/108274","targetHints":{"allow":["GET"]}}],"collection":[{"href":"https:\/\/www.bellunopress.it\/fr\/wp-json\/wp\/v2\/posts"}],"about":[{"href":"https:\/\/www.bellunopress.it\/fr\/wp-json\/wp\/v2\/types\/post"}],"author":[{"embeddable":true,"href":"https:\/\/www.bellunopress.it\/fr\/wp-json\/wp\/v2\/users\/2"}],"replies":[{"embeddable":true,"href":"https:\/\/www.bellunopress.it\/fr\/wp-json\/wp\/v2\/comments?post=108274"}],"version-history":[{"count":1,"href":"https:\/\/www.bellunopress.it\/fr\/wp-json\/wp\/v2\/posts\/108274\/revisions"}],"predecessor-version":[{"id":108275,"href":"https:\/\/www.bellunopress.it\/fr\/wp-json\/wp\/v2\/posts\/108274\/revisions\/108275"}],"wp:attachment":[{"href":"https:\/\/www.bellunopress.it\/fr\/wp-json\/wp\/v2\/media?parent=108274"}],"wp:term":[{"taxonomy":"category","embeddable":true,"href":"https:\/\/www.bellunopress.it\/fr\/wp-json\/wp\/v2\/categories?post=108274"},{"taxonomy":"post_tag","embeddable":true,"href":"https:\/\/www.bellunopress.it\/fr\/wp-json\/wp\/v2\/tags?post=108274"}],"curies":[{"name":"wp","href":"https:\/\/api.w.org\/{rel}","templated":true}]}}