{"id":108263,"date":"2019-09-27T17:02:00","date_gmt":"2019-09-27T15:02:00","guid":{"rendered":"http:\/\/www.bellunopress.it\/?p=108263"},"modified":"2019-09-27T17:02:00","modified_gmt":"2019-09-27T15:02:00","slug":"verso-un-veneto-in-deroga-alle-leggi-di-tutela-ambientale-e-al-buon-senso-giovedi-3-ottobre-a-treviso-incontro-con-il-consigliere-regionale-andrea-zanoni","status":"publish","type":"post","link":"https:\/\/www.bellunopress.it\/fr\/2019\/09\/27\/verso-un-veneto-in-deroga-alle-leggi-di-tutela-ambientale-e-al-buon-senso-giovedi-3-ottobre-a-treviso-incontro-con-il-consigliere-regionale-andrea-zanoni\/","title":{"rendered":"\u201cVerso un Veneto in deroga alle leggi di tutela ambientale e al buon senso\u201d. Gioved\u00ec 3 ottobre a Treviso incontro con il consigliere regionale Andrea Zanoni"},"content":{"rendered":"<p>Venezia, 27 settembre 2019- \u201cUna legge devastante per l\u2019ambiente, con cui si d\u00e0 il via libera a una deregulation alle normative in tema di urbanistica, territorio, paesaggio, cave, allevamenti, natanti in laguna e non solo. Il tutto in una delle Regioni pi\u00f9 cementificate d\u2019Europa e al primo posto in Italia per incremento del consumo di suolo, 923 ettari in pi\u00f9 rispetto al 2017, come ha certificato l\u2019ultimo rapporto dell\u2019Istituto superiore per la protezione e la ricerca ambientale\u201d.<\/p>\n<figure id=\"attachment_99292\" aria-describedby=\"caption-attachment-99292\" style=\"width: 213px\" class=\"wp-caption alignleft\"><a href=\"http:\/\/www.bellunopress.it\/fr\/2018\/11\/04\/bracconaggio-dilagante-in-veneto-su-animali-decimati-abbattuto-anche-un-raro-esemplare-di-marangone-minore-zanoni-pd-guarda-amp-e-bartelle-m5s-il-responsabile-politico-e-zaia-che-ha\/andrea-zanoni-4\/\" rel=\"attachment wp-att-99292\"><img loading=\"lazy\" decoding=\"async\" class=\"size-full wp-image-99292\" src=\"http:\/\/www.bellunopress.it\/wp-content\/uploads\/2018\/11\/andrea-zanoni.jpg\" alt=\"\" width=\"213\" height=\"300\" \/><\/a><figcaption id=\"caption-attachment-99292\" class=\"wp-caption-text\">Andrea Zanoni, consigliere regionale<\/figcaption><\/figure>\n<p>Questo il netto giudizio sulla Andrea Zanoni, consigliere regionale del Partito Democratico e vicepresidente della commissione Ambiente, sulla \u2018legge di adeguamento ordinamentale\u2019, approvata lo scorso luglio, e che sar\u00e0 al centro dell\u2019incontro in programma gioved\u00ec 3 ottobre, a cui parteciper\u00e0 Oscar Borsato, responsabile Agenda urbana e Governo del territorio del Pd provinciale trevigiano. \u2019Verso un Veneto in deroga alle leggi di tutela ambientale e al buonsenso\u2019, il titolo dell\u2019iniziativa.<\/p>\n<p>\u201cSi tratta di una legge omnibus inguardabile &#8211; insiste Zanoni &#8211; con cui si d\u00e0 il via libera a milioni di metri cubi di cemento, quando il nostro territorio avrebbe bisogno di tutt\u2019altro, si riduce la partecipazione di enti locali e cittadini e vengono resi pi\u00f9 complicati i controlli. I buoni propositi sul consumo zero di suolo sono stati definitivamente cancellati, con una serie infinit\u00e0 di deroghe che interessano anche l\u2019area delle Colline del Prosecco diventata Patrimonio dell\u2019Umanit\u00e0\u201d. L\u2019appuntamento \u00e8 per gioved\u00ec 3 ottobre alle 20.45 a Treviso, presso la Federazione provinciale del Partito Democratico, via Castagnole 20\/M (secondo piano).<\/p>","protected":false},"excerpt":{"rendered":"<p>Venezia, 27 settembre 2019- \u201cUna legge devastante per l\u2019ambiente, con cui si d\u00e0 il via libera a una deregulation alle normative in tema di urbanistica, territorio, paesaggio, cave, allevamenti, natanti in laguna e non solo. Il tutto in una delle Regioni pi\u00f9 cementificate d\u2019Europa e al primo posto in Italia per incremento del consumo di [&hellip;]<\/p>\n","protected":false},"author":2,"featured_media":0,"comment_status":"closed","ping_status":"open","sticky":false,"template":"","format":"standard","meta":{"footnotes":""},"categories":[27,5,38,25],"tags":[],"class_list":["post-108263","post","type-post","status-publish","format-standard","category-appuntamenti","category-cronaca","category-natura-ambiente","category-pausa-caffe"],"yoast_head":"<!-- This site is optimized with the Yoast SEO plugin v28.4 - https:\/\/yoast.com\/product\/yoast-seo-wordpress\/ -->\n<title>\u201cVerso un Veneto in deroga alle leggi di tutela ambientale e al buon senso\u201d. Gioved\u00ec 3 ottobre a Treviso incontro con il consigliere regionale Andrea Zanoni - Bellunopress - Dolomiti<\/title>\n<meta name=\"robots\" content=\"index, follow, max-snippet:-1, max-image-preview:large, max-video-preview:-1\" \/>\n<link rel=\"canonical\" href=\"https:\/\/www.bellunopress.it\/fr\/2019\/09\/27\/verso-un-veneto-in-deroga-alle-leggi-di-tutela-ambientale-e-al-buon-senso-giovedi-3-ottobre-a-treviso-incontro-con-il-consigliere-regionale-andrea-zanoni\/\" \/>\n<meta property=\"og:locale\" content=\"fr_FR\" \/>\n<meta property=\"og:type\" content=\"article\" \/>\n<meta property=\"og:title\" content=\"\u201cVerso un Veneto in deroga alle leggi di tutela ambientale e al buon senso\u201d. Gioved\u00ec 3 ottobre a Treviso incontro con il consigliere regionale Andrea Zanoni - Bellunopress - Dolomiti\" \/>\n<meta property=\"og:description\" content=\"Venezia, 27 settembre 2019- \u201cUna legge devastante per l\u2019ambiente, con cui si d\u00e0 il via libera a una deregulation alle normative in tema di urbanistica, territorio, paesaggio, cave, allevamenti, natanti in laguna e non solo. Il tutto in una delle Regioni pi\u00f9 cementificate d\u2019Europa e al primo posto in Italia per incremento del consumo di [&hellip;]\" \/>\n<meta property=\"og:url\" content=\"https:\/\/www.bellunopress.it\/fr\/2019\/09\/27\/verso-un-veneto-in-deroga-alle-leggi-di-tutela-ambientale-e-al-buon-senso-giovedi-3-ottobre-a-treviso-incontro-con-il-consigliere-regionale-andrea-zanoni\/\" \/>\n<meta property=\"og:site_name\" content=\"Bellunopress - Dolomiti\" \/>\n<meta property=\"article:publisher\" content=\"https:\/\/www.facebook.com\/profile.php?id=100008943462799\" \/>\n<meta property=\"article:published_time\" content=\"2019-09-27T15:02:00+00:00\" \/>\n<meta property=\"og:image\" content=\"http:\/\/www.bellunopress.it\/wp-content\/uploads\/2018\/11\/andrea-zanoni.jpg\" \/>\n<meta name=\"author\" content=\"redazione\" \/>\n<meta name=\"twitter:card\" content=\"summary_large_image\" \/>\n<meta name=\"twitter:creator\" content=\"@bellunopress\" \/>\n<meta name=\"twitter:site\" content=\"@bellunopress\" \/>\n<meta name=\"twitter:label1\" content=\"\u00c9crit par\" \/>\n\t<meta name=\"twitter:data1\" content=\"redazione\" \/>\n\t<meta name=\"twitter:label2\" content=\"Dur\u00e9e de lecture estim\u00e9e\" \/>\n\t<meta name=\"twitter:data2\" content=\"1 minute\" \/>\n<script type=\"application\/ld+json\" class=\"yoast-schema-graph\">{\"@context\":\"https:\\\/\\\/schema.org\",\"@graph\":[{\"@type\":\"Article\",\"@id\":\"https:\\\/\\\/www.bellunopress.it\\\/2019\\\/09\\\/27\\\/verso-un-veneto-in-deroga-alle-leggi-di-tutela-ambientale-e-al-buon-senso-giovedi-3-ottobre-a-treviso-incontro-con-il-consigliere-regionale-andrea-zanoni\\\/#article\",\"isPartOf\":{\"@id\":\"https:\\\/\\\/www.bellunopress.it\\\/2019\\\/09\\\/27\\\/verso-un-veneto-in-deroga-alle-leggi-di-tutela-ambientale-e-al-buon-senso-giovedi-3-ottobre-a-treviso-incontro-con-il-consigliere-regionale-andrea-zanoni\\\/\"},\"author\":{\"name\":\"redazione\",\"@id\":\"https:\\\/\\\/www.bellunopress.it\\\/#\\\/schema\\\/person\\\/79bb06722b37ece1c03d3e94beb30d73\"},\"headline\":\"\u201cVerso un Veneto in deroga alle leggi di tutela ambientale e al buon senso\u201d. Gioved\u00ec 3 ottobre a Treviso incontro con il consigliere regionale Andrea Zanoni\",\"datePublished\":\"2019-09-27T15:02:00+00:00\",\"mainEntityOfPage\":{\"@id\":\"https:\\\/\\\/www.bellunopress.it\\\/2019\\\/09\\\/27\\\/verso-un-veneto-in-deroga-alle-leggi-di-tutela-ambientale-e-al-buon-senso-giovedi-3-ottobre-a-treviso-incontro-con-il-consigliere-regionale-andrea-zanoni\\\/\"},\"wordCount\":285,\"publisher\":{\"@id\":\"https:\\\/\\\/www.bellunopress.it\\\/#organization\"},\"image\":{\"@id\":\"https:\\\/\\\/www.bellunopress.it\\\/2019\\\/09\\\/27\\\/verso-un-veneto-in-deroga-alle-leggi-di-tutela-ambientale-e-al-buon-senso-giovedi-3-ottobre-a-treviso-incontro-con-il-consigliere-regionale-andrea-zanoni\\\/#primaryimage\"},\"thumbnailUrl\":\"http:\\\/\\\/www.bellunopress.it\\\/wp-content\\\/uploads\\\/2018\\\/11\\\/andrea-zanoni.jpg\",\"articleSection\":[\"Appuntamenti, Eventi\",\"Cronaca\\\/Politica\",\"Meteo, natura, ambiente, animali\",\"Pausa Caff\u00e8\"],\"inLanguage\":\"fr-FR\"},{\"@type\":\"WebPage\",\"@id\":\"https:\\\/\\\/www.bellunopress.it\\\/2019\\\/09\\\/27\\\/verso-un-veneto-in-deroga-alle-leggi-di-tutela-ambientale-e-al-buon-senso-giovedi-3-ottobre-a-treviso-incontro-con-il-consigliere-regionale-andrea-zanoni\\\/\",\"url\":\"https:\\\/\\\/www.bellunopress.it\\\/2019\\\/09\\\/27\\\/verso-un-veneto-in-deroga-alle-leggi-di-tutela-ambientale-e-al-buon-senso-giovedi-3-ottobre-a-treviso-incontro-con-il-consigliere-regionale-andrea-zanoni\\\/\",\"name\":\"\u201cVerso un Veneto in deroga alle leggi di tutela ambientale e al buon senso\u201d. Gioved\u00ec 3 ottobre a Treviso incontro con il consigliere regionale Andrea Zanoni - Bellunopress - Dolomiti\",\"isPartOf\":{\"@id\":\"https:\\\/\\\/www.bellunopress.it\\\/#website\"},\"primaryImageOfPage\":{\"@id\":\"https:\\\/\\\/www.bellunopress.it\\\/2019\\\/09\\\/27\\\/verso-un-veneto-in-deroga-alle-leggi-di-tutela-ambientale-e-al-buon-senso-giovedi-3-ottobre-a-treviso-incontro-con-il-consigliere-regionale-andrea-zanoni\\\/#primaryimage\"},\"image\":{\"@id\":\"https:\\\/\\\/www.bellunopress.it\\\/2019\\\/09\\\/27\\\/verso-un-veneto-in-deroga-alle-leggi-di-tutela-ambientale-e-al-buon-senso-giovedi-3-ottobre-a-treviso-incontro-con-il-consigliere-regionale-andrea-zanoni\\\/#primaryimage\"},\"thumbnailUrl\":\"http:\\\/\\\/www.bellunopress.it\\\/wp-content\\\/uploads\\\/2018\\\/11\\\/andrea-zanoni.jpg\",\"datePublished\":\"2019-09-27T15:02:00+00:00\",\"breadcrumb\":{\"@id\":\"https:\\\/\\\/www.bellunopress.it\\\/2019\\\/09\\\/27\\\/verso-un-veneto-in-deroga-alle-leggi-di-tutela-ambientale-e-al-buon-senso-giovedi-3-ottobre-a-treviso-incontro-con-il-consigliere-regionale-andrea-zanoni\\\/#breadcrumb\"},\"inLanguage\":\"fr-FR\",\"potentialAction\":[{\"@type\":\"ReadAction\",\"target\":[\"https:\\\/\\\/www.bellunopress.it\\\/2019\\\/09\\\/27\\\/verso-un-veneto-in-deroga-alle-leggi-di-tutela-ambientale-e-al-buon-senso-giovedi-3-ottobre-a-treviso-incontro-con-il-consigliere-regionale-andrea-zanoni\\\/\"]}]},{\"@type\":\"ImageObject\",\"inLanguage\":\"fr-FR\",\"@id\":\"https:\\\/\\\/www.bellunopress.it\\\/2019\\\/09\\\/27\\\/verso-un-veneto-in-deroga-alle-leggi-di-tutela-ambientale-e-al-buon-senso-giovedi-3-ottobre-a-treviso-incontro-con-il-consigliere-regionale-andrea-zanoni\\\/#primaryimage\",\"url\":\"http:\\\/\\\/www.bellunopress.it\\\/wp-content\\\/uploads\\\/2018\\\/11\\\/andrea-zanoni.jpg\",\"contentUrl\":\"http:\\\/\\\/www.bellunopress.it\\\/wp-content\\\/uploads\\\/2018\\\/11\\\/andrea-zanoni.jpg\"},{\"@type\":\"BreadcrumbList\",\"@id\":\"https:\\\/\\\/www.bellunopress.it\\\/2019\\\/09\\\/27\\\/verso-un-veneto-in-deroga-alle-leggi-di-tutela-ambientale-e-al-buon-senso-giovedi-3-ottobre-a-treviso-incontro-con-il-consigliere-regionale-andrea-zanoni\\\/#breadcrumb\",\"itemListElement\":[{\"@type\":\"ListItem\",\"position\":1,\"name\":\"Home\",\"item\":\"https:\\\/\\\/www.bellunopress.it\\\/\"},{\"@type\":\"ListItem\",\"position\":2,\"name\":\"\u201cVerso un Veneto in deroga alle leggi di tutela ambientale e al buon senso\u201d. Gioved\u00ec 3 ottobre a Treviso incontro con il consigliere regionale Andrea Zanoni\"}]},{\"@type\":\"WebSite\",\"@id\":\"https:\\\/\\\/www.bellunopress.it\\\/#website\",\"url\":\"https:\\\/\\\/www.bellunopress.it\\\/\",\"name\":\"Bellunopress - Dolomiti\",\"description\":\"e-mail: redazione@bellunopress.it\",\"publisher\":{\"@id\":\"https:\\\/\\\/www.bellunopress.it\\\/#organization\"},\"potentialAction\":[{\"@type\":\"SearchAction\",\"target\":{\"@type\":\"EntryPoint\",\"urlTemplate\":\"https:\\\/\\\/www.bellunopress.it\\\/?s={search_term_string}\"},\"query-input\":{\"@type\":\"PropertyValueSpecification\",\"valueRequired\":true,\"valueName\":\"search_term_string\"}}],\"inLanguage\":\"fr-FR\"},{\"@type\":\"Organization\",\"@id\":\"https:\\\/\\\/www.bellunopress.it\\\/#organization\",\"name\":\"Bellunopress\",\"url\":\"https:\\\/\\\/www.bellunopress.it\\\/\",\"logo\":{\"@type\":\"ImageObject\",\"inLanguage\":\"fr-FR\",\"@id\":\"https:\\\/\\\/www.bellunopress.it\\\/#\\\/schema\\\/logo\\\/image\\\/\",\"url\":\"https:\\\/\\\/www.bellunopress.it\\\/wp-content\\\/uploads\\\/2011\\\/05\\\/cropped-logo-bellunopress-.jpg\",\"contentUrl\":\"https:\\\/\\\/www.bellunopress.it\\\/wp-content\\\/uploads\\\/2011\\\/05\\\/cropped-logo-bellunopress-.jpg\",\"width\":512,\"height\":512,\"caption\":\"Bellunopress\"},\"image\":{\"@id\":\"https:\\\/\\\/www.bellunopress.it\\\/#\\\/schema\\\/logo\\\/image\\\/\"},\"sameAs\":[\"https:\\\/\\\/www.facebook.com\\\/profile.php?id=100008943462799\",\"https:\\\/\\\/x.com\\\/bellunopress\",\"https:\\\/\\\/www.linkedin.com\\\/hp\\\/?dnr=JBzUWaJfMUw8vbXJJ2tVW5-I3jZKvC4wsoxE&amp;amp;amp;amp;amp;amp;trk=nav_responsive_tab_home\",\"https:\\\/\\\/www.youtube.com\\\/channel\\\/UCxL0wu1uN0_3_7hGG0306cw\"]},{\"@type\":\"Person\",\"@id\":\"https:\\\/\\\/www.bellunopress.it\\\/#\\\/schema\\\/person\\\/79bb06722b37ece1c03d3e94beb30d73\",\"name\":\"redazione\",\"image\":{\"@type\":\"ImageObject\",\"inLanguage\":\"fr-FR\",\"@id\":\"https:\\\/\\\/secure.gravatar.com\\\/avatar\\\/37d968a2e67a6fd04c169c4bdef102d0bc5d31b2546345219e348575eb80e9a0?s=96&d=mm&r=g\",\"url\":\"https:\\\/\\\/secure.gravatar.com\\\/avatar\\\/37d968a2e67a6fd04c169c4bdef102d0bc5d31b2546345219e348575eb80e9a0?s=96&d=mm&r=g\",\"contentUrl\":\"https:\\\/\\\/secure.gravatar.com\\\/avatar\\\/37d968a2e67a6fd04c169c4bdef102d0bc5d31b2546345219e348575eb80e9a0?s=96&d=mm&r=g\",\"caption\":\"redazione\"},\"sameAs\":[\"http:\\\/\\\/www.bellunopress.it\",\"https:\\\/\\\/x.com\\\/bellunopress\"],\"url\":\"https:\\\/\\\/www.bellunopress.it\\\/fr\\\/author\\\/redazione\\\/\"}]}<\/script>\n<!-- \/ Yoast SEO plugin. -->","yoast_head_json":{"title":"\u201cVerso un Veneto in deroga alle leggi di tutela ambientale e al buon senso\u201d. Gioved\u00ec 3 ottobre a Treviso incontro con il consigliere regionale Andrea Zanoni - Bellunopress - Dolomiti","robots":{"index":"index","follow":"follow","max-snippet":"max-snippet:-1","max-image-preview":"max-image-preview:large","max-video-preview":"max-video-preview:-1"},"canonical":"https:\/\/www.bellunopress.it\/fr\/2019\/09\/27\/verso-un-veneto-in-deroga-alle-leggi-di-tutela-ambientale-e-al-buon-senso-giovedi-3-ottobre-a-treviso-incontro-con-il-consigliere-regionale-andrea-zanoni\/","og_locale":"fr_FR","og_type":"article","og_title":"\u201cVerso un Veneto in deroga alle leggi di tutela ambientale e al buon senso\u201d. Gioved\u00ec 3 ottobre a Treviso incontro con il consigliere regionale Andrea Zanoni - Bellunopress - Dolomiti","og_description":"Venezia, 27 settembre 2019- \u201cUna legge devastante per l\u2019ambiente, con cui si d\u00e0 il via libera a una deregulation alle normative in tema di urbanistica, territorio, paesaggio, cave, allevamenti, natanti in laguna e non solo. Il tutto in una delle Regioni pi\u00f9 cementificate d\u2019Europa e al primo posto in Italia per incremento del consumo di [&hellip;]","og_url":"https:\/\/www.bellunopress.it\/fr\/2019\/09\/27\/verso-un-veneto-in-deroga-alle-leggi-di-tutela-ambientale-e-al-buon-senso-giovedi-3-ottobre-a-treviso-incontro-con-il-consigliere-regionale-andrea-zanoni\/","og_site_name":"Bellunopress - Dolomiti","article_publisher":"https:\/\/www.facebook.com\/profile.php?id=100008943462799","article_published_time":"2019-09-27T15:02:00+00:00","og_image":[{"url":"http:\/\/www.bellunopress.it\/wp-content\/uploads\/2018\/11\/andrea-zanoni.jpg","type":"","width":"","height":""}],"author":"redazione","twitter_card":"summary_large_image","twitter_creator":"@bellunopress","twitter_site":"@bellunopress","twitter_misc":{"\u00c9crit par":"redazione","Dur\u00e9e de lecture estim\u00e9e":"1 minute"},"schema":{"@context":"https:\/\/schema.org","@graph":[{"@type":"Article","@id":"https:\/\/www.bellunopress.it\/2019\/09\/27\/verso-un-veneto-in-deroga-alle-leggi-di-tutela-ambientale-e-al-buon-senso-giovedi-3-ottobre-a-treviso-incontro-con-il-consigliere-regionale-andrea-zanoni\/#article","isPartOf":{"@id":"https:\/\/www.bellunopress.it\/2019\/09\/27\/verso-un-veneto-in-deroga-alle-leggi-di-tutela-ambientale-e-al-buon-senso-giovedi-3-ottobre-a-treviso-incontro-con-il-consigliere-regionale-andrea-zanoni\/"},"author":{"name":"redazione","@id":"https:\/\/www.bellunopress.it\/#\/schema\/person\/79bb06722b37ece1c03d3e94beb30d73"},"headline":"\u201cVerso un Veneto in deroga alle leggi di tutela ambientale e al buon senso\u201d. Gioved\u00ec 3 ottobre a Treviso incontro con il consigliere regionale Andrea Zanoni","datePublished":"2019-09-27T15:02:00+00:00","mainEntityOfPage":{"@id":"https:\/\/www.bellunopress.it\/2019\/09\/27\/verso-un-veneto-in-deroga-alle-leggi-di-tutela-ambientale-e-al-buon-senso-giovedi-3-ottobre-a-treviso-incontro-con-il-consigliere-regionale-andrea-zanoni\/"},"wordCount":285,"publisher":{"@id":"https:\/\/www.bellunopress.it\/#organization"},"image":{"@id":"https:\/\/www.bellunopress.it\/2019\/09\/27\/verso-un-veneto-in-deroga-alle-leggi-di-tutela-ambientale-e-al-buon-senso-giovedi-3-ottobre-a-treviso-incontro-con-il-consigliere-regionale-andrea-zanoni\/#primaryimage"},"thumbnailUrl":"http:\/\/www.bellunopress.it\/wp-content\/uploads\/2018\/11\/andrea-zanoni.jpg","articleSection":["Appuntamenti, Eventi","Cronaca\/Politica","Meteo, natura, ambiente, animali","Pausa Caff\u00e8"],"inLanguage":"fr-FR"},{"@type":"WebPage","@id":"https:\/\/www.bellunopress.it\/2019\/09\/27\/verso-un-veneto-in-deroga-alle-leggi-di-tutela-ambientale-e-al-buon-senso-giovedi-3-ottobre-a-treviso-incontro-con-il-consigliere-regionale-andrea-zanoni\/","url":"https:\/\/www.bellunopress.it\/2019\/09\/27\/verso-un-veneto-in-deroga-alle-leggi-di-tutela-ambientale-e-al-buon-senso-giovedi-3-ottobre-a-treviso-incontro-con-il-consigliere-regionale-andrea-zanoni\/","name":"\u201cVerso un Veneto in deroga alle leggi di tutela ambientale e al buon senso\u201d. Gioved\u00ec 3 ottobre a Treviso incontro con il consigliere regionale Andrea Zanoni - Bellunopress - Dolomiti","isPartOf":{"@id":"https:\/\/www.bellunopress.it\/#website"},"primaryImageOfPage":{"@id":"https:\/\/www.bellunopress.it\/2019\/09\/27\/verso-un-veneto-in-deroga-alle-leggi-di-tutela-ambientale-e-al-buon-senso-giovedi-3-ottobre-a-treviso-incontro-con-il-consigliere-regionale-andrea-zanoni\/#primaryimage"},"image":{"@id":"https:\/\/www.bellunopress.it\/2019\/09\/27\/verso-un-veneto-in-deroga-alle-leggi-di-tutela-ambientale-e-al-buon-senso-giovedi-3-ottobre-a-treviso-incontro-con-il-consigliere-regionale-andrea-zanoni\/#primaryimage"},"thumbnailUrl":"http:\/\/www.bellunopress.it\/wp-content\/uploads\/2018\/11\/andrea-zanoni.jpg","datePublished":"2019-09-27T15:02:00+00:00","breadcrumb":{"@id":"https:\/\/www.bellunopress.it\/2019\/09\/27\/verso-un-veneto-in-deroga-alle-leggi-di-tutela-ambientale-e-al-buon-senso-giovedi-3-ottobre-a-treviso-incontro-con-il-consigliere-regionale-andrea-zanoni\/#breadcrumb"},"inLanguage":"fr-FR","potentialAction":[{"@type":"ReadAction","target":["https:\/\/www.bellunopress.it\/2019\/09\/27\/verso-un-veneto-in-deroga-alle-leggi-di-tutela-ambientale-e-al-buon-senso-giovedi-3-ottobre-a-treviso-incontro-con-il-consigliere-regionale-andrea-zanoni\/"]}]},{"@type":"ImageObject","inLanguage":"fr-FR","@id":"https:\/\/www.bellunopress.it\/2019\/09\/27\/verso-un-veneto-in-deroga-alle-leggi-di-tutela-ambientale-e-al-buon-senso-giovedi-3-ottobre-a-treviso-incontro-con-il-consigliere-regionale-andrea-zanoni\/#primaryimage","url":"http:\/\/www.bellunopress.it\/wp-content\/uploads\/2018\/11\/andrea-zanoni.jpg","contentUrl":"http:\/\/www.bellunopress.it\/wp-content\/uploads\/2018\/11\/andrea-zanoni.jpg"},{"@type":"BreadcrumbList","@id":"https:\/\/www.bellunopress.it\/2019\/09\/27\/verso-un-veneto-in-deroga-alle-leggi-di-tutela-ambientale-e-al-buon-senso-giovedi-3-ottobre-a-treviso-incontro-con-il-consigliere-regionale-andrea-zanoni\/#breadcrumb","itemListElement":[{"@type":"ListItem","position":1,"name":"Home","item":"https:\/\/www.bellunopress.it\/"},{"@type":"ListItem","position":2,"name":"\u201cVerso un Veneto in deroga alle leggi di tutela ambientale e al buon senso\u201d. Gioved\u00ec 3 ottobre a Treviso incontro con il consigliere regionale Andrea Zanoni"}]},{"@type":"WebSite","@id":"https:\/\/www.bellunopress.it\/#website","url":"https:\/\/www.bellunopress.it\/","name":"Bellunopress - Dolomiti","description":"e-mail: redazione@bellunopress.it","publisher":{"@id":"https:\/\/www.bellunopress.it\/#organization"},"potentialAction":[{"@type":"SearchAction","target":{"@type":"EntryPoint","urlTemplate":"https:\/\/www.bellunopress.it\/?s={search_term_string}"},"query-input":{"@type":"PropertyValueSpecification","valueRequired":true,"valueName":"search_term_string"}}],"inLanguage":"fr-FR"},{"@type":"Organization","@id":"https:\/\/www.bellunopress.it\/#organization","name":"Bellunopress","url":"https:\/\/www.bellunopress.it\/","logo":{"@type":"ImageObject","inLanguage":"fr-FR","@id":"https:\/\/www.bellunopress.it\/#\/schema\/logo\/image\/","url":"https:\/\/www.bellunopress.it\/wp-content\/uploads\/2011\/05\/cropped-logo-bellunopress-.jpg","contentUrl":"https:\/\/www.bellunopress.it\/wp-content\/uploads\/2011\/05\/cropped-logo-bellunopress-.jpg","width":512,"height":512,"caption":"Bellunopress"},"image":{"@id":"https:\/\/www.bellunopress.it\/#\/schema\/logo\/image\/"},"sameAs":["https:\/\/www.facebook.com\/profile.php?id=100008943462799","https:\/\/x.com\/bellunopress","https:\/\/www.linkedin.com\/hp\/?dnr=JBzUWaJfMUw8vbXJJ2tVW5-I3jZKvC4wsoxE&amp;amp;amp;amp;amp;amp;trk=nav_responsive_tab_home","https:\/\/www.youtube.com\/channel\/UCxL0wu1uN0_3_7hGG0306cw"]},{"@type":"Person","@id":"https:\/\/www.bellunopress.it\/#\/schema\/person\/79bb06722b37ece1c03d3e94beb30d73","name":"r\u00e9daction","image":{"@type":"ImageObject","inLanguage":"fr-FR","@id":"https:\/\/secure.gravatar.com\/avatar\/37d968a2e67a6fd04c169c4bdef102d0bc5d31b2546345219e348575eb80e9a0?s=96&d=mm&r=g","url":"https:\/\/secure.gravatar.com\/avatar\/37d968a2e67a6fd04c169c4bdef102d0bc5d31b2546345219e348575eb80e9a0?s=96&d=mm&r=g","contentUrl":"https:\/\/secure.gravatar.com\/avatar\/37d968a2e67a6fd04c169c4bdef102d0bc5d31b2546345219e348575eb80e9a0?s=96&d=mm&r=g","caption":"redazione"},"sameAs":["http:\/\/www.bellunopress.it","https:\/\/x.com\/bellunopress"],"url":"https:\/\/www.bellunopress.it\/fr\/author\/redazione\/"}]}},"_links":{"self":[{"href":"https:\/\/www.bellunopress.it\/fr\/wp-json\/wp\/v2\/posts\/108263","targetHints":{"allow":["GET"]}}],"collection":[{"href":"https:\/\/www.bellunopress.it\/fr\/wp-json\/wp\/v2\/posts"}],"about":[{"href":"https:\/\/www.bellunopress.it\/fr\/wp-json\/wp\/v2\/types\/post"}],"author":[{"embeddable":true,"href":"https:\/\/www.bellunopress.it\/fr\/wp-json\/wp\/v2\/users\/2"}],"replies":[{"embeddable":true,"href":"https:\/\/www.bellunopress.it\/fr\/wp-json\/wp\/v2\/comments?post=108263"}],"version-history":[{"count":1,"href":"https:\/\/www.bellunopress.it\/fr\/wp-json\/wp\/v2\/posts\/108263\/revisions"}],"predecessor-version":[{"id":108264,"href":"https:\/\/www.bellunopress.it\/fr\/wp-json\/wp\/v2\/posts\/108263\/revisions\/108264"}],"wp:attachment":[{"href":"https:\/\/www.bellunopress.it\/fr\/wp-json\/wp\/v2\/media?parent=108263"}],"wp:term":[{"taxonomy":"category","embeddable":true,"href":"https:\/\/www.bellunopress.it\/fr\/wp-json\/wp\/v2\/categories?post=108263"},{"taxonomy":"post_tag","embeddable":true,"href":"https:\/\/www.bellunopress.it\/fr\/wp-json\/wp\/v2\/tags?post=108263"}],"curies":[{"name":"wp","href":"https:\/\/api.w.org\/{rel}","templated":true}]}}