{"id":108255,"date":"2019-09-27T16:47:19","date_gmt":"2019-09-27T14:47:19","guid":{"rendered":"http:\/\/www.bellunopress.it\/?p=108255"},"modified":"2019-09-27T16:47:20","modified_gmt":"2019-09-27T14:47:20","slug":"in-mille-a-belluno-per-il-terzo-sciopero-globale-del-clima","status":"publish","type":"post","link":"https:\/\/www.bellunopress.it\/fr\/2019\/09\/27\/in-mille-a-belluno-per-il-terzo-sciopero-globale-del-clima\/","title":{"rendered":"In mille a Belluno per il terzo sciopero globale del clima"},"content":{"rendered":"<p><a href=\"http:\/\/www.bellunopress.it\/fr\/2019\/09\/27\/in-mille-a-belluno-per-il-terzo-sciopero-globale-del-clima\/manifestazione-studentesca-per-lambiente\/\" rel=\"attachment wp-att-108256\"><img loading=\"lazy\" decoding=\"async\" class=\"alignleft size-full wp-image-108256\" src=\"http:\/\/www.bellunopress.it\/wp-content\/uploads\/2019\/09\/manifestazione-studentesca-per-lambiente.jpg\" alt=\"\" width=\"300\" height=\"221\" \/><\/a>Belluno, 27 settembre 2019 &#8211; Un migliaio di studenti hanno manifestato in centro Belluno questa mattina aderendo all&#8217;invito del movimento dei giovani per il clima Fridays For Future, ispirato alla 16enne svedese Greta Thunberg. L&#8217;iniziativa ha coinvolto 180 citt\u00e0 italiane per un totale di circa un milione di giovani, e 27 Paesi nel mondo per il terzo sciopero globale del clima dopo quelli del 15 marzo e del 24 maggio scorso. Con la manifestazione di oggi si chiude\u00a0 la settimana di mobilitazione che nei giorni scorsi ha coinvolto centinaia di migliaia di studenti scesi in piazza in diverse nazioni, dall&#8217;Australia alla Thailandia, dall&#8217;Indonesia all&#8217;India.<\/p>\n<p>&#8220;Non esiste un pianeta B, dobbiamo impegnarci per salvare quello che abitiamo&#8221; hanno detto gli studenti bellunesi attraversando per due volte il centro storico per sostare poi in piazza Martiri.\u00a0Alla manifestazione di Belluno hanno aderito anche le associazioni e i sindacati. .<\/p>\n<p>&nbsp;<\/p>","protected":false},"excerpt":{"rendered":"<p>Belluno, 27 settembre 2019 &#8211; Un migliaio di studenti hanno manifestato in centro Belluno questa mattina aderendo all&#8217;invito del movimento dei giovani per il clima Fridays For Future, ispirato alla 16enne svedese Greta Thunberg. L&#8217;iniziativa ha coinvolto 180 citt\u00e0 italiane per un totale di circa un milione di giovani, e 27 Paesi nel mondo per [&hellip;]<\/p>\n","protected":false},"author":2,"featured_media":0,"comment_status":"closed","ping_status":"open","sticky":false,"template":"","format":"standard","meta":{"footnotes":""},"categories":[5,26],"tags":[],"class_list":["post-108255","post","type-post","status-publish","format-standard","category-cronaca","category-prima-pagina"],"yoast_head":"<!-- This site is optimized with the Yoast SEO plugin v28.4 - https:\/\/yoast.com\/product\/yoast-seo-wordpress\/ -->\n<title>In mille a Belluno per il terzo sciopero globale del clima - Bellunopress - Dolomiti<\/title>\n<meta name=\"robots\" content=\"index, follow, max-snippet:-1, max-image-preview:large, max-video-preview:-1\" \/>\n<link rel=\"canonical\" href=\"https:\/\/www.bellunopress.it\/fr\/2019\/09\/27\/in-mille-a-belluno-per-il-terzo-sciopero-globale-del-clima\/\" \/>\n<meta property=\"og:locale\" content=\"fr_FR\" \/>\n<meta property=\"og:type\" content=\"article\" \/>\n<meta property=\"og:title\" content=\"In mille a Belluno per il terzo sciopero globale del clima - Bellunopress - Dolomiti\" \/>\n<meta property=\"og:description\" content=\"Belluno, 27 settembre 2019 &#8211; Un migliaio di studenti hanno manifestato in centro Belluno questa mattina aderendo all&#8217;invito del movimento dei giovani per il clima Fridays For Future, ispirato alla 16enne svedese Greta Thunberg. L&#8217;iniziativa ha coinvolto 180 citt\u00e0 italiane per un totale di circa un milione di giovani, e 27 Paesi nel mondo per [&hellip;]\" \/>\n<meta property=\"og:url\" content=\"https:\/\/www.bellunopress.it\/fr\/2019\/09\/27\/in-mille-a-belluno-per-il-terzo-sciopero-globale-del-clima\/\" \/>\n<meta property=\"og:site_name\" content=\"Bellunopress - Dolomiti\" \/>\n<meta property=\"article:publisher\" content=\"https:\/\/www.facebook.com\/profile.php?id=100008943462799\" \/>\n<meta property=\"article:published_time\" content=\"2019-09-27T14:47:19+00:00\" \/>\n<meta property=\"article:modified_time\" content=\"2019-09-27T14:47:20+00:00\" \/>\n<meta property=\"og:image\" content=\"http:\/\/www.bellunopress.it\/wp-content\/uploads\/2019\/09\/manifestazione-studentesca-per-lambiente.jpg\" \/>\n<meta name=\"author\" content=\"redazione\" \/>\n<meta name=\"twitter:card\" content=\"summary_large_image\" \/>\n<meta name=\"twitter:creator\" content=\"@bellunopress\" \/>\n<meta name=\"twitter:site\" content=\"@bellunopress\" \/>\n<meta name=\"twitter:label1\" content=\"\u00c9crit par\" \/>\n\t<meta name=\"twitter:data1\" content=\"redazione\" \/>\n\t<meta name=\"twitter:label2\" content=\"Dur\u00e9e de lecture estim\u00e9e\" \/>\n\t<meta name=\"twitter:data2\" content=\"1 minute\" \/>\n<script type=\"application\/ld+json\" class=\"yoast-schema-graph\">{\"@context\":\"https:\\\/\\\/schema.org\",\"@graph\":[{\"@type\":\"Article\",\"@id\":\"https:\\\/\\\/www.bellunopress.it\\\/2019\\\/09\\\/27\\\/in-mille-a-belluno-per-il-terzo-sciopero-globale-del-clima\\\/#article\",\"isPartOf\":{\"@id\":\"https:\\\/\\\/www.bellunopress.it\\\/2019\\\/09\\\/27\\\/in-mille-a-belluno-per-il-terzo-sciopero-globale-del-clima\\\/\"},\"author\":{\"name\":\"redazione\",\"@id\":\"https:\\\/\\\/www.bellunopress.it\\\/#\\\/schema\\\/person\\\/79bb06722b37ece1c03d3e94beb30d73\"},\"headline\":\"In mille a Belluno per il terzo sciopero globale del clima\",\"datePublished\":\"2019-09-27T14:47:19+00:00\",\"dateModified\":\"2019-09-27T14:47:20+00:00\",\"mainEntityOfPage\":{\"@id\":\"https:\\\/\\\/www.bellunopress.it\\\/2019\\\/09\\\/27\\\/in-mille-a-belluno-per-il-terzo-sciopero-globale-del-clima\\\/\"},\"wordCount\":157,\"publisher\":{\"@id\":\"https:\\\/\\\/www.bellunopress.it\\\/#organization\"},\"image\":{\"@id\":\"https:\\\/\\\/www.bellunopress.it\\\/2019\\\/09\\\/27\\\/in-mille-a-belluno-per-il-terzo-sciopero-globale-del-clima\\\/#primaryimage\"},\"thumbnailUrl\":\"http:\\\/\\\/www.bellunopress.it\\\/wp-content\\\/uploads\\\/2019\\\/09\\\/manifestazione-studentesca-per-lambiente.jpg\",\"articleSection\":[\"Cronaca\\\/Politica\",\"Prima Pagina\"],\"inLanguage\":\"fr-FR\"},{\"@type\":\"WebPage\",\"@id\":\"https:\\\/\\\/www.bellunopress.it\\\/2019\\\/09\\\/27\\\/in-mille-a-belluno-per-il-terzo-sciopero-globale-del-clima\\\/\",\"url\":\"https:\\\/\\\/www.bellunopress.it\\\/2019\\\/09\\\/27\\\/in-mille-a-belluno-per-il-terzo-sciopero-globale-del-clima\\\/\",\"name\":\"In mille a Belluno per il terzo sciopero globale del clima - Bellunopress - Dolomiti\",\"isPartOf\":{\"@id\":\"https:\\\/\\\/www.bellunopress.it\\\/#website\"},\"primaryImageOfPage\":{\"@id\":\"https:\\\/\\\/www.bellunopress.it\\\/2019\\\/09\\\/27\\\/in-mille-a-belluno-per-il-terzo-sciopero-globale-del-clima\\\/#primaryimage\"},\"image\":{\"@id\":\"https:\\\/\\\/www.bellunopress.it\\\/2019\\\/09\\\/27\\\/in-mille-a-belluno-per-il-terzo-sciopero-globale-del-clima\\\/#primaryimage\"},\"thumbnailUrl\":\"http:\\\/\\\/www.bellunopress.it\\\/wp-content\\\/uploads\\\/2019\\\/09\\\/manifestazione-studentesca-per-lambiente.jpg\",\"datePublished\":\"2019-09-27T14:47:19+00:00\",\"dateModified\":\"2019-09-27T14:47:20+00:00\",\"breadcrumb\":{\"@id\":\"https:\\\/\\\/www.bellunopress.it\\\/2019\\\/09\\\/27\\\/in-mille-a-belluno-per-il-terzo-sciopero-globale-del-clima\\\/#breadcrumb\"},\"inLanguage\":\"fr-FR\",\"potentialAction\":[{\"@type\":\"ReadAction\",\"target\":[\"https:\\\/\\\/www.bellunopress.it\\\/2019\\\/09\\\/27\\\/in-mille-a-belluno-per-il-terzo-sciopero-globale-del-clima\\\/\"]}]},{\"@type\":\"ImageObject\",\"inLanguage\":\"fr-FR\",\"@id\":\"https:\\\/\\\/www.bellunopress.it\\\/2019\\\/09\\\/27\\\/in-mille-a-belluno-per-il-terzo-sciopero-globale-del-clima\\\/#primaryimage\",\"url\":\"http:\\\/\\\/www.bellunopress.it\\\/wp-content\\\/uploads\\\/2019\\\/09\\\/manifestazione-studentesca-per-lambiente.jpg\",\"contentUrl\":\"http:\\\/\\\/www.bellunopress.it\\\/wp-content\\\/uploads\\\/2019\\\/09\\\/manifestazione-studentesca-per-lambiente.jpg\"},{\"@type\":\"BreadcrumbList\",\"@id\":\"https:\\\/\\\/www.bellunopress.it\\\/2019\\\/09\\\/27\\\/in-mille-a-belluno-per-il-terzo-sciopero-globale-del-clima\\\/#breadcrumb\",\"itemListElement\":[{\"@type\":\"ListItem\",\"position\":1,\"name\":\"Home\",\"item\":\"https:\\\/\\\/www.bellunopress.it\\\/\"},{\"@type\":\"ListItem\",\"position\":2,\"name\":\"In mille a Belluno per il terzo sciopero globale del clima\"}]},{\"@type\":\"WebSite\",\"@id\":\"https:\\\/\\\/www.bellunopress.it\\\/#website\",\"url\":\"https:\\\/\\\/www.bellunopress.it\\\/\",\"name\":\"Bellunopress - Dolomiti\",\"description\":\"e-mail: redazione@bellunopress.it\",\"publisher\":{\"@id\":\"https:\\\/\\\/www.bellunopress.it\\\/#organization\"},\"potentialAction\":[{\"@type\":\"SearchAction\",\"target\":{\"@type\":\"EntryPoint\",\"urlTemplate\":\"https:\\\/\\\/www.bellunopress.it\\\/?s={search_term_string}\"},\"query-input\":{\"@type\":\"PropertyValueSpecification\",\"valueRequired\":true,\"valueName\":\"search_term_string\"}}],\"inLanguage\":\"fr-FR\"},{\"@type\":\"Organization\",\"@id\":\"https:\\\/\\\/www.bellunopress.it\\\/#organization\",\"name\":\"Bellunopress\",\"url\":\"https:\\\/\\\/www.bellunopress.it\\\/\",\"logo\":{\"@type\":\"ImageObject\",\"inLanguage\":\"fr-FR\",\"@id\":\"https:\\\/\\\/www.bellunopress.it\\\/#\\\/schema\\\/logo\\\/image\\\/\",\"url\":\"https:\\\/\\\/www.bellunopress.it\\\/wp-content\\\/uploads\\\/2011\\\/05\\\/cropped-logo-bellunopress-.jpg\",\"contentUrl\":\"https:\\\/\\\/www.bellunopress.it\\\/wp-content\\\/uploads\\\/2011\\\/05\\\/cropped-logo-bellunopress-.jpg\",\"width\":512,\"height\":512,\"caption\":\"Bellunopress\"},\"image\":{\"@id\":\"https:\\\/\\\/www.bellunopress.it\\\/#\\\/schema\\\/logo\\\/image\\\/\"},\"sameAs\":[\"https:\\\/\\\/www.facebook.com\\\/profile.php?id=100008943462799\",\"https:\\\/\\\/x.com\\\/bellunopress\",\"https:\\\/\\\/www.linkedin.com\\\/hp\\\/?dnr=JBzUWaJfMUw8vbXJJ2tVW5-I3jZKvC4wsoxE&amp;amp;amp;amp;amp;amp;trk=nav_responsive_tab_home\",\"https:\\\/\\\/www.youtube.com\\\/channel\\\/UCxL0wu1uN0_3_7hGG0306cw\"]},{\"@type\":\"Person\",\"@id\":\"https:\\\/\\\/www.bellunopress.it\\\/#\\\/schema\\\/person\\\/79bb06722b37ece1c03d3e94beb30d73\",\"name\":\"redazione\",\"image\":{\"@type\":\"ImageObject\",\"inLanguage\":\"fr-FR\",\"@id\":\"https:\\\/\\\/secure.gravatar.com\\\/avatar\\\/37d968a2e67a6fd04c169c4bdef102d0bc5d31b2546345219e348575eb80e9a0?s=96&d=mm&r=g\",\"url\":\"https:\\\/\\\/secure.gravatar.com\\\/avatar\\\/37d968a2e67a6fd04c169c4bdef102d0bc5d31b2546345219e348575eb80e9a0?s=96&d=mm&r=g\",\"contentUrl\":\"https:\\\/\\\/secure.gravatar.com\\\/avatar\\\/37d968a2e67a6fd04c169c4bdef102d0bc5d31b2546345219e348575eb80e9a0?s=96&d=mm&r=g\",\"caption\":\"redazione\"},\"sameAs\":[\"http:\\\/\\\/www.bellunopress.it\",\"https:\\\/\\\/x.com\\\/bellunopress\"],\"url\":\"https:\\\/\\\/www.bellunopress.it\\\/fr\\\/author\\\/redazione\\\/\"}]}<\/script>\n<!-- \/ Yoast SEO plugin. -->","yoast_head_json":{"title":"In mille a Belluno per il terzo sciopero globale del clima - Bellunopress - Dolomiti","robots":{"index":"index","follow":"follow","max-snippet":"max-snippet:-1","max-image-preview":"max-image-preview:large","max-video-preview":"max-video-preview:-1"},"canonical":"https:\/\/www.bellunopress.it\/fr\/2019\/09\/27\/in-mille-a-belluno-per-il-terzo-sciopero-globale-del-clima\/","og_locale":"fr_FR","og_type":"article","og_title":"In mille a Belluno per il terzo sciopero globale del clima - Bellunopress - Dolomiti","og_description":"Belluno, 27 settembre 2019 &#8211; Un migliaio di studenti hanno manifestato in centro Belluno questa mattina aderendo all&#8217;invito del movimento dei giovani per il clima Fridays For Future, ispirato alla 16enne svedese Greta Thunberg. L&#8217;iniziativa ha coinvolto 180 citt\u00e0 italiane per un totale di circa un milione di giovani, e 27 Paesi nel mondo per [&hellip;]","og_url":"https:\/\/www.bellunopress.it\/fr\/2019\/09\/27\/in-mille-a-belluno-per-il-terzo-sciopero-globale-del-clima\/","og_site_name":"Bellunopress - Dolomiti","article_publisher":"https:\/\/www.facebook.com\/profile.php?id=100008943462799","article_published_time":"2019-09-27T14:47:19+00:00","article_modified_time":"2019-09-27T14:47:20+00:00","og_image":[{"url":"http:\/\/www.bellunopress.it\/wp-content\/uploads\/2019\/09\/manifestazione-studentesca-per-lambiente.jpg","type":"","width":"","height":""}],"author":"redazione","twitter_card":"summary_large_image","twitter_creator":"@bellunopress","twitter_site":"@bellunopress","twitter_misc":{"\u00c9crit par":"redazione","Dur\u00e9e de lecture estim\u00e9e":"1 minute"},"schema":{"@context":"https:\/\/schema.org","@graph":[{"@type":"Article","@id":"https:\/\/www.bellunopress.it\/2019\/09\/27\/in-mille-a-belluno-per-il-terzo-sciopero-globale-del-clima\/#article","isPartOf":{"@id":"https:\/\/www.bellunopress.it\/2019\/09\/27\/in-mille-a-belluno-per-il-terzo-sciopero-globale-del-clima\/"},"author":{"name":"redazione","@id":"https:\/\/www.bellunopress.it\/#\/schema\/person\/79bb06722b37ece1c03d3e94beb30d73"},"headline":"In mille a Belluno per il terzo sciopero globale del clima","datePublished":"2019-09-27T14:47:19+00:00","dateModified":"2019-09-27T14:47:20+00:00","mainEntityOfPage":{"@id":"https:\/\/www.bellunopress.it\/2019\/09\/27\/in-mille-a-belluno-per-il-terzo-sciopero-globale-del-clima\/"},"wordCount":157,"publisher":{"@id":"https:\/\/www.bellunopress.it\/#organization"},"image":{"@id":"https:\/\/www.bellunopress.it\/2019\/09\/27\/in-mille-a-belluno-per-il-terzo-sciopero-globale-del-clima\/#primaryimage"},"thumbnailUrl":"http:\/\/www.bellunopress.it\/wp-content\/uploads\/2019\/09\/manifestazione-studentesca-per-lambiente.jpg","articleSection":["Cronaca\/Politica","Prima Pagina"],"inLanguage":"fr-FR"},{"@type":"WebPage","@id":"https:\/\/www.bellunopress.it\/2019\/09\/27\/in-mille-a-belluno-per-il-terzo-sciopero-globale-del-clima\/","url":"https:\/\/www.bellunopress.it\/2019\/09\/27\/in-mille-a-belluno-per-il-terzo-sciopero-globale-del-clima\/","name":"In mille a Belluno per il terzo sciopero globale del clima - Bellunopress - Dolomiti","isPartOf":{"@id":"https:\/\/www.bellunopress.it\/#website"},"primaryImageOfPage":{"@id":"https:\/\/www.bellunopress.it\/2019\/09\/27\/in-mille-a-belluno-per-il-terzo-sciopero-globale-del-clima\/#primaryimage"},"image":{"@id":"https:\/\/www.bellunopress.it\/2019\/09\/27\/in-mille-a-belluno-per-il-terzo-sciopero-globale-del-clima\/#primaryimage"},"thumbnailUrl":"http:\/\/www.bellunopress.it\/wp-content\/uploads\/2019\/09\/manifestazione-studentesca-per-lambiente.jpg","datePublished":"2019-09-27T14:47:19+00:00","dateModified":"2019-09-27T14:47:20+00:00","breadcrumb":{"@id":"https:\/\/www.bellunopress.it\/2019\/09\/27\/in-mille-a-belluno-per-il-terzo-sciopero-globale-del-clima\/#breadcrumb"},"inLanguage":"fr-FR","potentialAction":[{"@type":"ReadAction","target":["https:\/\/www.bellunopress.it\/2019\/09\/27\/in-mille-a-belluno-per-il-terzo-sciopero-globale-del-clima\/"]}]},{"@type":"ImageObject","inLanguage":"fr-FR","@id":"https:\/\/www.bellunopress.it\/2019\/09\/27\/in-mille-a-belluno-per-il-terzo-sciopero-globale-del-clima\/#primaryimage","url":"http:\/\/www.bellunopress.it\/wp-content\/uploads\/2019\/09\/manifestazione-studentesca-per-lambiente.jpg","contentUrl":"http:\/\/www.bellunopress.it\/wp-content\/uploads\/2019\/09\/manifestazione-studentesca-per-lambiente.jpg"},{"@type":"BreadcrumbList","@id":"https:\/\/www.bellunopress.it\/2019\/09\/27\/in-mille-a-belluno-per-il-terzo-sciopero-globale-del-clima\/#breadcrumb","itemListElement":[{"@type":"ListItem","position":1,"name":"Home","item":"https:\/\/www.bellunopress.it\/"},{"@type":"ListItem","position":2,"name":"In mille a Belluno per il terzo sciopero globale del clima"}]},{"@type":"WebSite","@id":"https:\/\/www.bellunopress.it\/#website","url":"https:\/\/www.bellunopress.it\/","name":"Bellunopress - Dolomiti","description":"e-mail: redazione@bellunopress.it","publisher":{"@id":"https:\/\/www.bellunopress.it\/#organization"},"potentialAction":[{"@type":"SearchAction","target":{"@type":"EntryPoint","urlTemplate":"https:\/\/www.bellunopress.it\/?s={search_term_string}"},"query-input":{"@type":"PropertyValueSpecification","valueRequired":true,"valueName":"search_term_string"}}],"inLanguage":"fr-FR"},{"@type":"Organization","@id":"https:\/\/www.bellunopress.it\/#organization","name":"Bellunopress","url":"https:\/\/www.bellunopress.it\/","logo":{"@type":"ImageObject","inLanguage":"fr-FR","@id":"https:\/\/www.bellunopress.it\/#\/schema\/logo\/image\/","url":"https:\/\/www.bellunopress.it\/wp-content\/uploads\/2011\/05\/cropped-logo-bellunopress-.jpg","contentUrl":"https:\/\/www.bellunopress.it\/wp-content\/uploads\/2011\/05\/cropped-logo-bellunopress-.jpg","width":512,"height":512,"caption":"Bellunopress"},"image":{"@id":"https:\/\/www.bellunopress.it\/#\/schema\/logo\/image\/"},"sameAs":["https:\/\/www.facebook.com\/profile.php?id=100008943462799","https:\/\/x.com\/bellunopress","https:\/\/www.linkedin.com\/hp\/?dnr=JBzUWaJfMUw8vbXJJ2tVW5-I3jZKvC4wsoxE&amp;amp;amp;amp;amp;amp;trk=nav_responsive_tab_home","https:\/\/www.youtube.com\/channel\/UCxL0wu1uN0_3_7hGG0306cw"]},{"@type":"Person","@id":"https:\/\/www.bellunopress.it\/#\/schema\/person\/79bb06722b37ece1c03d3e94beb30d73","name":"r\u00e9daction","image":{"@type":"ImageObject","inLanguage":"fr-FR","@id":"https:\/\/secure.gravatar.com\/avatar\/37d968a2e67a6fd04c169c4bdef102d0bc5d31b2546345219e348575eb80e9a0?s=96&d=mm&r=g","url":"https:\/\/secure.gravatar.com\/avatar\/37d968a2e67a6fd04c169c4bdef102d0bc5d31b2546345219e348575eb80e9a0?s=96&d=mm&r=g","contentUrl":"https:\/\/secure.gravatar.com\/avatar\/37d968a2e67a6fd04c169c4bdef102d0bc5d31b2546345219e348575eb80e9a0?s=96&d=mm&r=g","caption":"redazione"},"sameAs":["http:\/\/www.bellunopress.it","https:\/\/x.com\/bellunopress"],"url":"https:\/\/www.bellunopress.it\/fr\/author\/redazione\/"}]}},"_links":{"self":[{"href":"https:\/\/www.bellunopress.it\/fr\/wp-json\/wp\/v2\/posts\/108255","targetHints":{"allow":["GET"]}}],"collection":[{"href":"https:\/\/www.bellunopress.it\/fr\/wp-json\/wp\/v2\/posts"}],"about":[{"href":"https:\/\/www.bellunopress.it\/fr\/wp-json\/wp\/v2\/types\/post"}],"author":[{"embeddable":true,"href":"https:\/\/www.bellunopress.it\/fr\/wp-json\/wp\/v2\/users\/2"}],"replies":[{"embeddable":true,"href":"https:\/\/www.bellunopress.it\/fr\/wp-json\/wp\/v2\/comments?post=108255"}],"version-history":[{"count":2,"href":"https:\/\/www.bellunopress.it\/fr\/wp-json\/wp\/v2\/posts\/108255\/revisions"}],"predecessor-version":[{"id":108258,"href":"https:\/\/www.bellunopress.it\/fr\/wp-json\/wp\/v2\/posts\/108255\/revisions\/108258"}],"wp:attachment":[{"href":"https:\/\/www.bellunopress.it\/fr\/wp-json\/wp\/v2\/media?parent=108255"}],"wp:term":[{"taxonomy":"category","embeddable":true,"href":"https:\/\/www.bellunopress.it\/fr\/wp-json\/wp\/v2\/categories?post=108255"},{"taxonomy":"post_tag","embeddable":true,"href":"https:\/\/www.bellunopress.it\/fr\/wp-json\/wp\/v2\/tags?post=108255"}],"curies":[{"name":"wp","href":"https:\/\/api.w.org\/{rel}","templated":true}]}}