{"id":108245,"date":"2019-09-27T12:13:25","date_gmt":"2019-09-27T10:13:25","guid":{"rendered":"http:\/\/www.bellunopress.it\/?p=108245"},"modified":"2019-09-27T12:13:25","modified_gmt":"2019-09-27T10:13:25","slug":"locchialeria-punta-sullexport-in-testa-stati-uniti-germania-e-spagna-mercato-interno-debole","status":"publish","type":"post","link":"https:\/\/www.bellunopress.it\/fr\/2019\/09\/27\/locchialeria-punta-sullexport-in-testa-stati-uniti-germania-e-spagna-mercato-interno-debole\/","title":{"rendered":"L&#8217;occhialeria punta sull&#8217;export, in testa Stati Uniti, Germania e Spagna. Mercato interno debole"},"content":{"rendered":"<p>Milano, 27 settembre 2019 \u2013 A livello globale il primo semestre del 2019 ha confermato il rallentamento generale dell\u2019economia gi\u00e0 evidenziato nel 2018. Le tensioni commerciali con la Cina e l\u2019andamento meno brillante delle economie di Stati Uniti e Germania hanno contribuito ad accrescere l\u2019incertezza. Il focus sull\u2019Italia riporta il quadro di un\u2019economia frenata.<\/p>\n<p>ANFAO (Associazione Nazionale Fabbricanti Articoli Ottici) ha diffuso, in questo contesto, i dati del settore occhialeria relativi al periodo gennaio-giugno 2019.<\/p>\n<p>Nonostante il clima generale, il primo semestre del 2019 ha visto una buona performance dell\u2019occhialeria italiana sui mercati internazionali con una crescita tendenziale in valore dell\u2019export complessivo del 7,4%. Nel dettaglio la crescita in valore \u00e8 stata del 10,3% per le montature e del 5,7%, per gli occhiali da sole.<\/p>\n<p>Relativamente alle aree geografiche, le esportazioni del settore nel primo semestre del 2019 hanno registrato risultati positivi in tutte le principali aree di sbocco: in America hanno fatto segnare un +12,3%, in Europa +4,4%, in Asia +6,1%. In netto recupero anche l\u2019export dell\u2019occhialeria italiana in Africa (+7,1%).<\/p>\n<p>Andando nel dettaglio dei singoli paesi, negli Stati Uniti (da sempre primo mercato di riferimento per il settore con una quota di circa il 27%) l\u2019export italiano del settore torna a crescere a doppia cifra: +12,7% rispetto al periodo gennaio-giugno 2018, declinato in un +9,3% per gli occhiali da sole e +22,8% per le montature. Negli USA in sostanza le nostre esportazioni sembrano aver superato la fase di incertezza legata alla politica commerciale di Trump.<\/p>\n<p>Anche in Europa le esportazioni complessive di occhiali da sole e montature nel primo semestre hanno mostrato risultati decisamente incoraggianti rispetto allo stesso periodo del 2018: Germania (+12%), Spagna (+5,3%), Francia (+0,8%); solo nel Regno Unito (-6,3%) l\u2019export italiano dell\u2019occhialeria in valore ha accusato una flessione.<\/p>\n<p>Considerando la Francia, qui sembra pesare ancora sulle nostre esportazioni il cambio legislativo che ha ridotto i rimborsi assicurativi: a fronte di un positivo +2% fatto segnare dagli occhiali da sole nel primo semestre del 2019, si contrappone un leggero calo tendenziale delle montature da vista (-0,8%).<\/p>\n<p>Decisamente positivo l\u2019andamento dell\u2019export degli occhiali da sole italiani in Germania e Spagna dove registriamo rispettivamente +14,7% e +6,8% sullo stesso periodo del 2018.<\/p>\n<figure id=\"attachment_87518\" aria-describedby=\"caption-attachment-87518\" style=\"width: 178px\" class=\"wp-caption alignleft\"><a href=\"http:\/\/www.bellunopress.it\/fr\/2017\/07\/07\/giovanni-vitaloni-eletto-alla-presidenza-dellanfao\/giovanni-vitaloni-presidente-anfao-e-mido\/\" rel=\"attachment wp-att-87518\"><img loading=\"lazy\" decoding=\"async\" class=\"size-full wp-image-87518\" src=\"http:\/\/www.bellunopress.it\/wp-content\/uploads\/2017\/07\/Giovanni-Vitaloni-presidente-Anfao-e-Mido.jpg\" alt=\"\" width=\"178\" height=\"200\" \/><\/a><figcaption id=\"caption-attachment-87518\" class=\"wp-caption-text\">Giovanni Vitaloni presidente Anfao e Mido<\/figcaption><\/figure>\n<p>\u201cLa prima met\u00e0 del 2019 per l\u2019occhialeria italiana rappresenta una boccata d\u2019ossigeno importante e rimpolpa la crescita contenuta con cui avevamo chiuso il 2018. Sicuramente l\u2019Euro debole e i dazi USA sui beni cinesi possono aver contribuito in parte a questo risultato, non dobbiamo dimenticare per\u00f2 che l\u2019export da sempre \u00e8 il core business dell\u2019occhialeria italiana (\u00e8 rivolto all\u2019export oltre il 90% della nostra produzione) e che tutti lavoriamo in questa direzione\u201d\u2013 dichiara Giovanni Vitaloni, presidente di ANFAO.<\/p>\n<p>Nel continente europeo segnaliamo una buona performance nel primo semestre delle esportazioni complessive di occhiali da sole e montature italiane in alcuni paesi potenzialmente interessanti: Polonia (+15,9%), Svezia (+74,9%), Ungheria (+11,1%), Croazia (+7,1%). In netto recupero l\u2019export del settore in Russia (+16,4%).<\/p>\n<p>Nei paesi emergenti possiamo segnalare i risultati dei primi sei mesi in Messico (+20,3%), Emirati Arabi (+11,9%), Brasile (+14,6%), Sud Africa (+9,6%), Arabia Saudita (+18%).<br \/>\nVa detto che, bench\u00e9 in termini assoluti il potenziale sia alto, a livello di quote di mercato i numeri sono ancora poco significativi.<\/p>\n<p>Discorso a parte per la Cina, paese che, oltre ad essere un grosso bacino di approvvigionamento, assorbe ormai circa il 5% in valore delle esportazioni dell\u2019occhialeria italiana: nel primo semestre del 2019 l\u2019export complessivo del settore ha fatto segnare un +6,9%.<\/p>\n<p>Se dal fronte delle esportazioni arrivano notizie pi\u00f9 che confortanti per il settore, il mercato interno, nonostante le speranze di una inversione di marcia, resta fiacco e i consumi continuano a essere negativi. Il sell-out monitorato da GfK registra un decremento in valore dell\u20191,4% rispetto al primo semestre del 2018.<\/p>\n<p>A livello di prodotto continua a essere l\u2019occhiale da sole a soffrire maggiormente, mentre a livello di canale \u00e8 l\u2019ottico indipendente a essere pi\u00f9 sollecitato rispetto alle catene.<\/p>\n<p>&nbsp;<\/p>","protected":false},"excerpt":{"rendered":"<p>Milano, 27 settembre 2019 \u2013 A livello globale il primo semestre del 2019 ha confermato il rallentamento generale dell\u2019economia gi\u00e0 evidenziato nel 2018. Le tensioni commerciali con la Cina e l\u2019andamento meno brillante delle economie di Stati Uniti e Germania hanno contribuito ad accrescere l\u2019incertezza. Il focus sull\u2019Italia riporta il quadro di un\u2019economia frenata. ANFAO [&hellip;]<\/p>\n","protected":false},"author":2,"featured_media":0,"comment_status":"closed","ping_status":"open","sticky":false,"template":"","format":"standard","meta":{"footnotes":""},"categories":[1],"tags":[],"class_list":["post-108245","post","type-post","status-publish","format-standard","category-leo"],"yoast_head":"<!-- This site is optimized with the Yoast SEO plugin v28.4 - https:\/\/yoast.com\/product\/yoast-seo-wordpress\/ -->\n<title>L&#039;occhialeria punta sull&#039;export, in testa Stati Uniti, Germania e Spagna. Mercato interno debole - Bellunopress - Dolomiti<\/title>\n<meta name=\"robots\" content=\"index, follow, max-snippet:-1, max-image-preview:large, max-video-preview:-1\" \/>\n<link rel=\"canonical\" href=\"https:\/\/www.bellunopress.it\/fr\/2019\/09\/27\/locchialeria-punta-sullexport-in-testa-stati-uniti-germania-e-spagna-mercato-interno-debole\/\" \/>\n<meta property=\"og:locale\" content=\"fr_FR\" \/>\n<meta property=\"og:type\" content=\"article\" \/>\n<meta property=\"og:title\" content=\"L&#039;occhialeria punta sull&#039;export, in testa Stati Uniti, Germania e Spagna. Mercato interno debole - Bellunopress - Dolomiti\" \/>\n<meta property=\"og:description\" content=\"Milano, 27 settembre 2019 \u2013 A livello globale il primo semestre del 2019 ha confermato il rallentamento generale dell\u2019economia gi\u00e0 evidenziato nel 2018. Le tensioni commerciali con la Cina e l\u2019andamento meno brillante delle economie di Stati Uniti e Germania hanno contribuito ad accrescere l\u2019incertezza. Il focus sull\u2019Italia riporta il quadro di un\u2019economia frenata. ANFAO [&hellip;]\" \/>\n<meta property=\"og:url\" content=\"https:\/\/www.bellunopress.it\/fr\/2019\/09\/27\/locchialeria-punta-sullexport-in-testa-stati-uniti-germania-e-spagna-mercato-interno-debole\/\" \/>\n<meta property=\"og:site_name\" content=\"Bellunopress - Dolomiti\" \/>\n<meta property=\"article:publisher\" content=\"https:\/\/www.facebook.com\/profile.php?id=100008943462799\" \/>\n<meta property=\"article:published_time\" content=\"2019-09-27T10:13:25+00:00\" \/>\n<meta property=\"og:image\" content=\"http:\/\/www.bellunopress.it\/wp-content\/uploads\/2017\/07\/Giovanni-Vitaloni-presidente-Anfao-e-Mido.jpg\" \/>\n<meta name=\"author\" content=\"redazione\" \/>\n<meta name=\"twitter:card\" content=\"summary_large_image\" \/>\n<meta name=\"twitter:creator\" content=\"@bellunopress\" \/>\n<meta name=\"twitter:site\" content=\"@bellunopress\" \/>\n<meta name=\"twitter:label1\" content=\"\u00c9crit par\" \/>\n\t<meta name=\"twitter:data1\" content=\"redazione\" \/>\n\t<meta name=\"twitter:label2\" content=\"Dur\u00e9e de lecture estim\u00e9e\" \/>\n\t<meta name=\"twitter:data2\" content=\"3 minutes\" \/>\n<script type=\"application\/ld+json\" class=\"yoast-schema-graph\">{\"@context\":\"https:\\\/\\\/schema.org\",\"@graph\":[{\"@type\":\"Article\",\"@id\":\"https:\\\/\\\/www.bellunopress.it\\\/2019\\\/09\\\/27\\\/locchialeria-punta-sullexport-in-testa-stati-uniti-germania-e-spagna-mercato-interno-debole\\\/#article\",\"isPartOf\":{\"@id\":\"https:\\\/\\\/www.bellunopress.it\\\/2019\\\/09\\\/27\\\/locchialeria-punta-sullexport-in-testa-stati-uniti-germania-e-spagna-mercato-interno-debole\\\/\"},\"author\":{\"name\":\"redazione\",\"@id\":\"https:\\\/\\\/www.bellunopress.it\\\/#\\\/schema\\\/person\\\/79bb06722b37ece1c03d3e94beb30d73\"},\"headline\":\"L&#8217;occhialeria punta sull&#8217;export, in testa Stati Uniti, Germania e Spagna. Mercato interno debole\",\"datePublished\":\"2019-09-27T10:13:25+00:00\",\"mainEntityOfPage\":{\"@id\":\"https:\\\/\\\/www.bellunopress.it\\\/2019\\\/09\\\/27\\\/locchialeria-punta-sullexport-in-testa-stati-uniti-germania-e-spagna-mercato-interno-debole\\\/\"},\"wordCount\":655,\"publisher\":{\"@id\":\"https:\\\/\\\/www.bellunopress.it\\\/#organization\"},\"image\":{\"@id\":\"https:\\\/\\\/www.bellunopress.it\\\/2019\\\/09\\\/27\\\/locchialeria-punta-sullexport-in-testa-stati-uniti-germania-e-spagna-mercato-interno-debole\\\/#primaryimage\"},\"thumbnailUrl\":\"http:\\\/\\\/www.bellunopress.it\\\/wp-content\\\/uploads\\\/2017\\\/07\\\/Giovanni-Vitaloni-presidente-Anfao-e-Mido.jpg\",\"articleSection\":[\"Lettere Opinioni\"],\"inLanguage\":\"fr-FR\"},{\"@type\":\"WebPage\",\"@id\":\"https:\\\/\\\/www.bellunopress.it\\\/2019\\\/09\\\/27\\\/locchialeria-punta-sullexport-in-testa-stati-uniti-germania-e-spagna-mercato-interno-debole\\\/\",\"url\":\"https:\\\/\\\/www.bellunopress.it\\\/2019\\\/09\\\/27\\\/locchialeria-punta-sullexport-in-testa-stati-uniti-germania-e-spagna-mercato-interno-debole\\\/\",\"name\":\"L'occhialeria punta sull'export, in testa Stati Uniti, Germania e Spagna. Mercato interno debole - Bellunopress - Dolomiti\",\"isPartOf\":{\"@id\":\"https:\\\/\\\/www.bellunopress.it\\\/#website\"},\"primaryImageOfPage\":{\"@id\":\"https:\\\/\\\/www.bellunopress.it\\\/2019\\\/09\\\/27\\\/locchialeria-punta-sullexport-in-testa-stati-uniti-germania-e-spagna-mercato-interno-debole\\\/#primaryimage\"},\"image\":{\"@id\":\"https:\\\/\\\/www.bellunopress.it\\\/2019\\\/09\\\/27\\\/locchialeria-punta-sullexport-in-testa-stati-uniti-germania-e-spagna-mercato-interno-debole\\\/#primaryimage\"},\"thumbnailUrl\":\"http:\\\/\\\/www.bellunopress.it\\\/wp-content\\\/uploads\\\/2017\\\/07\\\/Giovanni-Vitaloni-presidente-Anfao-e-Mido.jpg\",\"datePublished\":\"2019-09-27T10:13:25+00:00\",\"breadcrumb\":{\"@id\":\"https:\\\/\\\/www.bellunopress.it\\\/2019\\\/09\\\/27\\\/locchialeria-punta-sullexport-in-testa-stati-uniti-germania-e-spagna-mercato-interno-debole\\\/#breadcrumb\"},\"inLanguage\":\"fr-FR\",\"potentialAction\":[{\"@type\":\"ReadAction\",\"target\":[\"https:\\\/\\\/www.bellunopress.it\\\/2019\\\/09\\\/27\\\/locchialeria-punta-sullexport-in-testa-stati-uniti-germania-e-spagna-mercato-interno-debole\\\/\"]}]},{\"@type\":\"ImageObject\",\"inLanguage\":\"fr-FR\",\"@id\":\"https:\\\/\\\/www.bellunopress.it\\\/2019\\\/09\\\/27\\\/locchialeria-punta-sullexport-in-testa-stati-uniti-germania-e-spagna-mercato-interno-debole\\\/#primaryimage\",\"url\":\"http:\\\/\\\/www.bellunopress.it\\\/wp-content\\\/uploads\\\/2017\\\/07\\\/Giovanni-Vitaloni-presidente-Anfao-e-Mido.jpg\",\"contentUrl\":\"http:\\\/\\\/www.bellunopress.it\\\/wp-content\\\/uploads\\\/2017\\\/07\\\/Giovanni-Vitaloni-presidente-Anfao-e-Mido.jpg\"},{\"@type\":\"BreadcrumbList\",\"@id\":\"https:\\\/\\\/www.bellunopress.it\\\/2019\\\/09\\\/27\\\/locchialeria-punta-sullexport-in-testa-stati-uniti-germania-e-spagna-mercato-interno-debole\\\/#breadcrumb\",\"itemListElement\":[{\"@type\":\"ListItem\",\"position\":1,\"name\":\"Home\",\"item\":\"https:\\\/\\\/www.bellunopress.it\\\/\"},{\"@type\":\"ListItem\",\"position\":2,\"name\":\"L&#8217;occhialeria punta sull&#8217;export, in testa Stati Uniti, Germania e Spagna. Mercato interno debole\"}]},{\"@type\":\"WebSite\",\"@id\":\"https:\\\/\\\/www.bellunopress.it\\\/#website\",\"url\":\"https:\\\/\\\/www.bellunopress.it\\\/\",\"name\":\"Bellunopress - Dolomiti\",\"description\":\"e-mail: redazione@bellunopress.it\",\"publisher\":{\"@id\":\"https:\\\/\\\/www.bellunopress.it\\\/#organization\"},\"potentialAction\":[{\"@type\":\"SearchAction\",\"target\":{\"@type\":\"EntryPoint\",\"urlTemplate\":\"https:\\\/\\\/www.bellunopress.it\\\/?s={search_term_string}\"},\"query-input\":{\"@type\":\"PropertyValueSpecification\",\"valueRequired\":true,\"valueName\":\"search_term_string\"}}],\"inLanguage\":\"fr-FR\"},{\"@type\":\"Organization\",\"@id\":\"https:\\\/\\\/www.bellunopress.it\\\/#organization\",\"name\":\"Bellunopress\",\"url\":\"https:\\\/\\\/www.bellunopress.it\\\/\",\"logo\":{\"@type\":\"ImageObject\",\"inLanguage\":\"fr-FR\",\"@id\":\"https:\\\/\\\/www.bellunopress.it\\\/#\\\/schema\\\/logo\\\/image\\\/\",\"url\":\"https:\\\/\\\/www.bellunopress.it\\\/wp-content\\\/uploads\\\/2011\\\/05\\\/cropped-logo-bellunopress-.jpg\",\"contentUrl\":\"https:\\\/\\\/www.bellunopress.it\\\/wp-content\\\/uploads\\\/2011\\\/05\\\/cropped-logo-bellunopress-.jpg\",\"width\":512,\"height\":512,\"caption\":\"Bellunopress\"},\"image\":{\"@id\":\"https:\\\/\\\/www.bellunopress.it\\\/#\\\/schema\\\/logo\\\/image\\\/\"},\"sameAs\":[\"https:\\\/\\\/www.facebook.com\\\/profile.php?id=100008943462799\",\"https:\\\/\\\/x.com\\\/bellunopress\",\"https:\\\/\\\/www.linkedin.com\\\/hp\\\/?dnr=JBzUWaJfMUw8vbXJJ2tVW5-I3jZKvC4wsoxE&amp;amp;amp;amp;amp;amp;trk=nav_responsive_tab_home\",\"https:\\\/\\\/www.youtube.com\\\/channel\\\/UCxL0wu1uN0_3_7hGG0306cw\"]},{\"@type\":\"Person\",\"@id\":\"https:\\\/\\\/www.bellunopress.it\\\/#\\\/schema\\\/person\\\/79bb06722b37ece1c03d3e94beb30d73\",\"name\":\"redazione\",\"image\":{\"@type\":\"ImageObject\",\"inLanguage\":\"fr-FR\",\"@id\":\"https:\\\/\\\/secure.gravatar.com\\\/avatar\\\/37d968a2e67a6fd04c169c4bdef102d0bc5d31b2546345219e348575eb80e9a0?s=96&d=mm&r=g\",\"url\":\"https:\\\/\\\/secure.gravatar.com\\\/avatar\\\/37d968a2e67a6fd04c169c4bdef102d0bc5d31b2546345219e348575eb80e9a0?s=96&d=mm&r=g\",\"contentUrl\":\"https:\\\/\\\/secure.gravatar.com\\\/avatar\\\/37d968a2e67a6fd04c169c4bdef102d0bc5d31b2546345219e348575eb80e9a0?s=96&d=mm&r=g\",\"caption\":\"redazione\"},\"sameAs\":[\"http:\\\/\\\/www.bellunopress.it\",\"https:\\\/\\\/x.com\\\/bellunopress\"],\"url\":\"https:\\\/\\\/www.bellunopress.it\\\/fr\\\/author\\\/redazione\\\/\"}]}<\/script>\n<!-- \/ Yoast SEO plugin. -->","yoast_head_json":{"title":"L'occhialeria punta sull'export, in testa Stati Uniti, Germania e Spagna. Mercato interno debole - Bellunopress - Dolomiti","robots":{"index":"index","follow":"follow","max-snippet":"max-snippet:-1","max-image-preview":"max-image-preview:large","max-video-preview":"max-video-preview:-1"},"canonical":"https:\/\/www.bellunopress.it\/fr\/2019\/09\/27\/locchialeria-punta-sullexport-in-testa-stati-uniti-germania-e-spagna-mercato-interno-debole\/","og_locale":"fr_FR","og_type":"article","og_title":"L'occhialeria punta sull'export, in testa Stati Uniti, Germania e Spagna. Mercato interno debole - Bellunopress - Dolomiti","og_description":"Milano, 27 settembre 2019 \u2013 A livello globale il primo semestre del 2019 ha confermato il rallentamento generale dell\u2019economia gi\u00e0 evidenziato nel 2018. Le tensioni commerciali con la Cina e l\u2019andamento meno brillante delle economie di Stati Uniti e Germania hanno contribuito ad accrescere l\u2019incertezza. Il focus sull\u2019Italia riporta il quadro di un\u2019economia frenata. ANFAO [&hellip;]","og_url":"https:\/\/www.bellunopress.it\/fr\/2019\/09\/27\/locchialeria-punta-sullexport-in-testa-stati-uniti-germania-e-spagna-mercato-interno-debole\/","og_site_name":"Bellunopress - Dolomiti","article_publisher":"https:\/\/www.facebook.com\/profile.php?id=100008943462799","article_published_time":"2019-09-27T10:13:25+00:00","og_image":[{"url":"http:\/\/www.bellunopress.it\/wp-content\/uploads\/2017\/07\/Giovanni-Vitaloni-presidente-Anfao-e-Mido.jpg","type":"","width":"","height":""}],"author":"redazione","twitter_card":"summary_large_image","twitter_creator":"@bellunopress","twitter_site":"@bellunopress","twitter_misc":{"\u00c9crit par":"redazione","Dur\u00e9e de lecture estim\u00e9e":"3 minutes"},"schema":{"@context":"https:\/\/schema.org","@graph":[{"@type":"Article","@id":"https:\/\/www.bellunopress.it\/2019\/09\/27\/locchialeria-punta-sullexport-in-testa-stati-uniti-germania-e-spagna-mercato-interno-debole\/#article","isPartOf":{"@id":"https:\/\/www.bellunopress.it\/2019\/09\/27\/locchialeria-punta-sullexport-in-testa-stati-uniti-germania-e-spagna-mercato-interno-debole\/"},"author":{"name":"redazione","@id":"https:\/\/www.bellunopress.it\/#\/schema\/person\/79bb06722b37ece1c03d3e94beb30d73"},"headline":"L&#8217;occhialeria punta sull&#8217;export, in testa Stati Uniti, Germania e Spagna. Mercato interno debole","datePublished":"2019-09-27T10:13:25+00:00","mainEntityOfPage":{"@id":"https:\/\/www.bellunopress.it\/2019\/09\/27\/locchialeria-punta-sullexport-in-testa-stati-uniti-germania-e-spagna-mercato-interno-debole\/"},"wordCount":655,"publisher":{"@id":"https:\/\/www.bellunopress.it\/#organization"},"image":{"@id":"https:\/\/www.bellunopress.it\/2019\/09\/27\/locchialeria-punta-sullexport-in-testa-stati-uniti-germania-e-spagna-mercato-interno-debole\/#primaryimage"},"thumbnailUrl":"http:\/\/www.bellunopress.it\/wp-content\/uploads\/2017\/07\/Giovanni-Vitaloni-presidente-Anfao-e-Mido.jpg","articleSection":["Lettere Opinioni"],"inLanguage":"fr-FR"},{"@type":"WebPage","@id":"https:\/\/www.bellunopress.it\/2019\/09\/27\/locchialeria-punta-sullexport-in-testa-stati-uniti-germania-e-spagna-mercato-interno-debole\/","url":"https:\/\/www.bellunopress.it\/2019\/09\/27\/locchialeria-punta-sullexport-in-testa-stati-uniti-germania-e-spagna-mercato-interno-debole\/","name":"L'occhialeria punta sull'export, in testa Stati Uniti, Germania e Spagna. Mercato interno debole - Bellunopress - Dolomiti","isPartOf":{"@id":"https:\/\/www.bellunopress.it\/#website"},"primaryImageOfPage":{"@id":"https:\/\/www.bellunopress.it\/2019\/09\/27\/locchialeria-punta-sullexport-in-testa-stati-uniti-germania-e-spagna-mercato-interno-debole\/#primaryimage"},"image":{"@id":"https:\/\/www.bellunopress.it\/2019\/09\/27\/locchialeria-punta-sullexport-in-testa-stati-uniti-germania-e-spagna-mercato-interno-debole\/#primaryimage"},"thumbnailUrl":"http:\/\/www.bellunopress.it\/wp-content\/uploads\/2017\/07\/Giovanni-Vitaloni-presidente-Anfao-e-Mido.jpg","datePublished":"2019-09-27T10:13:25+00:00","breadcrumb":{"@id":"https:\/\/www.bellunopress.it\/2019\/09\/27\/locchialeria-punta-sullexport-in-testa-stati-uniti-germania-e-spagna-mercato-interno-debole\/#breadcrumb"},"inLanguage":"fr-FR","potentialAction":[{"@type":"ReadAction","target":["https:\/\/www.bellunopress.it\/2019\/09\/27\/locchialeria-punta-sullexport-in-testa-stati-uniti-germania-e-spagna-mercato-interno-debole\/"]}]},{"@type":"ImageObject","inLanguage":"fr-FR","@id":"https:\/\/www.bellunopress.it\/2019\/09\/27\/locchialeria-punta-sullexport-in-testa-stati-uniti-germania-e-spagna-mercato-interno-debole\/#primaryimage","url":"http:\/\/www.bellunopress.it\/wp-content\/uploads\/2017\/07\/Giovanni-Vitaloni-presidente-Anfao-e-Mido.jpg","contentUrl":"http:\/\/www.bellunopress.it\/wp-content\/uploads\/2017\/07\/Giovanni-Vitaloni-presidente-Anfao-e-Mido.jpg"},{"@type":"BreadcrumbList","@id":"https:\/\/www.bellunopress.it\/2019\/09\/27\/locchialeria-punta-sullexport-in-testa-stati-uniti-germania-e-spagna-mercato-interno-debole\/#breadcrumb","itemListElement":[{"@type":"ListItem","position":1,"name":"Home","item":"https:\/\/www.bellunopress.it\/"},{"@type":"ListItem","position":2,"name":"L&#8217;occhialeria punta sull&#8217;export, in testa Stati Uniti, Germania e Spagna. Mercato interno debole"}]},{"@type":"WebSite","@id":"https:\/\/www.bellunopress.it\/#website","url":"https:\/\/www.bellunopress.it\/","name":"Bellunopress - Dolomiti","description":"e-mail: redazione@bellunopress.it","publisher":{"@id":"https:\/\/www.bellunopress.it\/#organization"},"potentialAction":[{"@type":"SearchAction","target":{"@type":"EntryPoint","urlTemplate":"https:\/\/www.bellunopress.it\/?s={search_term_string}"},"query-input":{"@type":"PropertyValueSpecification","valueRequired":true,"valueName":"search_term_string"}}],"inLanguage":"fr-FR"},{"@type":"Organization","@id":"https:\/\/www.bellunopress.it\/#organization","name":"Bellunopress","url":"https:\/\/www.bellunopress.it\/","logo":{"@type":"ImageObject","inLanguage":"fr-FR","@id":"https:\/\/www.bellunopress.it\/#\/schema\/logo\/image\/","url":"https:\/\/www.bellunopress.it\/wp-content\/uploads\/2011\/05\/cropped-logo-bellunopress-.jpg","contentUrl":"https:\/\/www.bellunopress.it\/wp-content\/uploads\/2011\/05\/cropped-logo-bellunopress-.jpg","width":512,"height":512,"caption":"Bellunopress"},"image":{"@id":"https:\/\/www.bellunopress.it\/#\/schema\/logo\/image\/"},"sameAs":["https:\/\/www.facebook.com\/profile.php?id=100008943462799","https:\/\/x.com\/bellunopress","https:\/\/www.linkedin.com\/hp\/?dnr=JBzUWaJfMUw8vbXJJ2tVW5-I3jZKvC4wsoxE&amp;amp;amp;amp;amp;amp;trk=nav_responsive_tab_home","https:\/\/www.youtube.com\/channel\/UCxL0wu1uN0_3_7hGG0306cw"]},{"@type":"Person","@id":"https:\/\/www.bellunopress.it\/#\/schema\/person\/79bb06722b37ece1c03d3e94beb30d73","name":"r\u00e9daction","image":{"@type":"ImageObject","inLanguage":"fr-FR","@id":"https:\/\/secure.gravatar.com\/avatar\/37d968a2e67a6fd04c169c4bdef102d0bc5d31b2546345219e348575eb80e9a0?s=96&d=mm&r=g","url":"https:\/\/secure.gravatar.com\/avatar\/37d968a2e67a6fd04c169c4bdef102d0bc5d31b2546345219e348575eb80e9a0?s=96&d=mm&r=g","contentUrl":"https:\/\/secure.gravatar.com\/avatar\/37d968a2e67a6fd04c169c4bdef102d0bc5d31b2546345219e348575eb80e9a0?s=96&d=mm&r=g","caption":"redazione"},"sameAs":["http:\/\/www.bellunopress.it","https:\/\/x.com\/bellunopress"],"url":"https:\/\/www.bellunopress.it\/fr\/author\/redazione\/"}]}},"_links":{"self":[{"href":"https:\/\/www.bellunopress.it\/fr\/wp-json\/wp\/v2\/posts\/108245","targetHints":{"allow":["GET"]}}],"collection":[{"href":"https:\/\/www.bellunopress.it\/fr\/wp-json\/wp\/v2\/posts"}],"about":[{"href":"https:\/\/www.bellunopress.it\/fr\/wp-json\/wp\/v2\/types\/post"}],"author":[{"embeddable":true,"href":"https:\/\/www.bellunopress.it\/fr\/wp-json\/wp\/v2\/users\/2"}],"replies":[{"embeddable":true,"href":"https:\/\/www.bellunopress.it\/fr\/wp-json\/wp\/v2\/comments?post=108245"}],"version-history":[{"count":1,"href":"https:\/\/www.bellunopress.it\/fr\/wp-json\/wp\/v2\/posts\/108245\/revisions"}],"predecessor-version":[{"id":108246,"href":"https:\/\/www.bellunopress.it\/fr\/wp-json\/wp\/v2\/posts\/108245\/revisions\/108246"}],"wp:attachment":[{"href":"https:\/\/www.bellunopress.it\/fr\/wp-json\/wp\/v2\/media?parent=108245"}],"wp:term":[{"taxonomy":"category","embeddable":true,"href":"https:\/\/www.bellunopress.it\/fr\/wp-json\/wp\/v2\/categories?post=108245"},{"taxonomy":"post_tag","embeddable":true,"href":"https:\/\/www.bellunopress.it\/fr\/wp-json\/wp\/v2\/tags?post=108245"}],"curies":[{"name":"wp","href":"https:\/\/api.w.org\/{rel}","templated":true}]}}