{"id":108241,"date":"2019-09-27T12:04:08","date_gmt":"2019-09-27T10:04:08","guid":{"rendered":"http:\/\/www.bellunopress.it\/?p=108241"},"modified":"2019-09-27T12:04:08","modified_gmt":"2019-09-27T10:04:08","slug":"dolomiti-show-e-buy-veneto-montagna-il-turismo-protagonista-a-longarone-fiere-il-5-e-6-ottobre","status":"publish","type":"post","link":"https:\/\/www.bellunopress.it\/fr\/2019\/09\/27\/dolomiti-show-e-buy-veneto-montagna-il-turismo-protagonista-a-longarone-fiere-il-5-e-6-ottobre\/","title":{"rendered":"Dolomiti show e Buy Veneto montagna. Il turismo protagonista a Longarone Fiere il 5 e 6 ottobre"},"content":{"rendered":"<figure id=\"attachment_108242\" aria-describedby=\"caption-attachment-108242\" style=\"width: 300px\" class=\"wp-caption alignleft\"><a href=\"http:\/\/www.bellunopress.it\/fr\/2019\/09\/27\/dolomiti-show-e-buy-veneto-montagna-il-turismo-protagonista-a-longarone-fiere-il-5-e-6-ottobre\/dolomiti-show-longarone-fiere-da-sx-bellati-topinelli-caner-padrin-magagnin\/\" rel=\"attachment wp-att-108242\"><img loading=\"lazy\" decoding=\"async\" class=\"size-full wp-image-108242\" src=\"http:\/\/www.bellunopress.it\/wp-content\/uploads\/2019\/09\/Dolomiti-show-longarone-fiere-da-sx-Bellati-Topinelli-Caner-Padrin-Magagnin.jpg\" alt=\"\" width=\"300\" height=\"145\" \/><\/a><figcaption id=\"caption-attachment-108242\" class=\"wp-caption-text\">Bellati, Topinelli, Caner, Padrin, Magagnin<\/figcaption><\/figure>\n<p>Saranno oltre 40 i buyer provenienti da venti Paesi diversi che parteciperanno a Longarone Fiere, il polo fieristico in provincia di Belluno, al workshop \u201cBuy Veneto Speciale Montagna\u201d, la pi\u00f9 importante iniziativa di commercializzazione specifica del prodotto turistico dell\u2019area montana veneta, inserita all\u2019interno della poliedrica manifestazione \u201cDolomiti Show\u201d, giunta alla terza edizione, in programma il 5 e 6 ottobre prossimi.<\/p>\n<p>L\u2019evento \u00e8 stato presentato ieri, gioved\u00ec 26 settembre a Venezia dall\u2019assessore regionale al turismo, Federico Caner, insieme a Roberto Padrin, presidente della Provincia di Belluno, Gian Angelo Bellati, presidente di Longarone Fiere, Mauro Topinelli, direttore del Dolomiti Show, e Alessandra Magagnin, amministratore unico DMO Dolomiti.<\/p>\n<p>\u201cRegistriamo con soddisfazione una crescente partecipazione di operatori al workshop \u2013 ha sottolineato Caner \u2013, ma anche, pi\u00f9 in generale, una maggior attenzione per l\u2019offerta turistica della montagna veneta e delle Dolomiti Patrimonio Unesco. \u00c8 innegabile che gli effetti benefici sul piano della visibilit\u00e0 e della promozione prodotti dai Mondiali di Sci Alpino a Cortina del 2021 e dalle Olimpiadi Milano-Cortina del 2026 si stiano gi\u00e0 rivelando\u201d.<\/p>\n<p>Attraverso incontri B2B, gli oltre cento operatori turistici dell\u2019area dolomitica veneta attesi, presenteranno e commercializzeranno la propria offerta ai 40 buyer che operano nei mercati esteri pi\u00f9 significativi per il segmento montagna, selezionati tra i 200 che parteciperanno al \u201cBuy Veneto\u201d, l\u2019ormai tradizionale evento di marketing turistico dell\u2019intera regione, che si terr\u00e0 a Mestre il prossimo 7 ottobre.<\/p>\n<p>Tornando a \u201cDolomiti Show\u201d, la fiera propone l\u2019offerta d\u2019insieme e integrata delle numerose risorse del territorio, puntando a promuovere una montagna da vivere tutto l\u2019anno e valorizzando, attraverso un proficuo gioco di squadra tra tutte le componenti pubbliche e private che si occupano di turismo e ospitalit\u00e0, le peculiarit\u00e0 delle Dolomiti Bellunesi, dal punto di vista naturalistico, paesaggistico, enogastronomico e delle innumerevoli opportunit\u00e0 di praticare sport diversi nel territorio.<\/p>\n<p>Da quest\u2019anno, l\u2019appuntamento si arricchisce di due eventi fieristici specializzati:\u00a0Expo Dolomiti Horeca\u00a0ed\u00a0Expo Dolomiti Outodoor. Il primo \u00e8 rivolto in particolare agli operatori della ristorazione e del ricettivo turistico e alle aziende\u00a0che riforniscono di beni e servizi questi importanti settori (HoReCa \u00e8 acronimo di Hotellerie Restaurant Catering). Il secondo, invece, riguarda il turismo e lo sport di montagna in particolare, offrendo spazio ai brand che promuovono i prodotti e i servizi inerenti le Dolomiti: dalle attrezzature per lo sport in montagna agli impianti a fune.<\/p>\n<p>Da segnalare anche la novit\u00e0 di Dolomiti\u00a0Job Day, iniziativa sperimentale dedicata alla selezione e al reclutamento di personale per le strutture ricettive e di chi aspira a lavorare nel turismo.<\/p>\n<p>Insomma, \u201cDolomiti Show\u201d \u00e8 un contenitore unico per promuovere, vendere, e parlare di turismo, un\u2019occasione di confronto sulle opportunit\u00e0 di crescita e di sviluppo della montagna bellunese e un\u2019opportunit\u00e0 per allenare il territorio ai grandi eventi futuri: i Mondiali di Sci Cortina 2021 e le Olimpiadi Milano-Cortina 2026.<\/p>\n<p>\u201cIn questi ultimi anni \u2013 ha concluso Caner \u2013 ho visto crescere l\u2019area dolomitica bellunese dal punto di vista dei numeri ma ancor pi\u00f9 nella consapevolezza, dei vari attori del settore turistico, delle enormi potenzialit\u00e0 che questo territorio possiede e nell\u2019individuazione degli ambiti in cui \u00e8 necessario un cambiamento di rotta per migliorare e per raggiungere un pi\u00f9 alto livello di competitivit\u00e0 sul piano dell\u2019offerta. Gli strumenti che come Regione abbiamo messo a disposizione sono stati proficuamente utilizzati e credo si sia imboccata la strada giusta per fare quel salto di qualit\u00e0 al quale imprenditori, aziende, enti, amministrazioni pubbliche guardano con pi\u00f9 convinzione e con uno spirito di collaborazione per molto tempo auspicato e ora divenuto realt\u00e0\u201d.<\/p>","protected":false},"excerpt":{"rendered":"<p>Saranno oltre 40 i buyer provenienti da venti Paesi diversi che parteciperanno a Longarone Fiere, il polo fieristico in provincia di Belluno, al workshop \u201cBuy Veneto Speciale Montagna\u201d, la pi\u00f9 importante iniziativa di commercializzazione specifica del prodotto turistico dell\u2019area montana veneta, inserita all\u2019interno della poliedrica manifestazione \u201cDolomiti Show\u201d, giunta alla terza edizione, in programma il [&hellip;]<\/p>\n","protected":false},"author":2,"featured_media":0,"comment_status":"closed","ping_status":"open","sticky":false,"template":"","format":"standard","meta":{"footnotes":""},"categories":[27,36,26],"tags":[],"class_list":["post-108241","post","type-post","status-publish","format-standard","category-appuntamenti","category-lavoro-economia","category-prima-pagina"],"yoast_head":"<!-- This site is optimized with the Yoast SEO plugin v28.4 - https:\/\/yoast.com\/product\/yoast-seo-wordpress\/ -->\n<title>Dolomiti show e Buy Veneto montagna. Il turismo protagonista a Longarone Fiere il 5 e 6 ottobre - Bellunopress - Dolomiti<\/title>\n<meta name=\"robots\" content=\"index, follow, max-snippet:-1, max-image-preview:large, max-video-preview:-1\" \/>\n<link rel=\"canonical\" href=\"https:\/\/www.bellunopress.it\/fr\/2019\/09\/27\/dolomiti-show-e-buy-veneto-montagna-il-turismo-protagonista-a-longarone-fiere-il-5-e-6-ottobre\/\" \/>\n<meta property=\"og:locale\" content=\"fr_FR\" \/>\n<meta property=\"og:type\" content=\"article\" \/>\n<meta property=\"og:title\" content=\"Dolomiti show e Buy Veneto montagna. Il turismo protagonista a Longarone Fiere il 5 e 6 ottobre - Bellunopress - Dolomiti\" \/>\n<meta property=\"og:description\" content=\"Saranno oltre 40 i buyer provenienti da venti Paesi diversi che parteciperanno a Longarone Fiere, il polo fieristico in provincia di Belluno, al workshop \u201cBuy Veneto Speciale Montagna\u201d, la pi\u00f9 importante iniziativa di commercializzazione specifica del prodotto turistico dell\u2019area montana veneta, inserita all\u2019interno della poliedrica manifestazione \u201cDolomiti Show\u201d, giunta alla terza edizione, in programma il [&hellip;]\" \/>\n<meta property=\"og:url\" content=\"https:\/\/www.bellunopress.it\/fr\/2019\/09\/27\/dolomiti-show-e-buy-veneto-montagna-il-turismo-protagonista-a-longarone-fiere-il-5-e-6-ottobre\/\" \/>\n<meta property=\"og:site_name\" content=\"Bellunopress - Dolomiti\" \/>\n<meta property=\"article:publisher\" content=\"https:\/\/www.facebook.com\/profile.php?id=100008943462799\" \/>\n<meta property=\"article:published_time\" content=\"2019-09-27T10:04:08+00:00\" \/>\n<meta property=\"og:image\" content=\"http:\/\/www.bellunopress.it\/wp-content\/uploads\/2019\/09\/Dolomiti-show-longarone-fiere-da-sx-Bellati-Topinelli-Caner-Padrin-Magagnin.jpg\" \/>\n<meta name=\"author\" content=\"redazione\" \/>\n<meta name=\"twitter:card\" content=\"summary_large_image\" \/>\n<meta name=\"twitter:creator\" content=\"@bellunopress\" \/>\n<meta name=\"twitter:site\" content=\"@bellunopress\" \/>\n<meta name=\"twitter:label1\" content=\"\u00c9crit par\" \/>\n\t<meta name=\"twitter:data1\" content=\"redazione\" \/>\n\t<meta name=\"twitter:label2\" content=\"Dur\u00e9e de lecture estim\u00e9e\" \/>\n\t<meta name=\"twitter:data2\" content=\"3 minutes\" \/>\n<script type=\"application\/ld+json\" class=\"yoast-schema-graph\">{\"@context\":\"https:\\\/\\\/schema.org\",\"@graph\":[{\"@type\":\"Article\",\"@id\":\"https:\\\/\\\/www.bellunopress.it\\\/2019\\\/09\\\/27\\\/dolomiti-show-e-buy-veneto-montagna-il-turismo-protagonista-a-longarone-fiere-il-5-e-6-ottobre\\\/#article\",\"isPartOf\":{\"@id\":\"https:\\\/\\\/www.bellunopress.it\\\/2019\\\/09\\\/27\\\/dolomiti-show-e-buy-veneto-montagna-il-turismo-protagonista-a-longarone-fiere-il-5-e-6-ottobre\\\/\"},\"author\":{\"name\":\"redazione\",\"@id\":\"https:\\\/\\\/www.bellunopress.it\\\/#\\\/schema\\\/person\\\/79bb06722b37ece1c03d3e94beb30d73\"},\"headline\":\"Dolomiti show e Buy Veneto montagna. Il turismo protagonista a Longarone Fiere il 5 e 6 ottobre\",\"datePublished\":\"2019-09-27T10:04:08+00:00\",\"mainEntityOfPage\":{\"@id\":\"https:\\\/\\\/www.bellunopress.it\\\/2019\\\/09\\\/27\\\/dolomiti-show-e-buy-veneto-montagna-il-turismo-protagonista-a-longarone-fiere-il-5-e-6-ottobre\\\/\"},\"wordCount\":608,\"publisher\":{\"@id\":\"https:\\\/\\\/www.bellunopress.it\\\/#organization\"},\"image\":{\"@id\":\"https:\\\/\\\/www.bellunopress.it\\\/2019\\\/09\\\/27\\\/dolomiti-show-e-buy-veneto-montagna-il-turismo-protagonista-a-longarone-fiere-il-5-e-6-ottobre\\\/#primaryimage\"},\"thumbnailUrl\":\"http:\\\/\\\/www.bellunopress.it\\\/wp-content\\\/uploads\\\/2019\\\/09\\\/Dolomiti-show-longarone-fiere-da-sx-Bellati-Topinelli-Caner-Padrin-Magagnin.jpg\",\"articleSection\":[\"Appuntamenti, Eventi\",\"Lavoro, Economia, Turismo\",\"Prima Pagina\"],\"inLanguage\":\"fr-FR\"},{\"@type\":\"WebPage\",\"@id\":\"https:\\\/\\\/www.bellunopress.it\\\/2019\\\/09\\\/27\\\/dolomiti-show-e-buy-veneto-montagna-il-turismo-protagonista-a-longarone-fiere-il-5-e-6-ottobre\\\/\",\"url\":\"https:\\\/\\\/www.bellunopress.it\\\/2019\\\/09\\\/27\\\/dolomiti-show-e-buy-veneto-montagna-il-turismo-protagonista-a-longarone-fiere-il-5-e-6-ottobre\\\/\",\"name\":\"Dolomiti show e Buy Veneto montagna. Il turismo protagonista a Longarone Fiere il 5 e 6 ottobre - Bellunopress - Dolomiti\",\"isPartOf\":{\"@id\":\"https:\\\/\\\/www.bellunopress.it\\\/#website\"},\"primaryImageOfPage\":{\"@id\":\"https:\\\/\\\/www.bellunopress.it\\\/2019\\\/09\\\/27\\\/dolomiti-show-e-buy-veneto-montagna-il-turismo-protagonista-a-longarone-fiere-il-5-e-6-ottobre\\\/#primaryimage\"},\"image\":{\"@id\":\"https:\\\/\\\/www.bellunopress.it\\\/2019\\\/09\\\/27\\\/dolomiti-show-e-buy-veneto-montagna-il-turismo-protagonista-a-longarone-fiere-il-5-e-6-ottobre\\\/#primaryimage\"},\"thumbnailUrl\":\"http:\\\/\\\/www.bellunopress.it\\\/wp-content\\\/uploads\\\/2019\\\/09\\\/Dolomiti-show-longarone-fiere-da-sx-Bellati-Topinelli-Caner-Padrin-Magagnin.jpg\",\"datePublished\":\"2019-09-27T10:04:08+00:00\",\"breadcrumb\":{\"@id\":\"https:\\\/\\\/www.bellunopress.it\\\/2019\\\/09\\\/27\\\/dolomiti-show-e-buy-veneto-montagna-il-turismo-protagonista-a-longarone-fiere-il-5-e-6-ottobre\\\/#breadcrumb\"},\"inLanguage\":\"fr-FR\",\"potentialAction\":[{\"@type\":\"ReadAction\",\"target\":[\"https:\\\/\\\/www.bellunopress.it\\\/2019\\\/09\\\/27\\\/dolomiti-show-e-buy-veneto-montagna-il-turismo-protagonista-a-longarone-fiere-il-5-e-6-ottobre\\\/\"]}]},{\"@type\":\"ImageObject\",\"inLanguage\":\"fr-FR\",\"@id\":\"https:\\\/\\\/www.bellunopress.it\\\/2019\\\/09\\\/27\\\/dolomiti-show-e-buy-veneto-montagna-il-turismo-protagonista-a-longarone-fiere-il-5-e-6-ottobre\\\/#primaryimage\",\"url\":\"http:\\\/\\\/www.bellunopress.it\\\/wp-content\\\/uploads\\\/2019\\\/09\\\/Dolomiti-show-longarone-fiere-da-sx-Bellati-Topinelli-Caner-Padrin-Magagnin.jpg\",\"contentUrl\":\"http:\\\/\\\/www.bellunopress.it\\\/wp-content\\\/uploads\\\/2019\\\/09\\\/Dolomiti-show-longarone-fiere-da-sx-Bellati-Topinelli-Caner-Padrin-Magagnin.jpg\"},{\"@type\":\"BreadcrumbList\",\"@id\":\"https:\\\/\\\/www.bellunopress.it\\\/2019\\\/09\\\/27\\\/dolomiti-show-e-buy-veneto-montagna-il-turismo-protagonista-a-longarone-fiere-il-5-e-6-ottobre\\\/#breadcrumb\",\"itemListElement\":[{\"@type\":\"ListItem\",\"position\":1,\"name\":\"Home\",\"item\":\"https:\\\/\\\/www.bellunopress.it\\\/\"},{\"@type\":\"ListItem\",\"position\":2,\"name\":\"Dolomiti show e Buy Veneto montagna. Il turismo protagonista a Longarone Fiere il 5 e 6 ottobre\"}]},{\"@type\":\"WebSite\",\"@id\":\"https:\\\/\\\/www.bellunopress.it\\\/#website\",\"url\":\"https:\\\/\\\/www.bellunopress.it\\\/\",\"name\":\"Bellunopress - Dolomiti\",\"description\":\"e-mail: redazione@bellunopress.it\",\"publisher\":{\"@id\":\"https:\\\/\\\/www.bellunopress.it\\\/#organization\"},\"potentialAction\":[{\"@type\":\"SearchAction\",\"target\":{\"@type\":\"EntryPoint\",\"urlTemplate\":\"https:\\\/\\\/www.bellunopress.it\\\/?s={search_term_string}\"},\"query-input\":{\"@type\":\"PropertyValueSpecification\",\"valueRequired\":true,\"valueName\":\"search_term_string\"}}],\"inLanguage\":\"fr-FR\"},{\"@type\":\"Organization\",\"@id\":\"https:\\\/\\\/www.bellunopress.it\\\/#organization\",\"name\":\"Bellunopress\",\"url\":\"https:\\\/\\\/www.bellunopress.it\\\/\",\"logo\":{\"@type\":\"ImageObject\",\"inLanguage\":\"fr-FR\",\"@id\":\"https:\\\/\\\/www.bellunopress.it\\\/#\\\/schema\\\/logo\\\/image\\\/\",\"url\":\"https:\\\/\\\/www.bellunopress.it\\\/wp-content\\\/uploads\\\/2011\\\/05\\\/cropped-logo-bellunopress-.jpg\",\"contentUrl\":\"https:\\\/\\\/www.bellunopress.it\\\/wp-content\\\/uploads\\\/2011\\\/05\\\/cropped-logo-bellunopress-.jpg\",\"width\":512,\"height\":512,\"caption\":\"Bellunopress\"},\"image\":{\"@id\":\"https:\\\/\\\/www.bellunopress.it\\\/#\\\/schema\\\/logo\\\/image\\\/\"},\"sameAs\":[\"https:\\\/\\\/www.facebook.com\\\/profile.php?id=100008943462799\",\"https:\\\/\\\/x.com\\\/bellunopress\",\"https:\\\/\\\/www.linkedin.com\\\/hp\\\/?dnr=JBzUWaJfMUw8vbXJJ2tVW5-I3jZKvC4wsoxE&amp;amp;amp;amp;amp;amp;trk=nav_responsive_tab_home\",\"https:\\\/\\\/www.youtube.com\\\/channel\\\/UCxL0wu1uN0_3_7hGG0306cw\"]},{\"@type\":\"Person\",\"@id\":\"https:\\\/\\\/www.bellunopress.it\\\/#\\\/schema\\\/person\\\/79bb06722b37ece1c03d3e94beb30d73\",\"name\":\"redazione\",\"image\":{\"@type\":\"ImageObject\",\"inLanguage\":\"fr-FR\",\"@id\":\"https:\\\/\\\/secure.gravatar.com\\\/avatar\\\/37d968a2e67a6fd04c169c4bdef102d0bc5d31b2546345219e348575eb80e9a0?s=96&d=mm&r=g\",\"url\":\"https:\\\/\\\/secure.gravatar.com\\\/avatar\\\/37d968a2e67a6fd04c169c4bdef102d0bc5d31b2546345219e348575eb80e9a0?s=96&d=mm&r=g\",\"contentUrl\":\"https:\\\/\\\/secure.gravatar.com\\\/avatar\\\/37d968a2e67a6fd04c169c4bdef102d0bc5d31b2546345219e348575eb80e9a0?s=96&d=mm&r=g\",\"caption\":\"redazione\"},\"sameAs\":[\"http:\\\/\\\/www.bellunopress.it\",\"https:\\\/\\\/x.com\\\/bellunopress\"],\"url\":\"https:\\\/\\\/www.bellunopress.it\\\/fr\\\/author\\\/redazione\\\/\"}]}<\/script>\n<!-- \/ Yoast SEO plugin. -->","yoast_head_json":{"title":"Dolomiti show e Buy Veneto montagna. Il turismo protagonista a Longarone Fiere il 5 e 6 ottobre - Bellunopress - Dolomiti","robots":{"index":"index","follow":"follow","max-snippet":"max-snippet:-1","max-image-preview":"max-image-preview:large","max-video-preview":"max-video-preview:-1"},"canonical":"https:\/\/www.bellunopress.it\/fr\/2019\/09\/27\/dolomiti-show-e-buy-veneto-montagna-il-turismo-protagonista-a-longarone-fiere-il-5-e-6-ottobre\/","og_locale":"fr_FR","og_type":"article","og_title":"Dolomiti show e Buy Veneto montagna. Il turismo protagonista a Longarone Fiere il 5 e 6 ottobre - Bellunopress - Dolomiti","og_description":"Saranno oltre 40 i buyer provenienti da venti Paesi diversi che parteciperanno a Longarone Fiere, il polo fieristico in provincia di Belluno, al workshop \u201cBuy Veneto Speciale Montagna\u201d, la pi\u00f9 importante iniziativa di commercializzazione specifica del prodotto turistico dell\u2019area montana veneta, inserita all\u2019interno della poliedrica manifestazione \u201cDolomiti Show\u201d, giunta alla terza edizione, in programma il [&hellip;]","og_url":"https:\/\/www.bellunopress.it\/fr\/2019\/09\/27\/dolomiti-show-e-buy-veneto-montagna-il-turismo-protagonista-a-longarone-fiere-il-5-e-6-ottobre\/","og_site_name":"Bellunopress - Dolomiti","article_publisher":"https:\/\/www.facebook.com\/profile.php?id=100008943462799","article_published_time":"2019-09-27T10:04:08+00:00","og_image":[{"url":"http:\/\/www.bellunopress.it\/wp-content\/uploads\/2019\/09\/Dolomiti-show-longarone-fiere-da-sx-Bellati-Topinelli-Caner-Padrin-Magagnin.jpg","type":"","width":"","height":""}],"author":"redazione","twitter_card":"summary_large_image","twitter_creator":"@bellunopress","twitter_site":"@bellunopress","twitter_misc":{"\u00c9crit par":"redazione","Dur\u00e9e de lecture estim\u00e9e":"3 minutes"},"schema":{"@context":"https:\/\/schema.org","@graph":[{"@type":"Article","@id":"https:\/\/www.bellunopress.it\/2019\/09\/27\/dolomiti-show-e-buy-veneto-montagna-il-turismo-protagonista-a-longarone-fiere-il-5-e-6-ottobre\/#article","isPartOf":{"@id":"https:\/\/www.bellunopress.it\/2019\/09\/27\/dolomiti-show-e-buy-veneto-montagna-il-turismo-protagonista-a-longarone-fiere-il-5-e-6-ottobre\/"},"author":{"name":"redazione","@id":"https:\/\/www.bellunopress.it\/#\/schema\/person\/79bb06722b37ece1c03d3e94beb30d73"},"headline":"Dolomiti show e Buy Veneto montagna. Il turismo protagonista a Longarone Fiere il 5 e 6 ottobre","datePublished":"2019-09-27T10:04:08+00:00","mainEntityOfPage":{"@id":"https:\/\/www.bellunopress.it\/2019\/09\/27\/dolomiti-show-e-buy-veneto-montagna-il-turismo-protagonista-a-longarone-fiere-il-5-e-6-ottobre\/"},"wordCount":608,"publisher":{"@id":"https:\/\/www.bellunopress.it\/#organization"},"image":{"@id":"https:\/\/www.bellunopress.it\/2019\/09\/27\/dolomiti-show-e-buy-veneto-montagna-il-turismo-protagonista-a-longarone-fiere-il-5-e-6-ottobre\/#primaryimage"},"thumbnailUrl":"http:\/\/www.bellunopress.it\/wp-content\/uploads\/2019\/09\/Dolomiti-show-longarone-fiere-da-sx-Bellati-Topinelli-Caner-Padrin-Magagnin.jpg","articleSection":["Appuntamenti, Eventi","Lavoro, Economia, Turismo","Prima Pagina"],"inLanguage":"fr-FR"},{"@type":"WebPage","@id":"https:\/\/www.bellunopress.it\/2019\/09\/27\/dolomiti-show-e-buy-veneto-montagna-il-turismo-protagonista-a-longarone-fiere-il-5-e-6-ottobre\/","url":"https:\/\/www.bellunopress.it\/2019\/09\/27\/dolomiti-show-e-buy-veneto-montagna-il-turismo-protagonista-a-longarone-fiere-il-5-e-6-ottobre\/","name":"Dolomiti show e Buy Veneto montagna. Il turismo protagonista a Longarone Fiere il 5 e 6 ottobre - Bellunopress - Dolomiti","isPartOf":{"@id":"https:\/\/www.bellunopress.it\/#website"},"primaryImageOfPage":{"@id":"https:\/\/www.bellunopress.it\/2019\/09\/27\/dolomiti-show-e-buy-veneto-montagna-il-turismo-protagonista-a-longarone-fiere-il-5-e-6-ottobre\/#primaryimage"},"image":{"@id":"https:\/\/www.bellunopress.it\/2019\/09\/27\/dolomiti-show-e-buy-veneto-montagna-il-turismo-protagonista-a-longarone-fiere-il-5-e-6-ottobre\/#primaryimage"},"thumbnailUrl":"http:\/\/www.bellunopress.it\/wp-content\/uploads\/2019\/09\/Dolomiti-show-longarone-fiere-da-sx-Bellati-Topinelli-Caner-Padrin-Magagnin.jpg","datePublished":"2019-09-27T10:04:08+00:00","breadcrumb":{"@id":"https:\/\/www.bellunopress.it\/2019\/09\/27\/dolomiti-show-e-buy-veneto-montagna-il-turismo-protagonista-a-longarone-fiere-il-5-e-6-ottobre\/#breadcrumb"},"inLanguage":"fr-FR","potentialAction":[{"@type":"ReadAction","target":["https:\/\/www.bellunopress.it\/2019\/09\/27\/dolomiti-show-e-buy-veneto-montagna-il-turismo-protagonista-a-longarone-fiere-il-5-e-6-ottobre\/"]}]},{"@type":"ImageObject","inLanguage":"fr-FR","@id":"https:\/\/www.bellunopress.it\/2019\/09\/27\/dolomiti-show-e-buy-veneto-montagna-il-turismo-protagonista-a-longarone-fiere-il-5-e-6-ottobre\/#primaryimage","url":"http:\/\/www.bellunopress.it\/wp-content\/uploads\/2019\/09\/Dolomiti-show-longarone-fiere-da-sx-Bellati-Topinelli-Caner-Padrin-Magagnin.jpg","contentUrl":"http:\/\/www.bellunopress.it\/wp-content\/uploads\/2019\/09\/Dolomiti-show-longarone-fiere-da-sx-Bellati-Topinelli-Caner-Padrin-Magagnin.jpg"},{"@type":"BreadcrumbList","@id":"https:\/\/www.bellunopress.it\/2019\/09\/27\/dolomiti-show-e-buy-veneto-montagna-il-turismo-protagonista-a-longarone-fiere-il-5-e-6-ottobre\/#breadcrumb","itemListElement":[{"@type":"ListItem","position":1,"name":"Home","item":"https:\/\/www.bellunopress.it\/"},{"@type":"ListItem","position":2,"name":"Dolomiti show e Buy Veneto montagna. Il turismo protagonista a Longarone Fiere il 5 e 6 ottobre"}]},{"@type":"WebSite","@id":"https:\/\/www.bellunopress.it\/#website","url":"https:\/\/www.bellunopress.it\/","name":"Bellunopress - Dolomiti","description":"e-mail: redazione@bellunopress.it","publisher":{"@id":"https:\/\/www.bellunopress.it\/#organization"},"potentialAction":[{"@type":"SearchAction","target":{"@type":"EntryPoint","urlTemplate":"https:\/\/www.bellunopress.it\/?s={search_term_string}"},"query-input":{"@type":"PropertyValueSpecification","valueRequired":true,"valueName":"search_term_string"}}],"inLanguage":"fr-FR"},{"@type":"Organization","@id":"https:\/\/www.bellunopress.it\/#organization","name":"Bellunopress","url":"https:\/\/www.bellunopress.it\/","logo":{"@type":"ImageObject","inLanguage":"fr-FR","@id":"https:\/\/www.bellunopress.it\/#\/schema\/logo\/image\/","url":"https:\/\/www.bellunopress.it\/wp-content\/uploads\/2011\/05\/cropped-logo-bellunopress-.jpg","contentUrl":"https:\/\/www.bellunopress.it\/wp-content\/uploads\/2011\/05\/cropped-logo-bellunopress-.jpg","width":512,"height":512,"caption":"Bellunopress"},"image":{"@id":"https:\/\/www.bellunopress.it\/#\/schema\/logo\/image\/"},"sameAs":["https:\/\/www.facebook.com\/profile.php?id=100008943462799","https:\/\/x.com\/bellunopress","https:\/\/www.linkedin.com\/hp\/?dnr=JBzUWaJfMUw8vbXJJ2tVW5-I3jZKvC4wsoxE&amp;amp;amp;amp;amp;amp;trk=nav_responsive_tab_home","https:\/\/www.youtube.com\/channel\/UCxL0wu1uN0_3_7hGG0306cw"]},{"@type":"Person","@id":"https:\/\/www.bellunopress.it\/#\/schema\/person\/79bb06722b37ece1c03d3e94beb30d73","name":"r\u00e9daction","image":{"@type":"ImageObject","inLanguage":"fr-FR","@id":"https:\/\/secure.gravatar.com\/avatar\/37d968a2e67a6fd04c169c4bdef102d0bc5d31b2546345219e348575eb80e9a0?s=96&d=mm&r=g","url":"https:\/\/secure.gravatar.com\/avatar\/37d968a2e67a6fd04c169c4bdef102d0bc5d31b2546345219e348575eb80e9a0?s=96&d=mm&r=g","contentUrl":"https:\/\/secure.gravatar.com\/avatar\/37d968a2e67a6fd04c169c4bdef102d0bc5d31b2546345219e348575eb80e9a0?s=96&d=mm&r=g","caption":"redazione"},"sameAs":["http:\/\/www.bellunopress.it","https:\/\/x.com\/bellunopress"],"url":"https:\/\/www.bellunopress.it\/fr\/author\/redazione\/"}]}},"_links":{"self":[{"href":"https:\/\/www.bellunopress.it\/fr\/wp-json\/wp\/v2\/posts\/108241","targetHints":{"allow":["GET"]}}],"collection":[{"href":"https:\/\/www.bellunopress.it\/fr\/wp-json\/wp\/v2\/posts"}],"about":[{"href":"https:\/\/www.bellunopress.it\/fr\/wp-json\/wp\/v2\/types\/post"}],"author":[{"embeddable":true,"href":"https:\/\/www.bellunopress.it\/fr\/wp-json\/wp\/v2\/users\/2"}],"replies":[{"embeddable":true,"href":"https:\/\/www.bellunopress.it\/fr\/wp-json\/wp\/v2\/comments?post=108241"}],"version-history":[{"count":2,"href":"https:\/\/www.bellunopress.it\/fr\/wp-json\/wp\/v2\/posts\/108241\/revisions"}],"predecessor-version":[{"id":108244,"href":"https:\/\/www.bellunopress.it\/fr\/wp-json\/wp\/v2\/posts\/108241\/revisions\/108244"}],"wp:attachment":[{"href":"https:\/\/www.bellunopress.it\/fr\/wp-json\/wp\/v2\/media?parent=108241"}],"wp:term":[{"taxonomy":"category","embeddable":true,"href":"https:\/\/www.bellunopress.it\/fr\/wp-json\/wp\/v2\/categories?post=108241"},{"taxonomy":"post_tag","embeddable":true,"href":"https:\/\/www.bellunopress.it\/fr\/wp-json\/wp\/v2\/tags?post=108241"}],"curies":[{"name":"wp","href":"https:\/\/api.w.org\/{rel}","templated":true}]}}