{"id":108206,"date":"2019-09-26T13:44:48","date_gmt":"2019-09-26T11:44:48","guid":{"rendered":"http:\/\/www.bellunopress.it\/?p=108206"},"modified":"2019-09-28T13:39:54","modified_gmt":"2019-09-28T11:39:54","slug":"venerdi-il-concerto-darpa-a-palazzo-fulcis-con-eleonora-burigo-e-martina-roccon","status":"publish","type":"post","link":"https:\/\/www.bellunopress.it\/fr\/2019\/09\/26\/venerdi-il-concerto-darpa-a-palazzo-fulcis-con-eleonora-burigo-e-martina-roccon\/","title":{"rendered":"Venerd\u00ec il concerto d&#8217;arpa a Palazzo Fulcis con Eleonora Burigo e Martina Roccon"},"content":{"rendered":"<p>\u00c8 l&#8217;arpa la protagonista del terzo appuntamento di &#8220;Strumenti in Mostra \u2013 Concerti al Museo&#8221;, la rassegna che la Scuola Comunale di Musica &#8220;Antonio Miari&#8221; di Belluno, in collaborazione con il Conservatorio &#8220;Agostino Steffani&#8221; di Castelfranco Veneto (Treviso), ente gestore della Scuola, propone presso il Salone nobiliare di Palazzo Fulcis, sede del Museo Civico di Belluno.<\/p>\n<figure id=\"attachment_108207\" aria-describedby=\"caption-attachment-108207\" style=\"width: 246px\" class=\"wp-caption alignleft\"><a href=\"http:\/\/www.bellunopress.it\/fr\/2019\/09\/26\/venerdi-il-concerto-darpa-a-palazzo-fulcis-con-eleonora-burigo-e-martina-roccon\/eleonora-burigo-arpa\/\" rel=\"attachment wp-att-108207\"><img loading=\"lazy\" decoding=\"async\" class=\"size-full wp-image-108207\" src=\"http:\/\/www.bellunopress.it\/wp-content\/uploads\/2019\/09\/Eleonora-Burigo-arpa.jpeg\" alt=\"\" width=\"246\" height=\"292\" \/><\/a><figcaption id=\"caption-attachment-108207\" class=\"wp-caption-text\">Eleonora Burigo<\/figcaption><\/figure>\n<p>Nuovi colori strumentali, dopo la fisarmonica e il flauto, verranno dunque presentati al pubblico della rassegna domani (venerd\u00ec 27 settembre) alle ore 17.30 (ingresso libero fino ad esaurimento dei posti), dando spazio al mondo sonoro avvolgente dell&#8217;arpa classica a pedali, strumento elegante e regale, sia in orchestra che da solista, contraddistinto da un calore e da una brillantezza unici. &#8220;Tea for two, un pomeriggio con Madame la Harpe&#8221;, questo il titolo del concerto esclusivo al Fulcis, prevede proprio un repertorio capace di mettere in risalto la specificit\u00e0 e la ricchezza dell&#8217;arpa, con pagine coinvolgenti, alcune scritte appositamente e altre riarrangiate per lo strumento.<\/p>\n<p>Le due arpiste che si esibiranno, in formazione a duo e come soliste, sono giovani studentesse della Classe di Arpa della prof.ssa Alessandra Penitenti, docente dello &#8220;Steffani&#8221;: Eleonora Burigo, bellunese con i primi anni di studio alla &#8220;Miari&#8221; e successiva ammissione al Conservatorio di Castelfranco Veneto (fra i tanti premi vinti anche il Grand Price Virtuoso di Salisburgo), e Martina Roccon (primo premio nella categoria duo, con la Burigo, al Concorso Internazionale Citt\u00e0 Murata di Cittadella, Padova).<\/p>\n<p>La Scuola &#8220;Miari&#8221; ringrazia il Museo Fulcis e il suo Conservatore, il dott. Denis Ton, per l&#8217;ospitalit\u00e0 e la collaborazione, insieme alla Fondazione Teatri delle Dolomiti. La rassegna &#8220;Strumenti in Mostra&#8221; nasce per far conoscere strumenti meravigliosi, a volte poco noti, presenti all&#8217;interno della Scuola e per valorizzarli. Le iscrizioni per l&#8217;avvio dell&#8217;anno scolastico 2019\/2020 della Scuola &#8220;Miari&#8221; sono aperte fino domani.<\/p>","protected":false},"excerpt":{"rendered":"<p>\u00c8 l&#8217;arpa la protagonista del terzo appuntamento di &#8220;Strumenti in Mostra \u2013 Concerti al Museo&#8221;, la rassegna che la Scuola Comunale di Musica &#8220;Antonio Miari&#8221; di Belluno, in collaborazione con il Conservatorio &#8220;Agostino Steffani&#8221; di Castelfranco Veneto (Treviso), ente gestore della Scuola, propone presso il Salone nobiliare di Palazzo Fulcis, sede del Museo Civico di [&hellip;]<\/p>\n","protected":false},"author":2,"featured_media":0,"comment_status":"closed","ping_status":"open","sticky":false,"template":"","format":"standard","meta":{"footnotes":""},"categories":[27,3],"tags":[],"class_list":["post-108206","post","type-post","status-publish","format-standard","category-appuntamenti","category-arte-cultura-spettacoli-scienza-archivi"],"yoast_head":"<!-- This site is optimized with the Yoast SEO plugin v28.4 - https:\/\/yoast.com\/product\/yoast-seo-wordpress\/ -->\n<title>Venerd\u00ec il concerto d&#039;arpa a Palazzo Fulcis con Eleonora Burigo e Martina Roccon - Bellunopress - Dolomiti<\/title>\n<meta name=\"robots\" content=\"index, follow, max-snippet:-1, max-image-preview:large, max-video-preview:-1\" \/>\n<link rel=\"canonical\" href=\"https:\/\/www.bellunopress.it\/fr\/2019\/09\/26\/venerdi-il-concerto-darpa-a-palazzo-fulcis-con-eleonora-burigo-e-martina-roccon\/\" \/>\n<meta property=\"og:locale\" content=\"fr_FR\" \/>\n<meta property=\"og:type\" content=\"article\" \/>\n<meta property=\"og:title\" content=\"Venerd\u00ec il concerto d&#039;arpa a Palazzo Fulcis con Eleonora Burigo e Martina Roccon - Bellunopress - Dolomiti\" \/>\n<meta property=\"og:description\" content=\"\u00c8 l&#8217;arpa la protagonista del terzo appuntamento di &#8220;Strumenti in Mostra \u2013 Concerti al Museo&#8221;, la rassegna che la Scuola Comunale di Musica &#8220;Antonio Miari&#8221; di Belluno, in collaborazione con il Conservatorio &#8220;Agostino Steffani&#8221; di Castelfranco Veneto (Treviso), ente gestore della Scuola, propone presso il Salone nobiliare di Palazzo Fulcis, sede del Museo Civico di [&hellip;]\" \/>\n<meta property=\"og:url\" content=\"https:\/\/www.bellunopress.it\/fr\/2019\/09\/26\/venerdi-il-concerto-darpa-a-palazzo-fulcis-con-eleonora-burigo-e-martina-roccon\/\" \/>\n<meta property=\"og:site_name\" content=\"Bellunopress - Dolomiti\" \/>\n<meta property=\"article:publisher\" content=\"https:\/\/www.facebook.com\/profile.php?id=100008943462799\" \/>\n<meta property=\"article:published_time\" content=\"2019-09-26T11:44:48+00:00\" \/>\n<meta property=\"article:modified_time\" content=\"2019-09-28T11:39:54+00:00\" \/>\n<meta property=\"og:image\" content=\"http:\/\/www.bellunopress.it\/wp-content\/uploads\/2019\/09\/Eleonora-Burigo-arpa.jpeg\" \/>\n<meta name=\"author\" content=\"redazione\" \/>\n<meta name=\"twitter:card\" content=\"summary_large_image\" \/>\n<meta name=\"twitter:creator\" content=\"@bellunopress\" \/>\n<meta name=\"twitter:site\" content=\"@bellunopress\" \/>\n<meta name=\"twitter:label1\" content=\"\u00c9crit par\" \/>\n\t<meta name=\"twitter:data1\" content=\"redazione\" \/>\n\t<meta name=\"twitter:label2\" content=\"Dur\u00e9e de lecture estim\u00e9e\" \/>\n\t<meta name=\"twitter:data2\" content=\"2 minutes\" \/>\n<script type=\"application\/ld+json\" class=\"yoast-schema-graph\">{\"@context\":\"https:\\\/\\\/schema.org\",\"@graph\":[{\"@type\":\"Article\",\"@id\":\"https:\\\/\\\/www.bellunopress.it\\\/2019\\\/09\\\/26\\\/venerdi-il-concerto-darpa-a-palazzo-fulcis-con-eleonora-burigo-e-martina-roccon\\\/#article\",\"isPartOf\":{\"@id\":\"https:\\\/\\\/www.bellunopress.it\\\/2019\\\/09\\\/26\\\/venerdi-il-concerto-darpa-a-palazzo-fulcis-con-eleonora-burigo-e-martina-roccon\\\/\"},\"author\":{\"name\":\"redazione\",\"@id\":\"https:\\\/\\\/www.bellunopress.it\\\/#\\\/schema\\\/person\\\/79bb06722b37ece1c03d3e94beb30d73\"},\"headline\":\"Venerd\u00ec il concerto d&#8217;arpa a Palazzo Fulcis con Eleonora Burigo e Martina Roccon\",\"datePublished\":\"2019-09-26T11:44:48+00:00\",\"dateModified\":\"2019-09-28T11:39:54+00:00\",\"mainEntityOfPage\":{\"@id\":\"https:\\\/\\\/www.bellunopress.it\\\/2019\\\/09\\\/26\\\/venerdi-il-concerto-darpa-a-palazzo-fulcis-con-eleonora-burigo-e-martina-roccon\\\/\"},\"wordCount\":324,\"publisher\":{\"@id\":\"https:\\\/\\\/www.bellunopress.it\\\/#organization\"},\"image\":{\"@id\":\"https:\\\/\\\/www.bellunopress.it\\\/2019\\\/09\\\/26\\\/venerdi-il-concerto-darpa-a-palazzo-fulcis-con-eleonora-burigo-e-martina-roccon\\\/#primaryimage\"},\"thumbnailUrl\":\"http:\\\/\\\/www.bellunopress.it\\\/wp-content\\\/uploads\\\/2019\\\/09\\\/Eleonora-Burigo-arpa.jpeg\",\"articleSection\":[\"Appuntamenti, Eventi\",\"Arte, Cultura, Spettacoli, Scienza\"],\"inLanguage\":\"fr-FR\"},{\"@type\":\"WebPage\",\"@id\":\"https:\\\/\\\/www.bellunopress.it\\\/2019\\\/09\\\/26\\\/venerdi-il-concerto-darpa-a-palazzo-fulcis-con-eleonora-burigo-e-martina-roccon\\\/\",\"url\":\"https:\\\/\\\/www.bellunopress.it\\\/2019\\\/09\\\/26\\\/venerdi-il-concerto-darpa-a-palazzo-fulcis-con-eleonora-burigo-e-martina-roccon\\\/\",\"name\":\"Venerd\u00ec il concerto d'arpa a Palazzo Fulcis con Eleonora Burigo e Martina Roccon - Bellunopress - Dolomiti\",\"isPartOf\":{\"@id\":\"https:\\\/\\\/www.bellunopress.it\\\/#website\"},\"primaryImageOfPage\":{\"@id\":\"https:\\\/\\\/www.bellunopress.it\\\/2019\\\/09\\\/26\\\/venerdi-il-concerto-darpa-a-palazzo-fulcis-con-eleonora-burigo-e-martina-roccon\\\/#primaryimage\"},\"image\":{\"@id\":\"https:\\\/\\\/www.bellunopress.it\\\/2019\\\/09\\\/26\\\/venerdi-il-concerto-darpa-a-palazzo-fulcis-con-eleonora-burigo-e-martina-roccon\\\/#primaryimage\"},\"thumbnailUrl\":\"http:\\\/\\\/www.bellunopress.it\\\/wp-content\\\/uploads\\\/2019\\\/09\\\/Eleonora-Burigo-arpa.jpeg\",\"datePublished\":\"2019-09-26T11:44:48+00:00\",\"dateModified\":\"2019-09-28T11:39:54+00:00\",\"breadcrumb\":{\"@id\":\"https:\\\/\\\/www.bellunopress.it\\\/2019\\\/09\\\/26\\\/venerdi-il-concerto-darpa-a-palazzo-fulcis-con-eleonora-burigo-e-martina-roccon\\\/#breadcrumb\"},\"inLanguage\":\"fr-FR\",\"potentialAction\":[{\"@type\":\"ReadAction\",\"target\":[\"https:\\\/\\\/www.bellunopress.it\\\/2019\\\/09\\\/26\\\/venerdi-il-concerto-darpa-a-palazzo-fulcis-con-eleonora-burigo-e-martina-roccon\\\/\"]}]},{\"@type\":\"ImageObject\",\"inLanguage\":\"fr-FR\",\"@id\":\"https:\\\/\\\/www.bellunopress.it\\\/2019\\\/09\\\/26\\\/venerdi-il-concerto-darpa-a-palazzo-fulcis-con-eleonora-burigo-e-martina-roccon\\\/#primaryimage\",\"url\":\"http:\\\/\\\/www.bellunopress.it\\\/wp-content\\\/uploads\\\/2019\\\/09\\\/Eleonora-Burigo-arpa.jpeg\",\"contentUrl\":\"http:\\\/\\\/www.bellunopress.it\\\/wp-content\\\/uploads\\\/2019\\\/09\\\/Eleonora-Burigo-arpa.jpeg\"},{\"@type\":\"BreadcrumbList\",\"@id\":\"https:\\\/\\\/www.bellunopress.it\\\/2019\\\/09\\\/26\\\/venerdi-il-concerto-darpa-a-palazzo-fulcis-con-eleonora-burigo-e-martina-roccon\\\/#breadcrumb\",\"itemListElement\":[{\"@type\":\"ListItem\",\"position\":1,\"name\":\"Home\",\"item\":\"https:\\\/\\\/www.bellunopress.it\\\/\"},{\"@type\":\"ListItem\",\"position\":2,\"name\":\"Venerd\u00ec il concerto d&#8217;arpa a Palazzo Fulcis con Eleonora Burigo e Martina Roccon\"}]},{\"@type\":\"WebSite\",\"@id\":\"https:\\\/\\\/www.bellunopress.it\\\/#website\",\"url\":\"https:\\\/\\\/www.bellunopress.it\\\/\",\"name\":\"Bellunopress - Dolomiti\",\"description\":\"e-mail: redazione@bellunopress.it\",\"publisher\":{\"@id\":\"https:\\\/\\\/www.bellunopress.it\\\/#organization\"},\"potentialAction\":[{\"@type\":\"SearchAction\",\"target\":{\"@type\":\"EntryPoint\",\"urlTemplate\":\"https:\\\/\\\/www.bellunopress.it\\\/?s={search_term_string}\"},\"query-input\":{\"@type\":\"PropertyValueSpecification\",\"valueRequired\":true,\"valueName\":\"search_term_string\"}}],\"inLanguage\":\"fr-FR\"},{\"@type\":\"Organization\",\"@id\":\"https:\\\/\\\/www.bellunopress.it\\\/#organization\",\"name\":\"Bellunopress\",\"url\":\"https:\\\/\\\/www.bellunopress.it\\\/\",\"logo\":{\"@type\":\"ImageObject\",\"inLanguage\":\"fr-FR\",\"@id\":\"https:\\\/\\\/www.bellunopress.it\\\/#\\\/schema\\\/logo\\\/image\\\/\",\"url\":\"https:\\\/\\\/www.bellunopress.it\\\/wp-content\\\/uploads\\\/2011\\\/05\\\/cropped-logo-bellunopress-.jpg\",\"contentUrl\":\"https:\\\/\\\/www.bellunopress.it\\\/wp-content\\\/uploads\\\/2011\\\/05\\\/cropped-logo-bellunopress-.jpg\",\"width\":512,\"height\":512,\"caption\":\"Bellunopress\"},\"image\":{\"@id\":\"https:\\\/\\\/www.bellunopress.it\\\/#\\\/schema\\\/logo\\\/image\\\/\"},\"sameAs\":[\"https:\\\/\\\/www.facebook.com\\\/profile.php?id=100008943462799\",\"https:\\\/\\\/x.com\\\/bellunopress\",\"https:\\\/\\\/www.linkedin.com\\\/hp\\\/?dnr=JBzUWaJfMUw8vbXJJ2tVW5-I3jZKvC4wsoxE&amp;amp;amp;amp;amp;amp;trk=nav_responsive_tab_home\",\"https:\\\/\\\/www.youtube.com\\\/channel\\\/UCxL0wu1uN0_3_7hGG0306cw\"]},{\"@type\":\"Person\",\"@id\":\"https:\\\/\\\/www.bellunopress.it\\\/#\\\/schema\\\/person\\\/79bb06722b37ece1c03d3e94beb30d73\",\"name\":\"redazione\",\"image\":{\"@type\":\"ImageObject\",\"inLanguage\":\"fr-FR\",\"@id\":\"https:\\\/\\\/secure.gravatar.com\\\/avatar\\\/37d968a2e67a6fd04c169c4bdef102d0bc5d31b2546345219e348575eb80e9a0?s=96&d=mm&r=g\",\"url\":\"https:\\\/\\\/secure.gravatar.com\\\/avatar\\\/37d968a2e67a6fd04c169c4bdef102d0bc5d31b2546345219e348575eb80e9a0?s=96&d=mm&r=g\",\"contentUrl\":\"https:\\\/\\\/secure.gravatar.com\\\/avatar\\\/37d968a2e67a6fd04c169c4bdef102d0bc5d31b2546345219e348575eb80e9a0?s=96&d=mm&r=g\",\"caption\":\"redazione\"},\"sameAs\":[\"http:\\\/\\\/www.bellunopress.it\",\"https:\\\/\\\/x.com\\\/bellunopress\"],\"url\":\"https:\\\/\\\/www.bellunopress.it\\\/fr\\\/author\\\/redazione\\\/\"}]}<\/script>\n<!-- \/ Yoast SEO plugin. -->","yoast_head_json":{"title":"Venerd\u00ec il concerto d'arpa a Palazzo Fulcis con Eleonora Burigo e Martina Roccon - Bellunopress - Dolomiti","robots":{"index":"index","follow":"follow","max-snippet":"max-snippet:-1","max-image-preview":"max-image-preview:large","max-video-preview":"max-video-preview:-1"},"canonical":"https:\/\/www.bellunopress.it\/fr\/2019\/09\/26\/venerdi-il-concerto-darpa-a-palazzo-fulcis-con-eleonora-burigo-e-martina-roccon\/","og_locale":"fr_FR","og_type":"article","og_title":"Venerd\u00ec il concerto d'arpa a Palazzo Fulcis con Eleonora Burigo e Martina Roccon - Bellunopress - Dolomiti","og_description":"\u00c8 l&#8217;arpa la protagonista del terzo appuntamento di &#8220;Strumenti in Mostra \u2013 Concerti al Museo&#8221;, la rassegna che la Scuola Comunale di Musica &#8220;Antonio Miari&#8221; di Belluno, in collaborazione con il Conservatorio &#8220;Agostino Steffani&#8221; di Castelfranco Veneto (Treviso), ente gestore della Scuola, propone presso il Salone nobiliare di Palazzo Fulcis, sede del Museo Civico di [&hellip;]","og_url":"https:\/\/www.bellunopress.it\/fr\/2019\/09\/26\/venerdi-il-concerto-darpa-a-palazzo-fulcis-con-eleonora-burigo-e-martina-roccon\/","og_site_name":"Bellunopress - Dolomiti","article_publisher":"https:\/\/www.facebook.com\/profile.php?id=100008943462799","article_published_time":"2019-09-26T11:44:48+00:00","article_modified_time":"2019-09-28T11:39:54+00:00","og_image":[{"url":"http:\/\/www.bellunopress.it\/wp-content\/uploads\/2019\/09\/Eleonora-Burigo-arpa.jpeg","type":"","width":"","height":""}],"author":"redazione","twitter_card":"summary_large_image","twitter_creator":"@bellunopress","twitter_site":"@bellunopress","twitter_misc":{"\u00c9crit par":"redazione","Dur\u00e9e de lecture estim\u00e9e":"2 minutes"},"schema":{"@context":"https:\/\/schema.org","@graph":[{"@type":"Article","@id":"https:\/\/www.bellunopress.it\/2019\/09\/26\/venerdi-il-concerto-darpa-a-palazzo-fulcis-con-eleonora-burigo-e-martina-roccon\/#article","isPartOf":{"@id":"https:\/\/www.bellunopress.it\/2019\/09\/26\/venerdi-il-concerto-darpa-a-palazzo-fulcis-con-eleonora-burigo-e-martina-roccon\/"},"author":{"name":"redazione","@id":"https:\/\/www.bellunopress.it\/#\/schema\/person\/79bb06722b37ece1c03d3e94beb30d73"},"headline":"Venerd\u00ec il concerto d&#8217;arpa a Palazzo Fulcis con Eleonora Burigo e Martina Roccon","datePublished":"2019-09-26T11:44:48+00:00","dateModified":"2019-09-28T11:39:54+00:00","mainEntityOfPage":{"@id":"https:\/\/www.bellunopress.it\/2019\/09\/26\/venerdi-il-concerto-darpa-a-palazzo-fulcis-con-eleonora-burigo-e-martina-roccon\/"},"wordCount":324,"publisher":{"@id":"https:\/\/www.bellunopress.it\/#organization"},"image":{"@id":"https:\/\/www.bellunopress.it\/2019\/09\/26\/venerdi-il-concerto-darpa-a-palazzo-fulcis-con-eleonora-burigo-e-martina-roccon\/#primaryimage"},"thumbnailUrl":"http:\/\/www.bellunopress.it\/wp-content\/uploads\/2019\/09\/Eleonora-Burigo-arpa.jpeg","articleSection":["Appuntamenti, Eventi","Arte, Cultura, Spettacoli, Scienza"],"inLanguage":"fr-FR"},{"@type":"WebPage","@id":"https:\/\/www.bellunopress.it\/2019\/09\/26\/venerdi-il-concerto-darpa-a-palazzo-fulcis-con-eleonora-burigo-e-martina-roccon\/","url":"https:\/\/www.bellunopress.it\/2019\/09\/26\/venerdi-il-concerto-darpa-a-palazzo-fulcis-con-eleonora-burigo-e-martina-roccon\/","name":"Venerd\u00ec il concerto d'arpa a Palazzo Fulcis con Eleonora Burigo e Martina Roccon - Bellunopress - Dolomiti","isPartOf":{"@id":"https:\/\/www.bellunopress.it\/#website"},"primaryImageOfPage":{"@id":"https:\/\/www.bellunopress.it\/2019\/09\/26\/venerdi-il-concerto-darpa-a-palazzo-fulcis-con-eleonora-burigo-e-martina-roccon\/#primaryimage"},"image":{"@id":"https:\/\/www.bellunopress.it\/2019\/09\/26\/venerdi-il-concerto-darpa-a-palazzo-fulcis-con-eleonora-burigo-e-martina-roccon\/#primaryimage"},"thumbnailUrl":"http:\/\/www.bellunopress.it\/wp-content\/uploads\/2019\/09\/Eleonora-Burigo-arpa.jpeg","datePublished":"2019-09-26T11:44:48+00:00","dateModified":"2019-09-28T11:39:54+00:00","breadcrumb":{"@id":"https:\/\/www.bellunopress.it\/2019\/09\/26\/venerdi-il-concerto-darpa-a-palazzo-fulcis-con-eleonora-burigo-e-martina-roccon\/#breadcrumb"},"inLanguage":"fr-FR","potentialAction":[{"@type":"ReadAction","target":["https:\/\/www.bellunopress.it\/2019\/09\/26\/venerdi-il-concerto-darpa-a-palazzo-fulcis-con-eleonora-burigo-e-martina-roccon\/"]}]},{"@type":"ImageObject","inLanguage":"fr-FR","@id":"https:\/\/www.bellunopress.it\/2019\/09\/26\/venerdi-il-concerto-darpa-a-palazzo-fulcis-con-eleonora-burigo-e-martina-roccon\/#primaryimage","url":"http:\/\/www.bellunopress.it\/wp-content\/uploads\/2019\/09\/Eleonora-Burigo-arpa.jpeg","contentUrl":"http:\/\/www.bellunopress.it\/wp-content\/uploads\/2019\/09\/Eleonora-Burigo-arpa.jpeg"},{"@type":"BreadcrumbList","@id":"https:\/\/www.bellunopress.it\/2019\/09\/26\/venerdi-il-concerto-darpa-a-palazzo-fulcis-con-eleonora-burigo-e-martina-roccon\/#breadcrumb","itemListElement":[{"@type":"ListItem","position":1,"name":"Home","item":"https:\/\/www.bellunopress.it\/"},{"@type":"ListItem","position":2,"name":"Venerd\u00ec il concerto d&#8217;arpa a Palazzo Fulcis con Eleonora Burigo e Martina Roccon"}]},{"@type":"WebSite","@id":"https:\/\/www.bellunopress.it\/#website","url":"https:\/\/www.bellunopress.it\/","name":"Bellunopress - Dolomiti","description":"e-mail: redazione@bellunopress.it","publisher":{"@id":"https:\/\/www.bellunopress.it\/#organization"},"potentialAction":[{"@type":"SearchAction","target":{"@type":"EntryPoint","urlTemplate":"https:\/\/www.bellunopress.it\/?s={search_term_string}"},"query-input":{"@type":"PropertyValueSpecification","valueRequired":true,"valueName":"search_term_string"}}],"inLanguage":"fr-FR"},{"@type":"Organization","@id":"https:\/\/www.bellunopress.it\/#organization","name":"Bellunopress","url":"https:\/\/www.bellunopress.it\/","logo":{"@type":"ImageObject","inLanguage":"fr-FR","@id":"https:\/\/www.bellunopress.it\/#\/schema\/logo\/image\/","url":"https:\/\/www.bellunopress.it\/wp-content\/uploads\/2011\/05\/cropped-logo-bellunopress-.jpg","contentUrl":"https:\/\/www.bellunopress.it\/wp-content\/uploads\/2011\/05\/cropped-logo-bellunopress-.jpg","width":512,"height":512,"caption":"Bellunopress"},"image":{"@id":"https:\/\/www.bellunopress.it\/#\/schema\/logo\/image\/"},"sameAs":["https:\/\/www.facebook.com\/profile.php?id=100008943462799","https:\/\/x.com\/bellunopress","https:\/\/www.linkedin.com\/hp\/?dnr=JBzUWaJfMUw8vbXJJ2tVW5-I3jZKvC4wsoxE&amp;amp;amp;amp;amp;amp;trk=nav_responsive_tab_home","https:\/\/www.youtube.com\/channel\/UCxL0wu1uN0_3_7hGG0306cw"]},{"@type":"Person","@id":"https:\/\/www.bellunopress.it\/#\/schema\/person\/79bb06722b37ece1c03d3e94beb30d73","name":"r\u00e9daction","image":{"@type":"ImageObject","inLanguage":"fr-FR","@id":"https:\/\/secure.gravatar.com\/avatar\/37d968a2e67a6fd04c169c4bdef102d0bc5d31b2546345219e348575eb80e9a0?s=96&d=mm&r=g","url":"https:\/\/secure.gravatar.com\/avatar\/37d968a2e67a6fd04c169c4bdef102d0bc5d31b2546345219e348575eb80e9a0?s=96&d=mm&r=g","contentUrl":"https:\/\/secure.gravatar.com\/avatar\/37d968a2e67a6fd04c169c4bdef102d0bc5d31b2546345219e348575eb80e9a0?s=96&d=mm&r=g","caption":"redazione"},"sameAs":["http:\/\/www.bellunopress.it","https:\/\/x.com\/bellunopress"],"url":"https:\/\/www.bellunopress.it\/fr\/author\/redazione\/"}]}},"_links":{"self":[{"href":"https:\/\/www.bellunopress.it\/fr\/wp-json\/wp\/v2\/posts\/108206","targetHints":{"allow":["GET"]}}],"collection":[{"href":"https:\/\/www.bellunopress.it\/fr\/wp-json\/wp\/v2\/posts"}],"about":[{"href":"https:\/\/www.bellunopress.it\/fr\/wp-json\/wp\/v2\/types\/post"}],"author":[{"embeddable":true,"href":"https:\/\/www.bellunopress.it\/fr\/wp-json\/wp\/v2\/users\/2"}],"replies":[{"embeddable":true,"href":"https:\/\/www.bellunopress.it\/fr\/wp-json\/wp\/v2\/comments?post=108206"}],"version-history":[{"count":2,"href":"https:\/\/www.bellunopress.it\/fr\/wp-json\/wp\/v2\/posts\/108206\/revisions"}],"predecessor-version":[{"id":108209,"href":"https:\/\/www.bellunopress.it\/fr\/wp-json\/wp\/v2\/posts\/108206\/revisions\/108209"}],"wp:attachment":[{"href":"https:\/\/www.bellunopress.it\/fr\/wp-json\/wp\/v2\/media?parent=108206"}],"wp:term":[{"taxonomy":"category","embeddable":true,"href":"https:\/\/www.bellunopress.it\/fr\/wp-json\/wp\/v2\/categories?post=108206"},{"taxonomy":"post_tag","embeddable":true,"href":"https:\/\/www.bellunopress.it\/fr\/wp-json\/wp\/v2\/tags?post=108206"}],"curies":[{"name":"wp","href":"https:\/\/api.w.org\/{rel}","templated":true}]}}