{"id":1082,"date":"2009-02-28T00:25:55","date_gmt":"2009-02-27T23:25:55","guid":{"rendered":"http:\/\/www.bellunopress.it\/?p=1082"},"modified":"2009-02-28T00:27:16","modified_gmt":"2009-02-27T23:27:16","slug":"lunione-artigiani-chiede-la-convocazione-degli-stati-generali","status":"publish","type":"post","link":"https:\/\/www.bellunopress.it\/fr\/2009\/02\/28\/lunione-artigiani-chiede-la-convocazione-degli-stati-generali\/","title":{"rendered":"L&#8217;Unione artigiani chiede la convocazione degli &#8220;Stati generali&#8221;"},"content":{"rendered":"<p><a href=\"http:\/\/www.bellunopress.it\/wp-content\/uploads\/2009\/02\/luigi-curto-unione-artigiani.jpg\"><img loading=\"lazy\" decoding=\"async\" class=\"alignleft size-medium wp-image-1083\" title=\"luigi-curto-unione-artigiani\" src=\"http:\/\/www.bellunopress.it\/wp-content\/uploads\/2009\/02\/luigi-curto-unione-artigiani.jpg\" alt=\"\" width=\"95\" height=\"95\" \/><\/a>Qualche giorno fa \u00e8 arrivata la decisione della Commissione che si sta occupando dello statuto regionale di non prevedere alcuna specifica dignit\u00e0 statutaria alla provincia di Belluno, con una conseguente assimilazione del nostro territorio al resto della montagna veneta. \u201cCi pare che questa decisione debba essere illustrata, spiegata e discussa a livello istituzionale &#8211; dice Luigi Curto (nella foto), presidente dell\u2019Unione Artigiani e Piccola Industria &#8211; e non lasciata ai commenti occasionali e di rito delle forze politiche. Riteniamo, insomma, che sia quantomai opportuna e necessaria una verifica interna al nostro territorio per capire se quanto detto e sottoscritto sull\u2019autonomia amministrativa da un centinaio di amministratori ed esponenti della societ\u00e0 civile bellunese prima nel 2003 e, poi, nell\u2019inverno del 2006 sia ancora un obiettivo condiviso. Da qui la richiesta al presidente dell\u2019Amministrazione Provinciale Sergio Reolon, di convocare, quanto prima, gli \u201cstati generali\u201d della provincia.\u201d<br \/>\nL\u2019ultima volta si sono riuniti alla fine del 2003, quando all\u2019unanimit\u00e0 gli \u201cstati generali\u201d della Provincia approvarono\u00a0 la proposta di specificit\u00e0 della provincia di Belluno, proposta che venne recepita dalla Commissione statuto ma respinta dal Consiglio Regionale. Nel 2006, poi, quasi cento tra sindaci, presidenti di comunit\u00e0 montana e di associazioni economiche e sociali accompagnarono con la loro firma la trasmissione alla Regione della proposta di legge approvata dal Consiglio Provinciale.\u00a0 \u201cDa allora sono accadute molte cose\u00a0 compresi i referendum di Lamon e Sovramonte, quello di Cortina, Livinallongo e Colle Santa Lucia e quello di Sappada. E il malessere di questa Provincia continua a manifestarsi anche in queste settimane con altre iniziative referendarie, mentre la risposta delle forze politiche non sempre \u00e8 coerente e troppo spesso sembra ispirata pi\u00f9 a logiche di schieramento che all\u2019interesse generale.\u201dQuello chiesto dall\u2019Uapi \u00e8, dunque, un chiarimento di tipo istituzionale, che coinvolge tutti i livelli della rappresentanza amministrativa, politica e sociale della provincia. \u201cLe principali organizzazioni imprenditoriali, dei lavoratori e della societ\u00e0 civile &#8211; conclude Curto &#8211; il 12 settembre dello scorso anno hanno lanciato nuovamente un forte richiamo al dovere di responsabilit\u00e0 e di coesione per garantire nello Statuto veneto l\u2019autonomia amministrativa della provincia di Belluno. Ora, davanti a questa decisione della Commissione statuto, \u00e8 giusto che i bellunesi sappiano cosa pensano realmente sull\u2019argomento anche i loro amministratori e i loro rappresentanti. Spero che questa verifica venga fatta e che nessuno improvvisi qualche sceneggiata elettorale per evitare di dire come la pensa.\u201d<\/p>","protected":false},"excerpt":{"rendered":"<p>Qualche giorno fa \u00e8 arrivata la decisione della Commissione che si sta occupando dello statuto regionale di non prevedere alcuna specifica dignit\u00e0 statutaria alla provincia di Belluno, con una conseguente assimilazione del nostro territorio al resto della montagna veneta. \u201cCi pare che questa decisione debba essere illustrata, spiegata e discussa a livello istituzionale &#8211; dice [&hellip;]<\/p>\n","protected":false},"author":2,"featured_media":0,"comment_status":"closed","ping_status":"open","sticky":false,"template":"","format":"standard","meta":{"footnotes":""},"categories":[26],"tags":[139],"class_list":["post-1082","post","type-post","status-publish","format-standard","category-prima-pagina","tag-belluno"],"yoast_head":"<!-- This site is optimized with the Yoast SEO plugin v28.4 - https:\/\/yoast.com\/product\/yoast-seo-wordpress\/ -->\n<title>L&#039;Unione artigiani chiede la convocazione degli &quot;Stati generali&quot; - Bellunopress - Dolomiti<\/title>\n<meta name=\"robots\" content=\"index, follow, max-snippet:-1, max-image-preview:large, max-video-preview:-1\" \/>\n<link rel=\"canonical\" href=\"https:\/\/www.bellunopress.it\/fr\/2009\/02\/28\/lunione-artigiani-chiede-la-convocazione-degli-stati-generali\/\" \/>\n<meta property=\"og:locale\" content=\"fr_FR\" \/>\n<meta property=\"og:type\" content=\"article\" \/>\n<meta property=\"og:title\" content=\"L&#039;Unione artigiani chiede la convocazione degli &quot;Stati generali&quot; - Bellunopress - Dolomiti\" \/>\n<meta property=\"og:description\" content=\"Qualche giorno fa \u00e8 arrivata la decisione della Commissione che si sta occupando dello statuto regionale di non prevedere alcuna specifica dignit\u00e0 statutaria alla provincia di Belluno, con una conseguente assimilazione del nostro territorio al resto della montagna veneta. \u201cCi pare che questa decisione debba essere illustrata, spiegata e discussa a livello istituzionale &#8211; dice [&hellip;]\" \/>\n<meta property=\"og:url\" content=\"https:\/\/www.bellunopress.it\/fr\/2009\/02\/28\/lunione-artigiani-chiede-la-convocazione-degli-stati-generali\/\" \/>\n<meta property=\"og:site_name\" content=\"Bellunopress - Dolomiti\" \/>\n<meta property=\"article:publisher\" content=\"https:\/\/www.facebook.com\/profile.php?id=100008943462799\" \/>\n<meta property=\"article:published_time\" content=\"2009-02-27T23:25:55+00:00\" \/>\n<meta property=\"article:modified_time\" content=\"2009-02-27T23:27:16+00:00\" \/>\n<meta property=\"og:image\" content=\"http:\/\/www.bellunopress.it\/wp-content\/uploads\/2009\/02\/luigi-curto-unione-artigiani.jpg\" \/>\n<meta name=\"author\" content=\"redazione\" \/>\n<meta name=\"twitter:card\" content=\"summary_large_image\" \/>\n<meta name=\"twitter:creator\" content=\"@bellunopress\" \/>\n<meta name=\"twitter:site\" content=\"@bellunopress\" \/>\n<meta name=\"twitter:label1\" content=\"\u00c9crit par\" \/>\n\t<meta name=\"twitter:data1\" content=\"redazione\" \/>\n\t<meta name=\"twitter:label2\" content=\"Dur\u00e9e de lecture estim\u00e9e\" \/>\n\t<meta name=\"twitter:data2\" content=\"2 minutes\" \/>\n<script type=\"application\/ld+json\" class=\"yoast-schema-graph\">{\"@context\":\"https:\\\/\\\/schema.org\",\"@graph\":[{\"@type\":\"Article\",\"@id\":\"https:\\\/\\\/www.bellunopress.it\\\/2009\\\/02\\\/28\\\/lunione-artigiani-chiede-la-convocazione-degli-stati-generali\\\/#article\",\"isPartOf\":{\"@id\":\"https:\\\/\\\/www.bellunopress.it\\\/2009\\\/02\\\/28\\\/lunione-artigiani-chiede-la-convocazione-degli-stati-generali\\\/\"},\"author\":{\"name\":\"redazione\",\"@id\":\"https:\\\/\\\/www.bellunopress.it\\\/#\\\/schema\\\/person\\\/79bb06722b37ece1c03d3e94beb30d73\"},\"headline\":\"L&#8217;Unione artigiani chiede la convocazione degli &#8220;Stati generali&#8221;\",\"datePublished\":\"2009-02-27T23:25:55+00:00\",\"dateModified\":\"2009-02-27T23:27:16+00:00\",\"mainEntityOfPage\":{\"@id\":\"https:\\\/\\\/www.bellunopress.it\\\/2009\\\/02\\\/28\\\/lunione-artigiani-chiede-la-convocazione-degli-stati-generali\\\/\"},\"wordCount\":403,\"publisher\":{\"@id\":\"https:\\\/\\\/www.bellunopress.it\\\/#organization\"},\"image\":{\"@id\":\"https:\\\/\\\/www.bellunopress.it\\\/2009\\\/02\\\/28\\\/lunione-artigiani-chiede-la-convocazione-degli-stati-generali\\\/#primaryimage\"},\"thumbnailUrl\":\"http:\\\/\\\/www.bellunopress.it\\\/wp-content\\\/uploads\\\/2009\\\/02\\\/luigi-curto-unione-artigiani.jpg\",\"keywords\":[\"Belluno\"],\"articleSection\":[\"Prima Pagina\"],\"inLanguage\":\"fr-FR\"},{\"@type\":\"WebPage\",\"@id\":\"https:\\\/\\\/www.bellunopress.it\\\/2009\\\/02\\\/28\\\/lunione-artigiani-chiede-la-convocazione-degli-stati-generali\\\/\",\"url\":\"https:\\\/\\\/www.bellunopress.it\\\/2009\\\/02\\\/28\\\/lunione-artigiani-chiede-la-convocazione-degli-stati-generali\\\/\",\"name\":\"L'Unione artigiani chiede la convocazione degli \\\"Stati generali\\\" - Bellunopress - Dolomiti\",\"isPartOf\":{\"@id\":\"https:\\\/\\\/www.bellunopress.it\\\/#website\"},\"primaryImageOfPage\":{\"@id\":\"https:\\\/\\\/www.bellunopress.it\\\/2009\\\/02\\\/28\\\/lunione-artigiani-chiede-la-convocazione-degli-stati-generali\\\/#primaryimage\"},\"image\":{\"@id\":\"https:\\\/\\\/www.bellunopress.it\\\/2009\\\/02\\\/28\\\/lunione-artigiani-chiede-la-convocazione-degli-stati-generali\\\/#primaryimage\"},\"thumbnailUrl\":\"http:\\\/\\\/www.bellunopress.it\\\/wp-content\\\/uploads\\\/2009\\\/02\\\/luigi-curto-unione-artigiani.jpg\",\"datePublished\":\"2009-02-27T23:25:55+00:00\",\"dateModified\":\"2009-02-27T23:27:16+00:00\",\"breadcrumb\":{\"@id\":\"https:\\\/\\\/www.bellunopress.it\\\/2009\\\/02\\\/28\\\/lunione-artigiani-chiede-la-convocazione-degli-stati-generali\\\/#breadcrumb\"},\"inLanguage\":\"fr-FR\",\"potentialAction\":[{\"@type\":\"ReadAction\",\"target\":[\"https:\\\/\\\/www.bellunopress.it\\\/2009\\\/02\\\/28\\\/lunione-artigiani-chiede-la-convocazione-degli-stati-generali\\\/\"]}]},{\"@type\":\"ImageObject\",\"inLanguage\":\"fr-FR\",\"@id\":\"https:\\\/\\\/www.bellunopress.it\\\/2009\\\/02\\\/28\\\/lunione-artigiani-chiede-la-convocazione-degli-stati-generali\\\/#primaryimage\",\"url\":\"http:\\\/\\\/www.bellunopress.it\\\/wp-content\\\/uploads\\\/2009\\\/02\\\/luigi-curto-unione-artigiani.jpg\",\"contentUrl\":\"http:\\\/\\\/www.bellunopress.it\\\/wp-content\\\/uploads\\\/2009\\\/02\\\/luigi-curto-unione-artigiani.jpg\"},{\"@type\":\"BreadcrumbList\",\"@id\":\"https:\\\/\\\/www.bellunopress.it\\\/2009\\\/02\\\/28\\\/lunione-artigiani-chiede-la-convocazione-degli-stati-generali\\\/#breadcrumb\",\"itemListElement\":[{\"@type\":\"ListItem\",\"position\":1,\"name\":\"Home\",\"item\":\"https:\\\/\\\/www.bellunopress.it\\\/\"},{\"@type\":\"ListItem\",\"position\":2,\"name\":\"L&#8217;Unione artigiani chiede la convocazione degli &#8220;Stati generali&#8221;\"}]},{\"@type\":\"WebSite\",\"@id\":\"https:\\\/\\\/www.bellunopress.it\\\/#website\",\"url\":\"https:\\\/\\\/www.bellunopress.it\\\/\",\"name\":\"Bellunopress - Dolomiti\",\"description\":\"e-mail: redazione@bellunopress.it\",\"publisher\":{\"@id\":\"https:\\\/\\\/www.bellunopress.it\\\/#organization\"},\"potentialAction\":[{\"@type\":\"SearchAction\",\"target\":{\"@type\":\"EntryPoint\",\"urlTemplate\":\"https:\\\/\\\/www.bellunopress.it\\\/?s={search_term_string}\"},\"query-input\":{\"@type\":\"PropertyValueSpecification\",\"valueRequired\":true,\"valueName\":\"search_term_string\"}}],\"inLanguage\":\"fr-FR\"},{\"@type\":\"Organization\",\"@id\":\"https:\\\/\\\/www.bellunopress.it\\\/#organization\",\"name\":\"Bellunopress\",\"url\":\"https:\\\/\\\/www.bellunopress.it\\\/\",\"logo\":{\"@type\":\"ImageObject\",\"inLanguage\":\"fr-FR\",\"@id\":\"https:\\\/\\\/www.bellunopress.it\\\/#\\\/schema\\\/logo\\\/image\\\/\",\"url\":\"https:\\\/\\\/www.bellunopress.it\\\/wp-content\\\/uploads\\\/2011\\\/05\\\/cropped-logo-bellunopress-.jpg\",\"contentUrl\":\"https:\\\/\\\/www.bellunopress.it\\\/wp-content\\\/uploads\\\/2011\\\/05\\\/cropped-logo-bellunopress-.jpg\",\"width\":512,\"height\":512,\"caption\":\"Bellunopress\"},\"image\":{\"@id\":\"https:\\\/\\\/www.bellunopress.it\\\/#\\\/schema\\\/logo\\\/image\\\/\"},\"sameAs\":[\"https:\\\/\\\/www.facebook.com\\\/profile.php?id=100008943462799\",\"https:\\\/\\\/x.com\\\/bellunopress\",\"https:\\\/\\\/www.linkedin.com\\\/hp\\\/?dnr=JBzUWaJfMUw8vbXJJ2tVW5-I3jZKvC4wsoxE&amp;amp;amp;amp;amp;amp;trk=nav_responsive_tab_home\",\"https:\\\/\\\/www.youtube.com\\\/channel\\\/UCxL0wu1uN0_3_7hGG0306cw\"]},{\"@type\":\"Person\",\"@id\":\"https:\\\/\\\/www.bellunopress.it\\\/#\\\/schema\\\/person\\\/79bb06722b37ece1c03d3e94beb30d73\",\"name\":\"redazione\",\"image\":{\"@type\":\"ImageObject\",\"inLanguage\":\"fr-FR\",\"@id\":\"https:\\\/\\\/secure.gravatar.com\\\/avatar\\\/37d968a2e67a6fd04c169c4bdef102d0bc5d31b2546345219e348575eb80e9a0?s=96&d=mm&r=g\",\"url\":\"https:\\\/\\\/secure.gravatar.com\\\/avatar\\\/37d968a2e67a6fd04c169c4bdef102d0bc5d31b2546345219e348575eb80e9a0?s=96&d=mm&r=g\",\"contentUrl\":\"https:\\\/\\\/secure.gravatar.com\\\/avatar\\\/37d968a2e67a6fd04c169c4bdef102d0bc5d31b2546345219e348575eb80e9a0?s=96&d=mm&r=g\",\"caption\":\"redazione\"},\"sameAs\":[\"http:\\\/\\\/www.bellunopress.it\",\"https:\\\/\\\/x.com\\\/bellunopress\"],\"url\":\"https:\\\/\\\/www.bellunopress.it\\\/fr\\\/author\\\/redazione\\\/\"}]}<\/script>\n<!-- \/ Yoast SEO plugin. -->","yoast_head_json":{"title":"L'Unione artigiani chiede la convocazione degli \"Stati generali\" - Bellunopress - Dolomiti","robots":{"index":"index","follow":"follow","max-snippet":"max-snippet:-1","max-image-preview":"max-image-preview:large","max-video-preview":"max-video-preview:-1"},"canonical":"https:\/\/www.bellunopress.it\/fr\/2009\/02\/28\/lunione-artigiani-chiede-la-convocazione-degli-stati-generali\/","og_locale":"fr_FR","og_type":"article","og_title":"L'Unione artigiani chiede la convocazione degli \"Stati generali\" - Bellunopress - Dolomiti","og_description":"Qualche giorno fa \u00e8 arrivata la decisione della Commissione che si sta occupando dello statuto regionale di non prevedere alcuna specifica dignit\u00e0 statutaria alla provincia di Belluno, con una conseguente assimilazione del nostro territorio al resto della montagna veneta. \u201cCi pare che questa decisione debba essere illustrata, spiegata e discussa a livello istituzionale &#8211; dice [&hellip;]","og_url":"https:\/\/www.bellunopress.it\/fr\/2009\/02\/28\/lunione-artigiani-chiede-la-convocazione-degli-stati-generali\/","og_site_name":"Bellunopress - Dolomiti","article_publisher":"https:\/\/www.facebook.com\/profile.php?id=100008943462799","article_published_time":"2009-02-27T23:25:55+00:00","article_modified_time":"2009-02-27T23:27:16+00:00","og_image":[{"url":"http:\/\/www.bellunopress.it\/wp-content\/uploads\/2009\/02\/luigi-curto-unione-artigiani.jpg","type":"","width":"","height":""}],"author":"redazione","twitter_card":"summary_large_image","twitter_creator":"@bellunopress","twitter_site":"@bellunopress","twitter_misc":{"\u00c9crit par":"redazione","Dur\u00e9e de lecture estim\u00e9e":"2 minutes"},"schema":{"@context":"https:\/\/schema.org","@graph":[{"@type":"Article","@id":"https:\/\/www.bellunopress.it\/2009\/02\/28\/lunione-artigiani-chiede-la-convocazione-degli-stati-generali\/#article","isPartOf":{"@id":"https:\/\/www.bellunopress.it\/2009\/02\/28\/lunione-artigiani-chiede-la-convocazione-degli-stati-generali\/"},"author":{"name":"redazione","@id":"https:\/\/www.bellunopress.it\/#\/schema\/person\/79bb06722b37ece1c03d3e94beb30d73"},"headline":"L&#8217;Unione artigiani chiede la convocazione degli &#8220;Stati generali&#8221;","datePublished":"2009-02-27T23:25:55+00:00","dateModified":"2009-02-27T23:27:16+00:00","mainEntityOfPage":{"@id":"https:\/\/www.bellunopress.it\/2009\/02\/28\/lunione-artigiani-chiede-la-convocazione-degli-stati-generali\/"},"wordCount":403,"publisher":{"@id":"https:\/\/www.bellunopress.it\/#organization"},"image":{"@id":"https:\/\/www.bellunopress.it\/2009\/02\/28\/lunione-artigiani-chiede-la-convocazione-degli-stati-generali\/#primaryimage"},"thumbnailUrl":"http:\/\/www.bellunopress.it\/wp-content\/uploads\/2009\/02\/luigi-curto-unione-artigiani.jpg","keywords":["Belluno"],"articleSection":["Prima Pagina"],"inLanguage":"fr-FR"},{"@type":"WebPage","@id":"https:\/\/www.bellunopress.it\/2009\/02\/28\/lunione-artigiani-chiede-la-convocazione-degli-stati-generali\/","url":"https:\/\/www.bellunopress.it\/2009\/02\/28\/lunione-artigiani-chiede-la-convocazione-degli-stati-generali\/","name":"L'Unione artigiani chiede la convocazione degli \"Stati generali\" - Bellunopress - Dolomiti","isPartOf":{"@id":"https:\/\/www.bellunopress.it\/#website"},"primaryImageOfPage":{"@id":"https:\/\/www.bellunopress.it\/2009\/02\/28\/lunione-artigiani-chiede-la-convocazione-degli-stati-generali\/#primaryimage"},"image":{"@id":"https:\/\/www.bellunopress.it\/2009\/02\/28\/lunione-artigiani-chiede-la-convocazione-degli-stati-generali\/#primaryimage"},"thumbnailUrl":"http:\/\/www.bellunopress.it\/wp-content\/uploads\/2009\/02\/luigi-curto-unione-artigiani.jpg","datePublished":"2009-02-27T23:25:55+00:00","dateModified":"2009-02-27T23:27:16+00:00","breadcrumb":{"@id":"https:\/\/www.bellunopress.it\/2009\/02\/28\/lunione-artigiani-chiede-la-convocazione-degli-stati-generali\/#breadcrumb"},"inLanguage":"fr-FR","potentialAction":[{"@type":"ReadAction","target":["https:\/\/www.bellunopress.it\/2009\/02\/28\/lunione-artigiani-chiede-la-convocazione-degli-stati-generali\/"]}]},{"@type":"ImageObject","inLanguage":"fr-FR","@id":"https:\/\/www.bellunopress.it\/2009\/02\/28\/lunione-artigiani-chiede-la-convocazione-degli-stati-generali\/#primaryimage","url":"http:\/\/www.bellunopress.it\/wp-content\/uploads\/2009\/02\/luigi-curto-unione-artigiani.jpg","contentUrl":"http:\/\/www.bellunopress.it\/wp-content\/uploads\/2009\/02\/luigi-curto-unione-artigiani.jpg"},{"@type":"BreadcrumbList","@id":"https:\/\/www.bellunopress.it\/2009\/02\/28\/lunione-artigiani-chiede-la-convocazione-degli-stati-generali\/#breadcrumb","itemListElement":[{"@type":"ListItem","position":1,"name":"Home","item":"https:\/\/www.bellunopress.it\/"},{"@type":"ListItem","position":2,"name":"L&#8217;Unione artigiani chiede la convocazione degli &#8220;Stati generali&#8221;"}]},{"@type":"WebSite","@id":"https:\/\/www.bellunopress.it\/#website","url":"https:\/\/www.bellunopress.it\/","name":"Bellunopress - Dolomiti","description":"e-mail: redazione@bellunopress.it","publisher":{"@id":"https:\/\/www.bellunopress.it\/#organization"},"potentialAction":[{"@type":"SearchAction","target":{"@type":"EntryPoint","urlTemplate":"https:\/\/www.bellunopress.it\/?s={search_term_string}"},"query-input":{"@type":"PropertyValueSpecification","valueRequired":true,"valueName":"search_term_string"}}],"inLanguage":"fr-FR"},{"@type":"Organization","@id":"https:\/\/www.bellunopress.it\/#organization","name":"Bellunopress","url":"https:\/\/www.bellunopress.it\/","logo":{"@type":"ImageObject","inLanguage":"fr-FR","@id":"https:\/\/www.bellunopress.it\/#\/schema\/logo\/image\/","url":"https:\/\/www.bellunopress.it\/wp-content\/uploads\/2011\/05\/cropped-logo-bellunopress-.jpg","contentUrl":"https:\/\/www.bellunopress.it\/wp-content\/uploads\/2011\/05\/cropped-logo-bellunopress-.jpg","width":512,"height":512,"caption":"Bellunopress"},"image":{"@id":"https:\/\/www.bellunopress.it\/#\/schema\/logo\/image\/"},"sameAs":["https:\/\/www.facebook.com\/profile.php?id=100008943462799","https:\/\/x.com\/bellunopress","https:\/\/www.linkedin.com\/hp\/?dnr=JBzUWaJfMUw8vbXJJ2tVW5-I3jZKvC4wsoxE&amp;amp;amp;amp;amp;amp;trk=nav_responsive_tab_home","https:\/\/www.youtube.com\/channel\/UCxL0wu1uN0_3_7hGG0306cw"]},{"@type":"Person","@id":"https:\/\/www.bellunopress.it\/#\/schema\/person\/79bb06722b37ece1c03d3e94beb30d73","name":"r\u00e9daction","image":{"@type":"ImageObject","inLanguage":"fr-FR","@id":"https:\/\/secure.gravatar.com\/avatar\/37d968a2e67a6fd04c169c4bdef102d0bc5d31b2546345219e348575eb80e9a0?s=96&d=mm&r=g","url":"https:\/\/secure.gravatar.com\/avatar\/37d968a2e67a6fd04c169c4bdef102d0bc5d31b2546345219e348575eb80e9a0?s=96&d=mm&r=g","contentUrl":"https:\/\/secure.gravatar.com\/avatar\/37d968a2e67a6fd04c169c4bdef102d0bc5d31b2546345219e348575eb80e9a0?s=96&d=mm&r=g","caption":"redazione"},"sameAs":["http:\/\/www.bellunopress.it","https:\/\/x.com\/bellunopress"],"url":"https:\/\/www.bellunopress.it\/fr\/author\/redazione\/"}]}},"_links":{"self":[{"href":"https:\/\/www.bellunopress.it\/fr\/wp-json\/wp\/v2\/posts\/1082","targetHints":{"allow":["GET"]}}],"collection":[{"href":"https:\/\/www.bellunopress.it\/fr\/wp-json\/wp\/v2\/posts"}],"about":[{"href":"https:\/\/www.bellunopress.it\/fr\/wp-json\/wp\/v2\/types\/post"}],"author":[{"embeddable":true,"href":"https:\/\/www.bellunopress.it\/fr\/wp-json\/wp\/v2\/users\/2"}],"replies":[{"embeddable":true,"href":"https:\/\/www.bellunopress.it\/fr\/wp-json\/wp\/v2\/comments?post=1082"}],"version-history":[{"count":3,"href":"https:\/\/www.bellunopress.it\/fr\/wp-json\/wp\/v2\/posts\/1082\/revisions"}],"predecessor-version":[{"id":1086,"href":"https:\/\/www.bellunopress.it\/fr\/wp-json\/wp\/v2\/posts\/1082\/revisions\/1086"}],"wp:attachment":[{"href":"https:\/\/www.bellunopress.it\/fr\/wp-json\/wp\/v2\/media?parent=1082"}],"wp:term":[{"taxonomy":"category","embeddable":true,"href":"https:\/\/www.bellunopress.it\/fr\/wp-json\/wp\/v2\/categories?post=1082"},{"taxonomy":"post_tag","embeddable":true,"href":"https:\/\/www.bellunopress.it\/fr\/wp-json\/wp\/v2\/tags?post=1082"}],"curies":[{"name":"wp","href":"https:\/\/api.w.org\/{rel}","templated":true}]}}