{"id":108194,"date":"2019-09-25T21:30:22","date_gmt":"2019-09-25T19:30:22","guid":{"rendered":"http:\/\/www.bellunopress.it\/?p=108194"},"modified":"2019-09-25T21:30:22","modified_gmt":"2019-09-25T19:30:22","slug":"fusioni-comuni-de-menech-il-pd-presenta-un-odg-per-ripristinare-i-fondi","status":"publish","type":"post","link":"https:\/\/www.bellunopress.it\/fr\/2019\/09\/25\/fusioni-comuni-de-menech-il-pd-presenta-un-odg-per-ripristinare-i-fondi\/","title":{"rendered":"Fusioni Comuni. De Menech: &#8220;Il Pd presenta un odg per ripristinare i fondi&#8221;"},"content":{"rendered":"<figure id=\"attachment_46179\" aria-describedby=\"caption-attachment-46179\" style=\"width: 193px\" class=\"wp-caption alignleft\"><a href=\"http:\/\/www.bellunopress.it\/fr\/2013\/01\/29\/via-al-tour-di-roger-de-menech-pd-il-5-febbraio-appuntamento-anche-con-laura-puppato-capolista-al-senato\/roger-de-menech-1\/\" rel=\"attachment wp-att-46179\"><img loading=\"lazy\" decoding=\"async\" class=\"size-full wp-image-46179\" src=\"http:\/\/www.bellunopress.it\/wp-content\/uploads\/2013\/01\/roger-de-menech-1.jpg\" alt=\"\" width=\"193\" height=\"290\" \/><\/a><figcaption id=\"caption-attachment-46179\" class=\"wp-caption-text\">Roger De Menech, deputato Pd<\/figcaption><\/figure>\n<p>Roma, 25 Settembre 2019 &#8211; Oggi alla Camera, il Partito democratico ha presentato un ordine del giorno per ripristinare con i finanziamenti ai Comuni che si sono fusi. Il provvedimento \u00e8 stato approvato dalla maggioranza e impegna il governo a trovare i circa 30 milioni di euro l&#8217;anno mancanti per assicurare i contributi straordinari previsti dalla legge 7 agosto 2012, nr. 135.<\/p>\n<p>\u00abLe fusioni dei Comuni portano maggiore efficienza della pubblica amministrazione locale nei confronti dei cittadini e consistenti risparmi di spesa per lo Stato\u00bb, ricorda il deputato veneto Roger De Menech. \u00abBisogna continuare a incentivarle perch\u00e9 sono parte di un processo virtuoso in cui tutti i soggetti coinvolti traggono vantaggi\u00bb,<\/p>\n<p>In Veneto sono coinvolti 10 comuni a cui nel 2019 il governo della Lega e dei 5 Stelle ha tagliato il contributo straordinario per la fusione di circa il 30 per cento. Si tratta di Quero Vas (BL),\u2028Longarone (BL), Alpago (BL), Val di Zoldo (BL), Borgo Val Belluna (BL), Valbrenta (VI), Barbarano Mossano (VI), Val Liona (VI), Pieve del Grappa (TV) e Borgo Veneto (PD).<\/p>","protected":false},"excerpt":{"rendered":"<p>Roma, 25 Settembre 2019 &#8211; Oggi alla Camera, il Partito democratico ha presentato un ordine del giorno per ripristinare con i finanziamenti ai Comuni che si sono fusi. Il provvedimento \u00e8 stato approvato dalla maggioranza e impegna il governo a trovare i circa 30 milioni di euro l&#8217;anno mancanti per assicurare i contributi straordinari previsti [&hellip;]<\/p>\n","protected":false},"author":2,"featured_media":0,"comment_status":"closed","ping_status":"open","sticky":false,"template":"","format":"standard","meta":{"footnotes":""},"categories":[5,26],"tags":[],"class_list":["post-108194","post","type-post","status-publish","format-standard","category-cronaca","category-prima-pagina"],"yoast_head":"<!-- This site is optimized with the Yoast SEO plugin v28.4 - https:\/\/yoast.com\/product\/yoast-seo-wordpress\/ -->\n<title>Fusioni Comuni. De Menech: &quot;Il Pd presenta un odg per ripristinare i fondi&quot; - Bellunopress - Dolomiti<\/title>\n<meta name=\"robots\" content=\"index, follow, max-snippet:-1, max-image-preview:large, max-video-preview:-1\" \/>\n<link rel=\"canonical\" href=\"https:\/\/www.bellunopress.it\/fr\/2019\/09\/25\/fusioni-comuni-de-menech-il-pd-presenta-un-odg-per-ripristinare-i-fondi\/\" \/>\n<meta property=\"og:locale\" content=\"fr_FR\" \/>\n<meta property=\"og:type\" content=\"article\" \/>\n<meta property=\"og:title\" content=\"Fusioni Comuni. De Menech: &quot;Il Pd presenta un odg per ripristinare i fondi&quot; - Bellunopress - Dolomiti\" \/>\n<meta property=\"og:description\" content=\"Roma, 25 Settembre 2019 &#8211; Oggi alla Camera, il Partito democratico ha presentato un ordine del giorno per ripristinare con i finanziamenti ai Comuni che si sono fusi. Il provvedimento \u00e8 stato approvato dalla maggioranza e impegna il governo a trovare i circa 30 milioni di euro l&#8217;anno mancanti per assicurare i contributi straordinari previsti [&hellip;]\" \/>\n<meta property=\"og:url\" content=\"https:\/\/www.bellunopress.it\/fr\/2019\/09\/25\/fusioni-comuni-de-menech-il-pd-presenta-un-odg-per-ripristinare-i-fondi\/\" \/>\n<meta property=\"og:site_name\" content=\"Bellunopress - Dolomiti\" \/>\n<meta property=\"article:publisher\" content=\"https:\/\/www.facebook.com\/profile.php?id=100008943462799\" \/>\n<meta property=\"article:published_time\" content=\"2019-09-25T19:30:22+00:00\" \/>\n<meta property=\"og:image\" content=\"http:\/\/www.bellunopress.it\/wp-content\/uploads\/2013\/01\/roger-de-menech-1.jpg\" \/>\n<meta name=\"author\" content=\"redazione\" \/>\n<meta name=\"twitter:card\" content=\"summary_large_image\" \/>\n<meta name=\"twitter:creator\" content=\"@bellunopress\" \/>\n<meta name=\"twitter:site\" content=\"@bellunopress\" \/>\n<meta name=\"twitter:label1\" content=\"\u00c9crit par\" \/>\n\t<meta name=\"twitter:data1\" content=\"redazione\" \/>\n\t<meta name=\"twitter:label2\" content=\"Dur\u00e9e de lecture estim\u00e9e\" \/>\n\t<meta name=\"twitter:data2\" content=\"1 minute\" \/>\n<script type=\"application\/ld+json\" class=\"yoast-schema-graph\">{\"@context\":\"https:\\\/\\\/schema.org\",\"@graph\":[{\"@type\":\"Article\",\"@id\":\"https:\\\/\\\/www.bellunopress.it\\\/2019\\\/09\\\/25\\\/fusioni-comuni-de-menech-il-pd-presenta-un-odg-per-ripristinare-i-fondi\\\/#article\",\"isPartOf\":{\"@id\":\"https:\\\/\\\/www.bellunopress.it\\\/2019\\\/09\\\/25\\\/fusioni-comuni-de-menech-il-pd-presenta-un-odg-per-ripristinare-i-fondi\\\/\"},\"author\":{\"name\":\"redazione\",\"@id\":\"https:\\\/\\\/www.bellunopress.it\\\/#\\\/schema\\\/person\\\/79bb06722b37ece1c03d3e94beb30d73\"},\"headline\":\"Fusioni Comuni. De Menech: &#8220;Il Pd presenta un odg per ripristinare i fondi&#8221;\",\"datePublished\":\"2019-09-25T19:30:22+00:00\",\"mainEntityOfPage\":{\"@id\":\"https:\\\/\\\/www.bellunopress.it\\\/2019\\\/09\\\/25\\\/fusioni-comuni-de-menech-il-pd-presenta-un-odg-per-ripristinare-i-fondi\\\/\"},\"wordCount\":192,\"publisher\":{\"@id\":\"https:\\\/\\\/www.bellunopress.it\\\/#organization\"},\"image\":{\"@id\":\"https:\\\/\\\/www.bellunopress.it\\\/2019\\\/09\\\/25\\\/fusioni-comuni-de-menech-il-pd-presenta-un-odg-per-ripristinare-i-fondi\\\/#primaryimage\"},\"thumbnailUrl\":\"http:\\\/\\\/www.bellunopress.it\\\/wp-content\\\/uploads\\\/2013\\\/01\\\/roger-de-menech-1.jpg\",\"articleSection\":[\"Cronaca\\\/Politica\",\"Prima Pagina\"],\"inLanguage\":\"fr-FR\"},{\"@type\":\"WebPage\",\"@id\":\"https:\\\/\\\/www.bellunopress.it\\\/2019\\\/09\\\/25\\\/fusioni-comuni-de-menech-il-pd-presenta-un-odg-per-ripristinare-i-fondi\\\/\",\"url\":\"https:\\\/\\\/www.bellunopress.it\\\/2019\\\/09\\\/25\\\/fusioni-comuni-de-menech-il-pd-presenta-un-odg-per-ripristinare-i-fondi\\\/\",\"name\":\"Fusioni Comuni. De Menech: \\\"Il Pd presenta un odg per ripristinare i fondi\\\" - Bellunopress - Dolomiti\",\"isPartOf\":{\"@id\":\"https:\\\/\\\/www.bellunopress.it\\\/#website\"},\"primaryImageOfPage\":{\"@id\":\"https:\\\/\\\/www.bellunopress.it\\\/2019\\\/09\\\/25\\\/fusioni-comuni-de-menech-il-pd-presenta-un-odg-per-ripristinare-i-fondi\\\/#primaryimage\"},\"image\":{\"@id\":\"https:\\\/\\\/www.bellunopress.it\\\/2019\\\/09\\\/25\\\/fusioni-comuni-de-menech-il-pd-presenta-un-odg-per-ripristinare-i-fondi\\\/#primaryimage\"},\"thumbnailUrl\":\"http:\\\/\\\/www.bellunopress.it\\\/wp-content\\\/uploads\\\/2013\\\/01\\\/roger-de-menech-1.jpg\",\"datePublished\":\"2019-09-25T19:30:22+00:00\",\"breadcrumb\":{\"@id\":\"https:\\\/\\\/www.bellunopress.it\\\/2019\\\/09\\\/25\\\/fusioni-comuni-de-menech-il-pd-presenta-un-odg-per-ripristinare-i-fondi\\\/#breadcrumb\"},\"inLanguage\":\"fr-FR\",\"potentialAction\":[{\"@type\":\"ReadAction\",\"target\":[\"https:\\\/\\\/www.bellunopress.it\\\/2019\\\/09\\\/25\\\/fusioni-comuni-de-menech-il-pd-presenta-un-odg-per-ripristinare-i-fondi\\\/\"]}]},{\"@type\":\"ImageObject\",\"inLanguage\":\"fr-FR\",\"@id\":\"https:\\\/\\\/www.bellunopress.it\\\/2019\\\/09\\\/25\\\/fusioni-comuni-de-menech-il-pd-presenta-un-odg-per-ripristinare-i-fondi\\\/#primaryimage\",\"url\":\"http:\\\/\\\/www.bellunopress.it\\\/wp-content\\\/uploads\\\/2013\\\/01\\\/roger-de-menech-1.jpg\",\"contentUrl\":\"http:\\\/\\\/www.bellunopress.it\\\/wp-content\\\/uploads\\\/2013\\\/01\\\/roger-de-menech-1.jpg\"},{\"@type\":\"BreadcrumbList\",\"@id\":\"https:\\\/\\\/www.bellunopress.it\\\/2019\\\/09\\\/25\\\/fusioni-comuni-de-menech-il-pd-presenta-un-odg-per-ripristinare-i-fondi\\\/#breadcrumb\",\"itemListElement\":[{\"@type\":\"ListItem\",\"position\":1,\"name\":\"Home\",\"item\":\"https:\\\/\\\/www.bellunopress.it\\\/\"},{\"@type\":\"ListItem\",\"position\":2,\"name\":\"Fusioni Comuni. De Menech: &#8220;Il Pd presenta un odg per ripristinare i fondi&#8221;\"}]},{\"@type\":\"WebSite\",\"@id\":\"https:\\\/\\\/www.bellunopress.it\\\/#website\",\"url\":\"https:\\\/\\\/www.bellunopress.it\\\/\",\"name\":\"Bellunopress - Dolomiti\",\"description\":\"e-mail: redazione@bellunopress.it\",\"publisher\":{\"@id\":\"https:\\\/\\\/www.bellunopress.it\\\/#organization\"},\"potentialAction\":[{\"@type\":\"SearchAction\",\"target\":{\"@type\":\"EntryPoint\",\"urlTemplate\":\"https:\\\/\\\/www.bellunopress.it\\\/?s={search_term_string}\"},\"query-input\":{\"@type\":\"PropertyValueSpecification\",\"valueRequired\":true,\"valueName\":\"search_term_string\"}}],\"inLanguage\":\"fr-FR\"},{\"@type\":\"Organization\",\"@id\":\"https:\\\/\\\/www.bellunopress.it\\\/#organization\",\"name\":\"Bellunopress\",\"url\":\"https:\\\/\\\/www.bellunopress.it\\\/\",\"logo\":{\"@type\":\"ImageObject\",\"inLanguage\":\"fr-FR\",\"@id\":\"https:\\\/\\\/www.bellunopress.it\\\/#\\\/schema\\\/logo\\\/image\\\/\",\"url\":\"https:\\\/\\\/www.bellunopress.it\\\/wp-content\\\/uploads\\\/2011\\\/05\\\/cropped-logo-bellunopress-.jpg\",\"contentUrl\":\"https:\\\/\\\/www.bellunopress.it\\\/wp-content\\\/uploads\\\/2011\\\/05\\\/cropped-logo-bellunopress-.jpg\",\"width\":512,\"height\":512,\"caption\":\"Bellunopress\"},\"image\":{\"@id\":\"https:\\\/\\\/www.bellunopress.it\\\/#\\\/schema\\\/logo\\\/image\\\/\"},\"sameAs\":[\"https:\\\/\\\/www.facebook.com\\\/profile.php?id=100008943462799\",\"https:\\\/\\\/x.com\\\/bellunopress\",\"https:\\\/\\\/www.linkedin.com\\\/hp\\\/?dnr=JBzUWaJfMUw8vbXJJ2tVW5-I3jZKvC4wsoxE&amp;amp;amp;amp;amp;amp;trk=nav_responsive_tab_home\",\"https:\\\/\\\/www.youtube.com\\\/channel\\\/UCxL0wu1uN0_3_7hGG0306cw\"]},{\"@type\":\"Person\",\"@id\":\"https:\\\/\\\/www.bellunopress.it\\\/#\\\/schema\\\/person\\\/79bb06722b37ece1c03d3e94beb30d73\",\"name\":\"redazione\",\"image\":{\"@type\":\"ImageObject\",\"inLanguage\":\"fr-FR\",\"@id\":\"https:\\\/\\\/secure.gravatar.com\\\/avatar\\\/37d968a2e67a6fd04c169c4bdef102d0bc5d31b2546345219e348575eb80e9a0?s=96&d=mm&r=g\",\"url\":\"https:\\\/\\\/secure.gravatar.com\\\/avatar\\\/37d968a2e67a6fd04c169c4bdef102d0bc5d31b2546345219e348575eb80e9a0?s=96&d=mm&r=g\",\"contentUrl\":\"https:\\\/\\\/secure.gravatar.com\\\/avatar\\\/37d968a2e67a6fd04c169c4bdef102d0bc5d31b2546345219e348575eb80e9a0?s=96&d=mm&r=g\",\"caption\":\"redazione\"},\"sameAs\":[\"http:\\\/\\\/www.bellunopress.it\",\"https:\\\/\\\/x.com\\\/bellunopress\"],\"url\":\"https:\\\/\\\/www.bellunopress.it\\\/fr\\\/author\\\/redazione\\\/\"}]}<\/script>\n<!-- \/ Yoast SEO plugin. -->","yoast_head_json":{"title":"Fusioni Comuni. De Menech: \"Il Pd presenta un odg per ripristinare i fondi\" - Bellunopress - Dolomiti","robots":{"index":"index","follow":"follow","max-snippet":"max-snippet:-1","max-image-preview":"max-image-preview:large","max-video-preview":"max-video-preview:-1"},"canonical":"https:\/\/www.bellunopress.it\/fr\/2019\/09\/25\/fusioni-comuni-de-menech-il-pd-presenta-un-odg-per-ripristinare-i-fondi\/","og_locale":"fr_FR","og_type":"article","og_title":"Fusioni Comuni. De Menech: \"Il Pd presenta un odg per ripristinare i fondi\" - Bellunopress - Dolomiti","og_description":"Roma, 25 Settembre 2019 &#8211; Oggi alla Camera, il Partito democratico ha presentato un ordine del giorno per ripristinare con i finanziamenti ai Comuni che si sono fusi. Il provvedimento \u00e8 stato approvato dalla maggioranza e impegna il governo a trovare i circa 30 milioni di euro l&#8217;anno mancanti per assicurare i contributi straordinari previsti [&hellip;]","og_url":"https:\/\/www.bellunopress.it\/fr\/2019\/09\/25\/fusioni-comuni-de-menech-il-pd-presenta-un-odg-per-ripristinare-i-fondi\/","og_site_name":"Bellunopress - Dolomiti","article_publisher":"https:\/\/www.facebook.com\/profile.php?id=100008943462799","article_published_time":"2019-09-25T19:30:22+00:00","og_image":[{"url":"http:\/\/www.bellunopress.it\/wp-content\/uploads\/2013\/01\/roger-de-menech-1.jpg","type":"","width":"","height":""}],"author":"redazione","twitter_card":"summary_large_image","twitter_creator":"@bellunopress","twitter_site":"@bellunopress","twitter_misc":{"\u00c9crit par":"redazione","Dur\u00e9e de lecture estim\u00e9e":"1 minute"},"schema":{"@context":"https:\/\/schema.org","@graph":[{"@type":"Article","@id":"https:\/\/www.bellunopress.it\/2019\/09\/25\/fusioni-comuni-de-menech-il-pd-presenta-un-odg-per-ripristinare-i-fondi\/#article","isPartOf":{"@id":"https:\/\/www.bellunopress.it\/2019\/09\/25\/fusioni-comuni-de-menech-il-pd-presenta-un-odg-per-ripristinare-i-fondi\/"},"author":{"name":"redazione","@id":"https:\/\/www.bellunopress.it\/#\/schema\/person\/79bb06722b37ece1c03d3e94beb30d73"},"headline":"Fusioni Comuni. De Menech: &#8220;Il Pd presenta un odg per ripristinare i fondi&#8221;","datePublished":"2019-09-25T19:30:22+00:00","mainEntityOfPage":{"@id":"https:\/\/www.bellunopress.it\/2019\/09\/25\/fusioni-comuni-de-menech-il-pd-presenta-un-odg-per-ripristinare-i-fondi\/"},"wordCount":192,"publisher":{"@id":"https:\/\/www.bellunopress.it\/#organization"},"image":{"@id":"https:\/\/www.bellunopress.it\/2019\/09\/25\/fusioni-comuni-de-menech-il-pd-presenta-un-odg-per-ripristinare-i-fondi\/#primaryimage"},"thumbnailUrl":"http:\/\/www.bellunopress.it\/wp-content\/uploads\/2013\/01\/roger-de-menech-1.jpg","articleSection":["Cronaca\/Politica","Prima Pagina"],"inLanguage":"fr-FR"},{"@type":"WebPage","@id":"https:\/\/www.bellunopress.it\/2019\/09\/25\/fusioni-comuni-de-menech-il-pd-presenta-un-odg-per-ripristinare-i-fondi\/","url":"https:\/\/www.bellunopress.it\/2019\/09\/25\/fusioni-comuni-de-menech-il-pd-presenta-un-odg-per-ripristinare-i-fondi\/","name":"Fusioni Comuni. De Menech: \"Il Pd presenta un odg per ripristinare i fondi\" - Bellunopress - Dolomiti","isPartOf":{"@id":"https:\/\/www.bellunopress.it\/#website"},"primaryImageOfPage":{"@id":"https:\/\/www.bellunopress.it\/2019\/09\/25\/fusioni-comuni-de-menech-il-pd-presenta-un-odg-per-ripristinare-i-fondi\/#primaryimage"},"image":{"@id":"https:\/\/www.bellunopress.it\/2019\/09\/25\/fusioni-comuni-de-menech-il-pd-presenta-un-odg-per-ripristinare-i-fondi\/#primaryimage"},"thumbnailUrl":"http:\/\/www.bellunopress.it\/wp-content\/uploads\/2013\/01\/roger-de-menech-1.jpg","datePublished":"2019-09-25T19:30:22+00:00","breadcrumb":{"@id":"https:\/\/www.bellunopress.it\/2019\/09\/25\/fusioni-comuni-de-menech-il-pd-presenta-un-odg-per-ripristinare-i-fondi\/#breadcrumb"},"inLanguage":"fr-FR","potentialAction":[{"@type":"ReadAction","target":["https:\/\/www.bellunopress.it\/2019\/09\/25\/fusioni-comuni-de-menech-il-pd-presenta-un-odg-per-ripristinare-i-fondi\/"]}]},{"@type":"ImageObject","inLanguage":"fr-FR","@id":"https:\/\/www.bellunopress.it\/2019\/09\/25\/fusioni-comuni-de-menech-il-pd-presenta-un-odg-per-ripristinare-i-fondi\/#primaryimage","url":"http:\/\/www.bellunopress.it\/wp-content\/uploads\/2013\/01\/roger-de-menech-1.jpg","contentUrl":"http:\/\/www.bellunopress.it\/wp-content\/uploads\/2013\/01\/roger-de-menech-1.jpg"},{"@type":"BreadcrumbList","@id":"https:\/\/www.bellunopress.it\/2019\/09\/25\/fusioni-comuni-de-menech-il-pd-presenta-un-odg-per-ripristinare-i-fondi\/#breadcrumb","itemListElement":[{"@type":"ListItem","position":1,"name":"Home","item":"https:\/\/www.bellunopress.it\/"},{"@type":"ListItem","position":2,"name":"Fusioni Comuni. De Menech: &#8220;Il Pd presenta un odg per ripristinare i fondi&#8221;"}]},{"@type":"WebSite","@id":"https:\/\/www.bellunopress.it\/#website","url":"https:\/\/www.bellunopress.it\/","name":"Bellunopress - Dolomiti","description":"e-mail: redazione@bellunopress.it","publisher":{"@id":"https:\/\/www.bellunopress.it\/#organization"},"potentialAction":[{"@type":"SearchAction","target":{"@type":"EntryPoint","urlTemplate":"https:\/\/www.bellunopress.it\/?s={search_term_string}"},"query-input":{"@type":"PropertyValueSpecification","valueRequired":true,"valueName":"search_term_string"}}],"inLanguage":"fr-FR"},{"@type":"Organization","@id":"https:\/\/www.bellunopress.it\/#organization","name":"Bellunopress","url":"https:\/\/www.bellunopress.it\/","logo":{"@type":"ImageObject","inLanguage":"fr-FR","@id":"https:\/\/www.bellunopress.it\/#\/schema\/logo\/image\/","url":"https:\/\/www.bellunopress.it\/wp-content\/uploads\/2011\/05\/cropped-logo-bellunopress-.jpg","contentUrl":"https:\/\/www.bellunopress.it\/wp-content\/uploads\/2011\/05\/cropped-logo-bellunopress-.jpg","width":512,"height":512,"caption":"Bellunopress"},"image":{"@id":"https:\/\/www.bellunopress.it\/#\/schema\/logo\/image\/"},"sameAs":["https:\/\/www.facebook.com\/profile.php?id=100008943462799","https:\/\/x.com\/bellunopress","https:\/\/www.linkedin.com\/hp\/?dnr=JBzUWaJfMUw8vbXJJ2tVW5-I3jZKvC4wsoxE&amp;amp;amp;amp;amp;amp;trk=nav_responsive_tab_home","https:\/\/www.youtube.com\/channel\/UCxL0wu1uN0_3_7hGG0306cw"]},{"@type":"Person","@id":"https:\/\/www.bellunopress.it\/#\/schema\/person\/79bb06722b37ece1c03d3e94beb30d73","name":"r\u00e9daction","image":{"@type":"ImageObject","inLanguage":"fr-FR","@id":"https:\/\/secure.gravatar.com\/avatar\/37d968a2e67a6fd04c169c4bdef102d0bc5d31b2546345219e348575eb80e9a0?s=96&d=mm&r=g","url":"https:\/\/secure.gravatar.com\/avatar\/37d968a2e67a6fd04c169c4bdef102d0bc5d31b2546345219e348575eb80e9a0?s=96&d=mm&r=g","contentUrl":"https:\/\/secure.gravatar.com\/avatar\/37d968a2e67a6fd04c169c4bdef102d0bc5d31b2546345219e348575eb80e9a0?s=96&d=mm&r=g","caption":"redazione"},"sameAs":["http:\/\/www.bellunopress.it","https:\/\/x.com\/bellunopress"],"url":"https:\/\/www.bellunopress.it\/fr\/author\/redazione\/"}]}},"_links":{"self":[{"href":"https:\/\/www.bellunopress.it\/fr\/wp-json\/wp\/v2\/posts\/108194","targetHints":{"allow":["GET"]}}],"collection":[{"href":"https:\/\/www.bellunopress.it\/fr\/wp-json\/wp\/v2\/posts"}],"about":[{"href":"https:\/\/www.bellunopress.it\/fr\/wp-json\/wp\/v2\/types\/post"}],"author":[{"embeddable":true,"href":"https:\/\/www.bellunopress.it\/fr\/wp-json\/wp\/v2\/users\/2"}],"replies":[{"embeddable":true,"href":"https:\/\/www.bellunopress.it\/fr\/wp-json\/wp\/v2\/comments?post=108194"}],"version-history":[{"count":1,"href":"https:\/\/www.bellunopress.it\/fr\/wp-json\/wp\/v2\/posts\/108194\/revisions"}],"predecessor-version":[{"id":108195,"href":"https:\/\/www.bellunopress.it\/fr\/wp-json\/wp\/v2\/posts\/108194\/revisions\/108195"}],"wp:attachment":[{"href":"https:\/\/www.bellunopress.it\/fr\/wp-json\/wp\/v2\/media?parent=108194"}],"wp:term":[{"taxonomy":"category","embeddable":true,"href":"https:\/\/www.bellunopress.it\/fr\/wp-json\/wp\/v2\/categories?post=108194"},{"taxonomy":"post_tag","embeddable":true,"href":"https:\/\/www.bellunopress.it\/fr\/wp-json\/wp\/v2\/tags?post=108194"}],"curies":[{"name":"wp","href":"https:\/\/api.w.org\/{rel}","templated":true}]}}