{"id":108173,"date":"2019-09-25T12:37:37","date_gmt":"2019-09-25T10:37:37","guid":{"rendered":"http:\/\/www.bellunopress.it\/?p=108173"},"modified":"2019-09-25T12:37:38","modified_gmt":"2019-09-25T10:37:38","slug":"enrico-gaz-riconfermato-alla-presidenza-di-famiglia-feltrina-assegnati-i-premi-beato-bernardino-e-feltre-lavoro","status":"publish","type":"post","link":"https:\/\/www.bellunopress.it\/fr\/2019\/09\/25\/enrico-gaz-riconfermato-alla-presidenza-di-famiglia-feltrina-assegnati-i-premi-beato-bernardino-e-feltre-lavoro\/","title":{"rendered":"Enrico Gaz riconfermato alla presidenza di Famiglia Feltrina. Assegnati i premi \u201cBeato Bernardino\u201d e Feltre &#038; Lavoro\u201d"},"content":{"rendered":"<figure id=\"attachment_108174\" aria-describedby=\"caption-attachment-108174\" style=\"width: 206px\" class=\"wp-caption alignleft\"><a href=\"http:\/\/www.bellunopress.it\/fr\/2019\/09\/25\/enrico-gaz-riconfermato-alla-presidenza-di-famiglia-feltrina-assegnati-i-premi-beato-bernardino-e-feltre-lavoro\/enrico-gaz-famiglia-feltrina\/\" rel=\"attachment wp-att-108174\"><img loading=\"lazy\" decoding=\"async\" class=\"size-full wp-image-108174\" src=\"http:\/\/www.bellunopress.it\/wp-content\/uploads\/2019\/09\/Enrico-Gaz-Famiglia-feltrina.jpg\" alt=\"\" width=\"206\" height=\"248\" \/><\/a><figcaption id=\"caption-attachment-108174\" class=\"wp-caption-text\">Enrico Gaz<\/figcaption><\/figure>\n<p>Il Consiglio Direttivo di Famiglia Feltrina, riunitosi nei giorni scorsi ha, ha scelto i i vincitori dei tradizionali riconoscimenti d\u2019autunno che verranno consegnati nel corso dell\u2019assemblea in programma domenica 20 ottobre nella Sala degli Stemmi del Municipio di Feltre.<\/p>\n<p>Per quanto riguarda il premio \u201cBeato Bernardino\u201d, il consiglio ha individuato all&#8217;unanimit\u00e0 l&#8217;Universit\u00e0 degli Adulti\/Anziani di Feltre. Il sodalizio, guidato negli ultimi anni con passione e competenza dalla signora Carla Cecchet, \u00e8 attivo da anni nell&#8217;organizzazione di incontri, convegni, corsi a cui partecipano molte decine di persone, fornendo cos\u00ec un servizio culturale quanto mai prezioso e qualificato anche per le fasce di cittadinanza meno giovani ed offrendo loro anche occasioni positive di impegno sociale.<\/p>\n<p>Il Premio \u201cFeltre &amp; Lavoro\u201d, destinato ad attivit\u00e0 economiche radicate nel territorio che si sono particolarmente distinte per dinamicit\u00e0, soprattutto nella creazione di nuove opportunit\u00e0 di occupazione, \u00e8 invece stato assegnato alla ditta MICTU srl di Quero Vas. Attiva nel campo della costruzione di utensili di precisione per lavorazioni speciali, annovera ora oltre 140 clienti in Italia e in tutta Europa, tra i quali nomi del calibro di Luxottica, Marcolin, Oakley, Visard, Euromoda (catena del lusso francese).<br \/>\nConsiderata nel settore sinonimo di eccellenza, \u00e8 stata premiata nel 2017 e 2018 dalla Regione Veneto con premi e motivazioni diversi.<\/p>\n<p>La cerimonia di consegna dei due riconoscimenti avr\u00e0 luogo domenica 20 ottobre a partire dalle 10, durante l&#8217;assemblea autunnale di Famiglia Feltrina, in programma come di consueto nella Sala degli Stemmi del municipio di Feltre. Alla mattinata prenderanno anche gli alunni degli Istituti superiori feltrini diplomatisi con il massimo dei voti, a cui l&#8217;associazione consegner\u00e0 un piccolo premio in pubblicazioni di ambito locale, e sar\u00e0 anche consegnata la Borsa di studio \u201cArrigo Luca\u201d destinata a studenti meritevoli e bisognosi che frequentano i corsi universitari che si tengono a Feltre.<\/p>\n<p>Nel corso della sua ultima riunione, il Consiglio Direttivo di Famiglia Feltrina ha anche rinnovato le cariche per il prossimo triennio. Enrico Gaz \u00e8 stato riconfermato alla guida del sodalizio, cos\u00ec come i vicepresidenti Carlo Barbante e Antonio Francesco Bortoli. Anche Mario Andreina e Manlio Doglioni continueranno ad occuparsi, rispettivamente, della tesoreria e della segreteria. I Revisori dei Conti per il prossimo triennio saranno Angelo Dalla Costa, Emiliano Oddone e Guido Zasio, coadiuvati da Angelo Pasquale Pioggia e Nicolino Pertile.<br \/>\n\u201cRingrazio il Consiglio per la fiducia e l\u2019attestazione di stima rivoltami\u201d, commenta il riconfermato presidente Enrico Gaz \u201cL\u2019associazione, continua Gaz, \u00e8 impegnata in un\u2019azione di rinnovamento e di sviluppo della base sociale gi\u00e0 da qualche anno; risultati significativi si sono gi\u00e0 visti sia nel team che collabora alla stesura della Rivista Feltrina &#8211; nostro fiore all\u2019occhiello sul piano culturale \u2013 sia sul fronte delle novit\u00e0 tecnologiche che accompagnano la diffusione all\u2019esterno dei nostri contenuti e delle nostre iniziative. Famiglia Feltrina, conclude il presidente, resta ovviamente aperta ad ogni contributo di persone e di idee che abbiano a cuore la promozione e la crescita sociale e culturale della nostra citt\u00e0 e del suo territorio\u201d.<\/p>","protected":false},"excerpt":{"rendered":"<p>Il Consiglio Direttivo di Famiglia Feltrina, riunitosi nei giorni scorsi ha, ha scelto i i vincitori dei tradizionali riconoscimenti d\u2019autunno che verranno consegnati nel corso dell\u2019assemblea in programma domenica 20 ottobre nella Sala degli Stemmi del Municipio di Feltre. Per quanto riguarda il premio \u201cBeato Bernardino\u201d, il consiglio ha individuato all&#8217;unanimit\u00e0 l&#8217;Universit\u00e0 degli Adulti\/Anziani di [&hellip;]<\/p>\n","protected":false},"author":2,"featured_media":0,"comment_status":"closed","ping_status":"open","sticky":false,"template":"","format":"standard","meta":{"footnotes":""},"categories":[26,8],"tags":[],"class_list":["post-108173","post","type-post","status-publish","format-standard","category-prima-pagina","category-societa-istituzioni"],"yoast_head":"<!-- This site is optimized with the Yoast SEO plugin v28.4 - https:\/\/yoast.com\/product\/yoast-seo-wordpress\/ -->\n<title>Enrico Gaz riconfermato alla presidenza di Famiglia Feltrina. Assegnati i premi \u201cBeato Bernardino\u201d e Feltre &amp; Lavoro\u201d - Bellunopress - Dolomiti<\/title>\n<meta name=\"robots\" content=\"index, follow, max-snippet:-1, max-image-preview:large, max-video-preview:-1\" \/>\n<link rel=\"canonical\" href=\"https:\/\/www.bellunopress.it\/fr\/2019\/09\/25\/enrico-gaz-riconfermato-alla-presidenza-di-famiglia-feltrina-assegnati-i-premi-beato-bernardino-e-feltre-lavoro\/\" \/>\n<meta property=\"og:locale\" content=\"fr_FR\" \/>\n<meta property=\"og:type\" content=\"article\" \/>\n<meta property=\"og:title\" content=\"Enrico Gaz riconfermato alla presidenza di Famiglia Feltrina. Assegnati i premi \u201cBeato Bernardino\u201d e Feltre &amp; Lavoro\u201d - Bellunopress - Dolomiti\" \/>\n<meta property=\"og:description\" content=\"Il Consiglio Direttivo di Famiglia Feltrina, riunitosi nei giorni scorsi ha, ha scelto i i vincitori dei tradizionali riconoscimenti d\u2019autunno che verranno consegnati nel corso dell\u2019assemblea in programma domenica 20 ottobre nella Sala degli Stemmi del Municipio di Feltre. Per quanto riguarda il premio \u201cBeato Bernardino\u201d, il consiglio ha individuato all&#8217;unanimit\u00e0 l&#8217;Universit\u00e0 degli Adulti\/Anziani di [&hellip;]\" \/>\n<meta property=\"og:url\" content=\"https:\/\/www.bellunopress.it\/fr\/2019\/09\/25\/enrico-gaz-riconfermato-alla-presidenza-di-famiglia-feltrina-assegnati-i-premi-beato-bernardino-e-feltre-lavoro\/\" \/>\n<meta property=\"og:site_name\" content=\"Bellunopress - Dolomiti\" \/>\n<meta property=\"article:publisher\" content=\"https:\/\/www.facebook.com\/profile.php?id=100008943462799\" \/>\n<meta property=\"article:published_time\" content=\"2019-09-25T10:37:37+00:00\" \/>\n<meta property=\"article:modified_time\" content=\"2019-09-25T10:37:38+00:00\" \/>\n<meta property=\"og:image\" content=\"http:\/\/www.bellunopress.it\/wp-content\/uploads\/2019\/09\/Enrico-Gaz-Famiglia-feltrina.jpg\" \/>\n<meta name=\"author\" content=\"redazione\" \/>\n<meta name=\"twitter:card\" content=\"summary_large_image\" \/>\n<meta name=\"twitter:creator\" content=\"@bellunopress\" \/>\n<meta name=\"twitter:site\" content=\"@bellunopress\" \/>\n<meta name=\"twitter:label1\" content=\"\u00c9crit par\" \/>\n\t<meta name=\"twitter:data1\" content=\"redazione\" \/>\n\t<meta name=\"twitter:label2\" content=\"Dur\u00e9e de lecture estim\u00e9e\" \/>\n\t<meta name=\"twitter:data2\" content=\"2 minutes\" \/>\n<script type=\"application\/ld+json\" class=\"yoast-schema-graph\">{\"@context\":\"https:\\\/\\\/schema.org\",\"@graph\":[{\"@type\":\"Article\",\"@id\":\"https:\\\/\\\/www.bellunopress.it\\\/2019\\\/09\\\/25\\\/enrico-gaz-riconfermato-alla-presidenza-di-famiglia-feltrina-assegnati-i-premi-beato-bernardino-e-feltre-lavoro\\\/#article\",\"isPartOf\":{\"@id\":\"https:\\\/\\\/www.bellunopress.it\\\/2019\\\/09\\\/25\\\/enrico-gaz-riconfermato-alla-presidenza-di-famiglia-feltrina-assegnati-i-premi-beato-bernardino-e-feltre-lavoro\\\/\"},\"author\":{\"name\":\"redazione\",\"@id\":\"https:\\\/\\\/www.bellunopress.it\\\/#\\\/schema\\\/person\\\/79bb06722b37ece1c03d3e94beb30d73\"},\"headline\":\"Enrico Gaz riconfermato alla presidenza di Famiglia Feltrina. Assegnati i premi \u201cBeato Bernardino\u201d e Feltre &#038; Lavoro\u201d\",\"datePublished\":\"2019-09-25T10:37:37+00:00\",\"dateModified\":\"2019-09-25T10:37:38+00:00\",\"mainEntityOfPage\":{\"@id\":\"https:\\\/\\\/www.bellunopress.it\\\/2019\\\/09\\\/25\\\/enrico-gaz-riconfermato-alla-presidenza-di-famiglia-feltrina-assegnati-i-premi-beato-bernardino-e-feltre-lavoro\\\/\"},\"wordCount\":519,\"publisher\":{\"@id\":\"https:\\\/\\\/www.bellunopress.it\\\/#organization\"},\"image\":{\"@id\":\"https:\\\/\\\/www.bellunopress.it\\\/2019\\\/09\\\/25\\\/enrico-gaz-riconfermato-alla-presidenza-di-famiglia-feltrina-assegnati-i-premi-beato-bernardino-e-feltre-lavoro\\\/#primaryimage\"},\"thumbnailUrl\":\"http:\\\/\\\/www.bellunopress.it\\\/wp-content\\\/uploads\\\/2019\\\/09\\\/Enrico-Gaz-Famiglia-feltrina.jpg\",\"articleSection\":[\"Prima Pagina\",\"Societ\u00e0, Associazioni, Istituzioni\"],\"inLanguage\":\"fr-FR\"},{\"@type\":\"WebPage\",\"@id\":\"https:\\\/\\\/www.bellunopress.it\\\/2019\\\/09\\\/25\\\/enrico-gaz-riconfermato-alla-presidenza-di-famiglia-feltrina-assegnati-i-premi-beato-bernardino-e-feltre-lavoro\\\/\",\"url\":\"https:\\\/\\\/www.bellunopress.it\\\/2019\\\/09\\\/25\\\/enrico-gaz-riconfermato-alla-presidenza-di-famiglia-feltrina-assegnati-i-premi-beato-bernardino-e-feltre-lavoro\\\/\",\"name\":\"Enrico Gaz riconfermato alla presidenza di Famiglia Feltrina. Assegnati i premi \u201cBeato Bernardino\u201d e Feltre & Lavoro\u201d - Bellunopress - Dolomiti\",\"isPartOf\":{\"@id\":\"https:\\\/\\\/www.bellunopress.it\\\/#website\"},\"primaryImageOfPage\":{\"@id\":\"https:\\\/\\\/www.bellunopress.it\\\/2019\\\/09\\\/25\\\/enrico-gaz-riconfermato-alla-presidenza-di-famiglia-feltrina-assegnati-i-premi-beato-bernardino-e-feltre-lavoro\\\/#primaryimage\"},\"image\":{\"@id\":\"https:\\\/\\\/www.bellunopress.it\\\/2019\\\/09\\\/25\\\/enrico-gaz-riconfermato-alla-presidenza-di-famiglia-feltrina-assegnati-i-premi-beato-bernardino-e-feltre-lavoro\\\/#primaryimage\"},\"thumbnailUrl\":\"http:\\\/\\\/www.bellunopress.it\\\/wp-content\\\/uploads\\\/2019\\\/09\\\/Enrico-Gaz-Famiglia-feltrina.jpg\",\"datePublished\":\"2019-09-25T10:37:37+00:00\",\"dateModified\":\"2019-09-25T10:37:38+00:00\",\"breadcrumb\":{\"@id\":\"https:\\\/\\\/www.bellunopress.it\\\/2019\\\/09\\\/25\\\/enrico-gaz-riconfermato-alla-presidenza-di-famiglia-feltrina-assegnati-i-premi-beato-bernardino-e-feltre-lavoro\\\/#breadcrumb\"},\"inLanguage\":\"fr-FR\",\"potentialAction\":[{\"@type\":\"ReadAction\",\"target\":[\"https:\\\/\\\/www.bellunopress.it\\\/2019\\\/09\\\/25\\\/enrico-gaz-riconfermato-alla-presidenza-di-famiglia-feltrina-assegnati-i-premi-beato-bernardino-e-feltre-lavoro\\\/\"]}]},{\"@type\":\"ImageObject\",\"inLanguage\":\"fr-FR\",\"@id\":\"https:\\\/\\\/www.bellunopress.it\\\/2019\\\/09\\\/25\\\/enrico-gaz-riconfermato-alla-presidenza-di-famiglia-feltrina-assegnati-i-premi-beato-bernardino-e-feltre-lavoro\\\/#primaryimage\",\"url\":\"http:\\\/\\\/www.bellunopress.it\\\/wp-content\\\/uploads\\\/2019\\\/09\\\/Enrico-Gaz-Famiglia-feltrina.jpg\",\"contentUrl\":\"http:\\\/\\\/www.bellunopress.it\\\/wp-content\\\/uploads\\\/2019\\\/09\\\/Enrico-Gaz-Famiglia-feltrina.jpg\"},{\"@type\":\"BreadcrumbList\",\"@id\":\"https:\\\/\\\/www.bellunopress.it\\\/2019\\\/09\\\/25\\\/enrico-gaz-riconfermato-alla-presidenza-di-famiglia-feltrina-assegnati-i-premi-beato-bernardino-e-feltre-lavoro\\\/#breadcrumb\",\"itemListElement\":[{\"@type\":\"ListItem\",\"position\":1,\"name\":\"Home\",\"item\":\"https:\\\/\\\/www.bellunopress.it\\\/\"},{\"@type\":\"ListItem\",\"position\":2,\"name\":\"Enrico Gaz riconfermato alla presidenza di Famiglia Feltrina. Assegnati i premi \u201cBeato Bernardino\u201d e Feltre &#038; Lavoro\u201d\"}]},{\"@type\":\"WebSite\",\"@id\":\"https:\\\/\\\/www.bellunopress.it\\\/#website\",\"url\":\"https:\\\/\\\/www.bellunopress.it\\\/\",\"name\":\"Bellunopress - Dolomiti\",\"description\":\"e-mail: redazione@bellunopress.it\",\"publisher\":{\"@id\":\"https:\\\/\\\/www.bellunopress.it\\\/#organization\"},\"potentialAction\":[{\"@type\":\"SearchAction\",\"target\":{\"@type\":\"EntryPoint\",\"urlTemplate\":\"https:\\\/\\\/www.bellunopress.it\\\/?s={search_term_string}\"},\"query-input\":{\"@type\":\"PropertyValueSpecification\",\"valueRequired\":true,\"valueName\":\"search_term_string\"}}],\"inLanguage\":\"fr-FR\"},{\"@type\":\"Organization\",\"@id\":\"https:\\\/\\\/www.bellunopress.it\\\/#organization\",\"name\":\"Bellunopress\",\"url\":\"https:\\\/\\\/www.bellunopress.it\\\/\",\"logo\":{\"@type\":\"ImageObject\",\"inLanguage\":\"fr-FR\",\"@id\":\"https:\\\/\\\/www.bellunopress.it\\\/#\\\/schema\\\/logo\\\/image\\\/\",\"url\":\"https:\\\/\\\/www.bellunopress.it\\\/wp-content\\\/uploads\\\/2011\\\/05\\\/cropped-logo-bellunopress-.jpg\",\"contentUrl\":\"https:\\\/\\\/www.bellunopress.it\\\/wp-content\\\/uploads\\\/2011\\\/05\\\/cropped-logo-bellunopress-.jpg\",\"width\":512,\"height\":512,\"caption\":\"Bellunopress\"},\"image\":{\"@id\":\"https:\\\/\\\/www.bellunopress.it\\\/#\\\/schema\\\/logo\\\/image\\\/\"},\"sameAs\":[\"https:\\\/\\\/www.facebook.com\\\/profile.php?id=100008943462799\",\"https:\\\/\\\/x.com\\\/bellunopress\",\"https:\\\/\\\/www.linkedin.com\\\/hp\\\/?dnr=JBzUWaJfMUw8vbXJJ2tVW5-I3jZKvC4wsoxE&amp;amp;amp;amp;amp;amp;trk=nav_responsive_tab_home\",\"https:\\\/\\\/www.youtube.com\\\/channel\\\/UCxL0wu1uN0_3_7hGG0306cw\"]},{\"@type\":\"Person\",\"@id\":\"https:\\\/\\\/www.bellunopress.it\\\/#\\\/schema\\\/person\\\/79bb06722b37ece1c03d3e94beb30d73\",\"name\":\"redazione\",\"image\":{\"@type\":\"ImageObject\",\"inLanguage\":\"fr-FR\",\"@id\":\"https:\\\/\\\/secure.gravatar.com\\\/avatar\\\/37d968a2e67a6fd04c169c4bdef102d0bc5d31b2546345219e348575eb80e9a0?s=96&d=mm&r=g\",\"url\":\"https:\\\/\\\/secure.gravatar.com\\\/avatar\\\/37d968a2e67a6fd04c169c4bdef102d0bc5d31b2546345219e348575eb80e9a0?s=96&d=mm&r=g\",\"contentUrl\":\"https:\\\/\\\/secure.gravatar.com\\\/avatar\\\/37d968a2e67a6fd04c169c4bdef102d0bc5d31b2546345219e348575eb80e9a0?s=96&d=mm&r=g\",\"caption\":\"redazione\"},\"sameAs\":[\"http:\\\/\\\/www.bellunopress.it\",\"https:\\\/\\\/x.com\\\/bellunopress\"],\"url\":\"https:\\\/\\\/www.bellunopress.it\\\/fr\\\/author\\\/redazione\\\/\"}]}<\/script>\n<!-- \/ Yoast SEO plugin. -->","yoast_head_json":{"title":"Enrico Gaz riconfermato alla presidenza di Famiglia Feltrina. Assegnati i premi \u201cBeato Bernardino\u201d e Feltre & Lavoro\u201d - Bellunopress - Dolomiti","robots":{"index":"index","follow":"follow","max-snippet":"max-snippet:-1","max-image-preview":"max-image-preview:large","max-video-preview":"max-video-preview:-1"},"canonical":"https:\/\/www.bellunopress.it\/fr\/2019\/09\/25\/enrico-gaz-riconfermato-alla-presidenza-di-famiglia-feltrina-assegnati-i-premi-beato-bernardino-e-feltre-lavoro\/","og_locale":"fr_FR","og_type":"article","og_title":"Enrico Gaz riconfermato alla presidenza di Famiglia Feltrina. Assegnati i premi \u201cBeato Bernardino\u201d e Feltre & Lavoro\u201d - Bellunopress - Dolomiti","og_description":"Il Consiglio Direttivo di Famiglia Feltrina, riunitosi nei giorni scorsi ha, ha scelto i i vincitori dei tradizionali riconoscimenti d\u2019autunno che verranno consegnati nel corso dell\u2019assemblea in programma domenica 20 ottobre nella Sala degli Stemmi del Municipio di Feltre. Per quanto riguarda il premio \u201cBeato Bernardino\u201d, il consiglio ha individuato all&#8217;unanimit\u00e0 l&#8217;Universit\u00e0 degli Adulti\/Anziani di [&hellip;]","og_url":"https:\/\/www.bellunopress.it\/fr\/2019\/09\/25\/enrico-gaz-riconfermato-alla-presidenza-di-famiglia-feltrina-assegnati-i-premi-beato-bernardino-e-feltre-lavoro\/","og_site_name":"Bellunopress - Dolomiti","article_publisher":"https:\/\/www.facebook.com\/profile.php?id=100008943462799","article_published_time":"2019-09-25T10:37:37+00:00","article_modified_time":"2019-09-25T10:37:38+00:00","og_image":[{"url":"http:\/\/www.bellunopress.it\/wp-content\/uploads\/2019\/09\/Enrico-Gaz-Famiglia-feltrina.jpg","type":"","width":"","height":""}],"author":"redazione","twitter_card":"summary_large_image","twitter_creator":"@bellunopress","twitter_site":"@bellunopress","twitter_misc":{"\u00c9crit par":"redazione","Dur\u00e9e de lecture estim\u00e9e":"2 minutes"},"schema":{"@context":"https:\/\/schema.org","@graph":[{"@type":"Article","@id":"https:\/\/www.bellunopress.it\/2019\/09\/25\/enrico-gaz-riconfermato-alla-presidenza-di-famiglia-feltrina-assegnati-i-premi-beato-bernardino-e-feltre-lavoro\/#article","isPartOf":{"@id":"https:\/\/www.bellunopress.it\/2019\/09\/25\/enrico-gaz-riconfermato-alla-presidenza-di-famiglia-feltrina-assegnati-i-premi-beato-bernardino-e-feltre-lavoro\/"},"author":{"name":"redazione","@id":"https:\/\/www.bellunopress.it\/#\/schema\/person\/79bb06722b37ece1c03d3e94beb30d73"},"headline":"Enrico Gaz riconfermato alla presidenza di Famiglia Feltrina. Assegnati i premi \u201cBeato Bernardino\u201d e Feltre &#038; Lavoro\u201d","datePublished":"2019-09-25T10:37:37+00:00","dateModified":"2019-09-25T10:37:38+00:00","mainEntityOfPage":{"@id":"https:\/\/www.bellunopress.it\/2019\/09\/25\/enrico-gaz-riconfermato-alla-presidenza-di-famiglia-feltrina-assegnati-i-premi-beato-bernardino-e-feltre-lavoro\/"},"wordCount":519,"publisher":{"@id":"https:\/\/www.bellunopress.it\/#organization"},"image":{"@id":"https:\/\/www.bellunopress.it\/2019\/09\/25\/enrico-gaz-riconfermato-alla-presidenza-di-famiglia-feltrina-assegnati-i-premi-beato-bernardino-e-feltre-lavoro\/#primaryimage"},"thumbnailUrl":"http:\/\/www.bellunopress.it\/wp-content\/uploads\/2019\/09\/Enrico-Gaz-Famiglia-feltrina.jpg","articleSection":["Prima Pagina","Societ\u00e0, Associazioni, Istituzioni"],"inLanguage":"fr-FR"},{"@type":"WebPage","@id":"https:\/\/www.bellunopress.it\/2019\/09\/25\/enrico-gaz-riconfermato-alla-presidenza-di-famiglia-feltrina-assegnati-i-premi-beato-bernardino-e-feltre-lavoro\/","url":"https:\/\/www.bellunopress.it\/2019\/09\/25\/enrico-gaz-riconfermato-alla-presidenza-di-famiglia-feltrina-assegnati-i-premi-beato-bernardino-e-feltre-lavoro\/","name":"Enrico Gaz riconfermato alla presidenza di Famiglia Feltrina. Assegnati i premi \u201cBeato Bernardino\u201d e Feltre & Lavoro\u201d - Bellunopress - Dolomiti","isPartOf":{"@id":"https:\/\/www.bellunopress.it\/#website"},"primaryImageOfPage":{"@id":"https:\/\/www.bellunopress.it\/2019\/09\/25\/enrico-gaz-riconfermato-alla-presidenza-di-famiglia-feltrina-assegnati-i-premi-beato-bernardino-e-feltre-lavoro\/#primaryimage"},"image":{"@id":"https:\/\/www.bellunopress.it\/2019\/09\/25\/enrico-gaz-riconfermato-alla-presidenza-di-famiglia-feltrina-assegnati-i-premi-beato-bernardino-e-feltre-lavoro\/#primaryimage"},"thumbnailUrl":"http:\/\/www.bellunopress.it\/wp-content\/uploads\/2019\/09\/Enrico-Gaz-Famiglia-feltrina.jpg","datePublished":"2019-09-25T10:37:37+00:00","dateModified":"2019-09-25T10:37:38+00:00","breadcrumb":{"@id":"https:\/\/www.bellunopress.it\/2019\/09\/25\/enrico-gaz-riconfermato-alla-presidenza-di-famiglia-feltrina-assegnati-i-premi-beato-bernardino-e-feltre-lavoro\/#breadcrumb"},"inLanguage":"fr-FR","potentialAction":[{"@type":"ReadAction","target":["https:\/\/www.bellunopress.it\/2019\/09\/25\/enrico-gaz-riconfermato-alla-presidenza-di-famiglia-feltrina-assegnati-i-premi-beato-bernardino-e-feltre-lavoro\/"]}]},{"@type":"ImageObject","inLanguage":"fr-FR","@id":"https:\/\/www.bellunopress.it\/2019\/09\/25\/enrico-gaz-riconfermato-alla-presidenza-di-famiglia-feltrina-assegnati-i-premi-beato-bernardino-e-feltre-lavoro\/#primaryimage","url":"http:\/\/www.bellunopress.it\/wp-content\/uploads\/2019\/09\/Enrico-Gaz-Famiglia-feltrina.jpg","contentUrl":"http:\/\/www.bellunopress.it\/wp-content\/uploads\/2019\/09\/Enrico-Gaz-Famiglia-feltrina.jpg"},{"@type":"BreadcrumbList","@id":"https:\/\/www.bellunopress.it\/2019\/09\/25\/enrico-gaz-riconfermato-alla-presidenza-di-famiglia-feltrina-assegnati-i-premi-beato-bernardino-e-feltre-lavoro\/#breadcrumb","itemListElement":[{"@type":"ListItem","position":1,"name":"Home","item":"https:\/\/www.bellunopress.it\/"},{"@type":"ListItem","position":2,"name":"Enrico Gaz riconfermato alla presidenza di Famiglia Feltrina. Assegnati i premi \u201cBeato Bernardino\u201d e Feltre &#038; Lavoro\u201d"}]},{"@type":"WebSite","@id":"https:\/\/www.bellunopress.it\/#website","url":"https:\/\/www.bellunopress.it\/","name":"Bellunopress - Dolomiti","description":"e-mail: redazione@bellunopress.it","publisher":{"@id":"https:\/\/www.bellunopress.it\/#organization"},"potentialAction":[{"@type":"SearchAction","target":{"@type":"EntryPoint","urlTemplate":"https:\/\/www.bellunopress.it\/?s={search_term_string}"},"query-input":{"@type":"PropertyValueSpecification","valueRequired":true,"valueName":"search_term_string"}}],"inLanguage":"fr-FR"},{"@type":"Organization","@id":"https:\/\/www.bellunopress.it\/#organization","name":"Bellunopress","url":"https:\/\/www.bellunopress.it\/","logo":{"@type":"ImageObject","inLanguage":"fr-FR","@id":"https:\/\/www.bellunopress.it\/#\/schema\/logo\/image\/","url":"https:\/\/www.bellunopress.it\/wp-content\/uploads\/2011\/05\/cropped-logo-bellunopress-.jpg","contentUrl":"https:\/\/www.bellunopress.it\/wp-content\/uploads\/2011\/05\/cropped-logo-bellunopress-.jpg","width":512,"height":512,"caption":"Bellunopress"},"image":{"@id":"https:\/\/www.bellunopress.it\/#\/schema\/logo\/image\/"},"sameAs":["https:\/\/www.facebook.com\/profile.php?id=100008943462799","https:\/\/x.com\/bellunopress","https:\/\/www.linkedin.com\/hp\/?dnr=JBzUWaJfMUw8vbXJJ2tVW5-I3jZKvC4wsoxE&amp;amp;amp;amp;amp;amp;trk=nav_responsive_tab_home","https:\/\/www.youtube.com\/channel\/UCxL0wu1uN0_3_7hGG0306cw"]},{"@type":"Person","@id":"https:\/\/www.bellunopress.it\/#\/schema\/person\/79bb06722b37ece1c03d3e94beb30d73","name":"r\u00e9daction","image":{"@type":"ImageObject","inLanguage":"fr-FR","@id":"https:\/\/secure.gravatar.com\/avatar\/37d968a2e67a6fd04c169c4bdef102d0bc5d31b2546345219e348575eb80e9a0?s=96&d=mm&r=g","url":"https:\/\/secure.gravatar.com\/avatar\/37d968a2e67a6fd04c169c4bdef102d0bc5d31b2546345219e348575eb80e9a0?s=96&d=mm&r=g","contentUrl":"https:\/\/secure.gravatar.com\/avatar\/37d968a2e67a6fd04c169c4bdef102d0bc5d31b2546345219e348575eb80e9a0?s=96&d=mm&r=g","caption":"redazione"},"sameAs":["http:\/\/www.bellunopress.it","https:\/\/x.com\/bellunopress"],"url":"https:\/\/www.bellunopress.it\/fr\/author\/redazione\/"}]}},"_links":{"self":[{"href":"https:\/\/www.bellunopress.it\/fr\/wp-json\/wp\/v2\/posts\/108173","targetHints":{"allow":["GET"]}}],"collection":[{"href":"https:\/\/www.bellunopress.it\/fr\/wp-json\/wp\/v2\/posts"}],"about":[{"href":"https:\/\/www.bellunopress.it\/fr\/wp-json\/wp\/v2\/types\/post"}],"author":[{"embeddable":true,"href":"https:\/\/www.bellunopress.it\/fr\/wp-json\/wp\/v2\/users\/2"}],"replies":[{"embeddable":true,"href":"https:\/\/www.bellunopress.it\/fr\/wp-json\/wp\/v2\/comments?post=108173"}],"version-history":[{"count":2,"href":"https:\/\/www.bellunopress.it\/fr\/wp-json\/wp\/v2\/posts\/108173\/revisions"}],"predecessor-version":[{"id":108176,"href":"https:\/\/www.bellunopress.it\/fr\/wp-json\/wp\/v2\/posts\/108173\/revisions\/108176"}],"wp:attachment":[{"href":"https:\/\/www.bellunopress.it\/fr\/wp-json\/wp\/v2\/media?parent=108173"}],"wp:term":[{"taxonomy":"category","embeddable":true,"href":"https:\/\/www.bellunopress.it\/fr\/wp-json\/wp\/v2\/categories?post=108173"},{"taxonomy":"post_tag","embeddable":true,"href":"https:\/\/www.bellunopress.it\/fr\/wp-json\/wp\/v2\/tags?post=108173"}],"curies":[{"name":"wp","href":"https:\/\/api.w.org\/{rel}","templated":true}]}}