{"id":108169,"date":"2019-09-25T12:32:00","date_gmt":"2019-09-25T10:32:00","guid":{"rendered":"http:\/\/www.bellunopress.it\/?p=108169"},"modified":"2019-09-25T12:32:01","modified_gmt":"2019-09-25T10:32:01","slug":"confartigianato-premia-i-40-anni-della-falegnameria-dolomiti-di-bertagno-luciano-c","status":"publish","type":"post","link":"https:\/\/www.bellunopress.it\/fr\/2019\/09\/25\/confartigianato-premia-i-40-anni-della-falegnameria-dolomiti-di-bertagno-luciano-c\/","title":{"rendered":"Confartigianato premia i 40 anni della Falegnameria Dolomiti di Bertagno Luciano &#038; C."},"content":{"rendered":"<p><a href=\"http:\/\/www.bellunopress.it\/fr\/2019\/09\/25\/confartigianato-premia-i-40-anni-della-falegnameria-dolomiti-di-bertagno-luciano-c\/falegnameria-dolomiti-di-bertagno-40-anni\/\" rel=\"attachment wp-att-108170\"><img loading=\"lazy\" decoding=\"async\" class=\"alignleft size-full wp-image-108170\" src=\"http:\/\/www.bellunopress.it\/wp-content\/uploads\/2019\/09\/Falegnameria-Dolomiti-di-Bertagno-40-anni.jpeg\" alt=\"\" width=\"300\" height=\"228\" \/><\/a>In occasione della ricorrenza dei quarant\u2019anni di attivit\u00e0 della Falegnameria Dolomiti di Bertagno Luciano &amp; C sas di Ponte nelle Alpi, celebrata in questi giorni, Confartigianato imprese Belluno ha scelto di sottolineare l\u2019importante traguardo raggiunto dall\u2019azienda con una targa ricordo.<\/p>\n<p>Sono stati la presidente Claudia Scarzanella e il direttore Michele Basso a consegnare la targa nelle mani del titolare Luciano Bertagno. All&#8217;evento erano presenti anche il componente della Giunta dell\u2019Associazione, Cristiano Gaggion e l&#8217;onorevole Roger De Menech.<br \/>\nNel consegnare la targa nelle mani di Luciano la presidente di Confartigianato Belluno ha sottolineato l\u2019importanza delle aziende del territorio che tramandano le lavorazioni di generazione in generazione, cos\u00ec come sta succedendo nella Falegnameria Dolomiti dal nonno, al figlio Luciano e ora alla nipote Luana.<br \/>\nLuciano commosso ha ringraziato per la targa ricevuta e per le parole della Presidente.<\/p>","protected":false},"excerpt":{"rendered":"<p>In occasione della ricorrenza dei quarant\u2019anni di attivit\u00e0 della Falegnameria Dolomiti di Bertagno Luciano &amp; C sas di Ponte nelle Alpi, celebrata in questi giorni, Confartigianato imprese Belluno ha scelto di sottolineare l\u2019importante traguardo raggiunto dall\u2019azienda con una targa ricordo. Sono stati la presidente Claudia Scarzanella e il direttore Michele Basso a consegnare la targa [&hellip;]<\/p>\n","protected":false},"author":2,"featured_media":0,"comment_status":"closed","ping_status":"open","sticky":false,"template":"","format":"standard","meta":{"footnotes":""},"categories":[36,26],"tags":[],"class_list":["post-108169","post","type-post","status-publish","format-standard","category-lavoro-economia","category-prima-pagina"],"yoast_head":"<!-- This site is optimized with the Yoast SEO plugin v28.4 - https:\/\/yoast.com\/product\/yoast-seo-wordpress\/ -->\n<title>Confartigianato premia i 40 anni della Falegnameria Dolomiti di Bertagno Luciano &amp; C. - Bellunopress - Dolomiti<\/title>\n<meta name=\"robots\" content=\"index, follow, max-snippet:-1, max-image-preview:large, max-video-preview:-1\" \/>\n<link rel=\"canonical\" href=\"https:\/\/www.bellunopress.it\/fr\/2019\/09\/25\/confartigianato-premia-i-40-anni-della-falegnameria-dolomiti-di-bertagno-luciano-c\/\" \/>\n<meta property=\"og:locale\" content=\"fr_FR\" \/>\n<meta property=\"og:type\" content=\"article\" \/>\n<meta property=\"og:title\" content=\"Confartigianato premia i 40 anni della Falegnameria Dolomiti di Bertagno Luciano &amp; C. - Bellunopress - Dolomiti\" \/>\n<meta property=\"og:description\" content=\"In occasione della ricorrenza dei quarant\u2019anni di attivit\u00e0 della Falegnameria Dolomiti di Bertagno Luciano &amp; C sas di Ponte nelle Alpi, celebrata in questi giorni, Confartigianato imprese Belluno ha scelto di sottolineare l\u2019importante traguardo raggiunto dall\u2019azienda con una targa ricordo. Sono stati la presidente Claudia Scarzanella e il direttore Michele Basso a consegnare la targa [&hellip;]\" \/>\n<meta property=\"og:url\" content=\"https:\/\/www.bellunopress.it\/fr\/2019\/09\/25\/confartigianato-premia-i-40-anni-della-falegnameria-dolomiti-di-bertagno-luciano-c\/\" \/>\n<meta property=\"og:site_name\" content=\"Bellunopress - Dolomiti\" \/>\n<meta property=\"article:publisher\" content=\"https:\/\/www.facebook.com\/profile.php?id=100008943462799\" \/>\n<meta property=\"article:published_time\" content=\"2019-09-25T10:32:00+00:00\" \/>\n<meta property=\"article:modified_time\" content=\"2019-09-25T10:32:01+00:00\" \/>\n<meta property=\"og:image\" content=\"http:\/\/www.bellunopress.it\/wp-content\/uploads\/2019\/09\/Falegnameria-Dolomiti-di-Bertagno-40-anni.jpeg\" \/>\n<meta name=\"author\" content=\"redazione\" \/>\n<meta name=\"twitter:card\" content=\"summary_large_image\" \/>\n<meta name=\"twitter:creator\" content=\"@bellunopress\" \/>\n<meta name=\"twitter:site\" content=\"@bellunopress\" \/>\n<meta name=\"twitter:label1\" content=\"\u00c9crit par\" \/>\n\t<meta name=\"twitter:data1\" content=\"redazione\" \/>\n\t<meta name=\"twitter:label2\" content=\"Dur\u00e9e de lecture estim\u00e9e\" \/>\n\t<meta name=\"twitter:data2\" content=\"1 minute\" \/>\n<script type=\"application\/ld+json\" class=\"yoast-schema-graph\">{\"@context\":\"https:\\\/\\\/schema.org\",\"@graph\":[{\"@type\":\"Article\",\"@id\":\"https:\\\/\\\/www.bellunopress.it\\\/2019\\\/09\\\/25\\\/confartigianato-premia-i-40-anni-della-falegnameria-dolomiti-di-bertagno-luciano-c\\\/#article\",\"isPartOf\":{\"@id\":\"https:\\\/\\\/www.bellunopress.it\\\/2019\\\/09\\\/25\\\/confartigianato-premia-i-40-anni-della-falegnameria-dolomiti-di-bertagno-luciano-c\\\/\"},\"author\":{\"name\":\"redazione\",\"@id\":\"https:\\\/\\\/www.bellunopress.it\\\/#\\\/schema\\\/person\\\/79bb06722b37ece1c03d3e94beb30d73\"},\"headline\":\"Confartigianato premia i 40 anni della Falegnameria Dolomiti di Bertagno Luciano &#038; C.\",\"datePublished\":\"2019-09-25T10:32:00+00:00\",\"dateModified\":\"2019-09-25T10:32:01+00:00\",\"mainEntityOfPage\":{\"@id\":\"https:\\\/\\\/www.bellunopress.it\\\/2019\\\/09\\\/25\\\/confartigianato-premia-i-40-anni-della-falegnameria-dolomiti-di-bertagno-luciano-c\\\/\"},\"wordCount\":154,\"publisher\":{\"@id\":\"https:\\\/\\\/www.bellunopress.it\\\/#organization\"},\"image\":{\"@id\":\"https:\\\/\\\/www.bellunopress.it\\\/2019\\\/09\\\/25\\\/confartigianato-premia-i-40-anni-della-falegnameria-dolomiti-di-bertagno-luciano-c\\\/#primaryimage\"},\"thumbnailUrl\":\"http:\\\/\\\/www.bellunopress.it\\\/wp-content\\\/uploads\\\/2019\\\/09\\\/Falegnameria-Dolomiti-di-Bertagno-40-anni.jpeg\",\"articleSection\":[\"Lavoro, Economia, Turismo\",\"Prima Pagina\"],\"inLanguage\":\"fr-FR\"},{\"@type\":\"WebPage\",\"@id\":\"https:\\\/\\\/www.bellunopress.it\\\/2019\\\/09\\\/25\\\/confartigianato-premia-i-40-anni-della-falegnameria-dolomiti-di-bertagno-luciano-c\\\/\",\"url\":\"https:\\\/\\\/www.bellunopress.it\\\/2019\\\/09\\\/25\\\/confartigianato-premia-i-40-anni-della-falegnameria-dolomiti-di-bertagno-luciano-c\\\/\",\"name\":\"Confartigianato premia i 40 anni della Falegnameria Dolomiti di Bertagno Luciano & C. - Bellunopress - Dolomiti\",\"isPartOf\":{\"@id\":\"https:\\\/\\\/www.bellunopress.it\\\/#website\"},\"primaryImageOfPage\":{\"@id\":\"https:\\\/\\\/www.bellunopress.it\\\/2019\\\/09\\\/25\\\/confartigianato-premia-i-40-anni-della-falegnameria-dolomiti-di-bertagno-luciano-c\\\/#primaryimage\"},\"image\":{\"@id\":\"https:\\\/\\\/www.bellunopress.it\\\/2019\\\/09\\\/25\\\/confartigianato-premia-i-40-anni-della-falegnameria-dolomiti-di-bertagno-luciano-c\\\/#primaryimage\"},\"thumbnailUrl\":\"http:\\\/\\\/www.bellunopress.it\\\/wp-content\\\/uploads\\\/2019\\\/09\\\/Falegnameria-Dolomiti-di-Bertagno-40-anni.jpeg\",\"datePublished\":\"2019-09-25T10:32:00+00:00\",\"dateModified\":\"2019-09-25T10:32:01+00:00\",\"breadcrumb\":{\"@id\":\"https:\\\/\\\/www.bellunopress.it\\\/2019\\\/09\\\/25\\\/confartigianato-premia-i-40-anni-della-falegnameria-dolomiti-di-bertagno-luciano-c\\\/#breadcrumb\"},\"inLanguage\":\"fr-FR\",\"potentialAction\":[{\"@type\":\"ReadAction\",\"target\":[\"https:\\\/\\\/www.bellunopress.it\\\/2019\\\/09\\\/25\\\/confartigianato-premia-i-40-anni-della-falegnameria-dolomiti-di-bertagno-luciano-c\\\/\"]}]},{\"@type\":\"ImageObject\",\"inLanguage\":\"fr-FR\",\"@id\":\"https:\\\/\\\/www.bellunopress.it\\\/2019\\\/09\\\/25\\\/confartigianato-premia-i-40-anni-della-falegnameria-dolomiti-di-bertagno-luciano-c\\\/#primaryimage\",\"url\":\"http:\\\/\\\/www.bellunopress.it\\\/wp-content\\\/uploads\\\/2019\\\/09\\\/Falegnameria-Dolomiti-di-Bertagno-40-anni.jpeg\",\"contentUrl\":\"http:\\\/\\\/www.bellunopress.it\\\/wp-content\\\/uploads\\\/2019\\\/09\\\/Falegnameria-Dolomiti-di-Bertagno-40-anni.jpeg\"},{\"@type\":\"BreadcrumbList\",\"@id\":\"https:\\\/\\\/www.bellunopress.it\\\/2019\\\/09\\\/25\\\/confartigianato-premia-i-40-anni-della-falegnameria-dolomiti-di-bertagno-luciano-c\\\/#breadcrumb\",\"itemListElement\":[{\"@type\":\"ListItem\",\"position\":1,\"name\":\"Home\",\"item\":\"https:\\\/\\\/www.bellunopress.it\\\/\"},{\"@type\":\"ListItem\",\"position\":2,\"name\":\"Confartigianato premia i 40 anni della Falegnameria Dolomiti di Bertagno Luciano &#038; C.\"}]},{\"@type\":\"WebSite\",\"@id\":\"https:\\\/\\\/www.bellunopress.it\\\/#website\",\"url\":\"https:\\\/\\\/www.bellunopress.it\\\/\",\"name\":\"Bellunopress - Dolomiti\",\"description\":\"e-mail: redazione@bellunopress.it\",\"publisher\":{\"@id\":\"https:\\\/\\\/www.bellunopress.it\\\/#organization\"},\"potentialAction\":[{\"@type\":\"SearchAction\",\"target\":{\"@type\":\"EntryPoint\",\"urlTemplate\":\"https:\\\/\\\/www.bellunopress.it\\\/?s={search_term_string}\"},\"query-input\":{\"@type\":\"PropertyValueSpecification\",\"valueRequired\":true,\"valueName\":\"search_term_string\"}}],\"inLanguage\":\"fr-FR\"},{\"@type\":\"Organization\",\"@id\":\"https:\\\/\\\/www.bellunopress.it\\\/#organization\",\"name\":\"Bellunopress\",\"url\":\"https:\\\/\\\/www.bellunopress.it\\\/\",\"logo\":{\"@type\":\"ImageObject\",\"inLanguage\":\"fr-FR\",\"@id\":\"https:\\\/\\\/www.bellunopress.it\\\/#\\\/schema\\\/logo\\\/image\\\/\",\"url\":\"https:\\\/\\\/www.bellunopress.it\\\/wp-content\\\/uploads\\\/2011\\\/05\\\/cropped-logo-bellunopress-.jpg\",\"contentUrl\":\"https:\\\/\\\/www.bellunopress.it\\\/wp-content\\\/uploads\\\/2011\\\/05\\\/cropped-logo-bellunopress-.jpg\",\"width\":512,\"height\":512,\"caption\":\"Bellunopress\"},\"image\":{\"@id\":\"https:\\\/\\\/www.bellunopress.it\\\/#\\\/schema\\\/logo\\\/image\\\/\"},\"sameAs\":[\"https:\\\/\\\/www.facebook.com\\\/profile.php?id=100008943462799\",\"https:\\\/\\\/x.com\\\/bellunopress\",\"https:\\\/\\\/www.linkedin.com\\\/hp\\\/?dnr=JBzUWaJfMUw8vbXJJ2tVW5-I3jZKvC4wsoxE&amp;amp;amp;amp;amp;amp;trk=nav_responsive_tab_home\",\"https:\\\/\\\/www.youtube.com\\\/channel\\\/UCxL0wu1uN0_3_7hGG0306cw\"]},{\"@type\":\"Person\",\"@id\":\"https:\\\/\\\/www.bellunopress.it\\\/#\\\/schema\\\/person\\\/79bb06722b37ece1c03d3e94beb30d73\",\"name\":\"redazione\",\"image\":{\"@type\":\"ImageObject\",\"inLanguage\":\"fr-FR\",\"@id\":\"https:\\\/\\\/secure.gravatar.com\\\/avatar\\\/37d968a2e67a6fd04c169c4bdef102d0bc5d31b2546345219e348575eb80e9a0?s=96&d=mm&r=g\",\"url\":\"https:\\\/\\\/secure.gravatar.com\\\/avatar\\\/37d968a2e67a6fd04c169c4bdef102d0bc5d31b2546345219e348575eb80e9a0?s=96&d=mm&r=g\",\"contentUrl\":\"https:\\\/\\\/secure.gravatar.com\\\/avatar\\\/37d968a2e67a6fd04c169c4bdef102d0bc5d31b2546345219e348575eb80e9a0?s=96&d=mm&r=g\",\"caption\":\"redazione\"},\"sameAs\":[\"http:\\\/\\\/www.bellunopress.it\",\"https:\\\/\\\/x.com\\\/bellunopress\"],\"url\":\"https:\\\/\\\/www.bellunopress.it\\\/fr\\\/author\\\/redazione\\\/\"}]}<\/script>\n<!-- \/ Yoast SEO plugin. -->","yoast_head_json":{"title":"Confartigianato premia i 40 anni della Falegnameria Dolomiti di Bertagno Luciano & C. - Bellunopress - Dolomiti","robots":{"index":"index","follow":"follow","max-snippet":"max-snippet:-1","max-image-preview":"max-image-preview:large","max-video-preview":"max-video-preview:-1"},"canonical":"https:\/\/www.bellunopress.it\/fr\/2019\/09\/25\/confartigianato-premia-i-40-anni-della-falegnameria-dolomiti-di-bertagno-luciano-c\/","og_locale":"fr_FR","og_type":"article","og_title":"Confartigianato premia i 40 anni della Falegnameria Dolomiti di Bertagno Luciano & C. - Bellunopress - Dolomiti","og_description":"In occasione della ricorrenza dei quarant\u2019anni di attivit\u00e0 della Falegnameria Dolomiti di Bertagno Luciano &amp; C sas di Ponte nelle Alpi, celebrata in questi giorni, Confartigianato imprese Belluno ha scelto di sottolineare l\u2019importante traguardo raggiunto dall\u2019azienda con una targa ricordo. Sono stati la presidente Claudia Scarzanella e il direttore Michele Basso a consegnare la targa [&hellip;]","og_url":"https:\/\/www.bellunopress.it\/fr\/2019\/09\/25\/confartigianato-premia-i-40-anni-della-falegnameria-dolomiti-di-bertagno-luciano-c\/","og_site_name":"Bellunopress - Dolomiti","article_publisher":"https:\/\/www.facebook.com\/profile.php?id=100008943462799","article_published_time":"2019-09-25T10:32:00+00:00","article_modified_time":"2019-09-25T10:32:01+00:00","og_image":[{"url":"http:\/\/www.bellunopress.it\/wp-content\/uploads\/2019\/09\/Falegnameria-Dolomiti-di-Bertagno-40-anni.jpeg","type":"","width":"","height":""}],"author":"redazione","twitter_card":"summary_large_image","twitter_creator":"@bellunopress","twitter_site":"@bellunopress","twitter_misc":{"\u00c9crit par":"redazione","Dur\u00e9e de lecture estim\u00e9e":"1 minute"},"schema":{"@context":"https:\/\/schema.org","@graph":[{"@type":"Article","@id":"https:\/\/www.bellunopress.it\/2019\/09\/25\/confartigianato-premia-i-40-anni-della-falegnameria-dolomiti-di-bertagno-luciano-c\/#article","isPartOf":{"@id":"https:\/\/www.bellunopress.it\/2019\/09\/25\/confartigianato-premia-i-40-anni-della-falegnameria-dolomiti-di-bertagno-luciano-c\/"},"author":{"name":"redazione","@id":"https:\/\/www.bellunopress.it\/#\/schema\/person\/79bb06722b37ece1c03d3e94beb30d73"},"headline":"Confartigianato premia i 40 anni della Falegnameria Dolomiti di Bertagno Luciano &#038; C.","datePublished":"2019-09-25T10:32:00+00:00","dateModified":"2019-09-25T10:32:01+00:00","mainEntityOfPage":{"@id":"https:\/\/www.bellunopress.it\/2019\/09\/25\/confartigianato-premia-i-40-anni-della-falegnameria-dolomiti-di-bertagno-luciano-c\/"},"wordCount":154,"publisher":{"@id":"https:\/\/www.bellunopress.it\/#organization"},"image":{"@id":"https:\/\/www.bellunopress.it\/2019\/09\/25\/confartigianato-premia-i-40-anni-della-falegnameria-dolomiti-di-bertagno-luciano-c\/#primaryimage"},"thumbnailUrl":"http:\/\/www.bellunopress.it\/wp-content\/uploads\/2019\/09\/Falegnameria-Dolomiti-di-Bertagno-40-anni.jpeg","articleSection":["Lavoro, Economia, Turismo","Prima Pagina"],"inLanguage":"fr-FR"},{"@type":"WebPage","@id":"https:\/\/www.bellunopress.it\/2019\/09\/25\/confartigianato-premia-i-40-anni-della-falegnameria-dolomiti-di-bertagno-luciano-c\/","url":"https:\/\/www.bellunopress.it\/2019\/09\/25\/confartigianato-premia-i-40-anni-della-falegnameria-dolomiti-di-bertagno-luciano-c\/","name":"Confartigianato premia i 40 anni della Falegnameria Dolomiti di Bertagno Luciano & C. - Bellunopress - Dolomiti","isPartOf":{"@id":"https:\/\/www.bellunopress.it\/#website"},"primaryImageOfPage":{"@id":"https:\/\/www.bellunopress.it\/2019\/09\/25\/confartigianato-premia-i-40-anni-della-falegnameria-dolomiti-di-bertagno-luciano-c\/#primaryimage"},"image":{"@id":"https:\/\/www.bellunopress.it\/2019\/09\/25\/confartigianato-premia-i-40-anni-della-falegnameria-dolomiti-di-bertagno-luciano-c\/#primaryimage"},"thumbnailUrl":"http:\/\/www.bellunopress.it\/wp-content\/uploads\/2019\/09\/Falegnameria-Dolomiti-di-Bertagno-40-anni.jpeg","datePublished":"2019-09-25T10:32:00+00:00","dateModified":"2019-09-25T10:32:01+00:00","breadcrumb":{"@id":"https:\/\/www.bellunopress.it\/2019\/09\/25\/confartigianato-premia-i-40-anni-della-falegnameria-dolomiti-di-bertagno-luciano-c\/#breadcrumb"},"inLanguage":"fr-FR","potentialAction":[{"@type":"ReadAction","target":["https:\/\/www.bellunopress.it\/2019\/09\/25\/confartigianato-premia-i-40-anni-della-falegnameria-dolomiti-di-bertagno-luciano-c\/"]}]},{"@type":"ImageObject","inLanguage":"fr-FR","@id":"https:\/\/www.bellunopress.it\/2019\/09\/25\/confartigianato-premia-i-40-anni-della-falegnameria-dolomiti-di-bertagno-luciano-c\/#primaryimage","url":"http:\/\/www.bellunopress.it\/wp-content\/uploads\/2019\/09\/Falegnameria-Dolomiti-di-Bertagno-40-anni.jpeg","contentUrl":"http:\/\/www.bellunopress.it\/wp-content\/uploads\/2019\/09\/Falegnameria-Dolomiti-di-Bertagno-40-anni.jpeg"},{"@type":"BreadcrumbList","@id":"https:\/\/www.bellunopress.it\/2019\/09\/25\/confartigianato-premia-i-40-anni-della-falegnameria-dolomiti-di-bertagno-luciano-c\/#breadcrumb","itemListElement":[{"@type":"ListItem","position":1,"name":"Home","item":"https:\/\/www.bellunopress.it\/"},{"@type":"ListItem","position":2,"name":"Confartigianato premia i 40 anni della Falegnameria Dolomiti di Bertagno Luciano &#038; C."}]},{"@type":"WebSite","@id":"https:\/\/www.bellunopress.it\/#website","url":"https:\/\/www.bellunopress.it\/","name":"Bellunopress - Dolomiti","description":"e-mail: redazione@bellunopress.it","publisher":{"@id":"https:\/\/www.bellunopress.it\/#organization"},"potentialAction":[{"@type":"SearchAction","target":{"@type":"EntryPoint","urlTemplate":"https:\/\/www.bellunopress.it\/?s={search_term_string}"},"query-input":{"@type":"PropertyValueSpecification","valueRequired":true,"valueName":"search_term_string"}}],"inLanguage":"fr-FR"},{"@type":"Organization","@id":"https:\/\/www.bellunopress.it\/#organization","name":"Bellunopress","url":"https:\/\/www.bellunopress.it\/","logo":{"@type":"ImageObject","inLanguage":"fr-FR","@id":"https:\/\/www.bellunopress.it\/#\/schema\/logo\/image\/","url":"https:\/\/www.bellunopress.it\/wp-content\/uploads\/2011\/05\/cropped-logo-bellunopress-.jpg","contentUrl":"https:\/\/www.bellunopress.it\/wp-content\/uploads\/2011\/05\/cropped-logo-bellunopress-.jpg","width":512,"height":512,"caption":"Bellunopress"},"image":{"@id":"https:\/\/www.bellunopress.it\/#\/schema\/logo\/image\/"},"sameAs":["https:\/\/www.facebook.com\/profile.php?id=100008943462799","https:\/\/x.com\/bellunopress","https:\/\/www.linkedin.com\/hp\/?dnr=JBzUWaJfMUw8vbXJJ2tVW5-I3jZKvC4wsoxE&amp;amp;amp;amp;amp;amp;trk=nav_responsive_tab_home","https:\/\/www.youtube.com\/channel\/UCxL0wu1uN0_3_7hGG0306cw"]},{"@type":"Person","@id":"https:\/\/www.bellunopress.it\/#\/schema\/person\/79bb06722b37ece1c03d3e94beb30d73","name":"r\u00e9daction","image":{"@type":"ImageObject","inLanguage":"fr-FR","@id":"https:\/\/secure.gravatar.com\/avatar\/37d968a2e67a6fd04c169c4bdef102d0bc5d31b2546345219e348575eb80e9a0?s=96&d=mm&r=g","url":"https:\/\/secure.gravatar.com\/avatar\/37d968a2e67a6fd04c169c4bdef102d0bc5d31b2546345219e348575eb80e9a0?s=96&d=mm&r=g","contentUrl":"https:\/\/secure.gravatar.com\/avatar\/37d968a2e67a6fd04c169c4bdef102d0bc5d31b2546345219e348575eb80e9a0?s=96&d=mm&r=g","caption":"redazione"},"sameAs":["http:\/\/www.bellunopress.it","https:\/\/x.com\/bellunopress"],"url":"https:\/\/www.bellunopress.it\/fr\/author\/redazione\/"}]}},"_links":{"self":[{"href":"https:\/\/www.bellunopress.it\/fr\/wp-json\/wp\/v2\/posts\/108169","targetHints":{"allow":["GET"]}}],"collection":[{"href":"https:\/\/www.bellunopress.it\/fr\/wp-json\/wp\/v2\/posts"}],"about":[{"href":"https:\/\/www.bellunopress.it\/fr\/wp-json\/wp\/v2\/types\/post"}],"author":[{"embeddable":true,"href":"https:\/\/www.bellunopress.it\/fr\/wp-json\/wp\/v2\/users\/2"}],"replies":[{"embeddable":true,"href":"https:\/\/www.bellunopress.it\/fr\/wp-json\/wp\/v2\/comments?post=108169"}],"version-history":[{"count":2,"href":"https:\/\/www.bellunopress.it\/fr\/wp-json\/wp\/v2\/posts\/108169\/revisions"}],"predecessor-version":[{"id":108172,"href":"https:\/\/www.bellunopress.it\/fr\/wp-json\/wp\/v2\/posts\/108169\/revisions\/108172"}],"wp:attachment":[{"href":"https:\/\/www.bellunopress.it\/fr\/wp-json\/wp\/v2\/media?parent=108169"}],"wp:term":[{"taxonomy":"category","embeddable":true,"href":"https:\/\/www.bellunopress.it\/fr\/wp-json\/wp\/v2\/categories?post=108169"},{"taxonomy":"post_tag","embeddable":true,"href":"https:\/\/www.bellunopress.it\/fr\/wp-json\/wp\/v2\/tags?post=108169"}],"curies":[{"name":"wp","href":"https:\/\/api.w.org\/{rel}","templated":true}]}}