{"id":108162,"date":"2019-09-25T10:27:53","date_gmt":"2019-09-25T08:27:53","guid":{"rendered":"http:\/\/www.bellunopress.it\/?p=108162"},"modified":"2019-09-28T13:40:22","modified_gmt":"2019-09-28T11:40:22","slug":"giuseppe-mendicino-scrittore-di-montagna-venerdi-alle-18-30-alla-libreria-tarantola-di-belluno","status":"publish","type":"post","link":"https:\/\/www.bellunopress.it\/fr\/2019\/09\/25\/giuseppe-mendicino-scrittore-di-montagna-venerdi-alle-18-30-alla-libreria-tarantola-di-belluno\/","title":{"rendered":"Giuseppe Mendicino, scrittore di montagna, venerd\u00ec alle 18.30 alla libreria Tarantola di Belluno"},"content":{"rendered":"<p>Proseguono gli incontri della rassegna &#8220;Effetto Montagna. Uomini, Boschi, Animali&#8221; alla libreria Tarantola di Belluno, con sede in via Psaro 13. Venerd\u00ec 27 settembre alle ore 18.30 sar\u00e0 ospite lo scrittore Giuseppe Mendicino. Presenta la serata la giornalista Michela Canova.<\/p>\n<p><strong><a href=\"http:\/\/www.bellunopress.it\/2017\/10\/07\/tutti-in-fila-allinaugurazione-della-libreria-tarantola-nella-nuova-sede-di-via-psaro\/libreria-tarantola-inauguraz\/\" rel=\"attachment wp-att-89745\"><img loading=\"lazy\" decoding=\"async\" class=\"alignleft size-full wp-image-89745\" src=\"http:\/\/www.bellunopress.it\/wp-content\/uploads\/2017\/10\/libreria-tarantola-inauguraz.jpg\" alt=\"\" width=\"228\" height=\"280\" \/><\/a>Giuseppe Mendicino<\/strong><\/p>\n<p>Dal 2005 \u00e8 socio accademico del GISM (Gruppo italiano scrittori di montagna).\u00a0Nel 2006 ha curato per Meridiani Montagne la raccolta di scritti inediti di Mario Rigoni Stern Dentro la memoria. Scritti dall&#8217;altipiano (ed. Domus, 2007), scelti insieme all&#8217;autore, e nel 2014 il libro di Pierantonio Gios Lettere dal fronte. La corrispondenza di Mario Rigoni Stern e di altri ragazzi dell&#8217;altipiano (Tipografia moderna, 2014). Per la casa editrice Henry Beyle di Vincenzo Campo ha curato la pubblicazione di Mario Rigoni Stern. Can de toso, mi fai morire (2013) e di Mario Rigoni Stern. Il cardo di Tolstoj e altre prose letterarie (2014).<\/p>\n<p>\u00c8 stato coautore di: Il dialogo segreto Le Dolomiti di Dino Buzzati (2012) e Rolly Marchi Cuore trentino (2013) entrambi editi da Nuovi sentieri e ha curato per Meridiani Montagne, l&#8217;edizione monografica di Meridiani (mensile), la raccolta di testi di Massimo Mila Montagnes vald\u00f4taines (ed. Domus, 2008).<\/p>\n<p>Nel 2013 ha curato per la casa editrice Einaudi Mario Rigoni Stern. Il coraggio di dire no. Conversazioni e interviste 1963-2007, una raccolta di quarant&#8217;anni di interviste a Mario Rigoni Stern, che tratteggiano non soltanto la sua opera e le riflessioni sulla scrittura, ma anche la sua altissima coscienza morale e civile.<\/p>\n<p>Collabora con le riviste Meridiani Montagne, Alp, Montagne360, Montagna, Le Dolomiti Bellunesi, L&#8217;Alpino, e su riviste giuridiche correlate al lavoro di segretario comunale.<\/p>\n<p>Nel 2016, per la casa editrice Priuli &amp; Verlucca, ha pubblicato la biografia ufficiale del grande scrittore di Asiago Mario Rigoni Stern dal titolo Mario Rigoni Stern. Vita, guerre. libri, e ha redatto, per l&#8217;Istituto dell&#8217;Enciclopedia Italiana Treccani, la voce Mario Rigoni Stern del Dizionario Biografico degli Italiani.<\/p>\n<p>Nel 2016 ha ricevuto il Premio speciale della giuria al Premio letterario Leggimontagna, in Carnia; nel 2017, sempre a Leggimontagna[3], ha ricevuto il Premio secondo classificato per il miglior racconto inedito.<\/p>\n<p>Nel 2018 per la casa editrice Priuli &amp; Verlucca, ha pubblicato Portfolio Alpino. Orizzonti di vita, letteratura, arte e libert\u00e0, dove racconta alcuni momenti significativi di uomini e donne esemplari, di ieri e di oggi, accomunati da passione per la montagna e amore per la libert\u00e0. Nello stesso anno sempre per la casa editrice Priuli &amp; Verlucca, compare in veste di coautore in Mario Rigoni Stern. Un uomo tante storie nessun confine.<\/p>\n<p>Dal 2018 \u00e8 segretario comunale nei comuni di Treviglio e Casatenovo.<\/p>\n<p>Nel 2019, per la casa editrice Priuli &amp; Verlucca, ha pubblicato Nuto Revelli. Vita, guerre, libri, biografia dell&#8217;alpino, comandante partigiano di Giustizia e Libert\u00e0 e scrittore, Nuto Revelli. (Fonte Wikipedia)<\/p>\n","protected":false},"excerpt":{"rendered":"<p>Proseguono gli incontri della rassegna &#8220;Effetto Montagna. Uomini, Boschi, Animali&#8221; alla libreria Tarantola di Belluno, con sede in via Psaro 13. Venerd\u00ec 27 settembre alle ore 18.30 sar\u00e0 ospite lo scrittore Giuseppe Mendicino. Presenta la serata la giornalista Michela Canova. Giuseppe Mendicino Dal 2005 \u00e8 socio accademico del GISM (Gruppo italiano scrittori di montagna).\u00a0Nel 2006 [&hellip;]<\/p>\n","protected":false},"author":2,"featured_media":0,"comment_status":"closed","ping_status":"open","sticky":false,"template":"","format":"standard","meta":{"footnotes":""},"categories":[27,3],"tags":[],"class_list":["post-108162","post","type-post","status-publish","format-standard","category-appuntamenti","category-arte-cultura-spettacoli-scienza-archivi"],"yoast_head":"<!-- This site is optimized with the Yoast SEO plugin v28.4 - https:\/\/yoast.com\/product\/yoast-seo-wordpress\/ -->\n<title>Giuseppe Mendicino, scrittore di montagna, venerd\u00ec alle 18.30 alla libreria Tarantola di Belluno - Bellunopress - Dolomiti<\/title>\n<meta name=\"robots\" content=\"index, follow, max-snippet:-1, max-image-preview:large, max-video-preview:-1\" \/>\n<link rel=\"canonical\" href=\"https:\/\/www.bellunopress.it\/fr\/2019\/09\/25\/giuseppe-mendicino-scrittore-di-montagna-venerdi-alle-18-30-alla-libreria-tarantola-di-belluno\/\" \/>\n<meta property=\"og:locale\" content=\"fr_FR\" \/>\n<meta property=\"og:type\" content=\"article\" \/>\n<meta property=\"og:title\" content=\"Giuseppe Mendicino, scrittore di montagna, venerd\u00ec alle 18.30 alla libreria Tarantola di Belluno - Bellunopress - Dolomiti\" \/>\n<meta property=\"og:description\" content=\"Proseguono gli incontri della rassegna &#8220;Effetto Montagna. Uomini, Boschi, Animali&#8221; alla libreria Tarantola di Belluno, con sede in via Psaro 13. Venerd\u00ec 27 settembre alle ore 18.30 sar\u00e0 ospite lo scrittore Giuseppe Mendicino. Presenta la serata la giornalista Michela Canova. Giuseppe Mendicino Dal 2005 \u00e8 socio accademico del GISM (Gruppo italiano scrittori di montagna).\u00a0Nel 2006 [&hellip;]\" \/>\n<meta property=\"og:url\" content=\"https:\/\/www.bellunopress.it\/fr\/2019\/09\/25\/giuseppe-mendicino-scrittore-di-montagna-venerdi-alle-18-30-alla-libreria-tarantola-di-belluno\/\" \/>\n<meta property=\"og:site_name\" content=\"Bellunopress - Dolomiti\" \/>\n<meta property=\"article:publisher\" content=\"https:\/\/www.facebook.com\/profile.php?id=100008943462799\" \/>\n<meta property=\"article:published_time\" content=\"2019-09-25T08:27:53+00:00\" \/>\n<meta property=\"article:modified_time\" content=\"2019-09-28T11:40:22+00:00\" \/>\n<meta property=\"og:image\" content=\"http:\/\/www.bellunopress.it\/wp-content\/uploads\/2017\/10\/libreria-tarantola-inauguraz.jpg\" \/>\n<meta name=\"author\" content=\"redazione\" \/>\n<meta name=\"twitter:card\" content=\"summary_large_image\" \/>\n<meta name=\"twitter:creator\" content=\"@bellunopress\" \/>\n<meta name=\"twitter:site\" content=\"@bellunopress\" \/>\n<meta name=\"twitter:label1\" content=\"\u00c9crit par\" \/>\n\t<meta name=\"twitter:data1\" content=\"redazione\" \/>\n\t<meta name=\"twitter:label2\" content=\"Dur\u00e9e de lecture estim\u00e9e\" \/>\n\t<meta name=\"twitter:data2\" content=\"2 minutes\" \/>\n<script type=\"application\/ld+json\" class=\"yoast-schema-graph\">{\"@context\":\"https:\\\/\\\/schema.org\",\"@graph\":[{\"@type\":\"Article\",\"@id\":\"https:\\\/\\\/www.bellunopress.it\\\/2019\\\/09\\\/25\\\/giuseppe-mendicino-scrittore-di-montagna-venerdi-alle-18-30-alla-libreria-tarantola-di-belluno\\\/#article\",\"isPartOf\":{\"@id\":\"https:\\\/\\\/www.bellunopress.it\\\/2019\\\/09\\\/25\\\/giuseppe-mendicino-scrittore-di-montagna-venerdi-alle-18-30-alla-libreria-tarantola-di-belluno\\\/\"},\"author\":{\"name\":\"redazione\",\"@id\":\"https:\\\/\\\/www.bellunopress.it\\\/#\\\/schema\\\/person\\\/79bb06722b37ece1c03d3e94beb30d73\"},\"headline\":\"Giuseppe Mendicino, scrittore di montagna, venerd\u00ec alle 18.30 alla libreria Tarantola di Belluno\",\"datePublished\":\"2019-09-25T08:27:53+00:00\",\"dateModified\":\"2019-09-28T11:40:22+00:00\",\"mainEntityOfPage\":{\"@id\":\"https:\\\/\\\/www.bellunopress.it\\\/2019\\\/09\\\/25\\\/giuseppe-mendicino-scrittore-di-montagna-venerdi-alle-18-30-alla-libreria-tarantola-di-belluno\\\/\"},\"wordCount\":457,\"publisher\":{\"@id\":\"https:\\\/\\\/www.bellunopress.it\\\/#organization\"},\"image\":{\"@id\":\"https:\\\/\\\/www.bellunopress.it\\\/2019\\\/09\\\/25\\\/giuseppe-mendicino-scrittore-di-montagna-venerdi-alle-18-30-alla-libreria-tarantola-di-belluno\\\/#primaryimage\"},\"thumbnailUrl\":\"http:\\\/\\\/www.bellunopress.it\\\/wp-content\\\/uploads\\\/2017\\\/10\\\/libreria-tarantola-inauguraz.jpg\",\"articleSection\":[\"Appuntamenti, Eventi\",\"Arte, Cultura, Spettacoli, Scienza\"],\"inLanguage\":\"fr-FR\"},{\"@type\":\"WebPage\",\"@id\":\"https:\\\/\\\/www.bellunopress.it\\\/2019\\\/09\\\/25\\\/giuseppe-mendicino-scrittore-di-montagna-venerdi-alle-18-30-alla-libreria-tarantola-di-belluno\\\/\",\"url\":\"https:\\\/\\\/www.bellunopress.it\\\/2019\\\/09\\\/25\\\/giuseppe-mendicino-scrittore-di-montagna-venerdi-alle-18-30-alla-libreria-tarantola-di-belluno\\\/\",\"name\":\"Giuseppe Mendicino, scrittore di montagna, venerd\u00ec alle 18.30 alla libreria Tarantola di Belluno - Bellunopress - Dolomiti\",\"isPartOf\":{\"@id\":\"https:\\\/\\\/www.bellunopress.it\\\/#website\"},\"primaryImageOfPage\":{\"@id\":\"https:\\\/\\\/www.bellunopress.it\\\/2019\\\/09\\\/25\\\/giuseppe-mendicino-scrittore-di-montagna-venerdi-alle-18-30-alla-libreria-tarantola-di-belluno\\\/#primaryimage\"},\"image\":{\"@id\":\"https:\\\/\\\/www.bellunopress.it\\\/2019\\\/09\\\/25\\\/giuseppe-mendicino-scrittore-di-montagna-venerdi-alle-18-30-alla-libreria-tarantola-di-belluno\\\/#primaryimage\"},\"thumbnailUrl\":\"http:\\\/\\\/www.bellunopress.it\\\/wp-content\\\/uploads\\\/2017\\\/10\\\/libreria-tarantola-inauguraz.jpg\",\"datePublished\":\"2019-09-25T08:27:53+00:00\",\"dateModified\":\"2019-09-28T11:40:22+00:00\",\"breadcrumb\":{\"@id\":\"https:\\\/\\\/www.bellunopress.it\\\/2019\\\/09\\\/25\\\/giuseppe-mendicino-scrittore-di-montagna-venerdi-alle-18-30-alla-libreria-tarantola-di-belluno\\\/#breadcrumb\"},\"inLanguage\":\"fr-FR\",\"potentialAction\":[{\"@type\":\"ReadAction\",\"target\":[\"https:\\\/\\\/www.bellunopress.it\\\/2019\\\/09\\\/25\\\/giuseppe-mendicino-scrittore-di-montagna-venerdi-alle-18-30-alla-libreria-tarantola-di-belluno\\\/\"]}]},{\"@type\":\"ImageObject\",\"inLanguage\":\"fr-FR\",\"@id\":\"https:\\\/\\\/www.bellunopress.it\\\/2019\\\/09\\\/25\\\/giuseppe-mendicino-scrittore-di-montagna-venerdi-alle-18-30-alla-libreria-tarantola-di-belluno\\\/#primaryimage\",\"url\":\"http:\\\/\\\/www.bellunopress.it\\\/wp-content\\\/uploads\\\/2017\\\/10\\\/libreria-tarantola-inauguraz.jpg\",\"contentUrl\":\"http:\\\/\\\/www.bellunopress.it\\\/wp-content\\\/uploads\\\/2017\\\/10\\\/libreria-tarantola-inauguraz.jpg\"},{\"@type\":\"BreadcrumbList\",\"@id\":\"https:\\\/\\\/www.bellunopress.it\\\/2019\\\/09\\\/25\\\/giuseppe-mendicino-scrittore-di-montagna-venerdi-alle-18-30-alla-libreria-tarantola-di-belluno\\\/#breadcrumb\",\"itemListElement\":[{\"@type\":\"ListItem\",\"position\":1,\"name\":\"Home\",\"item\":\"https:\\\/\\\/www.bellunopress.it\\\/\"},{\"@type\":\"ListItem\",\"position\":2,\"name\":\"Giuseppe Mendicino, scrittore di montagna, venerd\u00ec alle 18.30 alla libreria Tarantola di Belluno\"}]},{\"@type\":\"WebSite\",\"@id\":\"https:\\\/\\\/www.bellunopress.it\\\/#website\",\"url\":\"https:\\\/\\\/www.bellunopress.it\\\/\",\"name\":\"Bellunopress - Dolomiti\",\"description\":\"e-mail: redazione@bellunopress.it\",\"publisher\":{\"@id\":\"https:\\\/\\\/www.bellunopress.it\\\/#organization\"},\"potentialAction\":[{\"@type\":\"SearchAction\",\"target\":{\"@type\":\"EntryPoint\",\"urlTemplate\":\"https:\\\/\\\/www.bellunopress.it\\\/?s={search_term_string}\"},\"query-input\":{\"@type\":\"PropertyValueSpecification\",\"valueRequired\":true,\"valueName\":\"search_term_string\"}}],\"inLanguage\":\"fr-FR\"},{\"@type\":\"Organization\",\"@id\":\"https:\\\/\\\/www.bellunopress.it\\\/#organization\",\"name\":\"Bellunopress\",\"url\":\"https:\\\/\\\/www.bellunopress.it\\\/\",\"logo\":{\"@type\":\"ImageObject\",\"inLanguage\":\"fr-FR\",\"@id\":\"https:\\\/\\\/www.bellunopress.it\\\/#\\\/schema\\\/logo\\\/image\\\/\",\"url\":\"https:\\\/\\\/www.bellunopress.it\\\/wp-content\\\/uploads\\\/2011\\\/05\\\/cropped-logo-bellunopress-.jpg\",\"contentUrl\":\"https:\\\/\\\/www.bellunopress.it\\\/wp-content\\\/uploads\\\/2011\\\/05\\\/cropped-logo-bellunopress-.jpg\",\"width\":512,\"height\":512,\"caption\":\"Bellunopress\"},\"image\":{\"@id\":\"https:\\\/\\\/www.bellunopress.it\\\/#\\\/schema\\\/logo\\\/image\\\/\"},\"sameAs\":[\"https:\\\/\\\/www.facebook.com\\\/profile.php?id=100008943462799\",\"https:\\\/\\\/x.com\\\/bellunopress\",\"https:\\\/\\\/www.linkedin.com\\\/hp\\\/?dnr=JBzUWaJfMUw8vbXJJ2tVW5-I3jZKvC4wsoxE&amp;amp;amp;amp;amp;amp;trk=nav_responsive_tab_home\",\"https:\\\/\\\/www.youtube.com\\\/channel\\\/UCxL0wu1uN0_3_7hGG0306cw\"]},{\"@type\":\"Person\",\"@id\":\"https:\\\/\\\/www.bellunopress.it\\\/#\\\/schema\\\/person\\\/79bb06722b37ece1c03d3e94beb30d73\",\"name\":\"redazione\",\"image\":{\"@type\":\"ImageObject\",\"inLanguage\":\"fr-FR\",\"@id\":\"https:\\\/\\\/secure.gravatar.com\\\/avatar\\\/37d968a2e67a6fd04c169c4bdef102d0bc5d31b2546345219e348575eb80e9a0?s=96&d=mm&r=g\",\"url\":\"https:\\\/\\\/secure.gravatar.com\\\/avatar\\\/37d968a2e67a6fd04c169c4bdef102d0bc5d31b2546345219e348575eb80e9a0?s=96&d=mm&r=g\",\"contentUrl\":\"https:\\\/\\\/secure.gravatar.com\\\/avatar\\\/37d968a2e67a6fd04c169c4bdef102d0bc5d31b2546345219e348575eb80e9a0?s=96&d=mm&r=g\",\"caption\":\"redazione\"},\"sameAs\":[\"http:\\\/\\\/www.bellunopress.it\",\"https:\\\/\\\/x.com\\\/bellunopress\"],\"url\":\"https:\\\/\\\/www.bellunopress.it\\\/fr\\\/author\\\/redazione\\\/\"}]}<\/script>\n<!-- \/ Yoast SEO plugin. -->","yoast_head_json":{"title":"Giuseppe Mendicino, scrittore di montagna, venerd\u00ec alle 18.30 alla libreria Tarantola di Belluno - Bellunopress - Dolomiti","robots":{"index":"index","follow":"follow","max-snippet":"max-snippet:-1","max-image-preview":"max-image-preview:large","max-video-preview":"max-video-preview:-1"},"canonical":"https:\/\/www.bellunopress.it\/fr\/2019\/09\/25\/giuseppe-mendicino-scrittore-di-montagna-venerdi-alle-18-30-alla-libreria-tarantola-di-belluno\/","og_locale":"fr_FR","og_type":"article","og_title":"Giuseppe Mendicino, scrittore di montagna, venerd\u00ec alle 18.30 alla libreria Tarantola di Belluno - Bellunopress - Dolomiti","og_description":"Proseguono gli incontri della rassegna &#8220;Effetto Montagna. Uomini, Boschi, Animali&#8221; alla libreria Tarantola di Belluno, con sede in via Psaro 13. Venerd\u00ec 27 settembre alle ore 18.30 sar\u00e0 ospite lo scrittore Giuseppe Mendicino. Presenta la serata la giornalista Michela Canova. Giuseppe Mendicino Dal 2005 \u00e8 socio accademico del GISM (Gruppo italiano scrittori di montagna).\u00a0Nel 2006 [&hellip;]","og_url":"https:\/\/www.bellunopress.it\/fr\/2019\/09\/25\/giuseppe-mendicino-scrittore-di-montagna-venerdi-alle-18-30-alla-libreria-tarantola-di-belluno\/","og_site_name":"Bellunopress - Dolomiti","article_publisher":"https:\/\/www.facebook.com\/profile.php?id=100008943462799","article_published_time":"2019-09-25T08:27:53+00:00","article_modified_time":"2019-09-28T11:40:22+00:00","og_image":[{"url":"http:\/\/www.bellunopress.it\/wp-content\/uploads\/2017\/10\/libreria-tarantola-inauguraz.jpg","type":"","width":"","height":""}],"author":"redazione","twitter_card":"summary_large_image","twitter_creator":"@bellunopress","twitter_site":"@bellunopress","twitter_misc":{"\u00c9crit par":"redazione","Dur\u00e9e de lecture estim\u00e9e":"2 minutes"},"schema":{"@context":"https:\/\/schema.org","@graph":[{"@type":"Article","@id":"https:\/\/www.bellunopress.it\/2019\/09\/25\/giuseppe-mendicino-scrittore-di-montagna-venerdi-alle-18-30-alla-libreria-tarantola-di-belluno\/#article","isPartOf":{"@id":"https:\/\/www.bellunopress.it\/2019\/09\/25\/giuseppe-mendicino-scrittore-di-montagna-venerdi-alle-18-30-alla-libreria-tarantola-di-belluno\/"},"author":{"name":"redazione","@id":"https:\/\/www.bellunopress.it\/#\/schema\/person\/79bb06722b37ece1c03d3e94beb30d73"},"headline":"Giuseppe Mendicino, scrittore di montagna, venerd\u00ec alle 18.30 alla libreria Tarantola di Belluno","datePublished":"2019-09-25T08:27:53+00:00","dateModified":"2019-09-28T11:40:22+00:00","mainEntityOfPage":{"@id":"https:\/\/www.bellunopress.it\/2019\/09\/25\/giuseppe-mendicino-scrittore-di-montagna-venerdi-alle-18-30-alla-libreria-tarantola-di-belluno\/"},"wordCount":457,"publisher":{"@id":"https:\/\/www.bellunopress.it\/#organization"},"image":{"@id":"https:\/\/www.bellunopress.it\/2019\/09\/25\/giuseppe-mendicino-scrittore-di-montagna-venerdi-alle-18-30-alla-libreria-tarantola-di-belluno\/#primaryimage"},"thumbnailUrl":"http:\/\/www.bellunopress.it\/wp-content\/uploads\/2017\/10\/libreria-tarantola-inauguraz.jpg","articleSection":["Appuntamenti, Eventi","Arte, Cultura, Spettacoli, Scienza"],"inLanguage":"fr-FR"},{"@type":"WebPage","@id":"https:\/\/www.bellunopress.it\/2019\/09\/25\/giuseppe-mendicino-scrittore-di-montagna-venerdi-alle-18-30-alla-libreria-tarantola-di-belluno\/","url":"https:\/\/www.bellunopress.it\/2019\/09\/25\/giuseppe-mendicino-scrittore-di-montagna-venerdi-alle-18-30-alla-libreria-tarantola-di-belluno\/","name":"Giuseppe Mendicino, scrittore di montagna, venerd\u00ec alle 18.30 alla libreria Tarantola di Belluno - Bellunopress - Dolomiti","isPartOf":{"@id":"https:\/\/www.bellunopress.it\/#website"},"primaryImageOfPage":{"@id":"https:\/\/www.bellunopress.it\/2019\/09\/25\/giuseppe-mendicino-scrittore-di-montagna-venerdi-alle-18-30-alla-libreria-tarantola-di-belluno\/#primaryimage"},"image":{"@id":"https:\/\/www.bellunopress.it\/2019\/09\/25\/giuseppe-mendicino-scrittore-di-montagna-venerdi-alle-18-30-alla-libreria-tarantola-di-belluno\/#primaryimage"},"thumbnailUrl":"http:\/\/www.bellunopress.it\/wp-content\/uploads\/2017\/10\/libreria-tarantola-inauguraz.jpg","datePublished":"2019-09-25T08:27:53+00:00","dateModified":"2019-09-28T11:40:22+00:00","breadcrumb":{"@id":"https:\/\/www.bellunopress.it\/2019\/09\/25\/giuseppe-mendicino-scrittore-di-montagna-venerdi-alle-18-30-alla-libreria-tarantola-di-belluno\/#breadcrumb"},"inLanguage":"fr-FR","potentialAction":[{"@type":"ReadAction","target":["https:\/\/www.bellunopress.it\/2019\/09\/25\/giuseppe-mendicino-scrittore-di-montagna-venerdi-alle-18-30-alla-libreria-tarantola-di-belluno\/"]}]},{"@type":"ImageObject","inLanguage":"fr-FR","@id":"https:\/\/www.bellunopress.it\/2019\/09\/25\/giuseppe-mendicino-scrittore-di-montagna-venerdi-alle-18-30-alla-libreria-tarantola-di-belluno\/#primaryimage","url":"http:\/\/www.bellunopress.it\/wp-content\/uploads\/2017\/10\/libreria-tarantola-inauguraz.jpg","contentUrl":"http:\/\/www.bellunopress.it\/wp-content\/uploads\/2017\/10\/libreria-tarantola-inauguraz.jpg"},{"@type":"BreadcrumbList","@id":"https:\/\/www.bellunopress.it\/2019\/09\/25\/giuseppe-mendicino-scrittore-di-montagna-venerdi-alle-18-30-alla-libreria-tarantola-di-belluno\/#breadcrumb","itemListElement":[{"@type":"ListItem","position":1,"name":"Home","item":"https:\/\/www.bellunopress.it\/"},{"@type":"ListItem","position":2,"name":"Giuseppe Mendicino, scrittore di montagna, venerd\u00ec alle 18.30 alla libreria Tarantola di Belluno"}]},{"@type":"WebSite","@id":"https:\/\/www.bellunopress.it\/#website","url":"https:\/\/www.bellunopress.it\/","name":"Bellunopress - Dolomiti","description":"e-mail: redazione@bellunopress.it","publisher":{"@id":"https:\/\/www.bellunopress.it\/#organization"},"potentialAction":[{"@type":"SearchAction","target":{"@type":"EntryPoint","urlTemplate":"https:\/\/www.bellunopress.it\/?s={search_term_string}"},"query-input":{"@type":"PropertyValueSpecification","valueRequired":true,"valueName":"search_term_string"}}],"inLanguage":"fr-FR"},{"@type":"Organization","@id":"https:\/\/www.bellunopress.it\/#organization","name":"Bellunopress","url":"https:\/\/www.bellunopress.it\/","logo":{"@type":"ImageObject","inLanguage":"fr-FR","@id":"https:\/\/www.bellunopress.it\/#\/schema\/logo\/image\/","url":"https:\/\/www.bellunopress.it\/wp-content\/uploads\/2011\/05\/cropped-logo-bellunopress-.jpg","contentUrl":"https:\/\/www.bellunopress.it\/wp-content\/uploads\/2011\/05\/cropped-logo-bellunopress-.jpg","width":512,"height":512,"caption":"Bellunopress"},"image":{"@id":"https:\/\/www.bellunopress.it\/#\/schema\/logo\/image\/"},"sameAs":["https:\/\/www.facebook.com\/profile.php?id=100008943462799","https:\/\/x.com\/bellunopress","https:\/\/www.linkedin.com\/hp\/?dnr=JBzUWaJfMUw8vbXJJ2tVW5-I3jZKvC4wsoxE&amp;amp;amp;amp;amp;amp;trk=nav_responsive_tab_home","https:\/\/www.youtube.com\/channel\/UCxL0wu1uN0_3_7hGG0306cw"]},{"@type":"Person","@id":"https:\/\/www.bellunopress.it\/#\/schema\/person\/79bb06722b37ece1c03d3e94beb30d73","name":"r\u00e9daction","image":{"@type":"ImageObject","inLanguage":"fr-FR","@id":"https:\/\/secure.gravatar.com\/avatar\/37d968a2e67a6fd04c169c4bdef102d0bc5d31b2546345219e348575eb80e9a0?s=96&d=mm&r=g","url":"https:\/\/secure.gravatar.com\/avatar\/37d968a2e67a6fd04c169c4bdef102d0bc5d31b2546345219e348575eb80e9a0?s=96&d=mm&r=g","contentUrl":"https:\/\/secure.gravatar.com\/avatar\/37d968a2e67a6fd04c169c4bdef102d0bc5d31b2546345219e348575eb80e9a0?s=96&d=mm&r=g","caption":"redazione"},"sameAs":["http:\/\/www.bellunopress.it","https:\/\/x.com\/bellunopress"],"url":"https:\/\/www.bellunopress.it\/fr\/author\/redazione\/"}]}},"_links":{"self":[{"href":"https:\/\/www.bellunopress.it\/fr\/wp-json\/wp\/v2\/posts\/108162","targetHints":{"allow":["GET"]}}],"collection":[{"href":"https:\/\/www.bellunopress.it\/fr\/wp-json\/wp\/v2\/posts"}],"about":[{"href":"https:\/\/www.bellunopress.it\/fr\/wp-json\/wp\/v2\/types\/post"}],"author":[{"embeddable":true,"href":"https:\/\/www.bellunopress.it\/fr\/wp-json\/wp\/v2\/users\/2"}],"replies":[{"embeddable":true,"href":"https:\/\/www.bellunopress.it\/fr\/wp-json\/wp\/v2\/comments?post=108162"}],"version-history":[{"count":1,"href":"https:\/\/www.bellunopress.it\/fr\/wp-json\/wp\/v2\/posts\/108162\/revisions"}],"predecessor-version":[{"id":108163,"href":"https:\/\/www.bellunopress.it\/fr\/wp-json\/wp\/v2\/posts\/108162\/revisions\/108163"}],"wp:attachment":[{"href":"https:\/\/www.bellunopress.it\/fr\/wp-json\/wp\/v2\/media?parent=108162"}],"wp:term":[{"taxonomy":"category","embeddable":true,"href":"https:\/\/www.bellunopress.it\/fr\/wp-json\/wp\/v2\/categories?post=108162"},{"taxonomy":"post_tag","embeddable":true,"href":"https:\/\/www.bellunopress.it\/fr\/wp-json\/wp\/v2\/tags?post=108162"}],"curies":[{"name":"wp","href":"https:\/\/api.w.org\/{rel}","templated":true}]}}