{"id":108154,"date":"2019-09-24T20:40:32","date_gmt":"2019-09-24T18:40:32","guid":{"rendered":"http:\/\/www.bellunopress.it\/?p=108154"},"modified":"2019-09-24T20:40:32","modified_gmt":"2019-09-24T18:40:32","slug":"vertice-wanbao-acc-la-proprieta-cinese-chiede-tempo-nuovo-incontro-al-mise-il-24-ottobre","status":"publish","type":"post","link":"https:\/\/www.bellunopress.it\/fr\/2019\/09\/24\/vertice-wanbao-acc-la-proprieta-cinese-chiede-tempo-nuovo-incontro-al-mise-il-24-ottobre\/","title":{"rendered":"Vertice Wanbao-Acc, la propriet\u00e0 cinese chiede tempo. Nuovo incontro al Mise il 24 ottobre"},"content":{"rendered":"<p><a href=\"http:\/\/www.bellunopress.it\/fr\/2019\/09\/20\/wambao-mel-donazzan-dopo-il-primo-traguardo-di-oggi-chiederemo-rassicurazioni-sul-mantenimento-della-produzione\/wambao-mel-sindacato-e-azienda\/\" rel=\"attachment wp-att-108048\"><img loading=\"lazy\" decoding=\"async\" class=\"alignleft size-full wp-image-108048\" src=\"http:\/\/www.bellunopress.it\/wp-content\/uploads\/2019\/09\/wambao-mel-sindacato-e-azienda.jpg\" alt=\"\" width=\"300\" height=\"173\" \/><\/a>Vertice Wanbao-Acc al Ministero dello Sviluppo economico, la propriet\u00e0 cinese chiede tempo: un mese per valutare la possibilit\u00e0 di nuovi investimenti o decidere la cessione a un altro soggetto.<\/p>\n<p>\u00c8 quanto emerso al termine dell\u2019incontro che si \u00e8 svolto oggi nella sede ministeriale tra la delegazione aziendale cinese guidata dall\u2019amministratore delegato del gruppo Haijiang Lu, le federazioni di categoria nazionali e territoriali di Fim Cisl, Fiom Cgil e Uilm Uil, Regione Veneto e Governo. I rappresentanti della Fim Cisl territoriale e nazionale presenti al tavolo, rispettivamente Mauro Zuglian e Alessandra Damiani, hanno chiesto ai vertici aziendali chiarezza, una volta per tutte, sulla possibilit\u00e0 di realizzazione degli obiettivi annunciati nel piano industriale del 2017, che prefigurava la nascita, nel 2020, del pi\u00f9 grande insediamento produttivo in Europa nel settore dei compressori grazie a un investimento di 50,7 milioni di euro che avrebbe permesso il rafforzamento dell\u2019ufficio Ricerca e Sviluppo, l\u2019introduzione di nuovi compressori e, come dichiarato nel successivo business plan, quello del 2018, di una nuova linea produttiva che avrebbe consentito un aumento della marginalit\u00e0 del prodotto.<\/p>\n<p><a href=\"http:\/\/www.bellunopress.it\/fr\/2013\/10\/26\/fate-presto-ultimo-appello-di-confindustria-belluno-dolomiti-alle-banche-per-la-salvezza-dellacc-di-mel\/acc-compressor-mel\/\" rel=\"attachment wp-att-53735\"><img loading=\"lazy\" decoding=\"async\" class=\"alignleft size-full wp-image-53735\" src=\"http:\/\/www.bellunopress.it\/wp-content\/uploads\/2013\/10\/Acc-Compressor-Mel.jpg\" alt=\"\" width=\"290\" height=\"217\" \/><\/a>\u201cFino ad oggi &#8211; spiega Mauro Zuglian della Fim Cisl Belluno Treviso &#8211; l\u2019unica promessa mantenuta \u00e8 stato il licenziamento di 160 lavoratori. Non c\u2019\u00e8 stato alcun impegno concreto dell\u2019azienda nello sviluppo dei compressori, alcun inserimento di nuove linee produttive e conseguentemente la marginalit\u00e0 del prodotto si \u00e8 talmente abbassata che non permette un\u2019autonomia economica. Al tavolo ministeriale abbiamo chiesto chiarimenti non solo sul piano industriale, ma anche sui nuovi prodotti annunciati e sull\u2019attivit\u00e0 commerciale, che attualmente sembra orientata alla vendita dei compressori realizzati dall\u2019azienda in Cina anzich\u00e9 di quelli prodotti a Mel. Sono tutti elementi necessari per capire come l\u2019azienda prevede di riportare lo stabilimento in equilibrio finanziario. Di fronte all\u2019atteggiamento di grande disponibilit\u00e0 dimostrata da Regione e Governo a condividere un percorso di rilancio per l\u2019azienda, i vertici di Wanbao hanno chiesto un mese di tempo per chiarire una volta per tutte la loro posizione, se rimanere in Italia mettendo sul piatto nuovi investimenti o se lasciare, pensando a una cessione\u201d. Il nuovo appuntamento al Mise \u00e8 fissato per il 24 ottobre.<\/p>\n<p>\u201cLa conclusione dell\u2019incontro &#8211; dichiara Bruno Deola della Cisl Belluno Treviso &#8211; lascia aperto uno spazio di discussione con la societ\u00e0 Wanbao grazie al contributo del Ministero e della Regione che si sono impegnati per fare il possibile a garanzia della continuit\u00e0 dello stabilimento a fronte di investimenti concreti\u201d.<\/p>\n<p>\u201cChi ha investito nel Bellunese &#8211; interviene Rudy Roffar\u00e8, segretario generale aggiunto della Cisl Belluno Treviso -, come i cinesi di Wanbao, in questa delicata fase non pu\u00f2 prescindere da una forte responsabilit\u00e0 sociale ed etica nei confronti di un territorio che ha dato moltissimo in termini di lavoro e lavoratori. Vanno percorse tutte le strade per garantire la sopravvivenza del sito produttivo di Mel e garantire il lavoro ai dipendenti messi a dura prova dalla crisi che li ha colpiti in questi anni. Sar\u00e0 fondamentale coinvolgere in questo processo il tavolo provinciale sulle politiche attive, fortemente voluto dalla Cisl, che offre la possibilit\u00e0 di governare i processi di trasformazione del nostro territorio con il massimo coinvolgimento di tutti i soggetti\u201d.<\/p>\n<p>All\u2019incontro, oltre ai rappresentanti sindacali nazionali e territoriali di Fim Cisl, Fiom Cgil e Uilm Uil e alla delegazione aziendale cinese, erano presenti Bruno Deola in rappresentanza della Cisl Belluno Treviso, l\u2019assessore al Lavoro del Veneto Elena Donazzan e il responsabile dell\u2019Unit\u00e0 di crisi aziendali della Regione Mattia Losego, l\u2019ex commissario straordinario dell\u2019Acc Maurizio Castro, il vice capo di Gabinetto del Ministro dello Sviluppo economico Giorgio Girgis Sorial e il Ministro per i rapporti con il Parlamento, il bellunese Federico D\u2019Inc\u00e0.<\/p>","protected":false},"excerpt":{"rendered":"<p>Vertice Wanbao-Acc al Ministero dello Sviluppo economico, la propriet\u00e0 cinese chiede tempo: un mese per valutare la possibilit\u00e0 di nuovi investimenti o decidere la cessione a un altro soggetto. \u00c8 quanto emerso al termine dell\u2019incontro che si \u00e8 svolto oggi nella sede ministeriale tra la delegazione aziendale cinese guidata dall\u2019amministratore delegato del gruppo Haijiang Lu, [&hellip;]<\/p>\n","protected":false},"author":2,"featured_media":0,"comment_status":"closed","ping_status":"open","sticky":false,"template":"","format":"standard","meta":{"footnotes":""},"categories":[36,26],"tags":[],"class_list":["post-108154","post","type-post","status-publish","format-standard","category-lavoro-economia","category-prima-pagina"],"yoast_head":"<!-- This site is optimized with the Yoast SEO plugin v28.4 - https:\/\/yoast.com\/product\/yoast-seo-wordpress\/ -->\n<title>Vertice Wanbao-Acc, la propriet\u00e0 cinese chiede tempo. Nuovo incontro al Mise il 24 ottobre - Bellunopress - Dolomiti<\/title>\n<meta name=\"robots\" content=\"index, follow, max-snippet:-1, max-image-preview:large, max-video-preview:-1\" \/>\n<link rel=\"canonical\" href=\"https:\/\/www.bellunopress.it\/fr\/2019\/09\/24\/vertice-wanbao-acc-la-proprieta-cinese-chiede-tempo-nuovo-incontro-al-mise-il-24-ottobre\/\" \/>\n<meta property=\"og:locale\" content=\"fr_FR\" \/>\n<meta property=\"og:type\" content=\"article\" \/>\n<meta property=\"og:title\" content=\"Vertice Wanbao-Acc, la propriet\u00e0 cinese chiede tempo. Nuovo incontro al Mise il 24 ottobre - Bellunopress - Dolomiti\" \/>\n<meta property=\"og:description\" content=\"Vertice Wanbao-Acc al Ministero dello Sviluppo economico, la propriet\u00e0 cinese chiede tempo: un mese per valutare la possibilit\u00e0 di nuovi investimenti o decidere la cessione a un altro soggetto. \u00c8 quanto emerso al termine dell\u2019incontro che si \u00e8 svolto oggi nella sede ministeriale tra la delegazione aziendale cinese guidata dall\u2019amministratore delegato del gruppo Haijiang Lu, [&hellip;]\" \/>\n<meta property=\"og:url\" content=\"https:\/\/www.bellunopress.it\/fr\/2019\/09\/24\/vertice-wanbao-acc-la-proprieta-cinese-chiede-tempo-nuovo-incontro-al-mise-il-24-ottobre\/\" \/>\n<meta property=\"og:site_name\" content=\"Bellunopress - Dolomiti\" \/>\n<meta property=\"article:publisher\" content=\"https:\/\/www.facebook.com\/profile.php?id=100008943462799\" \/>\n<meta property=\"article:published_time\" content=\"2019-09-24T18:40:32+00:00\" \/>\n<meta property=\"og:image\" content=\"http:\/\/www.bellunopress.it\/wp-content\/uploads\/2019\/09\/wambao-mel-sindacato-e-azienda.jpg\" \/>\n<meta name=\"author\" content=\"redazione\" \/>\n<meta name=\"twitter:card\" content=\"summary_large_image\" \/>\n<meta name=\"twitter:creator\" content=\"@bellunopress\" \/>\n<meta name=\"twitter:site\" content=\"@bellunopress\" \/>\n<meta name=\"twitter:label1\" content=\"\u00c9crit par\" \/>\n\t<meta name=\"twitter:data1\" content=\"redazione\" \/>\n\t<meta name=\"twitter:label2\" content=\"Dur\u00e9e de lecture estim\u00e9e\" \/>\n\t<meta name=\"twitter:data2\" content=\"3 minutes\" \/>\n<script type=\"application\/ld+json\" class=\"yoast-schema-graph\">{\"@context\":\"https:\\\/\\\/schema.org\",\"@graph\":[{\"@type\":\"Article\",\"@id\":\"https:\\\/\\\/www.bellunopress.it\\\/2019\\\/09\\\/24\\\/vertice-wanbao-acc-la-proprieta-cinese-chiede-tempo-nuovo-incontro-al-mise-il-24-ottobre\\\/#article\",\"isPartOf\":{\"@id\":\"https:\\\/\\\/www.bellunopress.it\\\/2019\\\/09\\\/24\\\/vertice-wanbao-acc-la-proprieta-cinese-chiede-tempo-nuovo-incontro-al-mise-il-24-ottobre\\\/\"},\"author\":{\"name\":\"redazione\",\"@id\":\"https:\\\/\\\/www.bellunopress.it\\\/#\\\/schema\\\/person\\\/79bb06722b37ece1c03d3e94beb30d73\"},\"headline\":\"Vertice Wanbao-Acc, la propriet\u00e0 cinese chiede tempo. Nuovo incontro al Mise il 24 ottobre\",\"datePublished\":\"2019-09-24T18:40:32+00:00\",\"mainEntityOfPage\":{\"@id\":\"https:\\\/\\\/www.bellunopress.it\\\/2019\\\/09\\\/24\\\/vertice-wanbao-acc-la-proprieta-cinese-chiede-tempo-nuovo-incontro-al-mise-il-24-ottobre\\\/\"},\"wordCount\":622,\"publisher\":{\"@id\":\"https:\\\/\\\/www.bellunopress.it\\\/#organization\"},\"image\":{\"@id\":\"https:\\\/\\\/www.bellunopress.it\\\/2019\\\/09\\\/24\\\/vertice-wanbao-acc-la-proprieta-cinese-chiede-tempo-nuovo-incontro-al-mise-il-24-ottobre\\\/#primaryimage\"},\"thumbnailUrl\":\"http:\\\/\\\/www.bellunopress.it\\\/wp-content\\\/uploads\\\/2019\\\/09\\\/wambao-mel-sindacato-e-azienda.jpg\",\"articleSection\":[\"Lavoro, Economia, Turismo\",\"Prima Pagina\"],\"inLanguage\":\"fr-FR\"},{\"@type\":\"WebPage\",\"@id\":\"https:\\\/\\\/www.bellunopress.it\\\/2019\\\/09\\\/24\\\/vertice-wanbao-acc-la-proprieta-cinese-chiede-tempo-nuovo-incontro-al-mise-il-24-ottobre\\\/\",\"url\":\"https:\\\/\\\/www.bellunopress.it\\\/2019\\\/09\\\/24\\\/vertice-wanbao-acc-la-proprieta-cinese-chiede-tempo-nuovo-incontro-al-mise-il-24-ottobre\\\/\",\"name\":\"Vertice Wanbao-Acc, la propriet\u00e0 cinese chiede tempo. Nuovo incontro al Mise il 24 ottobre - Bellunopress - Dolomiti\",\"isPartOf\":{\"@id\":\"https:\\\/\\\/www.bellunopress.it\\\/#website\"},\"primaryImageOfPage\":{\"@id\":\"https:\\\/\\\/www.bellunopress.it\\\/2019\\\/09\\\/24\\\/vertice-wanbao-acc-la-proprieta-cinese-chiede-tempo-nuovo-incontro-al-mise-il-24-ottobre\\\/#primaryimage\"},\"image\":{\"@id\":\"https:\\\/\\\/www.bellunopress.it\\\/2019\\\/09\\\/24\\\/vertice-wanbao-acc-la-proprieta-cinese-chiede-tempo-nuovo-incontro-al-mise-il-24-ottobre\\\/#primaryimage\"},\"thumbnailUrl\":\"http:\\\/\\\/www.bellunopress.it\\\/wp-content\\\/uploads\\\/2019\\\/09\\\/wambao-mel-sindacato-e-azienda.jpg\",\"datePublished\":\"2019-09-24T18:40:32+00:00\",\"breadcrumb\":{\"@id\":\"https:\\\/\\\/www.bellunopress.it\\\/2019\\\/09\\\/24\\\/vertice-wanbao-acc-la-proprieta-cinese-chiede-tempo-nuovo-incontro-al-mise-il-24-ottobre\\\/#breadcrumb\"},\"inLanguage\":\"fr-FR\",\"potentialAction\":[{\"@type\":\"ReadAction\",\"target\":[\"https:\\\/\\\/www.bellunopress.it\\\/2019\\\/09\\\/24\\\/vertice-wanbao-acc-la-proprieta-cinese-chiede-tempo-nuovo-incontro-al-mise-il-24-ottobre\\\/\"]}]},{\"@type\":\"ImageObject\",\"inLanguage\":\"fr-FR\",\"@id\":\"https:\\\/\\\/www.bellunopress.it\\\/2019\\\/09\\\/24\\\/vertice-wanbao-acc-la-proprieta-cinese-chiede-tempo-nuovo-incontro-al-mise-il-24-ottobre\\\/#primaryimage\",\"url\":\"http:\\\/\\\/www.bellunopress.it\\\/wp-content\\\/uploads\\\/2019\\\/09\\\/wambao-mel-sindacato-e-azienda.jpg\",\"contentUrl\":\"http:\\\/\\\/www.bellunopress.it\\\/wp-content\\\/uploads\\\/2019\\\/09\\\/wambao-mel-sindacato-e-azienda.jpg\"},{\"@type\":\"BreadcrumbList\",\"@id\":\"https:\\\/\\\/www.bellunopress.it\\\/2019\\\/09\\\/24\\\/vertice-wanbao-acc-la-proprieta-cinese-chiede-tempo-nuovo-incontro-al-mise-il-24-ottobre\\\/#breadcrumb\",\"itemListElement\":[{\"@type\":\"ListItem\",\"position\":1,\"name\":\"Home\",\"item\":\"https:\\\/\\\/www.bellunopress.it\\\/\"},{\"@type\":\"ListItem\",\"position\":2,\"name\":\"Vertice Wanbao-Acc, la propriet\u00e0 cinese chiede tempo. Nuovo incontro al Mise il 24 ottobre\"}]},{\"@type\":\"WebSite\",\"@id\":\"https:\\\/\\\/www.bellunopress.it\\\/#website\",\"url\":\"https:\\\/\\\/www.bellunopress.it\\\/\",\"name\":\"Bellunopress - Dolomiti\",\"description\":\"e-mail: redazione@bellunopress.it\",\"publisher\":{\"@id\":\"https:\\\/\\\/www.bellunopress.it\\\/#organization\"},\"potentialAction\":[{\"@type\":\"SearchAction\",\"target\":{\"@type\":\"EntryPoint\",\"urlTemplate\":\"https:\\\/\\\/www.bellunopress.it\\\/?s={search_term_string}\"},\"query-input\":{\"@type\":\"PropertyValueSpecification\",\"valueRequired\":true,\"valueName\":\"search_term_string\"}}],\"inLanguage\":\"fr-FR\"},{\"@type\":\"Organization\",\"@id\":\"https:\\\/\\\/www.bellunopress.it\\\/#organization\",\"name\":\"Bellunopress\",\"url\":\"https:\\\/\\\/www.bellunopress.it\\\/\",\"logo\":{\"@type\":\"ImageObject\",\"inLanguage\":\"fr-FR\",\"@id\":\"https:\\\/\\\/www.bellunopress.it\\\/#\\\/schema\\\/logo\\\/image\\\/\",\"url\":\"https:\\\/\\\/www.bellunopress.it\\\/wp-content\\\/uploads\\\/2011\\\/05\\\/cropped-logo-bellunopress-.jpg\",\"contentUrl\":\"https:\\\/\\\/www.bellunopress.it\\\/wp-content\\\/uploads\\\/2011\\\/05\\\/cropped-logo-bellunopress-.jpg\",\"width\":512,\"height\":512,\"caption\":\"Bellunopress\"},\"image\":{\"@id\":\"https:\\\/\\\/www.bellunopress.it\\\/#\\\/schema\\\/logo\\\/image\\\/\"},\"sameAs\":[\"https:\\\/\\\/www.facebook.com\\\/profile.php?id=100008943462799\",\"https:\\\/\\\/x.com\\\/bellunopress\",\"https:\\\/\\\/www.linkedin.com\\\/hp\\\/?dnr=JBzUWaJfMUw8vbXJJ2tVW5-I3jZKvC4wsoxE&amp;amp;amp;amp;amp;amp;trk=nav_responsive_tab_home\",\"https:\\\/\\\/www.youtube.com\\\/channel\\\/UCxL0wu1uN0_3_7hGG0306cw\"]},{\"@type\":\"Person\",\"@id\":\"https:\\\/\\\/www.bellunopress.it\\\/#\\\/schema\\\/person\\\/79bb06722b37ece1c03d3e94beb30d73\",\"name\":\"redazione\",\"image\":{\"@type\":\"ImageObject\",\"inLanguage\":\"fr-FR\",\"@id\":\"https:\\\/\\\/secure.gravatar.com\\\/avatar\\\/37d968a2e67a6fd04c169c4bdef102d0bc5d31b2546345219e348575eb80e9a0?s=96&d=mm&r=g\",\"url\":\"https:\\\/\\\/secure.gravatar.com\\\/avatar\\\/37d968a2e67a6fd04c169c4bdef102d0bc5d31b2546345219e348575eb80e9a0?s=96&d=mm&r=g\",\"contentUrl\":\"https:\\\/\\\/secure.gravatar.com\\\/avatar\\\/37d968a2e67a6fd04c169c4bdef102d0bc5d31b2546345219e348575eb80e9a0?s=96&d=mm&r=g\",\"caption\":\"redazione\"},\"sameAs\":[\"http:\\\/\\\/www.bellunopress.it\",\"https:\\\/\\\/x.com\\\/bellunopress\"],\"url\":\"https:\\\/\\\/www.bellunopress.it\\\/fr\\\/author\\\/redazione\\\/\"}]}<\/script>\n<!-- \/ Yoast SEO plugin. -->","yoast_head_json":{"title":"Vertice Wanbao-Acc, la propriet\u00e0 cinese chiede tempo. Nuovo incontro al Mise il 24 ottobre - Bellunopress - Dolomiti","robots":{"index":"index","follow":"follow","max-snippet":"max-snippet:-1","max-image-preview":"max-image-preview:large","max-video-preview":"max-video-preview:-1"},"canonical":"https:\/\/www.bellunopress.it\/fr\/2019\/09\/24\/vertice-wanbao-acc-la-proprieta-cinese-chiede-tempo-nuovo-incontro-al-mise-il-24-ottobre\/","og_locale":"fr_FR","og_type":"article","og_title":"Vertice Wanbao-Acc, la propriet\u00e0 cinese chiede tempo. Nuovo incontro al Mise il 24 ottobre - Bellunopress - Dolomiti","og_description":"Vertice Wanbao-Acc al Ministero dello Sviluppo economico, la propriet\u00e0 cinese chiede tempo: un mese per valutare la possibilit\u00e0 di nuovi investimenti o decidere la cessione a un altro soggetto. \u00c8 quanto emerso al termine dell\u2019incontro che si \u00e8 svolto oggi nella sede ministeriale tra la delegazione aziendale cinese guidata dall\u2019amministratore delegato del gruppo Haijiang Lu, [&hellip;]","og_url":"https:\/\/www.bellunopress.it\/fr\/2019\/09\/24\/vertice-wanbao-acc-la-proprieta-cinese-chiede-tempo-nuovo-incontro-al-mise-il-24-ottobre\/","og_site_name":"Bellunopress - Dolomiti","article_publisher":"https:\/\/www.facebook.com\/profile.php?id=100008943462799","article_published_time":"2019-09-24T18:40:32+00:00","og_image":[{"url":"http:\/\/www.bellunopress.it\/wp-content\/uploads\/2019\/09\/wambao-mel-sindacato-e-azienda.jpg","type":"","width":"","height":""}],"author":"redazione","twitter_card":"summary_large_image","twitter_creator":"@bellunopress","twitter_site":"@bellunopress","twitter_misc":{"\u00c9crit par":"redazione","Dur\u00e9e de lecture estim\u00e9e":"3 minutes"},"schema":{"@context":"https:\/\/schema.org","@graph":[{"@type":"Article","@id":"https:\/\/www.bellunopress.it\/2019\/09\/24\/vertice-wanbao-acc-la-proprieta-cinese-chiede-tempo-nuovo-incontro-al-mise-il-24-ottobre\/#article","isPartOf":{"@id":"https:\/\/www.bellunopress.it\/2019\/09\/24\/vertice-wanbao-acc-la-proprieta-cinese-chiede-tempo-nuovo-incontro-al-mise-il-24-ottobre\/"},"author":{"name":"redazione","@id":"https:\/\/www.bellunopress.it\/#\/schema\/person\/79bb06722b37ece1c03d3e94beb30d73"},"headline":"Vertice Wanbao-Acc, la propriet\u00e0 cinese chiede tempo. Nuovo incontro al Mise il 24 ottobre","datePublished":"2019-09-24T18:40:32+00:00","mainEntityOfPage":{"@id":"https:\/\/www.bellunopress.it\/2019\/09\/24\/vertice-wanbao-acc-la-proprieta-cinese-chiede-tempo-nuovo-incontro-al-mise-il-24-ottobre\/"},"wordCount":622,"publisher":{"@id":"https:\/\/www.bellunopress.it\/#organization"},"image":{"@id":"https:\/\/www.bellunopress.it\/2019\/09\/24\/vertice-wanbao-acc-la-proprieta-cinese-chiede-tempo-nuovo-incontro-al-mise-il-24-ottobre\/#primaryimage"},"thumbnailUrl":"http:\/\/www.bellunopress.it\/wp-content\/uploads\/2019\/09\/wambao-mel-sindacato-e-azienda.jpg","articleSection":["Lavoro, Economia, Turismo","Prima Pagina"],"inLanguage":"fr-FR"},{"@type":"WebPage","@id":"https:\/\/www.bellunopress.it\/2019\/09\/24\/vertice-wanbao-acc-la-proprieta-cinese-chiede-tempo-nuovo-incontro-al-mise-il-24-ottobre\/","url":"https:\/\/www.bellunopress.it\/2019\/09\/24\/vertice-wanbao-acc-la-proprieta-cinese-chiede-tempo-nuovo-incontro-al-mise-il-24-ottobre\/","name":"Vertice Wanbao-Acc, la propriet\u00e0 cinese chiede tempo. Nuovo incontro al Mise il 24 ottobre - Bellunopress - Dolomiti","isPartOf":{"@id":"https:\/\/www.bellunopress.it\/#website"},"primaryImageOfPage":{"@id":"https:\/\/www.bellunopress.it\/2019\/09\/24\/vertice-wanbao-acc-la-proprieta-cinese-chiede-tempo-nuovo-incontro-al-mise-il-24-ottobre\/#primaryimage"},"image":{"@id":"https:\/\/www.bellunopress.it\/2019\/09\/24\/vertice-wanbao-acc-la-proprieta-cinese-chiede-tempo-nuovo-incontro-al-mise-il-24-ottobre\/#primaryimage"},"thumbnailUrl":"http:\/\/www.bellunopress.it\/wp-content\/uploads\/2019\/09\/wambao-mel-sindacato-e-azienda.jpg","datePublished":"2019-09-24T18:40:32+00:00","breadcrumb":{"@id":"https:\/\/www.bellunopress.it\/2019\/09\/24\/vertice-wanbao-acc-la-proprieta-cinese-chiede-tempo-nuovo-incontro-al-mise-il-24-ottobre\/#breadcrumb"},"inLanguage":"fr-FR","potentialAction":[{"@type":"ReadAction","target":["https:\/\/www.bellunopress.it\/2019\/09\/24\/vertice-wanbao-acc-la-proprieta-cinese-chiede-tempo-nuovo-incontro-al-mise-il-24-ottobre\/"]}]},{"@type":"ImageObject","inLanguage":"fr-FR","@id":"https:\/\/www.bellunopress.it\/2019\/09\/24\/vertice-wanbao-acc-la-proprieta-cinese-chiede-tempo-nuovo-incontro-al-mise-il-24-ottobre\/#primaryimage","url":"http:\/\/www.bellunopress.it\/wp-content\/uploads\/2019\/09\/wambao-mel-sindacato-e-azienda.jpg","contentUrl":"http:\/\/www.bellunopress.it\/wp-content\/uploads\/2019\/09\/wambao-mel-sindacato-e-azienda.jpg"},{"@type":"BreadcrumbList","@id":"https:\/\/www.bellunopress.it\/2019\/09\/24\/vertice-wanbao-acc-la-proprieta-cinese-chiede-tempo-nuovo-incontro-al-mise-il-24-ottobre\/#breadcrumb","itemListElement":[{"@type":"ListItem","position":1,"name":"Home","item":"https:\/\/www.bellunopress.it\/"},{"@type":"ListItem","position":2,"name":"Vertice Wanbao-Acc, la propriet\u00e0 cinese chiede tempo. Nuovo incontro al Mise il 24 ottobre"}]},{"@type":"WebSite","@id":"https:\/\/www.bellunopress.it\/#website","url":"https:\/\/www.bellunopress.it\/","name":"Bellunopress - Dolomiti","description":"e-mail: redazione@bellunopress.it","publisher":{"@id":"https:\/\/www.bellunopress.it\/#organization"},"potentialAction":[{"@type":"SearchAction","target":{"@type":"EntryPoint","urlTemplate":"https:\/\/www.bellunopress.it\/?s={search_term_string}"},"query-input":{"@type":"PropertyValueSpecification","valueRequired":true,"valueName":"search_term_string"}}],"inLanguage":"fr-FR"},{"@type":"Organization","@id":"https:\/\/www.bellunopress.it\/#organization","name":"Bellunopress","url":"https:\/\/www.bellunopress.it\/","logo":{"@type":"ImageObject","inLanguage":"fr-FR","@id":"https:\/\/www.bellunopress.it\/#\/schema\/logo\/image\/","url":"https:\/\/www.bellunopress.it\/wp-content\/uploads\/2011\/05\/cropped-logo-bellunopress-.jpg","contentUrl":"https:\/\/www.bellunopress.it\/wp-content\/uploads\/2011\/05\/cropped-logo-bellunopress-.jpg","width":512,"height":512,"caption":"Bellunopress"},"image":{"@id":"https:\/\/www.bellunopress.it\/#\/schema\/logo\/image\/"},"sameAs":["https:\/\/www.facebook.com\/profile.php?id=100008943462799","https:\/\/x.com\/bellunopress","https:\/\/www.linkedin.com\/hp\/?dnr=JBzUWaJfMUw8vbXJJ2tVW5-I3jZKvC4wsoxE&amp;amp;amp;amp;amp;amp;trk=nav_responsive_tab_home","https:\/\/www.youtube.com\/channel\/UCxL0wu1uN0_3_7hGG0306cw"]},{"@type":"Person","@id":"https:\/\/www.bellunopress.it\/#\/schema\/person\/79bb06722b37ece1c03d3e94beb30d73","name":"r\u00e9daction","image":{"@type":"ImageObject","inLanguage":"fr-FR","@id":"https:\/\/secure.gravatar.com\/avatar\/37d968a2e67a6fd04c169c4bdef102d0bc5d31b2546345219e348575eb80e9a0?s=96&d=mm&r=g","url":"https:\/\/secure.gravatar.com\/avatar\/37d968a2e67a6fd04c169c4bdef102d0bc5d31b2546345219e348575eb80e9a0?s=96&d=mm&r=g","contentUrl":"https:\/\/secure.gravatar.com\/avatar\/37d968a2e67a6fd04c169c4bdef102d0bc5d31b2546345219e348575eb80e9a0?s=96&d=mm&r=g","caption":"redazione"},"sameAs":["http:\/\/www.bellunopress.it","https:\/\/x.com\/bellunopress"],"url":"https:\/\/www.bellunopress.it\/fr\/author\/redazione\/"}]}},"_links":{"self":[{"href":"https:\/\/www.bellunopress.it\/fr\/wp-json\/wp\/v2\/posts\/108154","targetHints":{"allow":["GET"]}}],"collection":[{"href":"https:\/\/www.bellunopress.it\/fr\/wp-json\/wp\/v2\/posts"}],"about":[{"href":"https:\/\/www.bellunopress.it\/fr\/wp-json\/wp\/v2\/types\/post"}],"author":[{"embeddable":true,"href":"https:\/\/www.bellunopress.it\/fr\/wp-json\/wp\/v2\/users\/2"}],"replies":[{"embeddable":true,"href":"https:\/\/www.bellunopress.it\/fr\/wp-json\/wp\/v2\/comments?post=108154"}],"version-history":[{"count":1,"href":"https:\/\/www.bellunopress.it\/fr\/wp-json\/wp\/v2\/posts\/108154\/revisions"}],"predecessor-version":[{"id":108155,"href":"https:\/\/www.bellunopress.it\/fr\/wp-json\/wp\/v2\/posts\/108154\/revisions\/108155"}],"wp:attachment":[{"href":"https:\/\/www.bellunopress.it\/fr\/wp-json\/wp\/v2\/media?parent=108154"}],"wp:term":[{"taxonomy":"category","embeddable":true,"href":"https:\/\/www.bellunopress.it\/fr\/wp-json\/wp\/v2\/categories?post=108154"},{"taxonomy":"post_tag","embeddable":true,"href":"https:\/\/www.bellunopress.it\/fr\/wp-json\/wp\/v2\/tags?post=108154"}],"curies":[{"name":"wp","href":"https:\/\/api.w.org\/{rel}","templated":true}]}}