{"id":108150,"date":"2019-09-24T17:54:53","date_gmt":"2019-09-24T15:54:53","guid":{"rendered":"http:\/\/www.bellunopress.it\/?p=108150"},"modified":"2019-09-24T17:54:55","modified_gmt":"2019-09-24T15:54:55","slug":"ne-dio-ne-evoluzione-le-nostre-origini-sono-extraterrestri-ed-entro-il-2035-gli-elohim-arriveranno-sulla-terra-giovedi-a-riva-del-garda-sbarca-la-convention-dei-raeliani","status":"publish","type":"post","link":"https:\/\/www.bellunopress.it\/fr\/2019\/09\/24\/ne-dio-ne-evoluzione-le-nostre-origini-sono-extraterrestri-ed-entro-il-2035-gli-elohim-arriveranno-sulla-terra-giovedi-a-riva-del-garda-sbarca-la-convention-dei-raeliani\/","title":{"rendered":"\u201cN\u00e9 dio n\u00e9 evoluzione: le nostre origini sono extraterrestri ed entro il 2035 gli Elohim arriveranno sulla terra\u201d. Gioved\u00ec a Riva del Garda sbarca la convention dei raeliani"},"content":{"rendered":"<p><em>La citt\u00e0 gardesana \u00e8 stata scelta perch\u00e9 da anni ospita una comunit\u00e0 molto attiva di raeliani che promettono: \u201cEntro il 2035 gli Elohim giungeranno sulla terra ma solo dopo che la loro ambasciata sar\u00e0 costruita\u201d<\/em><\/p>\n<figure id=\"attachment_108151\" aria-describedby=\"caption-attachment-108151\" style=\"width: 219px\" class=\"wp-caption alignleft\"><a href=\"http:\/\/www.bellunopress.it\/fr\/2019\/09\/24\/ne-dio-ne-evoluzione-le-nostre-origini-sono-extraterrestri-ed-entro-il-2035-gli-elohim-arriveranno-sulla-terra-giovedi-a-riva-del-garda-sbarca-la-convention-dei-raeliani\/claude-maurice-marcel-vorilhon-conosciuto-come-rael-fondatore-del-movimento-raeliano\/\" rel=\"attachment wp-att-108151\"><img loading=\"lazy\" decoding=\"async\" class=\"size-full wp-image-108151\" src=\"http:\/\/www.bellunopress.it\/wp-content\/uploads\/2019\/09\/Claude-Maurice-Marcel-Vorilhon-conosciuto-come-R\u00e4el-fondatore-del-Movimento-raeliano.jpg\" alt=\"\" width=\"219\" height=\"261\" \/><\/a><figcaption id=\"caption-attachment-108151\" class=\"wp-caption-text\">Claude Maurice Marcel Vorilhon, conosciuto come R\u00e4el fondatore del Movimento raeliano<\/figcaption><\/figure>\n<p>Mos\u00e8, Buddha, Ges\u00f9, Maometto, ma anche Elia, Ezechiele, Mahavira, Joseph Smith e Bah\u00e1&#8217;u&#8217;ll\u00e1h ci sono tutti i grandi profeti di alcune delle religioni pi\u00f9 diffuse al mondo, ma per i raeliani non si tratterebbe di predicatori dalla discendenza divina, bens\u00ec di uomini contattati dagli extraterrestri, gli Elohim, affinch\u00e9 agissero come loro messaggeri sulla Terra.<\/p>\n<p>Se non ne avete ancora sentito parlare non c\u2019\u00e8 da meravigliarsi dal momento che questo movimento religioso \u00e8 ancora poco diffuso. Nel nostro paese si contano all\u2019incirca 500 seguaci mentre nel mondo si arriva a 120mila distribuiti in circa 110 nazioni diverse.<\/p>\n<p>I raeliani promuovono idee sociali come l\u2019autodeterminazione sessuale, che unita a uno spirito di responsabilit\u00e0 e condivisione dovrebbe condurci verso una nuova era di pace e benessere.<\/p>\n<p>Per fare questo sostengono anche la necessit\u00e0 che si instauri una nuova forma di governa: la geniocrazia. Un sistema che vede nelle capacit\u00e0 di problem-solving, creativit\u00e0 e intelligenza i criteri per l&#8217;attribuzione dei diritti elettorali, nella geniocrazia solo i cittadini con un certo livello di Quoziente intellettivo potrebbero votare, mentre per candidarsi si dovrebbe superare una soglia ancora pi\u00f9 alta.<\/p>\n<p>Ad ogni modo gioved\u00ec 26 settembre, alle 20.30 nella Sala della Rocca, il movimento raeliano terr\u00e0 una conferenza a Riva del Garda, dove sar\u00e0 presente anche Marco Franceschini guida del culto nonch\u00e9 responsabile nazionale del movimento raeliano.<\/p>\n<p>Al centro del dibattito ci saranno le origini della vita sulla Terra: \u201cNoi portiamo avanti una nuova ipotesi che non contempla n\u00e9 la creazione divina n\u00e9 la teoria evoluzionistica di Darwin ma al contrario fa risalire le nostre origini a delle entit\u00e0 extraterrestri\u201d.<\/p>\n<p>Infatti secondo le credenze dei raeliani ad aver creato gli esseri umani sarebbero stati degli extraterrestri scientificamente avanzati, chiamati Elohim, che avrebbero creato la vita sulla Terra attraverso l&#8217;ingegneria genetica.<\/p>\n<p>\u201cIn tutte le antiche religioni ci sono le testimonianze di questa creazione\u201d, sostiene Franceschini. Ma non solo, perch\u00e9 secondo i raeliani stiamo vivendo in un\u2019epoca fondamentale in cui per la prima volta si \u00e8 raggiunto un livello di competenza scientifica tale da permetterci di comprendere queste rivelazioni.<\/p>\n<p>\u201cUn secolo fa tutto questo era incomprensibile per i nostri antenati, non \u00e8 per caso che il messaggio arriva proprio adesso\u201d. Riva del Garda \u00e8 stata scelta perch\u00e9 da anni ospita una comunit\u00e0 molto attiva di raeliani, inoltre l\u2019evento gardesano si inserisce all\u2019interno di un calendario pi\u00f9 grande fatto di conferenza che si tengono in tutta Italia.<\/p>\n<p>Un altro tema fondamentale per questo credo \u00e8 la creazione di un\u2019ambasciata che dovr\u00e0 accogliere gli Elohim che torneranno sulla Terra. Per fare questo i raeliani chiedono che uno stato si faccia avanti per donare loro almeno 4 chilometri quadrati di terreno dove far sorgere l\u2019edificio promettendo per\u00f2, che la nazione che si far\u00e0 avanti ricever\u00e0 in compenso decine di miliardi di dollari di introiti per l\u2019ospitalit\u00e0 offerta ma anche la protezione degli stessi extraterrestri.<\/p>\n<p>In questo senso anche il Trentino potrebbe essere il luogo adatto: \u201cL\u2019obiettivo del movimento raeliano \u00e8 quello creare le condizioni per la costruzione di un\u2019ambasciata ufficiale che accoglier\u00e0 la civilt\u00e0 extraterrestre. Che per\u00f2 \u2013 precisa sempre Franceschini \u2013 non arriveranno mai senza prima essere invitati\u201d, questo per non far temere un\u2019invasione.<\/p>\n<p>Franceschini ne \u00e8 certo, quando ci saranno le condizioni adatte, cio\u00e8 quando l\u2019ambasciata sar\u00e0 realizzata, gli Elohim arriveranno sulla Terra entro il 2035: \u201cI tempi sono maturi \u2013 promette la guida raeliana \u2013 questo rappresenter\u00e0 il momento pi\u00f9 importante della storia dell\u2019umanit\u00e0\u201d.<\/p>\n<p>Di Tiziano Grottolo &#8211; 23 settembre 2019\u00a0 <a href=\"https:\/\/www.ildolomiti.it\/societa\/2019\/ne-dio-ne-evoluzione-le-nostre-origini-sono-extraterrestri-ed-entro-il-2035-gli-elohim-arriveranno-sulla-terra-a-riva-sbarca-la-convention-dei-raeliani?fbclid=IwAR2qmz1cqtf5KgRkB7oUDJapOrS_Rr6F7Gm1j6DKH2gHs8tV4Latp526CFs#\">(ildolomiti.it)<\/a><\/p>\n<p>&nbsp;<\/p>","protected":false},"excerpt":{"rendered":"<p>La citt\u00e0 gardesana \u00e8 stata scelta perch\u00e9 da anni ospita una comunit\u00e0 molto attiva di raeliani che promettono: \u201cEntro il 2035 gli Elohim giungeranno sulla terra ma solo dopo che la loro ambasciata sar\u00e0 costruita\u201d Mos\u00e8, Buddha, Ges\u00f9, Maometto, ma anche Elia, Ezechiele, Mahavira, Joseph Smith e Bah\u00e1&#8217;u&#8217;ll\u00e1h ci sono tutti i grandi profeti di [&hellip;]<\/p>\n","protected":false},"author":2,"featured_media":0,"comment_status":"closed","ping_status":"open","sticky":false,"template":"","format":"standard","meta":{"footnotes":""},"categories":[27,3394,26],"tags":[],"class_list":["post-108150","post","type-post","status-publish","format-standard","category-appuntamenti","category-cultura-e-spettacoli-fuori-provincia","category-prima-pagina"],"yoast_head":"<!-- This site is optimized with the Yoast SEO plugin v28.4 - https:\/\/yoast.com\/product\/yoast-seo-wordpress\/ -->\n<title>\u201cN\u00e9 dio n\u00e9 evoluzione: le nostre origini sono extraterrestri ed entro il 2035 gli Elohim arriveranno sulla terra\u201d. Gioved\u00ec a Riva del Garda sbarca la convention dei raeliani - Bellunopress - Dolomiti<\/title>\n<meta name=\"robots\" content=\"index, follow, max-snippet:-1, max-image-preview:large, max-video-preview:-1\" \/>\n<link rel=\"canonical\" href=\"https:\/\/www.bellunopress.it\/fr\/2019\/09\/24\/ne-dio-ne-evoluzione-le-nostre-origini-sono-extraterrestri-ed-entro-il-2035-gli-elohim-arriveranno-sulla-terra-giovedi-a-riva-del-garda-sbarca-la-convention-dei-raeliani\/\" \/>\n<meta property=\"og:locale\" content=\"fr_FR\" \/>\n<meta property=\"og:type\" content=\"article\" \/>\n<meta property=\"og:title\" content=\"\u201cN\u00e9 dio n\u00e9 evoluzione: le nostre origini sono extraterrestri ed entro il 2035 gli Elohim arriveranno sulla terra\u201d. Gioved\u00ec a Riva del Garda sbarca la convention dei raeliani - Bellunopress - Dolomiti\" \/>\n<meta property=\"og:description\" content=\"La citt\u00e0 gardesana \u00e8 stata scelta perch\u00e9 da anni ospita una comunit\u00e0 molto attiva di raeliani che promettono: \u201cEntro il 2035 gli Elohim giungeranno sulla terra ma solo dopo che la loro ambasciata sar\u00e0 costruita\u201d Mos\u00e8, Buddha, Ges\u00f9, Maometto, ma anche Elia, Ezechiele, Mahavira, Joseph Smith e Bah\u00e1&#8217;u&#8217;ll\u00e1h ci sono tutti i grandi profeti di [&hellip;]\" \/>\n<meta property=\"og:url\" content=\"https:\/\/www.bellunopress.it\/fr\/2019\/09\/24\/ne-dio-ne-evoluzione-le-nostre-origini-sono-extraterrestri-ed-entro-il-2035-gli-elohim-arriveranno-sulla-terra-giovedi-a-riva-del-garda-sbarca-la-convention-dei-raeliani\/\" \/>\n<meta property=\"og:site_name\" content=\"Bellunopress - Dolomiti\" \/>\n<meta property=\"article:publisher\" content=\"https:\/\/www.facebook.com\/profile.php?id=100008943462799\" \/>\n<meta property=\"article:published_time\" content=\"2019-09-24T15:54:53+00:00\" \/>\n<meta property=\"article:modified_time\" content=\"2019-09-24T15:54:55+00:00\" \/>\n<meta property=\"og:image\" content=\"http:\/\/www.bellunopress.it\/wp-content\/uploads\/2019\/09\/Claude-Maurice-Marcel-Vorilhon-conosciuto-come-R\u00e4el-fondatore-del-Movimento-raeliano.jpg\" \/>\n<meta name=\"author\" content=\"redazione\" \/>\n<meta name=\"twitter:card\" content=\"summary_large_image\" \/>\n<meta name=\"twitter:creator\" content=\"@bellunopress\" \/>\n<meta name=\"twitter:site\" content=\"@bellunopress\" \/>\n<meta name=\"twitter:label1\" content=\"\u00c9crit par\" \/>\n\t<meta name=\"twitter:data1\" content=\"redazione\" \/>\n\t<meta name=\"twitter:label2\" content=\"Dur\u00e9e de lecture estim\u00e9e\" \/>\n\t<meta name=\"twitter:data2\" content=\"3 minutes\" \/>\n<script type=\"application\/ld+json\" class=\"yoast-schema-graph\">{\"@context\":\"https:\\\/\\\/schema.org\",\"@graph\":[{\"@type\":\"Article\",\"@id\":\"https:\\\/\\\/www.bellunopress.it\\\/2019\\\/09\\\/24\\\/ne-dio-ne-evoluzione-le-nostre-origini-sono-extraterrestri-ed-entro-il-2035-gli-elohim-arriveranno-sulla-terra-giovedi-a-riva-del-garda-sbarca-la-convention-dei-raeliani\\\/#article\",\"isPartOf\":{\"@id\":\"https:\\\/\\\/www.bellunopress.it\\\/2019\\\/09\\\/24\\\/ne-dio-ne-evoluzione-le-nostre-origini-sono-extraterrestri-ed-entro-il-2035-gli-elohim-arriveranno-sulla-terra-giovedi-a-riva-del-garda-sbarca-la-convention-dei-raeliani\\\/\"},\"author\":{\"name\":\"redazione\",\"@id\":\"https:\\\/\\\/www.bellunopress.it\\\/#\\\/schema\\\/person\\\/79bb06722b37ece1c03d3e94beb30d73\"},\"headline\":\"\u201cN\u00e9 dio n\u00e9 evoluzione: le nostre origini sono extraterrestri ed entro il 2035 gli Elohim arriveranno sulla terra\u201d. Gioved\u00ec a Riva del Garda sbarca la convention dei raeliani\",\"datePublished\":\"2019-09-24T15:54:53+00:00\",\"dateModified\":\"2019-09-24T15:54:55+00:00\",\"mainEntityOfPage\":{\"@id\":\"https:\\\/\\\/www.bellunopress.it\\\/2019\\\/09\\\/24\\\/ne-dio-ne-evoluzione-le-nostre-origini-sono-extraterrestri-ed-entro-il-2035-gli-elohim-arriveranno-sulla-terra-giovedi-a-riva-del-garda-sbarca-la-convention-dei-raeliani\\\/\"},\"wordCount\":653,\"publisher\":{\"@id\":\"https:\\\/\\\/www.bellunopress.it\\\/#organization\"},\"articleSection\":[\"Appuntamenti, Eventi\",\"Cultura e spettacoli, tempo libero, benessere, fuori provincia\",\"Prima Pagina\"],\"inLanguage\":\"fr-FR\"},{\"@type\":\"WebPage\",\"@id\":\"https:\\\/\\\/www.bellunopress.it\\\/2019\\\/09\\\/24\\\/ne-dio-ne-evoluzione-le-nostre-origini-sono-extraterrestri-ed-entro-il-2035-gli-elohim-arriveranno-sulla-terra-giovedi-a-riva-del-garda-sbarca-la-convention-dei-raeliani\\\/\",\"url\":\"https:\\\/\\\/www.bellunopress.it\\\/2019\\\/09\\\/24\\\/ne-dio-ne-evoluzione-le-nostre-origini-sono-extraterrestri-ed-entro-il-2035-gli-elohim-arriveranno-sulla-terra-giovedi-a-riva-del-garda-sbarca-la-convention-dei-raeliani\\\/\",\"name\":\"\u201cN\u00e9 dio n\u00e9 evoluzione: le nostre origini sono extraterrestri ed entro il 2035 gli Elohim arriveranno sulla terra\u201d. Gioved\u00ec a Riva del Garda sbarca la convention dei raeliani - Bellunopress - Dolomiti\",\"isPartOf\":{\"@id\":\"https:\\\/\\\/www.bellunopress.it\\\/#website\"},\"datePublished\":\"2019-09-24T15:54:53+00:00\",\"dateModified\":\"2019-09-24T15:54:55+00:00\",\"breadcrumb\":{\"@id\":\"https:\\\/\\\/www.bellunopress.it\\\/2019\\\/09\\\/24\\\/ne-dio-ne-evoluzione-le-nostre-origini-sono-extraterrestri-ed-entro-il-2035-gli-elohim-arriveranno-sulla-terra-giovedi-a-riva-del-garda-sbarca-la-convention-dei-raeliani\\\/#breadcrumb\"},\"inLanguage\":\"fr-FR\",\"potentialAction\":[{\"@type\":\"ReadAction\",\"target\":[\"https:\\\/\\\/www.bellunopress.it\\\/2019\\\/09\\\/24\\\/ne-dio-ne-evoluzione-le-nostre-origini-sono-extraterrestri-ed-entro-il-2035-gli-elohim-arriveranno-sulla-terra-giovedi-a-riva-del-garda-sbarca-la-convention-dei-raeliani\\\/\"]}]},{\"@type\":\"BreadcrumbList\",\"@id\":\"https:\\\/\\\/www.bellunopress.it\\\/2019\\\/09\\\/24\\\/ne-dio-ne-evoluzione-le-nostre-origini-sono-extraterrestri-ed-entro-il-2035-gli-elohim-arriveranno-sulla-terra-giovedi-a-riva-del-garda-sbarca-la-convention-dei-raeliani\\\/#breadcrumb\",\"itemListElement\":[{\"@type\":\"ListItem\",\"position\":1,\"name\":\"Home\",\"item\":\"https:\\\/\\\/www.bellunopress.it\\\/\"},{\"@type\":\"ListItem\",\"position\":2,\"name\":\"\u201cN\u00e9 dio n\u00e9 evoluzione: le nostre origini sono extraterrestri ed entro il 2035 gli Elohim arriveranno sulla terra\u201d. Gioved\u00ec a Riva del Garda sbarca la convention dei raeliani\"}]},{\"@type\":\"WebSite\",\"@id\":\"https:\\\/\\\/www.bellunopress.it\\\/#website\",\"url\":\"https:\\\/\\\/www.bellunopress.it\\\/\",\"name\":\"Bellunopress - Dolomiti\",\"description\":\"e-mail: redazione@bellunopress.it\",\"publisher\":{\"@id\":\"https:\\\/\\\/www.bellunopress.it\\\/#organization\"},\"potentialAction\":[{\"@type\":\"SearchAction\",\"target\":{\"@type\":\"EntryPoint\",\"urlTemplate\":\"https:\\\/\\\/www.bellunopress.it\\\/?s={search_term_string}\"},\"query-input\":{\"@type\":\"PropertyValueSpecification\",\"valueRequired\":true,\"valueName\":\"search_term_string\"}}],\"inLanguage\":\"fr-FR\"},{\"@type\":\"Organization\",\"@id\":\"https:\\\/\\\/www.bellunopress.it\\\/#organization\",\"name\":\"Bellunopress\",\"url\":\"https:\\\/\\\/www.bellunopress.it\\\/\",\"logo\":{\"@type\":\"ImageObject\",\"inLanguage\":\"fr-FR\",\"@id\":\"https:\\\/\\\/www.bellunopress.it\\\/#\\\/schema\\\/logo\\\/image\\\/\",\"url\":\"https:\\\/\\\/www.bellunopress.it\\\/wp-content\\\/uploads\\\/2011\\\/05\\\/cropped-logo-bellunopress-.jpg\",\"contentUrl\":\"https:\\\/\\\/www.bellunopress.it\\\/wp-content\\\/uploads\\\/2011\\\/05\\\/cropped-logo-bellunopress-.jpg\",\"width\":512,\"height\":512,\"caption\":\"Bellunopress\"},\"image\":{\"@id\":\"https:\\\/\\\/www.bellunopress.it\\\/#\\\/schema\\\/logo\\\/image\\\/\"},\"sameAs\":[\"https:\\\/\\\/www.facebook.com\\\/profile.php?id=100008943462799\",\"https:\\\/\\\/x.com\\\/bellunopress\",\"https:\\\/\\\/www.linkedin.com\\\/hp\\\/?dnr=JBzUWaJfMUw8vbXJJ2tVW5-I3jZKvC4wsoxE&amp;amp;amp;amp;amp;amp;trk=nav_responsive_tab_home\",\"https:\\\/\\\/www.youtube.com\\\/channel\\\/UCxL0wu1uN0_3_7hGG0306cw\"]},{\"@type\":\"Person\",\"@id\":\"https:\\\/\\\/www.bellunopress.it\\\/#\\\/schema\\\/person\\\/79bb06722b37ece1c03d3e94beb30d73\",\"name\":\"redazione\",\"image\":{\"@type\":\"ImageObject\",\"inLanguage\":\"fr-FR\",\"@id\":\"https:\\\/\\\/secure.gravatar.com\\\/avatar\\\/37d968a2e67a6fd04c169c4bdef102d0bc5d31b2546345219e348575eb80e9a0?s=96&d=mm&r=g\",\"url\":\"https:\\\/\\\/secure.gravatar.com\\\/avatar\\\/37d968a2e67a6fd04c169c4bdef102d0bc5d31b2546345219e348575eb80e9a0?s=96&d=mm&r=g\",\"contentUrl\":\"https:\\\/\\\/secure.gravatar.com\\\/avatar\\\/37d968a2e67a6fd04c169c4bdef102d0bc5d31b2546345219e348575eb80e9a0?s=96&d=mm&r=g\",\"caption\":\"redazione\"},\"sameAs\":[\"http:\\\/\\\/www.bellunopress.it\",\"https:\\\/\\\/x.com\\\/bellunopress\"],\"url\":\"https:\\\/\\\/www.bellunopress.it\\\/fr\\\/author\\\/redazione\\\/\"}]}<\/script>\n<!-- \/ Yoast SEO plugin. -->","yoast_head_json":{"title":"\u201cN\u00e9 dio n\u00e9 evoluzione: le nostre origini sono extraterrestri ed entro il 2035 gli Elohim arriveranno sulla terra\u201d. Gioved\u00ec a Riva del Garda sbarca la convention dei raeliani - Bellunopress - Dolomiti","robots":{"index":"index","follow":"follow","max-snippet":"max-snippet:-1","max-image-preview":"max-image-preview:large","max-video-preview":"max-video-preview:-1"},"canonical":"https:\/\/www.bellunopress.it\/fr\/2019\/09\/24\/ne-dio-ne-evoluzione-le-nostre-origini-sono-extraterrestri-ed-entro-il-2035-gli-elohim-arriveranno-sulla-terra-giovedi-a-riva-del-garda-sbarca-la-convention-dei-raeliani\/","og_locale":"fr_FR","og_type":"article","og_title":"\u201cN\u00e9 dio n\u00e9 evoluzione: le nostre origini sono extraterrestri ed entro il 2035 gli Elohim arriveranno sulla terra\u201d. Gioved\u00ec a Riva del Garda sbarca la convention dei raeliani - Bellunopress - Dolomiti","og_description":"La citt\u00e0 gardesana \u00e8 stata scelta perch\u00e9 da anni ospita una comunit\u00e0 molto attiva di raeliani che promettono: \u201cEntro il 2035 gli Elohim giungeranno sulla terra ma solo dopo che la loro ambasciata sar\u00e0 costruita\u201d Mos\u00e8, Buddha, Ges\u00f9, Maometto, ma anche Elia, Ezechiele, Mahavira, Joseph Smith e Bah\u00e1&#8217;u&#8217;ll\u00e1h ci sono tutti i grandi profeti di [&hellip;]","og_url":"https:\/\/www.bellunopress.it\/fr\/2019\/09\/24\/ne-dio-ne-evoluzione-le-nostre-origini-sono-extraterrestri-ed-entro-il-2035-gli-elohim-arriveranno-sulla-terra-giovedi-a-riva-del-garda-sbarca-la-convention-dei-raeliani\/","og_site_name":"Bellunopress - Dolomiti","article_publisher":"https:\/\/www.facebook.com\/profile.php?id=100008943462799","article_published_time":"2019-09-24T15:54:53+00:00","article_modified_time":"2019-09-24T15:54:55+00:00","og_image":[{"url":"http:\/\/www.bellunopress.it\/wp-content\/uploads\/2019\/09\/Claude-Maurice-Marcel-Vorilhon-conosciuto-come-R\u00e4el-fondatore-del-Movimento-raeliano.jpg","type":"","width":"","height":""}],"author":"redazione","twitter_card":"summary_large_image","twitter_creator":"@bellunopress","twitter_site":"@bellunopress","twitter_misc":{"\u00c9crit par":"redazione","Dur\u00e9e de lecture estim\u00e9e":"3 minutes"},"schema":{"@context":"https:\/\/schema.org","@graph":[{"@type":"Article","@id":"https:\/\/www.bellunopress.it\/2019\/09\/24\/ne-dio-ne-evoluzione-le-nostre-origini-sono-extraterrestri-ed-entro-il-2035-gli-elohim-arriveranno-sulla-terra-giovedi-a-riva-del-garda-sbarca-la-convention-dei-raeliani\/#article","isPartOf":{"@id":"https:\/\/www.bellunopress.it\/2019\/09\/24\/ne-dio-ne-evoluzione-le-nostre-origini-sono-extraterrestri-ed-entro-il-2035-gli-elohim-arriveranno-sulla-terra-giovedi-a-riva-del-garda-sbarca-la-convention-dei-raeliani\/"},"author":{"name":"redazione","@id":"https:\/\/www.bellunopress.it\/#\/schema\/person\/79bb06722b37ece1c03d3e94beb30d73"},"headline":"\u201cN\u00e9 dio n\u00e9 evoluzione: le nostre origini sono extraterrestri ed entro il 2035 gli Elohim arriveranno sulla terra\u201d. Gioved\u00ec a Riva del Garda sbarca la convention dei raeliani","datePublished":"2019-09-24T15:54:53+00:00","dateModified":"2019-09-24T15:54:55+00:00","mainEntityOfPage":{"@id":"https:\/\/www.bellunopress.it\/2019\/09\/24\/ne-dio-ne-evoluzione-le-nostre-origini-sono-extraterrestri-ed-entro-il-2035-gli-elohim-arriveranno-sulla-terra-giovedi-a-riva-del-garda-sbarca-la-convention-dei-raeliani\/"},"wordCount":653,"publisher":{"@id":"https:\/\/www.bellunopress.it\/#organization"},"articleSection":["Appuntamenti, Eventi","Cultura e spettacoli, tempo libero, benessere, fuori provincia","Prima Pagina"],"inLanguage":"fr-FR"},{"@type":"WebPage","@id":"https:\/\/www.bellunopress.it\/2019\/09\/24\/ne-dio-ne-evoluzione-le-nostre-origini-sono-extraterrestri-ed-entro-il-2035-gli-elohim-arriveranno-sulla-terra-giovedi-a-riva-del-garda-sbarca-la-convention-dei-raeliani\/","url":"https:\/\/www.bellunopress.it\/2019\/09\/24\/ne-dio-ne-evoluzione-le-nostre-origini-sono-extraterrestri-ed-entro-il-2035-gli-elohim-arriveranno-sulla-terra-giovedi-a-riva-del-garda-sbarca-la-convention-dei-raeliani\/","name":"\u201cN\u00e9 dio n\u00e9 evoluzione: le nostre origini sono extraterrestri ed entro il 2035 gli Elohim arriveranno sulla terra\u201d. Gioved\u00ec a Riva del Garda sbarca la convention dei raeliani - Bellunopress - Dolomiti","isPartOf":{"@id":"https:\/\/www.bellunopress.it\/#website"},"datePublished":"2019-09-24T15:54:53+00:00","dateModified":"2019-09-24T15:54:55+00:00","breadcrumb":{"@id":"https:\/\/www.bellunopress.it\/2019\/09\/24\/ne-dio-ne-evoluzione-le-nostre-origini-sono-extraterrestri-ed-entro-il-2035-gli-elohim-arriveranno-sulla-terra-giovedi-a-riva-del-garda-sbarca-la-convention-dei-raeliani\/#breadcrumb"},"inLanguage":"fr-FR","potentialAction":[{"@type":"ReadAction","target":["https:\/\/www.bellunopress.it\/2019\/09\/24\/ne-dio-ne-evoluzione-le-nostre-origini-sono-extraterrestri-ed-entro-il-2035-gli-elohim-arriveranno-sulla-terra-giovedi-a-riva-del-garda-sbarca-la-convention-dei-raeliani\/"]}]},{"@type":"BreadcrumbList","@id":"https:\/\/www.bellunopress.it\/2019\/09\/24\/ne-dio-ne-evoluzione-le-nostre-origini-sono-extraterrestri-ed-entro-il-2035-gli-elohim-arriveranno-sulla-terra-giovedi-a-riva-del-garda-sbarca-la-convention-dei-raeliani\/#breadcrumb","itemListElement":[{"@type":"ListItem","position":1,"name":"Home","item":"https:\/\/www.bellunopress.it\/"},{"@type":"ListItem","position":2,"name":"\u201cN\u00e9 dio n\u00e9 evoluzione: le nostre origini sono extraterrestri ed entro il 2035 gli Elohim arriveranno sulla terra\u201d. Gioved\u00ec a Riva del Garda sbarca la convention dei raeliani"}]},{"@type":"WebSite","@id":"https:\/\/www.bellunopress.it\/#website","url":"https:\/\/www.bellunopress.it\/","name":"Bellunopress - Dolomiti","description":"e-mail: redazione@bellunopress.it","publisher":{"@id":"https:\/\/www.bellunopress.it\/#organization"},"potentialAction":[{"@type":"SearchAction","target":{"@type":"EntryPoint","urlTemplate":"https:\/\/www.bellunopress.it\/?s={search_term_string}"},"query-input":{"@type":"PropertyValueSpecification","valueRequired":true,"valueName":"search_term_string"}}],"inLanguage":"fr-FR"},{"@type":"Organization","@id":"https:\/\/www.bellunopress.it\/#organization","name":"Bellunopress","url":"https:\/\/www.bellunopress.it\/","logo":{"@type":"ImageObject","inLanguage":"fr-FR","@id":"https:\/\/www.bellunopress.it\/#\/schema\/logo\/image\/","url":"https:\/\/www.bellunopress.it\/wp-content\/uploads\/2011\/05\/cropped-logo-bellunopress-.jpg","contentUrl":"https:\/\/www.bellunopress.it\/wp-content\/uploads\/2011\/05\/cropped-logo-bellunopress-.jpg","width":512,"height":512,"caption":"Bellunopress"},"image":{"@id":"https:\/\/www.bellunopress.it\/#\/schema\/logo\/image\/"},"sameAs":["https:\/\/www.facebook.com\/profile.php?id=100008943462799","https:\/\/x.com\/bellunopress","https:\/\/www.linkedin.com\/hp\/?dnr=JBzUWaJfMUw8vbXJJ2tVW5-I3jZKvC4wsoxE&amp;amp;amp;amp;amp;amp;trk=nav_responsive_tab_home","https:\/\/www.youtube.com\/channel\/UCxL0wu1uN0_3_7hGG0306cw"]},{"@type":"Person","@id":"https:\/\/www.bellunopress.it\/#\/schema\/person\/79bb06722b37ece1c03d3e94beb30d73","name":"r\u00e9daction","image":{"@type":"ImageObject","inLanguage":"fr-FR","@id":"https:\/\/secure.gravatar.com\/avatar\/37d968a2e67a6fd04c169c4bdef102d0bc5d31b2546345219e348575eb80e9a0?s=96&d=mm&r=g","url":"https:\/\/secure.gravatar.com\/avatar\/37d968a2e67a6fd04c169c4bdef102d0bc5d31b2546345219e348575eb80e9a0?s=96&d=mm&r=g","contentUrl":"https:\/\/secure.gravatar.com\/avatar\/37d968a2e67a6fd04c169c4bdef102d0bc5d31b2546345219e348575eb80e9a0?s=96&d=mm&r=g","caption":"redazione"},"sameAs":["http:\/\/www.bellunopress.it","https:\/\/x.com\/bellunopress"],"url":"https:\/\/www.bellunopress.it\/fr\/author\/redazione\/"}]}},"_links":{"self":[{"href":"https:\/\/www.bellunopress.it\/fr\/wp-json\/wp\/v2\/posts\/108150","targetHints":{"allow":["GET"]}}],"collection":[{"href":"https:\/\/www.bellunopress.it\/fr\/wp-json\/wp\/v2\/posts"}],"about":[{"href":"https:\/\/www.bellunopress.it\/fr\/wp-json\/wp\/v2\/types\/post"}],"author":[{"embeddable":true,"href":"https:\/\/www.bellunopress.it\/fr\/wp-json\/wp\/v2\/users\/2"}],"replies":[{"embeddable":true,"href":"https:\/\/www.bellunopress.it\/fr\/wp-json\/wp\/v2\/comments?post=108150"}],"version-history":[{"count":2,"href":"https:\/\/www.bellunopress.it\/fr\/wp-json\/wp\/v2\/posts\/108150\/revisions"}],"predecessor-version":[{"id":108153,"href":"https:\/\/www.bellunopress.it\/fr\/wp-json\/wp\/v2\/posts\/108150\/revisions\/108153"}],"wp:attachment":[{"href":"https:\/\/www.bellunopress.it\/fr\/wp-json\/wp\/v2\/media?parent=108150"}],"wp:term":[{"taxonomy":"category","embeddable":true,"href":"https:\/\/www.bellunopress.it\/fr\/wp-json\/wp\/v2\/categories?post=108150"},{"taxonomy":"post_tag","embeddable":true,"href":"https:\/\/www.bellunopress.it\/fr\/wp-json\/wp\/v2\/tags?post=108150"}],"curies":[{"name":"wp","href":"https:\/\/api.w.org\/{rel}","templated":true}]}}