{"id":108144,"date":"2019-09-24T17:19:28","date_gmt":"2019-09-24T15:19:28","guid":{"rendered":"http:\/\/www.bellunopress.it\/?p=108144"},"modified":"2019-09-24T17:19:28","modified_gmt":"2019-09-24T15:19:28","slug":"autonomia-per-contrasto-a-disuguaglianze-monica-lotto-e-roger-de-menech-ieri-hanno-incontrato-il-ministro-boccia","status":"publish","type":"post","link":"https:\/\/www.bellunopress.it\/fr\/2019\/09\/24\/autonomia-per-contrasto-a-disuguaglianze-monica-lotto-e-roger-de-menech-ieri-hanno-incontrato-il-ministro-boccia\/","title":{"rendered":"Autonomia per contrasto a disuguaglianze. Monica Lotto e Roger De Menech ieri hanno incontrato il ministro Boccia"},"content":{"rendered":"<figure id=\"attachment_102170\" aria-describedby=\"caption-attachment-102170\" style=\"width: 247px\" class=\"wp-caption alignleft\"><a href=\"http:\/\/www.bellunopress.it\/fr\/2019\/02\/18\/spopolamento-del-bellunese-giovedi-in-sede-del-pd-lapprofondimento\/monica-lotto\/\" rel=\"attachment wp-att-102170\"><img loading=\"lazy\" decoding=\"async\" class=\"size-full wp-image-102170\" src=\"http:\/\/www.bellunopress.it\/wp-content\/uploads\/2019\/02\/Monica-Lotto.jpeg\" alt=\"\" width=\"247\" height=\"292\" \/><\/a><figcaption id=\"caption-attachment-102170\" class=\"wp-caption-text\">Monica Lotto segretaria prov. Pd Belluno<\/figcaption><\/figure>\n<figure id=\"attachment_46179\" aria-describedby=\"caption-attachment-46179\" style=\"width: 193px\" class=\"wp-caption alignleft\"><a href=\"http:\/\/www.bellunopress.it\/fr\/2013\/01\/29\/via-al-tour-di-roger-de-menech-pd-il-5-febbraio-appuntamento-anche-con-laura-puppato-capolista-al-senato\/roger-de-menech-1\/\" rel=\"attachment wp-att-46179\"><img loading=\"lazy\" decoding=\"async\" class=\"size-full wp-image-46179\" src=\"http:\/\/www.bellunopress.it\/wp-content\/uploads\/2013\/01\/roger-de-menech-1.jpg\" alt=\"\" width=\"193\" height=\"290\" \/><\/a><figcaption id=\"caption-attachment-46179\" class=\"wp-caption-text\">Roger De Menech, deputato Pd<\/figcaption><\/figure>\n<p>Belluno, 24 settembre 2019\u00a0 &#8211;\u00a0\u00a0\u00abFinalmente ho sentito un approccio al tema dell&#8217;autonomia che supera lo sterile confronto Stato \u2013 Regioni e si concentra sulle disuguaglianze. \u00c8 la prima volta e ne sono contenta\u00bb. La segretaria provinciale del Partito democratico di Belluno, Monica Lotto, torna confortata da Mestre dove ieri ha partecipato all&#8217;incontro con il neo ministro per gli Affari regionali, Francesco Boccia.<\/p>\n<p>\u00abDifferenze di opportunit\u00e0, lavoro, costi ce ne sono tante, il divario non \u00e8 solo tra Settentrione e Mezzogiorno, ma soprattutto tra le grandi aree urbane e le zone marginali\u00bb, sottolinea Lotto. \u00abNoi in montagna le viviamo tutti i giorni e quello dei maggiori costi che le famiglie bellunesi sostengono per mandare i figli all&#8217;universit\u00e0 \u00e8 solo l&#8217;ultimo esempio in ordine di tempo. L&#8217;autonomia ora pu\u00f2 diventare lo strumento per contrastare il neo centralismo regionale. Ma sar\u00e0 necessario coinvolgere nel processo tutti i territori e tenere conto delle loro specificit\u00e0. Da Belluno sono oltre 25 anni che mandiamo proposte concrete e disponibilit\u00e0 di dialogo alla Regione. Speriamo di trovare ascolto, adesso, oltre che da parte del governo, anche da Palazzo Balbi\u00bb.<\/p>\n<p>Infine, riferisce la segretaria, \u00ababbiamo chiesto al ministro una profonda riflessione perch\u00e9 la legge sulle Province venga modificata aumentando la capacit\u00e0 di governo degli enti e in particolare modo per quelli tutti montani come il nostro\u00bb.<\/p>\n<p>L&#8217;impostazione del ministro Boccia, aggiunge il coordinatore dei parlamentari veneti del Pd, Roger De Menech, \u00ab\u00e8 attenta, rispettosa dei ruoli e focalizzata a ottenere dei risultati. Ha fatto capire di non avere pregiudiziali di sorta e infatti consiglia a tutte le regioni di trovare un proprio modello di autonomia. Ma ha ragione quando spiega che il tassello mancante oggi sono i Lep, i livelli essenziali delle prestazioni. Sono previsti da una legge del 2009, rimasta finora lettera morta. Credo possiamo ripartire da qui per garantire a tutti i cittadini italiani i servizi minimi a cui hanno diritto, che vivano al nord o al sud, nelle grandi citt\u00e0 o nei paesini di montagna. \u00c8 una questione di giustizia sociale, ma anche una grande opportunit\u00e0 per la crescita economica del Paese. Su questa base, innestare l&#8217;autonomia delle regioni che ne hanno fatto richiesta e di altre che la faranno, non sar\u00e0 un problema\u00bb.<\/p>","protected":false},"excerpt":{"rendered":"<p>Belluno, 24 settembre 2019\u00a0 &#8211;\u00a0\u00a0\u00abFinalmente ho sentito un approccio al tema dell&#8217;autonomia che supera lo sterile confronto Stato \u2013 Regioni e si concentra sulle disuguaglianze. \u00c8 la prima volta e ne sono contenta\u00bb. La segretaria provinciale del Partito democratico di Belluno, Monica Lotto, torna confortata da Mestre dove ieri ha partecipato all&#8217;incontro con il neo [&hellip;]<\/p>\n","protected":false},"author":2,"featured_media":0,"comment_status":"closed","ping_status":"open","sticky":false,"template":"","format":"standard","meta":{"footnotes":""},"categories":[5,26],"tags":[],"class_list":["post-108144","post","type-post","status-publish","format-standard","category-cronaca","category-prima-pagina"],"yoast_head":"<!-- This site is optimized with the Yoast SEO plugin v28.4 - https:\/\/yoast.com\/product\/yoast-seo-wordpress\/ -->\n<title>Autonomia per contrasto a disuguaglianze. Monica Lotto e Roger De Menech ieri hanno incontrato il ministro Boccia - Bellunopress - Dolomiti<\/title>\n<meta name=\"robots\" content=\"index, follow, max-snippet:-1, max-image-preview:large, max-video-preview:-1\" \/>\n<link rel=\"canonical\" href=\"https:\/\/www.bellunopress.it\/fr\/2019\/09\/24\/autonomia-per-contrasto-a-disuguaglianze-monica-lotto-e-roger-de-menech-ieri-hanno-incontrato-il-ministro-boccia\/\" \/>\n<meta property=\"og:locale\" content=\"fr_FR\" \/>\n<meta property=\"og:type\" content=\"article\" \/>\n<meta property=\"og:title\" content=\"Autonomia per contrasto a disuguaglianze. Monica Lotto e Roger De Menech ieri hanno incontrato il ministro Boccia - Bellunopress - Dolomiti\" \/>\n<meta property=\"og:description\" content=\"Belluno, 24 settembre 2019\u00a0 &#8211;\u00a0\u00a0\u00abFinalmente ho sentito un approccio al tema dell&#8217;autonomia che supera lo sterile confronto Stato \u2013 Regioni e si concentra sulle disuguaglianze. \u00c8 la prima volta e ne sono contenta\u00bb. La segretaria provinciale del Partito democratico di Belluno, Monica Lotto, torna confortata da Mestre dove ieri ha partecipato all&#8217;incontro con il neo [&hellip;]\" \/>\n<meta property=\"og:url\" content=\"https:\/\/www.bellunopress.it\/fr\/2019\/09\/24\/autonomia-per-contrasto-a-disuguaglianze-monica-lotto-e-roger-de-menech-ieri-hanno-incontrato-il-ministro-boccia\/\" \/>\n<meta property=\"og:site_name\" content=\"Bellunopress - Dolomiti\" \/>\n<meta property=\"article:publisher\" content=\"https:\/\/www.facebook.com\/profile.php?id=100008943462799\" \/>\n<meta property=\"article:published_time\" content=\"2019-09-24T15:19:28+00:00\" \/>\n<meta property=\"og:image\" content=\"http:\/\/www.bellunopress.it\/wp-content\/uploads\/2019\/02\/Monica-Lotto.jpeg\" \/>\n<meta name=\"author\" content=\"redazione\" \/>\n<meta name=\"twitter:card\" content=\"summary_large_image\" \/>\n<meta name=\"twitter:creator\" content=\"@bellunopress\" \/>\n<meta name=\"twitter:site\" content=\"@bellunopress\" \/>\n<meta name=\"twitter:label1\" content=\"\u00c9crit par\" \/>\n\t<meta name=\"twitter:data1\" content=\"redazione\" \/>\n\t<meta name=\"twitter:label2\" content=\"Dur\u00e9e de lecture estim\u00e9e\" \/>\n\t<meta name=\"twitter:data2\" content=\"2 minutes\" \/>\n<script type=\"application\/ld+json\" class=\"yoast-schema-graph\">{\"@context\":\"https:\\\/\\\/schema.org\",\"@graph\":[{\"@type\":\"Article\",\"@id\":\"https:\\\/\\\/www.bellunopress.it\\\/2019\\\/09\\\/24\\\/autonomia-per-contrasto-a-disuguaglianze-monica-lotto-e-roger-de-menech-ieri-hanno-incontrato-il-ministro-boccia\\\/#article\",\"isPartOf\":{\"@id\":\"https:\\\/\\\/www.bellunopress.it\\\/2019\\\/09\\\/24\\\/autonomia-per-contrasto-a-disuguaglianze-monica-lotto-e-roger-de-menech-ieri-hanno-incontrato-il-ministro-boccia\\\/\"},\"author\":{\"name\":\"redazione\",\"@id\":\"https:\\\/\\\/www.bellunopress.it\\\/#\\\/schema\\\/person\\\/79bb06722b37ece1c03d3e94beb30d73\"},\"headline\":\"Autonomia per contrasto a disuguaglianze. Monica Lotto e Roger De Menech ieri hanno incontrato il ministro Boccia\",\"datePublished\":\"2019-09-24T15:19:28+00:00\",\"mainEntityOfPage\":{\"@id\":\"https:\\\/\\\/www.bellunopress.it\\\/2019\\\/09\\\/24\\\/autonomia-per-contrasto-a-disuguaglianze-monica-lotto-e-roger-de-menech-ieri-hanno-incontrato-il-ministro-boccia\\\/\"},\"wordCount\":409,\"publisher\":{\"@id\":\"https:\\\/\\\/www.bellunopress.it\\\/#organization\"},\"image\":{\"@id\":\"https:\\\/\\\/www.bellunopress.it\\\/2019\\\/09\\\/24\\\/autonomia-per-contrasto-a-disuguaglianze-monica-lotto-e-roger-de-menech-ieri-hanno-incontrato-il-ministro-boccia\\\/#primaryimage\"},\"thumbnailUrl\":\"http:\\\/\\\/www.bellunopress.it\\\/wp-content\\\/uploads\\\/2019\\\/02\\\/Monica-Lotto.jpeg\",\"articleSection\":[\"Cronaca\\\/Politica\",\"Prima Pagina\"],\"inLanguage\":\"fr-FR\"},{\"@type\":\"WebPage\",\"@id\":\"https:\\\/\\\/www.bellunopress.it\\\/2019\\\/09\\\/24\\\/autonomia-per-contrasto-a-disuguaglianze-monica-lotto-e-roger-de-menech-ieri-hanno-incontrato-il-ministro-boccia\\\/\",\"url\":\"https:\\\/\\\/www.bellunopress.it\\\/2019\\\/09\\\/24\\\/autonomia-per-contrasto-a-disuguaglianze-monica-lotto-e-roger-de-menech-ieri-hanno-incontrato-il-ministro-boccia\\\/\",\"name\":\"Autonomia per contrasto a disuguaglianze. Monica Lotto e Roger De Menech ieri hanno incontrato il ministro Boccia - Bellunopress - Dolomiti\",\"isPartOf\":{\"@id\":\"https:\\\/\\\/www.bellunopress.it\\\/#website\"},\"primaryImageOfPage\":{\"@id\":\"https:\\\/\\\/www.bellunopress.it\\\/2019\\\/09\\\/24\\\/autonomia-per-contrasto-a-disuguaglianze-monica-lotto-e-roger-de-menech-ieri-hanno-incontrato-il-ministro-boccia\\\/#primaryimage\"},\"image\":{\"@id\":\"https:\\\/\\\/www.bellunopress.it\\\/2019\\\/09\\\/24\\\/autonomia-per-contrasto-a-disuguaglianze-monica-lotto-e-roger-de-menech-ieri-hanno-incontrato-il-ministro-boccia\\\/#primaryimage\"},\"thumbnailUrl\":\"http:\\\/\\\/www.bellunopress.it\\\/wp-content\\\/uploads\\\/2019\\\/02\\\/Monica-Lotto.jpeg\",\"datePublished\":\"2019-09-24T15:19:28+00:00\",\"breadcrumb\":{\"@id\":\"https:\\\/\\\/www.bellunopress.it\\\/2019\\\/09\\\/24\\\/autonomia-per-contrasto-a-disuguaglianze-monica-lotto-e-roger-de-menech-ieri-hanno-incontrato-il-ministro-boccia\\\/#breadcrumb\"},\"inLanguage\":\"fr-FR\",\"potentialAction\":[{\"@type\":\"ReadAction\",\"target\":[\"https:\\\/\\\/www.bellunopress.it\\\/2019\\\/09\\\/24\\\/autonomia-per-contrasto-a-disuguaglianze-monica-lotto-e-roger-de-menech-ieri-hanno-incontrato-il-ministro-boccia\\\/\"]}]},{\"@type\":\"ImageObject\",\"inLanguage\":\"fr-FR\",\"@id\":\"https:\\\/\\\/www.bellunopress.it\\\/2019\\\/09\\\/24\\\/autonomia-per-contrasto-a-disuguaglianze-monica-lotto-e-roger-de-menech-ieri-hanno-incontrato-il-ministro-boccia\\\/#primaryimage\",\"url\":\"http:\\\/\\\/www.bellunopress.it\\\/wp-content\\\/uploads\\\/2019\\\/02\\\/Monica-Lotto.jpeg\",\"contentUrl\":\"http:\\\/\\\/www.bellunopress.it\\\/wp-content\\\/uploads\\\/2019\\\/02\\\/Monica-Lotto.jpeg\"},{\"@type\":\"BreadcrumbList\",\"@id\":\"https:\\\/\\\/www.bellunopress.it\\\/2019\\\/09\\\/24\\\/autonomia-per-contrasto-a-disuguaglianze-monica-lotto-e-roger-de-menech-ieri-hanno-incontrato-il-ministro-boccia\\\/#breadcrumb\",\"itemListElement\":[{\"@type\":\"ListItem\",\"position\":1,\"name\":\"Home\",\"item\":\"https:\\\/\\\/www.bellunopress.it\\\/\"},{\"@type\":\"ListItem\",\"position\":2,\"name\":\"Autonomia per contrasto a disuguaglianze. Monica Lotto e Roger De Menech ieri hanno incontrato il ministro Boccia\"}]},{\"@type\":\"WebSite\",\"@id\":\"https:\\\/\\\/www.bellunopress.it\\\/#website\",\"url\":\"https:\\\/\\\/www.bellunopress.it\\\/\",\"name\":\"Bellunopress - Dolomiti\",\"description\":\"e-mail: redazione@bellunopress.it\",\"publisher\":{\"@id\":\"https:\\\/\\\/www.bellunopress.it\\\/#organization\"},\"potentialAction\":[{\"@type\":\"SearchAction\",\"target\":{\"@type\":\"EntryPoint\",\"urlTemplate\":\"https:\\\/\\\/www.bellunopress.it\\\/?s={search_term_string}\"},\"query-input\":{\"@type\":\"PropertyValueSpecification\",\"valueRequired\":true,\"valueName\":\"search_term_string\"}}],\"inLanguage\":\"fr-FR\"},{\"@type\":\"Organization\",\"@id\":\"https:\\\/\\\/www.bellunopress.it\\\/#organization\",\"name\":\"Bellunopress\",\"url\":\"https:\\\/\\\/www.bellunopress.it\\\/\",\"logo\":{\"@type\":\"ImageObject\",\"inLanguage\":\"fr-FR\",\"@id\":\"https:\\\/\\\/www.bellunopress.it\\\/#\\\/schema\\\/logo\\\/image\\\/\",\"url\":\"https:\\\/\\\/www.bellunopress.it\\\/wp-content\\\/uploads\\\/2011\\\/05\\\/cropped-logo-bellunopress-.jpg\",\"contentUrl\":\"https:\\\/\\\/www.bellunopress.it\\\/wp-content\\\/uploads\\\/2011\\\/05\\\/cropped-logo-bellunopress-.jpg\",\"width\":512,\"height\":512,\"caption\":\"Bellunopress\"},\"image\":{\"@id\":\"https:\\\/\\\/www.bellunopress.it\\\/#\\\/schema\\\/logo\\\/image\\\/\"},\"sameAs\":[\"https:\\\/\\\/www.facebook.com\\\/profile.php?id=100008943462799\",\"https:\\\/\\\/x.com\\\/bellunopress\",\"https:\\\/\\\/www.linkedin.com\\\/hp\\\/?dnr=JBzUWaJfMUw8vbXJJ2tVW5-I3jZKvC4wsoxE&amp;amp;amp;amp;amp;amp;trk=nav_responsive_tab_home\",\"https:\\\/\\\/www.youtube.com\\\/channel\\\/UCxL0wu1uN0_3_7hGG0306cw\"]},{\"@type\":\"Person\",\"@id\":\"https:\\\/\\\/www.bellunopress.it\\\/#\\\/schema\\\/person\\\/79bb06722b37ece1c03d3e94beb30d73\",\"name\":\"redazione\",\"image\":{\"@type\":\"ImageObject\",\"inLanguage\":\"fr-FR\",\"@id\":\"https:\\\/\\\/secure.gravatar.com\\\/avatar\\\/37d968a2e67a6fd04c169c4bdef102d0bc5d31b2546345219e348575eb80e9a0?s=96&d=mm&r=g\",\"url\":\"https:\\\/\\\/secure.gravatar.com\\\/avatar\\\/37d968a2e67a6fd04c169c4bdef102d0bc5d31b2546345219e348575eb80e9a0?s=96&d=mm&r=g\",\"contentUrl\":\"https:\\\/\\\/secure.gravatar.com\\\/avatar\\\/37d968a2e67a6fd04c169c4bdef102d0bc5d31b2546345219e348575eb80e9a0?s=96&d=mm&r=g\",\"caption\":\"redazione\"},\"sameAs\":[\"http:\\\/\\\/www.bellunopress.it\",\"https:\\\/\\\/x.com\\\/bellunopress\"],\"url\":\"https:\\\/\\\/www.bellunopress.it\\\/fr\\\/author\\\/redazione\\\/\"}]}<\/script>\n<!-- \/ Yoast SEO plugin. -->","yoast_head_json":{"title":"Autonomia per contrasto a disuguaglianze. Monica Lotto e Roger De Menech ieri hanno incontrato il ministro Boccia - Bellunopress - Dolomiti","robots":{"index":"index","follow":"follow","max-snippet":"max-snippet:-1","max-image-preview":"max-image-preview:large","max-video-preview":"max-video-preview:-1"},"canonical":"https:\/\/www.bellunopress.it\/fr\/2019\/09\/24\/autonomia-per-contrasto-a-disuguaglianze-monica-lotto-e-roger-de-menech-ieri-hanno-incontrato-il-ministro-boccia\/","og_locale":"fr_FR","og_type":"article","og_title":"Autonomia per contrasto a disuguaglianze. Monica Lotto e Roger De Menech ieri hanno incontrato il ministro Boccia - Bellunopress - Dolomiti","og_description":"Belluno, 24 settembre 2019\u00a0 &#8211;\u00a0\u00a0\u00abFinalmente ho sentito un approccio al tema dell&#8217;autonomia che supera lo sterile confronto Stato \u2013 Regioni e si concentra sulle disuguaglianze. \u00c8 la prima volta e ne sono contenta\u00bb. La segretaria provinciale del Partito democratico di Belluno, Monica Lotto, torna confortata da Mestre dove ieri ha partecipato all&#8217;incontro con il neo [&hellip;]","og_url":"https:\/\/www.bellunopress.it\/fr\/2019\/09\/24\/autonomia-per-contrasto-a-disuguaglianze-monica-lotto-e-roger-de-menech-ieri-hanno-incontrato-il-ministro-boccia\/","og_site_name":"Bellunopress - Dolomiti","article_publisher":"https:\/\/www.facebook.com\/profile.php?id=100008943462799","article_published_time":"2019-09-24T15:19:28+00:00","og_image":[{"url":"http:\/\/www.bellunopress.it\/wp-content\/uploads\/2019\/02\/Monica-Lotto.jpeg","type":"","width":"","height":""}],"author":"redazione","twitter_card":"summary_large_image","twitter_creator":"@bellunopress","twitter_site":"@bellunopress","twitter_misc":{"\u00c9crit par":"redazione","Dur\u00e9e de lecture estim\u00e9e":"2 minutes"},"schema":{"@context":"https:\/\/schema.org","@graph":[{"@type":"Article","@id":"https:\/\/www.bellunopress.it\/2019\/09\/24\/autonomia-per-contrasto-a-disuguaglianze-monica-lotto-e-roger-de-menech-ieri-hanno-incontrato-il-ministro-boccia\/#article","isPartOf":{"@id":"https:\/\/www.bellunopress.it\/2019\/09\/24\/autonomia-per-contrasto-a-disuguaglianze-monica-lotto-e-roger-de-menech-ieri-hanno-incontrato-il-ministro-boccia\/"},"author":{"name":"redazione","@id":"https:\/\/www.bellunopress.it\/#\/schema\/person\/79bb06722b37ece1c03d3e94beb30d73"},"headline":"Autonomia per contrasto a disuguaglianze. Monica Lotto e Roger De Menech ieri hanno incontrato il ministro Boccia","datePublished":"2019-09-24T15:19:28+00:00","mainEntityOfPage":{"@id":"https:\/\/www.bellunopress.it\/2019\/09\/24\/autonomia-per-contrasto-a-disuguaglianze-monica-lotto-e-roger-de-menech-ieri-hanno-incontrato-il-ministro-boccia\/"},"wordCount":409,"publisher":{"@id":"https:\/\/www.bellunopress.it\/#organization"},"image":{"@id":"https:\/\/www.bellunopress.it\/2019\/09\/24\/autonomia-per-contrasto-a-disuguaglianze-monica-lotto-e-roger-de-menech-ieri-hanno-incontrato-il-ministro-boccia\/#primaryimage"},"thumbnailUrl":"http:\/\/www.bellunopress.it\/wp-content\/uploads\/2019\/02\/Monica-Lotto.jpeg","articleSection":["Cronaca\/Politica","Prima Pagina"],"inLanguage":"fr-FR"},{"@type":"WebPage","@id":"https:\/\/www.bellunopress.it\/2019\/09\/24\/autonomia-per-contrasto-a-disuguaglianze-monica-lotto-e-roger-de-menech-ieri-hanno-incontrato-il-ministro-boccia\/","url":"https:\/\/www.bellunopress.it\/2019\/09\/24\/autonomia-per-contrasto-a-disuguaglianze-monica-lotto-e-roger-de-menech-ieri-hanno-incontrato-il-ministro-boccia\/","name":"Autonomia per contrasto a disuguaglianze. Monica Lotto e Roger De Menech ieri hanno incontrato il ministro Boccia - Bellunopress - Dolomiti","isPartOf":{"@id":"https:\/\/www.bellunopress.it\/#website"},"primaryImageOfPage":{"@id":"https:\/\/www.bellunopress.it\/2019\/09\/24\/autonomia-per-contrasto-a-disuguaglianze-monica-lotto-e-roger-de-menech-ieri-hanno-incontrato-il-ministro-boccia\/#primaryimage"},"image":{"@id":"https:\/\/www.bellunopress.it\/2019\/09\/24\/autonomia-per-contrasto-a-disuguaglianze-monica-lotto-e-roger-de-menech-ieri-hanno-incontrato-il-ministro-boccia\/#primaryimage"},"thumbnailUrl":"http:\/\/www.bellunopress.it\/wp-content\/uploads\/2019\/02\/Monica-Lotto.jpeg","datePublished":"2019-09-24T15:19:28+00:00","breadcrumb":{"@id":"https:\/\/www.bellunopress.it\/2019\/09\/24\/autonomia-per-contrasto-a-disuguaglianze-monica-lotto-e-roger-de-menech-ieri-hanno-incontrato-il-ministro-boccia\/#breadcrumb"},"inLanguage":"fr-FR","potentialAction":[{"@type":"ReadAction","target":["https:\/\/www.bellunopress.it\/2019\/09\/24\/autonomia-per-contrasto-a-disuguaglianze-monica-lotto-e-roger-de-menech-ieri-hanno-incontrato-il-ministro-boccia\/"]}]},{"@type":"ImageObject","inLanguage":"fr-FR","@id":"https:\/\/www.bellunopress.it\/2019\/09\/24\/autonomia-per-contrasto-a-disuguaglianze-monica-lotto-e-roger-de-menech-ieri-hanno-incontrato-il-ministro-boccia\/#primaryimage","url":"http:\/\/www.bellunopress.it\/wp-content\/uploads\/2019\/02\/Monica-Lotto.jpeg","contentUrl":"http:\/\/www.bellunopress.it\/wp-content\/uploads\/2019\/02\/Monica-Lotto.jpeg"},{"@type":"BreadcrumbList","@id":"https:\/\/www.bellunopress.it\/2019\/09\/24\/autonomia-per-contrasto-a-disuguaglianze-monica-lotto-e-roger-de-menech-ieri-hanno-incontrato-il-ministro-boccia\/#breadcrumb","itemListElement":[{"@type":"ListItem","position":1,"name":"Home","item":"https:\/\/www.bellunopress.it\/"},{"@type":"ListItem","position":2,"name":"Autonomia per contrasto a disuguaglianze. Monica Lotto e Roger De Menech ieri hanno incontrato il ministro Boccia"}]},{"@type":"WebSite","@id":"https:\/\/www.bellunopress.it\/#website","url":"https:\/\/www.bellunopress.it\/","name":"Bellunopress - Dolomiti","description":"e-mail: redazione@bellunopress.it","publisher":{"@id":"https:\/\/www.bellunopress.it\/#organization"},"potentialAction":[{"@type":"SearchAction","target":{"@type":"EntryPoint","urlTemplate":"https:\/\/www.bellunopress.it\/?s={search_term_string}"},"query-input":{"@type":"PropertyValueSpecification","valueRequired":true,"valueName":"search_term_string"}}],"inLanguage":"fr-FR"},{"@type":"Organization","@id":"https:\/\/www.bellunopress.it\/#organization","name":"Bellunopress","url":"https:\/\/www.bellunopress.it\/","logo":{"@type":"ImageObject","inLanguage":"fr-FR","@id":"https:\/\/www.bellunopress.it\/#\/schema\/logo\/image\/","url":"https:\/\/www.bellunopress.it\/wp-content\/uploads\/2011\/05\/cropped-logo-bellunopress-.jpg","contentUrl":"https:\/\/www.bellunopress.it\/wp-content\/uploads\/2011\/05\/cropped-logo-bellunopress-.jpg","width":512,"height":512,"caption":"Bellunopress"},"image":{"@id":"https:\/\/www.bellunopress.it\/#\/schema\/logo\/image\/"},"sameAs":["https:\/\/www.facebook.com\/profile.php?id=100008943462799","https:\/\/x.com\/bellunopress","https:\/\/www.linkedin.com\/hp\/?dnr=JBzUWaJfMUw8vbXJJ2tVW5-I3jZKvC4wsoxE&amp;amp;amp;amp;amp;amp;trk=nav_responsive_tab_home","https:\/\/www.youtube.com\/channel\/UCxL0wu1uN0_3_7hGG0306cw"]},{"@type":"Person","@id":"https:\/\/www.bellunopress.it\/#\/schema\/person\/79bb06722b37ece1c03d3e94beb30d73","name":"r\u00e9daction","image":{"@type":"ImageObject","inLanguage":"fr-FR","@id":"https:\/\/secure.gravatar.com\/avatar\/37d968a2e67a6fd04c169c4bdef102d0bc5d31b2546345219e348575eb80e9a0?s=96&d=mm&r=g","url":"https:\/\/secure.gravatar.com\/avatar\/37d968a2e67a6fd04c169c4bdef102d0bc5d31b2546345219e348575eb80e9a0?s=96&d=mm&r=g","contentUrl":"https:\/\/secure.gravatar.com\/avatar\/37d968a2e67a6fd04c169c4bdef102d0bc5d31b2546345219e348575eb80e9a0?s=96&d=mm&r=g","caption":"redazione"},"sameAs":["http:\/\/www.bellunopress.it","https:\/\/x.com\/bellunopress"],"url":"https:\/\/www.bellunopress.it\/fr\/author\/redazione\/"}]}},"_links":{"self":[{"href":"https:\/\/www.bellunopress.it\/fr\/wp-json\/wp\/v2\/posts\/108144","targetHints":{"allow":["GET"]}}],"collection":[{"href":"https:\/\/www.bellunopress.it\/fr\/wp-json\/wp\/v2\/posts"}],"about":[{"href":"https:\/\/www.bellunopress.it\/fr\/wp-json\/wp\/v2\/types\/post"}],"author":[{"embeddable":true,"href":"https:\/\/www.bellunopress.it\/fr\/wp-json\/wp\/v2\/users\/2"}],"replies":[{"embeddable":true,"href":"https:\/\/www.bellunopress.it\/fr\/wp-json\/wp\/v2\/comments?post=108144"}],"version-history":[{"count":1,"href":"https:\/\/www.bellunopress.it\/fr\/wp-json\/wp\/v2\/posts\/108144\/revisions"}],"predecessor-version":[{"id":108145,"href":"https:\/\/www.bellunopress.it\/fr\/wp-json\/wp\/v2\/posts\/108144\/revisions\/108145"}],"wp:attachment":[{"href":"https:\/\/www.bellunopress.it\/fr\/wp-json\/wp\/v2\/media?parent=108144"}],"wp:term":[{"taxonomy":"category","embeddable":true,"href":"https:\/\/www.bellunopress.it\/fr\/wp-json\/wp\/v2\/categories?post=108144"},{"taxonomy":"post_tag","embeddable":true,"href":"https:\/\/www.bellunopress.it\/fr\/wp-json\/wp\/v2\/tags?post=108144"}],"curies":[{"name":"wp","href":"https:\/\/api.w.org\/{rel}","templated":true}]}}