{"id":108140,"date":"2019-09-24T15:36:14","date_gmt":"2019-09-24T13:36:14","guid":{"rendered":"http:\/\/www.bellunopress.it\/?p=108140"},"modified":"2019-09-24T15:37:42","modified_gmt":"2019-09-24T13:37:42","slug":"autonomia-ed-elettivita-lettera-al-ministro-boccia-bona-bard-presto-un-incontro","status":"publish","type":"post","link":"https:\/\/www.bellunopress.it\/fr\/2019\/09\/24\/autonomia-ed-elettivita-lettera-al-ministro-boccia-bona-bard-presto-un-incontro\/","title":{"rendered":"Autonomia ed elettivit\u00e0, lettera al ministro Boccia. Bona (Bard): &#8220;Presto un incontro&#8221;"},"content":{"rendered":"<figure id=\"attachment_106322\" aria-describedby=\"caption-attachment-106322\" style=\"width: 237px\" class=\"wp-caption alignleft\"><a href=\"http:\/\/www.bellunopress.it\/fr\/2019\/07\/17\/andrea-bona-e-il-nuovo-presidente-del-bard-alla-vicepresidenza-roberto-brustolon\/andrea-bona-2\/\" rel=\"attachment wp-att-106322\"><img loading=\"lazy\" decoding=\"async\" class=\"size-full wp-image-106322\" src=\"http:\/\/www.bellunopress.it\/wp-content\/uploads\/2019\/07\/Andrea-Bona.jpg\" alt=\"\" width=\"237\" height=\"300\" \/><\/a><figcaption id=\"caption-attachment-106322\" class=\"wp-caption-text\">Andrea Bona<\/figcaption><\/figure>\n<p>\u00abAl pi\u00f9 presto incontreremo il ministro per gli affari regionali e le autonomie, Francesco Boccia, e ribadiremo le necessit\u00e0 del Bellunese e la richiesta di rispetto del patto siglato nel 2015\u00bb.<\/p>\n<p>Questo l&#8217;annuncio del presidente del movimento Belluno Autonoma Regione Dolomiti, Andrea Bona, dopo i contatti avuti con la segreteria del neo-ministro.<\/p>\n<p>\u00abNei giorni scorsi, in vista dell&#8217;incontro di ieri a Venezia tra il ministro Boccia e il presidente Zaia, abbiamo scritto al ministro, illustrando l&#8217;attuale situazione della nostra provincia e dei nostri comuni, allegando anche il patto sottoscritto dal suo partito con il nostro movimento in occasione delle elezioni regionali del 2015\u00bb, sottolinea Bona.<\/p>\n<p>\u00abNella giornata di ieri, &#8211; aggiunge il presidente Bard \u2013 ho ricevuto la telefonata di Francesco Rana, capo di Gabinetto del ministro, che mi ha assicurato che Boccia ha preso visione dell&#8217;accordo e letto il documento, annunciandomi che al pi\u00f9 presto verremo convocati per un incontro. Da parte mia, oltre ai doverosi ringraziamenti, ho rimarcato l&#8217;urgenza di una risposta per il territorio<br \/>\nbellunese ed ho evidenziato la forte presenza di minoranze linguistiche, oggi senza tutela. Attendiamo quindi una nuova telefonata da Roma: c&#8217;\u00e8 chi ci rappresenta e chi ha firmato quell&#8217;accordo che non si \u00e8 mosso e non vuole muoversi, noi andiamo avanti diritti verso i nostri obbiettivi, che sono autonomia e elettivit\u00e0 per la Provincia di Belluno\u00bb.<\/p>\n<p>Ecco di seguito la lettera inviata ai ministri Boccia e D&#8217;Inc\u00e0<\/p>\n<p>Alla cortese attenzione del<br \/>\nMinistro per gli Affari Regionali e le Autonomie<br \/>\nOnorevole Francesco Boccia.<\/p>\n<p>E per conoscenza:<br \/>\nEgregio Ministro per i Rapporti con il Parlamento<br \/>\nOnorevole Federico D\u2019Inc\u00e0.<\/p>\n<p>Oggetto: richiesta di incontro con il Movimento B.A.R.D. (Belluno Autonoma \u2013 Regione Dolomiti)<br \/>\nin occasione della visita in Veneto del 23 settembre 2019.<br \/>\nEgregio Signor Ministro,<br \/>\nmi rivolgo a Lei, a nome del Movimento B.A.R.D., dopo aver appreso della sua prossima visita in<br \/>\nVeneto per incontrare il Presidente della Regione e per discutere del percorso di autonomia<br \/>\nintrapreso dopo il referendum del 2017. Non Le nascondo il nostro sconcerto nell\u2019apprendere che<br \/>\nnon \u00e8 prevista una sosta anche in Provincia di Belluno, dove tutto \u00e8 cominciato in seguito ai<br \/>\nreferendum costituzionali per il passaggio dei nostri comuni alle confinanti realt\u00e0 a statuto<br \/>\nspeciale. Come Lei ben sapr\u00e0, anche in occasione del referendum del Veneto i bellunesi hanno<br \/>\nespresso un doppio voto, non solo a favore della maggiore autonomia della regione che ci ospita,,<br \/>\nma anche della Provincia di Belluno. Entrambi i quesiti hanno superato il quorum dei votanti.<br \/>\nNel caso del Bellunese si tratta del riconoscimento del percorso di autogoverno di una Provincia<br \/>\n\u201cinteramente montana e confinante con stato estero\u201d, per riprendere la definizione della legge<br \/>\n56\/2014, dove vivono consistenti minoranze linguistiche ladine ad oggi prive di qualsiasi tutela,<br \/>\nche soffre gravi problemi legati allo spopolamento e all\u2019abbandono degli insediamenti in quota,<br \/>\nproprio quelli pi\u00f9 vicini alle Dolomiti \u201cpatrimonio dell\u2019umanit\u00e0\u201d tutelate dall\u2019Unesco.<br \/>\nNonostante le evidenti difficolt\u00e0 del nostro territorio, costretto a confrontarsi con le realt\u00e0 a<br \/>\nstatuto speciale del Trentino &#8211; Alto Adige\/Sud Tirol e del Friuli Venezia Giulia, abbiamo sub\u00ecto, in<br \/>\npieno e senza nessuno sconto, il processo di smantellamento delle autonomie locali, incominciato<br \/>\ncon il taglio delle risorse ai comuni e culminato nella legge di eliminazione delle province. Le<br \/>\nricordiamo, solo per inciso, che in questi anni i nostri comuni, gi\u00e0 ampiamente sottofinanziati in<br \/>\nrapporto alle difficolt\u00e0 del territorio, hanno sopportato una riduzione dei trasferimenti del 42% e<br \/>\nla nostra Provincia del 27%; tutto questo in un\u2019area delicatissima sotto il profilo, sociale,<br \/>\neconomico, storico ed ambientale. Le gi\u00e0 scarse risorse per la tutela della minoranza linguistica<br \/>\nladina sono passate invece dai 158.436 euro del 2005 agli attuali 34.043, e tutto questo per 38<br \/>\ncomuni, riconosciuti area di minoranza linguistica con la legge n\u00b0482 del 1999. Senza dimenticare,<br \/>\nper un opportuno confronto, che la nostra Provincia contribuisce alla ricchezza nazionale, grazie<br \/>\nalla laboriosit\u00e0 dei bellunesi, con un P.I.L. di 5,8 miliardi di Euro ed un gettito fiscale di 1,4 miliardi.<br \/>\nLe ricordiamo inoltre che il nostro Movimento ha stipulato, in occasione delle elezioni regionali del<br \/>\n2015, un patto con il Partito Democratico proprio per cercare di resistere a quella che \u00e8 diventata,<br \/>\nin seguito agli sconsiderati tagli a risorse e competenze, una vera e propria forma di aggressione<br \/>\neconomica e istituzionale al nostro territorio. Questo accordo doveva portare, attraverso una<br \/>\nsemplificazione dell\u2019assetto istituzionale della nostra Provincia, ad uno statuto in grado di dare<br \/>\nnuova rappresentanza, restituendo l\u2019elettivit\u00e0 diretta al nostro ente territoriale, a tutte le vallate e<br \/>\nle popolazioni della nostra area alpina. Questo patto, approvato al massimo livello dal Partito<br \/>\nDemocratico, \u00e8 stato totalmente disatteso, nonostante portasse le firme di Lorenzo Guerini, allora<br \/>\nvicepresidente del P.D., di Gianclaudio Bressa, allora sottosegretario agli Affari Regionali, di Roger<br \/>\nDe Menech, allora segretario del P.D. Veneto e di Monica Lotto, oggi come allora segretaria del<br \/>\nP.D. di Belluno.<br \/>\nSe autonomia significa assunzione di responsabilit\u00e0, \u00e8 palese che il mancato rispetto dell\u2019accordo<br \/>\ndel 2015 \u00e8 stato un atto totalmente irresponsabile, sia verso il Bellunese che verso l\u2019opinione<br \/>\npubblica del Veneto. Le conseguenze in termini di credibilit\u00e0, alla luce dei successivi referendum e<br \/>\ndel processo di autonomia differenziata intrapreso dal Veneto, sono indubbiamente pesanti, ma il<br \/>\nSuo attuale ruolo potrebbe consentirLe di mantenere una promessa che non \u00e8 stata fatta solo al<br \/>\nnostro Movimento, ma a tutti i bellunesi. Lei pu\u00f2 oggi dimostrare che un processo virtuoso di<br \/>\nautonomia \u00e8 possibile ad iniziare proprio dal Bellunese, un\u2019area alpina la cui specificit\u00e0 \u00e8<br \/>\nriconosciuta sia dallo statuto del Veneto che da diverse leggi nazionali.<br \/>\nPer questo motivo Le chiedo, signor Ministro, la possibilit\u00e0 di incontrarLa a Belluno o a Venezia il<br \/>\ngiorno 23 settembre. Vorrei infatti, chiederLe che il patto sottoscritto nel 2015 con il nostro<br \/>\nMovimento diventi una legge di iniziativa del Governo e venga approvata il pi\u00f9 presto possibile.<br \/>\nQuesto sarebbe un primo importante passo per riconoscere, all\u2019interno del contesto nazionale ed<br \/>\neuropeo, le istanze di autogoverno responsabile della Provincia di Belluno. Il processo di<br \/>\nautonomia avviatosi nel Nord \u2013 Est d\u2019Italia non pu\u00f2, infatti, che cominciare da Belluno.<br \/>\nIn attesa di un suo cortese cenno di riscontro, porgo cordiali saluti.<br \/>\nBelluno, 16 settembre 2019.<br \/>\nAndrea Bona.<br \/>\nPresidente del Movimento B.A.R.D.<\/p>","protected":false},"excerpt":{"rendered":"<p>\u00abAl pi\u00f9 presto incontreremo il ministro per gli affari regionali e le autonomie, Francesco Boccia, e ribadiremo le necessit\u00e0 del Bellunese e la richiesta di rispetto del patto siglato nel 2015\u00bb. Questo l&#8217;annuncio del presidente del movimento Belluno Autonoma Regione Dolomiti, Andrea Bona, dopo i contatti avuti con la segreteria del neo-ministro. \u00abNei giorni scorsi, [&hellip;]<\/p>\n","protected":false},"author":2,"featured_media":0,"comment_status":"closed","ping_status":"open","sticky":false,"template":"","format":"standard","meta":{"footnotes":""},"categories":[5,26],"tags":[],"class_list":["post-108140","post","type-post","status-publish","format-standard","category-cronaca","category-prima-pagina"],"yoast_head":"<!-- This site is optimized with the Yoast SEO plugin v28.4 - https:\/\/yoast.com\/product\/yoast-seo-wordpress\/ -->\n<title>Autonomia ed elettivit\u00e0, lettera al ministro Boccia. Bona (Bard): &quot;Presto un incontro&quot; - Bellunopress - Dolomiti<\/title>\n<meta name=\"robots\" content=\"index, follow, max-snippet:-1, max-image-preview:large, max-video-preview:-1\" \/>\n<link rel=\"canonical\" href=\"https:\/\/www.bellunopress.it\/fr\/2019\/09\/24\/autonomia-ed-elettivita-lettera-al-ministro-boccia-bona-bard-presto-un-incontro\/\" \/>\n<meta property=\"og:locale\" content=\"fr_FR\" \/>\n<meta property=\"og:type\" content=\"article\" \/>\n<meta property=\"og:title\" content=\"Autonomia ed elettivit\u00e0, lettera al ministro Boccia. Bona (Bard): &quot;Presto un incontro&quot; - Bellunopress - Dolomiti\" \/>\n<meta property=\"og:description\" content=\"\u00abAl pi\u00f9 presto incontreremo il ministro per gli affari regionali e le autonomie, Francesco Boccia, e ribadiremo le necessit\u00e0 del Bellunese e la richiesta di rispetto del patto siglato nel 2015\u00bb. Questo l&#8217;annuncio del presidente del movimento Belluno Autonoma Regione Dolomiti, Andrea Bona, dopo i contatti avuti con la segreteria del neo-ministro. \u00abNei giorni scorsi, [&hellip;]\" \/>\n<meta property=\"og:url\" content=\"https:\/\/www.bellunopress.it\/fr\/2019\/09\/24\/autonomia-ed-elettivita-lettera-al-ministro-boccia-bona-bard-presto-un-incontro\/\" \/>\n<meta property=\"og:site_name\" content=\"Bellunopress - Dolomiti\" \/>\n<meta property=\"article:publisher\" content=\"https:\/\/www.facebook.com\/profile.php?id=100008943462799\" \/>\n<meta property=\"article:published_time\" content=\"2019-09-24T13:36:14+00:00\" \/>\n<meta property=\"article:modified_time\" content=\"2019-09-24T13:37:42+00:00\" \/>\n<meta property=\"og:image\" content=\"http:\/\/www.bellunopress.it\/wp-content\/uploads\/2019\/07\/Andrea-Bona.jpg\" \/>\n<meta name=\"author\" content=\"redazione\" \/>\n<meta name=\"twitter:card\" content=\"summary_large_image\" \/>\n<meta name=\"twitter:creator\" content=\"@bellunopress\" \/>\n<meta name=\"twitter:site\" content=\"@bellunopress\" \/>\n<meta name=\"twitter:label1\" content=\"\u00c9crit par\" \/>\n\t<meta name=\"twitter:data1\" content=\"redazione\" \/>\n\t<meta name=\"twitter:label2\" content=\"Dur\u00e9e de lecture estim\u00e9e\" \/>\n\t<meta name=\"twitter:data2\" content=\"5 minutes\" \/>\n<script type=\"application\/ld+json\" class=\"yoast-schema-graph\">{\"@context\":\"https:\\\/\\\/schema.org\",\"@graph\":[{\"@type\":\"Article\",\"@id\":\"https:\\\/\\\/www.bellunopress.it\\\/2019\\\/09\\\/24\\\/autonomia-ed-elettivita-lettera-al-ministro-boccia-bona-bard-presto-un-incontro\\\/#article\",\"isPartOf\":{\"@id\":\"https:\\\/\\\/www.bellunopress.it\\\/2019\\\/09\\\/24\\\/autonomia-ed-elettivita-lettera-al-ministro-boccia-bona-bard-presto-un-incontro\\\/\"},\"author\":{\"name\":\"redazione\",\"@id\":\"https:\\\/\\\/www.bellunopress.it\\\/#\\\/schema\\\/person\\\/79bb06722b37ece1c03d3e94beb30d73\"},\"headline\":\"Autonomia ed elettivit\u00e0, lettera al ministro Boccia. Bona (Bard): &#8220;Presto un incontro&#8221;\",\"datePublished\":\"2019-09-24T13:36:14+00:00\",\"dateModified\":\"2019-09-24T13:37:42+00:00\",\"mainEntityOfPage\":{\"@id\":\"https:\\\/\\\/www.bellunopress.it\\\/2019\\\/09\\\/24\\\/autonomia-ed-elettivita-lettera-al-ministro-boccia-bona-bard-presto-un-incontro\\\/\"},\"wordCount\":1044,\"publisher\":{\"@id\":\"https:\\\/\\\/www.bellunopress.it\\\/#organization\"},\"image\":{\"@id\":\"https:\\\/\\\/www.bellunopress.it\\\/2019\\\/09\\\/24\\\/autonomia-ed-elettivita-lettera-al-ministro-boccia-bona-bard-presto-un-incontro\\\/#primaryimage\"},\"thumbnailUrl\":\"http:\\\/\\\/www.bellunopress.it\\\/wp-content\\\/uploads\\\/2019\\\/07\\\/Andrea-Bona.jpg\",\"articleSection\":[\"Cronaca\\\/Politica\",\"Prima Pagina\"],\"inLanguage\":\"fr-FR\"},{\"@type\":\"WebPage\",\"@id\":\"https:\\\/\\\/www.bellunopress.it\\\/2019\\\/09\\\/24\\\/autonomia-ed-elettivita-lettera-al-ministro-boccia-bona-bard-presto-un-incontro\\\/\",\"url\":\"https:\\\/\\\/www.bellunopress.it\\\/2019\\\/09\\\/24\\\/autonomia-ed-elettivita-lettera-al-ministro-boccia-bona-bard-presto-un-incontro\\\/\",\"name\":\"Autonomia ed elettivit\u00e0, lettera al ministro Boccia. Bona (Bard): \\\"Presto un incontro\\\" - Bellunopress - Dolomiti\",\"isPartOf\":{\"@id\":\"https:\\\/\\\/www.bellunopress.it\\\/#website\"},\"primaryImageOfPage\":{\"@id\":\"https:\\\/\\\/www.bellunopress.it\\\/2019\\\/09\\\/24\\\/autonomia-ed-elettivita-lettera-al-ministro-boccia-bona-bard-presto-un-incontro\\\/#primaryimage\"},\"image\":{\"@id\":\"https:\\\/\\\/www.bellunopress.it\\\/2019\\\/09\\\/24\\\/autonomia-ed-elettivita-lettera-al-ministro-boccia-bona-bard-presto-un-incontro\\\/#primaryimage\"},\"thumbnailUrl\":\"http:\\\/\\\/www.bellunopress.it\\\/wp-content\\\/uploads\\\/2019\\\/07\\\/Andrea-Bona.jpg\",\"datePublished\":\"2019-09-24T13:36:14+00:00\",\"dateModified\":\"2019-09-24T13:37:42+00:00\",\"breadcrumb\":{\"@id\":\"https:\\\/\\\/www.bellunopress.it\\\/2019\\\/09\\\/24\\\/autonomia-ed-elettivita-lettera-al-ministro-boccia-bona-bard-presto-un-incontro\\\/#breadcrumb\"},\"inLanguage\":\"fr-FR\",\"potentialAction\":[{\"@type\":\"ReadAction\",\"target\":[\"https:\\\/\\\/www.bellunopress.it\\\/2019\\\/09\\\/24\\\/autonomia-ed-elettivita-lettera-al-ministro-boccia-bona-bard-presto-un-incontro\\\/\"]}]},{\"@type\":\"ImageObject\",\"inLanguage\":\"fr-FR\",\"@id\":\"https:\\\/\\\/www.bellunopress.it\\\/2019\\\/09\\\/24\\\/autonomia-ed-elettivita-lettera-al-ministro-boccia-bona-bard-presto-un-incontro\\\/#primaryimage\",\"url\":\"http:\\\/\\\/www.bellunopress.it\\\/wp-content\\\/uploads\\\/2019\\\/07\\\/Andrea-Bona.jpg\",\"contentUrl\":\"http:\\\/\\\/www.bellunopress.it\\\/wp-content\\\/uploads\\\/2019\\\/07\\\/Andrea-Bona.jpg\"},{\"@type\":\"BreadcrumbList\",\"@id\":\"https:\\\/\\\/www.bellunopress.it\\\/2019\\\/09\\\/24\\\/autonomia-ed-elettivita-lettera-al-ministro-boccia-bona-bard-presto-un-incontro\\\/#breadcrumb\",\"itemListElement\":[{\"@type\":\"ListItem\",\"position\":1,\"name\":\"Home\",\"item\":\"https:\\\/\\\/www.bellunopress.it\\\/\"},{\"@type\":\"ListItem\",\"position\":2,\"name\":\"Autonomia ed elettivit\u00e0, lettera al ministro Boccia. Bona (Bard): &#8220;Presto un incontro&#8221;\"}]},{\"@type\":\"WebSite\",\"@id\":\"https:\\\/\\\/www.bellunopress.it\\\/#website\",\"url\":\"https:\\\/\\\/www.bellunopress.it\\\/\",\"name\":\"Bellunopress - Dolomiti\",\"description\":\"e-mail: redazione@bellunopress.it\",\"publisher\":{\"@id\":\"https:\\\/\\\/www.bellunopress.it\\\/#organization\"},\"potentialAction\":[{\"@type\":\"SearchAction\",\"target\":{\"@type\":\"EntryPoint\",\"urlTemplate\":\"https:\\\/\\\/www.bellunopress.it\\\/?s={search_term_string}\"},\"query-input\":{\"@type\":\"PropertyValueSpecification\",\"valueRequired\":true,\"valueName\":\"search_term_string\"}}],\"inLanguage\":\"fr-FR\"},{\"@type\":\"Organization\",\"@id\":\"https:\\\/\\\/www.bellunopress.it\\\/#organization\",\"name\":\"Bellunopress\",\"url\":\"https:\\\/\\\/www.bellunopress.it\\\/\",\"logo\":{\"@type\":\"ImageObject\",\"inLanguage\":\"fr-FR\",\"@id\":\"https:\\\/\\\/www.bellunopress.it\\\/#\\\/schema\\\/logo\\\/image\\\/\",\"url\":\"https:\\\/\\\/www.bellunopress.it\\\/wp-content\\\/uploads\\\/2011\\\/05\\\/cropped-logo-bellunopress-.jpg\",\"contentUrl\":\"https:\\\/\\\/www.bellunopress.it\\\/wp-content\\\/uploads\\\/2011\\\/05\\\/cropped-logo-bellunopress-.jpg\",\"width\":512,\"height\":512,\"caption\":\"Bellunopress\"},\"image\":{\"@id\":\"https:\\\/\\\/www.bellunopress.it\\\/#\\\/schema\\\/logo\\\/image\\\/\"},\"sameAs\":[\"https:\\\/\\\/www.facebook.com\\\/profile.php?id=100008943462799\",\"https:\\\/\\\/x.com\\\/bellunopress\",\"https:\\\/\\\/www.linkedin.com\\\/hp\\\/?dnr=JBzUWaJfMUw8vbXJJ2tVW5-I3jZKvC4wsoxE&amp;amp;amp;amp;amp;amp;trk=nav_responsive_tab_home\",\"https:\\\/\\\/www.youtube.com\\\/channel\\\/UCxL0wu1uN0_3_7hGG0306cw\"]},{\"@type\":\"Person\",\"@id\":\"https:\\\/\\\/www.bellunopress.it\\\/#\\\/schema\\\/person\\\/79bb06722b37ece1c03d3e94beb30d73\",\"name\":\"redazione\",\"image\":{\"@type\":\"ImageObject\",\"inLanguage\":\"fr-FR\",\"@id\":\"https:\\\/\\\/secure.gravatar.com\\\/avatar\\\/37d968a2e67a6fd04c169c4bdef102d0bc5d31b2546345219e348575eb80e9a0?s=96&d=mm&r=g\",\"url\":\"https:\\\/\\\/secure.gravatar.com\\\/avatar\\\/37d968a2e67a6fd04c169c4bdef102d0bc5d31b2546345219e348575eb80e9a0?s=96&d=mm&r=g\",\"contentUrl\":\"https:\\\/\\\/secure.gravatar.com\\\/avatar\\\/37d968a2e67a6fd04c169c4bdef102d0bc5d31b2546345219e348575eb80e9a0?s=96&d=mm&r=g\",\"caption\":\"redazione\"},\"sameAs\":[\"http:\\\/\\\/www.bellunopress.it\",\"https:\\\/\\\/x.com\\\/bellunopress\"],\"url\":\"https:\\\/\\\/www.bellunopress.it\\\/fr\\\/author\\\/redazione\\\/\"}]}<\/script>\n<!-- \/ Yoast SEO plugin. -->","yoast_head_json":{"title":"Autonomia ed elettivit\u00e0, lettera al ministro Boccia. Bona (Bard): \"Presto un incontro\" - Bellunopress - Dolomiti","robots":{"index":"index","follow":"follow","max-snippet":"max-snippet:-1","max-image-preview":"max-image-preview:large","max-video-preview":"max-video-preview:-1"},"canonical":"https:\/\/www.bellunopress.it\/fr\/2019\/09\/24\/autonomia-ed-elettivita-lettera-al-ministro-boccia-bona-bard-presto-un-incontro\/","og_locale":"fr_FR","og_type":"article","og_title":"Autonomia ed elettivit\u00e0, lettera al ministro Boccia. Bona (Bard): \"Presto un incontro\" - Bellunopress - Dolomiti","og_description":"\u00abAl pi\u00f9 presto incontreremo il ministro per gli affari regionali e le autonomie, Francesco Boccia, e ribadiremo le necessit\u00e0 del Bellunese e la richiesta di rispetto del patto siglato nel 2015\u00bb. Questo l&#8217;annuncio del presidente del movimento Belluno Autonoma Regione Dolomiti, Andrea Bona, dopo i contatti avuti con la segreteria del neo-ministro. \u00abNei giorni scorsi, [&hellip;]","og_url":"https:\/\/www.bellunopress.it\/fr\/2019\/09\/24\/autonomia-ed-elettivita-lettera-al-ministro-boccia-bona-bard-presto-un-incontro\/","og_site_name":"Bellunopress - Dolomiti","article_publisher":"https:\/\/www.facebook.com\/profile.php?id=100008943462799","article_published_time":"2019-09-24T13:36:14+00:00","article_modified_time":"2019-09-24T13:37:42+00:00","og_image":[{"url":"http:\/\/www.bellunopress.it\/wp-content\/uploads\/2019\/07\/Andrea-Bona.jpg","type":"","width":"","height":""}],"author":"redazione","twitter_card":"summary_large_image","twitter_creator":"@bellunopress","twitter_site":"@bellunopress","twitter_misc":{"\u00c9crit par":"redazione","Dur\u00e9e de lecture estim\u00e9e":"5 minutes"},"schema":{"@context":"https:\/\/schema.org","@graph":[{"@type":"Article","@id":"https:\/\/www.bellunopress.it\/2019\/09\/24\/autonomia-ed-elettivita-lettera-al-ministro-boccia-bona-bard-presto-un-incontro\/#article","isPartOf":{"@id":"https:\/\/www.bellunopress.it\/2019\/09\/24\/autonomia-ed-elettivita-lettera-al-ministro-boccia-bona-bard-presto-un-incontro\/"},"author":{"name":"redazione","@id":"https:\/\/www.bellunopress.it\/#\/schema\/person\/79bb06722b37ece1c03d3e94beb30d73"},"headline":"Autonomia ed elettivit\u00e0, lettera al ministro Boccia. Bona (Bard): &#8220;Presto un incontro&#8221;","datePublished":"2019-09-24T13:36:14+00:00","dateModified":"2019-09-24T13:37:42+00:00","mainEntityOfPage":{"@id":"https:\/\/www.bellunopress.it\/2019\/09\/24\/autonomia-ed-elettivita-lettera-al-ministro-boccia-bona-bard-presto-un-incontro\/"},"wordCount":1044,"publisher":{"@id":"https:\/\/www.bellunopress.it\/#organization"},"image":{"@id":"https:\/\/www.bellunopress.it\/2019\/09\/24\/autonomia-ed-elettivita-lettera-al-ministro-boccia-bona-bard-presto-un-incontro\/#primaryimage"},"thumbnailUrl":"http:\/\/www.bellunopress.it\/wp-content\/uploads\/2019\/07\/Andrea-Bona.jpg","articleSection":["Cronaca\/Politica","Prima Pagina"],"inLanguage":"fr-FR"},{"@type":"WebPage","@id":"https:\/\/www.bellunopress.it\/2019\/09\/24\/autonomia-ed-elettivita-lettera-al-ministro-boccia-bona-bard-presto-un-incontro\/","url":"https:\/\/www.bellunopress.it\/2019\/09\/24\/autonomia-ed-elettivita-lettera-al-ministro-boccia-bona-bard-presto-un-incontro\/","name":"Autonomia ed elettivit\u00e0, lettera al ministro Boccia. Bona (Bard): \"Presto un incontro\" - Bellunopress - Dolomiti","isPartOf":{"@id":"https:\/\/www.bellunopress.it\/#website"},"primaryImageOfPage":{"@id":"https:\/\/www.bellunopress.it\/2019\/09\/24\/autonomia-ed-elettivita-lettera-al-ministro-boccia-bona-bard-presto-un-incontro\/#primaryimage"},"image":{"@id":"https:\/\/www.bellunopress.it\/2019\/09\/24\/autonomia-ed-elettivita-lettera-al-ministro-boccia-bona-bard-presto-un-incontro\/#primaryimage"},"thumbnailUrl":"http:\/\/www.bellunopress.it\/wp-content\/uploads\/2019\/07\/Andrea-Bona.jpg","datePublished":"2019-09-24T13:36:14+00:00","dateModified":"2019-09-24T13:37:42+00:00","breadcrumb":{"@id":"https:\/\/www.bellunopress.it\/2019\/09\/24\/autonomia-ed-elettivita-lettera-al-ministro-boccia-bona-bard-presto-un-incontro\/#breadcrumb"},"inLanguage":"fr-FR","potentialAction":[{"@type":"ReadAction","target":["https:\/\/www.bellunopress.it\/2019\/09\/24\/autonomia-ed-elettivita-lettera-al-ministro-boccia-bona-bard-presto-un-incontro\/"]}]},{"@type":"ImageObject","inLanguage":"fr-FR","@id":"https:\/\/www.bellunopress.it\/2019\/09\/24\/autonomia-ed-elettivita-lettera-al-ministro-boccia-bona-bard-presto-un-incontro\/#primaryimage","url":"http:\/\/www.bellunopress.it\/wp-content\/uploads\/2019\/07\/Andrea-Bona.jpg","contentUrl":"http:\/\/www.bellunopress.it\/wp-content\/uploads\/2019\/07\/Andrea-Bona.jpg"},{"@type":"BreadcrumbList","@id":"https:\/\/www.bellunopress.it\/2019\/09\/24\/autonomia-ed-elettivita-lettera-al-ministro-boccia-bona-bard-presto-un-incontro\/#breadcrumb","itemListElement":[{"@type":"ListItem","position":1,"name":"Home","item":"https:\/\/www.bellunopress.it\/"},{"@type":"ListItem","position":2,"name":"Autonomia ed elettivit\u00e0, lettera al ministro Boccia. Bona (Bard): &#8220;Presto un incontro&#8221;"}]},{"@type":"WebSite","@id":"https:\/\/www.bellunopress.it\/#website","url":"https:\/\/www.bellunopress.it\/","name":"Bellunopress - Dolomiti","description":"e-mail: redazione@bellunopress.it","publisher":{"@id":"https:\/\/www.bellunopress.it\/#organization"},"potentialAction":[{"@type":"SearchAction","target":{"@type":"EntryPoint","urlTemplate":"https:\/\/www.bellunopress.it\/?s={search_term_string}"},"query-input":{"@type":"PropertyValueSpecification","valueRequired":true,"valueName":"search_term_string"}}],"inLanguage":"fr-FR"},{"@type":"Organization","@id":"https:\/\/www.bellunopress.it\/#organization","name":"Bellunopress","url":"https:\/\/www.bellunopress.it\/","logo":{"@type":"ImageObject","inLanguage":"fr-FR","@id":"https:\/\/www.bellunopress.it\/#\/schema\/logo\/image\/","url":"https:\/\/www.bellunopress.it\/wp-content\/uploads\/2011\/05\/cropped-logo-bellunopress-.jpg","contentUrl":"https:\/\/www.bellunopress.it\/wp-content\/uploads\/2011\/05\/cropped-logo-bellunopress-.jpg","width":512,"height":512,"caption":"Bellunopress"},"image":{"@id":"https:\/\/www.bellunopress.it\/#\/schema\/logo\/image\/"},"sameAs":["https:\/\/www.facebook.com\/profile.php?id=100008943462799","https:\/\/x.com\/bellunopress","https:\/\/www.linkedin.com\/hp\/?dnr=JBzUWaJfMUw8vbXJJ2tVW5-I3jZKvC4wsoxE&amp;amp;amp;amp;amp;amp;trk=nav_responsive_tab_home","https:\/\/www.youtube.com\/channel\/UCxL0wu1uN0_3_7hGG0306cw"]},{"@type":"Person","@id":"https:\/\/www.bellunopress.it\/#\/schema\/person\/79bb06722b37ece1c03d3e94beb30d73","name":"r\u00e9daction","image":{"@type":"ImageObject","inLanguage":"fr-FR","@id":"https:\/\/secure.gravatar.com\/avatar\/37d968a2e67a6fd04c169c4bdef102d0bc5d31b2546345219e348575eb80e9a0?s=96&d=mm&r=g","url":"https:\/\/secure.gravatar.com\/avatar\/37d968a2e67a6fd04c169c4bdef102d0bc5d31b2546345219e348575eb80e9a0?s=96&d=mm&r=g","contentUrl":"https:\/\/secure.gravatar.com\/avatar\/37d968a2e67a6fd04c169c4bdef102d0bc5d31b2546345219e348575eb80e9a0?s=96&d=mm&r=g","caption":"redazione"},"sameAs":["http:\/\/www.bellunopress.it","https:\/\/x.com\/bellunopress"],"url":"https:\/\/www.bellunopress.it\/fr\/author\/redazione\/"}]}},"_links":{"self":[{"href":"https:\/\/www.bellunopress.it\/fr\/wp-json\/wp\/v2\/posts\/108140","targetHints":{"allow":["GET"]}}],"collection":[{"href":"https:\/\/www.bellunopress.it\/fr\/wp-json\/wp\/v2\/posts"}],"about":[{"href":"https:\/\/www.bellunopress.it\/fr\/wp-json\/wp\/v2\/types\/post"}],"author":[{"embeddable":true,"href":"https:\/\/www.bellunopress.it\/fr\/wp-json\/wp\/v2\/users\/2"}],"replies":[{"embeddable":true,"href":"https:\/\/www.bellunopress.it\/fr\/wp-json\/wp\/v2\/comments?post=108140"}],"version-history":[{"count":1,"href":"https:\/\/www.bellunopress.it\/fr\/wp-json\/wp\/v2\/posts\/108140\/revisions"}],"predecessor-version":[{"id":108141,"href":"https:\/\/www.bellunopress.it\/fr\/wp-json\/wp\/v2\/posts\/108140\/revisions\/108141"}],"wp:attachment":[{"href":"https:\/\/www.bellunopress.it\/fr\/wp-json\/wp\/v2\/media?parent=108140"}],"wp:term":[{"taxonomy":"category","embeddable":true,"href":"https:\/\/www.bellunopress.it\/fr\/wp-json\/wp\/v2\/categories?post=108140"},{"taxonomy":"post_tag","embeddable":true,"href":"https:\/\/www.bellunopress.it\/fr\/wp-json\/wp\/v2\/tags?post=108140"}],"curies":[{"name":"wp","href":"https:\/\/api.w.org\/{rel}","templated":true}]}}