{"id":108124,"date":"2019-09-24T11:14:21","date_gmt":"2019-09-24T09:14:21","guid":{"rendered":"http:\/\/www.bellunopress.it\/?p=108124"},"modified":"2019-09-23T22:18:52","modified_gmt":"2019-09-23T20:18:52","slug":"trasporto-scolastico-il-comune-di-alpago-conferma-la-gratuita-del-servizio","status":"publish","type":"post","link":"https:\/\/www.bellunopress.it\/fr\/2019\/09\/24\/trasporto-scolastico-il-comune-di-alpago-conferma-la-gratuita-del-servizio\/","title":{"rendered":"Trasporto scolastico: il Comune di Alpago conferma la gratuit\u00e0 del servizio"},"content":{"rendered":"<p><a href=\"http:\/\/www.bellunopress.it\/fr\/?attachment_id=108125\" rel=\"attachment wp-att-108125\"><img loading=\"lazy\" decoding=\"async\" class=\"alignleft size-full wp-image-108125\" src=\"http:\/\/www.bellunopress.it\/wp-content\/uploads\/2019\/09\/scuolabus.jpg\" alt=\"\" width=\"300\" height=\"225\" \/><\/a>La giunta del Comune di Alpago ha deciso di mantenere gratuito il servizio di trasporto scolastico a beneficio dei circa 320 bambini &#8211; e delle loro famiglie &#8211; che frequentano le scuole dell\u2019infanzia, le primarie e le secondarie di primo grado situate nel territorio comunale.<\/p>\n<p>\u201cUn pronunciamento della Corte dei Conti, che aveva dichiarato come il servizio di trasporto scolastico dovesse essere a pagamento, ha aperto sulla questione un dibattito giurisprudenziale tutt\u2019ora in atto. Forti del fatto che nel nostro Comune il trasporto \u00e8 finanziato con risorse proprie dell\u2019avanzo di bilancio (e quindi non ricorrendo a nuovo debito), abbiamo deciso di proseguire sulla strada intrapresa dal momento della fusione del 2016, mantenendo il servizio gratuito anche per l\u2019anno scolastico 2019\/2020\u201d, commenta il sindaco del Comune di Alpago Umberto Soccal.<\/p>\n<p>Attualmente il servizio di trasporto scolastico \u00e8 garantito da 8 mezzi, 6 gestiti in proprio dal Comune di Alpago e 2 tramite azienda esterna, che collegano l\u2019asilo comunale di Farra, quelli parrocchiali di Pieve e Puos, oltre a tutti i plessi delle scuole elementari e medie. Vi \u00e8 inoltre in essere una convenzione con il Comune di Tambre, con oneri a carico del Comune di Alpago, per il trasporto dei bambini residenti nelle frazioni di Spert e Cansiglio.<\/p>\n<p>\u201cSiamo convinti che nell\u2019attuale contesto sociale ed economico, in un territorio per lo pi\u00f9 cos\u00ec frazionato come il nostro, il sostegno garantito alle famiglie con la gratuit\u00e0 del trasporto scolastico non possa e non debba venire meno\u201d, sottolinea ancora Soccal, che aggiunge: \u201cIn questa maniera siamo inoltre in grado di dare massima libert\u00e0 ai genitori nella scelta della scuola dove far educare i propri figli. Aver creato, di fatto, una rete di spostamenti a costo zero consente infatti alle famiglie di pianificare e gestire l\u2019istruzione dei figli in base alle preferenze e\/o alle necessit\u00e0 di orari o logistiche del proprio nucleo\u201d.<\/p>\n<p>In questi primi giorni dopo l\u2019avvio del nuovo anno scolastico il servizio di trasporto non \u00e8 ancora definitivo, a causa dell\u2019incompleta definizione degli organici degli insegnanti e dell\u2019orario delle lezioni. Nell\u2019arco dei prossimi giorni la situazione dovrebbe andare a regime.<\/p>","protected":false},"excerpt":{"rendered":"<p>La giunta del Comune di Alpago ha deciso di mantenere gratuito il servizio di trasporto scolastico a beneficio dei circa 320 bambini &#8211; e delle loro famiglie &#8211; che frequentano le scuole dell\u2019infanzia, le primarie e le secondarie di primo grado situate nel territorio comunale. \u201cUn pronunciamento della Corte dei Conti, che aveva dichiarato come [&hellip;]<\/p>\n","protected":false},"author":2,"featured_media":0,"comment_status":"closed","ping_status":"open","sticky":false,"template":"","format":"standard","meta":{"footnotes":""},"categories":[5,26],"tags":[],"class_list":["post-108124","post","type-post","status-publish","format-standard","category-cronaca","category-prima-pagina"],"yoast_head":"<!-- This site is optimized with the Yoast SEO plugin v28.4 - https:\/\/yoast.com\/product\/yoast-seo-wordpress\/ -->\n<title>Trasporto scolastico: il Comune di Alpago conferma la gratuit\u00e0 del servizio - Bellunopress - Dolomiti<\/title>\n<meta name=\"robots\" content=\"index, follow, max-snippet:-1, max-image-preview:large, max-video-preview:-1\" \/>\n<link rel=\"canonical\" href=\"https:\/\/www.bellunopress.it\/fr\/2019\/09\/24\/trasporto-scolastico-il-comune-di-alpago-conferma-la-gratuita-del-servizio\/\" \/>\n<meta property=\"og:locale\" content=\"fr_FR\" \/>\n<meta property=\"og:type\" content=\"article\" \/>\n<meta property=\"og:title\" content=\"Trasporto scolastico: il Comune di Alpago conferma la gratuit\u00e0 del servizio - Bellunopress - Dolomiti\" \/>\n<meta property=\"og:description\" content=\"La giunta del Comune di Alpago ha deciso di mantenere gratuito il servizio di trasporto scolastico a beneficio dei circa 320 bambini &#8211; e delle loro famiglie &#8211; che frequentano le scuole dell\u2019infanzia, le primarie e le secondarie di primo grado situate nel territorio comunale. \u201cUn pronunciamento della Corte dei Conti, che aveva dichiarato come [&hellip;]\" \/>\n<meta property=\"og:url\" content=\"https:\/\/www.bellunopress.it\/fr\/2019\/09\/24\/trasporto-scolastico-il-comune-di-alpago-conferma-la-gratuita-del-servizio\/\" \/>\n<meta property=\"og:site_name\" content=\"Bellunopress - Dolomiti\" \/>\n<meta property=\"article:publisher\" content=\"https:\/\/www.facebook.com\/profile.php?id=100008943462799\" \/>\n<meta property=\"article:published_time\" content=\"2019-09-24T09:14:21+00:00\" \/>\n<meta property=\"og:image\" content=\"http:\/\/www.bellunopress.it\/wp-content\/uploads\/2019\/09\/scuolabus.jpg\" \/>\n<meta name=\"author\" content=\"redazione\" \/>\n<meta name=\"twitter:card\" content=\"summary_large_image\" \/>\n<meta name=\"twitter:creator\" content=\"@bellunopress\" \/>\n<meta name=\"twitter:site\" content=\"@bellunopress\" \/>\n<meta name=\"twitter:label1\" content=\"\u00c9crit par\" \/>\n\t<meta name=\"twitter:data1\" content=\"redazione\" \/>\n\t<meta name=\"twitter:label2\" content=\"Dur\u00e9e de lecture estim\u00e9e\" \/>\n\t<meta name=\"twitter:data2\" content=\"2 minutes\" \/>\n<script type=\"application\/ld+json\" class=\"yoast-schema-graph\">{\"@context\":\"https:\\\/\\\/schema.org\",\"@graph\":[{\"@type\":\"Article\",\"@id\":\"https:\\\/\\\/www.bellunopress.it\\\/2019\\\/09\\\/24\\\/trasporto-scolastico-il-comune-di-alpago-conferma-la-gratuita-del-servizio\\\/#article\",\"isPartOf\":{\"@id\":\"https:\\\/\\\/www.bellunopress.it\\\/2019\\\/09\\\/24\\\/trasporto-scolastico-il-comune-di-alpago-conferma-la-gratuita-del-servizio\\\/\"},\"author\":{\"name\":\"redazione\",\"@id\":\"https:\\\/\\\/www.bellunopress.it\\\/#\\\/schema\\\/person\\\/79bb06722b37ece1c03d3e94beb30d73\"},\"headline\":\"Trasporto scolastico: il Comune di Alpago conferma la gratuit\u00e0 del servizio\",\"datePublished\":\"2019-09-24T09:14:21+00:00\",\"mainEntityOfPage\":{\"@id\":\"https:\\\/\\\/www.bellunopress.it\\\/2019\\\/09\\\/24\\\/trasporto-scolastico-il-comune-di-alpago-conferma-la-gratuita-del-servizio\\\/\"},\"wordCount\":361,\"publisher\":{\"@id\":\"https:\\\/\\\/www.bellunopress.it\\\/#organization\"},\"image\":{\"@id\":\"https:\\\/\\\/www.bellunopress.it\\\/2019\\\/09\\\/24\\\/trasporto-scolastico-il-comune-di-alpago-conferma-la-gratuita-del-servizio\\\/#primaryimage\"},\"thumbnailUrl\":\"http:\\\/\\\/www.bellunopress.it\\\/wp-content\\\/uploads\\\/2019\\\/09\\\/scuolabus.jpg\",\"articleSection\":[\"Cronaca\\\/Politica\",\"Prima Pagina\"],\"inLanguage\":\"fr-FR\"},{\"@type\":\"WebPage\",\"@id\":\"https:\\\/\\\/www.bellunopress.it\\\/2019\\\/09\\\/24\\\/trasporto-scolastico-il-comune-di-alpago-conferma-la-gratuita-del-servizio\\\/\",\"url\":\"https:\\\/\\\/www.bellunopress.it\\\/2019\\\/09\\\/24\\\/trasporto-scolastico-il-comune-di-alpago-conferma-la-gratuita-del-servizio\\\/\",\"name\":\"Trasporto scolastico: il Comune di Alpago conferma la gratuit\u00e0 del servizio - Bellunopress - Dolomiti\",\"isPartOf\":{\"@id\":\"https:\\\/\\\/www.bellunopress.it\\\/#website\"},\"primaryImageOfPage\":{\"@id\":\"https:\\\/\\\/www.bellunopress.it\\\/2019\\\/09\\\/24\\\/trasporto-scolastico-il-comune-di-alpago-conferma-la-gratuita-del-servizio\\\/#primaryimage\"},\"image\":{\"@id\":\"https:\\\/\\\/www.bellunopress.it\\\/2019\\\/09\\\/24\\\/trasporto-scolastico-il-comune-di-alpago-conferma-la-gratuita-del-servizio\\\/#primaryimage\"},\"thumbnailUrl\":\"http:\\\/\\\/www.bellunopress.it\\\/wp-content\\\/uploads\\\/2019\\\/09\\\/scuolabus.jpg\",\"datePublished\":\"2019-09-24T09:14:21+00:00\",\"breadcrumb\":{\"@id\":\"https:\\\/\\\/www.bellunopress.it\\\/2019\\\/09\\\/24\\\/trasporto-scolastico-il-comune-di-alpago-conferma-la-gratuita-del-servizio\\\/#breadcrumb\"},\"inLanguage\":\"fr-FR\",\"potentialAction\":[{\"@type\":\"ReadAction\",\"target\":[\"https:\\\/\\\/www.bellunopress.it\\\/2019\\\/09\\\/24\\\/trasporto-scolastico-il-comune-di-alpago-conferma-la-gratuita-del-servizio\\\/\"]}]},{\"@type\":\"ImageObject\",\"inLanguage\":\"fr-FR\",\"@id\":\"https:\\\/\\\/www.bellunopress.it\\\/2019\\\/09\\\/24\\\/trasporto-scolastico-il-comune-di-alpago-conferma-la-gratuita-del-servizio\\\/#primaryimage\",\"url\":\"http:\\\/\\\/www.bellunopress.it\\\/wp-content\\\/uploads\\\/2019\\\/09\\\/scuolabus.jpg\",\"contentUrl\":\"http:\\\/\\\/www.bellunopress.it\\\/wp-content\\\/uploads\\\/2019\\\/09\\\/scuolabus.jpg\"},{\"@type\":\"BreadcrumbList\",\"@id\":\"https:\\\/\\\/www.bellunopress.it\\\/2019\\\/09\\\/24\\\/trasporto-scolastico-il-comune-di-alpago-conferma-la-gratuita-del-servizio\\\/#breadcrumb\",\"itemListElement\":[{\"@type\":\"ListItem\",\"position\":1,\"name\":\"Home\",\"item\":\"https:\\\/\\\/www.bellunopress.it\\\/\"},{\"@type\":\"ListItem\",\"position\":2,\"name\":\"Trasporto scolastico: il Comune di Alpago conferma la gratuit\u00e0 del servizio\"}]},{\"@type\":\"WebSite\",\"@id\":\"https:\\\/\\\/www.bellunopress.it\\\/#website\",\"url\":\"https:\\\/\\\/www.bellunopress.it\\\/\",\"name\":\"Bellunopress - Dolomiti\",\"description\":\"e-mail: redazione@bellunopress.it\",\"publisher\":{\"@id\":\"https:\\\/\\\/www.bellunopress.it\\\/#organization\"},\"potentialAction\":[{\"@type\":\"SearchAction\",\"target\":{\"@type\":\"EntryPoint\",\"urlTemplate\":\"https:\\\/\\\/www.bellunopress.it\\\/?s={search_term_string}\"},\"query-input\":{\"@type\":\"PropertyValueSpecification\",\"valueRequired\":true,\"valueName\":\"search_term_string\"}}],\"inLanguage\":\"fr-FR\"},{\"@type\":\"Organization\",\"@id\":\"https:\\\/\\\/www.bellunopress.it\\\/#organization\",\"name\":\"Bellunopress\",\"url\":\"https:\\\/\\\/www.bellunopress.it\\\/\",\"logo\":{\"@type\":\"ImageObject\",\"inLanguage\":\"fr-FR\",\"@id\":\"https:\\\/\\\/www.bellunopress.it\\\/#\\\/schema\\\/logo\\\/image\\\/\",\"url\":\"https:\\\/\\\/www.bellunopress.it\\\/wp-content\\\/uploads\\\/2011\\\/05\\\/cropped-logo-bellunopress-.jpg\",\"contentUrl\":\"https:\\\/\\\/www.bellunopress.it\\\/wp-content\\\/uploads\\\/2011\\\/05\\\/cropped-logo-bellunopress-.jpg\",\"width\":512,\"height\":512,\"caption\":\"Bellunopress\"},\"image\":{\"@id\":\"https:\\\/\\\/www.bellunopress.it\\\/#\\\/schema\\\/logo\\\/image\\\/\"},\"sameAs\":[\"https:\\\/\\\/www.facebook.com\\\/profile.php?id=100008943462799\",\"https:\\\/\\\/x.com\\\/bellunopress\",\"https:\\\/\\\/www.linkedin.com\\\/hp\\\/?dnr=JBzUWaJfMUw8vbXJJ2tVW5-I3jZKvC4wsoxE&amp;amp;amp;amp;amp;amp;trk=nav_responsive_tab_home\",\"https:\\\/\\\/www.youtube.com\\\/channel\\\/UCxL0wu1uN0_3_7hGG0306cw\"]},{\"@type\":\"Person\",\"@id\":\"https:\\\/\\\/www.bellunopress.it\\\/#\\\/schema\\\/person\\\/79bb06722b37ece1c03d3e94beb30d73\",\"name\":\"redazione\",\"image\":{\"@type\":\"ImageObject\",\"inLanguage\":\"fr-FR\",\"@id\":\"https:\\\/\\\/secure.gravatar.com\\\/avatar\\\/37d968a2e67a6fd04c169c4bdef102d0bc5d31b2546345219e348575eb80e9a0?s=96&d=mm&r=g\",\"url\":\"https:\\\/\\\/secure.gravatar.com\\\/avatar\\\/37d968a2e67a6fd04c169c4bdef102d0bc5d31b2546345219e348575eb80e9a0?s=96&d=mm&r=g\",\"contentUrl\":\"https:\\\/\\\/secure.gravatar.com\\\/avatar\\\/37d968a2e67a6fd04c169c4bdef102d0bc5d31b2546345219e348575eb80e9a0?s=96&d=mm&r=g\",\"caption\":\"redazione\"},\"sameAs\":[\"http:\\\/\\\/www.bellunopress.it\",\"https:\\\/\\\/x.com\\\/bellunopress\"],\"url\":\"https:\\\/\\\/www.bellunopress.it\\\/fr\\\/author\\\/redazione\\\/\"}]}<\/script>\n<!-- \/ Yoast SEO plugin. -->","yoast_head_json":{"title":"Trasporto scolastico: il Comune di Alpago conferma la gratuit\u00e0 del servizio - Bellunopress - Dolomiti","robots":{"index":"index","follow":"follow","max-snippet":"max-snippet:-1","max-image-preview":"max-image-preview:large","max-video-preview":"max-video-preview:-1"},"canonical":"https:\/\/www.bellunopress.it\/fr\/2019\/09\/24\/trasporto-scolastico-il-comune-di-alpago-conferma-la-gratuita-del-servizio\/","og_locale":"fr_FR","og_type":"article","og_title":"Trasporto scolastico: il Comune di Alpago conferma la gratuit\u00e0 del servizio - Bellunopress - Dolomiti","og_description":"La giunta del Comune di Alpago ha deciso di mantenere gratuito il servizio di trasporto scolastico a beneficio dei circa 320 bambini &#8211; e delle loro famiglie &#8211; che frequentano le scuole dell\u2019infanzia, le primarie e le secondarie di primo grado situate nel territorio comunale. \u201cUn pronunciamento della Corte dei Conti, che aveva dichiarato come [&hellip;]","og_url":"https:\/\/www.bellunopress.it\/fr\/2019\/09\/24\/trasporto-scolastico-il-comune-di-alpago-conferma-la-gratuita-del-servizio\/","og_site_name":"Bellunopress - Dolomiti","article_publisher":"https:\/\/www.facebook.com\/profile.php?id=100008943462799","article_published_time":"2019-09-24T09:14:21+00:00","og_image":[{"url":"http:\/\/www.bellunopress.it\/wp-content\/uploads\/2019\/09\/scuolabus.jpg","type":"","width":"","height":""}],"author":"redazione","twitter_card":"summary_large_image","twitter_creator":"@bellunopress","twitter_site":"@bellunopress","twitter_misc":{"\u00c9crit par":"redazione","Dur\u00e9e de lecture estim\u00e9e":"2 minutes"},"schema":{"@context":"https:\/\/schema.org","@graph":[{"@type":"Article","@id":"https:\/\/www.bellunopress.it\/2019\/09\/24\/trasporto-scolastico-il-comune-di-alpago-conferma-la-gratuita-del-servizio\/#article","isPartOf":{"@id":"https:\/\/www.bellunopress.it\/2019\/09\/24\/trasporto-scolastico-il-comune-di-alpago-conferma-la-gratuita-del-servizio\/"},"author":{"name":"redazione","@id":"https:\/\/www.bellunopress.it\/#\/schema\/person\/79bb06722b37ece1c03d3e94beb30d73"},"headline":"Trasporto scolastico: il Comune di Alpago conferma la gratuit\u00e0 del servizio","datePublished":"2019-09-24T09:14:21+00:00","mainEntityOfPage":{"@id":"https:\/\/www.bellunopress.it\/2019\/09\/24\/trasporto-scolastico-il-comune-di-alpago-conferma-la-gratuita-del-servizio\/"},"wordCount":361,"publisher":{"@id":"https:\/\/www.bellunopress.it\/#organization"},"image":{"@id":"https:\/\/www.bellunopress.it\/2019\/09\/24\/trasporto-scolastico-il-comune-di-alpago-conferma-la-gratuita-del-servizio\/#primaryimage"},"thumbnailUrl":"http:\/\/www.bellunopress.it\/wp-content\/uploads\/2019\/09\/scuolabus.jpg","articleSection":["Cronaca\/Politica","Prima Pagina"],"inLanguage":"fr-FR"},{"@type":"WebPage","@id":"https:\/\/www.bellunopress.it\/2019\/09\/24\/trasporto-scolastico-il-comune-di-alpago-conferma-la-gratuita-del-servizio\/","url":"https:\/\/www.bellunopress.it\/2019\/09\/24\/trasporto-scolastico-il-comune-di-alpago-conferma-la-gratuita-del-servizio\/","name":"Trasporto scolastico: il Comune di Alpago conferma la gratuit\u00e0 del servizio - Bellunopress - Dolomiti","isPartOf":{"@id":"https:\/\/www.bellunopress.it\/#website"},"primaryImageOfPage":{"@id":"https:\/\/www.bellunopress.it\/2019\/09\/24\/trasporto-scolastico-il-comune-di-alpago-conferma-la-gratuita-del-servizio\/#primaryimage"},"image":{"@id":"https:\/\/www.bellunopress.it\/2019\/09\/24\/trasporto-scolastico-il-comune-di-alpago-conferma-la-gratuita-del-servizio\/#primaryimage"},"thumbnailUrl":"http:\/\/www.bellunopress.it\/wp-content\/uploads\/2019\/09\/scuolabus.jpg","datePublished":"2019-09-24T09:14:21+00:00","breadcrumb":{"@id":"https:\/\/www.bellunopress.it\/2019\/09\/24\/trasporto-scolastico-il-comune-di-alpago-conferma-la-gratuita-del-servizio\/#breadcrumb"},"inLanguage":"fr-FR","potentialAction":[{"@type":"ReadAction","target":["https:\/\/www.bellunopress.it\/2019\/09\/24\/trasporto-scolastico-il-comune-di-alpago-conferma-la-gratuita-del-servizio\/"]}]},{"@type":"ImageObject","inLanguage":"fr-FR","@id":"https:\/\/www.bellunopress.it\/2019\/09\/24\/trasporto-scolastico-il-comune-di-alpago-conferma-la-gratuita-del-servizio\/#primaryimage","url":"http:\/\/www.bellunopress.it\/wp-content\/uploads\/2019\/09\/scuolabus.jpg","contentUrl":"http:\/\/www.bellunopress.it\/wp-content\/uploads\/2019\/09\/scuolabus.jpg"},{"@type":"BreadcrumbList","@id":"https:\/\/www.bellunopress.it\/2019\/09\/24\/trasporto-scolastico-il-comune-di-alpago-conferma-la-gratuita-del-servizio\/#breadcrumb","itemListElement":[{"@type":"ListItem","position":1,"name":"Home","item":"https:\/\/www.bellunopress.it\/"},{"@type":"ListItem","position":2,"name":"Trasporto scolastico: il Comune di Alpago conferma la gratuit\u00e0 del servizio"}]},{"@type":"WebSite","@id":"https:\/\/www.bellunopress.it\/#website","url":"https:\/\/www.bellunopress.it\/","name":"Bellunopress - Dolomiti","description":"e-mail: redazione@bellunopress.it","publisher":{"@id":"https:\/\/www.bellunopress.it\/#organization"},"potentialAction":[{"@type":"SearchAction","target":{"@type":"EntryPoint","urlTemplate":"https:\/\/www.bellunopress.it\/?s={search_term_string}"},"query-input":{"@type":"PropertyValueSpecification","valueRequired":true,"valueName":"search_term_string"}}],"inLanguage":"fr-FR"},{"@type":"Organization","@id":"https:\/\/www.bellunopress.it\/#organization","name":"Bellunopress","url":"https:\/\/www.bellunopress.it\/","logo":{"@type":"ImageObject","inLanguage":"fr-FR","@id":"https:\/\/www.bellunopress.it\/#\/schema\/logo\/image\/","url":"https:\/\/www.bellunopress.it\/wp-content\/uploads\/2011\/05\/cropped-logo-bellunopress-.jpg","contentUrl":"https:\/\/www.bellunopress.it\/wp-content\/uploads\/2011\/05\/cropped-logo-bellunopress-.jpg","width":512,"height":512,"caption":"Bellunopress"},"image":{"@id":"https:\/\/www.bellunopress.it\/#\/schema\/logo\/image\/"},"sameAs":["https:\/\/www.facebook.com\/profile.php?id=100008943462799","https:\/\/x.com\/bellunopress","https:\/\/www.linkedin.com\/hp\/?dnr=JBzUWaJfMUw8vbXJJ2tVW5-I3jZKvC4wsoxE&amp;amp;amp;amp;amp;amp;trk=nav_responsive_tab_home","https:\/\/www.youtube.com\/channel\/UCxL0wu1uN0_3_7hGG0306cw"]},{"@type":"Person","@id":"https:\/\/www.bellunopress.it\/#\/schema\/person\/79bb06722b37ece1c03d3e94beb30d73","name":"r\u00e9daction","image":{"@type":"ImageObject","inLanguage":"fr-FR","@id":"https:\/\/secure.gravatar.com\/avatar\/37d968a2e67a6fd04c169c4bdef102d0bc5d31b2546345219e348575eb80e9a0?s=96&d=mm&r=g","url":"https:\/\/secure.gravatar.com\/avatar\/37d968a2e67a6fd04c169c4bdef102d0bc5d31b2546345219e348575eb80e9a0?s=96&d=mm&r=g","contentUrl":"https:\/\/secure.gravatar.com\/avatar\/37d968a2e67a6fd04c169c4bdef102d0bc5d31b2546345219e348575eb80e9a0?s=96&d=mm&r=g","caption":"redazione"},"sameAs":["http:\/\/www.bellunopress.it","https:\/\/x.com\/bellunopress"],"url":"https:\/\/www.bellunopress.it\/fr\/author\/redazione\/"}]}},"_links":{"self":[{"href":"https:\/\/www.bellunopress.it\/fr\/wp-json\/wp\/v2\/posts\/108124","targetHints":{"allow":["GET"]}}],"collection":[{"href":"https:\/\/www.bellunopress.it\/fr\/wp-json\/wp\/v2\/posts"}],"about":[{"href":"https:\/\/www.bellunopress.it\/fr\/wp-json\/wp\/v2\/types\/post"}],"author":[{"embeddable":true,"href":"https:\/\/www.bellunopress.it\/fr\/wp-json\/wp\/v2\/users\/2"}],"replies":[{"embeddable":true,"href":"https:\/\/www.bellunopress.it\/fr\/wp-json\/wp\/v2\/comments?post=108124"}],"version-history":[{"count":1,"href":"https:\/\/www.bellunopress.it\/fr\/wp-json\/wp\/v2\/posts\/108124\/revisions"}],"predecessor-version":[{"id":108126,"href":"https:\/\/www.bellunopress.it\/fr\/wp-json\/wp\/v2\/posts\/108124\/revisions\/108126"}],"wp:attachment":[{"href":"https:\/\/www.bellunopress.it\/fr\/wp-json\/wp\/v2\/media?parent=108124"}],"wp:term":[{"taxonomy":"category","embeddable":true,"href":"https:\/\/www.bellunopress.it\/fr\/wp-json\/wp\/v2\/categories?post=108124"},{"taxonomy":"post_tag","embeddable":true,"href":"https:\/\/www.bellunopress.it\/fr\/wp-json\/wp\/v2\/tags?post=108124"}],"curies":[{"name":"wp","href":"https:\/\/api.w.org\/{rel}","templated":true}]}}