{"id":108120,"date":"2019-09-23T21:53:35","date_gmt":"2019-09-23T19:53:35","guid":{"rendered":"http:\/\/www.bellunopress.it\/?p=108120"},"modified":"2019-09-25T13:07:42","modified_gmt":"2019-09-25T11:07:42","slug":"tre-escursioni-nel-carso-triestino-da-venerdi-27-a-domenica-29-con-il-cai","status":"publish","type":"post","link":"https:\/\/www.bellunopress.it\/fr\/2019\/09\/23\/tre-escursioni-nel-carso-triestino-da-venerdi-27-a-domenica-29-con-il-cai\/","title":{"rendered":"Tre escursioni nel Carso triestino da venerd\u00ec 27 a domenica 29 con il Cai"},"content":{"rendered":"<p><em>Si camminer\u00e0 da San Giovanni del Timavo al Valico di San Bartolomeo (Muggia), dove terminano gli oltre 7.000 km del grande itinerario che attraversa tutte le regioni italiane.<\/em><\/p>\n<p><a href=\"http:\/\/www.bellunopress.it\/fr\/2012\/01\/11\/manovra-monti-tagli-anche-al-club-alpino-italiano-e-al-suo-soccorso-alpino-e-speleologico\/cai\/\" rel=\"attachment wp-att-34076\"><img loading=\"lazy\" decoding=\"async\" class=\"alignleft size-full wp-image-34076\" src=\"http:\/\/www.bellunopress.it\/wp-content\/uploads\/2012\/01\/cai.jpg\" alt=\"\" width=\"150\" height=\"125\" \/><\/a>Tre giorni di escursioni (da venerd\u00ec 27 a domenica 29 settembre) lungo il Sentiero Italia CAI nel Carso triestino, inizieranno a San Giovanni del Timavo e si concluderanno al porticciolo di San Bartolomeo a Muggia, dove terminano gli oltre 7000 km dell&#8217;itinerario escursionistico che inizia a Santa Teresa Gallura, nel Nord della Sardegna, e attraversa tutte le regioni italiane lungo la dorsale appenninica e l&#8217;arco alpino.<\/p>\n<p>Questo il programma della tappa finale del &#8220;Cammina Italia CAI 2019&#8221;, la grande staffetta non continuativa che il Club alpino italiano ha organizzato quest&#8217;anno per promuovere il ripristino e il rilancio del Sentiero Italia.<\/p>\n<p>Organizzate dalle Sezioni CAI di Trieste (Societ\u00e0 Alpina delle Giulie e Associazione XXX Ottobre, insieme alla Sottosezione SAG di Muggia), le escursioni toccheranno luoghi dove si sono scritte pagine importanti della storia del Novecento, dalla Grande Guerra alle foibe fino ad arrivare alla Guerra Fredda, al disfacimento della Jugoslavia e alla caduta delle frontiere. In questi ultimi tratti, il Sentiero Italia CAI attraversa opere militari, corre in diversi tratti parallelo al confine di Stato e tocca luoghi simbolo della caduta dei confini, come l&#8217;abitato di Cerei (localit\u00e0 che gli accordi di Osimo avevano diviso a met\u00e0). L&#8217;area non \u00e8 da meno dal punto di vista naturalistico, con la presenza di diverse zone protette e riserve naturali.<\/p>\n<p>\u00abSembra ieri che la staffetta del &#8220;Cammina Italia CAI 2019&#8221; ha preso le mosse da Santa Teresa Gallura e, passo dopo passo, lungo questo straordinario Sentiero Italia CAI, eccoci giunti nel Carso triestino\u00bb, afferma il Presidente generale del CAI Vincenzo Torti. \u00abE&#8217; stata un&#8217;avventura straordinaria, che ha raccolto in ogni regione un grande entusiasmo e una convinta partecipazione. Moltissimi i giovani e i giovanissimi che hanno percorso alcune tappe di quello che, con la pubblicazione della collana &#8220;Le montagne incantate&#8221; di CAI e National Geographic e di quelle che seguiranno con tutte le specifiche di ogni tappa, diverr\u00e0 nel 2020 il principale cammino del nostro Paese\u00bb.<\/p>\n<p>Entrando nel dettaglio, venerd\u00ec 27 settembre si camminer\u00e0 per 20 km da San Giovanni del Timavo a Sgonico, con dislivello in salita di 900 metri e in discesa di 600 metri (difficolt\u00e0 Turistica-Escursionistica, durata 6-7 ore).<\/p>\n<p>Sabato 28 settembre da Sgonico si riprender\u00e0 la marcia verso Basovizza: l&#8217;escursione \u00e8 lunga 23 km, con dislivello in salita di 600 metri e in discesa di 500, tempo di percorrenza 6\/7 ore (difficolt\u00e0 Escursionistica).<\/p>\n<p>Domenica 29 settembre, infine, l&#8217;escursione inizier\u00e0 da Basovizza e, passando per il Rifugio Premuda, terminer\u00e0 a San Bartolomeo, dove si trova il cippo che segnala la fine del Sentiero Italia, posto a ricordo del primo CamminaItalia del 1995, come rimarca il presidente del CAI Friuli Venezia Giulia Silverio Giurgevich \u00abil primo cammino che volle congiungere in un simbolico abbraccio tutte le genti d&#8217;Italia\u00bb.<\/p>\n<p>Per maggiori informazioni e programma completo: sentieroitalia.cai.it<\/p>\n<p>&nbsp;<\/p>","protected":false},"excerpt":{"rendered":"<p>Si camminer\u00e0 da San Giovanni del Timavo al Valico di San Bartolomeo (Muggia), dove terminano gli oltre 7.000 km del grande itinerario che attraversa tutte le regioni italiane. Tre giorni di escursioni (da venerd\u00ec 27 a domenica 29 settembre) lungo il Sentiero Italia CAI nel Carso triestino, inizieranno a San Giovanni del Timavo e si [&hellip;]<\/p>\n","protected":false},"author":2,"featured_media":0,"comment_status":"closed","ping_status":"open","sticky":false,"template":"","format":"standard","meta":{"footnotes":""},"categories":[27,4],"tags":[],"class_list":["post-108120","post","type-post","status-publish","format-standard","category-appuntamenti","category-sport"],"yoast_head":"<!-- This site is optimized with the Yoast SEO plugin v28.4 - https:\/\/yoast.com\/product\/yoast-seo-wordpress\/ -->\n<title>Tre escursioni nel Carso triestino da venerd\u00ec 27 a domenica 29 con il Cai - Bellunopress - Dolomiti<\/title>\n<meta name=\"robots\" content=\"index, follow, max-snippet:-1, max-image-preview:large, max-video-preview:-1\" \/>\n<link rel=\"canonical\" href=\"https:\/\/www.bellunopress.it\/fr\/2019\/09\/23\/tre-escursioni-nel-carso-triestino-da-venerdi-27-a-domenica-29-con-il-cai\/\" \/>\n<meta property=\"og:locale\" content=\"fr_FR\" \/>\n<meta property=\"og:type\" content=\"article\" \/>\n<meta property=\"og:title\" content=\"Tre escursioni nel Carso triestino da venerd\u00ec 27 a domenica 29 con il Cai - Bellunopress - Dolomiti\" \/>\n<meta property=\"og:description\" content=\"Si camminer\u00e0 da San Giovanni del Timavo al Valico di San Bartolomeo (Muggia), dove terminano gli oltre 7.000 km del grande itinerario che attraversa tutte le regioni italiane. Tre giorni di escursioni (da venerd\u00ec 27 a domenica 29 settembre) lungo il Sentiero Italia CAI nel Carso triestino, inizieranno a San Giovanni del Timavo e si [&hellip;]\" \/>\n<meta property=\"og:url\" content=\"https:\/\/www.bellunopress.it\/fr\/2019\/09\/23\/tre-escursioni-nel-carso-triestino-da-venerdi-27-a-domenica-29-con-il-cai\/\" \/>\n<meta property=\"og:site_name\" content=\"Bellunopress - Dolomiti\" \/>\n<meta property=\"article:publisher\" content=\"https:\/\/www.facebook.com\/profile.php?id=100008943462799\" \/>\n<meta property=\"article:published_time\" content=\"2019-09-23T19:53:35+00:00\" \/>\n<meta property=\"article:modified_time\" content=\"2019-09-25T11:07:42+00:00\" \/>\n<meta property=\"og:image\" content=\"http:\/\/www.bellunopress.it\/wp-content\/uploads\/2012\/01\/cai.jpg\" \/>\n<meta name=\"author\" content=\"redazione\" \/>\n<meta name=\"twitter:card\" content=\"summary_large_image\" \/>\n<meta name=\"twitter:creator\" content=\"@bellunopress\" \/>\n<meta name=\"twitter:site\" content=\"@bellunopress\" \/>\n<meta name=\"twitter:label1\" content=\"\u00c9crit par\" \/>\n\t<meta name=\"twitter:data1\" content=\"redazione\" \/>\n\t<meta name=\"twitter:label2\" content=\"Dur\u00e9e de lecture estim\u00e9e\" \/>\n\t<meta name=\"twitter:data2\" content=\"2 minutes\" \/>\n<script type=\"application\/ld+json\" class=\"yoast-schema-graph\">{\"@context\":\"https:\\\/\\\/schema.org\",\"@graph\":[{\"@type\":\"Article\",\"@id\":\"https:\\\/\\\/www.bellunopress.it\\\/2019\\\/09\\\/23\\\/tre-escursioni-nel-carso-triestino-da-venerdi-27-a-domenica-29-con-il-cai\\\/#article\",\"isPartOf\":{\"@id\":\"https:\\\/\\\/www.bellunopress.it\\\/2019\\\/09\\\/23\\\/tre-escursioni-nel-carso-triestino-da-venerdi-27-a-domenica-29-con-il-cai\\\/\"},\"author\":{\"name\":\"redazione\",\"@id\":\"https:\\\/\\\/www.bellunopress.it\\\/#\\\/schema\\\/person\\\/79bb06722b37ece1c03d3e94beb30d73\"},\"headline\":\"Tre escursioni nel Carso triestino da venerd\u00ec 27 a domenica 29 con il Cai\",\"datePublished\":\"2019-09-23T19:53:35+00:00\",\"dateModified\":\"2019-09-25T11:07:42+00:00\",\"mainEntityOfPage\":{\"@id\":\"https:\\\/\\\/www.bellunopress.it\\\/2019\\\/09\\\/23\\\/tre-escursioni-nel-carso-triestino-da-venerdi-27-a-domenica-29-con-il-cai\\\/\"},\"wordCount\":495,\"publisher\":{\"@id\":\"https:\\\/\\\/www.bellunopress.it\\\/#organization\"},\"image\":{\"@id\":\"https:\\\/\\\/www.bellunopress.it\\\/2019\\\/09\\\/23\\\/tre-escursioni-nel-carso-triestino-da-venerdi-27-a-domenica-29-con-il-cai\\\/#primaryimage\"},\"thumbnailUrl\":\"http:\\\/\\\/www.bellunopress.it\\\/wp-content\\\/uploads\\\/2012\\\/01\\\/cai.jpg\",\"articleSection\":[\"Appuntamenti, Eventi\",\"Sport, tempo libero\"],\"inLanguage\":\"fr-FR\"},{\"@type\":\"WebPage\",\"@id\":\"https:\\\/\\\/www.bellunopress.it\\\/2019\\\/09\\\/23\\\/tre-escursioni-nel-carso-triestino-da-venerdi-27-a-domenica-29-con-il-cai\\\/\",\"url\":\"https:\\\/\\\/www.bellunopress.it\\\/2019\\\/09\\\/23\\\/tre-escursioni-nel-carso-triestino-da-venerdi-27-a-domenica-29-con-il-cai\\\/\",\"name\":\"Tre escursioni nel Carso triestino da venerd\u00ec 27 a domenica 29 con il Cai - Bellunopress - Dolomiti\",\"isPartOf\":{\"@id\":\"https:\\\/\\\/www.bellunopress.it\\\/#website\"},\"primaryImageOfPage\":{\"@id\":\"https:\\\/\\\/www.bellunopress.it\\\/2019\\\/09\\\/23\\\/tre-escursioni-nel-carso-triestino-da-venerdi-27-a-domenica-29-con-il-cai\\\/#primaryimage\"},\"image\":{\"@id\":\"https:\\\/\\\/www.bellunopress.it\\\/2019\\\/09\\\/23\\\/tre-escursioni-nel-carso-triestino-da-venerdi-27-a-domenica-29-con-il-cai\\\/#primaryimage\"},\"thumbnailUrl\":\"http:\\\/\\\/www.bellunopress.it\\\/wp-content\\\/uploads\\\/2012\\\/01\\\/cai.jpg\",\"datePublished\":\"2019-09-23T19:53:35+00:00\",\"dateModified\":\"2019-09-25T11:07:42+00:00\",\"breadcrumb\":{\"@id\":\"https:\\\/\\\/www.bellunopress.it\\\/2019\\\/09\\\/23\\\/tre-escursioni-nel-carso-triestino-da-venerdi-27-a-domenica-29-con-il-cai\\\/#breadcrumb\"},\"inLanguage\":\"fr-FR\",\"potentialAction\":[{\"@type\":\"ReadAction\",\"target\":[\"https:\\\/\\\/www.bellunopress.it\\\/2019\\\/09\\\/23\\\/tre-escursioni-nel-carso-triestino-da-venerdi-27-a-domenica-29-con-il-cai\\\/\"]}]},{\"@type\":\"ImageObject\",\"inLanguage\":\"fr-FR\",\"@id\":\"https:\\\/\\\/www.bellunopress.it\\\/2019\\\/09\\\/23\\\/tre-escursioni-nel-carso-triestino-da-venerdi-27-a-domenica-29-con-il-cai\\\/#primaryimage\",\"url\":\"http:\\\/\\\/www.bellunopress.it\\\/wp-content\\\/uploads\\\/2012\\\/01\\\/cai.jpg\",\"contentUrl\":\"http:\\\/\\\/www.bellunopress.it\\\/wp-content\\\/uploads\\\/2012\\\/01\\\/cai.jpg\"},{\"@type\":\"BreadcrumbList\",\"@id\":\"https:\\\/\\\/www.bellunopress.it\\\/2019\\\/09\\\/23\\\/tre-escursioni-nel-carso-triestino-da-venerdi-27-a-domenica-29-con-il-cai\\\/#breadcrumb\",\"itemListElement\":[{\"@type\":\"ListItem\",\"position\":1,\"name\":\"Home\",\"item\":\"https:\\\/\\\/www.bellunopress.it\\\/\"},{\"@type\":\"ListItem\",\"position\":2,\"name\":\"Tre escursioni nel Carso triestino da venerd\u00ec 27 a domenica 29 con il Cai\"}]},{\"@type\":\"WebSite\",\"@id\":\"https:\\\/\\\/www.bellunopress.it\\\/#website\",\"url\":\"https:\\\/\\\/www.bellunopress.it\\\/\",\"name\":\"Bellunopress - Dolomiti\",\"description\":\"e-mail: redazione@bellunopress.it\",\"publisher\":{\"@id\":\"https:\\\/\\\/www.bellunopress.it\\\/#organization\"},\"potentialAction\":[{\"@type\":\"SearchAction\",\"target\":{\"@type\":\"EntryPoint\",\"urlTemplate\":\"https:\\\/\\\/www.bellunopress.it\\\/?s={search_term_string}\"},\"query-input\":{\"@type\":\"PropertyValueSpecification\",\"valueRequired\":true,\"valueName\":\"search_term_string\"}}],\"inLanguage\":\"fr-FR\"},{\"@type\":\"Organization\",\"@id\":\"https:\\\/\\\/www.bellunopress.it\\\/#organization\",\"name\":\"Bellunopress\",\"url\":\"https:\\\/\\\/www.bellunopress.it\\\/\",\"logo\":{\"@type\":\"ImageObject\",\"inLanguage\":\"fr-FR\",\"@id\":\"https:\\\/\\\/www.bellunopress.it\\\/#\\\/schema\\\/logo\\\/image\\\/\",\"url\":\"https:\\\/\\\/www.bellunopress.it\\\/wp-content\\\/uploads\\\/2011\\\/05\\\/cropped-logo-bellunopress-.jpg\",\"contentUrl\":\"https:\\\/\\\/www.bellunopress.it\\\/wp-content\\\/uploads\\\/2011\\\/05\\\/cropped-logo-bellunopress-.jpg\",\"width\":512,\"height\":512,\"caption\":\"Bellunopress\"},\"image\":{\"@id\":\"https:\\\/\\\/www.bellunopress.it\\\/#\\\/schema\\\/logo\\\/image\\\/\"},\"sameAs\":[\"https:\\\/\\\/www.facebook.com\\\/profile.php?id=100008943462799\",\"https:\\\/\\\/x.com\\\/bellunopress\",\"https:\\\/\\\/www.linkedin.com\\\/hp\\\/?dnr=JBzUWaJfMUw8vbXJJ2tVW5-I3jZKvC4wsoxE&amp;amp;amp;amp;amp;amp;trk=nav_responsive_tab_home\",\"https:\\\/\\\/www.youtube.com\\\/channel\\\/UCxL0wu1uN0_3_7hGG0306cw\"]},{\"@type\":\"Person\",\"@id\":\"https:\\\/\\\/www.bellunopress.it\\\/#\\\/schema\\\/person\\\/79bb06722b37ece1c03d3e94beb30d73\",\"name\":\"redazione\",\"image\":{\"@type\":\"ImageObject\",\"inLanguage\":\"fr-FR\",\"@id\":\"https:\\\/\\\/secure.gravatar.com\\\/avatar\\\/37d968a2e67a6fd04c169c4bdef102d0bc5d31b2546345219e348575eb80e9a0?s=96&d=mm&r=g\",\"url\":\"https:\\\/\\\/secure.gravatar.com\\\/avatar\\\/37d968a2e67a6fd04c169c4bdef102d0bc5d31b2546345219e348575eb80e9a0?s=96&d=mm&r=g\",\"contentUrl\":\"https:\\\/\\\/secure.gravatar.com\\\/avatar\\\/37d968a2e67a6fd04c169c4bdef102d0bc5d31b2546345219e348575eb80e9a0?s=96&d=mm&r=g\",\"caption\":\"redazione\"},\"sameAs\":[\"http:\\\/\\\/www.bellunopress.it\",\"https:\\\/\\\/x.com\\\/bellunopress\"],\"url\":\"https:\\\/\\\/www.bellunopress.it\\\/fr\\\/author\\\/redazione\\\/\"}]}<\/script>\n<!-- \/ Yoast SEO plugin. -->","yoast_head_json":{"title":"Tre escursioni nel Carso triestino da venerd\u00ec 27 a domenica 29 con il Cai - Bellunopress - Dolomiti","robots":{"index":"index","follow":"follow","max-snippet":"max-snippet:-1","max-image-preview":"max-image-preview:large","max-video-preview":"max-video-preview:-1"},"canonical":"https:\/\/www.bellunopress.it\/fr\/2019\/09\/23\/tre-escursioni-nel-carso-triestino-da-venerdi-27-a-domenica-29-con-il-cai\/","og_locale":"fr_FR","og_type":"article","og_title":"Tre escursioni nel Carso triestino da venerd\u00ec 27 a domenica 29 con il Cai - Bellunopress - Dolomiti","og_description":"Si camminer\u00e0 da San Giovanni del Timavo al Valico di San Bartolomeo (Muggia), dove terminano gli oltre 7.000 km del grande itinerario che attraversa tutte le regioni italiane. Tre giorni di escursioni (da venerd\u00ec 27 a domenica 29 settembre) lungo il Sentiero Italia CAI nel Carso triestino, inizieranno a San Giovanni del Timavo e si [&hellip;]","og_url":"https:\/\/www.bellunopress.it\/fr\/2019\/09\/23\/tre-escursioni-nel-carso-triestino-da-venerdi-27-a-domenica-29-con-il-cai\/","og_site_name":"Bellunopress - Dolomiti","article_publisher":"https:\/\/www.facebook.com\/profile.php?id=100008943462799","article_published_time":"2019-09-23T19:53:35+00:00","article_modified_time":"2019-09-25T11:07:42+00:00","og_image":[{"url":"http:\/\/www.bellunopress.it\/wp-content\/uploads\/2012\/01\/cai.jpg","type":"","width":"","height":""}],"author":"redazione","twitter_card":"summary_large_image","twitter_creator":"@bellunopress","twitter_site":"@bellunopress","twitter_misc":{"\u00c9crit par":"redazione","Dur\u00e9e de lecture estim\u00e9e":"2 minutes"},"schema":{"@context":"https:\/\/schema.org","@graph":[{"@type":"Article","@id":"https:\/\/www.bellunopress.it\/2019\/09\/23\/tre-escursioni-nel-carso-triestino-da-venerdi-27-a-domenica-29-con-il-cai\/#article","isPartOf":{"@id":"https:\/\/www.bellunopress.it\/2019\/09\/23\/tre-escursioni-nel-carso-triestino-da-venerdi-27-a-domenica-29-con-il-cai\/"},"author":{"name":"redazione","@id":"https:\/\/www.bellunopress.it\/#\/schema\/person\/79bb06722b37ece1c03d3e94beb30d73"},"headline":"Tre escursioni nel Carso triestino da venerd\u00ec 27 a domenica 29 con il Cai","datePublished":"2019-09-23T19:53:35+00:00","dateModified":"2019-09-25T11:07:42+00:00","mainEntityOfPage":{"@id":"https:\/\/www.bellunopress.it\/2019\/09\/23\/tre-escursioni-nel-carso-triestino-da-venerdi-27-a-domenica-29-con-il-cai\/"},"wordCount":495,"publisher":{"@id":"https:\/\/www.bellunopress.it\/#organization"},"image":{"@id":"https:\/\/www.bellunopress.it\/2019\/09\/23\/tre-escursioni-nel-carso-triestino-da-venerdi-27-a-domenica-29-con-il-cai\/#primaryimage"},"thumbnailUrl":"http:\/\/www.bellunopress.it\/wp-content\/uploads\/2012\/01\/cai.jpg","articleSection":["Appuntamenti, Eventi","Sport, tempo libero"],"inLanguage":"fr-FR"},{"@type":"WebPage","@id":"https:\/\/www.bellunopress.it\/2019\/09\/23\/tre-escursioni-nel-carso-triestino-da-venerdi-27-a-domenica-29-con-il-cai\/","url":"https:\/\/www.bellunopress.it\/2019\/09\/23\/tre-escursioni-nel-carso-triestino-da-venerdi-27-a-domenica-29-con-il-cai\/","name":"Tre escursioni nel Carso triestino da venerd\u00ec 27 a domenica 29 con il Cai - Bellunopress - Dolomiti","isPartOf":{"@id":"https:\/\/www.bellunopress.it\/#website"},"primaryImageOfPage":{"@id":"https:\/\/www.bellunopress.it\/2019\/09\/23\/tre-escursioni-nel-carso-triestino-da-venerdi-27-a-domenica-29-con-il-cai\/#primaryimage"},"image":{"@id":"https:\/\/www.bellunopress.it\/2019\/09\/23\/tre-escursioni-nel-carso-triestino-da-venerdi-27-a-domenica-29-con-il-cai\/#primaryimage"},"thumbnailUrl":"http:\/\/www.bellunopress.it\/wp-content\/uploads\/2012\/01\/cai.jpg","datePublished":"2019-09-23T19:53:35+00:00","dateModified":"2019-09-25T11:07:42+00:00","breadcrumb":{"@id":"https:\/\/www.bellunopress.it\/2019\/09\/23\/tre-escursioni-nel-carso-triestino-da-venerdi-27-a-domenica-29-con-il-cai\/#breadcrumb"},"inLanguage":"fr-FR","potentialAction":[{"@type":"ReadAction","target":["https:\/\/www.bellunopress.it\/2019\/09\/23\/tre-escursioni-nel-carso-triestino-da-venerdi-27-a-domenica-29-con-il-cai\/"]}]},{"@type":"ImageObject","inLanguage":"fr-FR","@id":"https:\/\/www.bellunopress.it\/2019\/09\/23\/tre-escursioni-nel-carso-triestino-da-venerdi-27-a-domenica-29-con-il-cai\/#primaryimage","url":"http:\/\/www.bellunopress.it\/wp-content\/uploads\/2012\/01\/cai.jpg","contentUrl":"http:\/\/www.bellunopress.it\/wp-content\/uploads\/2012\/01\/cai.jpg"},{"@type":"BreadcrumbList","@id":"https:\/\/www.bellunopress.it\/2019\/09\/23\/tre-escursioni-nel-carso-triestino-da-venerdi-27-a-domenica-29-con-il-cai\/#breadcrumb","itemListElement":[{"@type":"ListItem","position":1,"name":"Home","item":"https:\/\/www.bellunopress.it\/"},{"@type":"ListItem","position":2,"name":"Tre escursioni nel Carso triestino da venerd\u00ec 27 a domenica 29 con il Cai"}]},{"@type":"WebSite","@id":"https:\/\/www.bellunopress.it\/#website","url":"https:\/\/www.bellunopress.it\/","name":"Bellunopress - Dolomiti","description":"e-mail: redazione@bellunopress.it","publisher":{"@id":"https:\/\/www.bellunopress.it\/#organization"},"potentialAction":[{"@type":"SearchAction","target":{"@type":"EntryPoint","urlTemplate":"https:\/\/www.bellunopress.it\/?s={search_term_string}"},"query-input":{"@type":"PropertyValueSpecification","valueRequired":true,"valueName":"search_term_string"}}],"inLanguage":"fr-FR"},{"@type":"Organization","@id":"https:\/\/www.bellunopress.it\/#organization","name":"Bellunopress","url":"https:\/\/www.bellunopress.it\/","logo":{"@type":"ImageObject","inLanguage":"fr-FR","@id":"https:\/\/www.bellunopress.it\/#\/schema\/logo\/image\/","url":"https:\/\/www.bellunopress.it\/wp-content\/uploads\/2011\/05\/cropped-logo-bellunopress-.jpg","contentUrl":"https:\/\/www.bellunopress.it\/wp-content\/uploads\/2011\/05\/cropped-logo-bellunopress-.jpg","width":512,"height":512,"caption":"Bellunopress"},"image":{"@id":"https:\/\/www.bellunopress.it\/#\/schema\/logo\/image\/"},"sameAs":["https:\/\/www.facebook.com\/profile.php?id=100008943462799","https:\/\/x.com\/bellunopress","https:\/\/www.linkedin.com\/hp\/?dnr=JBzUWaJfMUw8vbXJJ2tVW5-I3jZKvC4wsoxE&amp;amp;amp;amp;amp;amp;trk=nav_responsive_tab_home","https:\/\/www.youtube.com\/channel\/UCxL0wu1uN0_3_7hGG0306cw"]},{"@type":"Person","@id":"https:\/\/www.bellunopress.it\/#\/schema\/person\/79bb06722b37ece1c03d3e94beb30d73","name":"r\u00e9daction","image":{"@type":"ImageObject","inLanguage":"fr-FR","@id":"https:\/\/secure.gravatar.com\/avatar\/37d968a2e67a6fd04c169c4bdef102d0bc5d31b2546345219e348575eb80e9a0?s=96&d=mm&r=g","url":"https:\/\/secure.gravatar.com\/avatar\/37d968a2e67a6fd04c169c4bdef102d0bc5d31b2546345219e348575eb80e9a0?s=96&d=mm&r=g","contentUrl":"https:\/\/secure.gravatar.com\/avatar\/37d968a2e67a6fd04c169c4bdef102d0bc5d31b2546345219e348575eb80e9a0?s=96&d=mm&r=g","caption":"redazione"},"sameAs":["http:\/\/www.bellunopress.it","https:\/\/x.com\/bellunopress"],"url":"https:\/\/www.bellunopress.it\/fr\/author\/redazione\/"}]}},"_links":{"self":[{"href":"https:\/\/www.bellunopress.it\/fr\/wp-json\/wp\/v2\/posts\/108120","targetHints":{"allow":["GET"]}}],"collection":[{"href":"https:\/\/www.bellunopress.it\/fr\/wp-json\/wp\/v2\/posts"}],"about":[{"href":"https:\/\/www.bellunopress.it\/fr\/wp-json\/wp\/v2\/types\/post"}],"author":[{"embeddable":true,"href":"https:\/\/www.bellunopress.it\/fr\/wp-json\/wp\/v2\/users\/2"}],"replies":[{"embeddable":true,"href":"https:\/\/www.bellunopress.it\/fr\/wp-json\/wp\/v2\/comments?post=108120"}],"version-history":[{"count":1,"href":"https:\/\/www.bellunopress.it\/fr\/wp-json\/wp\/v2\/posts\/108120\/revisions"}],"predecessor-version":[{"id":108121,"href":"https:\/\/www.bellunopress.it\/fr\/wp-json\/wp\/v2\/posts\/108120\/revisions\/108121"}],"wp:attachment":[{"href":"https:\/\/www.bellunopress.it\/fr\/wp-json\/wp\/v2\/media?parent=108120"}],"wp:term":[{"taxonomy":"category","embeddable":true,"href":"https:\/\/www.bellunopress.it\/fr\/wp-json\/wp\/v2\/categories?post=108120"},{"taxonomy":"post_tag","embeddable":true,"href":"https:\/\/www.bellunopress.it\/fr\/wp-json\/wp\/v2\/tags?post=108120"}],"curies":[{"name":"wp","href":"https:\/\/api.w.org\/{rel}","templated":true}]}}