{"id":108114,"date":"2019-09-23T18:14:51","date_gmt":"2019-09-23T16:14:51","guid":{"rendered":"http:\/\/www.bellunopress.it\/?p=108114"},"modified":"2019-09-23T18:14:52","modified_gmt":"2019-09-23T16:14:52","slug":"donne-manager-poche-e-con-difficolta-a-conciliare-vita-e-lavoro","status":"publish","type":"post","link":"https:\/\/www.bellunopress.it\/fr\/2019\/09\/23\/donne-manager-poche-e-con-difficolta-a-conciliare-vita-e-lavoro\/","title":{"rendered":"Donne manager: poche e con difficolt\u00e0 a conciliare vita e lavoro"},"content":{"rendered":"<p><em>Un sondaggio di Federmanager Treviso e Belluno racconta il mondo delle donne dirigenti nel trevigiano. Associazione che il 26 settembre al Museo di S. Caterina a Treviso presenter\u00e0 un nuovo progetto dedicato all\u2019autoimprenditorialit\u00e0 e all\u2019occupazione femminile<\/em><\/p>\n<figure id=\"attachment_108115\" aria-describedby=\"caption-attachment-108115\" style=\"width: 259px\" class=\"wp-caption alignleft\"><a href=\"http:\/\/www.bellunopress.it\/fr\/2019\/09\/23\/donne-manager-poche-e-con-difficolta-a-conciliare-vita-e-lavoro\/alessandra-dupre-vicepresidente-di-federmanager-treviso-e-belluno\/\" rel=\"attachment wp-att-108115\"><img loading=\"lazy\" decoding=\"async\" class=\"size-full wp-image-108115\" src=\"http:\/\/www.bellunopress.it\/wp-content\/uploads\/2019\/09\/Alessandra-Dupr\u00e8-vicepresidente-di-Federmanager-Treviso-e-Belluno.jpg\" alt=\"\" width=\"259\" height=\"292\" \/><\/a><figcaption id=\"caption-attachment-108115\" class=\"wp-caption-text\">Alessandra Dupr\u00e8 vicepresidente di Federmanager Treviso e Belluno<\/figcaption><\/figure>\n<p>Troppo poche le donne manager, e la conciliazione famiglia-lavoro rimane sempre un problema. \u00c8 questo il risultato di un sondaggio svolto da Federmanager Treviso e Belluno tra le proprie associate. Secondo i dati di Manageritalia, dei 256 dirigenti presenti a Belluno, 29 sono donne, appena il 11,3% contro il 17,1% a livello nazionale. Una percentuale che pone la provincia bellunese al 61\u00b0 tra le province italiane.<\/p>\n<p>\u201cLa maggior difficolt\u00e0 per le donne di lavorare nel settore dirigenziale, \u2013 spiega il presidente di Federmanager Treviso e Belluno Adriano De Sandre \u2013 \u00e8 data soprattutto dalla difficolt\u00e0 di conciliare famiglia e lavoro. Un handicap che si evidenzia quando sono carenti le politiche di conciliazione e i servizi per i bambini nei primi anni di vita, come gli asili. Un segnale positivo, invece, \u00e8 che le donne sono presenti in molti e diversi ruoli aziendali, non solo in amministrazione, ma anche nella produzione, nel marketing e delle risorse umane, quindi in ruoli operativi importanti\u201d.<\/p>\n<p>Per quello che riguarda il sondaggio effettuato da Federmanager Treviso e Belluno, risulta che le manager trevigiane hanno un elevato livello di istruzione (il 79% ha una laurea), e i principali ruoli svolti in azienda sono nell\u2019amministrazione (26,3%), nelle risorse umane (21,1%) e nel marketing (15,8%). Bassa, invece, la loro presenza nei consigli d\u2019amministrazione, con appena il 15,8%. Le risposte evidenziano anche la difficolt\u00e0 ancora presenti nel work life balance: solo il 47,4% \u00e8 sposata, ed il 26,3% sono divorziate e quasi la met\u00e0 (42,1%) non ha figli (la media \u00e8 poco al di sotto di un figlio). Risultano comunque soddisfatte del proprio ruolo in azienda (l\u201984,2%) e della propria libert\u00e0 discrezionale (il 68,4% ritiene di poter prendere molto spesso o quasi sempre decisioni indipendenti ed il 36,9% giudica elevata la possibilit\u00e0 di poter essere creativa o innovativa). Anche se evidenziano ancora qualche crepa nel rapporto coi colleghi maschi: il 21,1% ritiene di essere discriminata nel proprio ruolo in azienda e il 10,5% ha ricevuto qualche volta apprezzamenti o molestie di tipo sessuale.<\/p>\n<p>Nonostante i problemi evidenziati \u2013 spiega ancora De Sandre \u2013, come le discriminazioni legate a qualifica e distribuzione, Federmanager ha da sempre dimostrato di essere vicina all\u2019universo femminile. Le aziende oggi hanno bisogno di competenze femminili, perch\u00e9 le donne manager hanno sempre dimostrato di avere una maggior capacit\u00e0 di relazione e sensibilit\u00e0 nel comprendere le dinamiche umane. Oggi hanno una forte autonomia e inoltre sono molto pi\u00f9 rispettate rispetto ad un tempo, seppur presenti le molestie sono fortunatamente poche\u201d<\/p>\n<p>\u201cIl numero di quadri e dirigenti donne \u2013 aggiunge Alessandra Dupr\u00e8, vicepresidente di Federmanager Treviso e Belluno \u2013 negli ultimi anni \u00e8 cresciuto molto, specie in area amministrativa e nelle risorse umane, ovvero in ruoli di grande responsabilit\u00e0. Rimane forte, invece, il problema della conciliazione vita-lavoro. Le donne manager hanno grandi difficolt\u00e0 in quest\u2019aspetto, sia per motivi culturali che per i pochi servizi messi a loro disposizione, specie per donne manager con figli piccoli\u201d.<\/p>\n<p>E proprio alle donne \u00e8 riservato il progetto Pathway 2 Action, realizzato da Federmanager e Vises e dedicato all\u2019autoimprenditorialit\u00e0 a supporto delle politiche attive del lavoro e del welfare, la cui presentazione si terr\u00e0 venerd\u00ec 27 settembre alle ore 11 presso l&#8217;Auditorium del Museo di Santa Caterina a Treviso. Federmanager Treviso e Belluno, infatti, \u00e8 stata scelta come Hub principale per Veneto, Friuli-Venezia Giulia e Trentino-Alto Adige ed in particolare seguir\u00e0 le attivit\u00e0 dedicate a donne manager relative all\u2019ideazione e alla creazione di una propria start up o verso una nuova occupazione. Saranno presenti a parlare di lavoro femminile dipendente e autonomo il direttore provinciale INPS Marco De Sabbata, il presidente di Federmanager Treviso e Belluno Adriano De Sandre e il direttore generale di 4.Manager Fulvio D\u2019Alvia. L\u2019iniziativa si inserisce nel filone del rafforzamento della cultura manageriale, che evidenzia l\u2019importanza delle nuove competenze per lo sviluppo del Paese, cos\u00ec come il contributo fondamentale che le donne possono offrire al mondo del management. Maggiori informazioni si possono trovare sul sito www.trevisobelluno.federmanager.it oppure scrivendo una mail a: pathway2action@federmanager.it.<\/p>","protected":false},"excerpt":{"rendered":"<p>Un sondaggio di Federmanager Treviso e Belluno racconta il mondo delle donne dirigenti nel trevigiano. Associazione che il 26 settembre al Museo di S. Caterina a Treviso presenter\u00e0 un nuovo progetto dedicato all\u2019autoimprenditorialit\u00e0 e all\u2019occupazione femminile Troppo poche le donne manager, e la conciliazione famiglia-lavoro rimane sempre un problema. \u00c8 questo il risultato di un [&hellip;]<\/p>\n","protected":false},"author":2,"featured_media":0,"comment_status":"closed","ping_status":"open","sticky":false,"template":"","format":"standard","meta":{"footnotes":""},"categories":[36,26],"tags":[],"class_list":["post-108114","post","type-post","status-publish","format-standard","category-lavoro-economia","category-prima-pagina"],"yoast_head":"<!-- This site is optimized with the Yoast SEO plugin v28.4 - https:\/\/yoast.com\/product\/yoast-seo-wordpress\/ -->\n<title>Donne manager: poche e con difficolt\u00e0 a conciliare vita e lavoro - Bellunopress - Dolomiti<\/title>\n<meta name=\"robots\" content=\"index, follow, max-snippet:-1, max-image-preview:large, max-video-preview:-1\" \/>\n<link rel=\"canonical\" href=\"https:\/\/www.bellunopress.it\/fr\/2019\/09\/23\/donne-manager-poche-e-con-difficolta-a-conciliare-vita-e-lavoro\/\" \/>\n<meta property=\"og:locale\" content=\"fr_FR\" \/>\n<meta property=\"og:type\" content=\"article\" \/>\n<meta property=\"og:title\" content=\"Donne manager: poche e con difficolt\u00e0 a conciliare vita e lavoro - Bellunopress - Dolomiti\" \/>\n<meta property=\"og:description\" content=\"Un sondaggio di Federmanager Treviso e Belluno racconta il mondo delle donne dirigenti nel trevigiano. Associazione che il 26 settembre al Museo di S. Caterina a Treviso presenter\u00e0 un nuovo progetto dedicato all\u2019autoimprenditorialit\u00e0 e all\u2019occupazione femminile Troppo poche le donne manager, e la conciliazione famiglia-lavoro rimane sempre un problema. \u00c8 questo il risultato di un [&hellip;]\" \/>\n<meta property=\"og:url\" content=\"https:\/\/www.bellunopress.it\/fr\/2019\/09\/23\/donne-manager-poche-e-con-difficolta-a-conciliare-vita-e-lavoro\/\" \/>\n<meta property=\"og:site_name\" content=\"Bellunopress - Dolomiti\" \/>\n<meta property=\"article:publisher\" content=\"https:\/\/www.facebook.com\/profile.php?id=100008943462799\" \/>\n<meta property=\"article:published_time\" content=\"2019-09-23T16:14:51+00:00\" \/>\n<meta property=\"article:modified_time\" content=\"2019-09-23T16:14:52+00:00\" \/>\n<meta property=\"og:image\" content=\"http:\/\/www.bellunopress.it\/wp-content\/uploads\/2019\/09\/Alessandra-Dupr\u00e8-vicepresidente-di-Federmanager-Treviso-e-Belluno.jpg\" \/>\n<meta name=\"author\" content=\"redazione\" \/>\n<meta name=\"twitter:card\" content=\"summary_large_image\" \/>\n<meta name=\"twitter:creator\" content=\"@bellunopress\" \/>\n<meta name=\"twitter:site\" content=\"@bellunopress\" \/>\n<meta name=\"twitter:label1\" content=\"\u00c9crit par\" \/>\n\t<meta name=\"twitter:data1\" content=\"redazione\" \/>\n\t<meta name=\"twitter:label2\" content=\"Dur\u00e9e de lecture estim\u00e9e\" \/>\n\t<meta name=\"twitter:data2\" content=\"3 minutes\" \/>\n<script type=\"application\/ld+json\" class=\"yoast-schema-graph\">{\"@context\":\"https:\\\/\\\/schema.org\",\"@graph\":[{\"@type\":\"Article\",\"@id\":\"https:\\\/\\\/www.bellunopress.it\\\/2019\\\/09\\\/23\\\/donne-manager-poche-e-con-difficolta-a-conciliare-vita-e-lavoro\\\/#article\",\"isPartOf\":{\"@id\":\"https:\\\/\\\/www.bellunopress.it\\\/2019\\\/09\\\/23\\\/donne-manager-poche-e-con-difficolta-a-conciliare-vita-e-lavoro\\\/\"},\"author\":{\"name\":\"redazione\",\"@id\":\"https:\\\/\\\/www.bellunopress.it\\\/#\\\/schema\\\/person\\\/79bb06722b37ece1c03d3e94beb30d73\"},\"headline\":\"Donne manager: poche e con difficolt\u00e0 a conciliare vita e lavoro\",\"datePublished\":\"2019-09-23T16:14:51+00:00\",\"dateModified\":\"2019-09-23T16:14:52+00:00\",\"mainEntityOfPage\":{\"@id\":\"https:\\\/\\\/www.bellunopress.it\\\/2019\\\/09\\\/23\\\/donne-manager-poche-e-con-difficolta-a-conciliare-vita-e-lavoro\\\/\"},\"wordCount\":708,\"publisher\":{\"@id\":\"https:\\\/\\\/www.bellunopress.it\\\/#organization\"},\"articleSection\":[\"Lavoro, Economia, Turismo\",\"Prima Pagina\"],\"inLanguage\":\"fr-FR\"},{\"@type\":\"WebPage\",\"@id\":\"https:\\\/\\\/www.bellunopress.it\\\/2019\\\/09\\\/23\\\/donne-manager-poche-e-con-difficolta-a-conciliare-vita-e-lavoro\\\/\",\"url\":\"https:\\\/\\\/www.bellunopress.it\\\/2019\\\/09\\\/23\\\/donne-manager-poche-e-con-difficolta-a-conciliare-vita-e-lavoro\\\/\",\"name\":\"Donne manager: poche e con difficolt\u00e0 a conciliare vita e lavoro - Bellunopress - Dolomiti\",\"isPartOf\":{\"@id\":\"https:\\\/\\\/www.bellunopress.it\\\/#website\"},\"datePublished\":\"2019-09-23T16:14:51+00:00\",\"dateModified\":\"2019-09-23T16:14:52+00:00\",\"breadcrumb\":{\"@id\":\"https:\\\/\\\/www.bellunopress.it\\\/2019\\\/09\\\/23\\\/donne-manager-poche-e-con-difficolta-a-conciliare-vita-e-lavoro\\\/#breadcrumb\"},\"inLanguage\":\"fr-FR\",\"potentialAction\":[{\"@type\":\"ReadAction\",\"target\":[\"https:\\\/\\\/www.bellunopress.it\\\/2019\\\/09\\\/23\\\/donne-manager-poche-e-con-difficolta-a-conciliare-vita-e-lavoro\\\/\"]}]},{\"@type\":\"BreadcrumbList\",\"@id\":\"https:\\\/\\\/www.bellunopress.it\\\/2019\\\/09\\\/23\\\/donne-manager-poche-e-con-difficolta-a-conciliare-vita-e-lavoro\\\/#breadcrumb\",\"itemListElement\":[{\"@type\":\"ListItem\",\"position\":1,\"name\":\"Home\",\"item\":\"https:\\\/\\\/www.bellunopress.it\\\/\"},{\"@type\":\"ListItem\",\"position\":2,\"name\":\"Donne manager: poche e con difficolt\u00e0 a conciliare vita e lavoro\"}]},{\"@type\":\"WebSite\",\"@id\":\"https:\\\/\\\/www.bellunopress.it\\\/#website\",\"url\":\"https:\\\/\\\/www.bellunopress.it\\\/\",\"name\":\"Bellunopress - Dolomiti\",\"description\":\"e-mail: redazione@bellunopress.it\",\"publisher\":{\"@id\":\"https:\\\/\\\/www.bellunopress.it\\\/#organization\"},\"potentialAction\":[{\"@type\":\"SearchAction\",\"target\":{\"@type\":\"EntryPoint\",\"urlTemplate\":\"https:\\\/\\\/www.bellunopress.it\\\/?s={search_term_string}\"},\"query-input\":{\"@type\":\"PropertyValueSpecification\",\"valueRequired\":true,\"valueName\":\"search_term_string\"}}],\"inLanguage\":\"fr-FR\"},{\"@type\":\"Organization\",\"@id\":\"https:\\\/\\\/www.bellunopress.it\\\/#organization\",\"name\":\"Bellunopress\",\"url\":\"https:\\\/\\\/www.bellunopress.it\\\/\",\"logo\":{\"@type\":\"ImageObject\",\"inLanguage\":\"fr-FR\",\"@id\":\"https:\\\/\\\/www.bellunopress.it\\\/#\\\/schema\\\/logo\\\/image\\\/\",\"url\":\"https:\\\/\\\/www.bellunopress.it\\\/wp-content\\\/uploads\\\/2011\\\/05\\\/cropped-logo-bellunopress-.jpg\",\"contentUrl\":\"https:\\\/\\\/www.bellunopress.it\\\/wp-content\\\/uploads\\\/2011\\\/05\\\/cropped-logo-bellunopress-.jpg\",\"width\":512,\"height\":512,\"caption\":\"Bellunopress\"},\"image\":{\"@id\":\"https:\\\/\\\/www.bellunopress.it\\\/#\\\/schema\\\/logo\\\/image\\\/\"},\"sameAs\":[\"https:\\\/\\\/www.facebook.com\\\/profile.php?id=100008943462799\",\"https:\\\/\\\/x.com\\\/bellunopress\",\"https:\\\/\\\/www.linkedin.com\\\/hp\\\/?dnr=JBzUWaJfMUw8vbXJJ2tVW5-I3jZKvC4wsoxE&amp;amp;amp;amp;amp;amp;trk=nav_responsive_tab_home\",\"https:\\\/\\\/www.youtube.com\\\/channel\\\/UCxL0wu1uN0_3_7hGG0306cw\"]},{\"@type\":\"Person\",\"@id\":\"https:\\\/\\\/www.bellunopress.it\\\/#\\\/schema\\\/person\\\/79bb06722b37ece1c03d3e94beb30d73\",\"name\":\"redazione\",\"image\":{\"@type\":\"ImageObject\",\"inLanguage\":\"fr-FR\",\"@id\":\"https:\\\/\\\/secure.gravatar.com\\\/avatar\\\/37d968a2e67a6fd04c169c4bdef102d0bc5d31b2546345219e348575eb80e9a0?s=96&d=mm&r=g\",\"url\":\"https:\\\/\\\/secure.gravatar.com\\\/avatar\\\/37d968a2e67a6fd04c169c4bdef102d0bc5d31b2546345219e348575eb80e9a0?s=96&d=mm&r=g\",\"contentUrl\":\"https:\\\/\\\/secure.gravatar.com\\\/avatar\\\/37d968a2e67a6fd04c169c4bdef102d0bc5d31b2546345219e348575eb80e9a0?s=96&d=mm&r=g\",\"caption\":\"redazione\"},\"sameAs\":[\"http:\\\/\\\/www.bellunopress.it\",\"https:\\\/\\\/x.com\\\/bellunopress\"],\"url\":\"https:\\\/\\\/www.bellunopress.it\\\/fr\\\/author\\\/redazione\\\/\"}]}<\/script>\n<!-- \/ Yoast SEO plugin. -->","yoast_head_json":{"title":"Donne manager: poche e con difficolt\u00e0 a conciliare vita e lavoro - Bellunopress - Dolomiti","robots":{"index":"index","follow":"follow","max-snippet":"max-snippet:-1","max-image-preview":"max-image-preview:large","max-video-preview":"max-video-preview:-1"},"canonical":"https:\/\/www.bellunopress.it\/fr\/2019\/09\/23\/donne-manager-poche-e-con-difficolta-a-conciliare-vita-e-lavoro\/","og_locale":"fr_FR","og_type":"article","og_title":"Donne manager: poche e con difficolt\u00e0 a conciliare vita e lavoro - Bellunopress - Dolomiti","og_description":"Un sondaggio di Federmanager Treviso e Belluno racconta il mondo delle donne dirigenti nel trevigiano. Associazione che il 26 settembre al Museo di S. Caterina a Treviso presenter\u00e0 un nuovo progetto dedicato all\u2019autoimprenditorialit\u00e0 e all\u2019occupazione femminile Troppo poche le donne manager, e la conciliazione famiglia-lavoro rimane sempre un problema. \u00c8 questo il risultato di un [&hellip;]","og_url":"https:\/\/www.bellunopress.it\/fr\/2019\/09\/23\/donne-manager-poche-e-con-difficolta-a-conciliare-vita-e-lavoro\/","og_site_name":"Bellunopress - Dolomiti","article_publisher":"https:\/\/www.facebook.com\/profile.php?id=100008943462799","article_published_time":"2019-09-23T16:14:51+00:00","article_modified_time":"2019-09-23T16:14:52+00:00","og_image":[{"url":"http:\/\/www.bellunopress.it\/wp-content\/uploads\/2019\/09\/Alessandra-Dupr\u00e8-vicepresidente-di-Federmanager-Treviso-e-Belluno.jpg","type":"","width":"","height":""}],"author":"redazione","twitter_card":"summary_large_image","twitter_creator":"@bellunopress","twitter_site":"@bellunopress","twitter_misc":{"\u00c9crit par":"redazione","Dur\u00e9e de lecture estim\u00e9e":"3 minutes"},"schema":{"@context":"https:\/\/schema.org","@graph":[{"@type":"Article","@id":"https:\/\/www.bellunopress.it\/2019\/09\/23\/donne-manager-poche-e-con-difficolta-a-conciliare-vita-e-lavoro\/#article","isPartOf":{"@id":"https:\/\/www.bellunopress.it\/2019\/09\/23\/donne-manager-poche-e-con-difficolta-a-conciliare-vita-e-lavoro\/"},"author":{"name":"redazione","@id":"https:\/\/www.bellunopress.it\/#\/schema\/person\/79bb06722b37ece1c03d3e94beb30d73"},"headline":"Donne manager: poche e con difficolt\u00e0 a conciliare vita e lavoro","datePublished":"2019-09-23T16:14:51+00:00","dateModified":"2019-09-23T16:14:52+00:00","mainEntityOfPage":{"@id":"https:\/\/www.bellunopress.it\/2019\/09\/23\/donne-manager-poche-e-con-difficolta-a-conciliare-vita-e-lavoro\/"},"wordCount":708,"publisher":{"@id":"https:\/\/www.bellunopress.it\/#organization"},"articleSection":["Lavoro, Economia, Turismo","Prima Pagina"],"inLanguage":"fr-FR"},{"@type":"WebPage","@id":"https:\/\/www.bellunopress.it\/2019\/09\/23\/donne-manager-poche-e-con-difficolta-a-conciliare-vita-e-lavoro\/","url":"https:\/\/www.bellunopress.it\/2019\/09\/23\/donne-manager-poche-e-con-difficolta-a-conciliare-vita-e-lavoro\/","name":"Donne manager: poche e con difficolt\u00e0 a conciliare vita e lavoro - Bellunopress - Dolomiti","isPartOf":{"@id":"https:\/\/www.bellunopress.it\/#website"},"datePublished":"2019-09-23T16:14:51+00:00","dateModified":"2019-09-23T16:14:52+00:00","breadcrumb":{"@id":"https:\/\/www.bellunopress.it\/2019\/09\/23\/donne-manager-poche-e-con-difficolta-a-conciliare-vita-e-lavoro\/#breadcrumb"},"inLanguage":"fr-FR","potentialAction":[{"@type":"ReadAction","target":["https:\/\/www.bellunopress.it\/2019\/09\/23\/donne-manager-poche-e-con-difficolta-a-conciliare-vita-e-lavoro\/"]}]},{"@type":"BreadcrumbList","@id":"https:\/\/www.bellunopress.it\/2019\/09\/23\/donne-manager-poche-e-con-difficolta-a-conciliare-vita-e-lavoro\/#breadcrumb","itemListElement":[{"@type":"ListItem","position":1,"name":"Home","item":"https:\/\/www.bellunopress.it\/"},{"@type":"ListItem","position":2,"name":"Donne manager: poche e con difficolt\u00e0 a conciliare vita e lavoro"}]},{"@type":"WebSite","@id":"https:\/\/www.bellunopress.it\/#website","url":"https:\/\/www.bellunopress.it\/","name":"Bellunopress - Dolomiti","description":"e-mail: redazione@bellunopress.it","publisher":{"@id":"https:\/\/www.bellunopress.it\/#organization"},"potentialAction":[{"@type":"SearchAction","target":{"@type":"EntryPoint","urlTemplate":"https:\/\/www.bellunopress.it\/?s={search_term_string}"},"query-input":{"@type":"PropertyValueSpecification","valueRequired":true,"valueName":"search_term_string"}}],"inLanguage":"fr-FR"},{"@type":"Organization","@id":"https:\/\/www.bellunopress.it\/#organization","name":"Bellunopress","url":"https:\/\/www.bellunopress.it\/","logo":{"@type":"ImageObject","inLanguage":"fr-FR","@id":"https:\/\/www.bellunopress.it\/#\/schema\/logo\/image\/","url":"https:\/\/www.bellunopress.it\/wp-content\/uploads\/2011\/05\/cropped-logo-bellunopress-.jpg","contentUrl":"https:\/\/www.bellunopress.it\/wp-content\/uploads\/2011\/05\/cropped-logo-bellunopress-.jpg","width":512,"height":512,"caption":"Bellunopress"},"image":{"@id":"https:\/\/www.bellunopress.it\/#\/schema\/logo\/image\/"},"sameAs":["https:\/\/www.facebook.com\/profile.php?id=100008943462799","https:\/\/x.com\/bellunopress","https:\/\/www.linkedin.com\/hp\/?dnr=JBzUWaJfMUw8vbXJJ2tVW5-I3jZKvC4wsoxE&amp;amp;amp;amp;amp;amp;trk=nav_responsive_tab_home","https:\/\/www.youtube.com\/channel\/UCxL0wu1uN0_3_7hGG0306cw"]},{"@type":"Person","@id":"https:\/\/www.bellunopress.it\/#\/schema\/person\/79bb06722b37ece1c03d3e94beb30d73","name":"r\u00e9daction","image":{"@type":"ImageObject","inLanguage":"fr-FR","@id":"https:\/\/secure.gravatar.com\/avatar\/37d968a2e67a6fd04c169c4bdef102d0bc5d31b2546345219e348575eb80e9a0?s=96&d=mm&r=g","url":"https:\/\/secure.gravatar.com\/avatar\/37d968a2e67a6fd04c169c4bdef102d0bc5d31b2546345219e348575eb80e9a0?s=96&d=mm&r=g","contentUrl":"https:\/\/secure.gravatar.com\/avatar\/37d968a2e67a6fd04c169c4bdef102d0bc5d31b2546345219e348575eb80e9a0?s=96&d=mm&r=g","caption":"redazione"},"sameAs":["http:\/\/www.bellunopress.it","https:\/\/x.com\/bellunopress"],"url":"https:\/\/www.bellunopress.it\/fr\/author\/redazione\/"}]}},"_links":{"self":[{"href":"https:\/\/www.bellunopress.it\/fr\/wp-json\/wp\/v2\/posts\/108114","targetHints":{"allow":["GET"]}}],"collection":[{"href":"https:\/\/www.bellunopress.it\/fr\/wp-json\/wp\/v2\/posts"}],"about":[{"href":"https:\/\/www.bellunopress.it\/fr\/wp-json\/wp\/v2\/types\/post"}],"author":[{"embeddable":true,"href":"https:\/\/www.bellunopress.it\/fr\/wp-json\/wp\/v2\/users\/2"}],"replies":[{"embeddable":true,"href":"https:\/\/www.bellunopress.it\/fr\/wp-json\/wp\/v2\/comments?post=108114"}],"version-history":[{"count":2,"href":"https:\/\/www.bellunopress.it\/fr\/wp-json\/wp\/v2\/posts\/108114\/revisions"}],"predecessor-version":[{"id":108117,"href":"https:\/\/www.bellunopress.it\/fr\/wp-json\/wp\/v2\/posts\/108114\/revisions\/108117"}],"wp:attachment":[{"href":"https:\/\/www.bellunopress.it\/fr\/wp-json\/wp\/v2\/media?parent=108114"}],"wp:term":[{"taxonomy":"category","embeddable":true,"href":"https:\/\/www.bellunopress.it\/fr\/wp-json\/wp\/v2\/categories?post=108114"},{"taxonomy":"post_tag","embeddable":true,"href":"https:\/\/www.bellunopress.it\/fr\/wp-json\/wp\/v2\/tags?post=108114"}],"curies":[{"name":"wp","href":"https:\/\/api.w.org\/{rel}","templated":true}]}}