{"id":108106,"date":"2019-09-23T16:09:47","date_gmt":"2019-09-23T14:09:47","guid":{"rendered":"http:\/\/www.bellunopress.it\/?p=108106"},"modified":"2019-09-23T16:09:47","modified_gmt":"2019-09-23T14:09:47","slug":"autonomia-sorpasso-a-sinistra-fracasso-pd-soddisfatti-dellincontro-sullautonomia-differenziata-con-il-ministro-boccia","status":"publish","type":"post","link":"https:\/\/www.bellunopress.it\/fr\/2019\/09\/23\/autonomia-sorpasso-a-sinistra-fracasso-pd-soddisfatti-dellincontro-sullautonomia-differenziata-con-il-ministro-boccia\/","title":{"rendered":"Autonomia, sorpasso a sinistra. Fracasso (PD): &#8220;Soddisfatti dell&#8217;incontro sull&#8217;autonomia differenziata con il ministro Boccia&#8221;"},"content":{"rendered":"<figure id=\"attachment_83514\" aria-describedby=\"caption-attachment-83514\" style=\"width: 114px\" class=\"wp-caption alignleft\"><a href=\"http:\/\/www.bellunopress.it\/fr\/2017\/01\/09\/partito-democratico-stefano-fracasso-e-il-nuovo-capogruppo-in-consiglio-regionale\/stefano-fracasso-consigliere-regionale-pd\/\" rel=\"attachment wp-att-83514\"><img loading=\"lazy\" decoding=\"async\" class=\"size-full wp-image-83514\" src=\"http:\/\/www.bellunopress.it\/wp-content\/uploads\/2017\/01\/Stefano-Fracasso-consigliere-regionale-Pd.jpg\" alt=\"\" width=\"114\" height=\"150\" \/><\/a><figcaption id=\"caption-attachment-83514\" class=\"wp-caption-text\">Stefano Fracasso &#8211; consigliere regionale Pd<\/figcaption><\/figure>\n<p>Venezia, 23 settembre 2019\u00a0 &#8211;\u00a0\u00a0&#8220;Siamo in piena sintonia con il ministro Boccia, dobbiamo lavorare per arrivare all&#8217;autonomia, tenendo il punto sui contenuti anzich\u00e9 sulla propaganda. Abbiamo apprezzato il fatto che abbia voluto incontrare i rappresentanti del territorio: non \u00e8 una questione formale, ma di sostanza&#8221;.<\/p>\n<p>A dirlo \u00e8 Stefano Fracasso, capogruppo del Partito Democratico in Consiglio regionale al termine del confronto avuto, insieme ai colleghi e ai parlamentari veneti di Pd, M5S e LeU con il nuovo ministro per gli Affari Regionali, che in precedenza si era confrontato con il presidente Zaia.<\/p>\n<p>&#8220;Abbiamo constatato che \u00e8 gi\u00e0 &#8216;sul pezzo&#8217;, sta esaminando i dossier consegnati dal Governo precedente e siamo d&#8217;accordo con la sua impostazione, procedere in modo pragmatico sui contenuti a partire dalla garanzia dei Livelli essenziali di prestazione su tutto il territorio, per evitare che la riforma possa poi incagliarsi in Parlamento. Il nodo del passaggio parlamentare, come ha ribadito il ministro, non \u00e8 negoziabile. Inoltre l&#8217;abbiamo invitato, unanimemente, a dare le prime risposte in tempi rapidi, auspicando che il Governo assuma attivamente il ruolo di regista dell&#8217;intera operazione&#8221;.<\/p>","protected":false},"excerpt":{"rendered":"<p>Venezia, 23 settembre 2019\u00a0 &#8211;\u00a0\u00a0&#8220;Siamo in piena sintonia con il ministro Boccia, dobbiamo lavorare per arrivare all&#8217;autonomia, tenendo il punto sui contenuti anzich\u00e9 sulla propaganda. Abbiamo apprezzato il fatto che abbia voluto incontrare i rappresentanti del territorio: non \u00e8 una questione formale, ma di sostanza&#8221;. A dirlo \u00e8 Stefano Fracasso, capogruppo del Partito Democratico in [&hellip;]<\/p>\n","protected":false},"author":2,"featured_media":0,"comment_status":"closed","ping_status":"open","sticky":false,"template":"","format":"standard","meta":{"footnotes":""},"categories":[5,26],"tags":[],"class_list":["post-108106","post","type-post","status-publish","format-standard","category-cronaca","category-prima-pagina"],"yoast_head":"<!-- This site is optimized with the Yoast SEO plugin v28.4 - https:\/\/yoast.com\/product\/yoast-seo-wordpress\/ -->\n<title>Autonomia, sorpasso a sinistra. Fracasso (PD): &quot;Soddisfatti dell&#039;incontro sull&#039;autonomia differenziata con il ministro Boccia&quot; - Bellunopress - Dolomiti<\/title>\n<meta name=\"robots\" content=\"index, follow, max-snippet:-1, max-image-preview:large, max-video-preview:-1\" \/>\n<link rel=\"canonical\" href=\"https:\/\/www.bellunopress.it\/fr\/2019\/09\/23\/autonomia-sorpasso-a-sinistra-fracasso-pd-soddisfatti-dellincontro-sullautonomia-differenziata-con-il-ministro-boccia\/\" \/>\n<meta property=\"og:locale\" content=\"fr_FR\" \/>\n<meta property=\"og:type\" content=\"article\" \/>\n<meta property=\"og:title\" content=\"Autonomia, sorpasso a sinistra. Fracasso (PD): &quot;Soddisfatti dell&#039;incontro sull&#039;autonomia differenziata con il ministro Boccia&quot; - Bellunopress - Dolomiti\" \/>\n<meta property=\"og:description\" content=\"Venezia, 23 settembre 2019\u00a0 &#8211;\u00a0\u00a0&#8220;Siamo in piena sintonia con il ministro Boccia, dobbiamo lavorare per arrivare all&#8217;autonomia, tenendo il punto sui contenuti anzich\u00e9 sulla propaganda. Abbiamo apprezzato il fatto che abbia voluto incontrare i rappresentanti del territorio: non \u00e8 una questione formale, ma di sostanza&#8221;. A dirlo \u00e8 Stefano Fracasso, capogruppo del Partito Democratico in [&hellip;]\" \/>\n<meta property=\"og:url\" content=\"https:\/\/www.bellunopress.it\/fr\/2019\/09\/23\/autonomia-sorpasso-a-sinistra-fracasso-pd-soddisfatti-dellincontro-sullautonomia-differenziata-con-il-ministro-boccia\/\" \/>\n<meta property=\"og:site_name\" content=\"Bellunopress - Dolomiti\" \/>\n<meta property=\"article:publisher\" content=\"https:\/\/www.facebook.com\/profile.php?id=100008943462799\" \/>\n<meta property=\"article:published_time\" content=\"2019-09-23T14:09:47+00:00\" \/>\n<meta property=\"og:image\" content=\"http:\/\/www.bellunopress.it\/wp-content\/uploads\/2017\/01\/Stefano-Fracasso-consigliere-regionale-Pd.jpg\" \/>\n<meta name=\"author\" content=\"redazione\" \/>\n<meta name=\"twitter:card\" content=\"summary_large_image\" \/>\n<meta name=\"twitter:creator\" content=\"@bellunopress\" \/>\n<meta name=\"twitter:site\" content=\"@bellunopress\" \/>\n<meta name=\"twitter:label1\" content=\"\u00c9crit par\" \/>\n\t<meta name=\"twitter:data1\" content=\"redazione\" \/>\n\t<meta name=\"twitter:label2\" content=\"Dur\u00e9e de lecture estim\u00e9e\" \/>\n\t<meta name=\"twitter:data2\" content=\"1 minute\" \/>\n<script type=\"application\/ld+json\" class=\"yoast-schema-graph\">{\"@context\":\"https:\\\/\\\/schema.org\",\"@graph\":[{\"@type\":\"Article\",\"@id\":\"https:\\\/\\\/www.bellunopress.it\\\/2019\\\/09\\\/23\\\/autonomia-sorpasso-a-sinistra-fracasso-pd-soddisfatti-dellincontro-sullautonomia-differenziata-con-il-ministro-boccia\\\/#article\",\"isPartOf\":{\"@id\":\"https:\\\/\\\/www.bellunopress.it\\\/2019\\\/09\\\/23\\\/autonomia-sorpasso-a-sinistra-fracasso-pd-soddisfatti-dellincontro-sullautonomia-differenziata-con-il-ministro-boccia\\\/\"},\"author\":{\"name\":\"redazione\",\"@id\":\"https:\\\/\\\/www.bellunopress.it\\\/#\\\/schema\\\/person\\\/79bb06722b37ece1c03d3e94beb30d73\"},\"headline\":\"Autonomia, sorpasso a sinistra. Fracasso (PD): &#8220;Soddisfatti dell&#8217;incontro sull&#8217;autonomia differenziata con il ministro Boccia&#8221;\",\"datePublished\":\"2019-09-23T14:09:47+00:00\",\"mainEntityOfPage\":{\"@id\":\"https:\\\/\\\/www.bellunopress.it\\\/2019\\\/09\\\/23\\\/autonomia-sorpasso-a-sinistra-fracasso-pd-soddisfatti-dellincontro-sullautonomia-differenziata-con-il-ministro-boccia\\\/\"},\"wordCount\":209,\"publisher\":{\"@id\":\"https:\\\/\\\/www.bellunopress.it\\\/#organization\"},\"image\":{\"@id\":\"https:\\\/\\\/www.bellunopress.it\\\/2019\\\/09\\\/23\\\/autonomia-sorpasso-a-sinistra-fracasso-pd-soddisfatti-dellincontro-sullautonomia-differenziata-con-il-ministro-boccia\\\/#primaryimage\"},\"thumbnailUrl\":\"http:\\\/\\\/www.bellunopress.it\\\/wp-content\\\/uploads\\\/2017\\\/01\\\/Stefano-Fracasso-consigliere-regionale-Pd.jpg\",\"articleSection\":[\"Cronaca\\\/Politica\",\"Prima Pagina\"],\"inLanguage\":\"fr-FR\"},{\"@type\":\"WebPage\",\"@id\":\"https:\\\/\\\/www.bellunopress.it\\\/2019\\\/09\\\/23\\\/autonomia-sorpasso-a-sinistra-fracasso-pd-soddisfatti-dellincontro-sullautonomia-differenziata-con-il-ministro-boccia\\\/\",\"url\":\"https:\\\/\\\/www.bellunopress.it\\\/2019\\\/09\\\/23\\\/autonomia-sorpasso-a-sinistra-fracasso-pd-soddisfatti-dellincontro-sullautonomia-differenziata-con-il-ministro-boccia\\\/\",\"name\":\"Autonomia, sorpasso a sinistra. Fracasso (PD): \\\"Soddisfatti dell'incontro sull'autonomia differenziata con il ministro Boccia\\\" - Bellunopress - Dolomiti\",\"isPartOf\":{\"@id\":\"https:\\\/\\\/www.bellunopress.it\\\/#website\"},\"primaryImageOfPage\":{\"@id\":\"https:\\\/\\\/www.bellunopress.it\\\/2019\\\/09\\\/23\\\/autonomia-sorpasso-a-sinistra-fracasso-pd-soddisfatti-dellincontro-sullautonomia-differenziata-con-il-ministro-boccia\\\/#primaryimage\"},\"image\":{\"@id\":\"https:\\\/\\\/www.bellunopress.it\\\/2019\\\/09\\\/23\\\/autonomia-sorpasso-a-sinistra-fracasso-pd-soddisfatti-dellincontro-sullautonomia-differenziata-con-il-ministro-boccia\\\/#primaryimage\"},\"thumbnailUrl\":\"http:\\\/\\\/www.bellunopress.it\\\/wp-content\\\/uploads\\\/2017\\\/01\\\/Stefano-Fracasso-consigliere-regionale-Pd.jpg\",\"datePublished\":\"2019-09-23T14:09:47+00:00\",\"breadcrumb\":{\"@id\":\"https:\\\/\\\/www.bellunopress.it\\\/2019\\\/09\\\/23\\\/autonomia-sorpasso-a-sinistra-fracasso-pd-soddisfatti-dellincontro-sullautonomia-differenziata-con-il-ministro-boccia\\\/#breadcrumb\"},\"inLanguage\":\"fr-FR\",\"potentialAction\":[{\"@type\":\"ReadAction\",\"target\":[\"https:\\\/\\\/www.bellunopress.it\\\/2019\\\/09\\\/23\\\/autonomia-sorpasso-a-sinistra-fracasso-pd-soddisfatti-dellincontro-sullautonomia-differenziata-con-il-ministro-boccia\\\/\"]}]},{\"@type\":\"ImageObject\",\"inLanguage\":\"fr-FR\",\"@id\":\"https:\\\/\\\/www.bellunopress.it\\\/2019\\\/09\\\/23\\\/autonomia-sorpasso-a-sinistra-fracasso-pd-soddisfatti-dellincontro-sullautonomia-differenziata-con-il-ministro-boccia\\\/#primaryimage\",\"url\":\"http:\\\/\\\/www.bellunopress.it\\\/wp-content\\\/uploads\\\/2017\\\/01\\\/Stefano-Fracasso-consigliere-regionale-Pd.jpg\",\"contentUrl\":\"http:\\\/\\\/www.bellunopress.it\\\/wp-content\\\/uploads\\\/2017\\\/01\\\/Stefano-Fracasso-consigliere-regionale-Pd.jpg\"},{\"@type\":\"BreadcrumbList\",\"@id\":\"https:\\\/\\\/www.bellunopress.it\\\/2019\\\/09\\\/23\\\/autonomia-sorpasso-a-sinistra-fracasso-pd-soddisfatti-dellincontro-sullautonomia-differenziata-con-il-ministro-boccia\\\/#breadcrumb\",\"itemListElement\":[{\"@type\":\"ListItem\",\"position\":1,\"name\":\"Home\",\"item\":\"https:\\\/\\\/www.bellunopress.it\\\/\"},{\"@type\":\"ListItem\",\"position\":2,\"name\":\"Autonomia, sorpasso a sinistra. Fracasso (PD): &#8220;Soddisfatti dell&#8217;incontro sull&#8217;autonomia differenziata con il ministro Boccia&#8221;\"}]},{\"@type\":\"WebSite\",\"@id\":\"https:\\\/\\\/www.bellunopress.it\\\/#website\",\"url\":\"https:\\\/\\\/www.bellunopress.it\\\/\",\"name\":\"Bellunopress - Dolomiti\",\"description\":\"e-mail: redazione@bellunopress.it\",\"publisher\":{\"@id\":\"https:\\\/\\\/www.bellunopress.it\\\/#organization\"},\"potentialAction\":[{\"@type\":\"SearchAction\",\"target\":{\"@type\":\"EntryPoint\",\"urlTemplate\":\"https:\\\/\\\/www.bellunopress.it\\\/?s={search_term_string}\"},\"query-input\":{\"@type\":\"PropertyValueSpecification\",\"valueRequired\":true,\"valueName\":\"search_term_string\"}}],\"inLanguage\":\"fr-FR\"},{\"@type\":\"Organization\",\"@id\":\"https:\\\/\\\/www.bellunopress.it\\\/#organization\",\"name\":\"Bellunopress\",\"url\":\"https:\\\/\\\/www.bellunopress.it\\\/\",\"logo\":{\"@type\":\"ImageObject\",\"inLanguage\":\"fr-FR\",\"@id\":\"https:\\\/\\\/www.bellunopress.it\\\/#\\\/schema\\\/logo\\\/image\\\/\",\"url\":\"https:\\\/\\\/www.bellunopress.it\\\/wp-content\\\/uploads\\\/2011\\\/05\\\/cropped-logo-bellunopress-.jpg\",\"contentUrl\":\"https:\\\/\\\/www.bellunopress.it\\\/wp-content\\\/uploads\\\/2011\\\/05\\\/cropped-logo-bellunopress-.jpg\",\"width\":512,\"height\":512,\"caption\":\"Bellunopress\"},\"image\":{\"@id\":\"https:\\\/\\\/www.bellunopress.it\\\/#\\\/schema\\\/logo\\\/image\\\/\"},\"sameAs\":[\"https:\\\/\\\/www.facebook.com\\\/profile.php?id=100008943462799\",\"https:\\\/\\\/x.com\\\/bellunopress\",\"https:\\\/\\\/www.linkedin.com\\\/hp\\\/?dnr=JBzUWaJfMUw8vbXJJ2tVW5-I3jZKvC4wsoxE&amp;amp;amp;amp;amp;amp;trk=nav_responsive_tab_home\",\"https:\\\/\\\/www.youtube.com\\\/channel\\\/UCxL0wu1uN0_3_7hGG0306cw\"]},{\"@type\":\"Person\",\"@id\":\"https:\\\/\\\/www.bellunopress.it\\\/#\\\/schema\\\/person\\\/79bb06722b37ece1c03d3e94beb30d73\",\"name\":\"redazione\",\"image\":{\"@type\":\"ImageObject\",\"inLanguage\":\"fr-FR\",\"@id\":\"https:\\\/\\\/secure.gravatar.com\\\/avatar\\\/37d968a2e67a6fd04c169c4bdef102d0bc5d31b2546345219e348575eb80e9a0?s=96&d=mm&r=g\",\"url\":\"https:\\\/\\\/secure.gravatar.com\\\/avatar\\\/37d968a2e67a6fd04c169c4bdef102d0bc5d31b2546345219e348575eb80e9a0?s=96&d=mm&r=g\",\"contentUrl\":\"https:\\\/\\\/secure.gravatar.com\\\/avatar\\\/37d968a2e67a6fd04c169c4bdef102d0bc5d31b2546345219e348575eb80e9a0?s=96&d=mm&r=g\",\"caption\":\"redazione\"},\"sameAs\":[\"http:\\\/\\\/www.bellunopress.it\",\"https:\\\/\\\/x.com\\\/bellunopress\"],\"url\":\"https:\\\/\\\/www.bellunopress.it\\\/fr\\\/author\\\/redazione\\\/\"}]}<\/script>\n<!-- \/ Yoast SEO plugin. -->","yoast_head_json":{"title":"Autonomia, sorpasso a sinistra. Fracasso (PD): \"Soddisfatti dell'incontro sull'autonomia differenziata con il ministro Boccia\" - Bellunopress - Dolomiti","robots":{"index":"index","follow":"follow","max-snippet":"max-snippet:-1","max-image-preview":"max-image-preview:large","max-video-preview":"max-video-preview:-1"},"canonical":"https:\/\/www.bellunopress.it\/fr\/2019\/09\/23\/autonomia-sorpasso-a-sinistra-fracasso-pd-soddisfatti-dellincontro-sullautonomia-differenziata-con-il-ministro-boccia\/","og_locale":"fr_FR","og_type":"article","og_title":"Autonomia, sorpasso a sinistra. Fracasso (PD): \"Soddisfatti dell'incontro sull'autonomia differenziata con il ministro Boccia\" - Bellunopress - Dolomiti","og_description":"Venezia, 23 settembre 2019\u00a0 &#8211;\u00a0\u00a0&#8220;Siamo in piena sintonia con il ministro Boccia, dobbiamo lavorare per arrivare all&#8217;autonomia, tenendo il punto sui contenuti anzich\u00e9 sulla propaganda. Abbiamo apprezzato il fatto che abbia voluto incontrare i rappresentanti del territorio: non \u00e8 una questione formale, ma di sostanza&#8221;. A dirlo \u00e8 Stefano Fracasso, capogruppo del Partito Democratico in [&hellip;]","og_url":"https:\/\/www.bellunopress.it\/fr\/2019\/09\/23\/autonomia-sorpasso-a-sinistra-fracasso-pd-soddisfatti-dellincontro-sullautonomia-differenziata-con-il-ministro-boccia\/","og_site_name":"Bellunopress - Dolomiti","article_publisher":"https:\/\/www.facebook.com\/profile.php?id=100008943462799","article_published_time":"2019-09-23T14:09:47+00:00","og_image":[{"url":"http:\/\/www.bellunopress.it\/wp-content\/uploads\/2017\/01\/Stefano-Fracasso-consigliere-regionale-Pd.jpg","type":"","width":"","height":""}],"author":"redazione","twitter_card":"summary_large_image","twitter_creator":"@bellunopress","twitter_site":"@bellunopress","twitter_misc":{"\u00c9crit par":"redazione","Dur\u00e9e de lecture estim\u00e9e":"1 minute"},"schema":{"@context":"https:\/\/schema.org","@graph":[{"@type":"Article","@id":"https:\/\/www.bellunopress.it\/2019\/09\/23\/autonomia-sorpasso-a-sinistra-fracasso-pd-soddisfatti-dellincontro-sullautonomia-differenziata-con-il-ministro-boccia\/#article","isPartOf":{"@id":"https:\/\/www.bellunopress.it\/2019\/09\/23\/autonomia-sorpasso-a-sinistra-fracasso-pd-soddisfatti-dellincontro-sullautonomia-differenziata-con-il-ministro-boccia\/"},"author":{"name":"redazione","@id":"https:\/\/www.bellunopress.it\/#\/schema\/person\/79bb06722b37ece1c03d3e94beb30d73"},"headline":"Autonomia, sorpasso a sinistra. Fracasso (PD): &#8220;Soddisfatti dell&#8217;incontro sull&#8217;autonomia differenziata con il ministro Boccia&#8221;","datePublished":"2019-09-23T14:09:47+00:00","mainEntityOfPage":{"@id":"https:\/\/www.bellunopress.it\/2019\/09\/23\/autonomia-sorpasso-a-sinistra-fracasso-pd-soddisfatti-dellincontro-sullautonomia-differenziata-con-il-ministro-boccia\/"},"wordCount":209,"publisher":{"@id":"https:\/\/www.bellunopress.it\/#organization"},"image":{"@id":"https:\/\/www.bellunopress.it\/2019\/09\/23\/autonomia-sorpasso-a-sinistra-fracasso-pd-soddisfatti-dellincontro-sullautonomia-differenziata-con-il-ministro-boccia\/#primaryimage"},"thumbnailUrl":"http:\/\/www.bellunopress.it\/wp-content\/uploads\/2017\/01\/Stefano-Fracasso-consigliere-regionale-Pd.jpg","articleSection":["Cronaca\/Politica","Prima Pagina"],"inLanguage":"fr-FR"},{"@type":"WebPage","@id":"https:\/\/www.bellunopress.it\/2019\/09\/23\/autonomia-sorpasso-a-sinistra-fracasso-pd-soddisfatti-dellincontro-sullautonomia-differenziata-con-il-ministro-boccia\/","url":"https:\/\/www.bellunopress.it\/2019\/09\/23\/autonomia-sorpasso-a-sinistra-fracasso-pd-soddisfatti-dellincontro-sullautonomia-differenziata-con-il-ministro-boccia\/","name":"Autonomia, sorpasso a sinistra. Fracasso (PD): \"Soddisfatti dell'incontro sull'autonomia differenziata con il ministro Boccia\" - Bellunopress - Dolomiti","isPartOf":{"@id":"https:\/\/www.bellunopress.it\/#website"},"primaryImageOfPage":{"@id":"https:\/\/www.bellunopress.it\/2019\/09\/23\/autonomia-sorpasso-a-sinistra-fracasso-pd-soddisfatti-dellincontro-sullautonomia-differenziata-con-il-ministro-boccia\/#primaryimage"},"image":{"@id":"https:\/\/www.bellunopress.it\/2019\/09\/23\/autonomia-sorpasso-a-sinistra-fracasso-pd-soddisfatti-dellincontro-sullautonomia-differenziata-con-il-ministro-boccia\/#primaryimage"},"thumbnailUrl":"http:\/\/www.bellunopress.it\/wp-content\/uploads\/2017\/01\/Stefano-Fracasso-consigliere-regionale-Pd.jpg","datePublished":"2019-09-23T14:09:47+00:00","breadcrumb":{"@id":"https:\/\/www.bellunopress.it\/2019\/09\/23\/autonomia-sorpasso-a-sinistra-fracasso-pd-soddisfatti-dellincontro-sullautonomia-differenziata-con-il-ministro-boccia\/#breadcrumb"},"inLanguage":"fr-FR","potentialAction":[{"@type":"ReadAction","target":["https:\/\/www.bellunopress.it\/2019\/09\/23\/autonomia-sorpasso-a-sinistra-fracasso-pd-soddisfatti-dellincontro-sullautonomia-differenziata-con-il-ministro-boccia\/"]}]},{"@type":"ImageObject","inLanguage":"fr-FR","@id":"https:\/\/www.bellunopress.it\/2019\/09\/23\/autonomia-sorpasso-a-sinistra-fracasso-pd-soddisfatti-dellincontro-sullautonomia-differenziata-con-il-ministro-boccia\/#primaryimage","url":"http:\/\/www.bellunopress.it\/wp-content\/uploads\/2017\/01\/Stefano-Fracasso-consigliere-regionale-Pd.jpg","contentUrl":"http:\/\/www.bellunopress.it\/wp-content\/uploads\/2017\/01\/Stefano-Fracasso-consigliere-regionale-Pd.jpg"},{"@type":"BreadcrumbList","@id":"https:\/\/www.bellunopress.it\/2019\/09\/23\/autonomia-sorpasso-a-sinistra-fracasso-pd-soddisfatti-dellincontro-sullautonomia-differenziata-con-il-ministro-boccia\/#breadcrumb","itemListElement":[{"@type":"ListItem","position":1,"name":"Home","item":"https:\/\/www.bellunopress.it\/"},{"@type":"ListItem","position":2,"name":"Autonomia, sorpasso a sinistra. Fracasso (PD): &#8220;Soddisfatti dell&#8217;incontro sull&#8217;autonomia differenziata con il ministro Boccia&#8221;"}]},{"@type":"WebSite","@id":"https:\/\/www.bellunopress.it\/#website","url":"https:\/\/www.bellunopress.it\/","name":"Bellunopress - Dolomiti","description":"e-mail: redazione@bellunopress.it","publisher":{"@id":"https:\/\/www.bellunopress.it\/#organization"},"potentialAction":[{"@type":"SearchAction","target":{"@type":"EntryPoint","urlTemplate":"https:\/\/www.bellunopress.it\/?s={search_term_string}"},"query-input":{"@type":"PropertyValueSpecification","valueRequired":true,"valueName":"search_term_string"}}],"inLanguage":"fr-FR"},{"@type":"Organization","@id":"https:\/\/www.bellunopress.it\/#organization","name":"Bellunopress","url":"https:\/\/www.bellunopress.it\/","logo":{"@type":"ImageObject","inLanguage":"fr-FR","@id":"https:\/\/www.bellunopress.it\/#\/schema\/logo\/image\/","url":"https:\/\/www.bellunopress.it\/wp-content\/uploads\/2011\/05\/cropped-logo-bellunopress-.jpg","contentUrl":"https:\/\/www.bellunopress.it\/wp-content\/uploads\/2011\/05\/cropped-logo-bellunopress-.jpg","width":512,"height":512,"caption":"Bellunopress"},"image":{"@id":"https:\/\/www.bellunopress.it\/#\/schema\/logo\/image\/"},"sameAs":["https:\/\/www.facebook.com\/profile.php?id=100008943462799","https:\/\/x.com\/bellunopress","https:\/\/www.linkedin.com\/hp\/?dnr=JBzUWaJfMUw8vbXJJ2tVW5-I3jZKvC4wsoxE&amp;amp;amp;amp;amp;amp;trk=nav_responsive_tab_home","https:\/\/www.youtube.com\/channel\/UCxL0wu1uN0_3_7hGG0306cw"]},{"@type":"Person","@id":"https:\/\/www.bellunopress.it\/#\/schema\/person\/79bb06722b37ece1c03d3e94beb30d73","name":"r\u00e9daction","image":{"@type":"ImageObject","inLanguage":"fr-FR","@id":"https:\/\/secure.gravatar.com\/avatar\/37d968a2e67a6fd04c169c4bdef102d0bc5d31b2546345219e348575eb80e9a0?s=96&d=mm&r=g","url":"https:\/\/secure.gravatar.com\/avatar\/37d968a2e67a6fd04c169c4bdef102d0bc5d31b2546345219e348575eb80e9a0?s=96&d=mm&r=g","contentUrl":"https:\/\/secure.gravatar.com\/avatar\/37d968a2e67a6fd04c169c4bdef102d0bc5d31b2546345219e348575eb80e9a0?s=96&d=mm&r=g","caption":"redazione"},"sameAs":["http:\/\/www.bellunopress.it","https:\/\/x.com\/bellunopress"],"url":"https:\/\/www.bellunopress.it\/fr\/author\/redazione\/"}]}},"_links":{"self":[{"href":"https:\/\/www.bellunopress.it\/fr\/wp-json\/wp\/v2\/posts\/108106","targetHints":{"allow":["GET"]}}],"collection":[{"href":"https:\/\/www.bellunopress.it\/fr\/wp-json\/wp\/v2\/posts"}],"about":[{"href":"https:\/\/www.bellunopress.it\/fr\/wp-json\/wp\/v2\/types\/post"}],"author":[{"embeddable":true,"href":"https:\/\/www.bellunopress.it\/fr\/wp-json\/wp\/v2\/users\/2"}],"replies":[{"embeddable":true,"href":"https:\/\/www.bellunopress.it\/fr\/wp-json\/wp\/v2\/comments?post=108106"}],"version-history":[{"count":1,"href":"https:\/\/www.bellunopress.it\/fr\/wp-json\/wp\/v2\/posts\/108106\/revisions"}],"predecessor-version":[{"id":108107,"href":"https:\/\/www.bellunopress.it\/fr\/wp-json\/wp\/v2\/posts\/108106\/revisions\/108107"}],"wp:attachment":[{"href":"https:\/\/www.bellunopress.it\/fr\/wp-json\/wp\/v2\/media?parent=108106"}],"wp:term":[{"taxonomy":"category","embeddable":true,"href":"https:\/\/www.bellunopress.it\/fr\/wp-json\/wp\/v2\/categories?post=108106"},{"taxonomy":"post_tag","embeddable":true,"href":"https:\/\/www.bellunopress.it\/fr\/wp-json\/wp\/v2\/tags?post=108106"}],"curies":[{"name":"wp","href":"https:\/\/api.w.org\/{rel}","templated":true}]}}