{"id":108093,"date":"2019-09-23T12:26:45","date_gmt":"2019-09-23T10:26:45","guid":{"rendered":"http:\/\/www.bellunopress.it\/?p=108093"},"modified":"2019-09-23T12:26:45","modified_gmt":"2019-09-23T10:26:45","slug":"la-fabbrica-intelligente-sbarca-a-belluno-giovedi-a-villa-doglioni-dalmas-il-caso-schneider-electric-con-imprenditori-e-manager","status":"publish","type":"post","link":"https:\/\/www.bellunopress.it\/fr\/2019\/09\/23\/la-fabbrica-intelligente-sbarca-a-belluno-giovedi-a-villa-doglioni-dalmas-il-caso-schneider-electric-con-imprenditori-e-manager\/","title":{"rendered":"La fabbrica intelligente sbarca a Belluno. Gioved\u00ec a Villa Doglioni-Dalmas il caso Schneider electric con imprenditori e manager"},"content":{"rendered":"<figure id=\"attachment_85206\" aria-describedby=\"caption-attachment-85206\" style=\"width: 350px\" class=\"wp-caption alignleft\"><a href=\"http:\/\/www.bellunopress.it\/fr\/2017\/03\/19\/una-domenica-nel-centro-di-belluno-tra-storia-cultura-e-casunziei-di-bruna-mozzi\/palazzo-doglioni-dalmas-confindustria\/\" rel=\"attachment wp-att-85206\"><img loading=\"lazy\" decoding=\"async\" class=\"size-full wp-image-85206\" src=\"http:\/\/www.bellunopress.it\/wp-content\/uploads\/2017\/03\/palazzo-doglioni-dalmas-confindustria.jpg\" alt=\"\" width=\"350\" height=\"233\" \/><\/a><figcaption id=\"caption-attachment-85206\" class=\"wp-caption-text\">Palazzo Doglioni Dalmas sede di Confindustria Belluno Dolomiti<\/figcaption><\/figure>\n<p>Belluno, 23 settembre 2019 \u2013 Dalla teoria alla pratica, a Villa Doglioni Dalmas si studia il caso Schneider Electric Italia, uno degli esempi pi\u00f9 significativi di &#8220;fabbrica intelligente&#8221; presenti a livello nazionale e mondiale. \u00abUn&#8217;opportunit\u00e0 per ascoltare un&#8217;esperienza reale e consolidata di Industria 4.0\u00bb, spiega Stefano Giacomelli, delegato per l&#8217;Innovazione in Confindustria.<br \/>\n\u00abL&#8217;invito \u00e8 aperto a tutti gli imprenditori e manager bellunesi interessati a capire come le nuove tecnologie stiano cambiando il volto del manifatturiero e quali occasioni e rischi comporti adeguarsi a un sistema in rapidissima evoluzione\u00bb, afferma Giacomelli.<\/p>\n<p>Protagonista dell&#8217;incontro \u2013 che si terr\u00e0 in sala Caldart gioved\u00ec alle 16 \u2013 sar\u00e0 Fabio Bonamassa, Plant Manager di Schneider Electric Italia, che presenter\u00e0 i risultati dell&#8217;implementazione delle nuove tecnologie digitali nello stabilimento di Stezzano in provincia di Bergamo, dove \u00e8 presente una vera e propria &#8220;smart factory&#8221;, ritenuta tra le pi\u00f9 moderne e innovative al mondo.<br \/>\nSchneider Electric guida la trasformazione digitale della gestione dell&#8217;energia e dell&#8217;automazione nelle abitazioni, negli edifici, nei data center, nelle infrastrutture e nelle industrie. Presente in oltre 100 paesi del mondo, Schneider \u00e8 leader indiscusso nei settori della distribuzione elettrica in media e bassa tensione, protezione dell&#8217;alimentazione elettrica e nei sistemi di automazione, e offre soluzioni integrate per l&#8217;efficienza basate sulla combinazione di energia, automazione e software. Del gruppo Schneider fa parte anche la Eliwell di Alpago.<\/p>\n<p>\u00abEntreremo virtualmente in questa realt\u00e0 innovativa per capire come funziona una fabbrica intelligente e quale sar\u00e0 il futuro che ci attende\u00bb, continua Giacomelli. \u00abIn una provincia manifatturiera come la nostra \u2013 tra le prime a livello italiano ed europeo \u2013 il tema dell&#8217;Industria 4.0 \u00e8 di strettissima attualit\u00e0. A questo, inoltre, \u00e8 legato tutto il tema delle competenze e dello sviluppo di una formazione di qualit\u00e0 e specialistica che tenga conto anche delle caratteristiche di questo territorio. Di certo, i primi a comprendere la portata di questo passaggio epocale devono essere gli stessi imprenditori. Proprio per questo, Confindustria Belluno Dolomiti, anche attraverso il Digital Innovation Hub di Feltre, sta facendo una massiccia opera di sensibilizzazione e informazione\u00bb.<\/p>\n<p>\u00abOra pi\u00f9 che mai l&#8217;intero settore manifatturiero sta affrontando un cambiamento storico, destinato a segnare uno spartiacque con i modelli di business precedenti\u00bb, afferma, dal canto suo Bonamassa, che fornisce la premessa dell&#8217;incontro di gioved\u00ec: \u00abAl processo di digitalizzazione aziendale non possono non prendere parte le pmi. I rischi sono molto alti. Un&#8217;impresa di piccole dimensioni, che decide di ignorare la quarta rivoluzione industriale, perde in termini di competitivit\u00e0 e nel giro di qualche anno sar\u00e0 tagliata fuori dal mercato. Il sistema industria, infatti, \u00e8 ormai indirizzato verso modelli di business pi\u00f9 dinamici e veloci\u00bb.<br \/>\nDurante l&#8217;evento ci sar\u00e0 lo spazio adeguato per domande ed approfondimenti.<br \/>\nPer info consultare il sito www.confindustria.bl.it o https:\/\/digitalhub.belluno.it\/<\/p>","protected":false},"excerpt":{"rendered":"<p>Belluno, 23 settembre 2019 \u2013 Dalla teoria alla pratica, a Villa Doglioni Dalmas si studia il caso Schneider Electric Italia, uno degli esempi pi\u00f9 significativi di &#8220;fabbrica intelligente&#8221; presenti a livello nazionale e mondiale. \u00abUn&#8217;opportunit\u00e0 per ascoltare un&#8217;esperienza reale e consolidata di Industria 4.0\u00bb, spiega Stefano Giacomelli, delegato per l&#8217;Innovazione in Confindustria. \u00abL&#8217;invito \u00e8 aperto [&hellip;]<\/p>\n","protected":false},"author":2,"featured_media":0,"comment_status":"closed","ping_status":"open","sticky":false,"template":"","format":"standard","meta":{"footnotes":""},"categories":[27,36,26],"tags":[],"class_list":["post-108093","post","type-post","status-publish","format-standard","category-appuntamenti","category-lavoro-economia","category-prima-pagina"],"yoast_head":"<!-- This site is optimized with the Yoast SEO plugin v28.4 - https:\/\/yoast.com\/product\/yoast-seo-wordpress\/ -->\n<title>La fabbrica intelligente sbarca a Belluno. Gioved\u00ec a Villa Doglioni-Dalmas il caso Schneider electric con imprenditori e manager - Bellunopress - Dolomiti<\/title>\n<meta name=\"robots\" content=\"index, follow, max-snippet:-1, max-image-preview:large, max-video-preview:-1\" \/>\n<link rel=\"canonical\" href=\"https:\/\/www.bellunopress.it\/fr\/2019\/09\/23\/la-fabbrica-intelligente-sbarca-a-belluno-giovedi-a-villa-doglioni-dalmas-il-caso-schneider-electric-con-imprenditori-e-manager\/\" \/>\n<meta property=\"og:locale\" content=\"fr_FR\" \/>\n<meta property=\"og:type\" content=\"article\" \/>\n<meta property=\"og:title\" content=\"La fabbrica intelligente sbarca a Belluno. Gioved\u00ec a Villa Doglioni-Dalmas il caso Schneider electric con imprenditori e manager - Bellunopress - Dolomiti\" \/>\n<meta property=\"og:description\" content=\"Belluno, 23 settembre 2019 \u2013 Dalla teoria alla pratica, a Villa Doglioni Dalmas si studia il caso Schneider Electric Italia, uno degli esempi pi\u00f9 significativi di &#8220;fabbrica intelligente&#8221; presenti a livello nazionale e mondiale. \u00abUn&#8217;opportunit\u00e0 per ascoltare un&#8217;esperienza reale e consolidata di Industria 4.0\u00bb, spiega Stefano Giacomelli, delegato per l&#8217;Innovazione in Confindustria. \u00abL&#8217;invito \u00e8 aperto [&hellip;]\" \/>\n<meta property=\"og:url\" content=\"https:\/\/www.bellunopress.it\/fr\/2019\/09\/23\/la-fabbrica-intelligente-sbarca-a-belluno-giovedi-a-villa-doglioni-dalmas-il-caso-schneider-electric-con-imprenditori-e-manager\/\" \/>\n<meta property=\"og:site_name\" content=\"Bellunopress - Dolomiti\" \/>\n<meta property=\"article:publisher\" content=\"https:\/\/www.facebook.com\/profile.php?id=100008943462799\" \/>\n<meta property=\"article:published_time\" content=\"2019-09-23T10:26:45+00:00\" \/>\n<meta property=\"og:image\" content=\"http:\/\/www.bellunopress.it\/wp-content\/uploads\/2017\/03\/palazzo-doglioni-dalmas-confindustria.jpg\" \/>\n<meta name=\"author\" content=\"redazione\" \/>\n<meta name=\"twitter:card\" content=\"summary_large_image\" \/>\n<meta name=\"twitter:creator\" content=\"@bellunopress\" \/>\n<meta name=\"twitter:site\" content=\"@bellunopress\" \/>\n<meta name=\"twitter:label1\" content=\"\u00c9crit par\" \/>\n\t<meta name=\"twitter:data1\" content=\"redazione\" \/>\n\t<meta name=\"twitter:label2\" content=\"Dur\u00e9e de lecture estim\u00e9e\" \/>\n\t<meta name=\"twitter:data2\" content=\"2 minutes\" \/>\n<script type=\"application\/ld+json\" class=\"yoast-schema-graph\">{\"@context\":\"https:\\\/\\\/schema.org\",\"@graph\":[{\"@type\":\"Article\",\"@id\":\"https:\\\/\\\/www.bellunopress.it\\\/2019\\\/09\\\/23\\\/la-fabbrica-intelligente-sbarca-a-belluno-giovedi-a-villa-doglioni-dalmas-il-caso-schneider-electric-con-imprenditori-e-manager\\\/#article\",\"isPartOf\":{\"@id\":\"https:\\\/\\\/www.bellunopress.it\\\/2019\\\/09\\\/23\\\/la-fabbrica-intelligente-sbarca-a-belluno-giovedi-a-villa-doglioni-dalmas-il-caso-schneider-electric-con-imprenditori-e-manager\\\/\"},\"author\":{\"name\":\"redazione\",\"@id\":\"https:\\\/\\\/www.bellunopress.it\\\/#\\\/schema\\\/person\\\/79bb06722b37ece1c03d3e94beb30d73\"},\"headline\":\"La fabbrica intelligente sbarca a Belluno. Gioved\u00ec a Villa Doglioni-Dalmas il caso Schneider electric con imprenditori e manager\",\"datePublished\":\"2019-09-23T10:26:45+00:00\",\"mainEntityOfPage\":{\"@id\":\"https:\\\/\\\/www.bellunopress.it\\\/2019\\\/09\\\/23\\\/la-fabbrica-intelligente-sbarca-a-belluno-giovedi-a-villa-doglioni-dalmas-il-caso-schneider-electric-con-imprenditori-e-manager\\\/\"},\"wordCount\":491,\"publisher\":{\"@id\":\"https:\\\/\\\/www.bellunopress.it\\\/#organization\"},\"image\":{\"@id\":\"https:\\\/\\\/www.bellunopress.it\\\/2019\\\/09\\\/23\\\/la-fabbrica-intelligente-sbarca-a-belluno-giovedi-a-villa-doglioni-dalmas-il-caso-schneider-electric-con-imprenditori-e-manager\\\/#primaryimage\"},\"thumbnailUrl\":\"http:\\\/\\\/www.bellunopress.it\\\/wp-content\\\/uploads\\\/2017\\\/03\\\/palazzo-doglioni-dalmas-confindustria.jpg\",\"articleSection\":[\"Appuntamenti, Eventi\",\"Lavoro, Economia, Turismo\",\"Prima Pagina\"],\"inLanguage\":\"fr-FR\"},{\"@type\":\"WebPage\",\"@id\":\"https:\\\/\\\/www.bellunopress.it\\\/2019\\\/09\\\/23\\\/la-fabbrica-intelligente-sbarca-a-belluno-giovedi-a-villa-doglioni-dalmas-il-caso-schneider-electric-con-imprenditori-e-manager\\\/\",\"url\":\"https:\\\/\\\/www.bellunopress.it\\\/2019\\\/09\\\/23\\\/la-fabbrica-intelligente-sbarca-a-belluno-giovedi-a-villa-doglioni-dalmas-il-caso-schneider-electric-con-imprenditori-e-manager\\\/\",\"name\":\"La fabbrica intelligente sbarca a Belluno. Gioved\u00ec a Villa Doglioni-Dalmas il caso Schneider electric con imprenditori e manager - Bellunopress - Dolomiti\",\"isPartOf\":{\"@id\":\"https:\\\/\\\/www.bellunopress.it\\\/#website\"},\"primaryImageOfPage\":{\"@id\":\"https:\\\/\\\/www.bellunopress.it\\\/2019\\\/09\\\/23\\\/la-fabbrica-intelligente-sbarca-a-belluno-giovedi-a-villa-doglioni-dalmas-il-caso-schneider-electric-con-imprenditori-e-manager\\\/#primaryimage\"},\"image\":{\"@id\":\"https:\\\/\\\/www.bellunopress.it\\\/2019\\\/09\\\/23\\\/la-fabbrica-intelligente-sbarca-a-belluno-giovedi-a-villa-doglioni-dalmas-il-caso-schneider-electric-con-imprenditori-e-manager\\\/#primaryimage\"},\"thumbnailUrl\":\"http:\\\/\\\/www.bellunopress.it\\\/wp-content\\\/uploads\\\/2017\\\/03\\\/palazzo-doglioni-dalmas-confindustria.jpg\",\"datePublished\":\"2019-09-23T10:26:45+00:00\",\"breadcrumb\":{\"@id\":\"https:\\\/\\\/www.bellunopress.it\\\/2019\\\/09\\\/23\\\/la-fabbrica-intelligente-sbarca-a-belluno-giovedi-a-villa-doglioni-dalmas-il-caso-schneider-electric-con-imprenditori-e-manager\\\/#breadcrumb\"},\"inLanguage\":\"fr-FR\",\"potentialAction\":[{\"@type\":\"ReadAction\",\"target\":[\"https:\\\/\\\/www.bellunopress.it\\\/2019\\\/09\\\/23\\\/la-fabbrica-intelligente-sbarca-a-belluno-giovedi-a-villa-doglioni-dalmas-il-caso-schneider-electric-con-imprenditori-e-manager\\\/\"]}]},{\"@type\":\"ImageObject\",\"inLanguage\":\"fr-FR\",\"@id\":\"https:\\\/\\\/www.bellunopress.it\\\/2019\\\/09\\\/23\\\/la-fabbrica-intelligente-sbarca-a-belluno-giovedi-a-villa-doglioni-dalmas-il-caso-schneider-electric-con-imprenditori-e-manager\\\/#primaryimage\",\"url\":\"http:\\\/\\\/www.bellunopress.it\\\/wp-content\\\/uploads\\\/2017\\\/03\\\/palazzo-doglioni-dalmas-confindustria.jpg\",\"contentUrl\":\"http:\\\/\\\/www.bellunopress.it\\\/wp-content\\\/uploads\\\/2017\\\/03\\\/palazzo-doglioni-dalmas-confindustria.jpg\"},{\"@type\":\"BreadcrumbList\",\"@id\":\"https:\\\/\\\/www.bellunopress.it\\\/2019\\\/09\\\/23\\\/la-fabbrica-intelligente-sbarca-a-belluno-giovedi-a-villa-doglioni-dalmas-il-caso-schneider-electric-con-imprenditori-e-manager\\\/#breadcrumb\",\"itemListElement\":[{\"@type\":\"ListItem\",\"position\":1,\"name\":\"Home\",\"item\":\"https:\\\/\\\/www.bellunopress.it\\\/\"},{\"@type\":\"ListItem\",\"position\":2,\"name\":\"La fabbrica intelligente sbarca a Belluno. Gioved\u00ec a Villa Doglioni-Dalmas il caso Schneider electric con imprenditori e manager\"}]},{\"@type\":\"WebSite\",\"@id\":\"https:\\\/\\\/www.bellunopress.it\\\/#website\",\"url\":\"https:\\\/\\\/www.bellunopress.it\\\/\",\"name\":\"Bellunopress - Dolomiti\",\"description\":\"e-mail: redazione@bellunopress.it\",\"publisher\":{\"@id\":\"https:\\\/\\\/www.bellunopress.it\\\/#organization\"},\"potentialAction\":[{\"@type\":\"SearchAction\",\"target\":{\"@type\":\"EntryPoint\",\"urlTemplate\":\"https:\\\/\\\/www.bellunopress.it\\\/?s={search_term_string}\"},\"query-input\":{\"@type\":\"PropertyValueSpecification\",\"valueRequired\":true,\"valueName\":\"search_term_string\"}}],\"inLanguage\":\"fr-FR\"},{\"@type\":\"Organization\",\"@id\":\"https:\\\/\\\/www.bellunopress.it\\\/#organization\",\"name\":\"Bellunopress\",\"url\":\"https:\\\/\\\/www.bellunopress.it\\\/\",\"logo\":{\"@type\":\"ImageObject\",\"inLanguage\":\"fr-FR\",\"@id\":\"https:\\\/\\\/www.bellunopress.it\\\/#\\\/schema\\\/logo\\\/image\\\/\",\"url\":\"https:\\\/\\\/www.bellunopress.it\\\/wp-content\\\/uploads\\\/2011\\\/05\\\/cropped-logo-bellunopress-.jpg\",\"contentUrl\":\"https:\\\/\\\/www.bellunopress.it\\\/wp-content\\\/uploads\\\/2011\\\/05\\\/cropped-logo-bellunopress-.jpg\",\"width\":512,\"height\":512,\"caption\":\"Bellunopress\"},\"image\":{\"@id\":\"https:\\\/\\\/www.bellunopress.it\\\/#\\\/schema\\\/logo\\\/image\\\/\"},\"sameAs\":[\"https:\\\/\\\/www.facebook.com\\\/profile.php?id=100008943462799\",\"https:\\\/\\\/x.com\\\/bellunopress\",\"https:\\\/\\\/www.linkedin.com\\\/hp\\\/?dnr=JBzUWaJfMUw8vbXJJ2tVW5-I3jZKvC4wsoxE&amp;amp;amp;amp;amp;amp;trk=nav_responsive_tab_home\",\"https:\\\/\\\/www.youtube.com\\\/channel\\\/UCxL0wu1uN0_3_7hGG0306cw\"]},{\"@type\":\"Person\",\"@id\":\"https:\\\/\\\/www.bellunopress.it\\\/#\\\/schema\\\/person\\\/79bb06722b37ece1c03d3e94beb30d73\",\"name\":\"redazione\",\"image\":{\"@type\":\"ImageObject\",\"inLanguage\":\"fr-FR\",\"@id\":\"https:\\\/\\\/secure.gravatar.com\\\/avatar\\\/37d968a2e67a6fd04c169c4bdef102d0bc5d31b2546345219e348575eb80e9a0?s=96&d=mm&r=g\",\"url\":\"https:\\\/\\\/secure.gravatar.com\\\/avatar\\\/37d968a2e67a6fd04c169c4bdef102d0bc5d31b2546345219e348575eb80e9a0?s=96&d=mm&r=g\",\"contentUrl\":\"https:\\\/\\\/secure.gravatar.com\\\/avatar\\\/37d968a2e67a6fd04c169c4bdef102d0bc5d31b2546345219e348575eb80e9a0?s=96&d=mm&r=g\",\"caption\":\"redazione\"},\"sameAs\":[\"http:\\\/\\\/www.bellunopress.it\",\"https:\\\/\\\/x.com\\\/bellunopress\"],\"url\":\"https:\\\/\\\/www.bellunopress.it\\\/fr\\\/author\\\/redazione\\\/\"}]}<\/script>\n<!-- \/ Yoast SEO plugin. -->","yoast_head_json":{"title":"La fabbrica intelligente sbarca a Belluno. Gioved\u00ec a Villa Doglioni-Dalmas il caso Schneider electric con imprenditori e manager - Bellunopress - Dolomiti","robots":{"index":"index","follow":"follow","max-snippet":"max-snippet:-1","max-image-preview":"max-image-preview:large","max-video-preview":"max-video-preview:-1"},"canonical":"https:\/\/www.bellunopress.it\/fr\/2019\/09\/23\/la-fabbrica-intelligente-sbarca-a-belluno-giovedi-a-villa-doglioni-dalmas-il-caso-schneider-electric-con-imprenditori-e-manager\/","og_locale":"fr_FR","og_type":"article","og_title":"La fabbrica intelligente sbarca a Belluno. Gioved\u00ec a Villa Doglioni-Dalmas il caso Schneider electric con imprenditori e manager - Bellunopress - Dolomiti","og_description":"Belluno, 23 settembre 2019 \u2013 Dalla teoria alla pratica, a Villa Doglioni Dalmas si studia il caso Schneider Electric Italia, uno degli esempi pi\u00f9 significativi di &#8220;fabbrica intelligente&#8221; presenti a livello nazionale e mondiale. \u00abUn&#8217;opportunit\u00e0 per ascoltare un&#8217;esperienza reale e consolidata di Industria 4.0\u00bb, spiega Stefano Giacomelli, delegato per l&#8217;Innovazione in Confindustria. \u00abL&#8217;invito \u00e8 aperto [&hellip;]","og_url":"https:\/\/www.bellunopress.it\/fr\/2019\/09\/23\/la-fabbrica-intelligente-sbarca-a-belluno-giovedi-a-villa-doglioni-dalmas-il-caso-schneider-electric-con-imprenditori-e-manager\/","og_site_name":"Bellunopress - Dolomiti","article_publisher":"https:\/\/www.facebook.com\/profile.php?id=100008943462799","article_published_time":"2019-09-23T10:26:45+00:00","og_image":[{"url":"http:\/\/www.bellunopress.it\/wp-content\/uploads\/2017\/03\/palazzo-doglioni-dalmas-confindustria.jpg","type":"","width":"","height":""}],"author":"redazione","twitter_card":"summary_large_image","twitter_creator":"@bellunopress","twitter_site":"@bellunopress","twitter_misc":{"\u00c9crit par":"redazione","Dur\u00e9e de lecture estim\u00e9e":"2 minutes"},"schema":{"@context":"https:\/\/schema.org","@graph":[{"@type":"Article","@id":"https:\/\/www.bellunopress.it\/2019\/09\/23\/la-fabbrica-intelligente-sbarca-a-belluno-giovedi-a-villa-doglioni-dalmas-il-caso-schneider-electric-con-imprenditori-e-manager\/#article","isPartOf":{"@id":"https:\/\/www.bellunopress.it\/2019\/09\/23\/la-fabbrica-intelligente-sbarca-a-belluno-giovedi-a-villa-doglioni-dalmas-il-caso-schneider-electric-con-imprenditori-e-manager\/"},"author":{"name":"redazione","@id":"https:\/\/www.bellunopress.it\/#\/schema\/person\/79bb06722b37ece1c03d3e94beb30d73"},"headline":"La fabbrica intelligente sbarca a Belluno. Gioved\u00ec a Villa Doglioni-Dalmas il caso Schneider electric con imprenditori e manager","datePublished":"2019-09-23T10:26:45+00:00","mainEntityOfPage":{"@id":"https:\/\/www.bellunopress.it\/2019\/09\/23\/la-fabbrica-intelligente-sbarca-a-belluno-giovedi-a-villa-doglioni-dalmas-il-caso-schneider-electric-con-imprenditori-e-manager\/"},"wordCount":491,"publisher":{"@id":"https:\/\/www.bellunopress.it\/#organization"},"image":{"@id":"https:\/\/www.bellunopress.it\/2019\/09\/23\/la-fabbrica-intelligente-sbarca-a-belluno-giovedi-a-villa-doglioni-dalmas-il-caso-schneider-electric-con-imprenditori-e-manager\/#primaryimage"},"thumbnailUrl":"http:\/\/www.bellunopress.it\/wp-content\/uploads\/2017\/03\/palazzo-doglioni-dalmas-confindustria.jpg","articleSection":["Appuntamenti, Eventi","Lavoro, Economia, Turismo","Prima Pagina"],"inLanguage":"fr-FR"},{"@type":"WebPage","@id":"https:\/\/www.bellunopress.it\/2019\/09\/23\/la-fabbrica-intelligente-sbarca-a-belluno-giovedi-a-villa-doglioni-dalmas-il-caso-schneider-electric-con-imprenditori-e-manager\/","url":"https:\/\/www.bellunopress.it\/2019\/09\/23\/la-fabbrica-intelligente-sbarca-a-belluno-giovedi-a-villa-doglioni-dalmas-il-caso-schneider-electric-con-imprenditori-e-manager\/","name":"La fabbrica intelligente sbarca a Belluno. Gioved\u00ec a Villa Doglioni-Dalmas il caso Schneider electric con imprenditori e manager - Bellunopress - Dolomiti","isPartOf":{"@id":"https:\/\/www.bellunopress.it\/#website"},"primaryImageOfPage":{"@id":"https:\/\/www.bellunopress.it\/2019\/09\/23\/la-fabbrica-intelligente-sbarca-a-belluno-giovedi-a-villa-doglioni-dalmas-il-caso-schneider-electric-con-imprenditori-e-manager\/#primaryimage"},"image":{"@id":"https:\/\/www.bellunopress.it\/2019\/09\/23\/la-fabbrica-intelligente-sbarca-a-belluno-giovedi-a-villa-doglioni-dalmas-il-caso-schneider-electric-con-imprenditori-e-manager\/#primaryimage"},"thumbnailUrl":"http:\/\/www.bellunopress.it\/wp-content\/uploads\/2017\/03\/palazzo-doglioni-dalmas-confindustria.jpg","datePublished":"2019-09-23T10:26:45+00:00","breadcrumb":{"@id":"https:\/\/www.bellunopress.it\/2019\/09\/23\/la-fabbrica-intelligente-sbarca-a-belluno-giovedi-a-villa-doglioni-dalmas-il-caso-schneider-electric-con-imprenditori-e-manager\/#breadcrumb"},"inLanguage":"fr-FR","potentialAction":[{"@type":"ReadAction","target":["https:\/\/www.bellunopress.it\/2019\/09\/23\/la-fabbrica-intelligente-sbarca-a-belluno-giovedi-a-villa-doglioni-dalmas-il-caso-schneider-electric-con-imprenditori-e-manager\/"]}]},{"@type":"ImageObject","inLanguage":"fr-FR","@id":"https:\/\/www.bellunopress.it\/2019\/09\/23\/la-fabbrica-intelligente-sbarca-a-belluno-giovedi-a-villa-doglioni-dalmas-il-caso-schneider-electric-con-imprenditori-e-manager\/#primaryimage","url":"http:\/\/www.bellunopress.it\/wp-content\/uploads\/2017\/03\/palazzo-doglioni-dalmas-confindustria.jpg","contentUrl":"http:\/\/www.bellunopress.it\/wp-content\/uploads\/2017\/03\/palazzo-doglioni-dalmas-confindustria.jpg"},{"@type":"BreadcrumbList","@id":"https:\/\/www.bellunopress.it\/2019\/09\/23\/la-fabbrica-intelligente-sbarca-a-belluno-giovedi-a-villa-doglioni-dalmas-il-caso-schneider-electric-con-imprenditori-e-manager\/#breadcrumb","itemListElement":[{"@type":"ListItem","position":1,"name":"Home","item":"https:\/\/www.bellunopress.it\/"},{"@type":"ListItem","position":2,"name":"La fabbrica intelligente sbarca a Belluno. Gioved\u00ec a Villa Doglioni-Dalmas il caso Schneider electric con imprenditori e manager"}]},{"@type":"WebSite","@id":"https:\/\/www.bellunopress.it\/#website","url":"https:\/\/www.bellunopress.it\/","name":"Bellunopress - Dolomiti","description":"e-mail: redazione@bellunopress.it","publisher":{"@id":"https:\/\/www.bellunopress.it\/#organization"},"potentialAction":[{"@type":"SearchAction","target":{"@type":"EntryPoint","urlTemplate":"https:\/\/www.bellunopress.it\/?s={search_term_string}"},"query-input":{"@type":"PropertyValueSpecification","valueRequired":true,"valueName":"search_term_string"}}],"inLanguage":"fr-FR"},{"@type":"Organization","@id":"https:\/\/www.bellunopress.it\/#organization","name":"Bellunopress","url":"https:\/\/www.bellunopress.it\/","logo":{"@type":"ImageObject","inLanguage":"fr-FR","@id":"https:\/\/www.bellunopress.it\/#\/schema\/logo\/image\/","url":"https:\/\/www.bellunopress.it\/wp-content\/uploads\/2011\/05\/cropped-logo-bellunopress-.jpg","contentUrl":"https:\/\/www.bellunopress.it\/wp-content\/uploads\/2011\/05\/cropped-logo-bellunopress-.jpg","width":512,"height":512,"caption":"Bellunopress"},"image":{"@id":"https:\/\/www.bellunopress.it\/#\/schema\/logo\/image\/"},"sameAs":["https:\/\/www.facebook.com\/profile.php?id=100008943462799","https:\/\/x.com\/bellunopress","https:\/\/www.linkedin.com\/hp\/?dnr=JBzUWaJfMUw8vbXJJ2tVW5-I3jZKvC4wsoxE&amp;amp;amp;amp;amp;amp;trk=nav_responsive_tab_home","https:\/\/www.youtube.com\/channel\/UCxL0wu1uN0_3_7hGG0306cw"]},{"@type":"Person","@id":"https:\/\/www.bellunopress.it\/#\/schema\/person\/79bb06722b37ece1c03d3e94beb30d73","name":"r\u00e9daction","image":{"@type":"ImageObject","inLanguage":"fr-FR","@id":"https:\/\/secure.gravatar.com\/avatar\/37d968a2e67a6fd04c169c4bdef102d0bc5d31b2546345219e348575eb80e9a0?s=96&d=mm&r=g","url":"https:\/\/secure.gravatar.com\/avatar\/37d968a2e67a6fd04c169c4bdef102d0bc5d31b2546345219e348575eb80e9a0?s=96&d=mm&r=g","contentUrl":"https:\/\/secure.gravatar.com\/avatar\/37d968a2e67a6fd04c169c4bdef102d0bc5d31b2546345219e348575eb80e9a0?s=96&d=mm&r=g","caption":"redazione"},"sameAs":["http:\/\/www.bellunopress.it","https:\/\/x.com\/bellunopress"],"url":"https:\/\/www.bellunopress.it\/fr\/author\/redazione\/"}]}},"_links":{"self":[{"href":"https:\/\/www.bellunopress.it\/fr\/wp-json\/wp\/v2\/posts\/108093","targetHints":{"allow":["GET"]}}],"collection":[{"href":"https:\/\/www.bellunopress.it\/fr\/wp-json\/wp\/v2\/posts"}],"about":[{"href":"https:\/\/www.bellunopress.it\/fr\/wp-json\/wp\/v2\/types\/post"}],"author":[{"embeddable":true,"href":"https:\/\/www.bellunopress.it\/fr\/wp-json\/wp\/v2\/users\/2"}],"replies":[{"embeddable":true,"href":"https:\/\/www.bellunopress.it\/fr\/wp-json\/wp\/v2\/comments?post=108093"}],"version-history":[{"count":1,"href":"https:\/\/www.bellunopress.it\/fr\/wp-json\/wp\/v2\/posts\/108093\/revisions"}],"predecessor-version":[{"id":108094,"href":"https:\/\/www.bellunopress.it\/fr\/wp-json\/wp\/v2\/posts\/108093\/revisions\/108094"}],"wp:attachment":[{"href":"https:\/\/www.bellunopress.it\/fr\/wp-json\/wp\/v2\/media?parent=108093"}],"wp:term":[{"taxonomy":"category","embeddable":true,"href":"https:\/\/www.bellunopress.it\/fr\/wp-json\/wp\/v2\/categories?post=108093"},{"taxonomy":"post_tag","embeddable":true,"href":"https:\/\/www.bellunopress.it\/fr\/wp-json\/wp\/v2\/tags?post=108093"}],"curies":[{"name":"wp","href":"https:\/\/api.w.org\/{rel}","templated":true}]}}