{"id":108078,"date":"2019-09-23T21:10:17","date_gmt":"2019-09-23T19:10:17","guid":{"rendered":"http:\/\/www.bellunopress.it\/?p=108078"},"modified":"2019-09-24T23:09:38","modified_gmt":"2019-09-24T21:09:38","slug":"effetto-montagna-martedi-alle-18-30-il-farmacista-ernesto-riva-alla-libreria-tarantola-di-belluno","status":"publish","type":"post","link":"https:\/\/www.bellunopress.it\/fr\/2019\/09\/23\/effetto-montagna-martedi-alle-18-30-il-farmacista-ernesto-riva-alla-libreria-tarantola-di-belluno\/","title":{"rendered":"Effetto montagna. Marted\u00ec alle 18.30 il farmacista Ernesto Riva alla Libreria Tarantola di Belluno"},"content":{"rendered":"<p>Ernesto Riva, farmacista specializzato in Botanica farmaceutica, sar\u00e0 ospite marted\u00ec 24 settembre alle ore 18.30, alla Libreria Tarantola di Belluno in via Psaro 13, per la rassegna &#8220;Effetto Montagna. Uomini, Boschi, Animali.&#8221; Presenta la serata la giornalista Michela Canova.<\/p>\n<p><a href=\"http:\/\/www.bellunopress.it\/fr\/2017\/10\/07\/tutti-in-fila-allinaugurazione-della-libreria-tarantola-nella-nuova-sede-di-via-psaro\/libreria-tarantola-inauguraz\/\" rel=\"attachment wp-att-89745\"><img loading=\"lazy\" decoding=\"async\" class=\"alignleft size-full wp-image-89745\" src=\"http:\/\/www.bellunopress.it\/wp-content\/uploads\/2017\/10\/libreria-tarantola-inauguraz.jpg\" alt=\"\" width=\"228\" height=\"280\" \/><\/a>La rassegna viene svolta in collaborazione con il Comune di Belluno e la Biblioteca Civica di Belluno, e con il sostegno di Unifarco per la Cultura.<\/p>\n<p>Il relatore<\/p>\n<p>Ernesto Riva, laureato in Farmacia all&#8217;Universit\u00e0 di Padova, si \u00e8 specializzato in Botanica farmaceutica all&#8217;Universit\u00e0 di Siena. Membro dell\u2019Accademia Internazionale e della Societ\u00e0 Internazionale di Storia della Farmacia direttore responsabile di\u00abAtti e memorie. Rivista di storia della farmacia\u00bb, giornalista pubblicista, vive e lavora a Belluno, dove fa il farmacista.Ha<br \/>\npubblicato: Magia e scienza nella medicina bellunese (Istituto Ricerche Sociali e Culturali, Belluno 1986);<br \/>\nCento erbe per cento grappe (con E. Saronide, Ghedina e Tassotti Editori, Bassano 1988); Non far di ogni erba un fascio. Botanica, storia, principi attivi e propriet\u00e0 terapeutiche di 200 piante officinali (Ghedina e Tassotti Editori, Bassano 1990); Lepiante medicinali dei nomadi<br \/>\ndell\u2019Africa Orientale (Istituto Culturale Rotariano, Milano 1994); L\u2019universo delle piante medicinali. Trattato storico, botanico e farmacologico di 400 piante di tutto il mondo<br \/>\n(Ghedina e Tassotti Editori, Bassano 1995, ristampa 2012);<br \/>\nBreve storia della farmacia bellunese (Accademia Italiana di Storia della Farmacia, Belluno 1996);La farmacia monastica e conventuale (con A.Corvi, Pacini Editori, Pisa 1996); I segreti di Venere (Ghedina e Tassotti Editori, Bassano 1997); I segreti di Esculapio (Primula Edizioni,<br \/>\nPisa 1998);Le vie delle spezie (GV Edizioni, Milano 2002); Pharmacon (GV Edizioni, Milano 2002); Il taccuino della sanit\u00e0 (GV Edizioni, Milano 2012).<\/p>","protected":false},"excerpt":{"rendered":"<p>Ernesto Riva, farmacista specializzato in Botanica farmaceutica, sar\u00e0 ospite marted\u00ec 24 settembre alle ore 18.30, alla Libreria Tarantola di Belluno in via Psaro 13, per la rassegna &#8220;Effetto Montagna. Uomini, Boschi, Animali.&#8221; Presenta la serata la giornalista Michela Canova. La rassegna viene svolta in collaborazione con il Comune di Belluno e la Biblioteca Civica di [&hellip;]<\/p>\n","protected":false},"author":2,"featured_media":0,"comment_status":"closed","ping_status":"open","sticky":false,"template":"","format":"standard","meta":{"footnotes":""},"categories":[27,3],"tags":[],"class_list":["post-108078","post","type-post","status-publish","format-standard","category-appuntamenti","category-arte-cultura-spettacoli-scienza-archivi"],"yoast_head":"<!-- This site is optimized with the Yoast SEO plugin v28.4 - https:\/\/yoast.com\/product\/yoast-seo-wordpress\/ -->\n<title>Effetto montagna. Marted\u00ec alle 18.30 il farmacista Ernesto Riva alla Libreria Tarantola di Belluno - Bellunopress - Dolomiti<\/title>\n<meta name=\"robots\" content=\"index, follow, max-snippet:-1, max-image-preview:large, max-video-preview:-1\" \/>\n<link rel=\"canonical\" href=\"https:\/\/www.bellunopress.it\/fr\/2019\/09\/23\/effetto-montagna-martedi-alle-18-30-il-farmacista-ernesto-riva-alla-libreria-tarantola-di-belluno\/\" \/>\n<meta property=\"og:locale\" content=\"fr_FR\" \/>\n<meta property=\"og:type\" content=\"article\" \/>\n<meta property=\"og:title\" content=\"Effetto montagna. Marted\u00ec alle 18.30 il farmacista Ernesto Riva alla Libreria Tarantola di Belluno - Bellunopress - Dolomiti\" \/>\n<meta property=\"og:description\" content=\"Ernesto Riva, farmacista specializzato in Botanica farmaceutica, sar\u00e0 ospite marted\u00ec 24 settembre alle ore 18.30, alla Libreria Tarantola di Belluno in via Psaro 13, per la rassegna &#8220;Effetto Montagna. Uomini, Boschi, Animali.&#8221; Presenta la serata la giornalista Michela Canova. La rassegna viene svolta in collaborazione con il Comune di Belluno e la Biblioteca Civica di [&hellip;]\" \/>\n<meta property=\"og:url\" content=\"https:\/\/www.bellunopress.it\/fr\/2019\/09\/23\/effetto-montagna-martedi-alle-18-30-il-farmacista-ernesto-riva-alla-libreria-tarantola-di-belluno\/\" \/>\n<meta property=\"og:site_name\" content=\"Bellunopress - Dolomiti\" \/>\n<meta property=\"article:publisher\" content=\"https:\/\/www.facebook.com\/profile.php?id=100008943462799\" \/>\n<meta property=\"article:published_time\" content=\"2019-09-23T19:10:17+00:00\" \/>\n<meta property=\"article:modified_time\" content=\"2019-09-24T21:09:38+00:00\" \/>\n<meta property=\"og:image\" content=\"http:\/\/www.bellunopress.it\/wp-content\/uploads\/2017\/10\/libreria-tarantola-inauguraz.jpg\" \/>\n<meta name=\"author\" content=\"redazione\" \/>\n<meta name=\"twitter:card\" content=\"summary_large_image\" \/>\n<meta name=\"twitter:creator\" content=\"@bellunopress\" \/>\n<meta name=\"twitter:site\" content=\"@bellunopress\" \/>\n<meta name=\"twitter:label1\" content=\"\u00c9crit par\" \/>\n\t<meta name=\"twitter:data1\" content=\"redazione\" \/>\n\t<meta name=\"twitter:label2\" content=\"Dur\u00e9e de lecture estim\u00e9e\" \/>\n\t<meta name=\"twitter:data2\" content=\"1 minute\" \/>\n<script type=\"application\/ld+json\" class=\"yoast-schema-graph\">{\"@context\":\"https:\\\/\\\/schema.org\",\"@graph\":[{\"@type\":\"Article\",\"@id\":\"https:\\\/\\\/www.bellunopress.it\\\/2019\\\/09\\\/23\\\/effetto-montagna-martedi-alle-18-30-il-farmacista-ernesto-riva-alla-libreria-tarantola-di-belluno\\\/#article\",\"isPartOf\":{\"@id\":\"https:\\\/\\\/www.bellunopress.it\\\/2019\\\/09\\\/23\\\/effetto-montagna-martedi-alle-18-30-il-farmacista-ernesto-riva-alla-libreria-tarantola-di-belluno\\\/\"},\"author\":{\"name\":\"redazione\",\"@id\":\"https:\\\/\\\/www.bellunopress.it\\\/#\\\/schema\\\/person\\\/79bb06722b37ece1c03d3e94beb30d73\"},\"headline\":\"Effetto montagna. Marted\u00ec alle 18.30 il farmacista Ernesto Riva alla Libreria Tarantola di Belluno\",\"datePublished\":\"2019-09-23T19:10:17+00:00\",\"dateModified\":\"2019-09-24T21:09:38+00:00\",\"mainEntityOfPage\":{\"@id\":\"https:\\\/\\\/www.bellunopress.it\\\/2019\\\/09\\\/23\\\/effetto-montagna-martedi-alle-18-30-il-farmacista-ernesto-riva-alla-libreria-tarantola-di-belluno\\\/\"},\"wordCount\":268,\"publisher\":{\"@id\":\"https:\\\/\\\/www.bellunopress.it\\\/#organization\"},\"image\":{\"@id\":\"https:\\\/\\\/www.bellunopress.it\\\/2019\\\/09\\\/23\\\/effetto-montagna-martedi-alle-18-30-il-farmacista-ernesto-riva-alla-libreria-tarantola-di-belluno\\\/#primaryimage\"},\"thumbnailUrl\":\"http:\\\/\\\/www.bellunopress.it\\\/wp-content\\\/uploads\\\/2017\\\/10\\\/libreria-tarantola-inauguraz.jpg\",\"articleSection\":[\"Appuntamenti, Eventi\",\"Arte, Cultura, Spettacoli, Scienza\"],\"inLanguage\":\"fr-FR\"},{\"@type\":\"WebPage\",\"@id\":\"https:\\\/\\\/www.bellunopress.it\\\/2019\\\/09\\\/23\\\/effetto-montagna-martedi-alle-18-30-il-farmacista-ernesto-riva-alla-libreria-tarantola-di-belluno\\\/\",\"url\":\"https:\\\/\\\/www.bellunopress.it\\\/2019\\\/09\\\/23\\\/effetto-montagna-martedi-alle-18-30-il-farmacista-ernesto-riva-alla-libreria-tarantola-di-belluno\\\/\",\"name\":\"Effetto montagna. Marted\u00ec alle 18.30 il farmacista Ernesto Riva alla Libreria Tarantola di Belluno - Bellunopress - Dolomiti\",\"isPartOf\":{\"@id\":\"https:\\\/\\\/www.bellunopress.it\\\/#website\"},\"primaryImageOfPage\":{\"@id\":\"https:\\\/\\\/www.bellunopress.it\\\/2019\\\/09\\\/23\\\/effetto-montagna-martedi-alle-18-30-il-farmacista-ernesto-riva-alla-libreria-tarantola-di-belluno\\\/#primaryimage\"},\"image\":{\"@id\":\"https:\\\/\\\/www.bellunopress.it\\\/2019\\\/09\\\/23\\\/effetto-montagna-martedi-alle-18-30-il-farmacista-ernesto-riva-alla-libreria-tarantola-di-belluno\\\/#primaryimage\"},\"thumbnailUrl\":\"http:\\\/\\\/www.bellunopress.it\\\/wp-content\\\/uploads\\\/2017\\\/10\\\/libreria-tarantola-inauguraz.jpg\",\"datePublished\":\"2019-09-23T19:10:17+00:00\",\"dateModified\":\"2019-09-24T21:09:38+00:00\",\"breadcrumb\":{\"@id\":\"https:\\\/\\\/www.bellunopress.it\\\/2019\\\/09\\\/23\\\/effetto-montagna-martedi-alle-18-30-il-farmacista-ernesto-riva-alla-libreria-tarantola-di-belluno\\\/#breadcrumb\"},\"inLanguage\":\"fr-FR\",\"potentialAction\":[{\"@type\":\"ReadAction\",\"target\":[\"https:\\\/\\\/www.bellunopress.it\\\/2019\\\/09\\\/23\\\/effetto-montagna-martedi-alle-18-30-il-farmacista-ernesto-riva-alla-libreria-tarantola-di-belluno\\\/\"]}]},{\"@type\":\"ImageObject\",\"inLanguage\":\"fr-FR\",\"@id\":\"https:\\\/\\\/www.bellunopress.it\\\/2019\\\/09\\\/23\\\/effetto-montagna-martedi-alle-18-30-il-farmacista-ernesto-riva-alla-libreria-tarantola-di-belluno\\\/#primaryimage\",\"url\":\"http:\\\/\\\/www.bellunopress.it\\\/wp-content\\\/uploads\\\/2017\\\/10\\\/libreria-tarantola-inauguraz.jpg\",\"contentUrl\":\"http:\\\/\\\/www.bellunopress.it\\\/wp-content\\\/uploads\\\/2017\\\/10\\\/libreria-tarantola-inauguraz.jpg\"},{\"@type\":\"BreadcrumbList\",\"@id\":\"https:\\\/\\\/www.bellunopress.it\\\/2019\\\/09\\\/23\\\/effetto-montagna-martedi-alle-18-30-il-farmacista-ernesto-riva-alla-libreria-tarantola-di-belluno\\\/#breadcrumb\",\"itemListElement\":[{\"@type\":\"ListItem\",\"position\":1,\"name\":\"Home\",\"item\":\"https:\\\/\\\/www.bellunopress.it\\\/\"},{\"@type\":\"ListItem\",\"position\":2,\"name\":\"Effetto montagna. Marted\u00ec alle 18.30 il farmacista Ernesto Riva alla Libreria Tarantola di Belluno\"}]},{\"@type\":\"WebSite\",\"@id\":\"https:\\\/\\\/www.bellunopress.it\\\/#website\",\"url\":\"https:\\\/\\\/www.bellunopress.it\\\/\",\"name\":\"Bellunopress - Dolomiti\",\"description\":\"e-mail: redazione@bellunopress.it\",\"publisher\":{\"@id\":\"https:\\\/\\\/www.bellunopress.it\\\/#organization\"},\"potentialAction\":[{\"@type\":\"SearchAction\",\"target\":{\"@type\":\"EntryPoint\",\"urlTemplate\":\"https:\\\/\\\/www.bellunopress.it\\\/?s={search_term_string}\"},\"query-input\":{\"@type\":\"PropertyValueSpecification\",\"valueRequired\":true,\"valueName\":\"search_term_string\"}}],\"inLanguage\":\"fr-FR\"},{\"@type\":\"Organization\",\"@id\":\"https:\\\/\\\/www.bellunopress.it\\\/#organization\",\"name\":\"Bellunopress\",\"url\":\"https:\\\/\\\/www.bellunopress.it\\\/\",\"logo\":{\"@type\":\"ImageObject\",\"inLanguage\":\"fr-FR\",\"@id\":\"https:\\\/\\\/www.bellunopress.it\\\/#\\\/schema\\\/logo\\\/image\\\/\",\"url\":\"https:\\\/\\\/www.bellunopress.it\\\/wp-content\\\/uploads\\\/2011\\\/05\\\/cropped-logo-bellunopress-.jpg\",\"contentUrl\":\"https:\\\/\\\/www.bellunopress.it\\\/wp-content\\\/uploads\\\/2011\\\/05\\\/cropped-logo-bellunopress-.jpg\",\"width\":512,\"height\":512,\"caption\":\"Bellunopress\"},\"image\":{\"@id\":\"https:\\\/\\\/www.bellunopress.it\\\/#\\\/schema\\\/logo\\\/image\\\/\"},\"sameAs\":[\"https:\\\/\\\/www.facebook.com\\\/profile.php?id=100008943462799\",\"https:\\\/\\\/x.com\\\/bellunopress\",\"https:\\\/\\\/www.linkedin.com\\\/hp\\\/?dnr=JBzUWaJfMUw8vbXJJ2tVW5-I3jZKvC4wsoxE&amp;amp;amp;amp;amp;amp;trk=nav_responsive_tab_home\",\"https:\\\/\\\/www.youtube.com\\\/channel\\\/UCxL0wu1uN0_3_7hGG0306cw\"]},{\"@type\":\"Person\",\"@id\":\"https:\\\/\\\/www.bellunopress.it\\\/#\\\/schema\\\/person\\\/79bb06722b37ece1c03d3e94beb30d73\",\"name\":\"redazione\",\"image\":{\"@type\":\"ImageObject\",\"inLanguage\":\"fr-FR\",\"@id\":\"https:\\\/\\\/secure.gravatar.com\\\/avatar\\\/37d968a2e67a6fd04c169c4bdef102d0bc5d31b2546345219e348575eb80e9a0?s=96&d=mm&r=g\",\"url\":\"https:\\\/\\\/secure.gravatar.com\\\/avatar\\\/37d968a2e67a6fd04c169c4bdef102d0bc5d31b2546345219e348575eb80e9a0?s=96&d=mm&r=g\",\"contentUrl\":\"https:\\\/\\\/secure.gravatar.com\\\/avatar\\\/37d968a2e67a6fd04c169c4bdef102d0bc5d31b2546345219e348575eb80e9a0?s=96&d=mm&r=g\",\"caption\":\"redazione\"},\"sameAs\":[\"http:\\\/\\\/www.bellunopress.it\",\"https:\\\/\\\/x.com\\\/bellunopress\"],\"url\":\"https:\\\/\\\/www.bellunopress.it\\\/fr\\\/author\\\/redazione\\\/\"}]}<\/script>\n<!-- \/ Yoast SEO plugin. -->","yoast_head_json":{"title":"Effetto montagna. Marted\u00ec alle 18.30 il farmacista Ernesto Riva alla Libreria Tarantola di Belluno - Bellunopress - Dolomiti","robots":{"index":"index","follow":"follow","max-snippet":"max-snippet:-1","max-image-preview":"max-image-preview:large","max-video-preview":"max-video-preview:-1"},"canonical":"https:\/\/www.bellunopress.it\/fr\/2019\/09\/23\/effetto-montagna-martedi-alle-18-30-il-farmacista-ernesto-riva-alla-libreria-tarantola-di-belluno\/","og_locale":"fr_FR","og_type":"article","og_title":"Effetto montagna. Marted\u00ec alle 18.30 il farmacista Ernesto Riva alla Libreria Tarantola di Belluno - Bellunopress - Dolomiti","og_description":"Ernesto Riva, farmacista specializzato in Botanica farmaceutica, sar\u00e0 ospite marted\u00ec 24 settembre alle ore 18.30, alla Libreria Tarantola di Belluno in via Psaro 13, per la rassegna &#8220;Effetto Montagna. Uomini, Boschi, Animali.&#8221; Presenta la serata la giornalista Michela Canova. La rassegna viene svolta in collaborazione con il Comune di Belluno e la Biblioteca Civica di [&hellip;]","og_url":"https:\/\/www.bellunopress.it\/fr\/2019\/09\/23\/effetto-montagna-martedi-alle-18-30-il-farmacista-ernesto-riva-alla-libreria-tarantola-di-belluno\/","og_site_name":"Bellunopress - Dolomiti","article_publisher":"https:\/\/www.facebook.com\/profile.php?id=100008943462799","article_published_time":"2019-09-23T19:10:17+00:00","article_modified_time":"2019-09-24T21:09:38+00:00","og_image":[{"url":"http:\/\/www.bellunopress.it\/wp-content\/uploads\/2017\/10\/libreria-tarantola-inauguraz.jpg","type":"","width":"","height":""}],"author":"redazione","twitter_card":"summary_large_image","twitter_creator":"@bellunopress","twitter_site":"@bellunopress","twitter_misc":{"\u00c9crit par":"redazione","Dur\u00e9e de lecture estim\u00e9e":"1 minute"},"schema":{"@context":"https:\/\/schema.org","@graph":[{"@type":"Article","@id":"https:\/\/www.bellunopress.it\/2019\/09\/23\/effetto-montagna-martedi-alle-18-30-il-farmacista-ernesto-riva-alla-libreria-tarantola-di-belluno\/#article","isPartOf":{"@id":"https:\/\/www.bellunopress.it\/2019\/09\/23\/effetto-montagna-martedi-alle-18-30-il-farmacista-ernesto-riva-alla-libreria-tarantola-di-belluno\/"},"author":{"name":"redazione","@id":"https:\/\/www.bellunopress.it\/#\/schema\/person\/79bb06722b37ece1c03d3e94beb30d73"},"headline":"Effetto montagna. Marted\u00ec alle 18.30 il farmacista Ernesto Riva alla Libreria Tarantola di Belluno","datePublished":"2019-09-23T19:10:17+00:00","dateModified":"2019-09-24T21:09:38+00:00","mainEntityOfPage":{"@id":"https:\/\/www.bellunopress.it\/2019\/09\/23\/effetto-montagna-martedi-alle-18-30-il-farmacista-ernesto-riva-alla-libreria-tarantola-di-belluno\/"},"wordCount":268,"publisher":{"@id":"https:\/\/www.bellunopress.it\/#organization"},"image":{"@id":"https:\/\/www.bellunopress.it\/2019\/09\/23\/effetto-montagna-martedi-alle-18-30-il-farmacista-ernesto-riva-alla-libreria-tarantola-di-belluno\/#primaryimage"},"thumbnailUrl":"http:\/\/www.bellunopress.it\/wp-content\/uploads\/2017\/10\/libreria-tarantola-inauguraz.jpg","articleSection":["Appuntamenti, Eventi","Arte, Cultura, Spettacoli, Scienza"],"inLanguage":"fr-FR"},{"@type":"WebPage","@id":"https:\/\/www.bellunopress.it\/2019\/09\/23\/effetto-montagna-martedi-alle-18-30-il-farmacista-ernesto-riva-alla-libreria-tarantola-di-belluno\/","url":"https:\/\/www.bellunopress.it\/2019\/09\/23\/effetto-montagna-martedi-alle-18-30-il-farmacista-ernesto-riva-alla-libreria-tarantola-di-belluno\/","name":"Effetto montagna. Marted\u00ec alle 18.30 il farmacista Ernesto Riva alla Libreria Tarantola di Belluno - Bellunopress - Dolomiti","isPartOf":{"@id":"https:\/\/www.bellunopress.it\/#website"},"primaryImageOfPage":{"@id":"https:\/\/www.bellunopress.it\/2019\/09\/23\/effetto-montagna-martedi-alle-18-30-il-farmacista-ernesto-riva-alla-libreria-tarantola-di-belluno\/#primaryimage"},"image":{"@id":"https:\/\/www.bellunopress.it\/2019\/09\/23\/effetto-montagna-martedi-alle-18-30-il-farmacista-ernesto-riva-alla-libreria-tarantola-di-belluno\/#primaryimage"},"thumbnailUrl":"http:\/\/www.bellunopress.it\/wp-content\/uploads\/2017\/10\/libreria-tarantola-inauguraz.jpg","datePublished":"2019-09-23T19:10:17+00:00","dateModified":"2019-09-24T21:09:38+00:00","breadcrumb":{"@id":"https:\/\/www.bellunopress.it\/2019\/09\/23\/effetto-montagna-martedi-alle-18-30-il-farmacista-ernesto-riva-alla-libreria-tarantola-di-belluno\/#breadcrumb"},"inLanguage":"fr-FR","potentialAction":[{"@type":"ReadAction","target":["https:\/\/www.bellunopress.it\/2019\/09\/23\/effetto-montagna-martedi-alle-18-30-il-farmacista-ernesto-riva-alla-libreria-tarantola-di-belluno\/"]}]},{"@type":"ImageObject","inLanguage":"fr-FR","@id":"https:\/\/www.bellunopress.it\/2019\/09\/23\/effetto-montagna-martedi-alle-18-30-il-farmacista-ernesto-riva-alla-libreria-tarantola-di-belluno\/#primaryimage","url":"http:\/\/www.bellunopress.it\/wp-content\/uploads\/2017\/10\/libreria-tarantola-inauguraz.jpg","contentUrl":"http:\/\/www.bellunopress.it\/wp-content\/uploads\/2017\/10\/libreria-tarantola-inauguraz.jpg"},{"@type":"BreadcrumbList","@id":"https:\/\/www.bellunopress.it\/2019\/09\/23\/effetto-montagna-martedi-alle-18-30-il-farmacista-ernesto-riva-alla-libreria-tarantola-di-belluno\/#breadcrumb","itemListElement":[{"@type":"ListItem","position":1,"name":"Home","item":"https:\/\/www.bellunopress.it\/"},{"@type":"ListItem","position":2,"name":"Effetto montagna. Marted\u00ec alle 18.30 il farmacista Ernesto Riva alla Libreria Tarantola di Belluno"}]},{"@type":"WebSite","@id":"https:\/\/www.bellunopress.it\/#website","url":"https:\/\/www.bellunopress.it\/","name":"Bellunopress - Dolomiti","description":"e-mail: redazione@bellunopress.it","publisher":{"@id":"https:\/\/www.bellunopress.it\/#organization"},"potentialAction":[{"@type":"SearchAction","target":{"@type":"EntryPoint","urlTemplate":"https:\/\/www.bellunopress.it\/?s={search_term_string}"},"query-input":{"@type":"PropertyValueSpecification","valueRequired":true,"valueName":"search_term_string"}}],"inLanguage":"fr-FR"},{"@type":"Organization","@id":"https:\/\/www.bellunopress.it\/#organization","name":"Bellunopress","url":"https:\/\/www.bellunopress.it\/","logo":{"@type":"ImageObject","inLanguage":"fr-FR","@id":"https:\/\/www.bellunopress.it\/#\/schema\/logo\/image\/","url":"https:\/\/www.bellunopress.it\/wp-content\/uploads\/2011\/05\/cropped-logo-bellunopress-.jpg","contentUrl":"https:\/\/www.bellunopress.it\/wp-content\/uploads\/2011\/05\/cropped-logo-bellunopress-.jpg","width":512,"height":512,"caption":"Bellunopress"},"image":{"@id":"https:\/\/www.bellunopress.it\/#\/schema\/logo\/image\/"},"sameAs":["https:\/\/www.facebook.com\/profile.php?id=100008943462799","https:\/\/x.com\/bellunopress","https:\/\/www.linkedin.com\/hp\/?dnr=JBzUWaJfMUw8vbXJJ2tVW5-I3jZKvC4wsoxE&amp;amp;amp;amp;amp;amp;trk=nav_responsive_tab_home","https:\/\/www.youtube.com\/channel\/UCxL0wu1uN0_3_7hGG0306cw"]},{"@type":"Person","@id":"https:\/\/www.bellunopress.it\/#\/schema\/person\/79bb06722b37ece1c03d3e94beb30d73","name":"r\u00e9daction","image":{"@type":"ImageObject","inLanguage":"fr-FR","@id":"https:\/\/secure.gravatar.com\/avatar\/37d968a2e67a6fd04c169c4bdef102d0bc5d31b2546345219e348575eb80e9a0?s=96&d=mm&r=g","url":"https:\/\/secure.gravatar.com\/avatar\/37d968a2e67a6fd04c169c4bdef102d0bc5d31b2546345219e348575eb80e9a0?s=96&d=mm&r=g","contentUrl":"https:\/\/secure.gravatar.com\/avatar\/37d968a2e67a6fd04c169c4bdef102d0bc5d31b2546345219e348575eb80e9a0?s=96&d=mm&r=g","caption":"redazione"},"sameAs":["http:\/\/www.bellunopress.it","https:\/\/x.com\/bellunopress"],"url":"https:\/\/www.bellunopress.it\/fr\/author\/redazione\/"}]}},"_links":{"self":[{"href":"https:\/\/www.bellunopress.it\/fr\/wp-json\/wp\/v2\/posts\/108078","targetHints":{"allow":["GET"]}}],"collection":[{"href":"https:\/\/www.bellunopress.it\/fr\/wp-json\/wp\/v2\/posts"}],"about":[{"href":"https:\/\/www.bellunopress.it\/fr\/wp-json\/wp\/v2\/types\/post"}],"author":[{"embeddable":true,"href":"https:\/\/www.bellunopress.it\/fr\/wp-json\/wp\/v2\/users\/2"}],"replies":[{"embeddable":true,"href":"https:\/\/www.bellunopress.it\/fr\/wp-json\/wp\/v2\/comments?post=108078"}],"version-history":[{"count":1,"href":"https:\/\/www.bellunopress.it\/fr\/wp-json\/wp\/v2\/posts\/108078\/revisions"}],"predecessor-version":[{"id":108079,"href":"https:\/\/www.bellunopress.it\/fr\/wp-json\/wp\/v2\/posts\/108078\/revisions\/108079"}],"wp:attachment":[{"href":"https:\/\/www.bellunopress.it\/fr\/wp-json\/wp\/v2\/media?parent=108078"}],"wp:term":[{"taxonomy":"category","embeddable":true,"href":"https:\/\/www.bellunopress.it\/fr\/wp-json\/wp\/v2\/categories?post=108078"},{"taxonomy":"post_tag","embeddable":true,"href":"https:\/\/www.bellunopress.it\/fr\/wp-json\/wp\/v2\/tags?post=108078"}],"curies":[{"name":"wp","href":"https:\/\/api.w.org\/{rel}","templated":true}]}}