{"id":108074,"date":"2019-09-21T20:17:15","date_gmt":"2019-09-21T18:17:15","guid":{"rendered":"http:\/\/www.bellunopress.it\/?p=108074"},"modified":"2019-09-21T20:17:16","modified_gmt":"2019-09-21T18:17:16","slug":"inaugurato-il-balcone-panoramico-sul-monte-rite-dolomiti-unesco","status":"publish","type":"post","link":"https:\/\/www.bellunopress.it\/fr\/2019\/09\/21\/inaugurato-il-balcone-panoramico-sul-monte-rite-dolomiti-unesco\/","title":{"rendered":"Inaugurato il balcone panoramico sul Monte Rite, Dolomiti Unesco"},"content":{"rendered":"<figure id=\"attachment_108075\" aria-describedby=\"caption-attachment-108075\" style=\"width: 300px\" class=\"wp-caption alignleft\"><a href=\"http:\/\/www.bellunopress.it\/fr\/2019\/09\/21\/inaugurato-il-balcone-panoramico-sul-monte-rite-dolomiti-unesco\/balcone-panoramico-monte-rite\/\" rel=\"attachment wp-att-108075\"><img loading=\"lazy\" decoding=\"async\" class=\"size-full wp-image-108075\" src=\"http:\/\/www.bellunopress.it\/wp-content\/uploads\/2019\/09\/balcone-panoramico-monte-rite.jpeg\" alt=\"\" width=\"300\" height=\"225\" \/><\/a><figcaption id=\"caption-attachment-108075\" class=\"wp-caption-text\">Balcone panoramico sul Monte Rite (Foto dal sito dolomitiunesco.info<\/figcaption><\/figure>\n<p>La Provincia di Belluno inaugura oggi il primo dei tre balconi panoramici sulle Dolomiti Unesco. Una terrazza collocata a quota 2.180 metri, sul Monte Rite, per mostrare e raccontare le montagne<br \/>\ntutt\u2019intorno, in una visuale a 360 gradi.<\/p>\n<p>L\u2019iniziativa rientra nel piano \u201cEsposizione Universale Expo 2015. Implementazione della prima parte del progetto \u2018Siti Unesco, Dolomiti Unesco, Laguna di Venezia, Parchi Regionali\u2019. Programmazione delle azioni a regia regionale relative alla valorizzazione del sito Dolomiti Unesco\u201d (Dgr n. 2759 del 29 dicembre 2014), che prevede iniziative per la valorizzazione e la promozione dei principali siti naturalistici regionali di particolare attrattivi, ponendo l\u2019accento in particolare sulle Dolomiti Unesco. La creazione dei balconi panoramici si somma all&#8217;installazione di pannelli promozionali dei siti dolomitici (azione 1 del progetto, &#8220;Integrazione della rete di segnalazione del Sito Dolomiti Unesco&#8221;).<\/p>\n<p>Il balcone panoramico del Monte Rite \u00e8 costituito da un semicerchio metallico. Il visitatore pu\u00f2 osservare il panorama, e contemporaneamente leggere i nomi delle creste tutt\u2019attorno,<br \/>\nriproposti in bassorilievo sul semicerchio.<\/p>\n<p>IL PROGETTO<\/p>\n<p>La Provincia di Belluno (settore Patrimonio e Viabilit\u00e0) si \u00e8 occupata della gestione del progetto, che ha individuato come siti idonei per i tre balconi panoramici il Monte Rite (nei Comuni di Cibiana e Valle di Cadore), il Monte Agudo (in Comune di Auronzo) e la localit\u00e0 Faverghera-Nevegal (in Comune di Belluno).<\/p>\n<p>Per le caratteristiche costitutive e concettuali dell\u2019opera, si \u00e8 fatto riferimento ai contenuti del documento \u201cImplementazione delle linee prioritarie della programmazione strategica generale di gestione del sito Dolomiti Unesco attraverso la realizzazione di punti informativi WHS Unesco in aree Hot Spot per la diffusione della conoscenza del territorio e la sua valorizzazione\u201d, elaborato dalla Fondazione Dolomiti Unesco. La progettazione \u00e8 stata affidata al raggruppamento<br \/>\ntemporaneo di professionisti rappresentato dall\u2019architetto Tommaso Del Zenero. Il progetto ha un importo complessivo (per tutti e tre i balconi pi\u00f9 i pannelli informativi) di 185.000 euro.<\/p>\n<p>Nel dettaglio, il balcone panoramico del Monte Rite \u00e8 stato realizzato in lamiera di acciaio corteo e struttura in calcestruzzo armato. \u00c8 provvisto di bussola panoramica di 360 gradi, con intagliati al laser i profili su tre livelli delle montagne circostanti (verificati sul posto dagli architetti progettisti, dai rappresentanti della Provincia e anche dalle sezioni Cai di competenza). Sono stati realizzati<br \/>\ninoltre i percorsi di accesso, completati con parapetti di protezione in acciaio corteo e pavimentazione in stabilizzato.<\/p>","protected":false},"excerpt":{"rendered":"<p>La Provincia di Belluno inaugura oggi il primo dei tre balconi panoramici sulle Dolomiti Unesco. Una terrazza collocata a quota 2.180 metri, sul Monte Rite, per mostrare e raccontare le montagne tutt\u2019intorno, in una visuale a 360 gradi. L\u2019iniziativa rientra nel piano \u201cEsposizione Universale Expo 2015. Implementazione della prima parte del progetto \u2018Siti Unesco, Dolomiti [&hellip;]<\/p>\n","protected":false},"author":2,"featured_media":0,"comment_status":"closed","ping_status":"open","sticky":false,"template":"","format":"standard","meta":{"footnotes":""},"categories":[36,26,8],"tags":[],"class_list":["post-108074","post","type-post","status-publish","format-standard","category-lavoro-economia","category-prima-pagina","category-societa-istituzioni"],"yoast_head":"<!-- This site is optimized with the Yoast SEO plugin v28.4 - https:\/\/yoast.com\/product\/yoast-seo-wordpress\/ -->\n<title>Inaugurato il balcone panoramico sul Monte Rite, Dolomiti Unesco - Bellunopress - Dolomiti<\/title>\n<meta name=\"robots\" content=\"index, follow, max-snippet:-1, max-image-preview:large, max-video-preview:-1\" \/>\n<link rel=\"canonical\" href=\"https:\/\/www.bellunopress.it\/fr\/2019\/09\/21\/inaugurato-il-balcone-panoramico-sul-monte-rite-dolomiti-unesco\/\" \/>\n<meta property=\"og:locale\" content=\"fr_FR\" \/>\n<meta property=\"og:type\" content=\"article\" \/>\n<meta property=\"og:title\" content=\"Inaugurato il balcone panoramico sul Monte Rite, Dolomiti Unesco - Bellunopress - Dolomiti\" \/>\n<meta property=\"og:description\" content=\"La Provincia di Belluno inaugura oggi il primo dei tre balconi panoramici sulle Dolomiti Unesco. Una terrazza collocata a quota 2.180 metri, sul Monte Rite, per mostrare e raccontare le montagne tutt\u2019intorno, in una visuale a 360 gradi. L\u2019iniziativa rientra nel piano \u201cEsposizione Universale Expo 2015. Implementazione della prima parte del progetto \u2018Siti Unesco, Dolomiti [&hellip;]\" \/>\n<meta property=\"og:url\" content=\"https:\/\/www.bellunopress.it\/fr\/2019\/09\/21\/inaugurato-il-balcone-panoramico-sul-monte-rite-dolomiti-unesco\/\" \/>\n<meta property=\"og:site_name\" content=\"Bellunopress - Dolomiti\" \/>\n<meta property=\"article:publisher\" content=\"https:\/\/www.facebook.com\/profile.php?id=100008943462799\" \/>\n<meta property=\"article:published_time\" content=\"2019-09-21T18:17:15+00:00\" \/>\n<meta property=\"article:modified_time\" content=\"2019-09-21T18:17:16+00:00\" \/>\n<meta property=\"og:image\" content=\"http:\/\/www.bellunopress.it\/wp-content\/uploads\/2019\/09\/balcone-panoramico-monte-rite.jpeg\" \/>\n<meta name=\"author\" content=\"redazione\" \/>\n<meta name=\"twitter:card\" content=\"summary_large_image\" \/>\n<meta name=\"twitter:creator\" content=\"@bellunopress\" \/>\n<meta name=\"twitter:site\" content=\"@bellunopress\" \/>\n<meta name=\"twitter:label1\" content=\"\u00c9crit par\" \/>\n\t<meta name=\"twitter:data1\" content=\"redazione\" \/>\n\t<meta name=\"twitter:label2\" content=\"Dur\u00e9e de lecture estim\u00e9e\" \/>\n\t<meta name=\"twitter:data2\" content=\"2 minutes\" \/>\n<script type=\"application\/ld+json\" class=\"yoast-schema-graph\">{\"@context\":\"https:\\\/\\\/schema.org\",\"@graph\":[{\"@type\":\"Article\",\"@id\":\"https:\\\/\\\/www.bellunopress.it\\\/2019\\\/09\\\/21\\\/inaugurato-il-balcone-panoramico-sul-monte-rite-dolomiti-unesco\\\/#article\",\"isPartOf\":{\"@id\":\"https:\\\/\\\/www.bellunopress.it\\\/2019\\\/09\\\/21\\\/inaugurato-il-balcone-panoramico-sul-monte-rite-dolomiti-unesco\\\/\"},\"author\":{\"name\":\"redazione\",\"@id\":\"https:\\\/\\\/www.bellunopress.it\\\/#\\\/schema\\\/person\\\/79bb06722b37ece1c03d3e94beb30d73\"},\"headline\":\"Inaugurato il balcone panoramico sul Monte Rite, Dolomiti Unesco\",\"datePublished\":\"2019-09-21T18:17:15+00:00\",\"dateModified\":\"2019-09-21T18:17:16+00:00\",\"mainEntityOfPage\":{\"@id\":\"https:\\\/\\\/www.bellunopress.it\\\/2019\\\/09\\\/21\\\/inaugurato-il-balcone-panoramico-sul-monte-rite-dolomiti-unesco\\\/\"},\"wordCount\":404,\"publisher\":{\"@id\":\"https:\\\/\\\/www.bellunopress.it\\\/#organization\"},\"image\":{\"@id\":\"https:\\\/\\\/www.bellunopress.it\\\/2019\\\/09\\\/21\\\/inaugurato-il-balcone-panoramico-sul-monte-rite-dolomiti-unesco\\\/#primaryimage\"},\"thumbnailUrl\":\"http:\\\/\\\/www.bellunopress.it\\\/wp-content\\\/uploads\\\/2019\\\/09\\\/balcone-panoramico-monte-rite.jpeg\",\"articleSection\":[\"Lavoro, Economia, Turismo\",\"Prima Pagina\",\"Societ\u00e0, Associazioni, Istituzioni\"],\"inLanguage\":\"fr-FR\"},{\"@type\":\"WebPage\",\"@id\":\"https:\\\/\\\/www.bellunopress.it\\\/2019\\\/09\\\/21\\\/inaugurato-il-balcone-panoramico-sul-monte-rite-dolomiti-unesco\\\/\",\"url\":\"https:\\\/\\\/www.bellunopress.it\\\/2019\\\/09\\\/21\\\/inaugurato-il-balcone-panoramico-sul-monte-rite-dolomiti-unesco\\\/\",\"name\":\"Inaugurato il balcone panoramico sul Monte Rite, Dolomiti Unesco - Bellunopress - Dolomiti\",\"isPartOf\":{\"@id\":\"https:\\\/\\\/www.bellunopress.it\\\/#website\"},\"primaryImageOfPage\":{\"@id\":\"https:\\\/\\\/www.bellunopress.it\\\/2019\\\/09\\\/21\\\/inaugurato-il-balcone-panoramico-sul-monte-rite-dolomiti-unesco\\\/#primaryimage\"},\"image\":{\"@id\":\"https:\\\/\\\/www.bellunopress.it\\\/2019\\\/09\\\/21\\\/inaugurato-il-balcone-panoramico-sul-monte-rite-dolomiti-unesco\\\/#primaryimage\"},\"thumbnailUrl\":\"http:\\\/\\\/www.bellunopress.it\\\/wp-content\\\/uploads\\\/2019\\\/09\\\/balcone-panoramico-monte-rite.jpeg\",\"datePublished\":\"2019-09-21T18:17:15+00:00\",\"dateModified\":\"2019-09-21T18:17:16+00:00\",\"breadcrumb\":{\"@id\":\"https:\\\/\\\/www.bellunopress.it\\\/2019\\\/09\\\/21\\\/inaugurato-il-balcone-panoramico-sul-monte-rite-dolomiti-unesco\\\/#breadcrumb\"},\"inLanguage\":\"fr-FR\",\"potentialAction\":[{\"@type\":\"ReadAction\",\"target\":[\"https:\\\/\\\/www.bellunopress.it\\\/2019\\\/09\\\/21\\\/inaugurato-il-balcone-panoramico-sul-monte-rite-dolomiti-unesco\\\/\"]}]},{\"@type\":\"ImageObject\",\"inLanguage\":\"fr-FR\",\"@id\":\"https:\\\/\\\/www.bellunopress.it\\\/2019\\\/09\\\/21\\\/inaugurato-il-balcone-panoramico-sul-monte-rite-dolomiti-unesco\\\/#primaryimage\",\"url\":\"http:\\\/\\\/www.bellunopress.it\\\/wp-content\\\/uploads\\\/2019\\\/09\\\/balcone-panoramico-monte-rite.jpeg\",\"contentUrl\":\"http:\\\/\\\/www.bellunopress.it\\\/wp-content\\\/uploads\\\/2019\\\/09\\\/balcone-panoramico-monte-rite.jpeg\"},{\"@type\":\"BreadcrumbList\",\"@id\":\"https:\\\/\\\/www.bellunopress.it\\\/2019\\\/09\\\/21\\\/inaugurato-il-balcone-panoramico-sul-monte-rite-dolomiti-unesco\\\/#breadcrumb\",\"itemListElement\":[{\"@type\":\"ListItem\",\"position\":1,\"name\":\"Home\",\"item\":\"https:\\\/\\\/www.bellunopress.it\\\/\"},{\"@type\":\"ListItem\",\"position\":2,\"name\":\"Inaugurato il balcone panoramico sul Monte Rite, Dolomiti Unesco\"}]},{\"@type\":\"WebSite\",\"@id\":\"https:\\\/\\\/www.bellunopress.it\\\/#website\",\"url\":\"https:\\\/\\\/www.bellunopress.it\\\/\",\"name\":\"Bellunopress - Dolomiti\",\"description\":\"e-mail: redazione@bellunopress.it\",\"publisher\":{\"@id\":\"https:\\\/\\\/www.bellunopress.it\\\/#organization\"},\"potentialAction\":[{\"@type\":\"SearchAction\",\"target\":{\"@type\":\"EntryPoint\",\"urlTemplate\":\"https:\\\/\\\/www.bellunopress.it\\\/?s={search_term_string}\"},\"query-input\":{\"@type\":\"PropertyValueSpecification\",\"valueRequired\":true,\"valueName\":\"search_term_string\"}}],\"inLanguage\":\"fr-FR\"},{\"@type\":\"Organization\",\"@id\":\"https:\\\/\\\/www.bellunopress.it\\\/#organization\",\"name\":\"Bellunopress\",\"url\":\"https:\\\/\\\/www.bellunopress.it\\\/\",\"logo\":{\"@type\":\"ImageObject\",\"inLanguage\":\"fr-FR\",\"@id\":\"https:\\\/\\\/www.bellunopress.it\\\/#\\\/schema\\\/logo\\\/image\\\/\",\"url\":\"https:\\\/\\\/www.bellunopress.it\\\/wp-content\\\/uploads\\\/2011\\\/05\\\/cropped-logo-bellunopress-.jpg\",\"contentUrl\":\"https:\\\/\\\/www.bellunopress.it\\\/wp-content\\\/uploads\\\/2011\\\/05\\\/cropped-logo-bellunopress-.jpg\",\"width\":512,\"height\":512,\"caption\":\"Bellunopress\"},\"image\":{\"@id\":\"https:\\\/\\\/www.bellunopress.it\\\/#\\\/schema\\\/logo\\\/image\\\/\"},\"sameAs\":[\"https:\\\/\\\/www.facebook.com\\\/profile.php?id=100008943462799\",\"https:\\\/\\\/x.com\\\/bellunopress\",\"https:\\\/\\\/www.linkedin.com\\\/hp\\\/?dnr=JBzUWaJfMUw8vbXJJ2tVW5-I3jZKvC4wsoxE&amp;amp;amp;amp;amp;amp;trk=nav_responsive_tab_home\",\"https:\\\/\\\/www.youtube.com\\\/channel\\\/UCxL0wu1uN0_3_7hGG0306cw\"]},{\"@type\":\"Person\",\"@id\":\"https:\\\/\\\/www.bellunopress.it\\\/#\\\/schema\\\/person\\\/79bb06722b37ece1c03d3e94beb30d73\",\"name\":\"redazione\",\"image\":{\"@type\":\"ImageObject\",\"inLanguage\":\"fr-FR\",\"@id\":\"https:\\\/\\\/secure.gravatar.com\\\/avatar\\\/37d968a2e67a6fd04c169c4bdef102d0bc5d31b2546345219e348575eb80e9a0?s=96&d=mm&r=g\",\"url\":\"https:\\\/\\\/secure.gravatar.com\\\/avatar\\\/37d968a2e67a6fd04c169c4bdef102d0bc5d31b2546345219e348575eb80e9a0?s=96&d=mm&r=g\",\"contentUrl\":\"https:\\\/\\\/secure.gravatar.com\\\/avatar\\\/37d968a2e67a6fd04c169c4bdef102d0bc5d31b2546345219e348575eb80e9a0?s=96&d=mm&r=g\",\"caption\":\"redazione\"},\"sameAs\":[\"http:\\\/\\\/www.bellunopress.it\",\"https:\\\/\\\/x.com\\\/bellunopress\"],\"url\":\"https:\\\/\\\/www.bellunopress.it\\\/fr\\\/author\\\/redazione\\\/\"}]}<\/script>\n<!-- \/ Yoast SEO plugin. -->","yoast_head_json":{"title":"Inaugurato il balcone panoramico sul Monte Rite, Dolomiti Unesco - Bellunopress - Dolomiti","robots":{"index":"index","follow":"follow","max-snippet":"max-snippet:-1","max-image-preview":"max-image-preview:large","max-video-preview":"max-video-preview:-1"},"canonical":"https:\/\/www.bellunopress.it\/fr\/2019\/09\/21\/inaugurato-il-balcone-panoramico-sul-monte-rite-dolomiti-unesco\/","og_locale":"fr_FR","og_type":"article","og_title":"Inaugurato il balcone panoramico sul Monte Rite, Dolomiti Unesco - Bellunopress - Dolomiti","og_description":"La Provincia di Belluno inaugura oggi il primo dei tre balconi panoramici sulle Dolomiti Unesco. Una terrazza collocata a quota 2.180 metri, sul Monte Rite, per mostrare e raccontare le montagne tutt\u2019intorno, in una visuale a 360 gradi. L\u2019iniziativa rientra nel piano \u201cEsposizione Universale Expo 2015. Implementazione della prima parte del progetto \u2018Siti Unesco, Dolomiti [&hellip;]","og_url":"https:\/\/www.bellunopress.it\/fr\/2019\/09\/21\/inaugurato-il-balcone-panoramico-sul-monte-rite-dolomiti-unesco\/","og_site_name":"Bellunopress - Dolomiti","article_publisher":"https:\/\/www.facebook.com\/profile.php?id=100008943462799","article_published_time":"2019-09-21T18:17:15+00:00","article_modified_time":"2019-09-21T18:17:16+00:00","og_image":[{"url":"http:\/\/www.bellunopress.it\/wp-content\/uploads\/2019\/09\/balcone-panoramico-monte-rite.jpeg","type":"","width":"","height":""}],"author":"redazione","twitter_card":"summary_large_image","twitter_creator":"@bellunopress","twitter_site":"@bellunopress","twitter_misc":{"\u00c9crit par":"redazione","Dur\u00e9e de lecture estim\u00e9e":"2 minutes"},"schema":{"@context":"https:\/\/schema.org","@graph":[{"@type":"Article","@id":"https:\/\/www.bellunopress.it\/2019\/09\/21\/inaugurato-il-balcone-panoramico-sul-monte-rite-dolomiti-unesco\/#article","isPartOf":{"@id":"https:\/\/www.bellunopress.it\/2019\/09\/21\/inaugurato-il-balcone-panoramico-sul-monte-rite-dolomiti-unesco\/"},"author":{"name":"redazione","@id":"https:\/\/www.bellunopress.it\/#\/schema\/person\/79bb06722b37ece1c03d3e94beb30d73"},"headline":"Inaugurato il balcone panoramico sul Monte Rite, Dolomiti Unesco","datePublished":"2019-09-21T18:17:15+00:00","dateModified":"2019-09-21T18:17:16+00:00","mainEntityOfPage":{"@id":"https:\/\/www.bellunopress.it\/2019\/09\/21\/inaugurato-il-balcone-panoramico-sul-monte-rite-dolomiti-unesco\/"},"wordCount":404,"publisher":{"@id":"https:\/\/www.bellunopress.it\/#organization"},"image":{"@id":"https:\/\/www.bellunopress.it\/2019\/09\/21\/inaugurato-il-balcone-panoramico-sul-monte-rite-dolomiti-unesco\/#primaryimage"},"thumbnailUrl":"http:\/\/www.bellunopress.it\/wp-content\/uploads\/2019\/09\/balcone-panoramico-monte-rite.jpeg","articleSection":["Lavoro, Economia, Turismo","Prima Pagina","Societ\u00e0, Associazioni, Istituzioni"],"inLanguage":"fr-FR"},{"@type":"WebPage","@id":"https:\/\/www.bellunopress.it\/2019\/09\/21\/inaugurato-il-balcone-panoramico-sul-monte-rite-dolomiti-unesco\/","url":"https:\/\/www.bellunopress.it\/2019\/09\/21\/inaugurato-il-balcone-panoramico-sul-monte-rite-dolomiti-unesco\/","name":"Inaugurato il balcone panoramico sul Monte Rite, Dolomiti Unesco - Bellunopress - Dolomiti","isPartOf":{"@id":"https:\/\/www.bellunopress.it\/#website"},"primaryImageOfPage":{"@id":"https:\/\/www.bellunopress.it\/2019\/09\/21\/inaugurato-il-balcone-panoramico-sul-monte-rite-dolomiti-unesco\/#primaryimage"},"image":{"@id":"https:\/\/www.bellunopress.it\/2019\/09\/21\/inaugurato-il-balcone-panoramico-sul-monte-rite-dolomiti-unesco\/#primaryimage"},"thumbnailUrl":"http:\/\/www.bellunopress.it\/wp-content\/uploads\/2019\/09\/balcone-panoramico-monte-rite.jpeg","datePublished":"2019-09-21T18:17:15+00:00","dateModified":"2019-09-21T18:17:16+00:00","breadcrumb":{"@id":"https:\/\/www.bellunopress.it\/2019\/09\/21\/inaugurato-il-balcone-panoramico-sul-monte-rite-dolomiti-unesco\/#breadcrumb"},"inLanguage":"fr-FR","potentialAction":[{"@type":"ReadAction","target":["https:\/\/www.bellunopress.it\/2019\/09\/21\/inaugurato-il-balcone-panoramico-sul-monte-rite-dolomiti-unesco\/"]}]},{"@type":"ImageObject","inLanguage":"fr-FR","@id":"https:\/\/www.bellunopress.it\/2019\/09\/21\/inaugurato-il-balcone-panoramico-sul-monte-rite-dolomiti-unesco\/#primaryimage","url":"http:\/\/www.bellunopress.it\/wp-content\/uploads\/2019\/09\/balcone-panoramico-monte-rite.jpeg","contentUrl":"http:\/\/www.bellunopress.it\/wp-content\/uploads\/2019\/09\/balcone-panoramico-monte-rite.jpeg"},{"@type":"BreadcrumbList","@id":"https:\/\/www.bellunopress.it\/2019\/09\/21\/inaugurato-il-balcone-panoramico-sul-monte-rite-dolomiti-unesco\/#breadcrumb","itemListElement":[{"@type":"ListItem","position":1,"name":"Home","item":"https:\/\/www.bellunopress.it\/"},{"@type":"ListItem","position":2,"name":"Inaugurato il balcone panoramico sul Monte Rite, Dolomiti Unesco"}]},{"@type":"WebSite","@id":"https:\/\/www.bellunopress.it\/#website","url":"https:\/\/www.bellunopress.it\/","name":"Bellunopress - Dolomiti","description":"e-mail: redazione@bellunopress.it","publisher":{"@id":"https:\/\/www.bellunopress.it\/#organization"},"potentialAction":[{"@type":"SearchAction","target":{"@type":"EntryPoint","urlTemplate":"https:\/\/www.bellunopress.it\/?s={search_term_string}"},"query-input":{"@type":"PropertyValueSpecification","valueRequired":true,"valueName":"search_term_string"}}],"inLanguage":"fr-FR"},{"@type":"Organization","@id":"https:\/\/www.bellunopress.it\/#organization","name":"Bellunopress","url":"https:\/\/www.bellunopress.it\/","logo":{"@type":"ImageObject","inLanguage":"fr-FR","@id":"https:\/\/www.bellunopress.it\/#\/schema\/logo\/image\/","url":"https:\/\/www.bellunopress.it\/wp-content\/uploads\/2011\/05\/cropped-logo-bellunopress-.jpg","contentUrl":"https:\/\/www.bellunopress.it\/wp-content\/uploads\/2011\/05\/cropped-logo-bellunopress-.jpg","width":512,"height":512,"caption":"Bellunopress"},"image":{"@id":"https:\/\/www.bellunopress.it\/#\/schema\/logo\/image\/"},"sameAs":["https:\/\/www.facebook.com\/profile.php?id=100008943462799","https:\/\/x.com\/bellunopress","https:\/\/www.linkedin.com\/hp\/?dnr=JBzUWaJfMUw8vbXJJ2tVW5-I3jZKvC4wsoxE&amp;amp;amp;amp;amp;amp;trk=nav_responsive_tab_home","https:\/\/www.youtube.com\/channel\/UCxL0wu1uN0_3_7hGG0306cw"]},{"@type":"Person","@id":"https:\/\/www.bellunopress.it\/#\/schema\/person\/79bb06722b37ece1c03d3e94beb30d73","name":"r\u00e9daction","image":{"@type":"ImageObject","inLanguage":"fr-FR","@id":"https:\/\/secure.gravatar.com\/avatar\/37d968a2e67a6fd04c169c4bdef102d0bc5d31b2546345219e348575eb80e9a0?s=96&d=mm&r=g","url":"https:\/\/secure.gravatar.com\/avatar\/37d968a2e67a6fd04c169c4bdef102d0bc5d31b2546345219e348575eb80e9a0?s=96&d=mm&r=g","contentUrl":"https:\/\/secure.gravatar.com\/avatar\/37d968a2e67a6fd04c169c4bdef102d0bc5d31b2546345219e348575eb80e9a0?s=96&d=mm&r=g","caption":"redazione"},"sameAs":["http:\/\/www.bellunopress.it","https:\/\/x.com\/bellunopress"],"url":"https:\/\/www.bellunopress.it\/fr\/author\/redazione\/"}]}},"_links":{"self":[{"href":"https:\/\/www.bellunopress.it\/fr\/wp-json\/wp\/v2\/posts\/108074","targetHints":{"allow":["GET"]}}],"collection":[{"href":"https:\/\/www.bellunopress.it\/fr\/wp-json\/wp\/v2\/posts"}],"about":[{"href":"https:\/\/www.bellunopress.it\/fr\/wp-json\/wp\/v2\/types\/post"}],"author":[{"embeddable":true,"href":"https:\/\/www.bellunopress.it\/fr\/wp-json\/wp\/v2\/users\/2"}],"replies":[{"embeddable":true,"href":"https:\/\/www.bellunopress.it\/fr\/wp-json\/wp\/v2\/comments?post=108074"}],"version-history":[{"count":2,"href":"https:\/\/www.bellunopress.it\/fr\/wp-json\/wp\/v2\/posts\/108074\/revisions"}],"predecessor-version":[{"id":108077,"href":"https:\/\/www.bellunopress.it\/fr\/wp-json\/wp\/v2\/posts\/108074\/revisions\/108077"}],"wp:attachment":[{"href":"https:\/\/www.bellunopress.it\/fr\/wp-json\/wp\/v2\/media?parent=108074"}],"wp:term":[{"taxonomy":"category","embeddable":true,"href":"https:\/\/www.bellunopress.it\/fr\/wp-json\/wp\/v2\/categories?post=108074"},{"taxonomy":"post_tag","embeddable":true,"href":"https:\/\/www.bellunopress.it\/fr\/wp-json\/wp\/v2\/tags?post=108074"}],"curies":[{"name":"wp","href":"https:\/\/api.w.org\/{rel}","templated":true}]}}