{"id":108055,"date":"2019-09-20T21:10:16","date_gmt":"2019-09-20T19:10:16","guid":{"rendered":"http:\/\/www.bellunopress.it\/?p=108055"},"modified":"2019-09-20T21:10:16","modified_gmt":"2019-09-20T19:10:16","slug":"interventi-di-difesa-dellabitato-di-cancia-a-borca-di-cadore","status":"publish","type":"post","link":"https:\/\/www.bellunopress.it\/fr\/2019\/09\/20\/interventi-di-difesa-dellabitato-di-cancia-a-borca-di-cadore\/","title":{"rendered":"Interventi di difesa dell&#8217;abitato di Cancia a Borca di Cadore"},"content":{"rendered":"<figure id=\"attachment_1866\" aria-describedby=\"caption-attachment-1866\" style=\"width: 270px\" class=\"wp-caption alignleft\"><a href=\"http:\/\/www.bellunopress.it\/fr\/2011\/01\/11\/palazzo-piloni-vota-a-favore-del-passaggio-della-provincia-di-belluno-nel-trentino-alto-adige-bottacin-%c2%abnon-confondete-i-cittadini-sara-un-iter-molto-lungo-e-difficile%c2%bb\/palazzo-piloni-sede-provincia\/\" rel=\"attachment wp-att-1866\"><img loading=\"lazy\" decoding=\"async\" class=\"size-full wp-image-1866\" src=\"http:\/\/www.bellunopress.it\/wp-content\/uploads\/2009\/03\/palazzo-piloni-sede-provincia.jpg\" alt=\"\" width=\"270\" height=\"180\" \/><\/a><figcaption id=\"caption-attachment-1866\" class=\"wp-caption-text\">Palazzo Piloni sede della Provincia<\/figcaption><\/figure>\n<p>Belluno, 20 settembre 2019\u00a0 &#8211;\u00a0 La Provincia di Belluno ha presentato oggi in conferenza stampa gli interventi di difesa dell\u2019abitato di Cancia di Borca di Cadore.<br \/>\nSi tratta del primo stralcio \u201cZona del nodo idraulico Forcella Salvella-Bus del Diau\u201d,<br \/>\nper un importo dei lavori di 2.963.238 euro con un quadro economico di 4.135.000 euro<br \/>\n(seguiranno ulteriori interventi a completamento del progetto complessivo che ammonta a<br \/>\n7.500.000 euro). L\u2019obiettivo dell\u2019intervento \u00e8 la mitigazione del rischio di colata detritica<br \/>\nche interessa il canalone di Cancia e che da anni minaccia le abitazioni sottostanti, la<br \/>\nviabilit\u00e0 comunale e la strada statale 51 di Alemagna.<\/p>\n<p>L\u2019INTERVENTO<br \/>\nLe colate detritiche che scendono dal monte Antelao sono causate da precipitazioni di<br \/>\nbreve durata e forte intensit\u00e0, concentrate prevalentemente nel periodo estivo. La quantit\u00e0<br \/>\npi\u00f9 frequente di materiale mobilizzato con una colata solido-liquida \u00e8 stimata in 10.000 &#8211;<br \/>\n50.000 metri cubi (le massime quantit\u00e0 ipotizzabili, in caso di eventi con tempi di ritorno<br \/>\nsignificativi, sono stimate attorno ai 100.000 metri cubi).<br \/>\nI fenomeni si innescano lungo il canalone, a quota 1.666 metri circa, scendono a valle e si<br \/>\naggravano fortemente a quota 1.300 metri, dove al materiale solido si aggiungono le<br \/>\nacque del rio Bus del Diau, le quali mobilizzano la parte rocciosa e solida di colata<br \/>\npresente per poi trascinarla a valle.<br \/>\nL\u2019intervento consiste nella realizzazione delle seguenti opere:<br \/>\nBriglia frangicolata \u2192 L\u2019opera principale prevista dagli interventi in progetto \u00e8 una briglia<br \/>\nfrangicolata del tipo \u201cSabo dam\u201d. Si tratta di una opera trasversale di trattenuta in cemento<br \/>\narmato di tipo aperto, all\u2019interno della quale sono inseriti elementi in acciaio frangicolata<br \/>\nalti all\u2019incirca 6 metri, funzionali a trattenere i massi pi\u00f9 grandi della colata. Verr\u00e0 realizzata<br \/>\na monte della ridisegnata confluenza tra il Bus del Diau e la colata detritica e servir\u00e0 a<br \/>\nfermare la parte pi\u00f9 consistente della colata prima che raggiunga la componente liquida.<br \/>\nDeviazione Bus del Diau \u2192 \u00c8 previsto il prolungamento del canale, deviando e<br \/>\nspostando la confluenza esistente da 1.362 metri fino a 1.260 metri di quota. L\u2019opera avr\u00e0<br \/>\nuno sviluppo complessivo di 330 metri circa, costituito da tre tratti che termineranno con<br \/>\ntre salti di fondo, l\u2019ultimo dei quali corrisponder\u00e0 alla vasca di dissipazione dell\u2019energia del<br \/>\ncanale in ingresso.<br \/>\nRisagomatura della cosiddetta \u201cRovina di Cancia\u201d \u2192 Con questo intervento si intende<br \/>\nconferire alle possibili colate detritiche un convogliamento il pi\u00f9 possibile centrale rispetto<br \/>\nal canalone, evitando il rischio di sormonto. Il tratto interessato dal progetto avr\u00e0 uno<br \/>\nsviluppo di 70 metri circa e una larghezza variabile a seconda della conformazione del<br \/>\nterreno (comunque non inferiore a 13 metri). Sono previste anche alcune scogliere in<br \/>\nmassi ciclopici a protezione degli argini, sia a monte che a valle della briglia frangicolata.<\/p>\n<p>BREVE CRONOLOGIA DELLA FRANA E DEL PROGETTO<br \/>\nLa frazione di Cancia \u00e8 stata storicamente e ripetutamente interessata da fenomeni di colata<br \/>\ndetritica provenienti dal canalone a monte, denominato \u201cRovina di Cancia\u201d, che in pi\u00f9 occasioni<br \/>\nhanno causato vittime. Nel luglio 1737, ad esempio, una colata caus\u00f2 danni ingenti agli abitati di<br \/>\nSala e Resinego, provocando anche 17 morti. Altre colate importanti risalgono al 27 luglio 1868 e<br \/>\nal gennaio 1948, con la distruzione del paese e numerosi morti.<br \/>\nDel pi\u00f9 recente passato si ricordano i numerosi episodi di innesco della frana avvenuti tra il 1992 e<br \/>\nil 1999 (almeno uno all\u2019anno), con accumuli di detriti nel canale, danni a qualche edificio e alla<br \/>\nStatale 51 di Alemagna sottostante. L\u2019episodio recente pi\u00f9 drammatico risale al 18 luglio 2009,<br \/>\nquando la colata detritica raggiunse le abitazioni e provoc\u00f2 due vittime.<br \/>\nOltre all&#8217;abitato di Cancia, la frana minaccia anche la viabilit\u00e0 comunale, in particolare la strada di<br \/>\naccesso al villaggio Corte di Cadore, e la strada statale di Alemagna, entrambe a rischio di<br \/>\ninterruzione.<br \/>\nFin dal 1987, la Regione Veneto ha realizzato numerose opere di mitigazione, fra cui una piazza di<br \/>\ndeposito, argini, briglie e soglie in gabbioni lungo l&#8217;alveo per ridurre l&#8217;erosione, un sistema di due<br \/>\nvasche di accumulo a fine canalone e un sistema di drenaggio che porta le acque al vicino Rio<br \/>\nMiolei, e da qui al torrente Boite.<br \/>\nIn seguito ai due episodi avvenuti nel 1994 e 1996, che movimentarono rispettivamente circa<br \/>\n25.000 e 45.000 metri cubi di materiale, la Regione istitu\u00ec un Comitato tecnico con lo scopo di<br \/>\nanalizzare a fondo la problematica e individuare le possibili soluzioni strutturali. A conclusione dei<br \/>\nlavori della commissione, venne avviata la progettazione degli interventi strutturali di mitigazione<br \/>\ndel rischio idrogeologico.<br \/>\nIl progetto, approvato nel 2009, prevedeva la costruzione di una vasca di accumulo di materiale<br \/>\ndetritico a valle del canalone, avente una capacit\u00e0 di deposito di oltre 100.000 metri cubi, provvista<br \/>\ndi sistemi di drenaggio della fase liquida, oltre a opere complementari di stabilizzazione del<br \/>\ncanalone.<br \/>\nIl 18 luglio 2009, nell&#8217;imminenza dell&#8217;appalto dei lavori, si verific\u00f2 una colata detritica di circa<br \/>\n50.000 metri cubi, trattenuta solo in parte dalle opere provvisorie realizzate, con conseguente<br \/>\ncedimento di due file di gabbioni della vasca terminale e la tracimazione di una ingente quantit\u00e0 di<br \/>\nmiscela altamente fluida che invest\u00ec alcune abitazioni causando due vittime e molti danni. A<br \/>\nseguito dell\u2019evento, la Regione dispose in somma urgenza il ripristino delle opere di difesa, per di<br \/>\nmettere provvisoriamente in sicurezza l\u2019abitato di Cancia. A seguito dell\u2019episodio si ritenne<br \/>\nopportuno valutare soluzioni alternative a quelle previste in progetto.<br \/>\nIn applicazione dell\u2019art. 85 della Legge Regionale 11 del 2001 venne trasferita alla Provincia di<br \/>\nBelluno la responsabilit\u00e0 del procedimento per l&#8217;individuazione e la progettazione degli interventi di mitigazione sul dissesto idrogeologico.<br \/>\nDalla presa in carico di tutta la problematica di Cancia, la Provincia ha curato costantemente la<br \/>\nmanutenzione ordinaria e straordinaria del canalone, asportando periodicamente il materiale<br \/>\ndepositato nella piazza alta e nelle vasche di contenimento a valle.<br \/>\nLa Provincia di Belluno, acquisita la responsabilit\u00e0 del procedimento, ha avviato una serie di studi<br \/>\ne indagini per analizzare il fenomeno. A seguito dei risultati dello studio \u201cCollaborazione in ricerca<br \/>\nsul sito di Cancia per lo studio e l&#8217;individuazione di soluzioni progettuali per interventi di mitigazione del rischio da colata detritica\u201d, redatto dal CNR-IRPI di Padova nel 2011, fu commissionato a IQT Consulting S.r.l. uno studio di fattibilit\u00e0 generale con l&#8217;obiettivo di individuare gli interventi di mitigazione pi\u00f9 efficaci di riduzione del rischio di colate detritiche sugli abitati a valle del canalone.<br \/>\nSulla base degli esiti dello studio di fattibilit\u00e0, completato nel 2012, fu avviato il progetto preliminare a firma di IQT Consulting S.r.l. con le seguenti finalit\u00e0:<br \/>\n1. aumentare la capacit\u00e0 di trattenuta di materiale sulla piazza di deposito;<br \/>\n2. rimodellare l&#8217;alveo del canalone a valle;<br \/>\n3. spostare pi\u00f9 a valle la confluenza del Bus del Diau;<br \/>\n4. realizzare due briglie selettive e una briglia di trattenuta, con controbriglia di stabilizzazione.<br \/>\nNel 2014 fu approvato il progetto preliminare. Nel 2015 si verificarono due colate detritiche, la<br \/>\nprima il 23 luglio e la seconda il 4 agosto, che depositarono nelle vasche di accumulo quasi 35.000<br \/>\nmetri cubi di materiale. Questi eventi, alla luce anche dei contributi ottenuti dai consulenti scientifici del RUP (i professori ingegneri Paolo Salandin, Francesco Colleselli e Carlo Gregoretti), fornirono ulteriori dati, informazioni e modellazioni che si ritenne utile considerare nella stesura del progetto definitivo, redatto dallo Studio ENCO Ingegneria di Sedico (BL).<br \/>\nGli interventi oggetto di progettazione definitiva riguardarono:<br \/>\n\u2022 il prolungamento dell&#8217;alveo artificiale del Rio Bus del Diau per una lunghezza di circa 250<br \/>\nmetri;<br \/>\n\u2022 la realizzazione di un&#8217;opera di dissipazione in corrispondenza della nuova confluenza fra il<br \/>\nRio Bus del Diau e il canalone;<br \/>\n\u2022 la realizzazione di 3 briglie frangicolata nel tratto di canalone compreso fra la piazza di<br \/>\ndeposito alta e la nuova confluenza del Rio Bus del Diau;<br \/>\n\u2022 il consolidamento del fondo dell&#8217;alveo a valle dell&#8217;opera di dissipazione.<br \/>\nNel 2017 Il progetto fu approvato per un importo complessivo di 7.500.000 euro.<br \/>\nLa Provincia inser\u00ec un primo stralcio dei lavori nella programmazione dell\u2019anno 2018 per un<br \/>\nimporto complessivo di 4.135.000 euro. Lo stralcio prevedeva gli stessi interventi previsti nel<br \/>\nprogetto definitivo, fatte salve due briglie frangicolata. \u00c8 stato dato avvio alla procedura di gara per<br \/>\naffidare la progettazione esecutiva e la direzione lavori, aggiudicate al Raggruppamento<br \/>\nTemporaneo di Professionisti Studio Majone Ingegneri Associati, Studio Cancelli di Milano, Sogen<br \/>\nSrl di Padova, dott. geol. Giorgio Giacchetti di Belluno.<br \/>\nNel 2018 \u00e8 stato approvato il progetto esecutivo, con un importo complessivo di 4.135.000 euro. Il<br \/>\n16 luglio 2019 si \u00e8 conclusa la procedura di appalto e i lavori sono stati affidati all\u2019impresa TMG<br \/>\nScavi Srl di Berbenno in Valtellina (SO), risultata vincitrice della procedura aperta con criterio<br \/>\ndell\u2019offerta economicamente pi\u00f9 vantaggiosa, che si \u00e8 aggiudicata i lavori per un importo netto<br \/>\ncomplessivo di 2.557.444 euro (a seguito del ribasso percentuale praticato del 18,050%). I lavori<br \/>\nsono stati consegnati il giorno stesso. Per il cantiere si prevede una durata di 628 giorni<br \/>\nconsecutivi.<\/p>","protected":false},"excerpt":{"rendered":"<p>Belluno, 20 settembre 2019\u00a0 &#8211;\u00a0 La Provincia di Belluno ha presentato oggi in conferenza stampa gli interventi di difesa dell\u2019abitato di Cancia di Borca di Cadore. Si tratta del primo stralcio \u201cZona del nodo idraulico Forcella Salvella-Bus del Diau\u201d, per un importo dei lavori di 2.963.238 euro con un quadro economico di 4.135.000 euro (seguiranno [&hellip;]<\/p>\n","protected":false},"author":2,"featured_media":0,"comment_status":"closed","ping_status":"open","sticky":false,"template":"","format":"standard","meta":{"footnotes":""},"categories":[5,26,8],"tags":[],"class_list":["post-108055","post","type-post","status-publish","format-standard","category-cronaca","category-prima-pagina","category-societa-istituzioni"],"yoast_head":"<!-- This site is optimized with the Yoast SEO plugin v28.4 - https:\/\/yoast.com\/product\/yoast-seo-wordpress\/ -->\n<title>Interventi di difesa dell&#039;abitato di Cancia a Borca di Cadore - Bellunopress - Dolomiti<\/title>\n<meta name=\"robots\" content=\"index, follow, max-snippet:-1, max-image-preview:large, max-video-preview:-1\" \/>\n<link rel=\"canonical\" href=\"https:\/\/www.bellunopress.it\/fr\/2019\/09\/20\/interventi-di-difesa-dellabitato-di-cancia-a-borca-di-cadore\/\" \/>\n<meta property=\"og:locale\" content=\"fr_FR\" \/>\n<meta property=\"og:type\" content=\"article\" \/>\n<meta property=\"og:title\" content=\"Interventi di difesa dell&#039;abitato di Cancia a Borca di Cadore - Bellunopress - Dolomiti\" \/>\n<meta property=\"og:description\" content=\"Belluno, 20 settembre 2019\u00a0 &#8211;\u00a0 La Provincia di Belluno ha presentato oggi in conferenza stampa gli interventi di difesa dell\u2019abitato di Cancia di Borca di Cadore. Si tratta del primo stralcio \u201cZona del nodo idraulico Forcella Salvella-Bus del Diau\u201d, per un importo dei lavori di 2.963.238 euro con un quadro economico di 4.135.000 euro (seguiranno [&hellip;]\" \/>\n<meta property=\"og:url\" content=\"https:\/\/www.bellunopress.it\/fr\/2019\/09\/20\/interventi-di-difesa-dellabitato-di-cancia-a-borca-di-cadore\/\" \/>\n<meta property=\"og:site_name\" content=\"Bellunopress - Dolomiti\" \/>\n<meta property=\"article:publisher\" content=\"https:\/\/www.facebook.com\/profile.php?id=100008943462799\" \/>\n<meta property=\"article:published_time\" content=\"2019-09-20T19:10:16+00:00\" \/>\n<meta property=\"og:image\" content=\"http:\/\/www.bellunopress.it\/wp-content\/uploads\/2009\/03\/palazzo-piloni-sede-provincia.jpg\" \/>\n<meta name=\"author\" content=\"redazione\" \/>\n<meta name=\"twitter:card\" content=\"summary_large_image\" \/>\n<meta name=\"twitter:creator\" content=\"@bellunopress\" \/>\n<meta name=\"twitter:site\" content=\"@bellunopress\" \/>\n<meta name=\"twitter:label1\" content=\"\u00c9crit par\" \/>\n\t<meta name=\"twitter:data1\" content=\"redazione\" \/>\n\t<meta name=\"twitter:label2\" content=\"Dur\u00e9e de lecture estim\u00e9e\" \/>\n\t<meta name=\"twitter:data2\" content=\"7 minutes\" \/>\n<script type=\"application\/ld+json\" class=\"yoast-schema-graph\">{\"@context\":\"https:\\\/\\\/schema.org\",\"@graph\":[{\"@type\":\"Article\",\"@id\":\"https:\\\/\\\/www.bellunopress.it\\\/2019\\\/09\\\/20\\\/interventi-di-difesa-dellabitato-di-cancia-a-borca-di-cadore\\\/#article\",\"isPartOf\":{\"@id\":\"https:\\\/\\\/www.bellunopress.it\\\/2019\\\/09\\\/20\\\/interventi-di-difesa-dellabitato-di-cancia-a-borca-di-cadore\\\/\"},\"author\":{\"name\":\"redazione\",\"@id\":\"https:\\\/\\\/www.bellunopress.it\\\/#\\\/schema\\\/person\\\/79bb06722b37ece1c03d3e94beb30d73\"},\"headline\":\"Interventi di difesa dell&#8217;abitato di Cancia a Borca di Cadore\",\"datePublished\":\"2019-09-20T19:10:16+00:00\",\"mainEntityOfPage\":{\"@id\":\"https:\\\/\\\/www.bellunopress.it\\\/2019\\\/09\\\/20\\\/interventi-di-difesa-dellabitato-di-cancia-a-borca-di-cadore\\\/\"},\"wordCount\":1438,\"publisher\":{\"@id\":\"https:\\\/\\\/www.bellunopress.it\\\/#organization\"},\"image\":{\"@id\":\"https:\\\/\\\/www.bellunopress.it\\\/2019\\\/09\\\/20\\\/interventi-di-difesa-dellabitato-di-cancia-a-borca-di-cadore\\\/#primaryimage\"},\"thumbnailUrl\":\"http:\\\/\\\/www.bellunopress.it\\\/wp-content\\\/uploads\\\/2009\\\/03\\\/palazzo-piloni-sede-provincia.jpg\",\"articleSection\":[\"Cronaca\\\/Politica\",\"Prima Pagina\",\"Societ\u00e0, Associazioni, Istituzioni\"],\"inLanguage\":\"fr-FR\"},{\"@type\":\"WebPage\",\"@id\":\"https:\\\/\\\/www.bellunopress.it\\\/2019\\\/09\\\/20\\\/interventi-di-difesa-dellabitato-di-cancia-a-borca-di-cadore\\\/\",\"url\":\"https:\\\/\\\/www.bellunopress.it\\\/2019\\\/09\\\/20\\\/interventi-di-difesa-dellabitato-di-cancia-a-borca-di-cadore\\\/\",\"name\":\"Interventi di difesa dell'abitato di Cancia a Borca di Cadore - Bellunopress - Dolomiti\",\"isPartOf\":{\"@id\":\"https:\\\/\\\/www.bellunopress.it\\\/#website\"},\"primaryImageOfPage\":{\"@id\":\"https:\\\/\\\/www.bellunopress.it\\\/2019\\\/09\\\/20\\\/interventi-di-difesa-dellabitato-di-cancia-a-borca-di-cadore\\\/#primaryimage\"},\"image\":{\"@id\":\"https:\\\/\\\/www.bellunopress.it\\\/2019\\\/09\\\/20\\\/interventi-di-difesa-dellabitato-di-cancia-a-borca-di-cadore\\\/#primaryimage\"},\"thumbnailUrl\":\"http:\\\/\\\/www.bellunopress.it\\\/wp-content\\\/uploads\\\/2009\\\/03\\\/palazzo-piloni-sede-provincia.jpg\",\"datePublished\":\"2019-09-20T19:10:16+00:00\",\"breadcrumb\":{\"@id\":\"https:\\\/\\\/www.bellunopress.it\\\/2019\\\/09\\\/20\\\/interventi-di-difesa-dellabitato-di-cancia-a-borca-di-cadore\\\/#breadcrumb\"},\"inLanguage\":\"fr-FR\",\"potentialAction\":[{\"@type\":\"ReadAction\",\"target\":[\"https:\\\/\\\/www.bellunopress.it\\\/2019\\\/09\\\/20\\\/interventi-di-difesa-dellabitato-di-cancia-a-borca-di-cadore\\\/\"]}]},{\"@type\":\"ImageObject\",\"inLanguage\":\"fr-FR\",\"@id\":\"https:\\\/\\\/www.bellunopress.it\\\/2019\\\/09\\\/20\\\/interventi-di-difesa-dellabitato-di-cancia-a-borca-di-cadore\\\/#primaryimage\",\"url\":\"http:\\\/\\\/www.bellunopress.it\\\/wp-content\\\/uploads\\\/2009\\\/03\\\/palazzo-piloni-sede-provincia.jpg\",\"contentUrl\":\"http:\\\/\\\/www.bellunopress.it\\\/wp-content\\\/uploads\\\/2009\\\/03\\\/palazzo-piloni-sede-provincia.jpg\"},{\"@type\":\"BreadcrumbList\",\"@id\":\"https:\\\/\\\/www.bellunopress.it\\\/2019\\\/09\\\/20\\\/interventi-di-difesa-dellabitato-di-cancia-a-borca-di-cadore\\\/#breadcrumb\",\"itemListElement\":[{\"@type\":\"ListItem\",\"position\":1,\"name\":\"Home\",\"item\":\"https:\\\/\\\/www.bellunopress.it\\\/\"},{\"@type\":\"ListItem\",\"position\":2,\"name\":\"Interventi di difesa dell&#8217;abitato di Cancia a Borca di Cadore\"}]},{\"@type\":\"WebSite\",\"@id\":\"https:\\\/\\\/www.bellunopress.it\\\/#website\",\"url\":\"https:\\\/\\\/www.bellunopress.it\\\/\",\"name\":\"Bellunopress - Dolomiti\",\"description\":\"e-mail: redazione@bellunopress.it\",\"publisher\":{\"@id\":\"https:\\\/\\\/www.bellunopress.it\\\/#organization\"},\"potentialAction\":[{\"@type\":\"SearchAction\",\"target\":{\"@type\":\"EntryPoint\",\"urlTemplate\":\"https:\\\/\\\/www.bellunopress.it\\\/?s={search_term_string}\"},\"query-input\":{\"@type\":\"PropertyValueSpecification\",\"valueRequired\":true,\"valueName\":\"search_term_string\"}}],\"inLanguage\":\"fr-FR\"},{\"@type\":\"Organization\",\"@id\":\"https:\\\/\\\/www.bellunopress.it\\\/#organization\",\"name\":\"Bellunopress\",\"url\":\"https:\\\/\\\/www.bellunopress.it\\\/\",\"logo\":{\"@type\":\"ImageObject\",\"inLanguage\":\"fr-FR\",\"@id\":\"https:\\\/\\\/www.bellunopress.it\\\/#\\\/schema\\\/logo\\\/image\\\/\",\"url\":\"https:\\\/\\\/www.bellunopress.it\\\/wp-content\\\/uploads\\\/2011\\\/05\\\/cropped-logo-bellunopress-.jpg\",\"contentUrl\":\"https:\\\/\\\/www.bellunopress.it\\\/wp-content\\\/uploads\\\/2011\\\/05\\\/cropped-logo-bellunopress-.jpg\",\"width\":512,\"height\":512,\"caption\":\"Bellunopress\"},\"image\":{\"@id\":\"https:\\\/\\\/www.bellunopress.it\\\/#\\\/schema\\\/logo\\\/image\\\/\"},\"sameAs\":[\"https:\\\/\\\/www.facebook.com\\\/profile.php?id=100008943462799\",\"https:\\\/\\\/x.com\\\/bellunopress\",\"https:\\\/\\\/www.linkedin.com\\\/hp\\\/?dnr=JBzUWaJfMUw8vbXJJ2tVW5-I3jZKvC4wsoxE&amp;amp;amp;amp;amp;amp;trk=nav_responsive_tab_home\",\"https:\\\/\\\/www.youtube.com\\\/channel\\\/UCxL0wu1uN0_3_7hGG0306cw\"]},{\"@type\":\"Person\",\"@id\":\"https:\\\/\\\/www.bellunopress.it\\\/#\\\/schema\\\/person\\\/79bb06722b37ece1c03d3e94beb30d73\",\"name\":\"redazione\",\"image\":{\"@type\":\"ImageObject\",\"inLanguage\":\"fr-FR\",\"@id\":\"https:\\\/\\\/secure.gravatar.com\\\/avatar\\\/37d968a2e67a6fd04c169c4bdef102d0bc5d31b2546345219e348575eb80e9a0?s=96&d=mm&r=g\",\"url\":\"https:\\\/\\\/secure.gravatar.com\\\/avatar\\\/37d968a2e67a6fd04c169c4bdef102d0bc5d31b2546345219e348575eb80e9a0?s=96&d=mm&r=g\",\"contentUrl\":\"https:\\\/\\\/secure.gravatar.com\\\/avatar\\\/37d968a2e67a6fd04c169c4bdef102d0bc5d31b2546345219e348575eb80e9a0?s=96&d=mm&r=g\",\"caption\":\"redazione\"},\"sameAs\":[\"http:\\\/\\\/www.bellunopress.it\",\"https:\\\/\\\/x.com\\\/bellunopress\"],\"url\":\"https:\\\/\\\/www.bellunopress.it\\\/fr\\\/author\\\/redazione\\\/\"}]}<\/script>\n<!-- \/ Yoast SEO plugin. -->","yoast_head_json":{"title":"Interventi di difesa dell'abitato di Cancia a Borca di Cadore - Bellunopress - Dolomiti","robots":{"index":"index","follow":"follow","max-snippet":"max-snippet:-1","max-image-preview":"max-image-preview:large","max-video-preview":"max-video-preview:-1"},"canonical":"https:\/\/www.bellunopress.it\/fr\/2019\/09\/20\/interventi-di-difesa-dellabitato-di-cancia-a-borca-di-cadore\/","og_locale":"fr_FR","og_type":"article","og_title":"Interventi di difesa dell'abitato di Cancia a Borca di Cadore - Bellunopress - Dolomiti","og_description":"Belluno, 20 settembre 2019\u00a0 &#8211;\u00a0 La Provincia di Belluno ha presentato oggi in conferenza stampa gli interventi di difesa dell\u2019abitato di Cancia di Borca di Cadore. Si tratta del primo stralcio \u201cZona del nodo idraulico Forcella Salvella-Bus del Diau\u201d, per un importo dei lavori di 2.963.238 euro con un quadro economico di 4.135.000 euro (seguiranno [&hellip;]","og_url":"https:\/\/www.bellunopress.it\/fr\/2019\/09\/20\/interventi-di-difesa-dellabitato-di-cancia-a-borca-di-cadore\/","og_site_name":"Bellunopress - Dolomiti","article_publisher":"https:\/\/www.facebook.com\/profile.php?id=100008943462799","article_published_time":"2019-09-20T19:10:16+00:00","og_image":[{"url":"http:\/\/www.bellunopress.it\/wp-content\/uploads\/2009\/03\/palazzo-piloni-sede-provincia.jpg","type":"","width":"","height":""}],"author":"redazione","twitter_card":"summary_large_image","twitter_creator":"@bellunopress","twitter_site":"@bellunopress","twitter_misc":{"\u00c9crit par":"redazione","Dur\u00e9e de lecture estim\u00e9e":"7 minutes"},"schema":{"@context":"https:\/\/schema.org","@graph":[{"@type":"Article","@id":"https:\/\/www.bellunopress.it\/2019\/09\/20\/interventi-di-difesa-dellabitato-di-cancia-a-borca-di-cadore\/#article","isPartOf":{"@id":"https:\/\/www.bellunopress.it\/2019\/09\/20\/interventi-di-difesa-dellabitato-di-cancia-a-borca-di-cadore\/"},"author":{"name":"redazione","@id":"https:\/\/www.bellunopress.it\/#\/schema\/person\/79bb06722b37ece1c03d3e94beb30d73"},"headline":"Interventi di difesa dell&#8217;abitato di Cancia a Borca di Cadore","datePublished":"2019-09-20T19:10:16+00:00","mainEntityOfPage":{"@id":"https:\/\/www.bellunopress.it\/2019\/09\/20\/interventi-di-difesa-dellabitato-di-cancia-a-borca-di-cadore\/"},"wordCount":1438,"publisher":{"@id":"https:\/\/www.bellunopress.it\/#organization"},"image":{"@id":"https:\/\/www.bellunopress.it\/2019\/09\/20\/interventi-di-difesa-dellabitato-di-cancia-a-borca-di-cadore\/#primaryimage"},"thumbnailUrl":"http:\/\/www.bellunopress.it\/wp-content\/uploads\/2009\/03\/palazzo-piloni-sede-provincia.jpg","articleSection":["Cronaca\/Politica","Prima Pagina","Societ\u00e0, Associazioni, Istituzioni"],"inLanguage":"fr-FR"},{"@type":"WebPage","@id":"https:\/\/www.bellunopress.it\/2019\/09\/20\/interventi-di-difesa-dellabitato-di-cancia-a-borca-di-cadore\/","url":"https:\/\/www.bellunopress.it\/2019\/09\/20\/interventi-di-difesa-dellabitato-di-cancia-a-borca-di-cadore\/","name":"Interventi di difesa dell'abitato di Cancia a Borca di Cadore - Bellunopress - Dolomiti","isPartOf":{"@id":"https:\/\/www.bellunopress.it\/#website"},"primaryImageOfPage":{"@id":"https:\/\/www.bellunopress.it\/2019\/09\/20\/interventi-di-difesa-dellabitato-di-cancia-a-borca-di-cadore\/#primaryimage"},"image":{"@id":"https:\/\/www.bellunopress.it\/2019\/09\/20\/interventi-di-difesa-dellabitato-di-cancia-a-borca-di-cadore\/#primaryimage"},"thumbnailUrl":"http:\/\/www.bellunopress.it\/wp-content\/uploads\/2009\/03\/palazzo-piloni-sede-provincia.jpg","datePublished":"2019-09-20T19:10:16+00:00","breadcrumb":{"@id":"https:\/\/www.bellunopress.it\/2019\/09\/20\/interventi-di-difesa-dellabitato-di-cancia-a-borca-di-cadore\/#breadcrumb"},"inLanguage":"fr-FR","potentialAction":[{"@type":"ReadAction","target":["https:\/\/www.bellunopress.it\/2019\/09\/20\/interventi-di-difesa-dellabitato-di-cancia-a-borca-di-cadore\/"]}]},{"@type":"ImageObject","inLanguage":"fr-FR","@id":"https:\/\/www.bellunopress.it\/2019\/09\/20\/interventi-di-difesa-dellabitato-di-cancia-a-borca-di-cadore\/#primaryimage","url":"http:\/\/www.bellunopress.it\/wp-content\/uploads\/2009\/03\/palazzo-piloni-sede-provincia.jpg","contentUrl":"http:\/\/www.bellunopress.it\/wp-content\/uploads\/2009\/03\/palazzo-piloni-sede-provincia.jpg"},{"@type":"BreadcrumbList","@id":"https:\/\/www.bellunopress.it\/2019\/09\/20\/interventi-di-difesa-dellabitato-di-cancia-a-borca-di-cadore\/#breadcrumb","itemListElement":[{"@type":"ListItem","position":1,"name":"Home","item":"https:\/\/www.bellunopress.it\/"},{"@type":"ListItem","position":2,"name":"Interventi di difesa dell&#8217;abitato di Cancia a Borca di Cadore"}]},{"@type":"WebSite","@id":"https:\/\/www.bellunopress.it\/#website","url":"https:\/\/www.bellunopress.it\/","name":"Bellunopress - Dolomiti","description":"e-mail: redazione@bellunopress.it","publisher":{"@id":"https:\/\/www.bellunopress.it\/#organization"},"potentialAction":[{"@type":"SearchAction","target":{"@type":"EntryPoint","urlTemplate":"https:\/\/www.bellunopress.it\/?s={search_term_string}"},"query-input":{"@type":"PropertyValueSpecification","valueRequired":true,"valueName":"search_term_string"}}],"inLanguage":"fr-FR"},{"@type":"Organization","@id":"https:\/\/www.bellunopress.it\/#organization","name":"Bellunopress","url":"https:\/\/www.bellunopress.it\/","logo":{"@type":"ImageObject","inLanguage":"fr-FR","@id":"https:\/\/www.bellunopress.it\/#\/schema\/logo\/image\/","url":"https:\/\/www.bellunopress.it\/wp-content\/uploads\/2011\/05\/cropped-logo-bellunopress-.jpg","contentUrl":"https:\/\/www.bellunopress.it\/wp-content\/uploads\/2011\/05\/cropped-logo-bellunopress-.jpg","width":512,"height":512,"caption":"Bellunopress"},"image":{"@id":"https:\/\/www.bellunopress.it\/#\/schema\/logo\/image\/"},"sameAs":["https:\/\/www.facebook.com\/profile.php?id=100008943462799","https:\/\/x.com\/bellunopress","https:\/\/www.linkedin.com\/hp\/?dnr=JBzUWaJfMUw8vbXJJ2tVW5-I3jZKvC4wsoxE&amp;amp;amp;amp;amp;amp;trk=nav_responsive_tab_home","https:\/\/www.youtube.com\/channel\/UCxL0wu1uN0_3_7hGG0306cw"]},{"@type":"Person","@id":"https:\/\/www.bellunopress.it\/#\/schema\/person\/79bb06722b37ece1c03d3e94beb30d73","name":"r\u00e9daction","image":{"@type":"ImageObject","inLanguage":"fr-FR","@id":"https:\/\/secure.gravatar.com\/avatar\/37d968a2e67a6fd04c169c4bdef102d0bc5d31b2546345219e348575eb80e9a0?s=96&d=mm&r=g","url":"https:\/\/secure.gravatar.com\/avatar\/37d968a2e67a6fd04c169c4bdef102d0bc5d31b2546345219e348575eb80e9a0?s=96&d=mm&r=g","contentUrl":"https:\/\/secure.gravatar.com\/avatar\/37d968a2e67a6fd04c169c4bdef102d0bc5d31b2546345219e348575eb80e9a0?s=96&d=mm&r=g","caption":"redazione"},"sameAs":["http:\/\/www.bellunopress.it","https:\/\/x.com\/bellunopress"],"url":"https:\/\/www.bellunopress.it\/fr\/author\/redazione\/"}]}},"_links":{"self":[{"href":"https:\/\/www.bellunopress.it\/fr\/wp-json\/wp\/v2\/posts\/108055","targetHints":{"allow":["GET"]}}],"collection":[{"href":"https:\/\/www.bellunopress.it\/fr\/wp-json\/wp\/v2\/posts"}],"about":[{"href":"https:\/\/www.bellunopress.it\/fr\/wp-json\/wp\/v2\/types\/post"}],"author":[{"embeddable":true,"href":"https:\/\/www.bellunopress.it\/fr\/wp-json\/wp\/v2\/users\/2"}],"replies":[{"embeddable":true,"href":"https:\/\/www.bellunopress.it\/fr\/wp-json\/wp\/v2\/comments?post=108055"}],"version-history":[{"count":1,"href":"https:\/\/www.bellunopress.it\/fr\/wp-json\/wp\/v2\/posts\/108055\/revisions"}],"predecessor-version":[{"id":108056,"href":"https:\/\/www.bellunopress.it\/fr\/wp-json\/wp\/v2\/posts\/108055\/revisions\/108056"}],"wp:attachment":[{"href":"https:\/\/www.bellunopress.it\/fr\/wp-json\/wp\/v2\/media?parent=108055"}],"wp:term":[{"taxonomy":"category","embeddable":true,"href":"https:\/\/www.bellunopress.it\/fr\/wp-json\/wp\/v2\/categories?post=108055"},{"taxonomy":"post_tag","embeddable":true,"href":"https:\/\/www.bellunopress.it\/fr\/wp-json\/wp\/v2\/tags?post=108055"}],"curies":[{"name":"wp","href":"https:\/\/api.w.org\/{rel}","templated":true}]}}