{"id":108051,"date":"2019-09-20T20:29:12","date_gmt":"2019-09-20T18:29:12","guid":{"rendered":"http:\/\/www.bellunopress.it\/?p=108051"},"modified":"2019-09-20T20:29:13","modified_gmt":"2019-09-20T18:29:13","slug":"terzo-e-ultimo-appuntamento-con-le-cene-in-biblioteca-martedi-serata-dedicata-alla-contrada-santo-stefano-tra-serviti-e-mercanti","status":"publish","type":"post","link":"https:\/\/www.bellunopress.it\/fr\/2019\/09\/20\/terzo-e-ultimo-appuntamento-con-le-cene-in-biblioteca-martedi-serata-dedicata-alla-contrada-santo-stefano-tra-serviti-e-mercanti\/","title":{"rendered":"Terzo e ultimo appuntamento con le \u201cCene in Biblioteca\u201d. Marted\u00ec serata dedicata alla contrada Santo Stefano, tra Serviti e mercanti"},"content":{"rendered":"<p>Terzo e ultimo appuntamento con la settima edizione delle \u201cCene in Biblioteca\u201d marted\u00ec 24 settembre alle 19.30 presso la Biblioteca Civica di Belluno.<\/p>\n<p><a href=\"http:\/\/www.bellunopress.it\/fr\/2019\/09\/20\/terzo-e-ultimo-appuntamento-con-le-cene-in-biblioteca-martedi-serata-dedicata-alla-contrada-santo-stefano-tra-serviti-e-mercanti\/santo-stefano-le-scalette\/\" rel=\"attachment wp-att-108052\"><img loading=\"lazy\" decoding=\"async\" class=\"alignleft size-full wp-image-108052\" src=\"http:\/\/www.bellunopress.it\/wp-content\/uploads\/2019\/09\/santo-stefano-le-scalette.jpg\" alt=\"\" width=\"300\" height=\"225\" \/><\/a>Il tema della serata, \u201cContrada Santo Stefano: tra Serviti e mercanti\u201d, verr\u00e0 analizzato dalla guida turistica Marta Azzalini che accompagner\u00e0 i partecipanti alla scoperta di questa storica area di Belluno che oggi si sviluppa da Via Roma, attraverso Piazzetta Santo Stefano per raggiungere Borgo Pr\u00e0.<br \/>\nUna zona di Belluno dove in epoca romana sorgeva l\u2019area cimiteriale e dove \u00e8 stato ritrovato, a seguito degli scavi per realizzare il campanile della chiesa di Santo Stefano, il celebre sarcofago di Flavio Ostilio oggi ospitato a Palazzo Crepadona. Tutta l\u2019area ha avuto un forte sviluppo a partire dal Quattrocento e in particolare con l\u2019edificazione della chiesa dell\u2019ordine dei Serviti, punto di collegamento tra il centro cittadino e l\u2019area protoindustriale di Belluno, lungo il torrente Ardo dove sorgevano fucine, mulini, folli, segherie e concerie.<\/p>\n<p>A seguire, si potranno gustare i \u201cCap\u00e8i del prete\u201d accompagnati da una salsa alle cipolle e da aperitivi caldi e freddi realizzati dallo chef Mauro Cavalet della Trattoria L\u2019Oasi di Limana.<br \/>\nSi terminer\u00e0 come di consueto con una particolare passeggiata notturna in citt\u00e0 per osservare di persona le modifiche subite nei secoli dalla contrada.<\/p>\n<p>Per partecipare alle serate \u00e8 obbligatoria la prenotazione presso la sede della Biblioteca (Via Ripa 3, Belluno) al costo di 20 euro a persona.<br \/>\nSono escluse le prenotazioni telefoniche o via e-mail.<br \/>\nInfo: email biblioteca@comune.belluno.it o telefono 0437 948093.<\/p>","protected":false},"excerpt":{"rendered":"<p>Terzo e ultimo appuntamento con la settima edizione delle \u201cCene in Biblioteca\u201d marted\u00ec 24 settembre alle 19.30 presso la Biblioteca Civica di Belluno. Il tema della serata, \u201cContrada Santo Stefano: tra Serviti e mercanti\u201d, verr\u00e0 analizzato dalla guida turistica Marta Azzalini che accompagner\u00e0 i partecipanti alla scoperta di questa storica area di Belluno che oggi [&hellip;]<\/p>\n","protected":false},"author":2,"featured_media":0,"comment_status":"closed","ping_status":"open","sticky":false,"template":"","format":"standard","meta":{"footnotes":""},"categories":[27,3,25],"tags":[],"class_list":["post-108051","post","type-post","status-publish","format-standard","category-appuntamenti","category-arte-cultura-spettacoli-scienza-archivi","category-pausa-caffe"],"yoast_head":"<!-- This site is optimized with the Yoast SEO plugin v28.4 - https:\/\/yoast.com\/product\/yoast-seo-wordpress\/ -->\n<title>Terzo e ultimo appuntamento con le \u201cCene in Biblioteca\u201d. Marted\u00ec serata dedicata alla contrada Santo Stefano, tra Serviti e mercanti - Bellunopress - Dolomiti<\/title>\n<meta name=\"robots\" content=\"index, follow, max-snippet:-1, max-image-preview:large, max-video-preview:-1\" \/>\n<link rel=\"canonical\" href=\"https:\/\/www.bellunopress.it\/fr\/2019\/09\/20\/terzo-e-ultimo-appuntamento-con-le-cene-in-biblioteca-martedi-serata-dedicata-alla-contrada-santo-stefano-tra-serviti-e-mercanti\/\" \/>\n<meta property=\"og:locale\" content=\"fr_FR\" \/>\n<meta property=\"og:type\" content=\"article\" \/>\n<meta property=\"og:title\" content=\"Terzo e ultimo appuntamento con le \u201cCene in Biblioteca\u201d. Marted\u00ec serata dedicata alla contrada Santo Stefano, tra Serviti e mercanti - Bellunopress - Dolomiti\" \/>\n<meta property=\"og:description\" content=\"Terzo e ultimo appuntamento con la settima edizione delle \u201cCene in Biblioteca\u201d marted\u00ec 24 settembre alle 19.30 presso la Biblioteca Civica di Belluno. Il tema della serata, \u201cContrada Santo Stefano: tra Serviti e mercanti\u201d, verr\u00e0 analizzato dalla guida turistica Marta Azzalini che accompagner\u00e0 i partecipanti alla scoperta di questa storica area di Belluno che oggi [&hellip;]\" \/>\n<meta property=\"og:url\" content=\"https:\/\/www.bellunopress.it\/fr\/2019\/09\/20\/terzo-e-ultimo-appuntamento-con-le-cene-in-biblioteca-martedi-serata-dedicata-alla-contrada-santo-stefano-tra-serviti-e-mercanti\/\" \/>\n<meta property=\"og:site_name\" content=\"Bellunopress - Dolomiti\" \/>\n<meta property=\"article:publisher\" content=\"https:\/\/www.facebook.com\/profile.php?id=100008943462799\" \/>\n<meta property=\"article:published_time\" content=\"2019-09-20T18:29:12+00:00\" \/>\n<meta property=\"article:modified_time\" content=\"2019-09-20T18:29:13+00:00\" \/>\n<meta property=\"og:image\" content=\"http:\/\/www.bellunopress.it\/wp-content\/uploads\/2019\/09\/santo-stefano-le-scalette.jpg\" \/>\n<meta name=\"author\" content=\"redazione\" \/>\n<meta name=\"twitter:card\" content=\"summary_large_image\" \/>\n<meta name=\"twitter:creator\" content=\"@bellunopress\" \/>\n<meta name=\"twitter:site\" content=\"@bellunopress\" \/>\n<meta name=\"twitter:label1\" content=\"\u00c9crit par\" \/>\n\t<meta name=\"twitter:data1\" content=\"redazione\" \/>\n\t<meta name=\"twitter:label2\" content=\"Dur\u00e9e de lecture estim\u00e9e\" \/>\n\t<meta name=\"twitter:data2\" content=\"1 minute\" \/>\n<script type=\"application\/ld+json\" class=\"yoast-schema-graph\">{\"@context\":\"https:\\\/\\\/schema.org\",\"@graph\":[{\"@type\":\"Article\",\"@id\":\"https:\\\/\\\/www.bellunopress.it\\\/2019\\\/09\\\/20\\\/terzo-e-ultimo-appuntamento-con-le-cene-in-biblioteca-martedi-serata-dedicata-alla-contrada-santo-stefano-tra-serviti-e-mercanti\\\/#article\",\"isPartOf\":{\"@id\":\"https:\\\/\\\/www.bellunopress.it\\\/2019\\\/09\\\/20\\\/terzo-e-ultimo-appuntamento-con-le-cene-in-biblioteca-martedi-serata-dedicata-alla-contrada-santo-stefano-tra-serviti-e-mercanti\\\/\"},\"author\":{\"name\":\"redazione\",\"@id\":\"https:\\\/\\\/www.bellunopress.it\\\/#\\\/schema\\\/person\\\/79bb06722b37ece1c03d3e94beb30d73\"},\"headline\":\"Terzo e ultimo appuntamento con le \u201cCene in Biblioteca\u201d. Marted\u00ec serata dedicata alla contrada Santo Stefano, tra Serviti e mercanti\",\"datePublished\":\"2019-09-20T18:29:12+00:00\",\"dateModified\":\"2019-09-20T18:29:13+00:00\",\"mainEntityOfPage\":{\"@id\":\"https:\\\/\\\/www.bellunopress.it\\\/2019\\\/09\\\/20\\\/terzo-e-ultimo-appuntamento-con-le-cene-in-biblioteca-martedi-serata-dedicata-alla-contrada-santo-stefano-tra-serviti-e-mercanti\\\/\"},\"wordCount\":268,\"publisher\":{\"@id\":\"https:\\\/\\\/www.bellunopress.it\\\/#organization\"},\"image\":{\"@id\":\"https:\\\/\\\/www.bellunopress.it\\\/2019\\\/09\\\/20\\\/terzo-e-ultimo-appuntamento-con-le-cene-in-biblioteca-martedi-serata-dedicata-alla-contrada-santo-stefano-tra-serviti-e-mercanti\\\/#primaryimage\"},\"thumbnailUrl\":\"http:\\\/\\\/www.bellunopress.it\\\/wp-content\\\/uploads\\\/2019\\\/09\\\/santo-stefano-le-scalette.jpg\",\"articleSection\":[\"Appuntamenti, Eventi\",\"Arte, Cultura, Spettacoli, Scienza\",\"Pausa Caff\u00e8\"],\"inLanguage\":\"fr-FR\"},{\"@type\":\"WebPage\",\"@id\":\"https:\\\/\\\/www.bellunopress.it\\\/2019\\\/09\\\/20\\\/terzo-e-ultimo-appuntamento-con-le-cene-in-biblioteca-martedi-serata-dedicata-alla-contrada-santo-stefano-tra-serviti-e-mercanti\\\/\",\"url\":\"https:\\\/\\\/www.bellunopress.it\\\/2019\\\/09\\\/20\\\/terzo-e-ultimo-appuntamento-con-le-cene-in-biblioteca-martedi-serata-dedicata-alla-contrada-santo-stefano-tra-serviti-e-mercanti\\\/\",\"name\":\"Terzo e ultimo appuntamento con le \u201cCene in Biblioteca\u201d. Marted\u00ec serata dedicata alla contrada Santo Stefano, tra Serviti e mercanti - Bellunopress - Dolomiti\",\"isPartOf\":{\"@id\":\"https:\\\/\\\/www.bellunopress.it\\\/#website\"},\"primaryImageOfPage\":{\"@id\":\"https:\\\/\\\/www.bellunopress.it\\\/2019\\\/09\\\/20\\\/terzo-e-ultimo-appuntamento-con-le-cene-in-biblioteca-martedi-serata-dedicata-alla-contrada-santo-stefano-tra-serviti-e-mercanti\\\/#primaryimage\"},\"image\":{\"@id\":\"https:\\\/\\\/www.bellunopress.it\\\/2019\\\/09\\\/20\\\/terzo-e-ultimo-appuntamento-con-le-cene-in-biblioteca-martedi-serata-dedicata-alla-contrada-santo-stefano-tra-serviti-e-mercanti\\\/#primaryimage\"},\"thumbnailUrl\":\"http:\\\/\\\/www.bellunopress.it\\\/wp-content\\\/uploads\\\/2019\\\/09\\\/santo-stefano-le-scalette.jpg\",\"datePublished\":\"2019-09-20T18:29:12+00:00\",\"dateModified\":\"2019-09-20T18:29:13+00:00\",\"breadcrumb\":{\"@id\":\"https:\\\/\\\/www.bellunopress.it\\\/2019\\\/09\\\/20\\\/terzo-e-ultimo-appuntamento-con-le-cene-in-biblioteca-martedi-serata-dedicata-alla-contrada-santo-stefano-tra-serviti-e-mercanti\\\/#breadcrumb\"},\"inLanguage\":\"fr-FR\",\"potentialAction\":[{\"@type\":\"ReadAction\",\"target\":[\"https:\\\/\\\/www.bellunopress.it\\\/2019\\\/09\\\/20\\\/terzo-e-ultimo-appuntamento-con-le-cene-in-biblioteca-martedi-serata-dedicata-alla-contrada-santo-stefano-tra-serviti-e-mercanti\\\/\"]}]},{\"@type\":\"ImageObject\",\"inLanguage\":\"fr-FR\",\"@id\":\"https:\\\/\\\/www.bellunopress.it\\\/2019\\\/09\\\/20\\\/terzo-e-ultimo-appuntamento-con-le-cene-in-biblioteca-martedi-serata-dedicata-alla-contrada-santo-stefano-tra-serviti-e-mercanti\\\/#primaryimage\",\"url\":\"http:\\\/\\\/www.bellunopress.it\\\/wp-content\\\/uploads\\\/2019\\\/09\\\/santo-stefano-le-scalette.jpg\",\"contentUrl\":\"http:\\\/\\\/www.bellunopress.it\\\/wp-content\\\/uploads\\\/2019\\\/09\\\/santo-stefano-le-scalette.jpg\"},{\"@type\":\"BreadcrumbList\",\"@id\":\"https:\\\/\\\/www.bellunopress.it\\\/2019\\\/09\\\/20\\\/terzo-e-ultimo-appuntamento-con-le-cene-in-biblioteca-martedi-serata-dedicata-alla-contrada-santo-stefano-tra-serviti-e-mercanti\\\/#breadcrumb\",\"itemListElement\":[{\"@type\":\"ListItem\",\"position\":1,\"name\":\"Home\",\"item\":\"https:\\\/\\\/www.bellunopress.it\\\/\"},{\"@type\":\"ListItem\",\"position\":2,\"name\":\"Terzo e ultimo appuntamento con le \u201cCene in Biblioteca\u201d. Marted\u00ec serata dedicata alla contrada Santo Stefano, tra Serviti e mercanti\"}]},{\"@type\":\"WebSite\",\"@id\":\"https:\\\/\\\/www.bellunopress.it\\\/#website\",\"url\":\"https:\\\/\\\/www.bellunopress.it\\\/\",\"name\":\"Bellunopress - Dolomiti\",\"description\":\"e-mail: redazione@bellunopress.it\",\"publisher\":{\"@id\":\"https:\\\/\\\/www.bellunopress.it\\\/#organization\"},\"potentialAction\":[{\"@type\":\"SearchAction\",\"target\":{\"@type\":\"EntryPoint\",\"urlTemplate\":\"https:\\\/\\\/www.bellunopress.it\\\/?s={search_term_string}\"},\"query-input\":{\"@type\":\"PropertyValueSpecification\",\"valueRequired\":true,\"valueName\":\"search_term_string\"}}],\"inLanguage\":\"fr-FR\"},{\"@type\":\"Organization\",\"@id\":\"https:\\\/\\\/www.bellunopress.it\\\/#organization\",\"name\":\"Bellunopress\",\"url\":\"https:\\\/\\\/www.bellunopress.it\\\/\",\"logo\":{\"@type\":\"ImageObject\",\"inLanguage\":\"fr-FR\",\"@id\":\"https:\\\/\\\/www.bellunopress.it\\\/#\\\/schema\\\/logo\\\/image\\\/\",\"url\":\"https:\\\/\\\/www.bellunopress.it\\\/wp-content\\\/uploads\\\/2011\\\/05\\\/cropped-logo-bellunopress-.jpg\",\"contentUrl\":\"https:\\\/\\\/www.bellunopress.it\\\/wp-content\\\/uploads\\\/2011\\\/05\\\/cropped-logo-bellunopress-.jpg\",\"width\":512,\"height\":512,\"caption\":\"Bellunopress\"},\"image\":{\"@id\":\"https:\\\/\\\/www.bellunopress.it\\\/#\\\/schema\\\/logo\\\/image\\\/\"},\"sameAs\":[\"https:\\\/\\\/www.facebook.com\\\/profile.php?id=100008943462799\",\"https:\\\/\\\/x.com\\\/bellunopress\",\"https:\\\/\\\/www.linkedin.com\\\/hp\\\/?dnr=JBzUWaJfMUw8vbXJJ2tVW5-I3jZKvC4wsoxE&amp;amp;amp;amp;amp;amp;trk=nav_responsive_tab_home\",\"https:\\\/\\\/www.youtube.com\\\/channel\\\/UCxL0wu1uN0_3_7hGG0306cw\"]},{\"@type\":\"Person\",\"@id\":\"https:\\\/\\\/www.bellunopress.it\\\/#\\\/schema\\\/person\\\/79bb06722b37ece1c03d3e94beb30d73\",\"name\":\"redazione\",\"image\":{\"@type\":\"ImageObject\",\"inLanguage\":\"fr-FR\",\"@id\":\"https:\\\/\\\/secure.gravatar.com\\\/avatar\\\/37d968a2e67a6fd04c169c4bdef102d0bc5d31b2546345219e348575eb80e9a0?s=96&d=mm&r=g\",\"url\":\"https:\\\/\\\/secure.gravatar.com\\\/avatar\\\/37d968a2e67a6fd04c169c4bdef102d0bc5d31b2546345219e348575eb80e9a0?s=96&d=mm&r=g\",\"contentUrl\":\"https:\\\/\\\/secure.gravatar.com\\\/avatar\\\/37d968a2e67a6fd04c169c4bdef102d0bc5d31b2546345219e348575eb80e9a0?s=96&d=mm&r=g\",\"caption\":\"redazione\"},\"sameAs\":[\"http:\\\/\\\/www.bellunopress.it\",\"https:\\\/\\\/x.com\\\/bellunopress\"],\"url\":\"https:\\\/\\\/www.bellunopress.it\\\/fr\\\/author\\\/redazione\\\/\"}]}<\/script>\n<!-- \/ Yoast SEO plugin. -->","yoast_head_json":{"title":"Terzo e ultimo appuntamento con le \u201cCene in Biblioteca\u201d. Marted\u00ec serata dedicata alla contrada Santo Stefano, tra Serviti e mercanti - Bellunopress - Dolomiti","robots":{"index":"index","follow":"follow","max-snippet":"max-snippet:-1","max-image-preview":"max-image-preview:large","max-video-preview":"max-video-preview:-1"},"canonical":"https:\/\/www.bellunopress.it\/fr\/2019\/09\/20\/terzo-e-ultimo-appuntamento-con-le-cene-in-biblioteca-martedi-serata-dedicata-alla-contrada-santo-stefano-tra-serviti-e-mercanti\/","og_locale":"fr_FR","og_type":"article","og_title":"Terzo e ultimo appuntamento con le \u201cCene in Biblioteca\u201d. Marted\u00ec serata dedicata alla contrada Santo Stefano, tra Serviti e mercanti - Bellunopress - Dolomiti","og_description":"Terzo e ultimo appuntamento con la settima edizione delle \u201cCene in Biblioteca\u201d marted\u00ec 24 settembre alle 19.30 presso la Biblioteca Civica di Belluno. Il tema della serata, \u201cContrada Santo Stefano: tra Serviti e mercanti\u201d, verr\u00e0 analizzato dalla guida turistica Marta Azzalini che accompagner\u00e0 i partecipanti alla scoperta di questa storica area di Belluno che oggi [&hellip;]","og_url":"https:\/\/www.bellunopress.it\/fr\/2019\/09\/20\/terzo-e-ultimo-appuntamento-con-le-cene-in-biblioteca-martedi-serata-dedicata-alla-contrada-santo-stefano-tra-serviti-e-mercanti\/","og_site_name":"Bellunopress - Dolomiti","article_publisher":"https:\/\/www.facebook.com\/profile.php?id=100008943462799","article_published_time":"2019-09-20T18:29:12+00:00","article_modified_time":"2019-09-20T18:29:13+00:00","og_image":[{"url":"http:\/\/www.bellunopress.it\/wp-content\/uploads\/2019\/09\/santo-stefano-le-scalette.jpg","type":"","width":"","height":""}],"author":"redazione","twitter_card":"summary_large_image","twitter_creator":"@bellunopress","twitter_site":"@bellunopress","twitter_misc":{"\u00c9crit par":"redazione","Dur\u00e9e de lecture estim\u00e9e":"1 minute"},"schema":{"@context":"https:\/\/schema.org","@graph":[{"@type":"Article","@id":"https:\/\/www.bellunopress.it\/2019\/09\/20\/terzo-e-ultimo-appuntamento-con-le-cene-in-biblioteca-martedi-serata-dedicata-alla-contrada-santo-stefano-tra-serviti-e-mercanti\/#article","isPartOf":{"@id":"https:\/\/www.bellunopress.it\/2019\/09\/20\/terzo-e-ultimo-appuntamento-con-le-cene-in-biblioteca-martedi-serata-dedicata-alla-contrada-santo-stefano-tra-serviti-e-mercanti\/"},"author":{"name":"redazione","@id":"https:\/\/www.bellunopress.it\/#\/schema\/person\/79bb06722b37ece1c03d3e94beb30d73"},"headline":"Terzo e ultimo appuntamento con le \u201cCene in Biblioteca\u201d. Marted\u00ec serata dedicata alla contrada Santo Stefano, tra Serviti e mercanti","datePublished":"2019-09-20T18:29:12+00:00","dateModified":"2019-09-20T18:29:13+00:00","mainEntityOfPage":{"@id":"https:\/\/www.bellunopress.it\/2019\/09\/20\/terzo-e-ultimo-appuntamento-con-le-cene-in-biblioteca-martedi-serata-dedicata-alla-contrada-santo-stefano-tra-serviti-e-mercanti\/"},"wordCount":268,"publisher":{"@id":"https:\/\/www.bellunopress.it\/#organization"},"image":{"@id":"https:\/\/www.bellunopress.it\/2019\/09\/20\/terzo-e-ultimo-appuntamento-con-le-cene-in-biblioteca-martedi-serata-dedicata-alla-contrada-santo-stefano-tra-serviti-e-mercanti\/#primaryimage"},"thumbnailUrl":"http:\/\/www.bellunopress.it\/wp-content\/uploads\/2019\/09\/santo-stefano-le-scalette.jpg","articleSection":["Appuntamenti, Eventi","Arte, Cultura, Spettacoli, Scienza","Pausa Caff\u00e8"],"inLanguage":"fr-FR"},{"@type":"WebPage","@id":"https:\/\/www.bellunopress.it\/2019\/09\/20\/terzo-e-ultimo-appuntamento-con-le-cene-in-biblioteca-martedi-serata-dedicata-alla-contrada-santo-stefano-tra-serviti-e-mercanti\/","url":"https:\/\/www.bellunopress.it\/2019\/09\/20\/terzo-e-ultimo-appuntamento-con-le-cene-in-biblioteca-martedi-serata-dedicata-alla-contrada-santo-stefano-tra-serviti-e-mercanti\/","name":"Terzo e ultimo appuntamento con le \u201cCene in Biblioteca\u201d. Marted\u00ec serata dedicata alla contrada Santo Stefano, tra Serviti e mercanti - Bellunopress - Dolomiti","isPartOf":{"@id":"https:\/\/www.bellunopress.it\/#website"},"primaryImageOfPage":{"@id":"https:\/\/www.bellunopress.it\/2019\/09\/20\/terzo-e-ultimo-appuntamento-con-le-cene-in-biblioteca-martedi-serata-dedicata-alla-contrada-santo-stefano-tra-serviti-e-mercanti\/#primaryimage"},"image":{"@id":"https:\/\/www.bellunopress.it\/2019\/09\/20\/terzo-e-ultimo-appuntamento-con-le-cene-in-biblioteca-martedi-serata-dedicata-alla-contrada-santo-stefano-tra-serviti-e-mercanti\/#primaryimage"},"thumbnailUrl":"http:\/\/www.bellunopress.it\/wp-content\/uploads\/2019\/09\/santo-stefano-le-scalette.jpg","datePublished":"2019-09-20T18:29:12+00:00","dateModified":"2019-09-20T18:29:13+00:00","breadcrumb":{"@id":"https:\/\/www.bellunopress.it\/2019\/09\/20\/terzo-e-ultimo-appuntamento-con-le-cene-in-biblioteca-martedi-serata-dedicata-alla-contrada-santo-stefano-tra-serviti-e-mercanti\/#breadcrumb"},"inLanguage":"fr-FR","potentialAction":[{"@type":"ReadAction","target":["https:\/\/www.bellunopress.it\/2019\/09\/20\/terzo-e-ultimo-appuntamento-con-le-cene-in-biblioteca-martedi-serata-dedicata-alla-contrada-santo-stefano-tra-serviti-e-mercanti\/"]}]},{"@type":"ImageObject","inLanguage":"fr-FR","@id":"https:\/\/www.bellunopress.it\/2019\/09\/20\/terzo-e-ultimo-appuntamento-con-le-cene-in-biblioteca-martedi-serata-dedicata-alla-contrada-santo-stefano-tra-serviti-e-mercanti\/#primaryimage","url":"http:\/\/www.bellunopress.it\/wp-content\/uploads\/2019\/09\/santo-stefano-le-scalette.jpg","contentUrl":"http:\/\/www.bellunopress.it\/wp-content\/uploads\/2019\/09\/santo-stefano-le-scalette.jpg"},{"@type":"BreadcrumbList","@id":"https:\/\/www.bellunopress.it\/2019\/09\/20\/terzo-e-ultimo-appuntamento-con-le-cene-in-biblioteca-martedi-serata-dedicata-alla-contrada-santo-stefano-tra-serviti-e-mercanti\/#breadcrumb","itemListElement":[{"@type":"ListItem","position":1,"name":"Home","item":"https:\/\/www.bellunopress.it\/"},{"@type":"ListItem","position":2,"name":"Terzo e ultimo appuntamento con le \u201cCene in Biblioteca\u201d. Marted\u00ec serata dedicata alla contrada Santo Stefano, tra Serviti e mercanti"}]},{"@type":"WebSite","@id":"https:\/\/www.bellunopress.it\/#website","url":"https:\/\/www.bellunopress.it\/","name":"Bellunopress - Dolomiti","description":"e-mail: redazione@bellunopress.it","publisher":{"@id":"https:\/\/www.bellunopress.it\/#organization"},"potentialAction":[{"@type":"SearchAction","target":{"@type":"EntryPoint","urlTemplate":"https:\/\/www.bellunopress.it\/?s={search_term_string}"},"query-input":{"@type":"PropertyValueSpecification","valueRequired":true,"valueName":"search_term_string"}}],"inLanguage":"fr-FR"},{"@type":"Organization","@id":"https:\/\/www.bellunopress.it\/#organization","name":"Bellunopress","url":"https:\/\/www.bellunopress.it\/","logo":{"@type":"ImageObject","inLanguage":"fr-FR","@id":"https:\/\/www.bellunopress.it\/#\/schema\/logo\/image\/","url":"https:\/\/www.bellunopress.it\/wp-content\/uploads\/2011\/05\/cropped-logo-bellunopress-.jpg","contentUrl":"https:\/\/www.bellunopress.it\/wp-content\/uploads\/2011\/05\/cropped-logo-bellunopress-.jpg","width":512,"height":512,"caption":"Bellunopress"},"image":{"@id":"https:\/\/www.bellunopress.it\/#\/schema\/logo\/image\/"},"sameAs":["https:\/\/www.facebook.com\/profile.php?id=100008943462799","https:\/\/x.com\/bellunopress","https:\/\/www.linkedin.com\/hp\/?dnr=JBzUWaJfMUw8vbXJJ2tVW5-I3jZKvC4wsoxE&amp;amp;amp;amp;amp;amp;trk=nav_responsive_tab_home","https:\/\/www.youtube.com\/channel\/UCxL0wu1uN0_3_7hGG0306cw"]},{"@type":"Person","@id":"https:\/\/www.bellunopress.it\/#\/schema\/person\/79bb06722b37ece1c03d3e94beb30d73","name":"r\u00e9daction","image":{"@type":"ImageObject","inLanguage":"fr-FR","@id":"https:\/\/secure.gravatar.com\/avatar\/37d968a2e67a6fd04c169c4bdef102d0bc5d31b2546345219e348575eb80e9a0?s=96&d=mm&r=g","url":"https:\/\/secure.gravatar.com\/avatar\/37d968a2e67a6fd04c169c4bdef102d0bc5d31b2546345219e348575eb80e9a0?s=96&d=mm&r=g","contentUrl":"https:\/\/secure.gravatar.com\/avatar\/37d968a2e67a6fd04c169c4bdef102d0bc5d31b2546345219e348575eb80e9a0?s=96&d=mm&r=g","caption":"redazione"},"sameAs":["http:\/\/www.bellunopress.it","https:\/\/x.com\/bellunopress"],"url":"https:\/\/www.bellunopress.it\/fr\/author\/redazione\/"}]}},"_links":{"self":[{"href":"https:\/\/www.bellunopress.it\/fr\/wp-json\/wp\/v2\/posts\/108051","targetHints":{"allow":["GET"]}}],"collection":[{"href":"https:\/\/www.bellunopress.it\/fr\/wp-json\/wp\/v2\/posts"}],"about":[{"href":"https:\/\/www.bellunopress.it\/fr\/wp-json\/wp\/v2\/types\/post"}],"author":[{"embeddable":true,"href":"https:\/\/www.bellunopress.it\/fr\/wp-json\/wp\/v2\/users\/2"}],"replies":[{"embeddable":true,"href":"https:\/\/www.bellunopress.it\/fr\/wp-json\/wp\/v2\/comments?post=108051"}],"version-history":[{"count":2,"href":"https:\/\/www.bellunopress.it\/fr\/wp-json\/wp\/v2\/posts\/108051\/revisions"}],"predecessor-version":[{"id":108054,"href":"https:\/\/www.bellunopress.it\/fr\/wp-json\/wp\/v2\/posts\/108051\/revisions\/108054"}],"wp:attachment":[{"href":"https:\/\/www.bellunopress.it\/fr\/wp-json\/wp\/v2\/media?parent=108051"}],"wp:term":[{"taxonomy":"category","embeddable":true,"href":"https:\/\/www.bellunopress.it\/fr\/wp-json\/wp\/v2\/categories?post=108051"},{"taxonomy":"post_tag","embeddable":true,"href":"https:\/\/www.bellunopress.it\/fr\/wp-json\/wp\/v2\/tags?post=108051"}],"curies":[{"name":"wp","href":"https:\/\/api.w.org\/{rel}","templated":true}]}}