{"id":108046,"date":"2019-09-20T20:06:06","date_gmt":"2019-09-20T18:06:06","guid":{"rendered":"http:\/\/www.bellunopress.it\/?p=108046"},"modified":"2019-09-20T20:06:06","modified_gmt":"2019-09-20T18:06:06","slug":"wambao-mel-donazzan-dopo-il-primo-traguardo-di-oggi-chiederemo-rassicurazioni-sul-mantenimento-della-produzione","status":"publish","type":"post","link":"https:\/\/www.bellunopress.it\/fr\/2019\/09\/20\/wambao-mel-donazzan-dopo-il-primo-traguardo-di-oggi-chiederemo-rassicurazioni-sul-mantenimento-della-produzione\/","title":{"rendered":"Wambao Mel. Donazzan: &#8220;Dopo il primo traguardo di oggi, chiederemo rassicurazioni sul mantenimento della produzione&#8221;"},"content":{"rendered":"<p><a href=\"http:\/\/www.bellunopress.it\/fr\/2019\/09\/20\/wambao-mel-donazzan-dopo-il-primo-traguardo-di-oggi-chiederemo-rassicurazioni-sul-mantenimento-della-produzione\/wambao-mel\/\" rel=\"attachment wp-att-108047\"><img loading=\"lazy\" decoding=\"async\" class=\"alignleft size-full wp-image-108047\" src=\"http:\/\/www.bellunopress.it\/wp-content\/uploads\/2019\/09\/Wambao-Mel.jpg\" alt=\"\" width=\"300\" height=\"239\" \/><\/a>Venezia, 20 settembre 2019\u00a0 \u00a0&#8211;\u00a0 \u00a0\u201cL\u2019incontro di oggi tra i rappresentanti provinciali di Cgil, Cisl e Uil e il console cinese ha rappresentato un primo significativo traguardo dei lavoratori. I sindacati, infatti, hanno avuto l\u2019occasione di far comprendere la loro determinazione e quella dell\u2019intero territorio, rappresentato dal sindaco di Borgo Valbelluna, Stefano Cesa, nella contrariet\u00e0 verso eventuali scelte di disimpegno da parte di Wanbao che riguardino lo stabilimento di Mel\u201d.<\/p>\n<p>Con queste parole l\u2019assessore veneto al Lavoro Elena Donazzan, commenta l\u2019incontro avvenuto nell\u2019ambito della nutrita partecipazione di lavoratori, oggi a Milano davanti al Consolato cinese, per manifestare a fronte delle scelte che potrebbero profilarsi da parte della controllata del Governo della repubblica popolare nei confronti dello stabilimento in provincia di Belluno. Iniziativa seguita attentamente dall\u2019assessore che ha confermato la solidariet\u00e0 con i lavoratori e le loro famiglie.<\/p>\n<p><a href=\"http:\/\/www.bellunopress.it\/fr\/2019\/09\/20\/wambao-mel-donazzan-dopo-il-primo-traguardo-di-oggi-chiederemo-rassicurazioni-sul-mantenimento-della-produzione\/wambao-mel-sindacato-e-azienda\/\" rel=\"attachment wp-att-108048\"><img loading=\"lazy\" decoding=\"async\" class=\"alignleft size-full wp-image-108048\" src=\"http:\/\/www.bellunopress.it\/wp-content\/uploads\/2019\/09\/wambao-mel-sindacato-e-azienda.jpg\" alt=\"\" width=\"300\" height=\"173\" \/><\/a>\u201cBene per questa prima apertura \u2013 prosegue Donazzan \u2013 che certamente contribuisce a rendere evidente anche alla diplomazia cinese in Italia che per noi lo stabilimento di Mel \u00e8 strategico e fondamentale per la politica industriale legata alla produzione di elettrodomestici. Ma non basta. Marted\u00ec 24 chiederemo alla societ\u00e0 precise rassicurazioni sul mantenimento della produzione e, soprattutto, un cambio di rotta nel senso degli accordi sottoscritti nel 2016. Accordi che hanno portato Wanbao a godere di ammortizzatori sociali a fronte di investimenti che, purtroppo, non abbiamo riscontrato\u201d.<\/p>","protected":false},"excerpt":{"rendered":"<p>Venezia, 20 settembre 2019\u00a0 \u00a0&#8211;\u00a0 \u00a0\u201cL\u2019incontro di oggi tra i rappresentanti provinciali di Cgil, Cisl e Uil e il console cinese ha rappresentato un primo significativo traguardo dei lavoratori. I sindacati, infatti, hanno avuto l\u2019occasione di far comprendere la loro determinazione e quella dell\u2019intero territorio, rappresentato dal sindaco di Borgo Valbelluna, Stefano Cesa, nella contrariet\u00e0 [&hellip;]<\/p>\n","protected":false},"author":2,"featured_media":0,"comment_status":"closed","ping_status":"open","sticky":false,"template":"","format":"standard","meta":{"footnotes":""},"categories":[5,36],"tags":[],"class_list":["post-108046","post","type-post","status-publish","format-standard","category-cronaca","category-lavoro-economia"],"yoast_head":"<!-- This site is optimized with the Yoast SEO plugin v28.4 - https:\/\/yoast.com\/product\/yoast-seo-wordpress\/ -->\n<title>Wambao Mel. Donazzan: &quot;Dopo il primo traguardo di oggi, chiederemo rassicurazioni sul mantenimento della produzione&quot; - Bellunopress - Dolomiti<\/title>\n<meta name=\"robots\" content=\"index, follow, max-snippet:-1, max-image-preview:large, max-video-preview:-1\" \/>\n<link rel=\"canonical\" href=\"https:\/\/www.bellunopress.it\/fr\/2019\/09\/20\/wambao-mel-donazzan-dopo-il-primo-traguardo-di-oggi-chiederemo-rassicurazioni-sul-mantenimento-della-produzione\/\" \/>\n<meta property=\"og:locale\" content=\"fr_FR\" \/>\n<meta property=\"og:type\" content=\"article\" \/>\n<meta property=\"og:title\" content=\"Wambao Mel. Donazzan: &quot;Dopo il primo traguardo di oggi, chiederemo rassicurazioni sul mantenimento della produzione&quot; - Bellunopress - Dolomiti\" \/>\n<meta property=\"og:description\" content=\"Venezia, 20 settembre 2019\u00a0 \u00a0&#8211;\u00a0 \u00a0\u201cL\u2019incontro di oggi tra i rappresentanti provinciali di Cgil, Cisl e Uil e il console cinese ha rappresentato un primo significativo traguardo dei lavoratori. I sindacati, infatti, hanno avuto l\u2019occasione di far comprendere la loro determinazione e quella dell\u2019intero territorio, rappresentato dal sindaco di Borgo Valbelluna, Stefano Cesa, nella contrariet\u00e0 [&hellip;]\" \/>\n<meta property=\"og:url\" content=\"https:\/\/www.bellunopress.it\/fr\/2019\/09\/20\/wambao-mel-donazzan-dopo-il-primo-traguardo-di-oggi-chiederemo-rassicurazioni-sul-mantenimento-della-produzione\/\" \/>\n<meta property=\"og:site_name\" content=\"Bellunopress - Dolomiti\" \/>\n<meta property=\"article:publisher\" content=\"https:\/\/www.facebook.com\/profile.php?id=100008943462799\" \/>\n<meta property=\"article:published_time\" content=\"2019-09-20T18:06:06+00:00\" \/>\n<meta property=\"og:image\" content=\"http:\/\/www.bellunopress.it\/wp-content\/uploads\/2019\/09\/Wambao-Mel.jpg\" \/>\n<meta name=\"author\" content=\"redazione\" \/>\n<meta name=\"twitter:card\" content=\"summary_large_image\" \/>\n<meta name=\"twitter:creator\" content=\"@bellunopress\" \/>\n<meta name=\"twitter:site\" content=\"@bellunopress\" \/>\n<meta name=\"twitter:label1\" content=\"\u00c9crit par\" \/>\n\t<meta name=\"twitter:data1\" content=\"redazione\" \/>\n\t<meta name=\"twitter:label2\" content=\"Dur\u00e9e de lecture estim\u00e9e\" \/>\n\t<meta name=\"twitter:data2\" content=\"1 minute\" \/>\n<script type=\"application\/ld+json\" class=\"yoast-schema-graph\">{\"@context\":\"https:\\\/\\\/schema.org\",\"@graph\":[{\"@type\":\"Article\",\"@id\":\"https:\\\/\\\/www.bellunopress.it\\\/2019\\\/09\\\/20\\\/wambao-mel-donazzan-dopo-il-primo-traguardo-di-oggi-chiederemo-rassicurazioni-sul-mantenimento-della-produzione\\\/#article\",\"isPartOf\":{\"@id\":\"https:\\\/\\\/www.bellunopress.it\\\/2019\\\/09\\\/20\\\/wambao-mel-donazzan-dopo-il-primo-traguardo-di-oggi-chiederemo-rassicurazioni-sul-mantenimento-della-produzione\\\/\"},\"author\":{\"name\":\"redazione\",\"@id\":\"https:\\\/\\\/www.bellunopress.it\\\/#\\\/schema\\\/person\\\/79bb06722b37ece1c03d3e94beb30d73\"},\"headline\":\"Wambao Mel. Donazzan: &#8220;Dopo il primo traguardo di oggi, chiederemo rassicurazioni sul mantenimento della produzione&#8221;\",\"datePublished\":\"2019-09-20T18:06:06+00:00\",\"mainEntityOfPage\":{\"@id\":\"https:\\\/\\\/www.bellunopress.it\\\/2019\\\/09\\\/20\\\/wambao-mel-donazzan-dopo-il-primo-traguardo-di-oggi-chiederemo-rassicurazioni-sul-mantenimento-della-produzione\\\/\"},\"wordCount\":239,\"publisher\":{\"@id\":\"https:\\\/\\\/www.bellunopress.it\\\/#organization\"},\"image\":{\"@id\":\"https:\\\/\\\/www.bellunopress.it\\\/2019\\\/09\\\/20\\\/wambao-mel-donazzan-dopo-il-primo-traguardo-di-oggi-chiederemo-rassicurazioni-sul-mantenimento-della-produzione\\\/#primaryimage\"},\"thumbnailUrl\":\"http:\\\/\\\/www.bellunopress.it\\\/wp-content\\\/uploads\\\/2019\\\/09\\\/Wambao-Mel.jpg\",\"articleSection\":[\"Cronaca\\\/Politica\",\"Lavoro, Economia, Turismo\"],\"inLanguage\":\"fr-FR\"},{\"@type\":\"WebPage\",\"@id\":\"https:\\\/\\\/www.bellunopress.it\\\/2019\\\/09\\\/20\\\/wambao-mel-donazzan-dopo-il-primo-traguardo-di-oggi-chiederemo-rassicurazioni-sul-mantenimento-della-produzione\\\/\",\"url\":\"https:\\\/\\\/www.bellunopress.it\\\/2019\\\/09\\\/20\\\/wambao-mel-donazzan-dopo-il-primo-traguardo-di-oggi-chiederemo-rassicurazioni-sul-mantenimento-della-produzione\\\/\",\"name\":\"Wambao Mel. Donazzan: \\\"Dopo il primo traguardo di oggi, chiederemo rassicurazioni sul mantenimento della produzione\\\" - Bellunopress - Dolomiti\",\"isPartOf\":{\"@id\":\"https:\\\/\\\/www.bellunopress.it\\\/#website\"},\"primaryImageOfPage\":{\"@id\":\"https:\\\/\\\/www.bellunopress.it\\\/2019\\\/09\\\/20\\\/wambao-mel-donazzan-dopo-il-primo-traguardo-di-oggi-chiederemo-rassicurazioni-sul-mantenimento-della-produzione\\\/#primaryimage\"},\"image\":{\"@id\":\"https:\\\/\\\/www.bellunopress.it\\\/2019\\\/09\\\/20\\\/wambao-mel-donazzan-dopo-il-primo-traguardo-di-oggi-chiederemo-rassicurazioni-sul-mantenimento-della-produzione\\\/#primaryimage\"},\"thumbnailUrl\":\"http:\\\/\\\/www.bellunopress.it\\\/wp-content\\\/uploads\\\/2019\\\/09\\\/Wambao-Mel.jpg\",\"datePublished\":\"2019-09-20T18:06:06+00:00\",\"breadcrumb\":{\"@id\":\"https:\\\/\\\/www.bellunopress.it\\\/2019\\\/09\\\/20\\\/wambao-mel-donazzan-dopo-il-primo-traguardo-di-oggi-chiederemo-rassicurazioni-sul-mantenimento-della-produzione\\\/#breadcrumb\"},\"inLanguage\":\"fr-FR\",\"potentialAction\":[{\"@type\":\"ReadAction\",\"target\":[\"https:\\\/\\\/www.bellunopress.it\\\/2019\\\/09\\\/20\\\/wambao-mel-donazzan-dopo-il-primo-traguardo-di-oggi-chiederemo-rassicurazioni-sul-mantenimento-della-produzione\\\/\"]}]},{\"@type\":\"ImageObject\",\"inLanguage\":\"fr-FR\",\"@id\":\"https:\\\/\\\/www.bellunopress.it\\\/2019\\\/09\\\/20\\\/wambao-mel-donazzan-dopo-il-primo-traguardo-di-oggi-chiederemo-rassicurazioni-sul-mantenimento-della-produzione\\\/#primaryimage\",\"url\":\"http:\\\/\\\/www.bellunopress.it\\\/wp-content\\\/uploads\\\/2019\\\/09\\\/Wambao-Mel.jpg\",\"contentUrl\":\"http:\\\/\\\/www.bellunopress.it\\\/wp-content\\\/uploads\\\/2019\\\/09\\\/Wambao-Mel.jpg\"},{\"@type\":\"BreadcrumbList\",\"@id\":\"https:\\\/\\\/www.bellunopress.it\\\/2019\\\/09\\\/20\\\/wambao-mel-donazzan-dopo-il-primo-traguardo-di-oggi-chiederemo-rassicurazioni-sul-mantenimento-della-produzione\\\/#breadcrumb\",\"itemListElement\":[{\"@type\":\"ListItem\",\"position\":1,\"name\":\"Home\",\"item\":\"https:\\\/\\\/www.bellunopress.it\\\/\"},{\"@type\":\"ListItem\",\"position\":2,\"name\":\"Wambao Mel. Donazzan: &#8220;Dopo il primo traguardo di oggi, chiederemo rassicurazioni sul mantenimento della produzione&#8221;\"}]},{\"@type\":\"WebSite\",\"@id\":\"https:\\\/\\\/www.bellunopress.it\\\/#website\",\"url\":\"https:\\\/\\\/www.bellunopress.it\\\/\",\"name\":\"Bellunopress - Dolomiti\",\"description\":\"e-mail: redazione@bellunopress.it\",\"publisher\":{\"@id\":\"https:\\\/\\\/www.bellunopress.it\\\/#organization\"},\"potentialAction\":[{\"@type\":\"SearchAction\",\"target\":{\"@type\":\"EntryPoint\",\"urlTemplate\":\"https:\\\/\\\/www.bellunopress.it\\\/?s={search_term_string}\"},\"query-input\":{\"@type\":\"PropertyValueSpecification\",\"valueRequired\":true,\"valueName\":\"search_term_string\"}}],\"inLanguage\":\"fr-FR\"},{\"@type\":\"Organization\",\"@id\":\"https:\\\/\\\/www.bellunopress.it\\\/#organization\",\"name\":\"Bellunopress\",\"url\":\"https:\\\/\\\/www.bellunopress.it\\\/\",\"logo\":{\"@type\":\"ImageObject\",\"inLanguage\":\"fr-FR\",\"@id\":\"https:\\\/\\\/www.bellunopress.it\\\/#\\\/schema\\\/logo\\\/image\\\/\",\"url\":\"https:\\\/\\\/www.bellunopress.it\\\/wp-content\\\/uploads\\\/2011\\\/05\\\/cropped-logo-bellunopress-.jpg\",\"contentUrl\":\"https:\\\/\\\/www.bellunopress.it\\\/wp-content\\\/uploads\\\/2011\\\/05\\\/cropped-logo-bellunopress-.jpg\",\"width\":512,\"height\":512,\"caption\":\"Bellunopress\"},\"image\":{\"@id\":\"https:\\\/\\\/www.bellunopress.it\\\/#\\\/schema\\\/logo\\\/image\\\/\"},\"sameAs\":[\"https:\\\/\\\/www.facebook.com\\\/profile.php?id=100008943462799\",\"https:\\\/\\\/x.com\\\/bellunopress\",\"https:\\\/\\\/www.linkedin.com\\\/hp\\\/?dnr=JBzUWaJfMUw8vbXJJ2tVW5-I3jZKvC4wsoxE&amp;amp;amp;amp;amp;amp;trk=nav_responsive_tab_home\",\"https:\\\/\\\/www.youtube.com\\\/channel\\\/UCxL0wu1uN0_3_7hGG0306cw\"]},{\"@type\":\"Person\",\"@id\":\"https:\\\/\\\/www.bellunopress.it\\\/#\\\/schema\\\/person\\\/79bb06722b37ece1c03d3e94beb30d73\",\"name\":\"redazione\",\"image\":{\"@type\":\"ImageObject\",\"inLanguage\":\"fr-FR\",\"@id\":\"https:\\\/\\\/secure.gravatar.com\\\/avatar\\\/37d968a2e67a6fd04c169c4bdef102d0bc5d31b2546345219e348575eb80e9a0?s=96&d=mm&r=g\",\"url\":\"https:\\\/\\\/secure.gravatar.com\\\/avatar\\\/37d968a2e67a6fd04c169c4bdef102d0bc5d31b2546345219e348575eb80e9a0?s=96&d=mm&r=g\",\"contentUrl\":\"https:\\\/\\\/secure.gravatar.com\\\/avatar\\\/37d968a2e67a6fd04c169c4bdef102d0bc5d31b2546345219e348575eb80e9a0?s=96&d=mm&r=g\",\"caption\":\"redazione\"},\"sameAs\":[\"http:\\\/\\\/www.bellunopress.it\",\"https:\\\/\\\/x.com\\\/bellunopress\"],\"url\":\"https:\\\/\\\/www.bellunopress.it\\\/fr\\\/author\\\/redazione\\\/\"}]}<\/script>\n<!-- \/ Yoast SEO plugin. -->","yoast_head_json":{"title":"Wambao Mel. Donazzan: \"Dopo il primo traguardo di oggi, chiederemo rassicurazioni sul mantenimento della produzione\" - Bellunopress - Dolomiti","robots":{"index":"index","follow":"follow","max-snippet":"max-snippet:-1","max-image-preview":"max-image-preview:large","max-video-preview":"max-video-preview:-1"},"canonical":"https:\/\/www.bellunopress.it\/fr\/2019\/09\/20\/wambao-mel-donazzan-dopo-il-primo-traguardo-di-oggi-chiederemo-rassicurazioni-sul-mantenimento-della-produzione\/","og_locale":"fr_FR","og_type":"article","og_title":"Wambao Mel. Donazzan: \"Dopo il primo traguardo di oggi, chiederemo rassicurazioni sul mantenimento della produzione\" - Bellunopress - Dolomiti","og_description":"Venezia, 20 settembre 2019\u00a0 \u00a0&#8211;\u00a0 \u00a0\u201cL\u2019incontro di oggi tra i rappresentanti provinciali di Cgil, Cisl e Uil e il console cinese ha rappresentato un primo significativo traguardo dei lavoratori. I sindacati, infatti, hanno avuto l\u2019occasione di far comprendere la loro determinazione e quella dell\u2019intero territorio, rappresentato dal sindaco di Borgo Valbelluna, Stefano Cesa, nella contrariet\u00e0 [&hellip;]","og_url":"https:\/\/www.bellunopress.it\/fr\/2019\/09\/20\/wambao-mel-donazzan-dopo-il-primo-traguardo-di-oggi-chiederemo-rassicurazioni-sul-mantenimento-della-produzione\/","og_site_name":"Bellunopress - Dolomiti","article_publisher":"https:\/\/www.facebook.com\/profile.php?id=100008943462799","article_published_time":"2019-09-20T18:06:06+00:00","og_image":[{"url":"http:\/\/www.bellunopress.it\/wp-content\/uploads\/2019\/09\/Wambao-Mel.jpg","type":"","width":"","height":""}],"author":"redazione","twitter_card":"summary_large_image","twitter_creator":"@bellunopress","twitter_site":"@bellunopress","twitter_misc":{"\u00c9crit par":"redazione","Dur\u00e9e de lecture estim\u00e9e":"1 minute"},"schema":{"@context":"https:\/\/schema.org","@graph":[{"@type":"Article","@id":"https:\/\/www.bellunopress.it\/2019\/09\/20\/wambao-mel-donazzan-dopo-il-primo-traguardo-di-oggi-chiederemo-rassicurazioni-sul-mantenimento-della-produzione\/#article","isPartOf":{"@id":"https:\/\/www.bellunopress.it\/2019\/09\/20\/wambao-mel-donazzan-dopo-il-primo-traguardo-di-oggi-chiederemo-rassicurazioni-sul-mantenimento-della-produzione\/"},"author":{"name":"redazione","@id":"https:\/\/www.bellunopress.it\/#\/schema\/person\/79bb06722b37ece1c03d3e94beb30d73"},"headline":"Wambao Mel. Donazzan: &#8220;Dopo il primo traguardo di oggi, chiederemo rassicurazioni sul mantenimento della produzione&#8221;","datePublished":"2019-09-20T18:06:06+00:00","mainEntityOfPage":{"@id":"https:\/\/www.bellunopress.it\/2019\/09\/20\/wambao-mel-donazzan-dopo-il-primo-traguardo-di-oggi-chiederemo-rassicurazioni-sul-mantenimento-della-produzione\/"},"wordCount":239,"publisher":{"@id":"https:\/\/www.bellunopress.it\/#organization"},"image":{"@id":"https:\/\/www.bellunopress.it\/2019\/09\/20\/wambao-mel-donazzan-dopo-il-primo-traguardo-di-oggi-chiederemo-rassicurazioni-sul-mantenimento-della-produzione\/#primaryimage"},"thumbnailUrl":"http:\/\/www.bellunopress.it\/wp-content\/uploads\/2019\/09\/Wambao-Mel.jpg","articleSection":["Cronaca\/Politica","Lavoro, Economia, Turismo"],"inLanguage":"fr-FR"},{"@type":"WebPage","@id":"https:\/\/www.bellunopress.it\/2019\/09\/20\/wambao-mel-donazzan-dopo-il-primo-traguardo-di-oggi-chiederemo-rassicurazioni-sul-mantenimento-della-produzione\/","url":"https:\/\/www.bellunopress.it\/2019\/09\/20\/wambao-mel-donazzan-dopo-il-primo-traguardo-di-oggi-chiederemo-rassicurazioni-sul-mantenimento-della-produzione\/","name":"Wambao Mel. Donazzan: \"Dopo il primo traguardo di oggi, chiederemo rassicurazioni sul mantenimento della produzione\" - Bellunopress - Dolomiti","isPartOf":{"@id":"https:\/\/www.bellunopress.it\/#website"},"primaryImageOfPage":{"@id":"https:\/\/www.bellunopress.it\/2019\/09\/20\/wambao-mel-donazzan-dopo-il-primo-traguardo-di-oggi-chiederemo-rassicurazioni-sul-mantenimento-della-produzione\/#primaryimage"},"image":{"@id":"https:\/\/www.bellunopress.it\/2019\/09\/20\/wambao-mel-donazzan-dopo-il-primo-traguardo-di-oggi-chiederemo-rassicurazioni-sul-mantenimento-della-produzione\/#primaryimage"},"thumbnailUrl":"http:\/\/www.bellunopress.it\/wp-content\/uploads\/2019\/09\/Wambao-Mel.jpg","datePublished":"2019-09-20T18:06:06+00:00","breadcrumb":{"@id":"https:\/\/www.bellunopress.it\/2019\/09\/20\/wambao-mel-donazzan-dopo-il-primo-traguardo-di-oggi-chiederemo-rassicurazioni-sul-mantenimento-della-produzione\/#breadcrumb"},"inLanguage":"fr-FR","potentialAction":[{"@type":"ReadAction","target":["https:\/\/www.bellunopress.it\/2019\/09\/20\/wambao-mel-donazzan-dopo-il-primo-traguardo-di-oggi-chiederemo-rassicurazioni-sul-mantenimento-della-produzione\/"]}]},{"@type":"ImageObject","inLanguage":"fr-FR","@id":"https:\/\/www.bellunopress.it\/2019\/09\/20\/wambao-mel-donazzan-dopo-il-primo-traguardo-di-oggi-chiederemo-rassicurazioni-sul-mantenimento-della-produzione\/#primaryimage","url":"http:\/\/www.bellunopress.it\/wp-content\/uploads\/2019\/09\/Wambao-Mel.jpg","contentUrl":"http:\/\/www.bellunopress.it\/wp-content\/uploads\/2019\/09\/Wambao-Mel.jpg"},{"@type":"BreadcrumbList","@id":"https:\/\/www.bellunopress.it\/2019\/09\/20\/wambao-mel-donazzan-dopo-il-primo-traguardo-di-oggi-chiederemo-rassicurazioni-sul-mantenimento-della-produzione\/#breadcrumb","itemListElement":[{"@type":"ListItem","position":1,"name":"Home","item":"https:\/\/www.bellunopress.it\/"},{"@type":"ListItem","position":2,"name":"Wambao Mel. Donazzan: &#8220;Dopo il primo traguardo di oggi, chiederemo rassicurazioni sul mantenimento della produzione&#8221;"}]},{"@type":"WebSite","@id":"https:\/\/www.bellunopress.it\/#website","url":"https:\/\/www.bellunopress.it\/","name":"Bellunopress - Dolomiti","description":"e-mail: redazione@bellunopress.it","publisher":{"@id":"https:\/\/www.bellunopress.it\/#organization"},"potentialAction":[{"@type":"SearchAction","target":{"@type":"EntryPoint","urlTemplate":"https:\/\/www.bellunopress.it\/?s={search_term_string}"},"query-input":{"@type":"PropertyValueSpecification","valueRequired":true,"valueName":"search_term_string"}}],"inLanguage":"fr-FR"},{"@type":"Organization","@id":"https:\/\/www.bellunopress.it\/#organization","name":"Bellunopress","url":"https:\/\/www.bellunopress.it\/","logo":{"@type":"ImageObject","inLanguage":"fr-FR","@id":"https:\/\/www.bellunopress.it\/#\/schema\/logo\/image\/","url":"https:\/\/www.bellunopress.it\/wp-content\/uploads\/2011\/05\/cropped-logo-bellunopress-.jpg","contentUrl":"https:\/\/www.bellunopress.it\/wp-content\/uploads\/2011\/05\/cropped-logo-bellunopress-.jpg","width":512,"height":512,"caption":"Bellunopress"},"image":{"@id":"https:\/\/www.bellunopress.it\/#\/schema\/logo\/image\/"},"sameAs":["https:\/\/www.facebook.com\/profile.php?id=100008943462799","https:\/\/x.com\/bellunopress","https:\/\/www.linkedin.com\/hp\/?dnr=JBzUWaJfMUw8vbXJJ2tVW5-I3jZKvC4wsoxE&amp;amp;amp;amp;amp;amp;trk=nav_responsive_tab_home","https:\/\/www.youtube.com\/channel\/UCxL0wu1uN0_3_7hGG0306cw"]},{"@type":"Person","@id":"https:\/\/www.bellunopress.it\/#\/schema\/person\/79bb06722b37ece1c03d3e94beb30d73","name":"r\u00e9daction","image":{"@type":"ImageObject","inLanguage":"fr-FR","@id":"https:\/\/secure.gravatar.com\/avatar\/37d968a2e67a6fd04c169c4bdef102d0bc5d31b2546345219e348575eb80e9a0?s=96&d=mm&r=g","url":"https:\/\/secure.gravatar.com\/avatar\/37d968a2e67a6fd04c169c4bdef102d0bc5d31b2546345219e348575eb80e9a0?s=96&d=mm&r=g","contentUrl":"https:\/\/secure.gravatar.com\/avatar\/37d968a2e67a6fd04c169c4bdef102d0bc5d31b2546345219e348575eb80e9a0?s=96&d=mm&r=g","caption":"redazione"},"sameAs":["http:\/\/www.bellunopress.it","https:\/\/x.com\/bellunopress"],"url":"https:\/\/www.bellunopress.it\/fr\/author\/redazione\/"}]}},"_links":{"self":[{"href":"https:\/\/www.bellunopress.it\/fr\/wp-json\/wp\/v2\/posts\/108046","targetHints":{"allow":["GET"]}}],"collection":[{"href":"https:\/\/www.bellunopress.it\/fr\/wp-json\/wp\/v2\/posts"}],"about":[{"href":"https:\/\/www.bellunopress.it\/fr\/wp-json\/wp\/v2\/types\/post"}],"author":[{"embeddable":true,"href":"https:\/\/www.bellunopress.it\/fr\/wp-json\/wp\/v2\/users\/2"}],"replies":[{"embeddable":true,"href":"https:\/\/www.bellunopress.it\/fr\/wp-json\/wp\/v2\/comments?post=108046"}],"version-history":[{"count":2,"href":"https:\/\/www.bellunopress.it\/fr\/wp-json\/wp\/v2\/posts\/108046\/revisions"}],"predecessor-version":[{"id":108050,"href":"https:\/\/www.bellunopress.it\/fr\/wp-json\/wp\/v2\/posts\/108046\/revisions\/108050"}],"wp:attachment":[{"href":"https:\/\/www.bellunopress.it\/fr\/wp-json\/wp\/v2\/media?parent=108046"}],"wp:term":[{"taxonomy":"category","embeddable":true,"href":"https:\/\/www.bellunopress.it\/fr\/wp-json\/wp\/v2\/categories?post=108046"},{"taxonomy":"post_tag","embeddable":true,"href":"https:\/\/www.bellunopress.it\/fr\/wp-json\/wp\/v2\/tags?post=108046"}],"curies":[{"name":"wp","href":"https:\/\/api.w.org\/{rel}","templated":true}]}}