{"id":108028,"date":"2019-09-19T18:25:08","date_gmt":"2019-09-19T16:25:08","guid":{"rendered":"http:\/\/www.bellunopress.it\/?p=108028"},"modified":"2019-09-19T18:25:08","modified_gmt":"2019-09-19T16:25:08","slug":"settimana-europea-dello-sport-sport-in-piazza-e-un-convegno-con-luca-speciani","status":"publish","type":"post","link":"https:\/\/www.bellunopress.it\/fr\/2019\/09\/19\/settimana-europea-dello-sport-sport-in-piazza-e-un-convegno-con-luca-speciani\/","title":{"rendered":"Settimana Europea dello Sport. \u201c Sport in piazza\u201d e un convegno con Luca Speciani"},"content":{"rendered":"<figure id=\"attachment_87552\" aria-describedby=\"caption-attachment-87552\" style=\"width: 152px\" class=\"wp-caption alignleft\"><a href=\"http:\/\/www.bellunopress.it\/fr\/2017\/07\/08\/ecco-la-nuova-giunta-di-belluno\/marco-bogo\/\" rel=\"attachment wp-att-87552\"><img loading=\"lazy\" decoding=\"async\" class=\"size-full wp-image-87552\" src=\"http:\/\/www.bellunopress.it\/wp-content\/uploads\/2017\/07\/marco-bogo.jpg\" alt=\"\" width=\"152\" height=\"200\" \/><\/a><figcaption id=\"caption-attachment-87552\" class=\"wp-caption-text\">Marco Bogo, assessore<\/figcaption><\/figure>\n<p>Si celebra in tutta Europa del 23 al 30 settembre la Settimana Europea dello sport e anche il Comune di Belluno entra nel calendario nazionale delle iniziative legate all&#8217;evento, previsto dalla Commissione Europea sulla base del Piano di lavoro UE per lo sport 2017-2020.<\/p>\n<p><strong>Sport in piazza<\/strong><br \/>\nPuntuale come tutti gli anni, torna \u201cSport in piazza\u201d, l&#8217;iniziativa che consente a bambini e ragazzi di avvicinarsi e provare le attivit\u00e0 sportive, anche quelle meno conosciute.<br \/>\nSabato 28, dalle 9.00 alle 13.00 e dalle 15.00 alle 17.30, e domenica 29 settembre, dalle 9.00 alle 13.00 e dalle 14.30 alle 18.00, saranno una trentina le associazioni sportive che con i loro stand animeranno le piazze e i parchi del centro citt\u00e0; tra le novit\u00e0 del 2019, ci sar\u00e0 anche una<br \/>\npostazione dedicata allo skiroll.<br \/>\nNel pomeriggio di sabato 28, inoltre, la Polizia Locale sar\u00e0 presente con un suo spazio per sensibilizzare i pi\u00f9 giovani al tema della sicurezza stradale.<br \/>\nConfermato il format che negli anni si \u00e8 dimostrato vincente; per partecipare, baster\u00e0 iscriversi allo stand appositamente allestito in Piazza Duomo, all&#8217;uscita delle scale mobili, e ritirare il modulo da timbrare. Gli sportivi che sperimenteranno almeno 10 specialit\u00e0, \u201ccertificandolo\u201d con il<br \/>\ntimbro, riceveranno la maglietta ricordo della manifestazione.<br \/>\n\u00abBelluno ripropone un appuntamento storico con lo sport per i giovani, un&#8217;iniziativa nata a Belluno e che \u00e8 strumento di grande promozione per tutte le realt\u00e0 sportive del nostro territorio. &#8211; commenta l&#8217;assessore allo sport, Marco Bogo \u2013 Siamo orgoglioso di portare avanti \u201cSport in piazza\u201d<br \/>\ncon rinnovato entusiasmo e di poter dare cos\u00ec a tutti l&#8217;occasione di \u200bconoscere il nostro mondo sportivo e le attivit\u00e0, anche meno note, che si svolgono nel Bellunese\u00bb.<\/p>\n<p><strong>Il convegno \u201cEticamente sport\u201d<\/strong><br \/>\nSabato 28, con inizio alle 20.00 in Sala Bianchi\u201d, si terr\u00e0 poi il convegno \u201cEticamente sport. Il valore dell&#8217;alimentazione\u201d.<br \/>\nOspite della serata sar\u00e0 Luca Speciani, medico e dottore in Scienze Agrarie, docente di master universitari, presidente di AMPAS &#8211; Associazione Medici Per un&#8217;Alimentazione di Segnale, creatore di DietaGIFT, maratoneta, trailer, triatleta e responsabile medico nutrizionale della nazionale di ultramaratona.<br \/>\nModeratore dell&#8217;incontro sar\u00e0 il dottor Giangiacomo Nicolini.<br \/>\n\u00abProseguiamo con questo convegno il cammino iniziato con l&#8217;adozione della Carta etica dello sport, avvenuta nel giugno dello scorso anno. &#8211; sottolinea Bogo \u2013 Anche i temi della salute e dell&#8217;alimentazione sono legati all&#8217;etica sportiva, e in questa occasione abbiamo la fortuna di avere<br \/>\nun vero luminare in questo campo, che gi\u00e0 nella sua precedente visita a Belluno aveva fatto registrare il tutto esaurito in sala. Sar\u00e0 un&#8217;occasione da non perdere, per gli sportivi, ma non solo\u00bb.<br \/>\nL&#8217;indomani, domenica 29 con partenza alle 9.00, si correr\u00e0 poi il Trail del Nevegal, organizzato da Nevegallika su due percorsi da 8 e 21 km: \u00ab\u00c8 un altro evento che promuove il nostro Colle e la corsa in montagna, promozione sportiva che il Comune di Belluno appoggia e ha appoggiato anche recentemente, sostenendo anche economicamente le realt\u00e0 come Nevegallika che organizzano questo tipo di gare\u00bb, conclude Bogo.<\/p>","protected":false},"excerpt":{"rendered":"<p>Si celebra in tutta Europa del 23 al 30 settembre la Settimana Europea dello sport e anche il Comune di Belluno entra nel calendario nazionale delle iniziative legate all&#8217;evento, previsto dalla Commissione Europea sulla base del Piano di lavoro UE per lo sport 2017-2020. Sport in piazza Puntuale come tutti gli anni, torna \u201cSport in [&hellip;]<\/p>\n","protected":false},"author":2,"featured_media":0,"comment_status":"closed","ping_status":"open","sticky":false,"template":"","format":"standard","meta":{"footnotes":""},"categories":[27,26,4],"tags":[],"class_list":["post-108028","post","type-post","status-publish","format-standard","category-appuntamenti","category-prima-pagina","category-sport"],"yoast_head":"<!-- This site is optimized with the Yoast SEO plugin v28.4 - https:\/\/yoast.com\/product\/yoast-seo-wordpress\/ -->\n<title>Settimana Europea dello Sport. \u201c Sport in piazza\u201d e un convegno con Luca Speciani - Bellunopress - Dolomiti<\/title>\n<meta name=\"robots\" content=\"index, follow, max-snippet:-1, max-image-preview:large, max-video-preview:-1\" \/>\n<link rel=\"canonical\" href=\"https:\/\/www.bellunopress.it\/fr\/2019\/09\/19\/settimana-europea-dello-sport-sport-in-piazza-e-un-convegno-con-luca-speciani\/\" \/>\n<meta property=\"og:locale\" content=\"fr_FR\" \/>\n<meta property=\"og:type\" content=\"article\" \/>\n<meta property=\"og:title\" content=\"Settimana Europea dello Sport. \u201c Sport in piazza\u201d e un convegno con Luca Speciani - Bellunopress - Dolomiti\" \/>\n<meta property=\"og:description\" content=\"Si celebra in tutta Europa del 23 al 30 settembre la Settimana Europea dello sport e anche il Comune di Belluno entra nel calendario nazionale delle iniziative legate all&#8217;evento, previsto dalla Commissione Europea sulla base del Piano di lavoro UE per lo sport 2017-2020. Sport in piazza Puntuale come tutti gli anni, torna \u201cSport in [&hellip;]\" \/>\n<meta property=\"og:url\" content=\"https:\/\/www.bellunopress.it\/fr\/2019\/09\/19\/settimana-europea-dello-sport-sport-in-piazza-e-un-convegno-con-luca-speciani\/\" \/>\n<meta property=\"og:site_name\" content=\"Bellunopress - Dolomiti\" \/>\n<meta property=\"article:publisher\" content=\"https:\/\/www.facebook.com\/profile.php?id=100008943462799\" \/>\n<meta property=\"article:published_time\" content=\"2019-09-19T16:25:08+00:00\" \/>\n<meta property=\"og:image\" content=\"http:\/\/www.bellunopress.it\/wp-content\/uploads\/2017\/07\/marco-bogo.jpg\" \/>\n<meta name=\"author\" content=\"redazione\" \/>\n<meta name=\"twitter:card\" content=\"summary_large_image\" \/>\n<meta name=\"twitter:creator\" content=\"@bellunopress\" \/>\n<meta name=\"twitter:site\" content=\"@bellunopress\" \/>\n<meta name=\"twitter:label1\" content=\"\u00c9crit par\" \/>\n\t<meta name=\"twitter:data1\" content=\"redazione\" \/>\n\t<meta name=\"twitter:label2\" content=\"Dur\u00e9e de lecture estim\u00e9e\" \/>\n\t<meta name=\"twitter:data2\" content=\"2 minutes\" \/>\n<script type=\"application\/ld+json\" class=\"yoast-schema-graph\">{\"@context\":\"https:\\\/\\\/schema.org\",\"@graph\":[{\"@type\":\"Article\",\"@id\":\"https:\\\/\\\/www.bellunopress.it\\\/2019\\\/09\\\/19\\\/settimana-europea-dello-sport-sport-in-piazza-e-un-convegno-con-luca-speciani\\\/#article\",\"isPartOf\":{\"@id\":\"https:\\\/\\\/www.bellunopress.it\\\/2019\\\/09\\\/19\\\/settimana-europea-dello-sport-sport-in-piazza-e-un-convegno-con-luca-speciani\\\/\"},\"author\":{\"name\":\"redazione\",\"@id\":\"https:\\\/\\\/www.bellunopress.it\\\/#\\\/schema\\\/person\\\/79bb06722b37ece1c03d3e94beb30d73\"},\"headline\":\"Settimana Europea dello Sport. \u201c Sport in piazza\u201d e un convegno con Luca Speciani\",\"datePublished\":\"2019-09-19T16:25:08+00:00\",\"mainEntityOfPage\":{\"@id\":\"https:\\\/\\\/www.bellunopress.it\\\/2019\\\/09\\\/19\\\/settimana-europea-dello-sport-sport-in-piazza-e-un-convegno-con-luca-speciani\\\/\"},\"wordCount\":503,\"publisher\":{\"@id\":\"https:\\\/\\\/www.bellunopress.it\\\/#organization\"},\"image\":{\"@id\":\"https:\\\/\\\/www.bellunopress.it\\\/2019\\\/09\\\/19\\\/settimana-europea-dello-sport-sport-in-piazza-e-un-convegno-con-luca-speciani\\\/#primaryimage\"},\"thumbnailUrl\":\"http:\\\/\\\/www.bellunopress.it\\\/wp-content\\\/uploads\\\/2017\\\/07\\\/marco-bogo.jpg\",\"articleSection\":[\"Appuntamenti, Eventi\",\"Prima Pagina\",\"Sport, tempo libero\"],\"inLanguage\":\"fr-FR\"},{\"@type\":\"WebPage\",\"@id\":\"https:\\\/\\\/www.bellunopress.it\\\/2019\\\/09\\\/19\\\/settimana-europea-dello-sport-sport-in-piazza-e-un-convegno-con-luca-speciani\\\/\",\"url\":\"https:\\\/\\\/www.bellunopress.it\\\/2019\\\/09\\\/19\\\/settimana-europea-dello-sport-sport-in-piazza-e-un-convegno-con-luca-speciani\\\/\",\"name\":\"Settimana Europea dello Sport. \u201c Sport in piazza\u201d e un convegno con Luca Speciani - Bellunopress - Dolomiti\",\"isPartOf\":{\"@id\":\"https:\\\/\\\/www.bellunopress.it\\\/#website\"},\"primaryImageOfPage\":{\"@id\":\"https:\\\/\\\/www.bellunopress.it\\\/2019\\\/09\\\/19\\\/settimana-europea-dello-sport-sport-in-piazza-e-un-convegno-con-luca-speciani\\\/#primaryimage\"},\"image\":{\"@id\":\"https:\\\/\\\/www.bellunopress.it\\\/2019\\\/09\\\/19\\\/settimana-europea-dello-sport-sport-in-piazza-e-un-convegno-con-luca-speciani\\\/#primaryimage\"},\"thumbnailUrl\":\"http:\\\/\\\/www.bellunopress.it\\\/wp-content\\\/uploads\\\/2017\\\/07\\\/marco-bogo.jpg\",\"datePublished\":\"2019-09-19T16:25:08+00:00\",\"breadcrumb\":{\"@id\":\"https:\\\/\\\/www.bellunopress.it\\\/2019\\\/09\\\/19\\\/settimana-europea-dello-sport-sport-in-piazza-e-un-convegno-con-luca-speciani\\\/#breadcrumb\"},\"inLanguage\":\"fr-FR\",\"potentialAction\":[{\"@type\":\"ReadAction\",\"target\":[\"https:\\\/\\\/www.bellunopress.it\\\/2019\\\/09\\\/19\\\/settimana-europea-dello-sport-sport-in-piazza-e-un-convegno-con-luca-speciani\\\/\"]}]},{\"@type\":\"ImageObject\",\"inLanguage\":\"fr-FR\",\"@id\":\"https:\\\/\\\/www.bellunopress.it\\\/2019\\\/09\\\/19\\\/settimana-europea-dello-sport-sport-in-piazza-e-un-convegno-con-luca-speciani\\\/#primaryimage\",\"url\":\"http:\\\/\\\/www.bellunopress.it\\\/wp-content\\\/uploads\\\/2017\\\/07\\\/marco-bogo.jpg\",\"contentUrl\":\"http:\\\/\\\/www.bellunopress.it\\\/wp-content\\\/uploads\\\/2017\\\/07\\\/marco-bogo.jpg\"},{\"@type\":\"BreadcrumbList\",\"@id\":\"https:\\\/\\\/www.bellunopress.it\\\/2019\\\/09\\\/19\\\/settimana-europea-dello-sport-sport-in-piazza-e-un-convegno-con-luca-speciani\\\/#breadcrumb\",\"itemListElement\":[{\"@type\":\"ListItem\",\"position\":1,\"name\":\"Home\",\"item\":\"https:\\\/\\\/www.bellunopress.it\\\/\"},{\"@type\":\"ListItem\",\"position\":2,\"name\":\"Settimana Europea dello Sport. \u201c Sport in piazza\u201d e un convegno con Luca Speciani\"}]},{\"@type\":\"WebSite\",\"@id\":\"https:\\\/\\\/www.bellunopress.it\\\/#website\",\"url\":\"https:\\\/\\\/www.bellunopress.it\\\/\",\"name\":\"Bellunopress - Dolomiti\",\"description\":\"e-mail: redazione@bellunopress.it\",\"publisher\":{\"@id\":\"https:\\\/\\\/www.bellunopress.it\\\/#organization\"},\"potentialAction\":[{\"@type\":\"SearchAction\",\"target\":{\"@type\":\"EntryPoint\",\"urlTemplate\":\"https:\\\/\\\/www.bellunopress.it\\\/?s={search_term_string}\"},\"query-input\":{\"@type\":\"PropertyValueSpecification\",\"valueRequired\":true,\"valueName\":\"search_term_string\"}}],\"inLanguage\":\"fr-FR\"},{\"@type\":\"Organization\",\"@id\":\"https:\\\/\\\/www.bellunopress.it\\\/#organization\",\"name\":\"Bellunopress\",\"url\":\"https:\\\/\\\/www.bellunopress.it\\\/\",\"logo\":{\"@type\":\"ImageObject\",\"inLanguage\":\"fr-FR\",\"@id\":\"https:\\\/\\\/www.bellunopress.it\\\/#\\\/schema\\\/logo\\\/image\\\/\",\"url\":\"https:\\\/\\\/www.bellunopress.it\\\/wp-content\\\/uploads\\\/2011\\\/05\\\/cropped-logo-bellunopress-.jpg\",\"contentUrl\":\"https:\\\/\\\/www.bellunopress.it\\\/wp-content\\\/uploads\\\/2011\\\/05\\\/cropped-logo-bellunopress-.jpg\",\"width\":512,\"height\":512,\"caption\":\"Bellunopress\"},\"image\":{\"@id\":\"https:\\\/\\\/www.bellunopress.it\\\/#\\\/schema\\\/logo\\\/image\\\/\"},\"sameAs\":[\"https:\\\/\\\/www.facebook.com\\\/profile.php?id=100008943462799\",\"https:\\\/\\\/x.com\\\/bellunopress\",\"https:\\\/\\\/www.linkedin.com\\\/hp\\\/?dnr=JBzUWaJfMUw8vbXJJ2tVW5-I3jZKvC4wsoxE&amp;amp;amp;amp;amp;amp;trk=nav_responsive_tab_home\",\"https:\\\/\\\/www.youtube.com\\\/channel\\\/UCxL0wu1uN0_3_7hGG0306cw\"]},{\"@type\":\"Person\",\"@id\":\"https:\\\/\\\/www.bellunopress.it\\\/#\\\/schema\\\/person\\\/79bb06722b37ece1c03d3e94beb30d73\",\"name\":\"redazione\",\"image\":{\"@type\":\"ImageObject\",\"inLanguage\":\"fr-FR\",\"@id\":\"https:\\\/\\\/secure.gravatar.com\\\/avatar\\\/37d968a2e67a6fd04c169c4bdef102d0bc5d31b2546345219e348575eb80e9a0?s=96&d=mm&r=g\",\"url\":\"https:\\\/\\\/secure.gravatar.com\\\/avatar\\\/37d968a2e67a6fd04c169c4bdef102d0bc5d31b2546345219e348575eb80e9a0?s=96&d=mm&r=g\",\"contentUrl\":\"https:\\\/\\\/secure.gravatar.com\\\/avatar\\\/37d968a2e67a6fd04c169c4bdef102d0bc5d31b2546345219e348575eb80e9a0?s=96&d=mm&r=g\",\"caption\":\"redazione\"},\"sameAs\":[\"http:\\\/\\\/www.bellunopress.it\",\"https:\\\/\\\/x.com\\\/bellunopress\"],\"url\":\"https:\\\/\\\/www.bellunopress.it\\\/fr\\\/author\\\/redazione\\\/\"}]}<\/script>\n<!-- \/ Yoast SEO plugin. -->","yoast_head_json":{"title":"Settimana Europea dello Sport. \u201c Sport in piazza\u201d e un convegno con Luca Speciani - Bellunopress - Dolomiti","robots":{"index":"index","follow":"follow","max-snippet":"max-snippet:-1","max-image-preview":"max-image-preview:large","max-video-preview":"max-video-preview:-1"},"canonical":"https:\/\/www.bellunopress.it\/fr\/2019\/09\/19\/settimana-europea-dello-sport-sport-in-piazza-e-un-convegno-con-luca-speciani\/","og_locale":"fr_FR","og_type":"article","og_title":"Settimana Europea dello Sport. \u201c Sport in piazza\u201d e un convegno con Luca Speciani - Bellunopress - Dolomiti","og_description":"Si celebra in tutta Europa del 23 al 30 settembre la Settimana Europea dello sport e anche il Comune di Belluno entra nel calendario nazionale delle iniziative legate all&#8217;evento, previsto dalla Commissione Europea sulla base del Piano di lavoro UE per lo sport 2017-2020. Sport in piazza Puntuale come tutti gli anni, torna \u201cSport in [&hellip;]","og_url":"https:\/\/www.bellunopress.it\/fr\/2019\/09\/19\/settimana-europea-dello-sport-sport-in-piazza-e-un-convegno-con-luca-speciani\/","og_site_name":"Bellunopress - Dolomiti","article_publisher":"https:\/\/www.facebook.com\/profile.php?id=100008943462799","article_published_time":"2019-09-19T16:25:08+00:00","og_image":[{"url":"http:\/\/www.bellunopress.it\/wp-content\/uploads\/2017\/07\/marco-bogo.jpg","type":"","width":"","height":""}],"author":"redazione","twitter_card":"summary_large_image","twitter_creator":"@bellunopress","twitter_site":"@bellunopress","twitter_misc":{"\u00c9crit par":"redazione","Dur\u00e9e de lecture estim\u00e9e":"2 minutes"},"schema":{"@context":"https:\/\/schema.org","@graph":[{"@type":"Article","@id":"https:\/\/www.bellunopress.it\/2019\/09\/19\/settimana-europea-dello-sport-sport-in-piazza-e-un-convegno-con-luca-speciani\/#article","isPartOf":{"@id":"https:\/\/www.bellunopress.it\/2019\/09\/19\/settimana-europea-dello-sport-sport-in-piazza-e-un-convegno-con-luca-speciani\/"},"author":{"name":"redazione","@id":"https:\/\/www.bellunopress.it\/#\/schema\/person\/79bb06722b37ece1c03d3e94beb30d73"},"headline":"Settimana Europea dello Sport. \u201c Sport in piazza\u201d e un convegno con Luca Speciani","datePublished":"2019-09-19T16:25:08+00:00","mainEntityOfPage":{"@id":"https:\/\/www.bellunopress.it\/2019\/09\/19\/settimana-europea-dello-sport-sport-in-piazza-e-un-convegno-con-luca-speciani\/"},"wordCount":503,"publisher":{"@id":"https:\/\/www.bellunopress.it\/#organization"},"image":{"@id":"https:\/\/www.bellunopress.it\/2019\/09\/19\/settimana-europea-dello-sport-sport-in-piazza-e-un-convegno-con-luca-speciani\/#primaryimage"},"thumbnailUrl":"http:\/\/www.bellunopress.it\/wp-content\/uploads\/2017\/07\/marco-bogo.jpg","articleSection":["Appuntamenti, Eventi","Prima Pagina","Sport, tempo libero"],"inLanguage":"fr-FR"},{"@type":"WebPage","@id":"https:\/\/www.bellunopress.it\/2019\/09\/19\/settimana-europea-dello-sport-sport-in-piazza-e-un-convegno-con-luca-speciani\/","url":"https:\/\/www.bellunopress.it\/2019\/09\/19\/settimana-europea-dello-sport-sport-in-piazza-e-un-convegno-con-luca-speciani\/","name":"Settimana Europea dello Sport. \u201c Sport in piazza\u201d e un convegno con Luca Speciani - Bellunopress - Dolomiti","isPartOf":{"@id":"https:\/\/www.bellunopress.it\/#website"},"primaryImageOfPage":{"@id":"https:\/\/www.bellunopress.it\/2019\/09\/19\/settimana-europea-dello-sport-sport-in-piazza-e-un-convegno-con-luca-speciani\/#primaryimage"},"image":{"@id":"https:\/\/www.bellunopress.it\/2019\/09\/19\/settimana-europea-dello-sport-sport-in-piazza-e-un-convegno-con-luca-speciani\/#primaryimage"},"thumbnailUrl":"http:\/\/www.bellunopress.it\/wp-content\/uploads\/2017\/07\/marco-bogo.jpg","datePublished":"2019-09-19T16:25:08+00:00","breadcrumb":{"@id":"https:\/\/www.bellunopress.it\/2019\/09\/19\/settimana-europea-dello-sport-sport-in-piazza-e-un-convegno-con-luca-speciani\/#breadcrumb"},"inLanguage":"fr-FR","potentialAction":[{"@type":"ReadAction","target":["https:\/\/www.bellunopress.it\/2019\/09\/19\/settimana-europea-dello-sport-sport-in-piazza-e-un-convegno-con-luca-speciani\/"]}]},{"@type":"ImageObject","inLanguage":"fr-FR","@id":"https:\/\/www.bellunopress.it\/2019\/09\/19\/settimana-europea-dello-sport-sport-in-piazza-e-un-convegno-con-luca-speciani\/#primaryimage","url":"http:\/\/www.bellunopress.it\/wp-content\/uploads\/2017\/07\/marco-bogo.jpg","contentUrl":"http:\/\/www.bellunopress.it\/wp-content\/uploads\/2017\/07\/marco-bogo.jpg"},{"@type":"BreadcrumbList","@id":"https:\/\/www.bellunopress.it\/2019\/09\/19\/settimana-europea-dello-sport-sport-in-piazza-e-un-convegno-con-luca-speciani\/#breadcrumb","itemListElement":[{"@type":"ListItem","position":1,"name":"Home","item":"https:\/\/www.bellunopress.it\/"},{"@type":"ListItem","position":2,"name":"Settimana Europea dello Sport. \u201c Sport in piazza\u201d e un convegno con Luca Speciani"}]},{"@type":"WebSite","@id":"https:\/\/www.bellunopress.it\/#website","url":"https:\/\/www.bellunopress.it\/","name":"Bellunopress - Dolomiti","description":"e-mail: redazione@bellunopress.it","publisher":{"@id":"https:\/\/www.bellunopress.it\/#organization"},"potentialAction":[{"@type":"SearchAction","target":{"@type":"EntryPoint","urlTemplate":"https:\/\/www.bellunopress.it\/?s={search_term_string}"},"query-input":{"@type":"PropertyValueSpecification","valueRequired":true,"valueName":"search_term_string"}}],"inLanguage":"fr-FR"},{"@type":"Organization","@id":"https:\/\/www.bellunopress.it\/#organization","name":"Bellunopress","url":"https:\/\/www.bellunopress.it\/","logo":{"@type":"ImageObject","inLanguage":"fr-FR","@id":"https:\/\/www.bellunopress.it\/#\/schema\/logo\/image\/","url":"https:\/\/www.bellunopress.it\/wp-content\/uploads\/2011\/05\/cropped-logo-bellunopress-.jpg","contentUrl":"https:\/\/www.bellunopress.it\/wp-content\/uploads\/2011\/05\/cropped-logo-bellunopress-.jpg","width":512,"height":512,"caption":"Bellunopress"},"image":{"@id":"https:\/\/www.bellunopress.it\/#\/schema\/logo\/image\/"},"sameAs":["https:\/\/www.facebook.com\/profile.php?id=100008943462799","https:\/\/x.com\/bellunopress","https:\/\/www.linkedin.com\/hp\/?dnr=JBzUWaJfMUw8vbXJJ2tVW5-I3jZKvC4wsoxE&amp;amp;amp;amp;amp;amp;trk=nav_responsive_tab_home","https:\/\/www.youtube.com\/channel\/UCxL0wu1uN0_3_7hGG0306cw"]},{"@type":"Person","@id":"https:\/\/www.bellunopress.it\/#\/schema\/person\/79bb06722b37ece1c03d3e94beb30d73","name":"r\u00e9daction","image":{"@type":"ImageObject","inLanguage":"fr-FR","@id":"https:\/\/secure.gravatar.com\/avatar\/37d968a2e67a6fd04c169c4bdef102d0bc5d31b2546345219e348575eb80e9a0?s=96&d=mm&r=g","url":"https:\/\/secure.gravatar.com\/avatar\/37d968a2e67a6fd04c169c4bdef102d0bc5d31b2546345219e348575eb80e9a0?s=96&d=mm&r=g","contentUrl":"https:\/\/secure.gravatar.com\/avatar\/37d968a2e67a6fd04c169c4bdef102d0bc5d31b2546345219e348575eb80e9a0?s=96&d=mm&r=g","caption":"redazione"},"sameAs":["http:\/\/www.bellunopress.it","https:\/\/x.com\/bellunopress"],"url":"https:\/\/www.bellunopress.it\/fr\/author\/redazione\/"}]}},"_links":{"self":[{"href":"https:\/\/www.bellunopress.it\/fr\/wp-json\/wp\/v2\/posts\/108028","targetHints":{"allow":["GET"]}}],"collection":[{"href":"https:\/\/www.bellunopress.it\/fr\/wp-json\/wp\/v2\/posts"}],"about":[{"href":"https:\/\/www.bellunopress.it\/fr\/wp-json\/wp\/v2\/types\/post"}],"author":[{"embeddable":true,"href":"https:\/\/www.bellunopress.it\/fr\/wp-json\/wp\/v2\/users\/2"}],"replies":[{"embeddable":true,"href":"https:\/\/www.bellunopress.it\/fr\/wp-json\/wp\/v2\/comments?post=108028"}],"version-history":[{"count":1,"href":"https:\/\/www.bellunopress.it\/fr\/wp-json\/wp\/v2\/posts\/108028\/revisions"}],"predecessor-version":[{"id":108029,"href":"https:\/\/www.bellunopress.it\/fr\/wp-json\/wp\/v2\/posts\/108028\/revisions\/108029"}],"wp:attachment":[{"href":"https:\/\/www.bellunopress.it\/fr\/wp-json\/wp\/v2\/media?parent=108028"}],"wp:term":[{"taxonomy":"category","embeddable":true,"href":"https:\/\/www.bellunopress.it\/fr\/wp-json\/wp\/v2\/categories?post=108028"},{"taxonomy":"post_tag","embeddable":true,"href":"https:\/\/www.bellunopress.it\/fr\/wp-json\/wp\/v2\/tags?post=108028"}],"curies":[{"name":"wp","href":"https:\/\/api.w.org\/{rel}","templated":true}]}}