{"id":108020,"date":"2019-09-22T16:47:58","date_gmt":"2019-09-22T14:47:58","guid":{"rendered":"http:\/\/www.bellunopress.it\/?p=108020"},"modified":"2019-09-23T12:27:29","modified_gmt":"2019-09-23T10:27:29","slug":"7-caseifici-bellunesi-il-28-29-settembre-al-caseus-veneti-di-piazzola-sul-brenta","status":"publish","type":"post","link":"https:\/\/www.bellunopress.it\/fr\/2019\/09\/22\/7-caseifici-bellunesi-il-28-29-settembre-al-caseus-veneti-di-piazzola-sul-brenta\/","title":{"rendered":"7 caseifici bellunesi il 28-29 settembre al Caseus Veneti di Piazzola sul  Brenta"},"content":{"rendered":"<p>Ritorna la 15\u00aa edizione dell&#8217;evento pi\u00f9 goloso del Veneto con oltre 70 caseifici e 400 formaggi in concorso. Un appuntamento gratuito con degustazioni guidate,\u00a0cooking show, caseificazioni in diretta e mostra mercato.<\/p>\n<p><a href=\"http:\/\/www.bellunopress.it\/fr\/2018\/09\/29\/tre-medaglie-doro-ai-caseifici-bellunesi-a-villa-contarini-alla-rassegna-dei-formaggi-caseus-veneti-2018\/caseus-veneti\/\" rel=\"attachment wp-att-98297\"><img loading=\"lazy\" decoding=\"async\" class=\"alignleft size-full wp-image-98297\" src=\"http:\/\/www.bellunopress.it\/wp-content\/uploads\/2018\/09\/Caseus-veneti.jpg\" alt=\"\" width=\"300\" height=\"207\" \/><\/a>Un tripudio di formaggi in gara per aggiudicarsi la medaglia pi\u00f9 meritevole. Caseus Veneti non \u00e8 solo un concorso, \u00e8 una festa del gusto e di un prodotto, il formaggio, che \u00e8 metafora di identit\u00e0, storia e tradizione. Un evento che giunge alla 15^ edizione che \u00e8 manifesto di una sempre crescente attenzione a territorio, gusto e valorizzazione dell&#8217;arte casearia, in tutte le sue forme. Un concorso che premier\u00e0 38 categorie, tante sono le eccellenze casearie venete, che si distribuiscono tra Denominazioni di Origine Protetta, formaggi tipici, caprini, freschi, freschissimi, affinati, stagionati e molto altro. Oltre 70 i caseifici in gara (di cui 7 bellunesi) per una competizione che valuta pi\u00f9 di 400 prodotti caseari che si potranno degustare, ammirare e acquistare a partire dalle 10:15 di Sabato 28 settembre, quando verr\u00e0 tagliato il nastro inaugurale, e per tutta domenica 29 settembre dalle 10:00 alle 19:00 a Villa Contarini (PD).<\/p>\n<p>Un concorso che mette in mostra tutto il tesoro della produzione casearia della Regione Veneto e che quest&#8217;anno apre due sezioni speciali: il primo concorso Nazionale dei Formaggi di Fattoria, e Il primo concorso nazionale Formaggi di Montagna. Queste le grandi novit\u00e0 della kermesse 2019, che abbraccia tutte le regioni e rimette al centro la figura del pastore-casaro e il ritorno alle origini della tecnica casearia, con particolare attenzione alle zone montane. Informare il consumatore, questo l&#8217;obiettivo dell&#8217;iniziativa, ad una scelta consapevole e alla conoscenza delle qualit\u00e0 e caratteristiche dei formaggi DOP e delle grandi produzioni tipiche locali. Tra i grandi protagonisti indiscussi dell&#8217;evento, i Consorzi di Tutela dei formaggi DOP come Asiago, Casatella Trevigiana, Montasio, Monte Veronese, Piave, Provolone Valpadana e Mozzarella STG con la guida del Consorzio del Grana Padano che \u00e8 capofila di un comitato promotore davvero eccellente: ben 8 denominazioni protette a livello comunitario.<\/p>\n<p>Due giornate ad ingresso gratuito dove la qualit\u00e0 e l&#8217;eccellenza metteranno in relazione visitatori e produttori attraverso tantissime esperienze ed attivit\u00e0. Numerose le iniziative come le caseificazioni in diretta, le &#8220;degustazioni al buio&#8221;, gli abbinamenti vino \u2013 formaggio, le pizze con i Dop e i cooking show dove 7 chef provenienti da diverse regioni reinterpreteranno le denominazioni venete. Non mancheranno inoltre le Lezioni di cucina con lo chef stellato italo-francese Michel Basaldella che presenta il suo nuovo concetto di &#8220;RISO alternative food&#8221; ricette di risotti con formaggi DOP del Veneto in collaborazione con l&#8217;istituto per l&#8217;enogastonomia Dieffe di Padova.<\/p>\n<p>Non solo formaggi ma anche trenta gustose eccellenze animeranno l&#8217;area shop con cioccolati, vini, birre, liquori, salumi, insaccati e molto altro. Nel parco monumentale di Villa Contarini si svolger\u00e0 nella mattinata di domenica anche la seconda edizione della MOOHRUN Cheese Edition corsa podistica non competitiva aperta a tutti. Riconfermato anche per l&#8217;edizione 2019 il sostegno alla Fondazione Citt\u00e0 della Speranza sia con la cena benefica che anticiper\u00e0 l&#8217;evento gioved\u00ec 26 settembre presso l&#8217;agriturismo La Penisola a Campo san Martino Padova, sia con la possibilit\u00e0, Sabato e Domenica durante la manifestazione, di acquistare i formaggi in concorso presso lo spazio dedicato alle Forme di Solidariet\u00e0, dove la collaborazione riguarder\u00e0 anche la Onlus Life Inside.<\/p>\n<p>Un evento adatto a tutti: amanti del buon cibo, famiglie, critici e curiosi<\/p>\n<p>Tutte le informazioni sul sito www.caseusveneti.it e sulla pagina facebook Caseus Veneti.<\/p>","protected":false},"excerpt":{"rendered":"<p>Ritorna la 15\u00aa edizione dell&#8217;evento pi\u00f9 goloso del Veneto con oltre 70 caseifici e 400 formaggi in concorso. Un appuntamento gratuito con degustazioni guidate,\u00a0cooking show, caseificazioni in diretta e mostra mercato. Un tripudio di formaggi in gara per aggiudicarsi la medaglia pi\u00f9 meritevole. Caseus Veneti non \u00e8 solo un concorso, \u00e8 una festa del gusto [&hellip;]<\/p>\n","protected":false},"author":2,"featured_media":0,"comment_status":"closed","ping_status":"open","sticky":false,"template":"","format":"standard","meta":{"footnotes":""},"categories":[27,3393],"tags":[],"class_list":["post-108020","post","type-post","status-publish","format-standard","category-appuntamenti","category-eventi-enogastronomici"],"yoast_head":"<!-- This site is optimized with the Yoast SEO plugin v28.4 - https:\/\/yoast.com\/product\/yoast-seo-wordpress\/ -->\n<title>7 caseifici bellunesi il 28-29 settembre al Caseus Veneti di Piazzola sul Brenta - Bellunopress - Dolomiti<\/title>\n<meta name=\"robots\" content=\"index, follow, max-snippet:-1, max-image-preview:large, max-video-preview:-1\" \/>\n<link rel=\"canonical\" href=\"https:\/\/www.bellunopress.it\/fr\/2019\/09\/22\/7-caseifici-bellunesi-il-28-29-settembre-al-caseus-veneti-di-piazzola-sul-brenta\/\" \/>\n<meta property=\"og:locale\" content=\"fr_FR\" \/>\n<meta property=\"og:type\" content=\"article\" \/>\n<meta property=\"og:title\" content=\"7 caseifici bellunesi il 28-29 settembre al Caseus Veneti di Piazzola sul Brenta - Bellunopress - Dolomiti\" \/>\n<meta property=\"og:description\" content=\"Ritorna la 15\u00aa edizione dell&#8217;evento pi\u00f9 goloso del Veneto con oltre 70 caseifici e 400 formaggi in concorso. Un appuntamento gratuito con degustazioni guidate,\u00a0cooking show, caseificazioni in diretta e mostra mercato. Un tripudio di formaggi in gara per aggiudicarsi la medaglia pi\u00f9 meritevole. Caseus Veneti non \u00e8 solo un concorso, \u00e8 una festa del gusto [&hellip;]\" \/>\n<meta property=\"og:url\" content=\"https:\/\/www.bellunopress.it\/fr\/2019\/09\/22\/7-caseifici-bellunesi-il-28-29-settembre-al-caseus-veneti-di-piazzola-sul-brenta\/\" \/>\n<meta property=\"og:site_name\" content=\"Bellunopress - Dolomiti\" \/>\n<meta property=\"article:publisher\" content=\"https:\/\/www.facebook.com\/profile.php?id=100008943462799\" \/>\n<meta property=\"article:published_time\" content=\"2019-09-22T14:47:58+00:00\" \/>\n<meta property=\"article:modified_time\" content=\"2019-09-23T10:27:29+00:00\" \/>\n<meta property=\"og:image\" content=\"http:\/\/www.bellunopress.it\/wp-content\/uploads\/2018\/09\/Caseus-veneti.jpg\" \/>\n<meta name=\"author\" content=\"redazione\" \/>\n<meta name=\"twitter:card\" content=\"summary_large_image\" \/>\n<meta name=\"twitter:creator\" content=\"@bellunopress\" \/>\n<meta name=\"twitter:site\" content=\"@bellunopress\" \/>\n<meta name=\"twitter:label1\" content=\"\u00c9crit par\" \/>\n\t<meta name=\"twitter:data1\" content=\"redazione\" \/>\n\t<meta name=\"twitter:label2\" content=\"Dur\u00e9e de lecture estim\u00e9e\" \/>\n\t<meta name=\"twitter:data2\" content=\"3 minutes\" \/>\n<script type=\"application\/ld+json\" class=\"yoast-schema-graph\">{\"@context\":\"https:\\\/\\\/schema.org\",\"@graph\":[{\"@type\":\"Article\",\"@id\":\"https:\\\/\\\/www.bellunopress.it\\\/2019\\\/09\\\/22\\\/7-caseifici-bellunesi-il-28-29-settembre-al-caseus-veneti-di-piazzola-sul-brenta\\\/#article\",\"isPartOf\":{\"@id\":\"https:\\\/\\\/www.bellunopress.it\\\/2019\\\/09\\\/22\\\/7-caseifici-bellunesi-il-28-29-settembre-al-caseus-veneti-di-piazzola-sul-brenta\\\/\"},\"author\":{\"name\":\"redazione\",\"@id\":\"https:\\\/\\\/www.bellunopress.it\\\/#\\\/schema\\\/person\\\/79bb06722b37ece1c03d3e94beb30d73\"},\"headline\":\"7 caseifici bellunesi il 28-29 settembre al Caseus Veneti di Piazzola sul Brenta\",\"datePublished\":\"2019-09-22T14:47:58+00:00\",\"dateModified\":\"2019-09-23T10:27:29+00:00\",\"mainEntityOfPage\":{\"@id\":\"https:\\\/\\\/www.bellunopress.it\\\/2019\\\/09\\\/22\\\/7-caseifici-bellunesi-il-28-29-settembre-al-caseus-veneti-di-piazzola-sul-brenta\\\/\"},\"wordCount\":570,\"publisher\":{\"@id\":\"https:\\\/\\\/www.bellunopress.it\\\/#organization\"},\"image\":{\"@id\":\"https:\\\/\\\/www.bellunopress.it\\\/2019\\\/09\\\/22\\\/7-caseifici-bellunesi-il-28-29-settembre-al-caseus-veneti-di-piazzola-sul-brenta\\\/#primaryimage\"},\"thumbnailUrl\":\"http:\\\/\\\/www.bellunopress.it\\\/wp-content\\\/uploads\\\/2018\\\/09\\\/Caseus-veneti.jpg\",\"articleSection\":[\"Appuntamenti, Eventi\",\"Eventi enogastronomici\"],\"inLanguage\":\"fr-FR\"},{\"@type\":\"WebPage\",\"@id\":\"https:\\\/\\\/www.bellunopress.it\\\/2019\\\/09\\\/22\\\/7-caseifici-bellunesi-il-28-29-settembre-al-caseus-veneti-di-piazzola-sul-brenta\\\/\",\"url\":\"https:\\\/\\\/www.bellunopress.it\\\/2019\\\/09\\\/22\\\/7-caseifici-bellunesi-il-28-29-settembre-al-caseus-veneti-di-piazzola-sul-brenta\\\/\",\"name\":\"7 caseifici bellunesi il 28-29 settembre al Caseus Veneti di Piazzola sul Brenta - Bellunopress - Dolomiti\",\"isPartOf\":{\"@id\":\"https:\\\/\\\/www.bellunopress.it\\\/#website\"},\"primaryImageOfPage\":{\"@id\":\"https:\\\/\\\/www.bellunopress.it\\\/2019\\\/09\\\/22\\\/7-caseifici-bellunesi-il-28-29-settembre-al-caseus-veneti-di-piazzola-sul-brenta\\\/#primaryimage\"},\"image\":{\"@id\":\"https:\\\/\\\/www.bellunopress.it\\\/2019\\\/09\\\/22\\\/7-caseifici-bellunesi-il-28-29-settembre-al-caseus-veneti-di-piazzola-sul-brenta\\\/#primaryimage\"},\"thumbnailUrl\":\"http:\\\/\\\/www.bellunopress.it\\\/wp-content\\\/uploads\\\/2018\\\/09\\\/Caseus-veneti.jpg\",\"datePublished\":\"2019-09-22T14:47:58+00:00\",\"dateModified\":\"2019-09-23T10:27:29+00:00\",\"breadcrumb\":{\"@id\":\"https:\\\/\\\/www.bellunopress.it\\\/2019\\\/09\\\/22\\\/7-caseifici-bellunesi-il-28-29-settembre-al-caseus-veneti-di-piazzola-sul-brenta\\\/#breadcrumb\"},\"inLanguage\":\"fr-FR\",\"potentialAction\":[{\"@type\":\"ReadAction\",\"target\":[\"https:\\\/\\\/www.bellunopress.it\\\/2019\\\/09\\\/22\\\/7-caseifici-bellunesi-il-28-29-settembre-al-caseus-veneti-di-piazzola-sul-brenta\\\/\"]}]},{\"@type\":\"ImageObject\",\"inLanguage\":\"fr-FR\",\"@id\":\"https:\\\/\\\/www.bellunopress.it\\\/2019\\\/09\\\/22\\\/7-caseifici-bellunesi-il-28-29-settembre-al-caseus-veneti-di-piazzola-sul-brenta\\\/#primaryimage\",\"url\":\"http:\\\/\\\/www.bellunopress.it\\\/wp-content\\\/uploads\\\/2018\\\/09\\\/Caseus-veneti.jpg\",\"contentUrl\":\"http:\\\/\\\/www.bellunopress.it\\\/wp-content\\\/uploads\\\/2018\\\/09\\\/Caseus-veneti.jpg\"},{\"@type\":\"BreadcrumbList\",\"@id\":\"https:\\\/\\\/www.bellunopress.it\\\/2019\\\/09\\\/22\\\/7-caseifici-bellunesi-il-28-29-settembre-al-caseus-veneti-di-piazzola-sul-brenta\\\/#breadcrumb\",\"itemListElement\":[{\"@type\":\"ListItem\",\"position\":1,\"name\":\"Home\",\"item\":\"https:\\\/\\\/www.bellunopress.it\\\/\"},{\"@type\":\"ListItem\",\"position\":2,\"name\":\"7 caseifici bellunesi il 28-29 settembre al Caseus Veneti di Piazzola sul Brenta\"}]},{\"@type\":\"WebSite\",\"@id\":\"https:\\\/\\\/www.bellunopress.it\\\/#website\",\"url\":\"https:\\\/\\\/www.bellunopress.it\\\/\",\"name\":\"Bellunopress - Dolomiti\",\"description\":\"e-mail: redazione@bellunopress.it\",\"publisher\":{\"@id\":\"https:\\\/\\\/www.bellunopress.it\\\/#organization\"},\"potentialAction\":[{\"@type\":\"SearchAction\",\"target\":{\"@type\":\"EntryPoint\",\"urlTemplate\":\"https:\\\/\\\/www.bellunopress.it\\\/?s={search_term_string}\"},\"query-input\":{\"@type\":\"PropertyValueSpecification\",\"valueRequired\":true,\"valueName\":\"search_term_string\"}}],\"inLanguage\":\"fr-FR\"},{\"@type\":\"Organization\",\"@id\":\"https:\\\/\\\/www.bellunopress.it\\\/#organization\",\"name\":\"Bellunopress\",\"url\":\"https:\\\/\\\/www.bellunopress.it\\\/\",\"logo\":{\"@type\":\"ImageObject\",\"inLanguage\":\"fr-FR\",\"@id\":\"https:\\\/\\\/www.bellunopress.it\\\/#\\\/schema\\\/logo\\\/image\\\/\",\"url\":\"https:\\\/\\\/www.bellunopress.it\\\/wp-content\\\/uploads\\\/2011\\\/05\\\/cropped-logo-bellunopress-.jpg\",\"contentUrl\":\"https:\\\/\\\/www.bellunopress.it\\\/wp-content\\\/uploads\\\/2011\\\/05\\\/cropped-logo-bellunopress-.jpg\",\"width\":512,\"height\":512,\"caption\":\"Bellunopress\"},\"image\":{\"@id\":\"https:\\\/\\\/www.bellunopress.it\\\/#\\\/schema\\\/logo\\\/image\\\/\"},\"sameAs\":[\"https:\\\/\\\/www.facebook.com\\\/profile.php?id=100008943462799\",\"https:\\\/\\\/x.com\\\/bellunopress\",\"https:\\\/\\\/www.linkedin.com\\\/hp\\\/?dnr=JBzUWaJfMUw8vbXJJ2tVW5-I3jZKvC4wsoxE&amp;amp;amp;amp;amp;amp;trk=nav_responsive_tab_home\",\"https:\\\/\\\/www.youtube.com\\\/channel\\\/UCxL0wu1uN0_3_7hGG0306cw\"]},{\"@type\":\"Person\",\"@id\":\"https:\\\/\\\/www.bellunopress.it\\\/#\\\/schema\\\/person\\\/79bb06722b37ece1c03d3e94beb30d73\",\"name\":\"redazione\",\"image\":{\"@type\":\"ImageObject\",\"inLanguage\":\"fr-FR\",\"@id\":\"https:\\\/\\\/secure.gravatar.com\\\/avatar\\\/37d968a2e67a6fd04c169c4bdef102d0bc5d31b2546345219e348575eb80e9a0?s=96&d=mm&r=g\",\"url\":\"https:\\\/\\\/secure.gravatar.com\\\/avatar\\\/37d968a2e67a6fd04c169c4bdef102d0bc5d31b2546345219e348575eb80e9a0?s=96&d=mm&r=g\",\"contentUrl\":\"https:\\\/\\\/secure.gravatar.com\\\/avatar\\\/37d968a2e67a6fd04c169c4bdef102d0bc5d31b2546345219e348575eb80e9a0?s=96&d=mm&r=g\",\"caption\":\"redazione\"},\"sameAs\":[\"http:\\\/\\\/www.bellunopress.it\",\"https:\\\/\\\/x.com\\\/bellunopress\"],\"url\":\"https:\\\/\\\/www.bellunopress.it\\\/fr\\\/author\\\/redazione\\\/\"}]}<\/script>\n<!-- \/ Yoast SEO plugin. -->","yoast_head_json":{"title":"7 caseifici bellunesi il 28-29 settembre al Caseus Veneti di Piazzola sul Brenta - Bellunopress - Dolomiti","robots":{"index":"index","follow":"follow","max-snippet":"max-snippet:-1","max-image-preview":"max-image-preview:large","max-video-preview":"max-video-preview:-1"},"canonical":"https:\/\/www.bellunopress.it\/fr\/2019\/09\/22\/7-caseifici-bellunesi-il-28-29-settembre-al-caseus-veneti-di-piazzola-sul-brenta\/","og_locale":"fr_FR","og_type":"article","og_title":"7 caseifici bellunesi il 28-29 settembre al Caseus Veneti di Piazzola sul Brenta - Bellunopress - Dolomiti","og_description":"Ritorna la 15\u00aa edizione dell&#8217;evento pi\u00f9 goloso del Veneto con oltre 70 caseifici e 400 formaggi in concorso. Un appuntamento gratuito con degustazioni guidate,\u00a0cooking show, caseificazioni in diretta e mostra mercato. Un tripudio di formaggi in gara per aggiudicarsi la medaglia pi\u00f9 meritevole. Caseus Veneti non \u00e8 solo un concorso, \u00e8 una festa del gusto [&hellip;]","og_url":"https:\/\/www.bellunopress.it\/fr\/2019\/09\/22\/7-caseifici-bellunesi-il-28-29-settembre-al-caseus-veneti-di-piazzola-sul-brenta\/","og_site_name":"Bellunopress - Dolomiti","article_publisher":"https:\/\/www.facebook.com\/profile.php?id=100008943462799","article_published_time":"2019-09-22T14:47:58+00:00","article_modified_time":"2019-09-23T10:27:29+00:00","og_image":[{"url":"http:\/\/www.bellunopress.it\/wp-content\/uploads\/2018\/09\/Caseus-veneti.jpg","type":"","width":"","height":""}],"author":"redazione","twitter_card":"summary_large_image","twitter_creator":"@bellunopress","twitter_site":"@bellunopress","twitter_misc":{"\u00c9crit par":"redazione","Dur\u00e9e de lecture estim\u00e9e":"3 minutes"},"schema":{"@context":"https:\/\/schema.org","@graph":[{"@type":"Article","@id":"https:\/\/www.bellunopress.it\/2019\/09\/22\/7-caseifici-bellunesi-il-28-29-settembre-al-caseus-veneti-di-piazzola-sul-brenta\/#article","isPartOf":{"@id":"https:\/\/www.bellunopress.it\/2019\/09\/22\/7-caseifici-bellunesi-il-28-29-settembre-al-caseus-veneti-di-piazzola-sul-brenta\/"},"author":{"name":"redazione","@id":"https:\/\/www.bellunopress.it\/#\/schema\/person\/79bb06722b37ece1c03d3e94beb30d73"},"headline":"7 caseifici bellunesi il 28-29 settembre al Caseus Veneti di Piazzola sul Brenta","datePublished":"2019-09-22T14:47:58+00:00","dateModified":"2019-09-23T10:27:29+00:00","mainEntityOfPage":{"@id":"https:\/\/www.bellunopress.it\/2019\/09\/22\/7-caseifici-bellunesi-il-28-29-settembre-al-caseus-veneti-di-piazzola-sul-brenta\/"},"wordCount":570,"publisher":{"@id":"https:\/\/www.bellunopress.it\/#organization"},"image":{"@id":"https:\/\/www.bellunopress.it\/2019\/09\/22\/7-caseifici-bellunesi-il-28-29-settembre-al-caseus-veneti-di-piazzola-sul-brenta\/#primaryimage"},"thumbnailUrl":"http:\/\/www.bellunopress.it\/wp-content\/uploads\/2018\/09\/Caseus-veneti.jpg","articleSection":["Appuntamenti, Eventi","Eventi enogastronomici"],"inLanguage":"fr-FR"},{"@type":"WebPage","@id":"https:\/\/www.bellunopress.it\/2019\/09\/22\/7-caseifici-bellunesi-il-28-29-settembre-al-caseus-veneti-di-piazzola-sul-brenta\/","url":"https:\/\/www.bellunopress.it\/2019\/09\/22\/7-caseifici-bellunesi-il-28-29-settembre-al-caseus-veneti-di-piazzola-sul-brenta\/","name":"7 caseifici bellunesi il 28-29 settembre al Caseus Veneti di Piazzola sul Brenta - Bellunopress - Dolomiti","isPartOf":{"@id":"https:\/\/www.bellunopress.it\/#website"},"primaryImageOfPage":{"@id":"https:\/\/www.bellunopress.it\/2019\/09\/22\/7-caseifici-bellunesi-il-28-29-settembre-al-caseus-veneti-di-piazzola-sul-brenta\/#primaryimage"},"image":{"@id":"https:\/\/www.bellunopress.it\/2019\/09\/22\/7-caseifici-bellunesi-il-28-29-settembre-al-caseus-veneti-di-piazzola-sul-brenta\/#primaryimage"},"thumbnailUrl":"http:\/\/www.bellunopress.it\/wp-content\/uploads\/2018\/09\/Caseus-veneti.jpg","datePublished":"2019-09-22T14:47:58+00:00","dateModified":"2019-09-23T10:27:29+00:00","breadcrumb":{"@id":"https:\/\/www.bellunopress.it\/2019\/09\/22\/7-caseifici-bellunesi-il-28-29-settembre-al-caseus-veneti-di-piazzola-sul-brenta\/#breadcrumb"},"inLanguage":"fr-FR","potentialAction":[{"@type":"ReadAction","target":["https:\/\/www.bellunopress.it\/2019\/09\/22\/7-caseifici-bellunesi-il-28-29-settembre-al-caseus-veneti-di-piazzola-sul-brenta\/"]}]},{"@type":"ImageObject","inLanguage":"fr-FR","@id":"https:\/\/www.bellunopress.it\/2019\/09\/22\/7-caseifici-bellunesi-il-28-29-settembre-al-caseus-veneti-di-piazzola-sul-brenta\/#primaryimage","url":"http:\/\/www.bellunopress.it\/wp-content\/uploads\/2018\/09\/Caseus-veneti.jpg","contentUrl":"http:\/\/www.bellunopress.it\/wp-content\/uploads\/2018\/09\/Caseus-veneti.jpg"},{"@type":"BreadcrumbList","@id":"https:\/\/www.bellunopress.it\/2019\/09\/22\/7-caseifici-bellunesi-il-28-29-settembre-al-caseus-veneti-di-piazzola-sul-brenta\/#breadcrumb","itemListElement":[{"@type":"ListItem","position":1,"name":"Home","item":"https:\/\/www.bellunopress.it\/"},{"@type":"ListItem","position":2,"name":"7 caseifici bellunesi il 28-29 settembre al Caseus Veneti di Piazzola sul Brenta"}]},{"@type":"WebSite","@id":"https:\/\/www.bellunopress.it\/#website","url":"https:\/\/www.bellunopress.it\/","name":"Bellunopress - Dolomiti","description":"e-mail: redazione@bellunopress.it","publisher":{"@id":"https:\/\/www.bellunopress.it\/#organization"},"potentialAction":[{"@type":"SearchAction","target":{"@type":"EntryPoint","urlTemplate":"https:\/\/www.bellunopress.it\/?s={search_term_string}"},"query-input":{"@type":"PropertyValueSpecification","valueRequired":true,"valueName":"search_term_string"}}],"inLanguage":"fr-FR"},{"@type":"Organization","@id":"https:\/\/www.bellunopress.it\/#organization","name":"Bellunopress","url":"https:\/\/www.bellunopress.it\/","logo":{"@type":"ImageObject","inLanguage":"fr-FR","@id":"https:\/\/www.bellunopress.it\/#\/schema\/logo\/image\/","url":"https:\/\/www.bellunopress.it\/wp-content\/uploads\/2011\/05\/cropped-logo-bellunopress-.jpg","contentUrl":"https:\/\/www.bellunopress.it\/wp-content\/uploads\/2011\/05\/cropped-logo-bellunopress-.jpg","width":512,"height":512,"caption":"Bellunopress"},"image":{"@id":"https:\/\/www.bellunopress.it\/#\/schema\/logo\/image\/"},"sameAs":["https:\/\/www.facebook.com\/profile.php?id=100008943462799","https:\/\/x.com\/bellunopress","https:\/\/www.linkedin.com\/hp\/?dnr=JBzUWaJfMUw8vbXJJ2tVW5-I3jZKvC4wsoxE&amp;amp;amp;amp;amp;amp;trk=nav_responsive_tab_home","https:\/\/www.youtube.com\/channel\/UCxL0wu1uN0_3_7hGG0306cw"]},{"@type":"Person","@id":"https:\/\/www.bellunopress.it\/#\/schema\/person\/79bb06722b37ece1c03d3e94beb30d73","name":"r\u00e9daction","image":{"@type":"ImageObject","inLanguage":"fr-FR","@id":"https:\/\/secure.gravatar.com\/avatar\/37d968a2e67a6fd04c169c4bdef102d0bc5d31b2546345219e348575eb80e9a0?s=96&d=mm&r=g","url":"https:\/\/secure.gravatar.com\/avatar\/37d968a2e67a6fd04c169c4bdef102d0bc5d31b2546345219e348575eb80e9a0?s=96&d=mm&r=g","contentUrl":"https:\/\/secure.gravatar.com\/avatar\/37d968a2e67a6fd04c169c4bdef102d0bc5d31b2546345219e348575eb80e9a0?s=96&d=mm&r=g","caption":"redazione"},"sameAs":["http:\/\/www.bellunopress.it","https:\/\/x.com\/bellunopress"],"url":"https:\/\/www.bellunopress.it\/fr\/author\/redazione\/"}]}},"_links":{"self":[{"href":"https:\/\/www.bellunopress.it\/fr\/wp-json\/wp\/v2\/posts\/108020","targetHints":{"allow":["GET"]}}],"collection":[{"href":"https:\/\/www.bellunopress.it\/fr\/wp-json\/wp\/v2\/posts"}],"about":[{"href":"https:\/\/www.bellunopress.it\/fr\/wp-json\/wp\/v2\/types\/post"}],"author":[{"embeddable":true,"href":"https:\/\/www.bellunopress.it\/fr\/wp-json\/wp\/v2\/users\/2"}],"replies":[{"embeddable":true,"href":"https:\/\/www.bellunopress.it\/fr\/wp-json\/wp\/v2\/comments?post=108020"}],"version-history":[{"count":1,"href":"https:\/\/www.bellunopress.it\/fr\/wp-json\/wp\/v2\/posts\/108020\/revisions"}],"predecessor-version":[{"id":108021,"href":"https:\/\/www.bellunopress.it\/fr\/wp-json\/wp\/v2\/posts\/108020\/revisions\/108021"}],"wp:attachment":[{"href":"https:\/\/www.bellunopress.it\/fr\/wp-json\/wp\/v2\/media?parent=108020"}],"wp:term":[{"taxonomy":"category","embeddable":true,"href":"https:\/\/www.bellunopress.it\/fr\/wp-json\/wp\/v2\/categories?post=108020"},{"taxonomy":"post_tag","embeddable":true,"href":"https:\/\/www.bellunopress.it\/fr\/wp-json\/wp\/v2\/tags?post=108020"}],"curies":[{"name":"wp","href":"https:\/\/api.w.org\/{rel}","templated":true}]}}