{"id":107996,"date":"2019-09-19T11:06:33","date_gmt":"2019-09-19T09:06:33","guid":{"rendered":"http:\/\/www.bellunopress.it\/?p=107996"},"modified":"2019-09-20T20:29:57","modified_gmt":"2019-09-20T18:29:57","slug":"al-via-nuovi-seminari-informativi-su-i-social-network-come-strumento-di-business","status":"publish","type":"post","link":"https:\/\/www.bellunopress.it\/fr\/2019\/09\/19\/al-via-nuovi-seminari-informativi-su-i-social-network-come-strumento-di-business\/","title":{"rendered":"Al via nuovi seminari informativi su \u201cI social network come strumento di business\u201d"},"content":{"rendered":"<p><em>Confcommercio Belluno, impegnata ad accompagnare le imprese del commercio, del turismo e dei servizi nella \u201ctrasformazione digitale\u201d, propone un nuovo ciclo di incontri dedicati all\u2019utilizzo dei social network per sviluppare il proprio business aziendale.<\/em><\/p>\n<p><a href=\"http:\/\/www.bellunopress.it\/fr\/2016\/09\/07\/autoveicoli-nei-primi-8-mesi-del-2016-in-veneto-il-mercato-sale-del-197-bene-fiat-e-volkswagen-ma-pesano-molto-le-chilometri-zero\/confcommercio-veneto\/\" rel=\"attachment wp-att-80545\"><img loading=\"lazy\" decoding=\"async\" class=\"alignleft size-full wp-image-80545\" src=\"http:\/\/www.bellunopress.it\/wp-content\/uploads\/2016\/09\/confcommercio-veneto.png\" alt=\"\" width=\"190\" height=\"138\" \/><\/a>Gli incontri si terranno ad Agordo (23 settembre ore 15.00 c\/o Biblioteca), Belluno (24 settembre ore 20.30 c\/o Sale di Ascom Formazione), Calalzo di Cadore (30 settembre ore 15 c\/o Hotel Ferrovia) e Feltre (1 ottobre ore 20.30 c\/o Sede Ascom).<\/p>\n<p>Dopo i seminari di giugno, dedicati al tema della visibilit\u00e0 on-line e sui motori di ricerca, Confcommercio Belluno sar\u00e0 presente su tutto il territorio provinciale per sviluppare l&#8217;importante e strategica tematica dei social network come strumenti di business, approfondendone i potenziali benefici e gli eventuali rischi.<br \/>\nL&#8217;avvento dei social, Facebook primo fra tutti, non ha solo cambiato il modo di comunicare e di relazionarsi tra persone, ma ha anche innovato profondamente il modo di comunicare delle aziende aprendo nuove possibilit\u00e0 e nuove opportunit\u00e0.<br \/>\nLa decisione di essere presenti con la propria azienda deve essere per\u00f2 presa con consapevolezza, conoscendo le eventuali insidie ma soprattutto conoscendo il pi\u00f9 possibile i meccanismi che governano le piattaforme social, scegliendo quelle pi\u00f9 indicate e elaborando una strategia per riuscire a comunicare al meglio i propri valori ai consumatori giusti.<br \/>\nGli incontri quindi, pur volendo offrire una panoramica generale sull&#8217;argomento, manterranno un approccio il pi\u00f9 possibile pratico con l&#8217;analisi di alcuni casi di successo, delle buone pratiche e metodologie da seguire e gli errori da evitare. Un approfondimento finale sar\u00e0 poi dedicato alla gestione delle inserzioni su Facebook e Instagram.<\/p>\n<p>La partecipazione \u00e8 gratuita e libera. \u00c8 preferibile una conferma a mezzo email a g.amante@ascombelluno.it o compilando il modulo online all\u2019indirizzo https:\/\/tinyurl.com\/y4oef6x6<\/p>\n<p>L&#8217;invito \u00e8 rivolto alle imprese che operano in tutti i settori, avendo l&#8217;incontro contenuti trasversali che riguardano il commercio, cos\u00ec come i servizi, la ristorazione e il turismo.<\/p>","protected":false},"excerpt":{"rendered":"<p>Confcommercio Belluno, impegnata ad accompagnare le imprese del commercio, del turismo e dei servizi nella \u201ctrasformazione digitale\u201d, propone un nuovo ciclo di incontri dedicati all\u2019utilizzo dei social network per sviluppare il proprio business aziendale. Gli incontri si terranno ad Agordo (23 settembre ore 15.00 c\/o Biblioteca), Belluno (24 settembre ore 20.30 c\/o Sale di Ascom [&hellip;]<\/p>\n","protected":false},"author":2,"featured_media":0,"comment_status":"closed","ping_status":"open","sticky":false,"template":"","format":"standard","meta":{"footnotes":""},"categories":[27,36],"tags":[],"class_list":["post-107996","post","type-post","status-publish","format-standard","category-appuntamenti","category-lavoro-economia"],"yoast_head":"<!-- This site is optimized with the Yoast SEO plugin v28.4 - https:\/\/yoast.com\/product\/yoast-seo-wordpress\/ -->\n<title>Al via nuovi seminari informativi su \u201cI social network come strumento di business\u201d - Bellunopress - Dolomiti<\/title>\n<meta name=\"robots\" content=\"index, follow, max-snippet:-1, max-image-preview:large, max-video-preview:-1\" \/>\n<link rel=\"canonical\" href=\"https:\/\/www.bellunopress.it\/fr\/2019\/09\/19\/al-via-nuovi-seminari-informativi-su-i-social-network-come-strumento-di-business\/\" \/>\n<meta property=\"og:locale\" content=\"fr_FR\" \/>\n<meta property=\"og:type\" content=\"article\" \/>\n<meta property=\"og:title\" content=\"Al via nuovi seminari informativi su \u201cI social network come strumento di business\u201d - Bellunopress - Dolomiti\" \/>\n<meta property=\"og:description\" content=\"Confcommercio Belluno, impegnata ad accompagnare le imprese del commercio, del turismo e dei servizi nella \u201ctrasformazione digitale\u201d, propone un nuovo ciclo di incontri dedicati all\u2019utilizzo dei social network per sviluppare il proprio business aziendale. Gli incontri si terranno ad Agordo (23 settembre ore 15.00 c\/o Biblioteca), Belluno (24 settembre ore 20.30 c\/o Sale di Ascom [&hellip;]\" \/>\n<meta property=\"og:url\" content=\"https:\/\/www.bellunopress.it\/fr\/2019\/09\/19\/al-via-nuovi-seminari-informativi-su-i-social-network-come-strumento-di-business\/\" \/>\n<meta property=\"og:site_name\" content=\"Bellunopress - Dolomiti\" \/>\n<meta property=\"article:publisher\" content=\"https:\/\/www.facebook.com\/profile.php?id=100008943462799\" \/>\n<meta property=\"article:published_time\" content=\"2019-09-19T09:06:33+00:00\" \/>\n<meta property=\"article:modified_time\" content=\"2019-09-20T18:29:57+00:00\" \/>\n<meta property=\"og:image\" content=\"http:\/\/www.bellunopress.it\/wp-content\/uploads\/2016\/09\/confcommercio-veneto.png\" \/>\n<meta name=\"author\" content=\"redazione\" \/>\n<meta name=\"twitter:card\" content=\"summary_large_image\" \/>\n<meta name=\"twitter:creator\" content=\"@bellunopress\" \/>\n<meta name=\"twitter:site\" content=\"@bellunopress\" \/>\n<meta name=\"twitter:label1\" content=\"\u00c9crit par\" \/>\n\t<meta name=\"twitter:data1\" content=\"redazione\" \/>\n\t<meta name=\"twitter:label2\" content=\"Dur\u00e9e de lecture estim\u00e9e\" \/>\n\t<meta name=\"twitter:data2\" content=\"2 minutes\" \/>\n<script type=\"application\/ld+json\" class=\"yoast-schema-graph\">{\"@context\":\"https:\\\/\\\/schema.org\",\"@graph\":[{\"@type\":\"Article\",\"@id\":\"https:\\\/\\\/www.bellunopress.it\\\/2019\\\/09\\\/19\\\/al-via-nuovi-seminari-informativi-su-i-social-network-come-strumento-di-business\\\/#article\",\"isPartOf\":{\"@id\":\"https:\\\/\\\/www.bellunopress.it\\\/2019\\\/09\\\/19\\\/al-via-nuovi-seminari-informativi-su-i-social-network-come-strumento-di-business\\\/\"},\"author\":{\"name\":\"redazione\",\"@id\":\"https:\\\/\\\/www.bellunopress.it\\\/#\\\/schema\\\/person\\\/79bb06722b37ece1c03d3e94beb30d73\"},\"headline\":\"Al via nuovi seminari informativi su \u201cI social network come strumento di business\u201d\",\"datePublished\":\"2019-09-19T09:06:33+00:00\",\"dateModified\":\"2019-09-20T18:29:57+00:00\",\"mainEntityOfPage\":{\"@id\":\"https:\\\/\\\/www.bellunopress.it\\\/2019\\\/09\\\/19\\\/al-via-nuovi-seminari-informativi-su-i-social-network-come-strumento-di-business\\\/\"},\"wordCount\":332,\"publisher\":{\"@id\":\"https:\\\/\\\/www.bellunopress.it\\\/#organization\"},\"image\":{\"@id\":\"https:\\\/\\\/www.bellunopress.it\\\/2019\\\/09\\\/19\\\/al-via-nuovi-seminari-informativi-su-i-social-network-come-strumento-di-business\\\/#primaryimage\"},\"thumbnailUrl\":\"http:\\\/\\\/www.bellunopress.it\\\/wp-content\\\/uploads\\\/2016\\\/09\\\/confcommercio-veneto.png\",\"articleSection\":[\"Appuntamenti, Eventi\",\"Lavoro, Economia, Turismo\"],\"inLanguage\":\"fr-FR\"},{\"@type\":\"WebPage\",\"@id\":\"https:\\\/\\\/www.bellunopress.it\\\/2019\\\/09\\\/19\\\/al-via-nuovi-seminari-informativi-su-i-social-network-come-strumento-di-business\\\/\",\"url\":\"https:\\\/\\\/www.bellunopress.it\\\/2019\\\/09\\\/19\\\/al-via-nuovi-seminari-informativi-su-i-social-network-come-strumento-di-business\\\/\",\"name\":\"Al via nuovi seminari informativi su \u201cI social network come strumento di business\u201d - Bellunopress - Dolomiti\",\"isPartOf\":{\"@id\":\"https:\\\/\\\/www.bellunopress.it\\\/#website\"},\"primaryImageOfPage\":{\"@id\":\"https:\\\/\\\/www.bellunopress.it\\\/2019\\\/09\\\/19\\\/al-via-nuovi-seminari-informativi-su-i-social-network-come-strumento-di-business\\\/#primaryimage\"},\"image\":{\"@id\":\"https:\\\/\\\/www.bellunopress.it\\\/2019\\\/09\\\/19\\\/al-via-nuovi-seminari-informativi-su-i-social-network-come-strumento-di-business\\\/#primaryimage\"},\"thumbnailUrl\":\"http:\\\/\\\/www.bellunopress.it\\\/wp-content\\\/uploads\\\/2016\\\/09\\\/confcommercio-veneto.png\",\"datePublished\":\"2019-09-19T09:06:33+00:00\",\"dateModified\":\"2019-09-20T18:29:57+00:00\",\"breadcrumb\":{\"@id\":\"https:\\\/\\\/www.bellunopress.it\\\/2019\\\/09\\\/19\\\/al-via-nuovi-seminari-informativi-su-i-social-network-come-strumento-di-business\\\/#breadcrumb\"},\"inLanguage\":\"fr-FR\",\"potentialAction\":[{\"@type\":\"ReadAction\",\"target\":[\"https:\\\/\\\/www.bellunopress.it\\\/2019\\\/09\\\/19\\\/al-via-nuovi-seminari-informativi-su-i-social-network-come-strumento-di-business\\\/\"]}]},{\"@type\":\"ImageObject\",\"inLanguage\":\"fr-FR\",\"@id\":\"https:\\\/\\\/www.bellunopress.it\\\/2019\\\/09\\\/19\\\/al-via-nuovi-seminari-informativi-su-i-social-network-come-strumento-di-business\\\/#primaryimage\",\"url\":\"http:\\\/\\\/www.bellunopress.it\\\/wp-content\\\/uploads\\\/2016\\\/09\\\/confcommercio-veneto.png\",\"contentUrl\":\"http:\\\/\\\/www.bellunopress.it\\\/wp-content\\\/uploads\\\/2016\\\/09\\\/confcommercio-veneto.png\"},{\"@type\":\"BreadcrumbList\",\"@id\":\"https:\\\/\\\/www.bellunopress.it\\\/2019\\\/09\\\/19\\\/al-via-nuovi-seminari-informativi-su-i-social-network-come-strumento-di-business\\\/#breadcrumb\",\"itemListElement\":[{\"@type\":\"ListItem\",\"position\":1,\"name\":\"Home\",\"item\":\"https:\\\/\\\/www.bellunopress.it\\\/\"},{\"@type\":\"ListItem\",\"position\":2,\"name\":\"Al via nuovi seminari informativi su \u201cI social network come strumento di business\u201d\"}]},{\"@type\":\"WebSite\",\"@id\":\"https:\\\/\\\/www.bellunopress.it\\\/#website\",\"url\":\"https:\\\/\\\/www.bellunopress.it\\\/\",\"name\":\"Bellunopress - Dolomiti\",\"description\":\"e-mail: redazione@bellunopress.it\",\"publisher\":{\"@id\":\"https:\\\/\\\/www.bellunopress.it\\\/#organization\"},\"potentialAction\":[{\"@type\":\"SearchAction\",\"target\":{\"@type\":\"EntryPoint\",\"urlTemplate\":\"https:\\\/\\\/www.bellunopress.it\\\/?s={search_term_string}\"},\"query-input\":{\"@type\":\"PropertyValueSpecification\",\"valueRequired\":true,\"valueName\":\"search_term_string\"}}],\"inLanguage\":\"fr-FR\"},{\"@type\":\"Organization\",\"@id\":\"https:\\\/\\\/www.bellunopress.it\\\/#organization\",\"name\":\"Bellunopress\",\"url\":\"https:\\\/\\\/www.bellunopress.it\\\/\",\"logo\":{\"@type\":\"ImageObject\",\"inLanguage\":\"fr-FR\",\"@id\":\"https:\\\/\\\/www.bellunopress.it\\\/#\\\/schema\\\/logo\\\/image\\\/\",\"url\":\"https:\\\/\\\/www.bellunopress.it\\\/wp-content\\\/uploads\\\/2011\\\/05\\\/cropped-logo-bellunopress-.jpg\",\"contentUrl\":\"https:\\\/\\\/www.bellunopress.it\\\/wp-content\\\/uploads\\\/2011\\\/05\\\/cropped-logo-bellunopress-.jpg\",\"width\":512,\"height\":512,\"caption\":\"Bellunopress\"},\"image\":{\"@id\":\"https:\\\/\\\/www.bellunopress.it\\\/#\\\/schema\\\/logo\\\/image\\\/\"},\"sameAs\":[\"https:\\\/\\\/www.facebook.com\\\/profile.php?id=100008943462799\",\"https:\\\/\\\/x.com\\\/bellunopress\",\"https:\\\/\\\/www.linkedin.com\\\/hp\\\/?dnr=JBzUWaJfMUw8vbXJJ2tVW5-I3jZKvC4wsoxE&amp;amp;amp;amp;amp;amp;trk=nav_responsive_tab_home\",\"https:\\\/\\\/www.youtube.com\\\/channel\\\/UCxL0wu1uN0_3_7hGG0306cw\"]},{\"@type\":\"Person\",\"@id\":\"https:\\\/\\\/www.bellunopress.it\\\/#\\\/schema\\\/person\\\/79bb06722b37ece1c03d3e94beb30d73\",\"name\":\"redazione\",\"image\":{\"@type\":\"ImageObject\",\"inLanguage\":\"fr-FR\",\"@id\":\"https:\\\/\\\/secure.gravatar.com\\\/avatar\\\/37d968a2e67a6fd04c169c4bdef102d0bc5d31b2546345219e348575eb80e9a0?s=96&d=mm&r=g\",\"url\":\"https:\\\/\\\/secure.gravatar.com\\\/avatar\\\/37d968a2e67a6fd04c169c4bdef102d0bc5d31b2546345219e348575eb80e9a0?s=96&d=mm&r=g\",\"contentUrl\":\"https:\\\/\\\/secure.gravatar.com\\\/avatar\\\/37d968a2e67a6fd04c169c4bdef102d0bc5d31b2546345219e348575eb80e9a0?s=96&d=mm&r=g\",\"caption\":\"redazione\"},\"sameAs\":[\"http:\\\/\\\/www.bellunopress.it\",\"https:\\\/\\\/x.com\\\/bellunopress\"],\"url\":\"https:\\\/\\\/www.bellunopress.it\\\/fr\\\/author\\\/redazione\\\/\"}]}<\/script>\n<!-- \/ Yoast SEO plugin. -->","yoast_head_json":{"title":"Al via nuovi seminari informativi su \u201cI social network come strumento di business\u201d - Bellunopress - Dolomiti","robots":{"index":"index","follow":"follow","max-snippet":"max-snippet:-1","max-image-preview":"max-image-preview:large","max-video-preview":"max-video-preview:-1"},"canonical":"https:\/\/www.bellunopress.it\/fr\/2019\/09\/19\/al-via-nuovi-seminari-informativi-su-i-social-network-come-strumento-di-business\/","og_locale":"fr_FR","og_type":"article","og_title":"Al via nuovi seminari informativi su \u201cI social network come strumento di business\u201d - Bellunopress - Dolomiti","og_description":"Confcommercio Belluno, impegnata ad accompagnare le imprese del commercio, del turismo e dei servizi nella \u201ctrasformazione digitale\u201d, propone un nuovo ciclo di incontri dedicati all\u2019utilizzo dei social network per sviluppare il proprio business aziendale. Gli incontri si terranno ad Agordo (23 settembre ore 15.00 c\/o Biblioteca), Belluno (24 settembre ore 20.30 c\/o Sale di Ascom [&hellip;]","og_url":"https:\/\/www.bellunopress.it\/fr\/2019\/09\/19\/al-via-nuovi-seminari-informativi-su-i-social-network-come-strumento-di-business\/","og_site_name":"Bellunopress - Dolomiti","article_publisher":"https:\/\/www.facebook.com\/profile.php?id=100008943462799","article_published_time":"2019-09-19T09:06:33+00:00","article_modified_time":"2019-09-20T18:29:57+00:00","og_image":[{"url":"http:\/\/www.bellunopress.it\/wp-content\/uploads\/2016\/09\/confcommercio-veneto.png","type":"","width":"","height":""}],"author":"redazione","twitter_card":"summary_large_image","twitter_creator":"@bellunopress","twitter_site":"@bellunopress","twitter_misc":{"\u00c9crit par":"redazione","Dur\u00e9e de lecture estim\u00e9e":"2 minutes"},"schema":{"@context":"https:\/\/schema.org","@graph":[{"@type":"Article","@id":"https:\/\/www.bellunopress.it\/2019\/09\/19\/al-via-nuovi-seminari-informativi-su-i-social-network-come-strumento-di-business\/#article","isPartOf":{"@id":"https:\/\/www.bellunopress.it\/2019\/09\/19\/al-via-nuovi-seminari-informativi-su-i-social-network-come-strumento-di-business\/"},"author":{"name":"redazione","@id":"https:\/\/www.bellunopress.it\/#\/schema\/person\/79bb06722b37ece1c03d3e94beb30d73"},"headline":"Al via nuovi seminari informativi su \u201cI social network come strumento di business\u201d","datePublished":"2019-09-19T09:06:33+00:00","dateModified":"2019-09-20T18:29:57+00:00","mainEntityOfPage":{"@id":"https:\/\/www.bellunopress.it\/2019\/09\/19\/al-via-nuovi-seminari-informativi-su-i-social-network-come-strumento-di-business\/"},"wordCount":332,"publisher":{"@id":"https:\/\/www.bellunopress.it\/#organization"},"image":{"@id":"https:\/\/www.bellunopress.it\/2019\/09\/19\/al-via-nuovi-seminari-informativi-su-i-social-network-come-strumento-di-business\/#primaryimage"},"thumbnailUrl":"http:\/\/www.bellunopress.it\/wp-content\/uploads\/2016\/09\/confcommercio-veneto.png","articleSection":["Appuntamenti, Eventi","Lavoro, Economia, Turismo"],"inLanguage":"fr-FR"},{"@type":"WebPage","@id":"https:\/\/www.bellunopress.it\/2019\/09\/19\/al-via-nuovi-seminari-informativi-su-i-social-network-come-strumento-di-business\/","url":"https:\/\/www.bellunopress.it\/2019\/09\/19\/al-via-nuovi-seminari-informativi-su-i-social-network-come-strumento-di-business\/","name":"Al via nuovi seminari informativi su \u201cI social network come strumento di business\u201d - Bellunopress - Dolomiti","isPartOf":{"@id":"https:\/\/www.bellunopress.it\/#website"},"primaryImageOfPage":{"@id":"https:\/\/www.bellunopress.it\/2019\/09\/19\/al-via-nuovi-seminari-informativi-su-i-social-network-come-strumento-di-business\/#primaryimage"},"image":{"@id":"https:\/\/www.bellunopress.it\/2019\/09\/19\/al-via-nuovi-seminari-informativi-su-i-social-network-come-strumento-di-business\/#primaryimage"},"thumbnailUrl":"http:\/\/www.bellunopress.it\/wp-content\/uploads\/2016\/09\/confcommercio-veneto.png","datePublished":"2019-09-19T09:06:33+00:00","dateModified":"2019-09-20T18:29:57+00:00","breadcrumb":{"@id":"https:\/\/www.bellunopress.it\/2019\/09\/19\/al-via-nuovi-seminari-informativi-su-i-social-network-come-strumento-di-business\/#breadcrumb"},"inLanguage":"fr-FR","potentialAction":[{"@type":"ReadAction","target":["https:\/\/www.bellunopress.it\/2019\/09\/19\/al-via-nuovi-seminari-informativi-su-i-social-network-come-strumento-di-business\/"]}]},{"@type":"ImageObject","inLanguage":"fr-FR","@id":"https:\/\/www.bellunopress.it\/2019\/09\/19\/al-via-nuovi-seminari-informativi-su-i-social-network-come-strumento-di-business\/#primaryimage","url":"http:\/\/www.bellunopress.it\/wp-content\/uploads\/2016\/09\/confcommercio-veneto.png","contentUrl":"http:\/\/www.bellunopress.it\/wp-content\/uploads\/2016\/09\/confcommercio-veneto.png"},{"@type":"BreadcrumbList","@id":"https:\/\/www.bellunopress.it\/2019\/09\/19\/al-via-nuovi-seminari-informativi-su-i-social-network-come-strumento-di-business\/#breadcrumb","itemListElement":[{"@type":"ListItem","position":1,"name":"Home","item":"https:\/\/www.bellunopress.it\/"},{"@type":"ListItem","position":2,"name":"Al via nuovi seminari informativi su \u201cI social network come strumento di business\u201d"}]},{"@type":"WebSite","@id":"https:\/\/www.bellunopress.it\/#website","url":"https:\/\/www.bellunopress.it\/","name":"Bellunopress - Dolomiti","description":"e-mail: redazione@bellunopress.it","publisher":{"@id":"https:\/\/www.bellunopress.it\/#organization"},"potentialAction":[{"@type":"SearchAction","target":{"@type":"EntryPoint","urlTemplate":"https:\/\/www.bellunopress.it\/?s={search_term_string}"},"query-input":{"@type":"PropertyValueSpecification","valueRequired":true,"valueName":"search_term_string"}}],"inLanguage":"fr-FR"},{"@type":"Organization","@id":"https:\/\/www.bellunopress.it\/#organization","name":"Bellunopress","url":"https:\/\/www.bellunopress.it\/","logo":{"@type":"ImageObject","inLanguage":"fr-FR","@id":"https:\/\/www.bellunopress.it\/#\/schema\/logo\/image\/","url":"https:\/\/www.bellunopress.it\/wp-content\/uploads\/2011\/05\/cropped-logo-bellunopress-.jpg","contentUrl":"https:\/\/www.bellunopress.it\/wp-content\/uploads\/2011\/05\/cropped-logo-bellunopress-.jpg","width":512,"height":512,"caption":"Bellunopress"},"image":{"@id":"https:\/\/www.bellunopress.it\/#\/schema\/logo\/image\/"},"sameAs":["https:\/\/www.facebook.com\/profile.php?id=100008943462799","https:\/\/x.com\/bellunopress","https:\/\/www.linkedin.com\/hp\/?dnr=JBzUWaJfMUw8vbXJJ2tVW5-I3jZKvC4wsoxE&amp;amp;amp;amp;amp;amp;trk=nav_responsive_tab_home","https:\/\/www.youtube.com\/channel\/UCxL0wu1uN0_3_7hGG0306cw"]},{"@type":"Person","@id":"https:\/\/www.bellunopress.it\/#\/schema\/person\/79bb06722b37ece1c03d3e94beb30d73","name":"r\u00e9daction","image":{"@type":"ImageObject","inLanguage":"fr-FR","@id":"https:\/\/secure.gravatar.com\/avatar\/37d968a2e67a6fd04c169c4bdef102d0bc5d31b2546345219e348575eb80e9a0?s=96&d=mm&r=g","url":"https:\/\/secure.gravatar.com\/avatar\/37d968a2e67a6fd04c169c4bdef102d0bc5d31b2546345219e348575eb80e9a0?s=96&d=mm&r=g","contentUrl":"https:\/\/secure.gravatar.com\/avatar\/37d968a2e67a6fd04c169c4bdef102d0bc5d31b2546345219e348575eb80e9a0?s=96&d=mm&r=g","caption":"redazione"},"sameAs":["http:\/\/www.bellunopress.it","https:\/\/x.com\/bellunopress"],"url":"https:\/\/www.bellunopress.it\/fr\/author\/redazione\/"}]}},"_links":{"self":[{"href":"https:\/\/www.bellunopress.it\/fr\/wp-json\/wp\/v2\/posts\/107996","targetHints":{"allow":["GET"]}}],"collection":[{"href":"https:\/\/www.bellunopress.it\/fr\/wp-json\/wp\/v2\/posts"}],"about":[{"href":"https:\/\/www.bellunopress.it\/fr\/wp-json\/wp\/v2\/types\/post"}],"author":[{"embeddable":true,"href":"https:\/\/www.bellunopress.it\/fr\/wp-json\/wp\/v2\/users\/2"}],"replies":[{"embeddable":true,"href":"https:\/\/www.bellunopress.it\/fr\/wp-json\/wp\/v2\/comments?post=107996"}],"version-history":[{"count":1,"href":"https:\/\/www.bellunopress.it\/fr\/wp-json\/wp\/v2\/posts\/107996\/revisions"}],"predecessor-version":[{"id":107997,"href":"https:\/\/www.bellunopress.it\/fr\/wp-json\/wp\/v2\/posts\/107996\/revisions\/107997"}],"wp:attachment":[{"href":"https:\/\/www.bellunopress.it\/fr\/wp-json\/wp\/v2\/media?parent=107996"}],"wp:term":[{"taxonomy":"category","embeddable":true,"href":"https:\/\/www.bellunopress.it\/fr\/wp-json\/wp\/v2\/categories?post=107996"},{"taxonomy":"post_tag","embeddable":true,"href":"https:\/\/www.bellunopress.it\/fr\/wp-json\/wp\/v2\/tags?post=107996"}],"curies":[{"name":"wp","href":"https:\/\/api.w.org\/{rel}","templated":true}]}}