{"id":107992,"date":"2019-09-18T18:15:09","date_gmt":"2019-09-18T16:15:09","guid":{"rendered":"http:\/\/www.bellunopress.it\/?p=107992"},"modified":"2019-09-18T18:15:09","modified_gmt":"2019-09-18T16:15:09","slug":"lavoro-30mila-posti-in-piu-in-veneto-assessore-donazzan-raggiunto-un-nuovo-massimo-occupazionale","status":"publish","type":"post","link":"https:\/\/www.bellunopress.it\/fr\/2019\/09\/18\/lavoro-30mila-posti-in-piu-in-veneto-assessore-donazzan-raggiunto-un-nuovo-massimo-occupazionale\/","title":{"rendered":"Lavoro, 30mila posti in pi\u00f9 in Veneto. Assessore Donazzan: &#8220;Raggiunto un nuovo massimo occupazionale&#8221;"},"content":{"rendered":"<figure id=\"attachment_94736\" aria-describedby=\"caption-attachment-94736\" style=\"width: 190px\" class=\"wp-caption alignleft\"><a href=\"http:\/\/www.bellunopress.it\/fr\/2018\/05\/03\/pari-opportunita-donazzan-a-parita-di-contratto-una-donna-in-veneto-guadagna-tra-il-25-e-il-30-in-meno-deluomo\/elena-donazzan\/\" rel=\"attachment wp-att-94736\"><img loading=\"lazy\" decoding=\"async\" class=\"size-full wp-image-94736\" src=\"http:\/\/www.bellunopress.it\/wp-content\/uploads\/2018\/05\/Elena-Donazzan.jpg\" alt=\"\" width=\"190\" height=\"207\" \/><\/a><figcaption id=\"caption-attachment-94736\" class=\"wp-caption-text\">Elena Donazzan &#8211; Assessore regionale<\/figcaption><\/figure>\n<p>Venezia, 18 settembre 2019\u00a0 &#8211; Trentamila posti di lavoro in pi\u00f9 nel secondo trimestre 2019 in Veneto, meno disoccupati (scesi al 5,6 della forza lavoro) e meno inattivi, scesi in termini percentuali al 27,9 % delle forza lavoro, il minimo storico per il Veneto. La Bussola di Veneto Lavoro, conferma la buona performance del mercato del lavoro in Veneto nel primo semestre 2019: il tasso di occupazione a giugno ha raggiunto quota 67,9 %, otto punti<br \/>\npercentuali sopra la media nazionale.<br \/>\nA trainare la crescita sono i contratti a tempo indeterminato (che fanno registrare un saldo positivo per 9.700 posizioni lavorative a fronte delle +1.300 dello scorso anno) e le trasformazioni da determinato a indeterminato, cresciute del 54%.<br \/>\nL\u2019incremento dei posti di lavoro osservato nel secondo trimestre 2019 coinvolge tutti i comparti, fatta eccezione per il settore istruzione (-20.100), interessato in questo periodo dell\u2019anno dalle conclusioni dei rapporti di lavoro relativi ai docenti supplenti.<br \/>\nAltrettanto fisiologico, a causa della stagionalit\u00e0, \u00e8 l\u2019aumento del settore turistico, che fa registrare nel trimestre quasi 4 mila posti di lavoro in pi\u00f9. I saldi trimestrali sono tuttavia generalmente inferiori a quelli registrati nel 2018, con peggioramenti pi\u00f9 marcati in agricoltura, che passa da +4.500 a +2.600 posti di lavoro, e nel terziario avanzato, da +6.700 ad appena 900 posti in pi\u00f9. Il rallentamento del ritmo di crescita \u00e8 confermato anche dalla riduzione dei movimenti del mercato del lavoro veneto. Le assunzioni, complessivamente 221.500 nel periodo aprile-giugno, sono diminuite del<br \/>\n7,5%, le cessazioni (192 mila in totale) del 5%.<br \/>\nLa stagionalit\u00e0 si ripercuote anche sull\u2019andamento territoriale, con saldi nettamente positivi nelle province turistiche di Venezia e Verona (rispettivamente +26.300 e +10.000) e variazioni nulle o lievemente negative nelle altre: lieve crescita a Rovigo (+800), invariata Belluno, negative Vicenza (-2.300), Padova e Treviso (entrambe a -2.600 posizioni lavorative). Su base annua il saldo rimane positivo in tutti i territorio, ad eccezione di Belluno.<\/p>\n<p>Quanto al numero dei disoccupati, la Bussola del secondo trimestre 2019 mette in luce che le Dichiarazioni di immediata disponibilit\u00e0 (Did) rilasciate ai Centri per l\u2019Impiego del Veneto sono state 27.900, un valore del tutto analogo a quello del secondo trimestre 2018. Il 44% delle Did risulta rilasciato dopo la conclusione di un rapporto di lavoro a tempo determinato o di somministrazione, mentre diminuisce il numero dei disoccupati che hanno perso per licenziamento un posto di lavoro a tempo indeterminato.<br \/>\n\u201cI dati di Veneto Lavoro, avvalorati anche dai recenti dati Istat sul tasso di occupazione al 67,9%, confermano che il mercato del lavoro della nostra regione ha raggiunto nuovi massimi occupazionali \u2013 commenta l\u2019assessore al lavoro della regione Veneto, Elena Donazzan \u2013 E\u2019 vero che la crescita sta rallentando ma bisogna considerare che stiamo toccando livelli occupazionali mai raggiunti in Regione e quindi tale rallentamento del ritmo di crescita \u00e8 per certi versi fisiologico. La crescita dei contratti a tempo indeterminato cui stiamo assistendo contribuisce in parte a riequilibrare il mercato del lavoro regionale in termini di qualit\u00e0 dell\u2019occupazione, dopo alcuni anni<br \/>\ndi eccezionale crescita dei contratti a termine e di altre forme di precariato\u201d.<br \/>\nLa Bussola di settembre 2019, con i dati del mercato del lavoro regionale nel secondo trimestre dell\u2019anno, \u00e8 disponibile sul sito di Veneto Lavoro (www.venetolavoro.it) e, in sintesi, nella Press Area di ClicLavoro Veneto (www.cliclavoroveneto.it).<\/p>","protected":false},"excerpt":{"rendered":"<p>Venezia, 18 settembre 2019\u00a0 &#8211; Trentamila posti di lavoro in pi\u00f9 nel secondo trimestre 2019 in Veneto, meno disoccupati (scesi al 5,6 della forza lavoro) e meno inattivi, scesi in termini percentuali al 27,9 % delle forza lavoro, il minimo storico per il Veneto. La Bussola di Veneto Lavoro, conferma la buona performance del mercato [&hellip;]<\/p>\n","protected":false},"author":2,"featured_media":0,"comment_status":"closed","ping_status":"open","sticky":false,"template":"","format":"standard","meta":{"footnotes":""},"categories":[36,26],"tags":[],"class_list":["post-107992","post","type-post","status-publish","format-standard","category-lavoro-economia","category-prima-pagina"],"yoast_head":"<!-- This site is optimized with the Yoast SEO plugin v28.4 - https:\/\/yoast.com\/product\/yoast-seo-wordpress\/ -->\n<title>Lavoro, 30mila posti in pi\u00f9 in Veneto. Assessore Donazzan: &quot;Raggiunto un nuovo massimo occupazionale&quot; - Bellunopress - Dolomiti<\/title>\n<meta name=\"robots\" content=\"index, follow, max-snippet:-1, max-image-preview:large, max-video-preview:-1\" \/>\n<link rel=\"canonical\" href=\"https:\/\/www.bellunopress.it\/fr\/2019\/09\/18\/lavoro-30mila-posti-in-piu-in-veneto-assessore-donazzan-raggiunto-un-nuovo-massimo-occupazionale\/\" \/>\n<meta property=\"og:locale\" content=\"fr_FR\" \/>\n<meta property=\"og:type\" content=\"article\" \/>\n<meta property=\"og:title\" content=\"Lavoro, 30mila posti in pi\u00f9 in Veneto. Assessore Donazzan: &quot;Raggiunto un nuovo massimo occupazionale&quot; - Bellunopress - Dolomiti\" \/>\n<meta property=\"og:description\" content=\"Venezia, 18 settembre 2019\u00a0 &#8211; Trentamila posti di lavoro in pi\u00f9 nel secondo trimestre 2019 in Veneto, meno disoccupati (scesi al 5,6 della forza lavoro) e meno inattivi, scesi in termini percentuali al 27,9 % delle forza lavoro, il minimo storico per il Veneto. La Bussola di Veneto Lavoro, conferma la buona performance del mercato [&hellip;]\" \/>\n<meta property=\"og:url\" content=\"https:\/\/www.bellunopress.it\/fr\/2019\/09\/18\/lavoro-30mila-posti-in-piu-in-veneto-assessore-donazzan-raggiunto-un-nuovo-massimo-occupazionale\/\" \/>\n<meta property=\"og:site_name\" content=\"Bellunopress - Dolomiti\" \/>\n<meta property=\"article:publisher\" content=\"https:\/\/www.facebook.com\/profile.php?id=100008943462799\" \/>\n<meta property=\"article:published_time\" content=\"2019-09-18T16:15:09+00:00\" \/>\n<meta property=\"og:image\" content=\"http:\/\/www.bellunopress.it\/wp-content\/uploads\/2018\/05\/Elena-Donazzan.jpg\" \/>\n<meta name=\"author\" content=\"redazione\" \/>\n<meta name=\"twitter:card\" content=\"summary_large_image\" \/>\n<meta name=\"twitter:creator\" content=\"@bellunopress\" \/>\n<meta name=\"twitter:site\" content=\"@bellunopress\" \/>\n<meta name=\"twitter:label1\" content=\"\u00c9crit par\" \/>\n\t<meta name=\"twitter:data1\" content=\"redazione\" \/>\n\t<meta name=\"twitter:label2\" content=\"Dur\u00e9e de lecture estim\u00e9e\" \/>\n\t<meta name=\"twitter:data2\" content=\"3 minutes\" \/>\n<script type=\"application\/ld+json\" class=\"yoast-schema-graph\">{\"@context\":\"https:\\\/\\\/schema.org\",\"@graph\":[{\"@type\":\"Article\",\"@id\":\"https:\\\/\\\/www.bellunopress.it\\\/2019\\\/09\\\/18\\\/lavoro-30mila-posti-in-piu-in-veneto-assessore-donazzan-raggiunto-un-nuovo-massimo-occupazionale\\\/#article\",\"isPartOf\":{\"@id\":\"https:\\\/\\\/www.bellunopress.it\\\/2019\\\/09\\\/18\\\/lavoro-30mila-posti-in-piu-in-veneto-assessore-donazzan-raggiunto-un-nuovo-massimo-occupazionale\\\/\"},\"author\":{\"name\":\"redazione\",\"@id\":\"https:\\\/\\\/www.bellunopress.it\\\/#\\\/schema\\\/person\\\/79bb06722b37ece1c03d3e94beb30d73\"},\"headline\":\"Lavoro, 30mila posti in pi\u00f9 in Veneto. Assessore Donazzan: &#8220;Raggiunto un nuovo massimo occupazionale&#8221;\",\"datePublished\":\"2019-09-18T16:15:09+00:00\",\"mainEntityOfPage\":{\"@id\":\"https:\\\/\\\/www.bellunopress.it\\\/2019\\\/09\\\/18\\\/lavoro-30mila-posti-in-piu-in-veneto-assessore-donazzan-raggiunto-un-nuovo-massimo-occupazionale\\\/\"},\"wordCount\":547,\"publisher\":{\"@id\":\"https:\\\/\\\/www.bellunopress.it\\\/#organization\"},\"image\":{\"@id\":\"https:\\\/\\\/www.bellunopress.it\\\/2019\\\/09\\\/18\\\/lavoro-30mila-posti-in-piu-in-veneto-assessore-donazzan-raggiunto-un-nuovo-massimo-occupazionale\\\/#primaryimage\"},\"thumbnailUrl\":\"http:\\\/\\\/www.bellunopress.it\\\/wp-content\\\/uploads\\\/2018\\\/05\\\/Elena-Donazzan.jpg\",\"articleSection\":[\"Lavoro, Economia, Turismo\",\"Prima Pagina\"],\"inLanguage\":\"fr-FR\"},{\"@type\":\"WebPage\",\"@id\":\"https:\\\/\\\/www.bellunopress.it\\\/2019\\\/09\\\/18\\\/lavoro-30mila-posti-in-piu-in-veneto-assessore-donazzan-raggiunto-un-nuovo-massimo-occupazionale\\\/\",\"url\":\"https:\\\/\\\/www.bellunopress.it\\\/2019\\\/09\\\/18\\\/lavoro-30mila-posti-in-piu-in-veneto-assessore-donazzan-raggiunto-un-nuovo-massimo-occupazionale\\\/\",\"name\":\"Lavoro, 30mila posti in pi\u00f9 in Veneto. Assessore Donazzan: \\\"Raggiunto un nuovo massimo occupazionale\\\" - Bellunopress - Dolomiti\",\"isPartOf\":{\"@id\":\"https:\\\/\\\/www.bellunopress.it\\\/#website\"},\"primaryImageOfPage\":{\"@id\":\"https:\\\/\\\/www.bellunopress.it\\\/2019\\\/09\\\/18\\\/lavoro-30mila-posti-in-piu-in-veneto-assessore-donazzan-raggiunto-un-nuovo-massimo-occupazionale\\\/#primaryimage\"},\"image\":{\"@id\":\"https:\\\/\\\/www.bellunopress.it\\\/2019\\\/09\\\/18\\\/lavoro-30mila-posti-in-piu-in-veneto-assessore-donazzan-raggiunto-un-nuovo-massimo-occupazionale\\\/#primaryimage\"},\"thumbnailUrl\":\"http:\\\/\\\/www.bellunopress.it\\\/wp-content\\\/uploads\\\/2018\\\/05\\\/Elena-Donazzan.jpg\",\"datePublished\":\"2019-09-18T16:15:09+00:00\",\"breadcrumb\":{\"@id\":\"https:\\\/\\\/www.bellunopress.it\\\/2019\\\/09\\\/18\\\/lavoro-30mila-posti-in-piu-in-veneto-assessore-donazzan-raggiunto-un-nuovo-massimo-occupazionale\\\/#breadcrumb\"},\"inLanguage\":\"fr-FR\",\"potentialAction\":[{\"@type\":\"ReadAction\",\"target\":[\"https:\\\/\\\/www.bellunopress.it\\\/2019\\\/09\\\/18\\\/lavoro-30mila-posti-in-piu-in-veneto-assessore-donazzan-raggiunto-un-nuovo-massimo-occupazionale\\\/\"]}]},{\"@type\":\"ImageObject\",\"inLanguage\":\"fr-FR\",\"@id\":\"https:\\\/\\\/www.bellunopress.it\\\/2019\\\/09\\\/18\\\/lavoro-30mila-posti-in-piu-in-veneto-assessore-donazzan-raggiunto-un-nuovo-massimo-occupazionale\\\/#primaryimage\",\"url\":\"http:\\\/\\\/www.bellunopress.it\\\/wp-content\\\/uploads\\\/2018\\\/05\\\/Elena-Donazzan.jpg\",\"contentUrl\":\"http:\\\/\\\/www.bellunopress.it\\\/wp-content\\\/uploads\\\/2018\\\/05\\\/Elena-Donazzan.jpg\"},{\"@type\":\"BreadcrumbList\",\"@id\":\"https:\\\/\\\/www.bellunopress.it\\\/2019\\\/09\\\/18\\\/lavoro-30mila-posti-in-piu-in-veneto-assessore-donazzan-raggiunto-un-nuovo-massimo-occupazionale\\\/#breadcrumb\",\"itemListElement\":[{\"@type\":\"ListItem\",\"position\":1,\"name\":\"Home\",\"item\":\"https:\\\/\\\/www.bellunopress.it\\\/\"},{\"@type\":\"ListItem\",\"position\":2,\"name\":\"Lavoro, 30mila posti in pi\u00f9 in Veneto. Assessore Donazzan: &#8220;Raggiunto un nuovo massimo occupazionale&#8221;\"}]},{\"@type\":\"WebSite\",\"@id\":\"https:\\\/\\\/www.bellunopress.it\\\/#website\",\"url\":\"https:\\\/\\\/www.bellunopress.it\\\/\",\"name\":\"Bellunopress - Dolomiti\",\"description\":\"e-mail: redazione@bellunopress.it\",\"publisher\":{\"@id\":\"https:\\\/\\\/www.bellunopress.it\\\/#organization\"},\"potentialAction\":[{\"@type\":\"SearchAction\",\"target\":{\"@type\":\"EntryPoint\",\"urlTemplate\":\"https:\\\/\\\/www.bellunopress.it\\\/?s={search_term_string}\"},\"query-input\":{\"@type\":\"PropertyValueSpecification\",\"valueRequired\":true,\"valueName\":\"search_term_string\"}}],\"inLanguage\":\"fr-FR\"},{\"@type\":\"Organization\",\"@id\":\"https:\\\/\\\/www.bellunopress.it\\\/#organization\",\"name\":\"Bellunopress\",\"url\":\"https:\\\/\\\/www.bellunopress.it\\\/\",\"logo\":{\"@type\":\"ImageObject\",\"inLanguage\":\"fr-FR\",\"@id\":\"https:\\\/\\\/www.bellunopress.it\\\/#\\\/schema\\\/logo\\\/image\\\/\",\"url\":\"https:\\\/\\\/www.bellunopress.it\\\/wp-content\\\/uploads\\\/2011\\\/05\\\/cropped-logo-bellunopress-.jpg\",\"contentUrl\":\"https:\\\/\\\/www.bellunopress.it\\\/wp-content\\\/uploads\\\/2011\\\/05\\\/cropped-logo-bellunopress-.jpg\",\"width\":512,\"height\":512,\"caption\":\"Bellunopress\"},\"image\":{\"@id\":\"https:\\\/\\\/www.bellunopress.it\\\/#\\\/schema\\\/logo\\\/image\\\/\"},\"sameAs\":[\"https:\\\/\\\/www.facebook.com\\\/profile.php?id=100008943462799\",\"https:\\\/\\\/x.com\\\/bellunopress\",\"https:\\\/\\\/www.linkedin.com\\\/hp\\\/?dnr=JBzUWaJfMUw8vbXJJ2tVW5-I3jZKvC4wsoxE&amp;amp;amp;amp;amp;amp;trk=nav_responsive_tab_home\",\"https:\\\/\\\/www.youtube.com\\\/channel\\\/UCxL0wu1uN0_3_7hGG0306cw\"]},{\"@type\":\"Person\",\"@id\":\"https:\\\/\\\/www.bellunopress.it\\\/#\\\/schema\\\/person\\\/79bb06722b37ece1c03d3e94beb30d73\",\"name\":\"redazione\",\"image\":{\"@type\":\"ImageObject\",\"inLanguage\":\"fr-FR\",\"@id\":\"https:\\\/\\\/secure.gravatar.com\\\/avatar\\\/37d968a2e67a6fd04c169c4bdef102d0bc5d31b2546345219e348575eb80e9a0?s=96&d=mm&r=g\",\"url\":\"https:\\\/\\\/secure.gravatar.com\\\/avatar\\\/37d968a2e67a6fd04c169c4bdef102d0bc5d31b2546345219e348575eb80e9a0?s=96&d=mm&r=g\",\"contentUrl\":\"https:\\\/\\\/secure.gravatar.com\\\/avatar\\\/37d968a2e67a6fd04c169c4bdef102d0bc5d31b2546345219e348575eb80e9a0?s=96&d=mm&r=g\",\"caption\":\"redazione\"},\"sameAs\":[\"http:\\\/\\\/www.bellunopress.it\",\"https:\\\/\\\/x.com\\\/bellunopress\"],\"url\":\"https:\\\/\\\/www.bellunopress.it\\\/fr\\\/author\\\/redazione\\\/\"}]}<\/script>\n<!-- \/ Yoast SEO plugin. -->","yoast_head_json":{"title":"Lavoro, 30mila posti in pi\u00f9 in Veneto. Assessore Donazzan: \"Raggiunto un nuovo massimo occupazionale\" - Bellunopress - Dolomiti","robots":{"index":"index","follow":"follow","max-snippet":"max-snippet:-1","max-image-preview":"max-image-preview:large","max-video-preview":"max-video-preview:-1"},"canonical":"https:\/\/www.bellunopress.it\/fr\/2019\/09\/18\/lavoro-30mila-posti-in-piu-in-veneto-assessore-donazzan-raggiunto-un-nuovo-massimo-occupazionale\/","og_locale":"fr_FR","og_type":"article","og_title":"Lavoro, 30mila posti in pi\u00f9 in Veneto. Assessore Donazzan: \"Raggiunto un nuovo massimo occupazionale\" - Bellunopress - Dolomiti","og_description":"Venezia, 18 settembre 2019\u00a0 &#8211; Trentamila posti di lavoro in pi\u00f9 nel secondo trimestre 2019 in Veneto, meno disoccupati (scesi al 5,6 della forza lavoro) e meno inattivi, scesi in termini percentuali al 27,9 % delle forza lavoro, il minimo storico per il Veneto. La Bussola di Veneto Lavoro, conferma la buona performance del mercato [&hellip;]","og_url":"https:\/\/www.bellunopress.it\/fr\/2019\/09\/18\/lavoro-30mila-posti-in-piu-in-veneto-assessore-donazzan-raggiunto-un-nuovo-massimo-occupazionale\/","og_site_name":"Bellunopress - Dolomiti","article_publisher":"https:\/\/www.facebook.com\/profile.php?id=100008943462799","article_published_time":"2019-09-18T16:15:09+00:00","og_image":[{"url":"http:\/\/www.bellunopress.it\/wp-content\/uploads\/2018\/05\/Elena-Donazzan.jpg","type":"","width":"","height":""}],"author":"redazione","twitter_card":"summary_large_image","twitter_creator":"@bellunopress","twitter_site":"@bellunopress","twitter_misc":{"\u00c9crit par":"redazione","Dur\u00e9e de lecture estim\u00e9e":"3 minutes"},"schema":{"@context":"https:\/\/schema.org","@graph":[{"@type":"Article","@id":"https:\/\/www.bellunopress.it\/2019\/09\/18\/lavoro-30mila-posti-in-piu-in-veneto-assessore-donazzan-raggiunto-un-nuovo-massimo-occupazionale\/#article","isPartOf":{"@id":"https:\/\/www.bellunopress.it\/2019\/09\/18\/lavoro-30mila-posti-in-piu-in-veneto-assessore-donazzan-raggiunto-un-nuovo-massimo-occupazionale\/"},"author":{"name":"redazione","@id":"https:\/\/www.bellunopress.it\/#\/schema\/person\/79bb06722b37ece1c03d3e94beb30d73"},"headline":"Lavoro, 30mila posti in pi\u00f9 in Veneto. Assessore Donazzan: &#8220;Raggiunto un nuovo massimo occupazionale&#8221;","datePublished":"2019-09-18T16:15:09+00:00","mainEntityOfPage":{"@id":"https:\/\/www.bellunopress.it\/2019\/09\/18\/lavoro-30mila-posti-in-piu-in-veneto-assessore-donazzan-raggiunto-un-nuovo-massimo-occupazionale\/"},"wordCount":547,"publisher":{"@id":"https:\/\/www.bellunopress.it\/#organization"},"image":{"@id":"https:\/\/www.bellunopress.it\/2019\/09\/18\/lavoro-30mila-posti-in-piu-in-veneto-assessore-donazzan-raggiunto-un-nuovo-massimo-occupazionale\/#primaryimage"},"thumbnailUrl":"http:\/\/www.bellunopress.it\/wp-content\/uploads\/2018\/05\/Elena-Donazzan.jpg","articleSection":["Lavoro, Economia, Turismo","Prima Pagina"],"inLanguage":"fr-FR"},{"@type":"WebPage","@id":"https:\/\/www.bellunopress.it\/2019\/09\/18\/lavoro-30mila-posti-in-piu-in-veneto-assessore-donazzan-raggiunto-un-nuovo-massimo-occupazionale\/","url":"https:\/\/www.bellunopress.it\/2019\/09\/18\/lavoro-30mila-posti-in-piu-in-veneto-assessore-donazzan-raggiunto-un-nuovo-massimo-occupazionale\/","name":"Lavoro, 30mila posti in pi\u00f9 in Veneto. Assessore Donazzan: \"Raggiunto un nuovo massimo occupazionale\" - Bellunopress - Dolomiti","isPartOf":{"@id":"https:\/\/www.bellunopress.it\/#website"},"primaryImageOfPage":{"@id":"https:\/\/www.bellunopress.it\/2019\/09\/18\/lavoro-30mila-posti-in-piu-in-veneto-assessore-donazzan-raggiunto-un-nuovo-massimo-occupazionale\/#primaryimage"},"image":{"@id":"https:\/\/www.bellunopress.it\/2019\/09\/18\/lavoro-30mila-posti-in-piu-in-veneto-assessore-donazzan-raggiunto-un-nuovo-massimo-occupazionale\/#primaryimage"},"thumbnailUrl":"http:\/\/www.bellunopress.it\/wp-content\/uploads\/2018\/05\/Elena-Donazzan.jpg","datePublished":"2019-09-18T16:15:09+00:00","breadcrumb":{"@id":"https:\/\/www.bellunopress.it\/2019\/09\/18\/lavoro-30mila-posti-in-piu-in-veneto-assessore-donazzan-raggiunto-un-nuovo-massimo-occupazionale\/#breadcrumb"},"inLanguage":"fr-FR","potentialAction":[{"@type":"ReadAction","target":["https:\/\/www.bellunopress.it\/2019\/09\/18\/lavoro-30mila-posti-in-piu-in-veneto-assessore-donazzan-raggiunto-un-nuovo-massimo-occupazionale\/"]}]},{"@type":"ImageObject","inLanguage":"fr-FR","@id":"https:\/\/www.bellunopress.it\/2019\/09\/18\/lavoro-30mila-posti-in-piu-in-veneto-assessore-donazzan-raggiunto-un-nuovo-massimo-occupazionale\/#primaryimage","url":"http:\/\/www.bellunopress.it\/wp-content\/uploads\/2018\/05\/Elena-Donazzan.jpg","contentUrl":"http:\/\/www.bellunopress.it\/wp-content\/uploads\/2018\/05\/Elena-Donazzan.jpg"},{"@type":"BreadcrumbList","@id":"https:\/\/www.bellunopress.it\/2019\/09\/18\/lavoro-30mila-posti-in-piu-in-veneto-assessore-donazzan-raggiunto-un-nuovo-massimo-occupazionale\/#breadcrumb","itemListElement":[{"@type":"ListItem","position":1,"name":"Home","item":"https:\/\/www.bellunopress.it\/"},{"@type":"ListItem","position":2,"name":"Lavoro, 30mila posti in pi\u00f9 in Veneto. Assessore Donazzan: &#8220;Raggiunto un nuovo massimo occupazionale&#8221;"}]},{"@type":"WebSite","@id":"https:\/\/www.bellunopress.it\/#website","url":"https:\/\/www.bellunopress.it\/","name":"Bellunopress - Dolomiti","description":"e-mail: redazione@bellunopress.it","publisher":{"@id":"https:\/\/www.bellunopress.it\/#organization"},"potentialAction":[{"@type":"SearchAction","target":{"@type":"EntryPoint","urlTemplate":"https:\/\/www.bellunopress.it\/?s={search_term_string}"},"query-input":{"@type":"PropertyValueSpecification","valueRequired":true,"valueName":"search_term_string"}}],"inLanguage":"fr-FR"},{"@type":"Organization","@id":"https:\/\/www.bellunopress.it\/#organization","name":"Bellunopress","url":"https:\/\/www.bellunopress.it\/","logo":{"@type":"ImageObject","inLanguage":"fr-FR","@id":"https:\/\/www.bellunopress.it\/#\/schema\/logo\/image\/","url":"https:\/\/www.bellunopress.it\/wp-content\/uploads\/2011\/05\/cropped-logo-bellunopress-.jpg","contentUrl":"https:\/\/www.bellunopress.it\/wp-content\/uploads\/2011\/05\/cropped-logo-bellunopress-.jpg","width":512,"height":512,"caption":"Bellunopress"},"image":{"@id":"https:\/\/www.bellunopress.it\/#\/schema\/logo\/image\/"},"sameAs":["https:\/\/www.facebook.com\/profile.php?id=100008943462799","https:\/\/x.com\/bellunopress","https:\/\/www.linkedin.com\/hp\/?dnr=JBzUWaJfMUw8vbXJJ2tVW5-I3jZKvC4wsoxE&amp;amp;amp;amp;amp;amp;trk=nav_responsive_tab_home","https:\/\/www.youtube.com\/channel\/UCxL0wu1uN0_3_7hGG0306cw"]},{"@type":"Person","@id":"https:\/\/www.bellunopress.it\/#\/schema\/person\/79bb06722b37ece1c03d3e94beb30d73","name":"r\u00e9daction","image":{"@type":"ImageObject","inLanguage":"fr-FR","@id":"https:\/\/secure.gravatar.com\/avatar\/37d968a2e67a6fd04c169c4bdef102d0bc5d31b2546345219e348575eb80e9a0?s=96&d=mm&r=g","url":"https:\/\/secure.gravatar.com\/avatar\/37d968a2e67a6fd04c169c4bdef102d0bc5d31b2546345219e348575eb80e9a0?s=96&d=mm&r=g","contentUrl":"https:\/\/secure.gravatar.com\/avatar\/37d968a2e67a6fd04c169c4bdef102d0bc5d31b2546345219e348575eb80e9a0?s=96&d=mm&r=g","caption":"redazione"},"sameAs":["http:\/\/www.bellunopress.it","https:\/\/x.com\/bellunopress"],"url":"https:\/\/www.bellunopress.it\/fr\/author\/redazione\/"}]}},"_links":{"self":[{"href":"https:\/\/www.bellunopress.it\/fr\/wp-json\/wp\/v2\/posts\/107992","targetHints":{"allow":["GET"]}}],"collection":[{"href":"https:\/\/www.bellunopress.it\/fr\/wp-json\/wp\/v2\/posts"}],"about":[{"href":"https:\/\/www.bellunopress.it\/fr\/wp-json\/wp\/v2\/types\/post"}],"author":[{"embeddable":true,"href":"https:\/\/www.bellunopress.it\/fr\/wp-json\/wp\/v2\/users\/2"}],"replies":[{"embeddable":true,"href":"https:\/\/www.bellunopress.it\/fr\/wp-json\/wp\/v2\/comments?post=107992"}],"version-history":[{"count":1,"href":"https:\/\/www.bellunopress.it\/fr\/wp-json\/wp\/v2\/posts\/107992\/revisions"}],"predecessor-version":[{"id":107993,"href":"https:\/\/www.bellunopress.it\/fr\/wp-json\/wp\/v2\/posts\/107992\/revisions\/107993"}],"wp:attachment":[{"href":"https:\/\/www.bellunopress.it\/fr\/wp-json\/wp\/v2\/media?parent=107992"}],"wp:term":[{"taxonomy":"category","embeddable":true,"href":"https:\/\/www.bellunopress.it\/fr\/wp-json\/wp\/v2\/categories?post=107992"},{"taxonomy":"post_tag","embeddable":true,"href":"https:\/\/www.bellunopress.it\/fr\/wp-json\/wp\/v2\/tags?post=107992"}],"curies":[{"name":"wp","href":"https:\/\/api.w.org\/{rel}","templated":true}]}}