{"id":107990,"date":"2019-09-18T17:40:57","date_gmt":"2019-09-18T15:40:57","guid":{"rendered":"http:\/\/www.bellunopress.it\/?p=107990"},"modified":"2019-09-18T17:40:57","modified_gmt":"2019-09-18T15:40:57","slug":"giornate-europee-del-patrimonio-2019-un-due-trearte-cultura-e-intrattenimento-domenica-allarchivio-di-stato-di-belluno","status":"publish","type":"post","link":"https:\/\/www.bellunopress.it\/fr\/2019\/09\/18\/giornate-europee-del-patrimonio-2019-un-due-trearte-cultura-e-intrattenimento-domenica-allarchivio-di-stato-di-belluno\/","title":{"rendered":"Giornate Europee del Patrimonio 2019: \u201cUn due tre\u2026arte! Cultura e intrattenimento\u201d. Domenica all&#8217;Archivio di Stato di Belluno"},"content":{"rendered":"<figure id=\"attachment_28163\" aria-describedby=\"caption-attachment-28163\" style=\"width: 202px\" class=\"wp-caption alignleft\"><a href=\"http:\/\/www.bellunopress.it\/fr\/2011\/06\/27\/domani-presso-larchivio-di-stato-la-celebrazione-del-237mo-anniversario-della-fondazione-della-guardia-di-finanza\/archivio-di-stato-belluno-2\/\" rel=\"attachment wp-att-28163\"><img loading=\"lazy\" decoding=\"async\" class=\"size-full wp-image-28163\" src=\"http:\/\/www.bellunopress.it\/wp-content\/uploads\/2011\/06\/archivio-di-stato-belluno.jpg\" alt=\"\" width=\"202\" height=\"270\" \/><\/a><figcaption id=\"caption-attachment-28163\" class=\"wp-caption-text\">Archivio di Stato<\/figcaption><\/figure>\n<p><strong>&#8220;Memorie di carta&#8221;. In mostra quindici anni di viaggi e di disegni dai taccuini illustrati di Marta Farina, viaggiando tra Europa, Asia ed Africa.<\/strong><br \/>\nNell\u2019ambito delle Giornate Europee del Patrimonio 2019, dedicate al tema Arte e intrattenimento, domenica 22 settembre 2019 l&#8217;Archivio di Stato di Belluno sar\u00e0 aperto al pubblico, dalle 9.00 alle 13.00, con una mostra dei disegni e dei taccuini di viaggio dell\u2019illustratrice Marta Farina e la possibilit\u00e0<br \/>\ndi visite guidate all&#8217;antico complesso architettonico di Santa Maria dei Battuti.<br \/>\nCogliendo lo spunto fornito dal tema dell\u2019arte come forma di intrattenimento, che costituisce il leitmotiv delle GEP di quest\u2019anno, l\u2019Istituto propone al pubblico una significativa e qualificata selezione di disegni tratti dai carnet di viaggio, che l\u2019affermata illustratrice ha realizzato nell\u2019arco di un quindicennio viaggiando tra Europa, Asia e Africa.<\/p>\n<figure id=\"attachment_80714\" aria-describedby=\"caption-attachment-80714\" style=\"width: 166px\" class=\"wp-caption alignleft\"><a href=\"http:\/\/www.bellunopress.it\/fr\/2016\/09\/15\/via-sottocastello-belluno-le-decorazioni-murali-di-marta-farina-dedicate-alla-caminata\/marta-farina-2\/\" rel=\"attachment wp-att-80714\"><img loading=\"lazy\" decoding=\"async\" class=\"size-full wp-image-80714\" src=\"http:\/\/www.bellunopress.it\/wp-content\/uploads\/2016\/09\/marta-farina.jpg\" alt=\"\" width=\"166\" height=\"190\" \/><\/a><figcaption id=\"caption-attachment-80714\" class=\"wp-caption-text\">Marta Farina<\/figcaption><\/figure>\n<p>La rappresentazione di paesi lontani \u2013 vissuta e interpretata attraverso la soggettivit\u00e0 e la sensibilit\u00e0 dell\u2019autrice \u2013 diventa cos\u00ec un modo per intrattenere il pubblico mettendo in relazione l\u2019espressione artistica del presente con quella del passato. I luoghi, i personaggi, le atmosfere che prendono vita nei disegni di Marta Farina, ospitati nella sala capitolare della confraternita dei Battuti, entrano infatti in dialogo con gli affreschi quattrocenteschi e gli animali fantastici dipinti sulle tavolette lignee del soffitto, creando i presupposti per un<br \/>\nviaggio di tipo emozionale attraverso il tempo e lo spazio.<br \/>\nIl programma della giornata prevede anche, su richiesta, turni di visite guidate, della durata di circa mezz&#8217;ora, alla sala di studio e ai depositi dell\u2019Archivio, alla chiesa trecentesca, oggi adibita a\u00a0sala polifunzionale, e al giardino delimitato dalle mura medievali cittadine.<\/p>\n<p>L\u2019orario di visita dovr\u00e0 essere concordato comunicando il proprio nominativo e recapito.<\/p>\n<p>Per informazioni: Silvia Miscellaneo \u2013 Servizi di valorizzazione e promozione \u2013 Archivio di Stato di Belluno, via Santa Maria dei Battuti n. 3 \u2013 tel. 0437 940061 (lun-gio: ore 8,30-17,30; mar-mer-ven ore 8,30-13,30); e-mail: as-bl@beniculturali.it<\/p>","protected":false},"excerpt":{"rendered":"<p>&#8220;Memorie di carta&#8221;. In mostra quindici anni di viaggi e di disegni dai taccuini illustrati di Marta Farina, viaggiando tra Europa, Asia ed Africa. Nell\u2019ambito delle Giornate Europee del Patrimonio 2019, dedicate al tema Arte e intrattenimento, domenica 22 settembre 2019 l&#8217;Archivio di Stato di Belluno sar\u00e0 aperto al pubblico, dalle 9.00 alle 13.00, con [&hellip;]<\/p>\n","protected":false},"author":2,"featured_media":0,"comment_status":"closed","ping_status":"open","sticky":false,"template":"","format":"standard","meta":{"footnotes":""},"categories":[27,3,26],"tags":[],"class_list":["post-107990","post","type-post","status-publish","format-standard","category-appuntamenti","category-arte-cultura-spettacoli-scienza-archivi","category-prima-pagina"],"yoast_head":"<!-- This site is optimized with the Yoast SEO plugin v28.4 - https:\/\/yoast.com\/product\/yoast-seo-wordpress\/ -->\n<title>Giornate Europee del Patrimonio 2019: \u201cUn due tre\u2026arte! Cultura e intrattenimento\u201d. Domenica all&#039;Archivio di Stato di Belluno - Bellunopress - Dolomiti<\/title>\n<meta name=\"robots\" content=\"index, follow, max-snippet:-1, max-image-preview:large, max-video-preview:-1\" \/>\n<link rel=\"canonical\" href=\"https:\/\/www.bellunopress.it\/fr\/2019\/09\/18\/giornate-europee-del-patrimonio-2019-un-due-trearte-cultura-e-intrattenimento-domenica-allarchivio-di-stato-di-belluno\/\" \/>\n<meta property=\"og:locale\" content=\"fr_FR\" \/>\n<meta property=\"og:type\" content=\"article\" \/>\n<meta property=\"og:title\" content=\"Giornate Europee del Patrimonio 2019: \u201cUn due tre\u2026arte! Cultura e intrattenimento\u201d. Domenica all&#039;Archivio di Stato di Belluno - Bellunopress - Dolomiti\" \/>\n<meta property=\"og:description\" content=\"&#8220;Memorie di carta&#8221;. In mostra quindici anni di viaggi e di disegni dai taccuini illustrati di Marta Farina, viaggiando tra Europa, Asia ed Africa. Nell\u2019ambito delle Giornate Europee del Patrimonio 2019, dedicate al tema Arte e intrattenimento, domenica 22 settembre 2019 l&#8217;Archivio di Stato di Belluno sar\u00e0 aperto al pubblico, dalle 9.00 alle 13.00, con [&hellip;]\" \/>\n<meta property=\"og:url\" content=\"https:\/\/www.bellunopress.it\/fr\/2019\/09\/18\/giornate-europee-del-patrimonio-2019-un-due-trearte-cultura-e-intrattenimento-domenica-allarchivio-di-stato-di-belluno\/\" \/>\n<meta property=\"og:site_name\" content=\"Bellunopress - Dolomiti\" \/>\n<meta property=\"article:publisher\" content=\"https:\/\/www.facebook.com\/profile.php?id=100008943462799\" \/>\n<meta property=\"article:published_time\" content=\"2019-09-18T15:40:57+00:00\" \/>\n<meta property=\"og:image\" content=\"http:\/\/www.bellunopress.it\/wp-content\/uploads\/2011\/06\/archivio-di-stato-belluno.jpg\" \/>\n<meta name=\"author\" content=\"redazione\" \/>\n<meta name=\"twitter:card\" content=\"summary_large_image\" \/>\n<meta name=\"twitter:creator\" content=\"@bellunopress\" \/>\n<meta name=\"twitter:site\" content=\"@bellunopress\" \/>\n<meta name=\"twitter:label1\" content=\"\u00c9crit par\" \/>\n\t<meta name=\"twitter:data1\" content=\"redazione\" \/>\n\t<meta name=\"twitter:label2\" content=\"Dur\u00e9e de lecture estim\u00e9e\" \/>\n\t<meta name=\"twitter:data2\" content=\"2 minutes\" \/>\n<script type=\"application\/ld+json\" class=\"yoast-schema-graph\">{\"@context\":\"https:\\\/\\\/schema.org\",\"@graph\":[{\"@type\":\"Article\",\"@id\":\"https:\\\/\\\/www.bellunopress.it\\\/2019\\\/09\\\/18\\\/giornate-europee-del-patrimonio-2019-un-due-trearte-cultura-e-intrattenimento-domenica-allarchivio-di-stato-di-belluno\\\/#article\",\"isPartOf\":{\"@id\":\"https:\\\/\\\/www.bellunopress.it\\\/2019\\\/09\\\/18\\\/giornate-europee-del-patrimonio-2019-un-due-trearte-cultura-e-intrattenimento-domenica-allarchivio-di-stato-di-belluno\\\/\"},\"author\":{\"name\":\"redazione\",\"@id\":\"https:\\\/\\\/www.bellunopress.it\\\/#\\\/schema\\\/person\\\/79bb06722b37ece1c03d3e94beb30d73\"},\"headline\":\"Giornate Europee del Patrimonio 2019: \u201cUn due tre\u2026arte! Cultura e intrattenimento\u201d. Domenica all&#8217;Archivio di Stato di Belluno\",\"datePublished\":\"2019-09-18T15:40:57+00:00\",\"mainEntityOfPage\":{\"@id\":\"https:\\\/\\\/www.bellunopress.it\\\/2019\\\/09\\\/18\\\/giornate-europee-del-patrimonio-2019-un-due-trearte-cultura-e-intrattenimento-domenica-allarchivio-di-stato-di-belluno\\\/\"},\"wordCount\":350,\"publisher\":{\"@id\":\"https:\\\/\\\/www.bellunopress.it\\\/#organization\"},\"image\":{\"@id\":\"https:\\\/\\\/www.bellunopress.it\\\/2019\\\/09\\\/18\\\/giornate-europee-del-patrimonio-2019-un-due-trearte-cultura-e-intrattenimento-domenica-allarchivio-di-stato-di-belluno\\\/#primaryimage\"},\"thumbnailUrl\":\"http:\\\/\\\/www.bellunopress.it\\\/wp-content\\\/uploads\\\/2011\\\/06\\\/archivio-di-stato-belluno.jpg\",\"articleSection\":[\"Appuntamenti, Eventi\",\"Arte, Cultura, Spettacoli, Scienza\",\"Prima Pagina\"],\"inLanguage\":\"fr-FR\"},{\"@type\":\"WebPage\",\"@id\":\"https:\\\/\\\/www.bellunopress.it\\\/2019\\\/09\\\/18\\\/giornate-europee-del-patrimonio-2019-un-due-trearte-cultura-e-intrattenimento-domenica-allarchivio-di-stato-di-belluno\\\/\",\"url\":\"https:\\\/\\\/www.bellunopress.it\\\/2019\\\/09\\\/18\\\/giornate-europee-del-patrimonio-2019-un-due-trearte-cultura-e-intrattenimento-domenica-allarchivio-di-stato-di-belluno\\\/\",\"name\":\"Giornate Europee del Patrimonio 2019: \u201cUn due tre\u2026arte! Cultura e intrattenimento\u201d. Domenica all'Archivio di Stato di Belluno - Bellunopress - Dolomiti\",\"isPartOf\":{\"@id\":\"https:\\\/\\\/www.bellunopress.it\\\/#website\"},\"primaryImageOfPage\":{\"@id\":\"https:\\\/\\\/www.bellunopress.it\\\/2019\\\/09\\\/18\\\/giornate-europee-del-patrimonio-2019-un-due-trearte-cultura-e-intrattenimento-domenica-allarchivio-di-stato-di-belluno\\\/#primaryimage\"},\"image\":{\"@id\":\"https:\\\/\\\/www.bellunopress.it\\\/2019\\\/09\\\/18\\\/giornate-europee-del-patrimonio-2019-un-due-trearte-cultura-e-intrattenimento-domenica-allarchivio-di-stato-di-belluno\\\/#primaryimage\"},\"thumbnailUrl\":\"http:\\\/\\\/www.bellunopress.it\\\/wp-content\\\/uploads\\\/2011\\\/06\\\/archivio-di-stato-belluno.jpg\",\"datePublished\":\"2019-09-18T15:40:57+00:00\",\"breadcrumb\":{\"@id\":\"https:\\\/\\\/www.bellunopress.it\\\/2019\\\/09\\\/18\\\/giornate-europee-del-patrimonio-2019-un-due-trearte-cultura-e-intrattenimento-domenica-allarchivio-di-stato-di-belluno\\\/#breadcrumb\"},\"inLanguage\":\"fr-FR\",\"potentialAction\":[{\"@type\":\"ReadAction\",\"target\":[\"https:\\\/\\\/www.bellunopress.it\\\/2019\\\/09\\\/18\\\/giornate-europee-del-patrimonio-2019-un-due-trearte-cultura-e-intrattenimento-domenica-allarchivio-di-stato-di-belluno\\\/\"]}]},{\"@type\":\"ImageObject\",\"inLanguage\":\"fr-FR\",\"@id\":\"https:\\\/\\\/www.bellunopress.it\\\/2019\\\/09\\\/18\\\/giornate-europee-del-patrimonio-2019-un-due-trearte-cultura-e-intrattenimento-domenica-allarchivio-di-stato-di-belluno\\\/#primaryimage\",\"url\":\"http:\\\/\\\/www.bellunopress.it\\\/wp-content\\\/uploads\\\/2011\\\/06\\\/archivio-di-stato-belluno.jpg\",\"contentUrl\":\"http:\\\/\\\/www.bellunopress.it\\\/wp-content\\\/uploads\\\/2011\\\/06\\\/archivio-di-stato-belluno.jpg\"},{\"@type\":\"BreadcrumbList\",\"@id\":\"https:\\\/\\\/www.bellunopress.it\\\/2019\\\/09\\\/18\\\/giornate-europee-del-patrimonio-2019-un-due-trearte-cultura-e-intrattenimento-domenica-allarchivio-di-stato-di-belluno\\\/#breadcrumb\",\"itemListElement\":[{\"@type\":\"ListItem\",\"position\":1,\"name\":\"Home\",\"item\":\"https:\\\/\\\/www.bellunopress.it\\\/\"},{\"@type\":\"ListItem\",\"position\":2,\"name\":\"Giornate Europee del Patrimonio 2019: \u201cUn due tre\u2026arte! Cultura e intrattenimento\u201d. Domenica all&#8217;Archivio di Stato di Belluno\"}]},{\"@type\":\"WebSite\",\"@id\":\"https:\\\/\\\/www.bellunopress.it\\\/#website\",\"url\":\"https:\\\/\\\/www.bellunopress.it\\\/\",\"name\":\"Bellunopress - Dolomiti\",\"description\":\"e-mail: redazione@bellunopress.it\",\"publisher\":{\"@id\":\"https:\\\/\\\/www.bellunopress.it\\\/#organization\"},\"potentialAction\":[{\"@type\":\"SearchAction\",\"target\":{\"@type\":\"EntryPoint\",\"urlTemplate\":\"https:\\\/\\\/www.bellunopress.it\\\/?s={search_term_string}\"},\"query-input\":{\"@type\":\"PropertyValueSpecification\",\"valueRequired\":true,\"valueName\":\"search_term_string\"}}],\"inLanguage\":\"fr-FR\"},{\"@type\":\"Organization\",\"@id\":\"https:\\\/\\\/www.bellunopress.it\\\/#organization\",\"name\":\"Bellunopress\",\"url\":\"https:\\\/\\\/www.bellunopress.it\\\/\",\"logo\":{\"@type\":\"ImageObject\",\"inLanguage\":\"fr-FR\",\"@id\":\"https:\\\/\\\/www.bellunopress.it\\\/#\\\/schema\\\/logo\\\/image\\\/\",\"url\":\"https:\\\/\\\/www.bellunopress.it\\\/wp-content\\\/uploads\\\/2011\\\/05\\\/cropped-logo-bellunopress-.jpg\",\"contentUrl\":\"https:\\\/\\\/www.bellunopress.it\\\/wp-content\\\/uploads\\\/2011\\\/05\\\/cropped-logo-bellunopress-.jpg\",\"width\":512,\"height\":512,\"caption\":\"Bellunopress\"},\"image\":{\"@id\":\"https:\\\/\\\/www.bellunopress.it\\\/#\\\/schema\\\/logo\\\/image\\\/\"},\"sameAs\":[\"https:\\\/\\\/www.facebook.com\\\/profile.php?id=100008943462799\",\"https:\\\/\\\/x.com\\\/bellunopress\",\"https:\\\/\\\/www.linkedin.com\\\/hp\\\/?dnr=JBzUWaJfMUw8vbXJJ2tVW5-I3jZKvC4wsoxE&amp;amp;amp;amp;amp;amp;trk=nav_responsive_tab_home\",\"https:\\\/\\\/www.youtube.com\\\/channel\\\/UCxL0wu1uN0_3_7hGG0306cw\"]},{\"@type\":\"Person\",\"@id\":\"https:\\\/\\\/www.bellunopress.it\\\/#\\\/schema\\\/person\\\/79bb06722b37ece1c03d3e94beb30d73\",\"name\":\"redazione\",\"image\":{\"@type\":\"ImageObject\",\"inLanguage\":\"fr-FR\",\"@id\":\"https:\\\/\\\/secure.gravatar.com\\\/avatar\\\/37d968a2e67a6fd04c169c4bdef102d0bc5d31b2546345219e348575eb80e9a0?s=96&d=mm&r=g\",\"url\":\"https:\\\/\\\/secure.gravatar.com\\\/avatar\\\/37d968a2e67a6fd04c169c4bdef102d0bc5d31b2546345219e348575eb80e9a0?s=96&d=mm&r=g\",\"contentUrl\":\"https:\\\/\\\/secure.gravatar.com\\\/avatar\\\/37d968a2e67a6fd04c169c4bdef102d0bc5d31b2546345219e348575eb80e9a0?s=96&d=mm&r=g\",\"caption\":\"redazione\"},\"sameAs\":[\"http:\\\/\\\/www.bellunopress.it\",\"https:\\\/\\\/x.com\\\/bellunopress\"],\"url\":\"https:\\\/\\\/www.bellunopress.it\\\/fr\\\/author\\\/redazione\\\/\"}]}<\/script>\n<!-- \/ Yoast SEO plugin. -->","yoast_head_json":{"title":"Giornate Europee del Patrimonio 2019: \u201cUn due tre\u2026arte! Cultura e intrattenimento\u201d. Domenica all'Archivio di Stato di Belluno - Bellunopress - Dolomiti","robots":{"index":"index","follow":"follow","max-snippet":"max-snippet:-1","max-image-preview":"max-image-preview:large","max-video-preview":"max-video-preview:-1"},"canonical":"https:\/\/www.bellunopress.it\/fr\/2019\/09\/18\/giornate-europee-del-patrimonio-2019-un-due-trearte-cultura-e-intrattenimento-domenica-allarchivio-di-stato-di-belluno\/","og_locale":"fr_FR","og_type":"article","og_title":"Giornate Europee del Patrimonio 2019: \u201cUn due tre\u2026arte! Cultura e intrattenimento\u201d. Domenica all'Archivio di Stato di Belluno - Bellunopress - Dolomiti","og_description":"&#8220;Memorie di carta&#8221;. In mostra quindici anni di viaggi e di disegni dai taccuini illustrati di Marta Farina, viaggiando tra Europa, Asia ed Africa. Nell\u2019ambito delle Giornate Europee del Patrimonio 2019, dedicate al tema Arte e intrattenimento, domenica 22 settembre 2019 l&#8217;Archivio di Stato di Belluno sar\u00e0 aperto al pubblico, dalle 9.00 alle 13.00, con [&hellip;]","og_url":"https:\/\/www.bellunopress.it\/fr\/2019\/09\/18\/giornate-europee-del-patrimonio-2019-un-due-trearte-cultura-e-intrattenimento-domenica-allarchivio-di-stato-di-belluno\/","og_site_name":"Bellunopress - Dolomiti","article_publisher":"https:\/\/www.facebook.com\/profile.php?id=100008943462799","article_published_time":"2019-09-18T15:40:57+00:00","og_image":[{"url":"http:\/\/www.bellunopress.it\/wp-content\/uploads\/2011\/06\/archivio-di-stato-belluno.jpg","type":"","width":"","height":""}],"author":"redazione","twitter_card":"summary_large_image","twitter_creator":"@bellunopress","twitter_site":"@bellunopress","twitter_misc":{"\u00c9crit par":"redazione","Dur\u00e9e de lecture estim\u00e9e":"2 minutes"},"schema":{"@context":"https:\/\/schema.org","@graph":[{"@type":"Article","@id":"https:\/\/www.bellunopress.it\/2019\/09\/18\/giornate-europee-del-patrimonio-2019-un-due-trearte-cultura-e-intrattenimento-domenica-allarchivio-di-stato-di-belluno\/#article","isPartOf":{"@id":"https:\/\/www.bellunopress.it\/2019\/09\/18\/giornate-europee-del-patrimonio-2019-un-due-trearte-cultura-e-intrattenimento-domenica-allarchivio-di-stato-di-belluno\/"},"author":{"name":"redazione","@id":"https:\/\/www.bellunopress.it\/#\/schema\/person\/79bb06722b37ece1c03d3e94beb30d73"},"headline":"Giornate Europee del Patrimonio 2019: \u201cUn due tre\u2026arte! Cultura e intrattenimento\u201d. Domenica all&#8217;Archivio di Stato di Belluno","datePublished":"2019-09-18T15:40:57+00:00","mainEntityOfPage":{"@id":"https:\/\/www.bellunopress.it\/2019\/09\/18\/giornate-europee-del-patrimonio-2019-un-due-trearte-cultura-e-intrattenimento-domenica-allarchivio-di-stato-di-belluno\/"},"wordCount":350,"publisher":{"@id":"https:\/\/www.bellunopress.it\/#organization"},"image":{"@id":"https:\/\/www.bellunopress.it\/2019\/09\/18\/giornate-europee-del-patrimonio-2019-un-due-trearte-cultura-e-intrattenimento-domenica-allarchivio-di-stato-di-belluno\/#primaryimage"},"thumbnailUrl":"http:\/\/www.bellunopress.it\/wp-content\/uploads\/2011\/06\/archivio-di-stato-belluno.jpg","articleSection":["Appuntamenti, Eventi","Arte, Cultura, Spettacoli, Scienza","Prima Pagina"],"inLanguage":"fr-FR"},{"@type":"WebPage","@id":"https:\/\/www.bellunopress.it\/2019\/09\/18\/giornate-europee-del-patrimonio-2019-un-due-trearte-cultura-e-intrattenimento-domenica-allarchivio-di-stato-di-belluno\/","url":"https:\/\/www.bellunopress.it\/2019\/09\/18\/giornate-europee-del-patrimonio-2019-un-due-trearte-cultura-e-intrattenimento-domenica-allarchivio-di-stato-di-belluno\/","name":"Giornate Europee del Patrimonio 2019: \u201cUn due tre\u2026arte! Cultura e intrattenimento\u201d. Domenica all'Archivio di Stato di Belluno - Bellunopress - Dolomiti","isPartOf":{"@id":"https:\/\/www.bellunopress.it\/#website"},"primaryImageOfPage":{"@id":"https:\/\/www.bellunopress.it\/2019\/09\/18\/giornate-europee-del-patrimonio-2019-un-due-trearte-cultura-e-intrattenimento-domenica-allarchivio-di-stato-di-belluno\/#primaryimage"},"image":{"@id":"https:\/\/www.bellunopress.it\/2019\/09\/18\/giornate-europee-del-patrimonio-2019-un-due-trearte-cultura-e-intrattenimento-domenica-allarchivio-di-stato-di-belluno\/#primaryimage"},"thumbnailUrl":"http:\/\/www.bellunopress.it\/wp-content\/uploads\/2011\/06\/archivio-di-stato-belluno.jpg","datePublished":"2019-09-18T15:40:57+00:00","breadcrumb":{"@id":"https:\/\/www.bellunopress.it\/2019\/09\/18\/giornate-europee-del-patrimonio-2019-un-due-trearte-cultura-e-intrattenimento-domenica-allarchivio-di-stato-di-belluno\/#breadcrumb"},"inLanguage":"fr-FR","potentialAction":[{"@type":"ReadAction","target":["https:\/\/www.bellunopress.it\/2019\/09\/18\/giornate-europee-del-patrimonio-2019-un-due-trearte-cultura-e-intrattenimento-domenica-allarchivio-di-stato-di-belluno\/"]}]},{"@type":"ImageObject","inLanguage":"fr-FR","@id":"https:\/\/www.bellunopress.it\/2019\/09\/18\/giornate-europee-del-patrimonio-2019-un-due-trearte-cultura-e-intrattenimento-domenica-allarchivio-di-stato-di-belluno\/#primaryimage","url":"http:\/\/www.bellunopress.it\/wp-content\/uploads\/2011\/06\/archivio-di-stato-belluno.jpg","contentUrl":"http:\/\/www.bellunopress.it\/wp-content\/uploads\/2011\/06\/archivio-di-stato-belluno.jpg"},{"@type":"BreadcrumbList","@id":"https:\/\/www.bellunopress.it\/2019\/09\/18\/giornate-europee-del-patrimonio-2019-un-due-trearte-cultura-e-intrattenimento-domenica-allarchivio-di-stato-di-belluno\/#breadcrumb","itemListElement":[{"@type":"ListItem","position":1,"name":"Home","item":"https:\/\/www.bellunopress.it\/"},{"@type":"ListItem","position":2,"name":"Giornate Europee del Patrimonio 2019: \u201cUn due tre\u2026arte! Cultura e intrattenimento\u201d. Domenica all&#8217;Archivio di Stato di Belluno"}]},{"@type":"WebSite","@id":"https:\/\/www.bellunopress.it\/#website","url":"https:\/\/www.bellunopress.it\/","name":"Bellunopress - Dolomiti","description":"e-mail: redazione@bellunopress.it","publisher":{"@id":"https:\/\/www.bellunopress.it\/#organization"},"potentialAction":[{"@type":"SearchAction","target":{"@type":"EntryPoint","urlTemplate":"https:\/\/www.bellunopress.it\/?s={search_term_string}"},"query-input":{"@type":"PropertyValueSpecification","valueRequired":true,"valueName":"search_term_string"}}],"inLanguage":"fr-FR"},{"@type":"Organization","@id":"https:\/\/www.bellunopress.it\/#organization","name":"Bellunopress","url":"https:\/\/www.bellunopress.it\/","logo":{"@type":"ImageObject","inLanguage":"fr-FR","@id":"https:\/\/www.bellunopress.it\/#\/schema\/logo\/image\/","url":"https:\/\/www.bellunopress.it\/wp-content\/uploads\/2011\/05\/cropped-logo-bellunopress-.jpg","contentUrl":"https:\/\/www.bellunopress.it\/wp-content\/uploads\/2011\/05\/cropped-logo-bellunopress-.jpg","width":512,"height":512,"caption":"Bellunopress"},"image":{"@id":"https:\/\/www.bellunopress.it\/#\/schema\/logo\/image\/"},"sameAs":["https:\/\/www.facebook.com\/profile.php?id=100008943462799","https:\/\/x.com\/bellunopress","https:\/\/www.linkedin.com\/hp\/?dnr=JBzUWaJfMUw8vbXJJ2tVW5-I3jZKvC4wsoxE&amp;amp;amp;amp;amp;amp;trk=nav_responsive_tab_home","https:\/\/www.youtube.com\/channel\/UCxL0wu1uN0_3_7hGG0306cw"]},{"@type":"Person","@id":"https:\/\/www.bellunopress.it\/#\/schema\/person\/79bb06722b37ece1c03d3e94beb30d73","name":"r\u00e9daction","image":{"@type":"ImageObject","inLanguage":"fr-FR","@id":"https:\/\/secure.gravatar.com\/avatar\/37d968a2e67a6fd04c169c4bdef102d0bc5d31b2546345219e348575eb80e9a0?s=96&d=mm&r=g","url":"https:\/\/secure.gravatar.com\/avatar\/37d968a2e67a6fd04c169c4bdef102d0bc5d31b2546345219e348575eb80e9a0?s=96&d=mm&r=g","contentUrl":"https:\/\/secure.gravatar.com\/avatar\/37d968a2e67a6fd04c169c4bdef102d0bc5d31b2546345219e348575eb80e9a0?s=96&d=mm&r=g","caption":"redazione"},"sameAs":["http:\/\/www.bellunopress.it","https:\/\/x.com\/bellunopress"],"url":"https:\/\/www.bellunopress.it\/fr\/author\/redazione\/"}]}},"_links":{"self":[{"href":"https:\/\/www.bellunopress.it\/fr\/wp-json\/wp\/v2\/posts\/107990","targetHints":{"allow":["GET"]}}],"collection":[{"href":"https:\/\/www.bellunopress.it\/fr\/wp-json\/wp\/v2\/posts"}],"about":[{"href":"https:\/\/www.bellunopress.it\/fr\/wp-json\/wp\/v2\/types\/post"}],"author":[{"embeddable":true,"href":"https:\/\/www.bellunopress.it\/fr\/wp-json\/wp\/v2\/users\/2"}],"replies":[{"embeddable":true,"href":"https:\/\/www.bellunopress.it\/fr\/wp-json\/wp\/v2\/comments?post=107990"}],"version-history":[{"count":1,"href":"https:\/\/www.bellunopress.it\/fr\/wp-json\/wp\/v2\/posts\/107990\/revisions"}],"predecessor-version":[{"id":107991,"href":"https:\/\/www.bellunopress.it\/fr\/wp-json\/wp\/v2\/posts\/107990\/revisions\/107991"}],"wp:attachment":[{"href":"https:\/\/www.bellunopress.it\/fr\/wp-json\/wp\/v2\/media?parent=107990"}],"wp:term":[{"taxonomy":"category","embeddable":true,"href":"https:\/\/www.bellunopress.it\/fr\/wp-json\/wp\/v2\/categories?post=107990"},{"taxonomy":"post_tag","embeddable":true,"href":"https:\/\/www.bellunopress.it\/fr\/wp-json\/wp\/v2\/tags?post=107990"}],"curies":[{"name":"wp","href":"https:\/\/api.w.org\/{rel}","templated":true}]}}