{"id":107977,"date":"2019-09-21T15:06:19","date_gmt":"2019-09-21T13:06:19","guid":{"rendered":"http:\/\/www.bellunopress.it\/?p=107977"},"modified":"2019-09-18T11:13:51","modified_gmt":"2019-09-18T09:13:51","slug":"lavvocato-del-vajont-sandro-canestrini-lunedi-alle-17-30-aula-magna-del-catullo","status":"publish","type":"post","link":"https:\/\/www.bellunopress.it\/fr\/2019\/09\/21\/lavvocato-del-vajont-sandro-canestrini-lunedi-alle-17-30-aula-magna-del-catullo\/","title":{"rendered":"L&#8217;Avvocato del Vajont, Sandro Canestrini. Luned\u00ec alle 17.30 Aula magna del Catullo"},"content":{"rendered":"<p>L\u2019Associazione culturale Tina Merlin e l\u2019Isbrec con il patrocinio dell\u2019Ordine degli avvocati di Belluno e dei Comuni di Erto e Casso, Longarone e Vajont, luned\u00ec 23 settembre alle ore 17.30 nell\u2019Aula Magna dell\u2019Istituto Catullo, organizzano un incontro per il 50\u00b0 dell&#8217;arringa dell&#8217;avvocato di parte civile nel processo del Vajont a L\u2019Aquila, &#8220;L\u2019Avvocato del Vajont, Sandro Canestrini&#8221;.<\/p>\n<figure id=\"attachment_107978\" aria-describedby=\"caption-attachment-107978\" style=\"width: 237px\" class=\"wp-caption alignleft\"><a href=\"http:\/\/www.bellunopress.it\/fr\/?attachment_id=107978\" rel=\"attachment wp-att-107978\"><img loading=\"lazy\" decoding=\"async\" class=\"size-full wp-image-107978\" src=\"http:\/\/www.bellunopress.it\/wp-content\/uploads\/2019\/09\/Sandro-Canestrini-lavvocato-del-Vajont.jpg\" alt=\"\" width=\"237\" height=\"229\" \/><\/a><figcaption id=\"caption-attachment-107978\" class=\"wp-caption-text\">Sandro Canestrini, l&#8217;Avvocato del Vajont<\/figcaption><\/figure>\n<p>Interverranno gli avvocati Nicola Canestrini e Franco Tandura e la presidente dell\u2019Associazione culturale Tina Merlin, Adriana Lotto. Guido Beretta legger\u00e0 alcuni passi significativi dell\u2019arringa (che and\u00f2 avanti per tre giorni) che saranno commentati dall\u2019avv. Tandura. Verr\u00e0 proiettato il filmato della lettura della sentenza dell\u2019Aquila.<br \/>\nL\u2019Ordine degli Avvocati riconosce ai partecipanti 2 crediti formativi. Agli insegnanti viene\u00a0riconosciuto un attestato di partecipazione valido ai fini della formazione.<\/p>\n<p>Sandro Canestrini, scomparso pochi mesi fa a 96 anni, fu un avvocato a tutto tondo, fortemente impegnato nella professione intesa come impegno civile. Si occup\u00f2 di innumerevoli vicende: baster\u00e0 citare i processi pi\u00f9 significativi che lo videro dalla parte dei superstiti di tragedie annunciate o di vittime del nazismo, come, oltre al Vajont, quello sulla tragedia di Stava, quelli contro gli obiettori di coscienza nei tribunali militari, ed ancora la strage dell\u2019aereo di Ustica, il movimento irredentista in Alto Adige, il processo sul lager<br \/>\ndella Risiera di San Sabba a Trieste, quello contro Michael Seifert, il boia del campo di concentramento di Bolzano, il primo maxiprocesso di Palermo alla mafia.<\/p>\n<p>\u00abSignori Giudici, sono sicuro che abbiate piena coscienza che voi state giudicando qui non solo la pi\u00f9 grande tragedia causata da qualcuno da quando lo Stato italiano esiste, ma anche il pi\u00f9 grande episodio giudiziario che si sia mai discusso in Italia: il pi\u00f9 grande ma anche il pi\u00f9 emblematico, il pi\u00f9 grande processo emblematico dei primi settant\u2019anni di questo secolo\u00bb.<\/p>\n<p>Diceva cos\u00ec, il 23 settembre 1969, 50 anni fa, l\u2019avvocato Sandro Canestrini nella sua arringa pronunciata come patrono del collegio di parte civile, cio\u00e8 dei superstiti del Vajont, al processo dell\u2019Aquila.<br \/>\nLa sua arringa divenne un libro, \u00abVajont, genocidio di poveri\u00bb, ancora essenziale per capire il Vajont, stampato nel dicembre del 1969, ristampato nel 2003 ed esaurito, ed ora in una nuova ristampa (Cierre ed.). Canestrini lo dedic\u00f2 \u00aba tutti i morti e i vivi del Vajont, perch\u00e9 su di loro non cada la piet\u00e0\u00bb. Quella piet\u00e0 falsa, s\u2019intende, che per molti anni si volle stendere come un velo con lacrime e con discorsi d\u2019occasione, per coprire responsabilit\u00e0 economiche e politiche prima ancora che personali. Quella vicenda giudiziaria, conclusasi in Cassazione alla vigilia della prescrizione, stabil\u00ec che il disastro del<br \/>\nVajont era prevedibile. Anche se le condanne furono poche e miti le pene.<\/p>","protected":false},"excerpt":{"rendered":"<p>L\u2019Associazione culturale Tina Merlin e l\u2019Isbrec con il patrocinio dell\u2019Ordine degli avvocati di Belluno e dei Comuni di Erto e Casso, Longarone e Vajont, luned\u00ec 23 settembre alle ore 17.30 nell\u2019Aula Magna dell\u2019Istituto Catullo, organizzano un incontro per il 50\u00b0 dell&#8217;arringa dell&#8217;avvocato di parte civile nel processo del Vajont a L\u2019Aquila, &#8220;L\u2019Avvocato del Vajont, Sandro [&hellip;]<\/p>\n","protected":false},"author":2,"featured_media":0,"comment_status":"closed","ping_status":"open","sticky":false,"template":"","format":"standard","meta":{"footnotes":""},"categories":[27,3,25],"tags":[],"class_list":["post-107977","post","type-post","status-publish","format-standard","category-appuntamenti","category-arte-cultura-spettacoli-scienza-archivi","category-pausa-caffe"],"yoast_head":"<!-- This site is optimized with the Yoast SEO plugin v28.4 - https:\/\/yoast.com\/product\/yoast-seo-wordpress\/ -->\n<title>L&#039;Avvocato del Vajont, Sandro Canestrini. Luned\u00ec alle 17.30 Aula magna del Catullo - Bellunopress - Dolomiti<\/title>\n<meta name=\"robots\" content=\"index, follow, max-snippet:-1, max-image-preview:large, max-video-preview:-1\" \/>\n<link rel=\"canonical\" href=\"https:\/\/www.bellunopress.it\/fr\/2019\/09\/21\/lavvocato-del-vajont-sandro-canestrini-lunedi-alle-17-30-aula-magna-del-catullo\/\" \/>\n<meta property=\"og:locale\" content=\"fr_FR\" \/>\n<meta property=\"og:type\" content=\"article\" \/>\n<meta property=\"og:title\" content=\"L&#039;Avvocato del Vajont, Sandro Canestrini. Luned\u00ec alle 17.30 Aula magna del Catullo - Bellunopress - Dolomiti\" \/>\n<meta property=\"og:description\" content=\"L\u2019Associazione culturale Tina Merlin e l\u2019Isbrec con il patrocinio dell\u2019Ordine degli avvocati di Belluno e dei Comuni di Erto e Casso, Longarone e Vajont, luned\u00ec 23 settembre alle ore 17.30 nell\u2019Aula Magna dell\u2019Istituto Catullo, organizzano un incontro per il 50\u00b0 dell&#8217;arringa dell&#8217;avvocato di parte civile nel processo del Vajont a L\u2019Aquila, &#8220;L\u2019Avvocato del Vajont, Sandro [&hellip;]\" \/>\n<meta property=\"og:url\" content=\"https:\/\/www.bellunopress.it\/fr\/2019\/09\/21\/lavvocato-del-vajont-sandro-canestrini-lunedi-alle-17-30-aula-magna-del-catullo\/\" \/>\n<meta property=\"og:site_name\" content=\"Bellunopress - Dolomiti\" \/>\n<meta property=\"article:publisher\" content=\"https:\/\/www.facebook.com\/profile.php?id=100008943462799\" \/>\n<meta property=\"article:published_time\" content=\"2019-09-21T13:06:19+00:00\" \/>\n<meta property=\"og:image\" content=\"http:\/\/www.bellunopress.it\/wp-content\/uploads\/2019\/09\/Sandro-Canestrini-lavvocato-del-Vajont.jpg\" \/>\n<meta name=\"author\" content=\"redazione\" \/>\n<meta name=\"twitter:card\" content=\"summary_large_image\" \/>\n<meta name=\"twitter:creator\" content=\"@bellunopress\" \/>\n<meta name=\"twitter:site\" content=\"@bellunopress\" \/>\n<meta name=\"twitter:label1\" content=\"\u00c9crit par\" \/>\n\t<meta name=\"twitter:data1\" content=\"redazione\" \/>\n\t<meta name=\"twitter:label2\" content=\"Dur\u00e9e de lecture estim\u00e9e\" \/>\n\t<meta name=\"twitter:data2\" content=\"2 minutes\" \/>\n<script type=\"application\/ld+json\" class=\"yoast-schema-graph\">{\"@context\":\"https:\\\/\\\/schema.org\",\"@graph\":[{\"@type\":\"Article\",\"@id\":\"https:\\\/\\\/www.bellunopress.it\\\/2019\\\/09\\\/21\\\/lavvocato-del-vajont-sandro-canestrini-lunedi-alle-17-30-aula-magna-del-catullo\\\/#article\",\"isPartOf\":{\"@id\":\"https:\\\/\\\/www.bellunopress.it\\\/2019\\\/09\\\/21\\\/lavvocato-del-vajont-sandro-canestrini-lunedi-alle-17-30-aula-magna-del-catullo\\\/\"},\"author\":{\"name\":\"redazione\",\"@id\":\"https:\\\/\\\/www.bellunopress.it\\\/#\\\/schema\\\/person\\\/79bb06722b37ece1c03d3e94beb30d73\"},\"headline\":\"L&#8217;Avvocato del Vajont, Sandro Canestrini. Luned\u00ec alle 17.30 Aula magna del Catullo\",\"datePublished\":\"2019-09-21T13:06:19+00:00\",\"mainEntityOfPage\":{\"@id\":\"https:\\\/\\\/www.bellunopress.it\\\/2019\\\/09\\\/21\\\/lavvocato-del-vajont-sandro-canestrini-lunedi-alle-17-30-aula-magna-del-catullo\\\/\"},\"wordCount\":471,\"publisher\":{\"@id\":\"https:\\\/\\\/www.bellunopress.it\\\/#organization\"},\"image\":{\"@id\":\"https:\\\/\\\/www.bellunopress.it\\\/2019\\\/09\\\/21\\\/lavvocato-del-vajont-sandro-canestrini-lunedi-alle-17-30-aula-magna-del-catullo\\\/#primaryimage\"},\"thumbnailUrl\":\"http:\\\/\\\/www.bellunopress.it\\\/wp-content\\\/uploads\\\/2019\\\/09\\\/Sandro-Canestrini-lavvocato-del-Vajont.jpg\",\"articleSection\":[\"Appuntamenti, Eventi\",\"Arte, Cultura, Spettacoli, Scienza\",\"Pausa Caff\u00e8\"],\"inLanguage\":\"fr-FR\"},{\"@type\":\"WebPage\",\"@id\":\"https:\\\/\\\/www.bellunopress.it\\\/2019\\\/09\\\/21\\\/lavvocato-del-vajont-sandro-canestrini-lunedi-alle-17-30-aula-magna-del-catullo\\\/\",\"url\":\"https:\\\/\\\/www.bellunopress.it\\\/2019\\\/09\\\/21\\\/lavvocato-del-vajont-sandro-canestrini-lunedi-alle-17-30-aula-magna-del-catullo\\\/\",\"name\":\"L'Avvocato del Vajont, Sandro Canestrini. Luned\u00ec alle 17.30 Aula magna del Catullo - Bellunopress - Dolomiti\",\"isPartOf\":{\"@id\":\"https:\\\/\\\/www.bellunopress.it\\\/#website\"},\"primaryImageOfPage\":{\"@id\":\"https:\\\/\\\/www.bellunopress.it\\\/2019\\\/09\\\/21\\\/lavvocato-del-vajont-sandro-canestrini-lunedi-alle-17-30-aula-magna-del-catullo\\\/#primaryimage\"},\"image\":{\"@id\":\"https:\\\/\\\/www.bellunopress.it\\\/2019\\\/09\\\/21\\\/lavvocato-del-vajont-sandro-canestrini-lunedi-alle-17-30-aula-magna-del-catullo\\\/#primaryimage\"},\"thumbnailUrl\":\"http:\\\/\\\/www.bellunopress.it\\\/wp-content\\\/uploads\\\/2019\\\/09\\\/Sandro-Canestrini-lavvocato-del-Vajont.jpg\",\"datePublished\":\"2019-09-21T13:06:19+00:00\",\"breadcrumb\":{\"@id\":\"https:\\\/\\\/www.bellunopress.it\\\/2019\\\/09\\\/21\\\/lavvocato-del-vajont-sandro-canestrini-lunedi-alle-17-30-aula-magna-del-catullo\\\/#breadcrumb\"},\"inLanguage\":\"fr-FR\",\"potentialAction\":[{\"@type\":\"ReadAction\",\"target\":[\"https:\\\/\\\/www.bellunopress.it\\\/2019\\\/09\\\/21\\\/lavvocato-del-vajont-sandro-canestrini-lunedi-alle-17-30-aula-magna-del-catullo\\\/\"]}]},{\"@type\":\"ImageObject\",\"inLanguage\":\"fr-FR\",\"@id\":\"https:\\\/\\\/www.bellunopress.it\\\/2019\\\/09\\\/21\\\/lavvocato-del-vajont-sandro-canestrini-lunedi-alle-17-30-aula-magna-del-catullo\\\/#primaryimage\",\"url\":\"http:\\\/\\\/www.bellunopress.it\\\/wp-content\\\/uploads\\\/2019\\\/09\\\/Sandro-Canestrini-lavvocato-del-Vajont.jpg\",\"contentUrl\":\"http:\\\/\\\/www.bellunopress.it\\\/wp-content\\\/uploads\\\/2019\\\/09\\\/Sandro-Canestrini-lavvocato-del-Vajont.jpg\"},{\"@type\":\"BreadcrumbList\",\"@id\":\"https:\\\/\\\/www.bellunopress.it\\\/2019\\\/09\\\/21\\\/lavvocato-del-vajont-sandro-canestrini-lunedi-alle-17-30-aula-magna-del-catullo\\\/#breadcrumb\",\"itemListElement\":[{\"@type\":\"ListItem\",\"position\":1,\"name\":\"Home\",\"item\":\"https:\\\/\\\/www.bellunopress.it\\\/\"},{\"@type\":\"ListItem\",\"position\":2,\"name\":\"L&#8217;Avvocato del Vajont, Sandro Canestrini. Luned\u00ec alle 17.30 Aula magna del Catullo\"}]},{\"@type\":\"WebSite\",\"@id\":\"https:\\\/\\\/www.bellunopress.it\\\/#website\",\"url\":\"https:\\\/\\\/www.bellunopress.it\\\/\",\"name\":\"Bellunopress - Dolomiti\",\"description\":\"e-mail: redazione@bellunopress.it\",\"publisher\":{\"@id\":\"https:\\\/\\\/www.bellunopress.it\\\/#organization\"},\"potentialAction\":[{\"@type\":\"SearchAction\",\"target\":{\"@type\":\"EntryPoint\",\"urlTemplate\":\"https:\\\/\\\/www.bellunopress.it\\\/?s={search_term_string}\"},\"query-input\":{\"@type\":\"PropertyValueSpecification\",\"valueRequired\":true,\"valueName\":\"search_term_string\"}}],\"inLanguage\":\"fr-FR\"},{\"@type\":\"Organization\",\"@id\":\"https:\\\/\\\/www.bellunopress.it\\\/#organization\",\"name\":\"Bellunopress\",\"url\":\"https:\\\/\\\/www.bellunopress.it\\\/\",\"logo\":{\"@type\":\"ImageObject\",\"inLanguage\":\"fr-FR\",\"@id\":\"https:\\\/\\\/www.bellunopress.it\\\/#\\\/schema\\\/logo\\\/image\\\/\",\"url\":\"https:\\\/\\\/www.bellunopress.it\\\/wp-content\\\/uploads\\\/2011\\\/05\\\/cropped-logo-bellunopress-.jpg\",\"contentUrl\":\"https:\\\/\\\/www.bellunopress.it\\\/wp-content\\\/uploads\\\/2011\\\/05\\\/cropped-logo-bellunopress-.jpg\",\"width\":512,\"height\":512,\"caption\":\"Bellunopress\"},\"image\":{\"@id\":\"https:\\\/\\\/www.bellunopress.it\\\/#\\\/schema\\\/logo\\\/image\\\/\"},\"sameAs\":[\"https:\\\/\\\/www.facebook.com\\\/profile.php?id=100008943462799\",\"https:\\\/\\\/x.com\\\/bellunopress\",\"https:\\\/\\\/www.linkedin.com\\\/hp\\\/?dnr=JBzUWaJfMUw8vbXJJ2tVW5-I3jZKvC4wsoxE&amp;amp;amp;amp;amp;amp;trk=nav_responsive_tab_home\",\"https:\\\/\\\/www.youtube.com\\\/channel\\\/UCxL0wu1uN0_3_7hGG0306cw\"]},{\"@type\":\"Person\",\"@id\":\"https:\\\/\\\/www.bellunopress.it\\\/#\\\/schema\\\/person\\\/79bb06722b37ece1c03d3e94beb30d73\",\"name\":\"redazione\",\"image\":{\"@type\":\"ImageObject\",\"inLanguage\":\"fr-FR\",\"@id\":\"https:\\\/\\\/secure.gravatar.com\\\/avatar\\\/37d968a2e67a6fd04c169c4bdef102d0bc5d31b2546345219e348575eb80e9a0?s=96&d=mm&r=g\",\"url\":\"https:\\\/\\\/secure.gravatar.com\\\/avatar\\\/37d968a2e67a6fd04c169c4bdef102d0bc5d31b2546345219e348575eb80e9a0?s=96&d=mm&r=g\",\"contentUrl\":\"https:\\\/\\\/secure.gravatar.com\\\/avatar\\\/37d968a2e67a6fd04c169c4bdef102d0bc5d31b2546345219e348575eb80e9a0?s=96&d=mm&r=g\",\"caption\":\"redazione\"},\"sameAs\":[\"http:\\\/\\\/www.bellunopress.it\",\"https:\\\/\\\/x.com\\\/bellunopress\"],\"url\":\"https:\\\/\\\/www.bellunopress.it\\\/fr\\\/author\\\/redazione\\\/\"}]}<\/script>\n<!-- \/ Yoast SEO plugin. -->","yoast_head_json":{"title":"L'Avvocato del Vajont, Sandro Canestrini. Luned\u00ec alle 17.30 Aula magna del Catullo - Bellunopress - Dolomiti","robots":{"index":"index","follow":"follow","max-snippet":"max-snippet:-1","max-image-preview":"max-image-preview:large","max-video-preview":"max-video-preview:-1"},"canonical":"https:\/\/www.bellunopress.it\/fr\/2019\/09\/21\/lavvocato-del-vajont-sandro-canestrini-lunedi-alle-17-30-aula-magna-del-catullo\/","og_locale":"fr_FR","og_type":"article","og_title":"L'Avvocato del Vajont, Sandro Canestrini. Luned\u00ec alle 17.30 Aula magna del Catullo - Bellunopress - Dolomiti","og_description":"L\u2019Associazione culturale Tina Merlin e l\u2019Isbrec con il patrocinio dell\u2019Ordine degli avvocati di Belluno e dei Comuni di Erto e Casso, Longarone e Vajont, luned\u00ec 23 settembre alle ore 17.30 nell\u2019Aula Magna dell\u2019Istituto Catullo, organizzano un incontro per il 50\u00b0 dell&#8217;arringa dell&#8217;avvocato di parte civile nel processo del Vajont a L\u2019Aquila, &#8220;L\u2019Avvocato del Vajont, Sandro [&hellip;]","og_url":"https:\/\/www.bellunopress.it\/fr\/2019\/09\/21\/lavvocato-del-vajont-sandro-canestrini-lunedi-alle-17-30-aula-magna-del-catullo\/","og_site_name":"Bellunopress - Dolomiti","article_publisher":"https:\/\/www.facebook.com\/profile.php?id=100008943462799","article_published_time":"2019-09-21T13:06:19+00:00","og_image":[{"url":"http:\/\/www.bellunopress.it\/wp-content\/uploads\/2019\/09\/Sandro-Canestrini-lavvocato-del-Vajont.jpg","type":"","width":"","height":""}],"author":"redazione","twitter_card":"summary_large_image","twitter_creator":"@bellunopress","twitter_site":"@bellunopress","twitter_misc":{"\u00c9crit par":"redazione","Dur\u00e9e de lecture estim\u00e9e":"2 minutes"},"schema":{"@context":"https:\/\/schema.org","@graph":[{"@type":"Article","@id":"https:\/\/www.bellunopress.it\/2019\/09\/21\/lavvocato-del-vajont-sandro-canestrini-lunedi-alle-17-30-aula-magna-del-catullo\/#article","isPartOf":{"@id":"https:\/\/www.bellunopress.it\/2019\/09\/21\/lavvocato-del-vajont-sandro-canestrini-lunedi-alle-17-30-aula-magna-del-catullo\/"},"author":{"name":"redazione","@id":"https:\/\/www.bellunopress.it\/#\/schema\/person\/79bb06722b37ece1c03d3e94beb30d73"},"headline":"L&#8217;Avvocato del Vajont, Sandro Canestrini. Luned\u00ec alle 17.30 Aula magna del Catullo","datePublished":"2019-09-21T13:06:19+00:00","mainEntityOfPage":{"@id":"https:\/\/www.bellunopress.it\/2019\/09\/21\/lavvocato-del-vajont-sandro-canestrini-lunedi-alle-17-30-aula-magna-del-catullo\/"},"wordCount":471,"publisher":{"@id":"https:\/\/www.bellunopress.it\/#organization"},"image":{"@id":"https:\/\/www.bellunopress.it\/2019\/09\/21\/lavvocato-del-vajont-sandro-canestrini-lunedi-alle-17-30-aula-magna-del-catullo\/#primaryimage"},"thumbnailUrl":"http:\/\/www.bellunopress.it\/wp-content\/uploads\/2019\/09\/Sandro-Canestrini-lavvocato-del-Vajont.jpg","articleSection":["Appuntamenti, Eventi","Arte, Cultura, Spettacoli, Scienza","Pausa Caff\u00e8"],"inLanguage":"fr-FR"},{"@type":"WebPage","@id":"https:\/\/www.bellunopress.it\/2019\/09\/21\/lavvocato-del-vajont-sandro-canestrini-lunedi-alle-17-30-aula-magna-del-catullo\/","url":"https:\/\/www.bellunopress.it\/2019\/09\/21\/lavvocato-del-vajont-sandro-canestrini-lunedi-alle-17-30-aula-magna-del-catullo\/","name":"L'Avvocato del Vajont, Sandro Canestrini. Luned\u00ec alle 17.30 Aula magna del Catullo - Bellunopress - Dolomiti","isPartOf":{"@id":"https:\/\/www.bellunopress.it\/#website"},"primaryImageOfPage":{"@id":"https:\/\/www.bellunopress.it\/2019\/09\/21\/lavvocato-del-vajont-sandro-canestrini-lunedi-alle-17-30-aula-magna-del-catullo\/#primaryimage"},"image":{"@id":"https:\/\/www.bellunopress.it\/2019\/09\/21\/lavvocato-del-vajont-sandro-canestrini-lunedi-alle-17-30-aula-magna-del-catullo\/#primaryimage"},"thumbnailUrl":"http:\/\/www.bellunopress.it\/wp-content\/uploads\/2019\/09\/Sandro-Canestrini-lavvocato-del-Vajont.jpg","datePublished":"2019-09-21T13:06:19+00:00","breadcrumb":{"@id":"https:\/\/www.bellunopress.it\/2019\/09\/21\/lavvocato-del-vajont-sandro-canestrini-lunedi-alle-17-30-aula-magna-del-catullo\/#breadcrumb"},"inLanguage":"fr-FR","potentialAction":[{"@type":"ReadAction","target":["https:\/\/www.bellunopress.it\/2019\/09\/21\/lavvocato-del-vajont-sandro-canestrini-lunedi-alle-17-30-aula-magna-del-catullo\/"]}]},{"@type":"ImageObject","inLanguage":"fr-FR","@id":"https:\/\/www.bellunopress.it\/2019\/09\/21\/lavvocato-del-vajont-sandro-canestrini-lunedi-alle-17-30-aula-magna-del-catullo\/#primaryimage","url":"http:\/\/www.bellunopress.it\/wp-content\/uploads\/2019\/09\/Sandro-Canestrini-lavvocato-del-Vajont.jpg","contentUrl":"http:\/\/www.bellunopress.it\/wp-content\/uploads\/2019\/09\/Sandro-Canestrini-lavvocato-del-Vajont.jpg"},{"@type":"BreadcrumbList","@id":"https:\/\/www.bellunopress.it\/2019\/09\/21\/lavvocato-del-vajont-sandro-canestrini-lunedi-alle-17-30-aula-magna-del-catullo\/#breadcrumb","itemListElement":[{"@type":"ListItem","position":1,"name":"Home","item":"https:\/\/www.bellunopress.it\/"},{"@type":"ListItem","position":2,"name":"L&#8217;Avvocato del Vajont, Sandro Canestrini. Luned\u00ec alle 17.30 Aula magna del Catullo"}]},{"@type":"WebSite","@id":"https:\/\/www.bellunopress.it\/#website","url":"https:\/\/www.bellunopress.it\/","name":"Bellunopress - Dolomiti","description":"e-mail: redazione@bellunopress.it","publisher":{"@id":"https:\/\/www.bellunopress.it\/#organization"},"potentialAction":[{"@type":"SearchAction","target":{"@type":"EntryPoint","urlTemplate":"https:\/\/www.bellunopress.it\/?s={search_term_string}"},"query-input":{"@type":"PropertyValueSpecification","valueRequired":true,"valueName":"search_term_string"}}],"inLanguage":"fr-FR"},{"@type":"Organization","@id":"https:\/\/www.bellunopress.it\/#organization","name":"Bellunopress","url":"https:\/\/www.bellunopress.it\/","logo":{"@type":"ImageObject","inLanguage":"fr-FR","@id":"https:\/\/www.bellunopress.it\/#\/schema\/logo\/image\/","url":"https:\/\/www.bellunopress.it\/wp-content\/uploads\/2011\/05\/cropped-logo-bellunopress-.jpg","contentUrl":"https:\/\/www.bellunopress.it\/wp-content\/uploads\/2011\/05\/cropped-logo-bellunopress-.jpg","width":512,"height":512,"caption":"Bellunopress"},"image":{"@id":"https:\/\/www.bellunopress.it\/#\/schema\/logo\/image\/"},"sameAs":["https:\/\/www.facebook.com\/profile.php?id=100008943462799","https:\/\/x.com\/bellunopress","https:\/\/www.linkedin.com\/hp\/?dnr=JBzUWaJfMUw8vbXJJ2tVW5-I3jZKvC4wsoxE&amp;amp;amp;amp;amp;amp;trk=nav_responsive_tab_home","https:\/\/www.youtube.com\/channel\/UCxL0wu1uN0_3_7hGG0306cw"]},{"@type":"Person","@id":"https:\/\/www.bellunopress.it\/#\/schema\/person\/79bb06722b37ece1c03d3e94beb30d73","name":"r\u00e9daction","image":{"@type":"ImageObject","inLanguage":"fr-FR","@id":"https:\/\/secure.gravatar.com\/avatar\/37d968a2e67a6fd04c169c4bdef102d0bc5d31b2546345219e348575eb80e9a0?s=96&d=mm&r=g","url":"https:\/\/secure.gravatar.com\/avatar\/37d968a2e67a6fd04c169c4bdef102d0bc5d31b2546345219e348575eb80e9a0?s=96&d=mm&r=g","contentUrl":"https:\/\/secure.gravatar.com\/avatar\/37d968a2e67a6fd04c169c4bdef102d0bc5d31b2546345219e348575eb80e9a0?s=96&d=mm&r=g","caption":"redazione"},"sameAs":["http:\/\/www.bellunopress.it","https:\/\/x.com\/bellunopress"],"url":"https:\/\/www.bellunopress.it\/fr\/author\/redazione\/"}]}},"_links":{"self":[{"href":"https:\/\/www.bellunopress.it\/fr\/wp-json\/wp\/v2\/posts\/107977","targetHints":{"allow":["GET"]}}],"collection":[{"href":"https:\/\/www.bellunopress.it\/fr\/wp-json\/wp\/v2\/posts"}],"about":[{"href":"https:\/\/www.bellunopress.it\/fr\/wp-json\/wp\/v2\/types\/post"}],"author":[{"embeddable":true,"href":"https:\/\/www.bellunopress.it\/fr\/wp-json\/wp\/v2\/users\/2"}],"replies":[{"embeddable":true,"href":"https:\/\/www.bellunopress.it\/fr\/wp-json\/wp\/v2\/comments?post=107977"}],"version-history":[{"count":1,"href":"https:\/\/www.bellunopress.it\/fr\/wp-json\/wp\/v2\/posts\/107977\/revisions"}],"predecessor-version":[{"id":107979,"href":"https:\/\/www.bellunopress.it\/fr\/wp-json\/wp\/v2\/posts\/107977\/revisions\/107979"}],"wp:attachment":[{"href":"https:\/\/www.bellunopress.it\/fr\/wp-json\/wp\/v2\/media?parent=107977"}],"wp:term":[{"taxonomy":"category","embeddable":true,"href":"https:\/\/www.bellunopress.it\/fr\/wp-json\/wp\/v2\/categories?post=107977"},{"taxonomy":"post_tag","embeddable":true,"href":"https:\/\/www.bellunopress.it\/fr\/wp-json\/wp\/v2\/tags?post=107977"}],"curies":[{"name":"wp","href":"https:\/\/api.w.org\/{rel}","templated":true}]}}