{"id":107971,"date":"2019-09-17T22:21:08","date_gmt":"2019-09-17T20:21:08","guid":{"rendered":"http:\/\/www.bellunopress.it\/?p=107971"},"modified":"2019-09-17T22:21:08","modified_gmt":"2019-09-17T20:21:08","slug":"vertigini-festival-venerdi-prima-serata-allhangar-11-ex-caserma-piave-di-belluno","status":"publish","type":"post","link":"https:\/\/www.bellunopress.it\/fr\/2019\/09\/17\/vertigini-festival-venerdi-prima-serata-allhangar-11-ex-caserma-piave-di-belluno\/","title":{"rendered":"Vertigini Festival. Venerd\u00ec prima serata all&#8217;Hangar 11 ex Caserma Piave di Belluno"},"content":{"rendered":"<p>Venerd\u00ec 20 settembre sar\u00e0 la prima di tre serate di Vertigini, festival di arti performative organizzato da SlowMachine all\u2019interno di Hangar11, un ex hangar militare in via di riqualificazione presso l\u2019ex-caserma Piave di Belluno.<br \/>\nLa serata si compone di due lavori, il primo alle 21:00 tra il teatro, la performance e il documentario di Filippo M. Ceredi \u201cBetween me and P.\u201d e il secondo, alle 22:30, la performance sonora \u201cRudimenti\u201d di Enrico Malatesta.<\/p>\n<p><a href=\"http:\/\/www.bellunopress.it\/fr\/2016\/09\/19\/hangar-11-un-nuovo-spazio-dedicato-allarte-e-alla-cultura-a-belluno\/h11-hangar\/\" rel=\"attachment wp-att-80800\"><img loading=\"lazy\" decoding=\"async\" class=\"alignleft size-full wp-image-80800\" src=\"http:\/\/www.bellunopress.it\/wp-content\/uploads\/2016\/09\/H11-hangar.jpg\" alt=\"\" width=\"300\" height=\"200\" \/><\/a>\u00c8 ancora possibile abbonarsi alle tre serate scrivendo a biglietteria@slowmachine.org.<\/p>\n<p>Lo spettacolo \u201cBetween me and P.\u201d di Filippo Michelangelo Ceredi, \u00e8 un progetto tra teatro, performance e il documentario, un lavoro autobiografico che\u00a0nasce dalla radicale esigenza di riappropriazione di una storia famigliare.<br \/>\nPietro spar\u00ec volontariamente nel 1987 all\u2019et\u00e0 di 22 anni, senza lasciare tracce. Dopo venticinque anni Filippo, il fratello minore, ha avviato una lunga ricerca per tentare di avvicinarsi a lui e capire cosa lo port\u00f2 alla decisione di sparire. La ricerca \u00e8 un tentativo di portare luce su un\u2019assenza silenziosa e pervasiva,\u00a0e la sua elaborazione scenica \u00e8 una possibilit\u00e0 di trasmettere una storia che parla profondamente al presente individuale e collettivo.<br \/>\nAttraverso la penombra e la luce del videoproiettore, \u201cBetween Me and P.\u201d\u00a0crea un dialogo\u00a0tra i materiali visivi e audio di un archivio, le elaborazioni video dell\u2019artista e la sua presenza scenica. Filippo siede a una scrivania\u00a0e opera sul computer, lo scanner e sui materiali contenuti in un faldone, mentre il pubblico segue la narrazione attraverso la videoproiezione che riproduce lo schermo del computer. Questa mostra testi che vengono digitati, finestre dell\u2019archivio digitale, file audio e video che contengono fotografie scattate da Pietro, testimonianze rilasciate da amici e parenti, riprese\u00a0e montaggi dell\u2019artista in scena. Un ritratto di Pietro \u00e8 tracciato passo dopo passo, emergono aspetti divergenti della storia e la decisione di lasciarsi tutto alle spalle diventa pi\u00f9 leggibile.<br \/>\nNel corso della narrazione Filippo dispone sul pavimento oggetti provenienti dall\u2019archivio: stampe d&#8217;epoca, libri e altri materiali sono usati per costruire lo spazio in cui prover\u00e0, come atto finale di un rituale, a riportare nel corpo ci\u00f2 che a lungo \u00e8 stato celato nella quotidianit\u00e0.<\/p>\n<p>Filippo Michelangelo Ceredi\u00a0\u00e8 nato a Locarno nel 1982. Cresce e studia a Milano, dove si laurea in filosofia con una tesi sulla Funzione delle passioni e della violenza nella tragedia greca. Lavora come assistente alla reg\u00eca di Marco Bechis nel film\u00a0Il sorriso del capo\u00a0(2011), in collaborazione con Istituto Luce, e nella serie web\u00a0Il rumore della memoria\u00a0(2014). Assiste Iacopo Patierno nella realizzazione della serie web per il progetto italo-mozambicano\u00a0Il teatro fa bene\u00a0(2016) e dirige lavori da videomaker.\u00a0 Dal 2012 inizia una formazione teatrale seguendo i laboratori del Teatro delle Moire e lavorando come tecnico per progetti teatrali. Nel 2016 debutta a Danae Festival con Between Me and P., presentato successivamente a Santarcangelo Festival 2017.<\/p>\n<p>Alle 22:30 sar\u00e0 il momento di \u201cRudimenti\u201d di Enrico Malatesta, una performance sonora per strumenti a pelle e dispositivi di playback.<br \/>\nEnrico Malatesta, (1985). Percussionista e ricercatore indipendente attivo in ambiti sperimentali posti tra musica, performance e indagine territoriale; la sua pratica esplora la relazione tra suono, spazio e movimento e la vitalit\u00e0 dei materiali con particolare attenzione alle superfici, alle modalit\u00e0 di ascolto e alla definizione di informazioni multiple attraverso un approccio ecologico e sostenibile allo strumento percussivo. La sua pratica esplora le relazioni tra suono, spazio e movimento con particolare attenzione alle modalit\u00e0 di ascolto, alle affordances degli strumenti e al poliritmo, inteso come definizione di informazioni multiple attraverso un approccio ecologico e sostenibile all\u2019atto percussivo. Presenta il proprio lavoro in Italia, Europa, Nord America, Giappone e Corea del Sud, partecipando a importanti festival di musica contemporanea e arti performative.<br \/>\nTra le principali collaborazioni in ambiti multidisciplinari posti tra musica e arti performative si ricordano, Teatro Valdoca e Mariangela Gualtieri, SOCIETAS \/ Chiara Guidi, Cristina Kristal Rizzo.<\/p>\n<p>INFO<br \/>\ninfo e prenotazioni:<br \/>\nbiglietteria@slowmachine.org \/ Tel. 328 9252116<br \/>\nContributi:<br \/>\n(I contributi per le serate andranno a sostenere il progetto di riqualificazione dello spazio Hangar11)<br \/>\n20 e 21 settembre &#8211; contributo intera serata 20 \u20ac<br \/>\n22 settembre ingresso 15 \u20ac<br \/>\nAbbonamento per le 3 serate 45 \u20ac<br \/>\nSottoscrizione tessera soci (necessaria per l\u2019ingresso in Hangar11) 10 \u20ac<br \/>\nPer i nuovi soci 1 drink gratis<\/p>\n<p>Hangar11 \u2013 SpazioEx (ex-caserma Piave), Via Tiziano Vecellio 82N &#8211; Belluno<br \/>\nHangar11 aprir\u00e0 alle ore 20:00<br \/>\nwww.slowmachine.org<br \/>\nFacebook: SlowMachine\/Belluno Miraggi<\/p>","protected":false},"excerpt":{"rendered":"<p>Venerd\u00ec 20 settembre sar\u00e0 la prima di tre serate di Vertigini, festival di arti performative organizzato da SlowMachine all\u2019interno di Hangar11, un ex hangar militare in via di riqualificazione presso l\u2019ex-caserma Piave di Belluno. La serata si compone di due lavori, il primo alle 21:00 tra il teatro, la performance e il documentario di Filippo [&hellip;]<\/p>\n","protected":false},"author":2,"featured_media":0,"comment_status":"closed","ping_status":"open","sticky":false,"template":"","format":"standard","meta":{"footnotes":""},"categories":[27,3,25],"tags":[],"class_list":["post-107971","post","type-post","status-publish","format-standard","category-appuntamenti","category-arte-cultura-spettacoli-scienza-archivi","category-pausa-caffe"],"yoast_head":"<!-- This site is optimized with the Yoast SEO plugin v28.4 - https:\/\/yoast.com\/product\/yoast-seo-wordpress\/ -->\n<title>Vertigini Festival. Venerd\u00ec prima serata all&#039;Hangar 11 ex Caserma Piave di Belluno - Bellunopress - Dolomiti<\/title>\n<meta name=\"robots\" content=\"index, follow, max-snippet:-1, max-image-preview:large, max-video-preview:-1\" \/>\n<link rel=\"canonical\" href=\"https:\/\/www.bellunopress.it\/fr\/2019\/09\/17\/vertigini-festival-venerdi-prima-serata-allhangar-11-ex-caserma-piave-di-belluno\/\" \/>\n<meta property=\"og:locale\" content=\"fr_FR\" \/>\n<meta property=\"og:type\" content=\"article\" \/>\n<meta property=\"og:title\" content=\"Vertigini Festival. Venerd\u00ec prima serata all&#039;Hangar 11 ex Caserma Piave di Belluno - Bellunopress - Dolomiti\" \/>\n<meta property=\"og:description\" content=\"Venerd\u00ec 20 settembre sar\u00e0 la prima di tre serate di Vertigini, festival di arti performative organizzato da SlowMachine all\u2019interno di Hangar11, un ex hangar militare in via di riqualificazione presso l\u2019ex-caserma Piave di Belluno. La serata si compone di due lavori, il primo alle 21:00 tra il teatro, la performance e il documentario di Filippo [&hellip;]\" \/>\n<meta property=\"og:url\" content=\"https:\/\/www.bellunopress.it\/fr\/2019\/09\/17\/vertigini-festival-venerdi-prima-serata-allhangar-11-ex-caserma-piave-di-belluno\/\" \/>\n<meta property=\"og:site_name\" content=\"Bellunopress - Dolomiti\" \/>\n<meta property=\"article:publisher\" content=\"https:\/\/www.facebook.com\/profile.php?id=100008943462799\" \/>\n<meta property=\"article:published_time\" content=\"2019-09-17T20:21:08+00:00\" \/>\n<meta property=\"og:image\" content=\"http:\/\/www.bellunopress.it\/wp-content\/uploads\/2016\/09\/H11-hangar.jpg\" \/>\n<meta name=\"author\" content=\"redazione\" \/>\n<meta name=\"twitter:card\" content=\"summary_large_image\" \/>\n<meta name=\"twitter:creator\" content=\"@bellunopress\" \/>\n<meta name=\"twitter:site\" content=\"@bellunopress\" \/>\n<meta name=\"twitter:label1\" content=\"\u00c9crit par\" \/>\n\t<meta name=\"twitter:data1\" content=\"redazione\" \/>\n\t<meta name=\"twitter:label2\" content=\"Dur\u00e9e de lecture estim\u00e9e\" \/>\n\t<meta name=\"twitter:data2\" content=\"4 minutes\" \/>\n<script type=\"application\/ld+json\" class=\"yoast-schema-graph\">{\"@context\":\"https:\\\/\\\/schema.org\",\"@graph\":[{\"@type\":\"Article\",\"@id\":\"https:\\\/\\\/www.bellunopress.it\\\/2019\\\/09\\\/17\\\/vertigini-festival-venerdi-prima-serata-allhangar-11-ex-caserma-piave-di-belluno\\\/#article\",\"isPartOf\":{\"@id\":\"https:\\\/\\\/www.bellunopress.it\\\/2019\\\/09\\\/17\\\/vertigini-festival-venerdi-prima-serata-allhangar-11-ex-caserma-piave-di-belluno\\\/\"},\"author\":{\"name\":\"redazione\",\"@id\":\"https:\\\/\\\/www.bellunopress.it\\\/#\\\/schema\\\/person\\\/79bb06722b37ece1c03d3e94beb30d73\"},\"headline\":\"Vertigini Festival. Venerd\u00ec prima serata all&#8217;Hangar 11 ex Caserma Piave di Belluno\",\"datePublished\":\"2019-09-17T20:21:08+00:00\",\"mainEntityOfPage\":{\"@id\":\"https:\\\/\\\/www.bellunopress.it\\\/2019\\\/09\\\/17\\\/vertigini-festival-venerdi-prima-serata-allhangar-11-ex-caserma-piave-di-belluno\\\/\"},\"wordCount\":719,\"publisher\":{\"@id\":\"https:\\\/\\\/www.bellunopress.it\\\/#organization\"},\"image\":{\"@id\":\"https:\\\/\\\/www.bellunopress.it\\\/2019\\\/09\\\/17\\\/vertigini-festival-venerdi-prima-serata-allhangar-11-ex-caserma-piave-di-belluno\\\/#primaryimage\"},\"thumbnailUrl\":\"http:\\\/\\\/www.bellunopress.it\\\/wp-content\\\/uploads\\\/2016\\\/09\\\/H11-hangar.jpg\",\"articleSection\":[\"Appuntamenti, Eventi\",\"Arte, Cultura, Spettacoli, Scienza\",\"Pausa Caff\u00e8\"],\"inLanguage\":\"fr-FR\"},{\"@type\":\"WebPage\",\"@id\":\"https:\\\/\\\/www.bellunopress.it\\\/2019\\\/09\\\/17\\\/vertigini-festival-venerdi-prima-serata-allhangar-11-ex-caserma-piave-di-belluno\\\/\",\"url\":\"https:\\\/\\\/www.bellunopress.it\\\/2019\\\/09\\\/17\\\/vertigini-festival-venerdi-prima-serata-allhangar-11-ex-caserma-piave-di-belluno\\\/\",\"name\":\"Vertigini Festival. Venerd\u00ec prima serata all'Hangar 11 ex Caserma Piave di Belluno - Bellunopress - Dolomiti\",\"isPartOf\":{\"@id\":\"https:\\\/\\\/www.bellunopress.it\\\/#website\"},\"primaryImageOfPage\":{\"@id\":\"https:\\\/\\\/www.bellunopress.it\\\/2019\\\/09\\\/17\\\/vertigini-festival-venerdi-prima-serata-allhangar-11-ex-caserma-piave-di-belluno\\\/#primaryimage\"},\"image\":{\"@id\":\"https:\\\/\\\/www.bellunopress.it\\\/2019\\\/09\\\/17\\\/vertigini-festival-venerdi-prima-serata-allhangar-11-ex-caserma-piave-di-belluno\\\/#primaryimage\"},\"thumbnailUrl\":\"http:\\\/\\\/www.bellunopress.it\\\/wp-content\\\/uploads\\\/2016\\\/09\\\/H11-hangar.jpg\",\"datePublished\":\"2019-09-17T20:21:08+00:00\",\"breadcrumb\":{\"@id\":\"https:\\\/\\\/www.bellunopress.it\\\/2019\\\/09\\\/17\\\/vertigini-festival-venerdi-prima-serata-allhangar-11-ex-caserma-piave-di-belluno\\\/#breadcrumb\"},\"inLanguage\":\"fr-FR\",\"potentialAction\":[{\"@type\":\"ReadAction\",\"target\":[\"https:\\\/\\\/www.bellunopress.it\\\/2019\\\/09\\\/17\\\/vertigini-festival-venerdi-prima-serata-allhangar-11-ex-caserma-piave-di-belluno\\\/\"]}]},{\"@type\":\"ImageObject\",\"inLanguage\":\"fr-FR\",\"@id\":\"https:\\\/\\\/www.bellunopress.it\\\/2019\\\/09\\\/17\\\/vertigini-festival-venerdi-prima-serata-allhangar-11-ex-caserma-piave-di-belluno\\\/#primaryimage\",\"url\":\"http:\\\/\\\/www.bellunopress.it\\\/wp-content\\\/uploads\\\/2016\\\/09\\\/H11-hangar.jpg\",\"contentUrl\":\"http:\\\/\\\/www.bellunopress.it\\\/wp-content\\\/uploads\\\/2016\\\/09\\\/H11-hangar.jpg\"},{\"@type\":\"BreadcrumbList\",\"@id\":\"https:\\\/\\\/www.bellunopress.it\\\/2019\\\/09\\\/17\\\/vertigini-festival-venerdi-prima-serata-allhangar-11-ex-caserma-piave-di-belluno\\\/#breadcrumb\",\"itemListElement\":[{\"@type\":\"ListItem\",\"position\":1,\"name\":\"Home\",\"item\":\"https:\\\/\\\/www.bellunopress.it\\\/\"},{\"@type\":\"ListItem\",\"position\":2,\"name\":\"Vertigini Festival. Venerd\u00ec prima serata all&#8217;Hangar 11 ex Caserma Piave di Belluno\"}]},{\"@type\":\"WebSite\",\"@id\":\"https:\\\/\\\/www.bellunopress.it\\\/#website\",\"url\":\"https:\\\/\\\/www.bellunopress.it\\\/\",\"name\":\"Bellunopress - Dolomiti\",\"description\":\"e-mail: redazione@bellunopress.it\",\"publisher\":{\"@id\":\"https:\\\/\\\/www.bellunopress.it\\\/#organization\"},\"potentialAction\":[{\"@type\":\"SearchAction\",\"target\":{\"@type\":\"EntryPoint\",\"urlTemplate\":\"https:\\\/\\\/www.bellunopress.it\\\/?s={search_term_string}\"},\"query-input\":{\"@type\":\"PropertyValueSpecification\",\"valueRequired\":true,\"valueName\":\"search_term_string\"}}],\"inLanguage\":\"fr-FR\"},{\"@type\":\"Organization\",\"@id\":\"https:\\\/\\\/www.bellunopress.it\\\/#organization\",\"name\":\"Bellunopress\",\"url\":\"https:\\\/\\\/www.bellunopress.it\\\/\",\"logo\":{\"@type\":\"ImageObject\",\"inLanguage\":\"fr-FR\",\"@id\":\"https:\\\/\\\/www.bellunopress.it\\\/#\\\/schema\\\/logo\\\/image\\\/\",\"url\":\"https:\\\/\\\/www.bellunopress.it\\\/wp-content\\\/uploads\\\/2011\\\/05\\\/cropped-logo-bellunopress-.jpg\",\"contentUrl\":\"https:\\\/\\\/www.bellunopress.it\\\/wp-content\\\/uploads\\\/2011\\\/05\\\/cropped-logo-bellunopress-.jpg\",\"width\":512,\"height\":512,\"caption\":\"Bellunopress\"},\"image\":{\"@id\":\"https:\\\/\\\/www.bellunopress.it\\\/#\\\/schema\\\/logo\\\/image\\\/\"},\"sameAs\":[\"https:\\\/\\\/www.facebook.com\\\/profile.php?id=100008943462799\",\"https:\\\/\\\/x.com\\\/bellunopress\",\"https:\\\/\\\/www.linkedin.com\\\/hp\\\/?dnr=JBzUWaJfMUw8vbXJJ2tVW5-I3jZKvC4wsoxE&amp;amp;amp;amp;amp;amp;trk=nav_responsive_tab_home\",\"https:\\\/\\\/www.youtube.com\\\/channel\\\/UCxL0wu1uN0_3_7hGG0306cw\"]},{\"@type\":\"Person\",\"@id\":\"https:\\\/\\\/www.bellunopress.it\\\/#\\\/schema\\\/person\\\/79bb06722b37ece1c03d3e94beb30d73\",\"name\":\"redazione\",\"image\":{\"@type\":\"ImageObject\",\"inLanguage\":\"fr-FR\",\"@id\":\"https:\\\/\\\/secure.gravatar.com\\\/avatar\\\/37d968a2e67a6fd04c169c4bdef102d0bc5d31b2546345219e348575eb80e9a0?s=96&d=mm&r=g\",\"url\":\"https:\\\/\\\/secure.gravatar.com\\\/avatar\\\/37d968a2e67a6fd04c169c4bdef102d0bc5d31b2546345219e348575eb80e9a0?s=96&d=mm&r=g\",\"contentUrl\":\"https:\\\/\\\/secure.gravatar.com\\\/avatar\\\/37d968a2e67a6fd04c169c4bdef102d0bc5d31b2546345219e348575eb80e9a0?s=96&d=mm&r=g\",\"caption\":\"redazione\"},\"sameAs\":[\"http:\\\/\\\/www.bellunopress.it\",\"https:\\\/\\\/x.com\\\/bellunopress\"],\"url\":\"https:\\\/\\\/www.bellunopress.it\\\/fr\\\/author\\\/redazione\\\/\"}]}<\/script>\n<!-- \/ Yoast SEO plugin. -->","yoast_head_json":{"title":"Vertigini Festival. Venerd\u00ec prima serata all'Hangar 11 ex Caserma Piave di Belluno - Bellunopress - Dolomiti","robots":{"index":"index","follow":"follow","max-snippet":"max-snippet:-1","max-image-preview":"max-image-preview:large","max-video-preview":"max-video-preview:-1"},"canonical":"https:\/\/www.bellunopress.it\/fr\/2019\/09\/17\/vertigini-festival-venerdi-prima-serata-allhangar-11-ex-caserma-piave-di-belluno\/","og_locale":"fr_FR","og_type":"article","og_title":"Vertigini Festival. Venerd\u00ec prima serata all'Hangar 11 ex Caserma Piave di Belluno - Bellunopress - Dolomiti","og_description":"Venerd\u00ec 20 settembre sar\u00e0 la prima di tre serate di Vertigini, festival di arti performative organizzato da SlowMachine all\u2019interno di Hangar11, un ex hangar militare in via di riqualificazione presso l\u2019ex-caserma Piave di Belluno. La serata si compone di due lavori, il primo alle 21:00 tra il teatro, la performance e il documentario di Filippo [&hellip;]","og_url":"https:\/\/www.bellunopress.it\/fr\/2019\/09\/17\/vertigini-festival-venerdi-prima-serata-allhangar-11-ex-caserma-piave-di-belluno\/","og_site_name":"Bellunopress - Dolomiti","article_publisher":"https:\/\/www.facebook.com\/profile.php?id=100008943462799","article_published_time":"2019-09-17T20:21:08+00:00","og_image":[{"url":"http:\/\/www.bellunopress.it\/wp-content\/uploads\/2016\/09\/H11-hangar.jpg","type":"","width":"","height":""}],"author":"redazione","twitter_card":"summary_large_image","twitter_creator":"@bellunopress","twitter_site":"@bellunopress","twitter_misc":{"\u00c9crit par":"redazione","Dur\u00e9e de lecture estim\u00e9e":"4 minutes"},"schema":{"@context":"https:\/\/schema.org","@graph":[{"@type":"Article","@id":"https:\/\/www.bellunopress.it\/2019\/09\/17\/vertigini-festival-venerdi-prima-serata-allhangar-11-ex-caserma-piave-di-belluno\/#article","isPartOf":{"@id":"https:\/\/www.bellunopress.it\/2019\/09\/17\/vertigini-festival-venerdi-prima-serata-allhangar-11-ex-caserma-piave-di-belluno\/"},"author":{"name":"redazione","@id":"https:\/\/www.bellunopress.it\/#\/schema\/person\/79bb06722b37ece1c03d3e94beb30d73"},"headline":"Vertigini Festival. Venerd\u00ec prima serata all&#8217;Hangar 11 ex Caserma Piave di Belluno","datePublished":"2019-09-17T20:21:08+00:00","mainEntityOfPage":{"@id":"https:\/\/www.bellunopress.it\/2019\/09\/17\/vertigini-festival-venerdi-prima-serata-allhangar-11-ex-caserma-piave-di-belluno\/"},"wordCount":719,"publisher":{"@id":"https:\/\/www.bellunopress.it\/#organization"},"image":{"@id":"https:\/\/www.bellunopress.it\/2019\/09\/17\/vertigini-festival-venerdi-prima-serata-allhangar-11-ex-caserma-piave-di-belluno\/#primaryimage"},"thumbnailUrl":"http:\/\/www.bellunopress.it\/wp-content\/uploads\/2016\/09\/H11-hangar.jpg","articleSection":["Appuntamenti, Eventi","Arte, Cultura, Spettacoli, Scienza","Pausa Caff\u00e8"],"inLanguage":"fr-FR"},{"@type":"WebPage","@id":"https:\/\/www.bellunopress.it\/2019\/09\/17\/vertigini-festival-venerdi-prima-serata-allhangar-11-ex-caserma-piave-di-belluno\/","url":"https:\/\/www.bellunopress.it\/2019\/09\/17\/vertigini-festival-venerdi-prima-serata-allhangar-11-ex-caserma-piave-di-belluno\/","name":"Vertigini Festival. Venerd\u00ec prima serata all'Hangar 11 ex Caserma Piave di Belluno - Bellunopress - Dolomiti","isPartOf":{"@id":"https:\/\/www.bellunopress.it\/#website"},"primaryImageOfPage":{"@id":"https:\/\/www.bellunopress.it\/2019\/09\/17\/vertigini-festival-venerdi-prima-serata-allhangar-11-ex-caserma-piave-di-belluno\/#primaryimage"},"image":{"@id":"https:\/\/www.bellunopress.it\/2019\/09\/17\/vertigini-festival-venerdi-prima-serata-allhangar-11-ex-caserma-piave-di-belluno\/#primaryimage"},"thumbnailUrl":"http:\/\/www.bellunopress.it\/wp-content\/uploads\/2016\/09\/H11-hangar.jpg","datePublished":"2019-09-17T20:21:08+00:00","breadcrumb":{"@id":"https:\/\/www.bellunopress.it\/2019\/09\/17\/vertigini-festival-venerdi-prima-serata-allhangar-11-ex-caserma-piave-di-belluno\/#breadcrumb"},"inLanguage":"fr-FR","potentialAction":[{"@type":"ReadAction","target":["https:\/\/www.bellunopress.it\/2019\/09\/17\/vertigini-festival-venerdi-prima-serata-allhangar-11-ex-caserma-piave-di-belluno\/"]}]},{"@type":"ImageObject","inLanguage":"fr-FR","@id":"https:\/\/www.bellunopress.it\/2019\/09\/17\/vertigini-festival-venerdi-prima-serata-allhangar-11-ex-caserma-piave-di-belluno\/#primaryimage","url":"http:\/\/www.bellunopress.it\/wp-content\/uploads\/2016\/09\/H11-hangar.jpg","contentUrl":"http:\/\/www.bellunopress.it\/wp-content\/uploads\/2016\/09\/H11-hangar.jpg"},{"@type":"BreadcrumbList","@id":"https:\/\/www.bellunopress.it\/2019\/09\/17\/vertigini-festival-venerdi-prima-serata-allhangar-11-ex-caserma-piave-di-belluno\/#breadcrumb","itemListElement":[{"@type":"ListItem","position":1,"name":"Home","item":"https:\/\/www.bellunopress.it\/"},{"@type":"ListItem","position":2,"name":"Vertigini Festival. Venerd\u00ec prima serata all&#8217;Hangar 11 ex Caserma Piave di Belluno"}]},{"@type":"WebSite","@id":"https:\/\/www.bellunopress.it\/#website","url":"https:\/\/www.bellunopress.it\/","name":"Bellunopress - Dolomiti","description":"e-mail: redazione@bellunopress.it","publisher":{"@id":"https:\/\/www.bellunopress.it\/#organization"},"potentialAction":[{"@type":"SearchAction","target":{"@type":"EntryPoint","urlTemplate":"https:\/\/www.bellunopress.it\/?s={search_term_string}"},"query-input":{"@type":"PropertyValueSpecification","valueRequired":true,"valueName":"search_term_string"}}],"inLanguage":"fr-FR"},{"@type":"Organization","@id":"https:\/\/www.bellunopress.it\/#organization","name":"Bellunopress","url":"https:\/\/www.bellunopress.it\/","logo":{"@type":"ImageObject","inLanguage":"fr-FR","@id":"https:\/\/www.bellunopress.it\/#\/schema\/logo\/image\/","url":"https:\/\/www.bellunopress.it\/wp-content\/uploads\/2011\/05\/cropped-logo-bellunopress-.jpg","contentUrl":"https:\/\/www.bellunopress.it\/wp-content\/uploads\/2011\/05\/cropped-logo-bellunopress-.jpg","width":512,"height":512,"caption":"Bellunopress"},"image":{"@id":"https:\/\/www.bellunopress.it\/#\/schema\/logo\/image\/"},"sameAs":["https:\/\/www.facebook.com\/profile.php?id=100008943462799","https:\/\/x.com\/bellunopress","https:\/\/www.linkedin.com\/hp\/?dnr=JBzUWaJfMUw8vbXJJ2tVW5-I3jZKvC4wsoxE&amp;amp;amp;amp;amp;amp;trk=nav_responsive_tab_home","https:\/\/www.youtube.com\/channel\/UCxL0wu1uN0_3_7hGG0306cw"]},{"@type":"Person","@id":"https:\/\/www.bellunopress.it\/#\/schema\/person\/79bb06722b37ece1c03d3e94beb30d73","name":"r\u00e9daction","image":{"@type":"ImageObject","inLanguage":"fr-FR","@id":"https:\/\/secure.gravatar.com\/avatar\/37d968a2e67a6fd04c169c4bdef102d0bc5d31b2546345219e348575eb80e9a0?s=96&d=mm&r=g","url":"https:\/\/secure.gravatar.com\/avatar\/37d968a2e67a6fd04c169c4bdef102d0bc5d31b2546345219e348575eb80e9a0?s=96&d=mm&r=g","contentUrl":"https:\/\/secure.gravatar.com\/avatar\/37d968a2e67a6fd04c169c4bdef102d0bc5d31b2546345219e348575eb80e9a0?s=96&d=mm&r=g","caption":"redazione"},"sameAs":["http:\/\/www.bellunopress.it","https:\/\/x.com\/bellunopress"],"url":"https:\/\/www.bellunopress.it\/fr\/author\/redazione\/"}]}},"_links":{"self":[{"href":"https:\/\/www.bellunopress.it\/fr\/wp-json\/wp\/v2\/posts\/107971","targetHints":{"allow":["GET"]}}],"collection":[{"href":"https:\/\/www.bellunopress.it\/fr\/wp-json\/wp\/v2\/posts"}],"about":[{"href":"https:\/\/www.bellunopress.it\/fr\/wp-json\/wp\/v2\/types\/post"}],"author":[{"embeddable":true,"href":"https:\/\/www.bellunopress.it\/fr\/wp-json\/wp\/v2\/users\/2"}],"replies":[{"embeddable":true,"href":"https:\/\/www.bellunopress.it\/fr\/wp-json\/wp\/v2\/comments?post=107971"}],"version-history":[{"count":1,"href":"https:\/\/www.bellunopress.it\/fr\/wp-json\/wp\/v2\/posts\/107971\/revisions"}],"predecessor-version":[{"id":107972,"href":"https:\/\/www.bellunopress.it\/fr\/wp-json\/wp\/v2\/posts\/107971\/revisions\/107972"}],"wp:attachment":[{"href":"https:\/\/www.bellunopress.it\/fr\/wp-json\/wp\/v2\/media?parent=107971"}],"wp:term":[{"taxonomy":"category","embeddable":true,"href":"https:\/\/www.bellunopress.it\/fr\/wp-json\/wp\/v2\/categories?post=107971"},{"taxonomy":"post_tag","embeddable":true,"href":"https:\/\/www.bellunopress.it\/fr\/wp-json\/wp\/v2\/tags?post=107971"}],"curies":[{"name":"wp","href":"https:\/\/api.w.org\/{rel}","templated":true}]}}