{"id":107967,"date":"2019-09-21T21:58:56","date_gmt":"2019-09-21T19:58:56","guid":{"rendered":"http:\/\/www.bellunopress.it\/?p=107967"},"modified":"2019-09-23T21:54:10","modified_gmt":"2019-09-23T19:54:10","slug":"myriam-dal-don-violino-ed-enrico-pompili-pianoforte-lunedi-23-settembre-ore-2045-in-sala-teatro-giovanni-xxiii-di-belluno","status":"publish","type":"post","link":"https:\/\/www.bellunopress.it\/fr\/2019\/09\/21\/myriam-dal-don-violino-ed-enrico-pompili-pianoforte-lunedi-23-settembre-ore-2045-in-sala-teatro-giovanni-xxiii-di-belluno\/","title":{"rendered":"Myriam Dal Don, violino ed Enrico Pompili, pianoforte. Luned\u00ec 23 settembre ore 20:45 in Sala teatro Giovanni XXIII di Belluno"},"content":{"rendered":"<p>La stagione del Circolo Culturale Bellunese riparte con un&#8217;artista bellunese: la violinista Myriam Dal Don che, in duo con il pianista Enrico Pompili, suoner\u00e0 luned\u00ec 23 settembre al teatro Giovanni XXIII di Belluno. In programma, musiche e autori di grande interesse: dall&#8217;istriano Dallapiccola, in occasione delle prossime celebrazioni tartiniane, a Clara Schumann, compositrice e moglie di Robert Schumann, a Sergej Prokof&#8217;ev e C\u00e9sar Franck.<br \/>\nInformazioni, biglietti, programma e note di sala su www.belcircolo.org.<\/p>\n<figure id=\"attachment_22624\" aria-describedby=\"caption-attachment-22624\" style=\"width: 188px\" class=\"wp-caption alignleft\"><a href=\"http:\/\/www.bellunopress.it\/fr\/2011\/01\/06\/venerdi-a-feltre-la-mostra-%c2%abil-medio-evo-delle-dolomiti%c2%bb-con-laccompagnamento-musicale-myriam-dal-don\/myriam-dal-don\/\" rel=\"attachment wp-att-22624\"><img loading=\"lazy\" decoding=\"async\" class=\"size-full wp-image-22624\" src=\"http:\/\/www.bellunopress.it\/wp-content\/uploads\/2011\/01\/myriam-dal-don.jpg\" alt=\"\" width=\"188\" height=\"270\" \/><\/a><figcaption id=\"caption-attachment-22624\" class=\"wp-caption-text\">Myriam Dal Don<\/figcaption><\/figure>\n<p>Myriam Dal Don \u00e8 nata a Belluno dove ha iniziato lo studio del violino. Diplomatasi a 17 anni al Conservatorio di Trento, con il massimo dei voti e la lode, prosegue gli studi al Conservatorio Superiore di Ginevra, ottenendo il Premier Prix de Virtuosit\u00e9, con menzione speciale di merito. Allieva di Salvatore Accardo all\u2019Accademia Stauffer di Cremona, vince una borsa di studio per il Mannes College di New York. Recentemente si \u00e8 diplomata in viola, al Conservatorio di Trento, e ai Corsi di Perfezionamento dell\u2019Accademia di Santa Cecilia, sempre con il massimo dei voti e lode. Vincitrice di importanti competizioni nazionali ed internazionali, come solista ha suonato con le pi\u00f9 importanti orchestre sinfoniche e da camera e, come primo violino solista, con \u201cI Solisti Veneti\u201d per 5 anni. Per la sua attivit\u00e0 artistica, le \u00e8 stato conferito il Premio Foyer des Artistes in Campidoglio.<br \/>\nAttualmente insegna al Conservatorio di Trento. \u201cLe Figaro\u201d l&#8217;ha definita &#8220;la rivelazione di un immenso talento&#8221;.<\/p>\n<p>Enrico Pompili, nato a Bolzano nel 1968, nel 1989 ha vinto il primo premio assoluto al Concorso \u201cOpera Prima \u2013 Philips\u201d di Milano e nel 1995 ha trionfato alla XII edizione del Concorso Internazionale \u201cPaloma O\u2019Shea\u201d di Santander. Diplomatosi al pianoforte presso il Conservatorio di Bolzano, con lode e menzione d\u2019onore, si \u00e8 poi perfezionato con Franco Scala, Alexander Lonquich, Lazar Berman e Boris Petrushansky. Ha effettuato tourn\u00e9e in molti Paesi europei ed extraeuropei, collaborando con numerose orchestre, festival italiani e con Serate Musicali di Milano, per cui ha realizzato vari cicli di concerti. Insegna pianoforte presso la Fondazione Diocesana \u201cS. Cecilia\u201d di Brescia e l\u2019Istituto \u201cVivaldi\u201d di Carpenedolo, e collabora con il Conservatorio di Darfo Boario Terme per l\u2019accompagnamento delle classi di canto e di strumento.<br \/>\n===<br \/>\nIl programma, le note di sale e tutte le informazioni utili sono consultabili sul sito del Circolo: belcircolo.org.<\/p>","protected":false},"excerpt":{"rendered":"<p>La stagione del Circolo Culturale Bellunese riparte con un&#8217;artista bellunese: la violinista Myriam Dal Don che, in duo con il pianista Enrico Pompili, suoner\u00e0 luned\u00ec 23 settembre al teatro Giovanni XXIII di Belluno. In programma, musiche e autori di grande interesse: dall&#8217;istriano Dallapiccola, in occasione delle prossime celebrazioni tartiniane, a Clara Schumann, compositrice e moglie [&hellip;]<\/p>\n","protected":false},"author":2,"featured_media":0,"comment_status":"closed","ping_status":"open","sticky":false,"template":"","format":"standard","meta":{"footnotes":""},"categories":[27,3],"tags":[],"class_list":["post-107967","post","type-post","status-publish","format-standard","category-appuntamenti","category-arte-cultura-spettacoli-scienza-archivi"],"yoast_head":"<!-- This site is optimized with the Yoast SEO plugin v28.4 - https:\/\/yoast.com\/product\/yoast-seo-wordpress\/ -->\n<title>Myriam Dal Don, violino ed Enrico Pompili, pianoforte. Luned\u00ec 23 settembre ore 20:45 in Sala teatro Giovanni XXIII di Belluno - Bellunopress - Dolomiti<\/title>\n<meta name=\"robots\" content=\"index, follow, max-snippet:-1, max-image-preview:large, max-video-preview:-1\" \/>\n<link rel=\"canonical\" href=\"https:\/\/www.bellunopress.it\/fr\/2019\/09\/21\/myriam-dal-don-violino-ed-enrico-pompili-pianoforte-lunedi-23-settembre-ore-2045-in-sala-teatro-giovanni-xxiii-di-belluno\/\" \/>\n<meta property=\"og:locale\" content=\"fr_FR\" \/>\n<meta property=\"og:type\" content=\"article\" \/>\n<meta property=\"og:title\" content=\"Myriam Dal Don, violino ed Enrico Pompili, pianoforte. Luned\u00ec 23 settembre ore 20:45 in Sala teatro Giovanni XXIII di Belluno - Bellunopress - Dolomiti\" \/>\n<meta property=\"og:description\" content=\"La stagione del Circolo Culturale Bellunese riparte con un&#8217;artista bellunese: la violinista Myriam Dal Don che, in duo con il pianista Enrico Pompili, suoner\u00e0 luned\u00ec 23 settembre al teatro Giovanni XXIII di Belluno. In programma, musiche e autori di grande interesse: dall&#8217;istriano Dallapiccola, in occasione delle prossime celebrazioni tartiniane, a Clara Schumann, compositrice e moglie [&hellip;]\" \/>\n<meta property=\"og:url\" content=\"https:\/\/www.bellunopress.it\/fr\/2019\/09\/21\/myriam-dal-don-violino-ed-enrico-pompili-pianoforte-lunedi-23-settembre-ore-2045-in-sala-teatro-giovanni-xxiii-di-belluno\/\" \/>\n<meta property=\"og:site_name\" content=\"Bellunopress - Dolomiti\" \/>\n<meta property=\"article:publisher\" content=\"https:\/\/www.facebook.com\/profile.php?id=100008943462799\" \/>\n<meta property=\"article:published_time\" content=\"2019-09-21T19:58:56+00:00\" \/>\n<meta property=\"article:modified_time\" content=\"2019-09-23T19:54:10+00:00\" \/>\n<meta property=\"og:image\" content=\"http:\/\/www.bellunopress.it\/wp-content\/uploads\/2011\/01\/myriam-dal-don.jpg\" \/>\n<meta name=\"author\" content=\"redazione\" \/>\n<meta name=\"twitter:card\" content=\"summary_large_image\" \/>\n<meta name=\"twitter:creator\" content=\"@bellunopress\" \/>\n<meta name=\"twitter:site\" content=\"@bellunopress\" \/>\n<meta name=\"twitter:label1\" content=\"\u00c9crit par\" \/>\n\t<meta name=\"twitter:data1\" content=\"redazione\" \/>\n\t<meta name=\"twitter:label2\" content=\"Dur\u00e9e de lecture estim\u00e9e\" \/>\n\t<meta name=\"twitter:data2\" content=\"2 minutes\" \/>\n<script type=\"application\/ld+json\" class=\"yoast-schema-graph\">{\"@context\":\"https:\\\/\\\/schema.org\",\"@graph\":[{\"@type\":\"Article\",\"@id\":\"https:\\\/\\\/www.bellunopress.it\\\/2019\\\/09\\\/21\\\/myriam-dal-don-violino-ed-enrico-pompili-pianoforte-lunedi-23-settembre-ore-2045-in-sala-teatro-giovanni-xxiii-di-belluno\\\/#article\",\"isPartOf\":{\"@id\":\"https:\\\/\\\/www.bellunopress.it\\\/2019\\\/09\\\/21\\\/myriam-dal-don-violino-ed-enrico-pompili-pianoforte-lunedi-23-settembre-ore-2045-in-sala-teatro-giovanni-xxiii-di-belluno\\\/\"},\"author\":{\"name\":\"redazione\",\"@id\":\"https:\\\/\\\/www.bellunopress.it\\\/#\\\/schema\\\/person\\\/79bb06722b37ece1c03d3e94beb30d73\"},\"headline\":\"Myriam Dal Don, violino ed Enrico Pompili, pianoforte. Luned\u00ec 23 settembre ore 20:45 in Sala teatro Giovanni XXIII di Belluno\",\"datePublished\":\"2019-09-21T19:58:56+00:00\",\"dateModified\":\"2019-09-23T19:54:10+00:00\",\"mainEntityOfPage\":{\"@id\":\"https:\\\/\\\/www.bellunopress.it\\\/2019\\\/09\\\/21\\\/myriam-dal-don-violino-ed-enrico-pompili-pianoforte-lunedi-23-settembre-ore-2045-in-sala-teatro-giovanni-xxiii-di-belluno\\\/\"},\"wordCount\":410,\"publisher\":{\"@id\":\"https:\\\/\\\/www.bellunopress.it\\\/#organization\"},\"image\":{\"@id\":\"https:\\\/\\\/www.bellunopress.it\\\/2019\\\/09\\\/21\\\/myriam-dal-don-violino-ed-enrico-pompili-pianoforte-lunedi-23-settembre-ore-2045-in-sala-teatro-giovanni-xxiii-di-belluno\\\/#primaryimage\"},\"thumbnailUrl\":\"http:\\\/\\\/www.bellunopress.it\\\/wp-content\\\/uploads\\\/2011\\\/01\\\/myriam-dal-don.jpg\",\"articleSection\":[\"Appuntamenti, Eventi\",\"Arte, Cultura, Spettacoli, Scienza\"],\"inLanguage\":\"fr-FR\"},{\"@type\":\"WebPage\",\"@id\":\"https:\\\/\\\/www.bellunopress.it\\\/2019\\\/09\\\/21\\\/myriam-dal-don-violino-ed-enrico-pompili-pianoforte-lunedi-23-settembre-ore-2045-in-sala-teatro-giovanni-xxiii-di-belluno\\\/\",\"url\":\"https:\\\/\\\/www.bellunopress.it\\\/2019\\\/09\\\/21\\\/myriam-dal-don-violino-ed-enrico-pompili-pianoforte-lunedi-23-settembre-ore-2045-in-sala-teatro-giovanni-xxiii-di-belluno\\\/\",\"name\":\"Myriam Dal Don, violino ed Enrico Pompili, pianoforte. Luned\u00ec 23 settembre ore 20:45 in Sala teatro Giovanni XXIII di Belluno - Bellunopress - Dolomiti\",\"isPartOf\":{\"@id\":\"https:\\\/\\\/www.bellunopress.it\\\/#website\"},\"primaryImageOfPage\":{\"@id\":\"https:\\\/\\\/www.bellunopress.it\\\/2019\\\/09\\\/21\\\/myriam-dal-don-violino-ed-enrico-pompili-pianoforte-lunedi-23-settembre-ore-2045-in-sala-teatro-giovanni-xxiii-di-belluno\\\/#primaryimage\"},\"image\":{\"@id\":\"https:\\\/\\\/www.bellunopress.it\\\/2019\\\/09\\\/21\\\/myriam-dal-don-violino-ed-enrico-pompili-pianoforte-lunedi-23-settembre-ore-2045-in-sala-teatro-giovanni-xxiii-di-belluno\\\/#primaryimage\"},\"thumbnailUrl\":\"http:\\\/\\\/www.bellunopress.it\\\/wp-content\\\/uploads\\\/2011\\\/01\\\/myriam-dal-don.jpg\",\"datePublished\":\"2019-09-21T19:58:56+00:00\",\"dateModified\":\"2019-09-23T19:54:10+00:00\",\"breadcrumb\":{\"@id\":\"https:\\\/\\\/www.bellunopress.it\\\/2019\\\/09\\\/21\\\/myriam-dal-don-violino-ed-enrico-pompili-pianoforte-lunedi-23-settembre-ore-2045-in-sala-teatro-giovanni-xxiii-di-belluno\\\/#breadcrumb\"},\"inLanguage\":\"fr-FR\",\"potentialAction\":[{\"@type\":\"ReadAction\",\"target\":[\"https:\\\/\\\/www.bellunopress.it\\\/2019\\\/09\\\/21\\\/myriam-dal-don-violino-ed-enrico-pompili-pianoforte-lunedi-23-settembre-ore-2045-in-sala-teatro-giovanni-xxiii-di-belluno\\\/\"]}]},{\"@type\":\"ImageObject\",\"inLanguage\":\"fr-FR\",\"@id\":\"https:\\\/\\\/www.bellunopress.it\\\/2019\\\/09\\\/21\\\/myriam-dal-don-violino-ed-enrico-pompili-pianoforte-lunedi-23-settembre-ore-2045-in-sala-teatro-giovanni-xxiii-di-belluno\\\/#primaryimage\",\"url\":\"http:\\\/\\\/www.bellunopress.it\\\/wp-content\\\/uploads\\\/2011\\\/01\\\/myriam-dal-don.jpg\",\"contentUrl\":\"http:\\\/\\\/www.bellunopress.it\\\/wp-content\\\/uploads\\\/2011\\\/01\\\/myriam-dal-don.jpg\"},{\"@type\":\"BreadcrumbList\",\"@id\":\"https:\\\/\\\/www.bellunopress.it\\\/2019\\\/09\\\/21\\\/myriam-dal-don-violino-ed-enrico-pompili-pianoforte-lunedi-23-settembre-ore-2045-in-sala-teatro-giovanni-xxiii-di-belluno\\\/#breadcrumb\",\"itemListElement\":[{\"@type\":\"ListItem\",\"position\":1,\"name\":\"Home\",\"item\":\"https:\\\/\\\/www.bellunopress.it\\\/\"},{\"@type\":\"ListItem\",\"position\":2,\"name\":\"Myriam Dal Don, violino ed Enrico Pompili, pianoforte. Luned\u00ec 23 settembre ore 20:45 in Sala teatro Giovanni XXIII di Belluno\"}]},{\"@type\":\"WebSite\",\"@id\":\"https:\\\/\\\/www.bellunopress.it\\\/#website\",\"url\":\"https:\\\/\\\/www.bellunopress.it\\\/\",\"name\":\"Bellunopress - Dolomiti\",\"description\":\"e-mail: redazione@bellunopress.it\",\"publisher\":{\"@id\":\"https:\\\/\\\/www.bellunopress.it\\\/#organization\"},\"potentialAction\":[{\"@type\":\"SearchAction\",\"target\":{\"@type\":\"EntryPoint\",\"urlTemplate\":\"https:\\\/\\\/www.bellunopress.it\\\/?s={search_term_string}\"},\"query-input\":{\"@type\":\"PropertyValueSpecification\",\"valueRequired\":true,\"valueName\":\"search_term_string\"}}],\"inLanguage\":\"fr-FR\"},{\"@type\":\"Organization\",\"@id\":\"https:\\\/\\\/www.bellunopress.it\\\/#organization\",\"name\":\"Bellunopress\",\"url\":\"https:\\\/\\\/www.bellunopress.it\\\/\",\"logo\":{\"@type\":\"ImageObject\",\"inLanguage\":\"fr-FR\",\"@id\":\"https:\\\/\\\/www.bellunopress.it\\\/#\\\/schema\\\/logo\\\/image\\\/\",\"url\":\"https:\\\/\\\/www.bellunopress.it\\\/wp-content\\\/uploads\\\/2011\\\/05\\\/cropped-logo-bellunopress-.jpg\",\"contentUrl\":\"https:\\\/\\\/www.bellunopress.it\\\/wp-content\\\/uploads\\\/2011\\\/05\\\/cropped-logo-bellunopress-.jpg\",\"width\":512,\"height\":512,\"caption\":\"Bellunopress\"},\"image\":{\"@id\":\"https:\\\/\\\/www.bellunopress.it\\\/#\\\/schema\\\/logo\\\/image\\\/\"},\"sameAs\":[\"https:\\\/\\\/www.facebook.com\\\/profile.php?id=100008943462799\",\"https:\\\/\\\/x.com\\\/bellunopress\",\"https:\\\/\\\/www.linkedin.com\\\/hp\\\/?dnr=JBzUWaJfMUw8vbXJJ2tVW5-I3jZKvC4wsoxE&amp;amp;amp;amp;amp;amp;trk=nav_responsive_tab_home\",\"https:\\\/\\\/www.youtube.com\\\/channel\\\/UCxL0wu1uN0_3_7hGG0306cw\"]},{\"@type\":\"Person\",\"@id\":\"https:\\\/\\\/www.bellunopress.it\\\/#\\\/schema\\\/person\\\/79bb06722b37ece1c03d3e94beb30d73\",\"name\":\"redazione\",\"image\":{\"@type\":\"ImageObject\",\"inLanguage\":\"fr-FR\",\"@id\":\"https:\\\/\\\/secure.gravatar.com\\\/avatar\\\/37d968a2e67a6fd04c169c4bdef102d0bc5d31b2546345219e348575eb80e9a0?s=96&d=mm&r=g\",\"url\":\"https:\\\/\\\/secure.gravatar.com\\\/avatar\\\/37d968a2e67a6fd04c169c4bdef102d0bc5d31b2546345219e348575eb80e9a0?s=96&d=mm&r=g\",\"contentUrl\":\"https:\\\/\\\/secure.gravatar.com\\\/avatar\\\/37d968a2e67a6fd04c169c4bdef102d0bc5d31b2546345219e348575eb80e9a0?s=96&d=mm&r=g\",\"caption\":\"redazione\"},\"sameAs\":[\"http:\\\/\\\/www.bellunopress.it\",\"https:\\\/\\\/x.com\\\/bellunopress\"],\"url\":\"https:\\\/\\\/www.bellunopress.it\\\/fr\\\/author\\\/redazione\\\/\"}]}<\/script>\n<!-- \/ Yoast SEO plugin. -->","yoast_head_json":{"title":"Myriam Dal Don, violino ed Enrico Pompili, pianoforte. Luned\u00ec 23 settembre ore 20:45 in Sala teatro Giovanni XXIII di Belluno - Bellunopress - Dolomiti","robots":{"index":"index","follow":"follow","max-snippet":"max-snippet:-1","max-image-preview":"max-image-preview:large","max-video-preview":"max-video-preview:-1"},"canonical":"https:\/\/www.bellunopress.it\/fr\/2019\/09\/21\/myriam-dal-don-violino-ed-enrico-pompili-pianoforte-lunedi-23-settembre-ore-2045-in-sala-teatro-giovanni-xxiii-di-belluno\/","og_locale":"fr_FR","og_type":"article","og_title":"Myriam Dal Don, violino ed Enrico Pompili, pianoforte. Luned\u00ec 23 settembre ore 20:45 in Sala teatro Giovanni XXIII di Belluno - Bellunopress - Dolomiti","og_description":"La stagione del Circolo Culturale Bellunese riparte con un&#8217;artista bellunese: la violinista Myriam Dal Don che, in duo con il pianista Enrico Pompili, suoner\u00e0 luned\u00ec 23 settembre al teatro Giovanni XXIII di Belluno. In programma, musiche e autori di grande interesse: dall&#8217;istriano Dallapiccola, in occasione delle prossime celebrazioni tartiniane, a Clara Schumann, compositrice e moglie [&hellip;]","og_url":"https:\/\/www.bellunopress.it\/fr\/2019\/09\/21\/myriam-dal-don-violino-ed-enrico-pompili-pianoforte-lunedi-23-settembre-ore-2045-in-sala-teatro-giovanni-xxiii-di-belluno\/","og_site_name":"Bellunopress - Dolomiti","article_publisher":"https:\/\/www.facebook.com\/profile.php?id=100008943462799","article_published_time":"2019-09-21T19:58:56+00:00","article_modified_time":"2019-09-23T19:54:10+00:00","og_image":[{"url":"http:\/\/www.bellunopress.it\/wp-content\/uploads\/2011\/01\/myriam-dal-don.jpg","type":"","width":"","height":""}],"author":"redazione","twitter_card":"summary_large_image","twitter_creator":"@bellunopress","twitter_site":"@bellunopress","twitter_misc":{"\u00c9crit par":"redazione","Dur\u00e9e de lecture estim\u00e9e":"2 minutes"},"schema":{"@context":"https:\/\/schema.org","@graph":[{"@type":"Article","@id":"https:\/\/www.bellunopress.it\/2019\/09\/21\/myriam-dal-don-violino-ed-enrico-pompili-pianoforte-lunedi-23-settembre-ore-2045-in-sala-teatro-giovanni-xxiii-di-belluno\/#article","isPartOf":{"@id":"https:\/\/www.bellunopress.it\/2019\/09\/21\/myriam-dal-don-violino-ed-enrico-pompili-pianoforte-lunedi-23-settembre-ore-2045-in-sala-teatro-giovanni-xxiii-di-belluno\/"},"author":{"name":"redazione","@id":"https:\/\/www.bellunopress.it\/#\/schema\/person\/79bb06722b37ece1c03d3e94beb30d73"},"headline":"Myriam Dal Don, violino ed Enrico Pompili, pianoforte. Luned\u00ec 23 settembre ore 20:45 in Sala teatro Giovanni XXIII di Belluno","datePublished":"2019-09-21T19:58:56+00:00","dateModified":"2019-09-23T19:54:10+00:00","mainEntityOfPage":{"@id":"https:\/\/www.bellunopress.it\/2019\/09\/21\/myriam-dal-don-violino-ed-enrico-pompili-pianoforte-lunedi-23-settembre-ore-2045-in-sala-teatro-giovanni-xxiii-di-belluno\/"},"wordCount":410,"publisher":{"@id":"https:\/\/www.bellunopress.it\/#organization"},"image":{"@id":"https:\/\/www.bellunopress.it\/2019\/09\/21\/myriam-dal-don-violino-ed-enrico-pompili-pianoforte-lunedi-23-settembre-ore-2045-in-sala-teatro-giovanni-xxiii-di-belluno\/#primaryimage"},"thumbnailUrl":"http:\/\/www.bellunopress.it\/wp-content\/uploads\/2011\/01\/myriam-dal-don.jpg","articleSection":["Appuntamenti, Eventi","Arte, Cultura, Spettacoli, Scienza"],"inLanguage":"fr-FR"},{"@type":"WebPage","@id":"https:\/\/www.bellunopress.it\/2019\/09\/21\/myriam-dal-don-violino-ed-enrico-pompili-pianoforte-lunedi-23-settembre-ore-2045-in-sala-teatro-giovanni-xxiii-di-belluno\/","url":"https:\/\/www.bellunopress.it\/2019\/09\/21\/myriam-dal-don-violino-ed-enrico-pompili-pianoforte-lunedi-23-settembre-ore-2045-in-sala-teatro-giovanni-xxiii-di-belluno\/","name":"Myriam Dal Don, violino ed Enrico Pompili, pianoforte. Luned\u00ec 23 settembre ore 20:45 in Sala teatro Giovanni XXIII di Belluno - Bellunopress - Dolomiti","isPartOf":{"@id":"https:\/\/www.bellunopress.it\/#website"},"primaryImageOfPage":{"@id":"https:\/\/www.bellunopress.it\/2019\/09\/21\/myriam-dal-don-violino-ed-enrico-pompili-pianoforte-lunedi-23-settembre-ore-2045-in-sala-teatro-giovanni-xxiii-di-belluno\/#primaryimage"},"image":{"@id":"https:\/\/www.bellunopress.it\/2019\/09\/21\/myriam-dal-don-violino-ed-enrico-pompili-pianoforte-lunedi-23-settembre-ore-2045-in-sala-teatro-giovanni-xxiii-di-belluno\/#primaryimage"},"thumbnailUrl":"http:\/\/www.bellunopress.it\/wp-content\/uploads\/2011\/01\/myriam-dal-don.jpg","datePublished":"2019-09-21T19:58:56+00:00","dateModified":"2019-09-23T19:54:10+00:00","breadcrumb":{"@id":"https:\/\/www.bellunopress.it\/2019\/09\/21\/myriam-dal-don-violino-ed-enrico-pompili-pianoforte-lunedi-23-settembre-ore-2045-in-sala-teatro-giovanni-xxiii-di-belluno\/#breadcrumb"},"inLanguage":"fr-FR","potentialAction":[{"@type":"ReadAction","target":["https:\/\/www.bellunopress.it\/2019\/09\/21\/myriam-dal-don-violino-ed-enrico-pompili-pianoforte-lunedi-23-settembre-ore-2045-in-sala-teatro-giovanni-xxiii-di-belluno\/"]}]},{"@type":"ImageObject","inLanguage":"fr-FR","@id":"https:\/\/www.bellunopress.it\/2019\/09\/21\/myriam-dal-don-violino-ed-enrico-pompili-pianoforte-lunedi-23-settembre-ore-2045-in-sala-teatro-giovanni-xxiii-di-belluno\/#primaryimage","url":"http:\/\/www.bellunopress.it\/wp-content\/uploads\/2011\/01\/myriam-dal-don.jpg","contentUrl":"http:\/\/www.bellunopress.it\/wp-content\/uploads\/2011\/01\/myriam-dal-don.jpg"},{"@type":"BreadcrumbList","@id":"https:\/\/www.bellunopress.it\/2019\/09\/21\/myriam-dal-don-violino-ed-enrico-pompili-pianoforte-lunedi-23-settembre-ore-2045-in-sala-teatro-giovanni-xxiii-di-belluno\/#breadcrumb","itemListElement":[{"@type":"ListItem","position":1,"name":"Home","item":"https:\/\/www.bellunopress.it\/"},{"@type":"ListItem","position":2,"name":"Myriam Dal Don, violino ed Enrico Pompili, pianoforte. Luned\u00ec 23 settembre ore 20:45 in Sala teatro Giovanni XXIII di Belluno"}]},{"@type":"WebSite","@id":"https:\/\/www.bellunopress.it\/#website","url":"https:\/\/www.bellunopress.it\/","name":"Bellunopress - Dolomiti","description":"e-mail: redazione@bellunopress.it","publisher":{"@id":"https:\/\/www.bellunopress.it\/#organization"},"potentialAction":[{"@type":"SearchAction","target":{"@type":"EntryPoint","urlTemplate":"https:\/\/www.bellunopress.it\/?s={search_term_string}"},"query-input":{"@type":"PropertyValueSpecification","valueRequired":true,"valueName":"search_term_string"}}],"inLanguage":"fr-FR"},{"@type":"Organization","@id":"https:\/\/www.bellunopress.it\/#organization","name":"Bellunopress","url":"https:\/\/www.bellunopress.it\/","logo":{"@type":"ImageObject","inLanguage":"fr-FR","@id":"https:\/\/www.bellunopress.it\/#\/schema\/logo\/image\/","url":"https:\/\/www.bellunopress.it\/wp-content\/uploads\/2011\/05\/cropped-logo-bellunopress-.jpg","contentUrl":"https:\/\/www.bellunopress.it\/wp-content\/uploads\/2011\/05\/cropped-logo-bellunopress-.jpg","width":512,"height":512,"caption":"Bellunopress"},"image":{"@id":"https:\/\/www.bellunopress.it\/#\/schema\/logo\/image\/"},"sameAs":["https:\/\/www.facebook.com\/profile.php?id=100008943462799","https:\/\/x.com\/bellunopress","https:\/\/www.linkedin.com\/hp\/?dnr=JBzUWaJfMUw8vbXJJ2tVW5-I3jZKvC4wsoxE&amp;amp;amp;amp;amp;amp;trk=nav_responsive_tab_home","https:\/\/www.youtube.com\/channel\/UCxL0wu1uN0_3_7hGG0306cw"]},{"@type":"Person","@id":"https:\/\/www.bellunopress.it\/#\/schema\/person\/79bb06722b37ece1c03d3e94beb30d73","name":"r\u00e9daction","image":{"@type":"ImageObject","inLanguage":"fr-FR","@id":"https:\/\/secure.gravatar.com\/avatar\/37d968a2e67a6fd04c169c4bdef102d0bc5d31b2546345219e348575eb80e9a0?s=96&d=mm&r=g","url":"https:\/\/secure.gravatar.com\/avatar\/37d968a2e67a6fd04c169c4bdef102d0bc5d31b2546345219e348575eb80e9a0?s=96&d=mm&r=g","contentUrl":"https:\/\/secure.gravatar.com\/avatar\/37d968a2e67a6fd04c169c4bdef102d0bc5d31b2546345219e348575eb80e9a0?s=96&d=mm&r=g","caption":"redazione"},"sameAs":["http:\/\/www.bellunopress.it","https:\/\/x.com\/bellunopress"],"url":"https:\/\/www.bellunopress.it\/fr\/author\/redazione\/"}]}},"_links":{"self":[{"href":"https:\/\/www.bellunopress.it\/fr\/wp-json\/wp\/v2\/posts\/107967","targetHints":{"allow":["GET"]}}],"collection":[{"href":"https:\/\/www.bellunopress.it\/fr\/wp-json\/wp\/v2\/posts"}],"about":[{"href":"https:\/\/www.bellunopress.it\/fr\/wp-json\/wp\/v2\/types\/post"}],"author":[{"embeddable":true,"href":"https:\/\/www.bellunopress.it\/fr\/wp-json\/wp\/v2\/users\/2"}],"replies":[{"embeddable":true,"href":"https:\/\/www.bellunopress.it\/fr\/wp-json\/wp\/v2\/comments?post=107967"}],"version-history":[{"count":1,"href":"https:\/\/www.bellunopress.it\/fr\/wp-json\/wp\/v2\/posts\/107967\/revisions"}],"predecessor-version":[{"id":107968,"href":"https:\/\/www.bellunopress.it\/fr\/wp-json\/wp\/v2\/posts\/107967\/revisions\/107968"}],"wp:attachment":[{"href":"https:\/\/www.bellunopress.it\/fr\/wp-json\/wp\/v2\/media?parent=107967"}],"wp:term":[{"taxonomy":"category","embeddable":true,"href":"https:\/\/www.bellunopress.it\/fr\/wp-json\/wp\/v2\/categories?post=107967"},{"taxonomy":"post_tag","embeddable":true,"href":"https:\/\/www.bellunopress.it\/fr\/wp-json\/wp\/v2\/tags?post=107967"}],"curies":[{"name":"wp","href":"https:\/\/api.w.org\/{rel}","templated":true}]}}