{"id":107928,"date":"2019-09-16T19:53:54","date_gmt":"2019-09-16T17:53:54","guid":{"rendered":"http:\/\/www.bellunopress.it\/?p=107928"},"modified":"2019-09-16T20:58:52","modified_gmt":"2019-09-16T18:58:52","slug":"interventi-in-montagna-del-soccorso-alpino-6","status":"publish","type":"post","link":"https:\/\/www.bellunopress.it\/fr\/2019\/09\/16\/interventi-in-montagna-del-soccorso-alpino-6\/","title":{"rendered":"Interventi in montagna del Soccorso alpino"},"content":{"rendered":"<p><a href=\"http:\/\/www.bellunopress.it\/fr\/2018\/12\/05\/grave-incidente-a-villa-di-villa-57enne-muore-sotto-il-trattore\/suem-118\/\" rel=\"attachment wp-att-100191\"><img loading=\"lazy\" decoding=\"async\" class=\"alignleft size-full wp-image-100191\" src=\"http:\/\/www.bellunopress.it\/wp-content\/uploads\/2018\/12\/suem-118.jpg\" alt=\"\" width=\"300\" height=\"205\" \/><\/a>Belluno, 16 &#8211; 09 &#8211; 19\u00a0 \u00a0 Verso mezzogiorno l&#8217;elicottero del Suem di Pieve di Cadore \u00e8 decollato in direzione di Cortina d&#8217;Ampezzo. Sotto la Grande delle Cinque Torri, a circa 150 metri dal Rifugio Scoiattoli, infatti, un&#8217;escursionista lettone, L.R., 64 anni, che si trovava con il marito, messo male un piede aveva riportato la probabile frattura di una caviglia. Atterrati nelle vicinanze, equipe medica e tecnico del Soccorso alpino hanno prestato le prime cure alla donna, assistita anche dal gestore del rifugio. Dopo essere stata imbarellata, l&#8217;infortunata \u00e8 stata caricata a bordo e trasportata all&#8217;ospedale di Belluno.<\/p>\n<p>Alle 15.45 l&#8217;eliambulanza \u00e8 volata in cima al Civetta, in Val di Zoldo, dove una coppia di escursionisti mantovani, ormai quasi alla fine della Ferrata degli alleghesi, era in difficolt\u00e0. Sugli ultimi cavi, a causa di stanchezza e paura, la donna, R.M., 58 anni, non era pi\u00f9 in grado di proseguire. Lei e il marito, G.D., 60 anni, entrambi di Castellucchio, sono stati recuperati in due rotazioni dal tecnico di elisoccorso che li ha imbarcati con un verricello di 15 metri. I due sono stati poi accompagnati in cima al Col dei Baldi.<\/p>\n<p>Alle 18.40 circa l&#8217;elicottero del Suem di Pieve di Cadore \u00e8 intervenuto sotto il Passo della Sentinella, sul versante che d\u00e0 verso il Rifugio Berti, poich\u00e9 due ventenni tedeschi, dopo un giro lungo e impegnativo superando pi\u00f9 ferrate, scendendo dalla Croda Rossa non erano pi\u00f9 in grado di proseguire, finiti dalla stanchezza. Geolocalizzati, i due giovani sono stati imbarcati con un verricello di 15 metri e trasportati a Sesto.<\/p>","protected":false},"excerpt":{"rendered":"<p>Belluno, 16 &#8211; 09 &#8211; 19\u00a0 \u00a0 Verso mezzogiorno l&#8217;elicottero del Suem di Pieve di Cadore \u00e8 decollato in direzione di Cortina d&#8217;Ampezzo. Sotto la Grande delle Cinque Torri, a circa 150 metri dal Rifugio Scoiattoli, infatti, un&#8217;escursionista lettone, L.R., 64 anni, che si trovava con il marito, messo male un piede aveva riportato la [&hellip;]<\/p>\n","protected":false},"author":2,"featured_media":0,"comment_status":"closed","ping_status":"open","sticky":false,"template":"","format":"standard","meta":{"footnotes":""},"categories":[5,26],"tags":[],"class_list":["post-107928","post","type-post","status-publish","format-standard","category-cronaca","category-prima-pagina"],"yoast_head":"<!-- This site is optimized with the Yoast SEO plugin v28.4 - https:\/\/yoast.com\/product\/yoast-seo-wordpress\/ -->\n<title>Interventi in montagna del Soccorso alpino - Bellunopress - Dolomiti<\/title>\n<meta name=\"robots\" content=\"index, follow, max-snippet:-1, max-image-preview:large, max-video-preview:-1\" \/>\n<link rel=\"canonical\" href=\"https:\/\/www.bellunopress.it\/fr\/2019\/09\/16\/interventi-in-montagna-del-soccorso-alpino-6\/\" \/>\n<meta property=\"og:locale\" content=\"fr_FR\" \/>\n<meta property=\"og:type\" content=\"article\" \/>\n<meta property=\"og:title\" content=\"Interventi in montagna del Soccorso alpino - Bellunopress - Dolomiti\" \/>\n<meta property=\"og:description\" content=\"Belluno, 16 &#8211; 09 &#8211; 19\u00a0 \u00a0 Verso mezzogiorno l&#8217;elicottero del Suem di Pieve di Cadore \u00e8 decollato in direzione di Cortina d&#8217;Ampezzo. Sotto la Grande delle Cinque Torri, a circa 150 metri dal Rifugio Scoiattoli, infatti, un&#8217;escursionista lettone, L.R., 64 anni, che si trovava con il marito, messo male un piede aveva riportato la [&hellip;]\" \/>\n<meta property=\"og:url\" content=\"https:\/\/www.bellunopress.it\/fr\/2019\/09\/16\/interventi-in-montagna-del-soccorso-alpino-6\/\" \/>\n<meta property=\"og:site_name\" content=\"Bellunopress - Dolomiti\" \/>\n<meta property=\"article:publisher\" content=\"https:\/\/www.facebook.com\/profile.php?id=100008943462799\" \/>\n<meta property=\"article:published_time\" content=\"2019-09-16T17:53:54+00:00\" \/>\n<meta property=\"article:modified_time\" content=\"2019-09-16T18:58:52+00:00\" \/>\n<meta property=\"og:image\" content=\"http:\/\/www.bellunopress.it\/wp-content\/uploads\/2018\/12\/suem-118.jpg\" \/>\n<meta name=\"author\" content=\"redazione\" \/>\n<meta name=\"twitter:card\" content=\"summary_large_image\" \/>\n<meta name=\"twitter:creator\" content=\"@bellunopress\" \/>\n<meta name=\"twitter:site\" content=\"@bellunopress\" \/>\n<meta name=\"twitter:label1\" content=\"\u00c9crit par\" \/>\n\t<meta name=\"twitter:data1\" content=\"redazione\" \/>\n\t<meta name=\"twitter:label2\" content=\"Dur\u00e9e de lecture estim\u00e9e\" \/>\n\t<meta name=\"twitter:data2\" content=\"1 minute\" \/>\n<script type=\"application\/ld+json\" class=\"yoast-schema-graph\">{\"@context\":\"https:\\\/\\\/schema.org\",\"@graph\":[{\"@type\":\"Article\",\"@id\":\"https:\\\/\\\/www.bellunopress.it\\\/2019\\\/09\\\/16\\\/interventi-in-montagna-del-soccorso-alpino-6\\\/#article\",\"isPartOf\":{\"@id\":\"https:\\\/\\\/www.bellunopress.it\\\/2019\\\/09\\\/16\\\/interventi-in-montagna-del-soccorso-alpino-6\\\/\"},\"author\":{\"name\":\"redazione\",\"@id\":\"https:\\\/\\\/www.bellunopress.it\\\/#\\\/schema\\\/person\\\/79bb06722b37ece1c03d3e94beb30d73\"},\"headline\":\"Interventi in montagna del Soccorso alpino\",\"datePublished\":\"2019-09-16T17:53:54+00:00\",\"dateModified\":\"2019-09-16T18:58:52+00:00\",\"mainEntityOfPage\":{\"@id\":\"https:\\\/\\\/www.bellunopress.it\\\/2019\\\/09\\\/16\\\/interventi-in-montagna-del-soccorso-alpino-6\\\/\"},\"wordCount\":260,\"publisher\":{\"@id\":\"https:\\\/\\\/www.bellunopress.it\\\/#organization\"},\"image\":{\"@id\":\"https:\\\/\\\/www.bellunopress.it\\\/2019\\\/09\\\/16\\\/interventi-in-montagna-del-soccorso-alpino-6\\\/#primaryimage\"},\"thumbnailUrl\":\"http:\\\/\\\/www.bellunopress.it\\\/wp-content\\\/uploads\\\/2018\\\/12\\\/suem-118.jpg\",\"articleSection\":[\"Cronaca\\\/Politica\",\"Prima Pagina\"],\"inLanguage\":\"fr-FR\"},{\"@type\":\"WebPage\",\"@id\":\"https:\\\/\\\/www.bellunopress.it\\\/2019\\\/09\\\/16\\\/interventi-in-montagna-del-soccorso-alpino-6\\\/\",\"url\":\"https:\\\/\\\/www.bellunopress.it\\\/2019\\\/09\\\/16\\\/interventi-in-montagna-del-soccorso-alpino-6\\\/\",\"name\":\"Interventi in montagna del Soccorso alpino - Bellunopress - Dolomiti\",\"isPartOf\":{\"@id\":\"https:\\\/\\\/www.bellunopress.it\\\/#website\"},\"primaryImageOfPage\":{\"@id\":\"https:\\\/\\\/www.bellunopress.it\\\/2019\\\/09\\\/16\\\/interventi-in-montagna-del-soccorso-alpino-6\\\/#primaryimage\"},\"image\":{\"@id\":\"https:\\\/\\\/www.bellunopress.it\\\/2019\\\/09\\\/16\\\/interventi-in-montagna-del-soccorso-alpino-6\\\/#primaryimage\"},\"thumbnailUrl\":\"http:\\\/\\\/www.bellunopress.it\\\/wp-content\\\/uploads\\\/2018\\\/12\\\/suem-118.jpg\",\"datePublished\":\"2019-09-16T17:53:54+00:00\",\"dateModified\":\"2019-09-16T18:58:52+00:00\",\"breadcrumb\":{\"@id\":\"https:\\\/\\\/www.bellunopress.it\\\/2019\\\/09\\\/16\\\/interventi-in-montagna-del-soccorso-alpino-6\\\/#breadcrumb\"},\"inLanguage\":\"fr-FR\",\"potentialAction\":[{\"@type\":\"ReadAction\",\"target\":[\"https:\\\/\\\/www.bellunopress.it\\\/2019\\\/09\\\/16\\\/interventi-in-montagna-del-soccorso-alpino-6\\\/\"]}]},{\"@type\":\"ImageObject\",\"inLanguage\":\"fr-FR\",\"@id\":\"https:\\\/\\\/www.bellunopress.it\\\/2019\\\/09\\\/16\\\/interventi-in-montagna-del-soccorso-alpino-6\\\/#primaryimage\",\"url\":\"http:\\\/\\\/www.bellunopress.it\\\/wp-content\\\/uploads\\\/2018\\\/12\\\/suem-118.jpg\",\"contentUrl\":\"http:\\\/\\\/www.bellunopress.it\\\/wp-content\\\/uploads\\\/2018\\\/12\\\/suem-118.jpg\"},{\"@type\":\"BreadcrumbList\",\"@id\":\"https:\\\/\\\/www.bellunopress.it\\\/2019\\\/09\\\/16\\\/interventi-in-montagna-del-soccorso-alpino-6\\\/#breadcrumb\",\"itemListElement\":[{\"@type\":\"ListItem\",\"position\":1,\"name\":\"Home\",\"item\":\"https:\\\/\\\/www.bellunopress.it\\\/\"},{\"@type\":\"ListItem\",\"position\":2,\"name\":\"Interventi in montagna del Soccorso alpino\"}]},{\"@type\":\"WebSite\",\"@id\":\"https:\\\/\\\/www.bellunopress.it\\\/#website\",\"url\":\"https:\\\/\\\/www.bellunopress.it\\\/\",\"name\":\"Bellunopress - Dolomiti\",\"description\":\"e-mail: redazione@bellunopress.it\",\"publisher\":{\"@id\":\"https:\\\/\\\/www.bellunopress.it\\\/#organization\"},\"potentialAction\":[{\"@type\":\"SearchAction\",\"target\":{\"@type\":\"EntryPoint\",\"urlTemplate\":\"https:\\\/\\\/www.bellunopress.it\\\/?s={search_term_string}\"},\"query-input\":{\"@type\":\"PropertyValueSpecification\",\"valueRequired\":true,\"valueName\":\"search_term_string\"}}],\"inLanguage\":\"fr-FR\"},{\"@type\":\"Organization\",\"@id\":\"https:\\\/\\\/www.bellunopress.it\\\/#organization\",\"name\":\"Bellunopress\",\"url\":\"https:\\\/\\\/www.bellunopress.it\\\/\",\"logo\":{\"@type\":\"ImageObject\",\"inLanguage\":\"fr-FR\",\"@id\":\"https:\\\/\\\/www.bellunopress.it\\\/#\\\/schema\\\/logo\\\/image\\\/\",\"url\":\"https:\\\/\\\/www.bellunopress.it\\\/wp-content\\\/uploads\\\/2011\\\/05\\\/cropped-logo-bellunopress-.jpg\",\"contentUrl\":\"https:\\\/\\\/www.bellunopress.it\\\/wp-content\\\/uploads\\\/2011\\\/05\\\/cropped-logo-bellunopress-.jpg\",\"width\":512,\"height\":512,\"caption\":\"Bellunopress\"},\"image\":{\"@id\":\"https:\\\/\\\/www.bellunopress.it\\\/#\\\/schema\\\/logo\\\/image\\\/\"},\"sameAs\":[\"https:\\\/\\\/www.facebook.com\\\/profile.php?id=100008943462799\",\"https:\\\/\\\/x.com\\\/bellunopress\",\"https:\\\/\\\/www.linkedin.com\\\/hp\\\/?dnr=JBzUWaJfMUw8vbXJJ2tVW5-I3jZKvC4wsoxE&amp;amp;amp;amp;amp;amp;trk=nav_responsive_tab_home\",\"https:\\\/\\\/www.youtube.com\\\/channel\\\/UCxL0wu1uN0_3_7hGG0306cw\"]},{\"@type\":\"Person\",\"@id\":\"https:\\\/\\\/www.bellunopress.it\\\/#\\\/schema\\\/person\\\/79bb06722b37ece1c03d3e94beb30d73\",\"name\":\"redazione\",\"image\":{\"@type\":\"ImageObject\",\"inLanguage\":\"fr-FR\",\"@id\":\"https:\\\/\\\/secure.gravatar.com\\\/avatar\\\/37d968a2e67a6fd04c169c4bdef102d0bc5d31b2546345219e348575eb80e9a0?s=96&d=mm&r=g\",\"url\":\"https:\\\/\\\/secure.gravatar.com\\\/avatar\\\/37d968a2e67a6fd04c169c4bdef102d0bc5d31b2546345219e348575eb80e9a0?s=96&d=mm&r=g\",\"contentUrl\":\"https:\\\/\\\/secure.gravatar.com\\\/avatar\\\/37d968a2e67a6fd04c169c4bdef102d0bc5d31b2546345219e348575eb80e9a0?s=96&d=mm&r=g\",\"caption\":\"redazione\"},\"sameAs\":[\"http:\\\/\\\/www.bellunopress.it\",\"https:\\\/\\\/x.com\\\/bellunopress\"],\"url\":\"https:\\\/\\\/www.bellunopress.it\\\/fr\\\/author\\\/redazione\\\/\"}]}<\/script>\n<!-- \/ Yoast SEO plugin. -->","yoast_head_json":{"title":"Interventi in montagna del Soccorso alpino - Bellunopress - Dolomiti","robots":{"index":"index","follow":"follow","max-snippet":"max-snippet:-1","max-image-preview":"max-image-preview:large","max-video-preview":"max-video-preview:-1"},"canonical":"https:\/\/www.bellunopress.it\/fr\/2019\/09\/16\/interventi-in-montagna-del-soccorso-alpino-6\/","og_locale":"fr_FR","og_type":"article","og_title":"Interventi in montagna del Soccorso alpino - Bellunopress - Dolomiti","og_description":"Belluno, 16 &#8211; 09 &#8211; 19\u00a0 \u00a0 Verso mezzogiorno l&#8217;elicottero del Suem di Pieve di Cadore \u00e8 decollato in direzione di Cortina d&#8217;Ampezzo. Sotto la Grande delle Cinque Torri, a circa 150 metri dal Rifugio Scoiattoli, infatti, un&#8217;escursionista lettone, L.R., 64 anni, che si trovava con il marito, messo male un piede aveva riportato la [&hellip;]","og_url":"https:\/\/www.bellunopress.it\/fr\/2019\/09\/16\/interventi-in-montagna-del-soccorso-alpino-6\/","og_site_name":"Bellunopress - Dolomiti","article_publisher":"https:\/\/www.facebook.com\/profile.php?id=100008943462799","article_published_time":"2019-09-16T17:53:54+00:00","article_modified_time":"2019-09-16T18:58:52+00:00","og_image":[{"url":"http:\/\/www.bellunopress.it\/wp-content\/uploads\/2018\/12\/suem-118.jpg","type":"","width":"","height":""}],"author":"redazione","twitter_card":"summary_large_image","twitter_creator":"@bellunopress","twitter_site":"@bellunopress","twitter_misc":{"\u00c9crit par":"redazione","Dur\u00e9e de lecture estim\u00e9e":"1 minute"},"schema":{"@context":"https:\/\/schema.org","@graph":[{"@type":"Article","@id":"https:\/\/www.bellunopress.it\/2019\/09\/16\/interventi-in-montagna-del-soccorso-alpino-6\/#article","isPartOf":{"@id":"https:\/\/www.bellunopress.it\/2019\/09\/16\/interventi-in-montagna-del-soccorso-alpino-6\/"},"author":{"name":"redazione","@id":"https:\/\/www.bellunopress.it\/#\/schema\/person\/79bb06722b37ece1c03d3e94beb30d73"},"headline":"Interventi in montagna del Soccorso alpino","datePublished":"2019-09-16T17:53:54+00:00","dateModified":"2019-09-16T18:58:52+00:00","mainEntityOfPage":{"@id":"https:\/\/www.bellunopress.it\/2019\/09\/16\/interventi-in-montagna-del-soccorso-alpino-6\/"},"wordCount":260,"publisher":{"@id":"https:\/\/www.bellunopress.it\/#organization"},"image":{"@id":"https:\/\/www.bellunopress.it\/2019\/09\/16\/interventi-in-montagna-del-soccorso-alpino-6\/#primaryimage"},"thumbnailUrl":"http:\/\/www.bellunopress.it\/wp-content\/uploads\/2018\/12\/suem-118.jpg","articleSection":["Cronaca\/Politica","Prima Pagina"],"inLanguage":"fr-FR"},{"@type":"WebPage","@id":"https:\/\/www.bellunopress.it\/2019\/09\/16\/interventi-in-montagna-del-soccorso-alpino-6\/","url":"https:\/\/www.bellunopress.it\/2019\/09\/16\/interventi-in-montagna-del-soccorso-alpino-6\/","name":"Interventi in montagna del Soccorso alpino - Bellunopress - Dolomiti","isPartOf":{"@id":"https:\/\/www.bellunopress.it\/#website"},"primaryImageOfPage":{"@id":"https:\/\/www.bellunopress.it\/2019\/09\/16\/interventi-in-montagna-del-soccorso-alpino-6\/#primaryimage"},"image":{"@id":"https:\/\/www.bellunopress.it\/2019\/09\/16\/interventi-in-montagna-del-soccorso-alpino-6\/#primaryimage"},"thumbnailUrl":"http:\/\/www.bellunopress.it\/wp-content\/uploads\/2018\/12\/suem-118.jpg","datePublished":"2019-09-16T17:53:54+00:00","dateModified":"2019-09-16T18:58:52+00:00","breadcrumb":{"@id":"https:\/\/www.bellunopress.it\/2019\/09\/16\/interventi-in-montagna-del-soccorso-alpino-6\/#breadcrumb"},"inLanguage":"fr-FR","potentialAction":[{"@type":"ReadAction","target":["https:\/\/www.bellunopress.it\/2019\/09\/16\/interventi-in-montagna-del-soccorso-alpino-6\/"]}]},{"@type":"ImageObject","inLanguage":"fr-FR","@id":"https:\/\/www.bellunopress.it\/2019\/09\/16\/interventi-in-montagna-del-soccorso-alpino-6\/#primaryimage","url":"http:\/\/www.bellunopress.it\/wp-content\/uploads\/2018\/12\/suem-118.jpg","contentUrl":"http:\/\/www.bellunopress.it\/wp-content\/uploads\/2018\/12\/suem-118.jpg"},{"@type":"BreadcrumbList","@id":"https:\/\/www.bellunopress.it\/2019\/09\/16\/interventi-in-montagna-del-soccorso-alpino-6\/#breadcrumb","itemListElement":[{"@type":"ListItem","position":1,"name":"Home","item":"https:\/\/www.bellunopress.it\/"},{"@type":"ListItem","position":2,"name":"Interventi in montagna del Soccorso alpino"}]},{"@type":"WebSite","@id":"https:\/\/www.bellunopress.it\/#website","url":"https:\/\/www.bellunopress.it\/","name":"Bellunopress - Dolomiti","description":"e-mail: redazione@bellunopress.it","publisher":{"@id":"https:\/\/www.bellunopress.it\/#organization"},"potentialAction":[{"@type":"SearchAction","target":{"@type":"EntryPoint","urlTemplate":"https:\/\/www.bellunopress.it\/?s={search_term_string}"},"query-input":{"@type":"PropertyValueSpecification","valueRequired":true,"valueName":"search_term_string"}}],"inLanguage":"fr-FR"},{"@type":"Organization","@id":"https:\/\/www.bellunopress.it\/#organization","name":"Bellunopress","url":"https:\/\/www.bellunopress.it\/","logo":{"@type":"ImageObject","inLanguage":"fr-FR","@id":"https:\/\/www.bellunopress.it\/#\/schema\/logo\/image\/","url":"https:\/\/www.bellunopress.it\/wp-content\/uploads\/2011\/05\/cropped-logo-bellunopress-.jpg","contentUrl":"https:\/\/www.bellunopress.it\/wp-content\/uploads\/2011\/05\/cropped-logo-bellunopress-.jpg","width":512,"height":512,"caption":"Bellunopress"},"image":{"@id":"https:\/\/www.bellunopress.it\/#\/schema\/logo\/image\/"},"sameAs":["https:\/\/www.facebook.com\/profile.php?id=100008943462799","https:\/\/x.com\/bellunopress","https:\/\/www.linkedin.com\/hp\/?dnr=JBzUWaJfMUw8vbXJJ2tVW5-I3jZKvC4wsoxE&amp;amp;amp;amp;amp;amp;trk=nav_responsive_tab_home","https:\/\/www.youtube.com\/channel\/UCxL0wu1uN0_3_7hGG0306cw"]},{"@type":"Person","@id":"https:\/\/www.bellunopress.it\/#\/schema\/person\/79bb06722b37ece1c03d3e94beb30d73","name":"r\u00e9daction","image":{"@type":"ImageObject","inLanguage":"fr-FR","@id":"https:\/\/secure.gravatar.com\/avatar\/37d968a2e67a6fd04c169c4bdef102d0bc5d31b2546345219e348575eb80e9a0?s=96&d=mm&r=g","url":"https:\/\/secure.gravatar.com\/avatar\/37d968a2e67a6fd04c169c4bdef102d0bc5d31b2546345219e348575eb80e9a0?s=96&d=mm&r=g","contentUrl":"https:\/\/secure.gravatar.com\/avatar\/37d968a2e67a6fd04c169c4bdef102d0bc5d31b2546345219e348575eb80e9a0?s=96&d=mm&r=g","caption":"redazione"},"sameAs":["http:\/\/www.bellunopress.it","https:\/\/x.com\/bellunopress"],"url":"https:\/\/www.bellunopress.it\/fr\/author\/redazione\/"}]}},"_links":{"self":[{"href":"https:\/\/www.bellunopress.it\/fr\/wp-json\/wp\/v2\/posts\/107928","targetHints":{"allow":["GET"]}}],"collection":[{"href":"https:\/\/www.bellunopress.it\/fr\/wp-json\/wp\/v2\/posts"}],"about":[{"href":"https:\/\/www.bellunopress.it\/fr\/wp-json\/wp\/v2\/types\/post"}],"author":[{"embeddable":true,"href":"https:\/\/www.bellunopress.it\/fr\/wp-json\/wp\/v2\/users\/2"}],"replies":[{"embeddable":true,"href":"https:\/\/www.bellunopress.it\/fr\/wp-json\/wp\/v2\/comments?post=107928"}],"version-history":[{"count":1,"href":"https:\/\/www.bellunopress.it\/fr\/wp-json\/wp\/v2\/posts\/107928\/revisions"}],"predecessor-version":[{"id":107929,"href":"https:\/\/www.bellunopress.it\/fr\/wp-json\/wp\/v2\/posts\/107928\/revisions\/107929"}],"wp:attachment":[{"href":"https:\/\/www.bellunopress.it\/fr\/wp-json\/wp\/v2\/media?parent=107928"}],"wp:term":[{"taxonomy":"category","embeddable":true,"href":"https:\/\/www.bellunopress.it\/fr\/wp-json\/wp\/v2\/categories?post=107928"},{"taxonomy":"post_tag","embeddable":true,"href":"https:\/\/www.bellunopress.it\/fr\/wp-json\/wp\/v2\/tags?post=107928"}],"curies":[{"name":"wp","href":"https:\/\/api.w.org\/{rel}","templated":true}]}}