{"id":107920,"date":"2019-09-16T16:21:20","date_gmt":"2019-09-16T14:21:20","guid":{"rendered":"http:\/\/www.bellunopress.it\/?p=107920"},"modified":"2019-09-16T16:21:21","modified_gmt":"2019-09-16T14:21:21","slug":"domenica-mattina-la-visita-al-parco-di-mussoi-con-il-naturalista-anacleto-boranga","status":"publish","type":"post","link":"https:\/\/www.bellunopress.it\/fr\/2019\/09\/16\/domenica-mattina-la-visita-al-parco-di-mussoi-con-il-naturalista-anacleto-boranga\/","title":{"rendered":"Domenica mattina la visita al Parco di Mussoi con il naturalista Anacleto Boranga"},"content":{"rendered":"<p>Nel programma della Settimana di Azione per il Clima \u00e8 prevista per domenica 22 settembre una visita guidata al Parco Storico di Mussoi, il pi\u00f9 grande polmone verde della citt\u00e0 di Belluno, dotato di un\u2019eccezionale quantit\u00e0 e variet\u00e0 di alberi secolari.<\/p>\n<p><a href=\"http:\/\/www.bellunopress.it\/fr\/2019\/09\/16\/domenica-mattina-la-visita-al-parco-di-mussoi-con-il-naturalista-anacleto-boranga\/parco-mussoi-2\/\" rel=\"attachment wp-att-107921\"><img loading=\"lazy\" decoding=\"async\" class=\"alignleft size-full wp-image-107921\" src=\"http:\/\/www.bellunopress.it\/wp-content\/uploads\/2019\/09\/parco-mussoi.jpg\" alt=\"\" width=\"300\" height=\"225\" \/><\/a>Il titolo dell\u2019iniziativa &#8220;Attenti a quei giganti&#8221;, luci e ombre nella \u201cselva oscura\u201d \u00e8 indicativo del taglio che verr\u00e0 dato dal naturalista Anacleto Boranga nel condurre i partecipanti, unendo in modo avvincente alla descrizione botanica, simbologie, miti e leggende legate al mondo arboreo.<\/p>\n<p>La partecipazione \u00e8 libera e gratuita. Appuntamento domenica alle 10.00 all\u2019entrata del Parco in via Travazzoi 25.<\/p>","protected":false},"excerpt":{"rendered":"<p>Nel programma della Settimana di Azione per il Clima \u00e8 prevista per domenica 22 settembre una visita guidata al Parco Storico di Mussoi, il pi\u00f9 grande polmone verde della citt\u00e0 di Belluno, dotato di un\u2019eccezionale quantit\u00e0 e variet\u00e0 di alberi secolari. Il titolo dell\u2019iniziativa &#8220;Attenti a quei giganti&#8221;, luci e ombre nella \u201cselva oscura\u201d \u00e8 [&hellip;]<\/p>\n","protected":false},"author":2,"featured_media":0,"comment_status":"closed","ping_status":"open","sticky":false,"template":"","format":"standard","meta":{"footnotes":""},"categories":[27,38,25],"tags":[],"class_list":["post-107920","post","type-post","status-publish","format-standard","category-appuntamenti","category-natura-ambiente","category-pausa-caffe"],"yoast_head":"<!-- This site is optimized with the Yoast SEO plugin v28.4 - https:\/\/yoast.com\/product\/yoast-seo-wordpress\/ -->\n<title>Domenica mattina la visita al Parco di Mussoi con il naturalista Anacleto Boranga - Bellunopress - Dolomiti<\/title>\n<meta name=\"robots\" content=\"index, follow, max-snippet:-1, max-image-preview:large, max-video-preview:-1\" \/>\n<link rel=\"canonical\" href=\"https:\/\/www.bellunopress.it\/fr\/2019\/09\/16\/domenica-mattina-la-visita-al-parco-di-mussoi-con-il-naturalista-anacleto-boranga\/\" \/>\n<meta property=\"og:locale\" content=\"fr_FR\" \/>\n<meta property=\"og:type\" content=\"article\" \/>\n<meta property=\"og:title\" content=\"Domenica mattina la visita al Parco di Mussoi con il naturalista Anacleto Boranga - Bellunopress - Dolomiti\" \/>\n<meta property=\"og:description\" content=\"Nel programma della Settimana di Azione per il Clima \u00e8 prevista per domenica 22 settembre una visita guidata al Parco Storico di Mussoi, il pi\u00f9 grande polmone verde della citt\u00e0 di Belluno, dotato di un\u2019eccezionale quantit\u00e0 e variet\u00e0 di alberi secolari. Il titolo dell\u2019iniziativa &#8220;Attenti a quei giganti&#8221;, luci e ombre nella \u201cselva oscura\u201d \u00e8 [&hellip;]\" \/>\n<meta property=\"og:url\" content=\"https:\/\/www.bellunopress.it\/fr\/2019\/09\/16\/domenica-mattina-la-visita-al-parco-di-mussoi-con-il-naturalista-anacleto-boranga\/\" \/>\n<meta property=\"og:site_name\" content=\"Bellunopress - Dolomiti\" \/>\n<meta property=\"article:publisher\" content=\"https:\/\/www.facebook.com\/profile.php?id=100008943462799\" \/>\n<meta property=\"article:published_time\" content=\"2019-09-16T14:21:20+00:00\" \/>\n<meta property=\"article:modified_time\" content=\"2019-09-16T14:21:21+00:00\" \/>\n<meta property=\"og:image\" content=\"http:\/\/www.bellunopress.it\/wp-content\/uploads\/2019\/09\/parco-mussoi.jpg\" \/>\n<meta name=\"author\" content=\"redazione\" \/>\n<meta name=\"twitter:card\" content=\"summary_large_image\" \/>\n<meta name=\"twitter:creator\" content=\"@bellunopress\" \/>\n<meta name=\"twitter:site\" content=\"@bellunopress\" \/>\n<meta name=\"twitter:label1\" content=\"\u00c9crit par\" \/>\n\t<meta name=\"twitter:data1\" content=\"redazione\" \/>\n<script type=\"application\/ld+json\" class=\"yoast-schema-graph\">{\"@context\":\"https:\\\/\\\/schema.org\",\"@graph\":[{\"@type\":\"Article\",\"@id\":\"https:\\\/\\\/www.bellunopress.it\\\/2019\\\/09\\\/16\\\/domenica-mattina-la-visita-al-parco-di-mussoi-con-il-naturalista-anacleto-boranga\\\/#article\",\"isPartOf\":{\"@id\":\"https:\\\/\\\/www.bellunopress.it\\\/2019\\\/09\\\/16\\\/domenica-mattina-la-visita-al-parco-di-mussoi-con-il-naturalista-anacleto-boranga\\\/\"},\"author\":{\"name\":\"redazione\",\"@id\":\"https:\\\/\\\/www.bellunopress.it\\\/#\\\/schema\\\/person\\\/79bb06722b37ece1c03d3e94beb30d73\"},\"headline\":\"Domenica mattina la visita al Parco di Mussoi con il naturalista Anacleto Boranga\",\"datePublished\":\"2019-09-16T14:21:20+00:00\",\"dateModified\":\"2019-09-16T14:21:21+00:00\",\"mainEntityOfPage\":{\"@id\":\"https:\\\/\\\/www.bellunopress.it\\\/2019\\\/09\\\/16\\\/domenica-mattina-la-visita-al-parco-di-mussoi-con-il-naturalista-anacleto-boranga\\\/\"},\"wordCount\":111,\"publisher\":{\"@id\":\"https:\\\/\\\/www.bellunopress.it\\\/#organization\"},\"image\":{\"@id\":\"https:\\\/\\\/www.bellunopress.it\\\/2019\\\/09\\\/16\\\/domenica-mattina-la-visita-al-parco-di-mussoi-con-il-naturalista-anacleto-boranga\\\/#primaryimage\"},\"thumbnailUrl\":\"http:\\\/\\\/www.bellunopress.it\\\/wp-content\\\/uploads\\\/2019\\\/09\\\/parco-mussoi.jpg\",\"articleSection\":[\"Appuntamenti, Eventi\",\"Meteo, natura, ambiente, animali\",\"Pausa Caff\u00e8\"],\"inLanguage\":\"fr-FR\"},{\"@type\":\"WebPage\",\"@id\":\"https:\\\/\\\/www.bellunopress.it\\\/2019\\\/09\\\/16\\\/domenica-mattina-la-visita-al-parco-di-mussoi-con-il-naturalista-anacleto-boranga\\\/\",\"url\":\"https:\\\/\\\/www.bellunopress.it\\\/2019\\\/09\\\/16\\\/domenica-mattina-la-visita-al-parco-di-mussoi-con-il-naturalista-anacleto-boranga\\\/\",\"name\":\"Domenica mattina la visita al Parco di Mussoi con il naturalista Anacleto Boranga - Bellunopress - Dolomiti\",\"isPartOf\":{\"@id\":\"https:\\\/\\\/www.bellunopress.it\\\/#website\"},\"primaryImageOfPage\":{\"@id\":\"https:\\\/\\\/www.bellunopress.it\\\/2019\\\/09\\\/16\\\/domenica-mattina-la-visita-al-parco-di-mussoi-con-il-naturalista-anacleto-boranga\\\/#primaryimage\"},\"image\":{\"@id\":\"https:\\\/\\\/www.bellunopress.it\\\/2019\\\/09\\\/16\\\/domenica-mattina-la-visita-al-parco-di-mussoi-con-il-naturalista-anacleto-boranga\\\/#primaryimage\"},\"thumbnailUrl\":\"http:\\\/\\\/www.bellunopress.it\\\/wp-content\\\/uploads\\\/2019\\\/09\\\/parco-mussoi.jpg\",\"datePublished\":\"2019-09-16T14:21:20+00:00\",\"dateModified\":\"2019-09-16T14:21:21+00:00\",\"breadcrumb\":{\"@id\":\"https:\\\/\\\/www.bellunopress.it\\\/2019\\\/09\\\/16\\\/domenica-mattina-la-visita-al-parco-di-mussoi-con-il-naturalista-anacleto-boranga\\\/#breadcrumb\"},\"inLanguage\":\"fr-FR\",\"potentialAction\":[{\"@type\":\"ReadAction\",\"target\":[\"https:\\\/\\\/www.bellunopress.it\\\/2019\\\/09\\\/16\\\/domenica-mattina-la-visita-al-parco-di-mussoi-con-il-naturalista-anacleto-boranga\\\/\"]}]},{\"@type\":\"ImageObject\",\"inLanguage\":\"fr-FR\",\"@id\":\"https:\\\/\\\/www.bellunopress.it\\\/2019\\\/09\\\/16\\\/domenica-mattina-la-visita-al-parco-di-mussoi-con-il-naturalista-anacleto-boranga\\\/#primaryimage\",\"url\":\"http:\\\/\\\/www.bellunopress.it\\\/wp-content\\\/uploads\\\/2019\\\/09\\\/parco-mussoi.jpg\",\"contentUrl\":\"http:\\\/\\\/www.bellunopress.it\\\/wp-content\\\/uploads\\\/2019\\\/09\\\/parco-mussoi.jpg\"},{\"@type\":\"BreadcrumbList\",\"@id\":\"https:\\\/\\\/www.bellunopress.it\\\/2019\\\/09\\\/16\\\/domenica-mattina-la-visita-al-parco-di-mussoi-con-il-naturalista-anacleto-boranga\\\/#breadcrumb\",\"itemListElement\":[{\"@type\":\"ListItem\",\"position\":1,\"name\":\"Home\",\"item\":\"https:\\\/\\\/www.bellunopress.it\\\/\"},{\"@type\":\"ListItem\",\"position\":2,\"name\":\"Domenica mattina la visita al Parco di Mussoi con il naturalista Anacleto Boranga\"}]},{\"@type\":\"WebSite\",\"@id\":\"https:\\\/\\\/www.bellunopress.it\\\/#website\",\"url\":\"https:\\\/\\\/www.bellunopress.it\\\/\",\"name\":\"Bellunopress - Dolomiti\",\"description\":\"e-mail: redazione@bellunopress.it\",\"publisher\":{\"@id\":\"https:\\\/\\\/www.bellunopress.it\\\/#organization\"},\"potentialAction\":[{\"@type\":\"SearchAction\",\"target\":{\"@type\":\"EntryPoint\",\"urlTemplate\":\"https:\\\/\\\/www.bellunopress.it\\\/?s={search_term_string}\"},\"query-input\":{\"@type\":\"PropertyValueSpecification\",\"valueRequired\":true,\"valueName\":\"search_term_string\"}}],\"inLanguage\":\"fr-FR\"},{\"@type\":\"Organization\",\"@id\":\"https:\\\/\\\/www.bellunopress.it\\\/#organization\",\"name\":\"Bellunopress\",\"url\":\"https:\\\/\\\/www.bellunopress.it\\\/\",\"logo\":{\"@type\":\"ImageObject\",\"inLanguage\":\"fr-FR\",\"@id\":\"https:\\\/\\\/www.bellunopress.it\\\/#\\\/schema\\\/logo\\\/image\\\/\",\"url\":\"https:\\\/\\\/www.bellunopress.it\\\/wp-content\\\/uploads\\\/2011\\\/05\\\/cropped-logo-bellunopress-.jpg\",\"contentUrl\":\"https:\\\/\\\/www.bellunopress.it\\\/wp-content\\\/uploads\\\/2011\\\/05\\\/cropped-logo-bellunopress-.jpg\",\"width\":512,\"height\":512,\"caption\":\"Bellunopress\"},\"image\":{\"@id\":\"https:\\\/\\\/www.bellunopress.it\\\/#\\\/schema\\\/logo\\\/image\\\/\"},\"sameAs\":[\"https:\\\/\\\/www.facebook.com\\\/profile.php?id=100008943462799\",\"https:\\\/\\\/x.com\\\/bellunopress\",\"https:\\\/\\\/www.linkedin.com\\\/hp\\\/?dnr=JBzUWaJfMUw8vbXJJ2tVW5-I3jZKvC4wsoxE&amp;amp;amp;amp;amp;amp;trk=nav_responsive_tab_home\",\"https:\\\/\\\/www.youtube.com\\\/channel\\\/UCxL0wu1uN0_3_7hGG0306cw\"]},{\"@type\":\"Person\",\"@id\":\"https:\\\/\\\/www.bellunopress.it\\\/#\\\/schema\\\/person\\\/79bb06722b37ece1c03d3e94beb30d73\",\"name\":\"redazione\",\"image\":{\"@type\":\"ImageObject\",\"inLanguage\":\"fr-FR\",\"@id\":\"https:\\\/\\\/secure.gravatar.com\\\/avatar\\\/37d968a2e67a6fd04c169c4bdef102d0bc5d31b2546345219e348575eb80e9a0?s=96&d=mm&r=g\",\"url\":\"https:\\\/\\\/secure.gravatar.com\\\/avatar\\\/37d968a2e67a6fd04c169c4bdef102d0bc5d31b2546345219e348575eb80e9a0?s=96&d=mm&r=g\",\"contentUrl\":\"https:\\\/\\\/secure.gravatar.com\\\/avatar\\\/37d968a2e67a6fd04c169c4bdef102d0bc5d31b2546345219e348575eb80e9a0?s=96&d=mm&r=g\",\"caption\":\"redazione\"},\"sameAs\":[\"http:\\\/\\\/www.bellunopress.it\",\"https:\\\/\\\/x.com\\\/bellunopress\"],\"url\":\"https:\\\/\\\/www.bellunopress.it\\\/fr\\\/author\\\/redazione\\\/\"}]}<\/script>\n<!-- \/ Yoast SEO plugin. -->","yoast_head_json":{"title":"Domenica mattina la visita al Parco di Mussoi con il naturalista Anacleto Boranga - Bellunopress - Dolomiti","robots":{"index":"index","follow":"follow","max-snippet":"max-snippet:-1","max-image-preview":"max-image-preview:large","max-video-preview":"max-video-preview:-1"},"canonical":"https:\/\/www.bellunopress.it\/fr\/2019\/09\/16\/domenica-mattina-la-visita-al-parco-di-mussoi-con-il-naturalista-anacleto-boranga\/","og_locale":"fr_FR","og_type":"article","og_title":"Domenica mattina la visita al Parco di Mussoi con il naturalista Anacleto Boranga - Bellunopress - Dolomiti","og_description":"Nel programma della Settimana di Azione per il Clima \u00e8 prevista per domenica 22 settembre una visita guidata al Parco Storico di Mussoi, il pi\u00f9 grande polmone verde della citt\u00e0 di Belluno, dotato di un\u2019eccezionale quantit\u00e0 e variet\u00e0 di alberi secolari. Il titolo dell\u2019iniziativa &#8220;Attenti a quei giganti&#8221;, luci e ombre nella \u201cselva oscura\u201d \u00e8 [&hellip;]","og_url":"https:\/\/www.bellunopress.it\/fr\/2019\/09\/16\/domenica-mattina-la-visita-al-parco-di-mussoi-con-il-naturalista-anacleto-boranga\/","og_site_name":"Bellunopress - Dolomiti","article_publisher":"https:\/\/www.facebook.com\/profile.php?id=100008943462799","article_published_time":"2019-09-16T14:21:20+00:00","article_modified_time":"2019-09-16T14:21:21+00:00","og_image":[{"url":"http:\/\/www.bellunopress.it\/wp-content\/uploads\/2019\/09\/parco-mussoi.jpg","type":"","width":"","height":""}],"author":"redazione","twitter_card":"summary_large_image","twitter_creator":"@bellunopress","twitter_site":"@bellunopress","twitter_misc":{"\u00c9crit par":"redazione"},"schema":{"@context":"https:\/\/schema.org","@graph":[{"@type":"Article","@id":"https:\/\/www.bellunopress.it\/2019\/09\/16\/domenica-mattina-la-visita-al-parco-di-mussoi-con-il-naturalista-anacleto-boranga\/#article","isPartOf":{"@id":"https:\/\/www.bellunopress.it\/2019\/09\/16\/domenica-mattina-la-visita-al-parco-di-mussoi-con-il-naturalista-anacleto-boranga\/"},"author":{"name":"redazione","@id":"https:\/\/www.bellunopress.it\/#\/schema\/person\/79bb06722b37ece1c03d3e94beb30d73"},"headline":"Domenica mattina la visita al Parco di Mussoi con il naturalista Anacleto Boranga","datePublished":"2019-09-16T14:21:20+00:00","dateModified":"2019-09-16T14:21:21+00:00","mainEntityOfPage":{"@id":"https:\/\/www.bellunopress.it\/2019\/09\/16\/domenica-mattina-la-visita-al-parco-di-mussoi-con-il-naturalista-anacleto-boranga\/"},"wordCount":111,"publisher":{"@id":"https:\/\/www.bellunopress.it\/#organization"},"image":{"@id":"https:\/\/www.bellunopress.it\/2019\/09\/16\/domenica-mattina-la-visita-al-parco-di-mussoi-con-il-naturalista-anacleto-boranga\/#primaryimage"},"thumbnailUrl":"http:\/\/www.bellunopress.it\/wp-content\/uploads\/2019\/09\/parco-mussoi.jpg","articleSection":["Appuntamenti, Eventi","Meteo, natura, ambiente, animali","Pausa Caff\u00e8"],"inLanguage":"fr-FR"},{"@type":"WebPage","@id":"https:\/\/www.bellunopress.it\/2019\/09\/16\/domenica-mattina-la-visita-al-parco-di-mussoi-con-il-naturalista-anacleto-boranga\/","url":"https:\/\/www.bellunopress.it\/2019\/09\/16\/domenica-mattina-la-visita-al-parco-di-mussoi-con-il-naturalista-anacleto-boranga\/","name":"Domenica mattina la visita al Parco di Mussoi con il naturalista Anacleto Boranga - Bellunopress - Dolomiti","isPartOf":{"@id":"https:\/\/www.bellunopress.it\/#website"},"primaryImageOfPage":{"@id":"https:\/\/www.bellunopress.it\/2019\/09\/16\/domenica-mattina-la-visita-al-parco-di-mussoi-con-il-naturalista-anacleto-boranga\/#primaryimage"},"image":{"@id":"https:\/\/www.bellunopress.it\/2019\/09\/16\/domenica-mattina-la-visita-al-parco-di-mussoi-con-il-naturalista-anacleto-boranga\/#primaryimage"},"thumbnailUrl":"http:\/\/www.bellunopress.it\/wp-content\/uploads\/2019\/09\/parco-mussoi.jpg","datePublished":"2019-09-16T14:21:20+00:00","dateModified":"2019-09-16T14:21:21+00:00","breadcrumb":{"@id":"https:\/\/www.bellunopress.it\/2019\/09\/16\/domenica-mattina-la-visita-al-parco-di-mussoi-con-il-naturalista-anacleto-boranga\/#breadcrumb"},"inLanguage":"fr-FR","potentialAction":[{"@type":"ReadAction","target":["https:\/\/www.bellunopress.it\/2019\/09\/16\/domenica-mattina-la-visita-al-parco-di-mussoi-con-il-naturalista-anacleto-boranga\/"]}]},{"@type":"ImageObject","inLanguage":"fr-FR","@id":"https:\/\/www.bellunopress.it\/2019\/09\/16\/domenica-mattina-la-visita-al-parco-di-mussoi-con-il-naturalista-anacleto-boranga\/#primaryimage","url":"http:\/\/www.bellunopress.it\/wp-content\/uploads\/2019\/09\/parco-mussoi.jpg","contentUrl":"http:\/\/www.bellunopress.it\/wp-content\/uploads\/2019\/09\/parco-mussoi.jpg"},{"@type":"BreadcrumbList","@id":"https:\/\/www.bellunopress.it\/2019\/09\/16\/domenica-mattina-la-visita-al-parco-di-mussoi-con-il-naturalista-anacleto-boranga\/#breadcrumb","itemListElement":[{"@type":"ListItem","position":1,"name":"Home","item":"https:\/\/www.bellunopress.it\/"},{"@type":"ListItem","position":2,"name":"Domenica mattina la visita al Parco di Mussoi con il naturalista Anacleto Boranga"}]},{"@type":"WebSite","@id":"https:\/\/www.bellunopress.it\/#website","url":"https:\/\/www.bellunopress.it\/","name":"Bellunopress - Dolomiti","description":"e-mail: redazione@bellunopress.it","publisher":{"@id":"https:\/\/www.bellunopress.it\/#organization"},"potentialAction":[{"@type":"SearchAction","target":{"@type":"EntryPoint","urlTemplate":"https:\/\/www.bellunopress.it\/?s={search_term_string}"},"query-input":{"@type":"PropertyValueSpecification","valueRequired":true,"valueName":"search_term_string"}}],"inLanguage":"fr-FR"},{"@type":"Organization","@id":"https:\/\/www.bellunopress.it\/#organization","name":"Bellunopress","url":"https:\/\/www.bellunopress.it\/","logo":{"@type":"ImageObject","inLanguage":"fr-FR","@id":"https:\/\/www.bellunopress.it\/#\/schema\/logo\/image\/","url":"https:\/\/www.bellunopress.it\/wp-content\/uploads\/2011\/05\/cropped-logo-bellunopress-.jpg","contentUrl":"https:\/\/www.bellunopress.it\/wp-content\/uploads\/2011\/05\/cropped-logo-bellunopress-.jpg","width":512,"height":512,"caption":"Bellunopress"},"image":{"@id":"https:\/\/www.bellunopress.it\/#\/schema\/logo\/image\/"},"sameAs":["https:\/\/www.facebook.com\/profile.php?id=100008943462799","https:\/\/x.com\/bellunopress","https:\/\/www.linkedin.com\/hp\/?dnr=JBzUWaJfMUw8vbXJJ2tVW5-I3jZKvC4wsoxE&amp;amp;amp;amp;amp;amp;trk=nav_responsive_tab_home","https:\/\/www.youtube.com\/channel\/UCxL0wu1uN0_3_7hGG0306cw"]},{"@type":"Person","@id":"https:\/\/www.bellunopress.it\/#\/schema\/person\/79bb06722b37ece1c03d3e94beb30d73","name":"r\u00e9daction","image":{"@type":"ImageObject","inLanguage":"fr-FR","@id":"https:\/\/secure.gravatar.com\/avatar\/37d968a2e67a6fd04c169c4bdef102d0bc5d31b2546345219e348575eb80e9a0?s=96&d=mm&r=g","url":"https:\/\/secure.gravatar.com\/avatar\/37d968a2e67a6fd04c169c4bdef102d0bc5d31b2546345219e348575eb80e9a0?s=96&d=mm&r=g","contentUrl":"https:\/\/secure.gravatar.com\/avatar\/37d968a2e67a6fd04c169c4bdef102d0bc5d31b2546345219e348575eb80e9a0?s=96&d=mm&r=g","caption":"redazione"},"sameAs":["http:\/\/www.bellunopress.it","https:\/\/x.com\/bellunopress"],"url":"https:\/\/www.bellunopress.it\/fr\/author\/redazione\/"}]}},"_links":{"self":[{"href":"https:\/\/www.bellunopress.it\/fr\/wp-json\/wp\/v2\/posts\/107920","targetHints":{"allow":["GET"]}}],"collection":[{"href":"https:\/\/www.bellunopress.it\/fr\/wp-json\/wp\/v2\/posts"}],"about":[{"href":"https:\/\/www.bellunopress.it\/fr\/wp-json\/wp\/v2\/types\/post"}],"author":[{"embeddable":true,"href":"https:\/\/www.bellunopress.it\/fr\/wp-json\/wp\/v2\/users\/2"}],"replies":[{"embeddable":true,"href":"https:\/\/www.bellunopress.it\/fr\/wp-json\/wp\/v2\/comments?post=107920"}],"version-history":[{"count":2,"href":"https:\/\/www.bellunopress.it\/fr\/wp-json\/wp\/v2\/posts\/107920\/revisions"}],"predecessor-version":[{"id":107923,"href":"https:\/\/www.bellunopress.it\/fr\/wp-json\/wp\/v2\/posts\/107920\/revisions\/107923"}],"wp:attachment":[{"href":"https:\/\/www.bellunopress.it\/fr\/wp-json\/wp\/v2\/media?parent=107920"}],"wp:term":[{"taxonomy":"category","embeddable":true,"href":"https:\/\/www.bellunopress.it\/fr\/wp-json\/wp\/v2\/categories?post=107920"},{"taxonomy":"post_tag","embeddable":true,"href":"https:\/\/www.bellunopress.it\/fr\/wp-json\/wp\/v2\/tags?post=107920"}],"curies":[{"name":"wp","href":"https:\/\/api.w.org\/{rel}","templated":true}]}}