{"id":107918,"date":"2019-09-16T16:12:14","date_gmt":"2019-09-16T14:12:14","guid":{"rendered":"http:\/\/www.bellunopress.it\/?p=107918"},"modified":"2019-09-16T16:12:14","modified_gmt":"2019-09-16T14:12:14","slug":"dario-bond-interventi-seri-e-immediati-sullagordina","status":"publish","type":"post","link":"https:\/\/www.bellunopress.it\/fr\/2019\/09\/16\/dario-bond-interventi-seri-e-immediati-sullagordina\/","title":{"rendered":"Dario Bond: &#8220;Interventi seri e immediati sull&#8217;Agordina&#8221;"},"content":{"rendered":"<p><a href=\"http:\/\/www.bellunopress.it\/fr\/2018\/10\/07\/agricoltura-bond-proposta-di-legge-disattesa-dal-governo-per-istituire-il-ministero-del-cibo\/dario-bond-4\/\" rel=\"attachment wp-att-98465\"><img loading=\"lazy\" decoding=\"async\" class=\"alignleft size-full wp-image-98465\" src=\"http:\/\/www.bellunopress.it\/wp-content\/uploads\/2018\/10\/Dario-Bond.jpg\" alt=\"\" width=\"239\" height=\"290\" \/><\/a>\u00abHo visto le fotografie di quello che \u00e8 successo sulla Regionale 203 Agordina. Ho visto l\u2019ennesimo crollo di sassi sulla sede stradale, pericolosissimi. Anche stavolta \u00e8 andata bene, perch\u00e9 non ci sono<br \/>\nstati danni alle persone e alle auto. Per\u00f2 non \u00e8 possibile chiudere gli occhi e lasciare perdere\u00bb.<\/p>\n<p>\u00c8 quanto afferma il deputato di Forza Italia, Dario Bond, a seguito della frana che stamattina ha<br \/>\ninteressato la strada, all\u2019altezza di Peron.<br \/>\n\u00abChiedo una mobilitazione di tutti i sindaci della vallata agordina, verso Veneto Strade\u00bb afferma Dario Bond. \u00abIo vengo per primo a chiedere un intervento immediato sull\u2019asse stradale che collega Agordo a Belluno, compreso il ponte del Cristo, che presenta assi in legno ormai marce. Chiedo un\u2019attenzione importante verso questo collegamento fondamentale per tutta la provincia di Belluno. Non lo chiedo per ordinaria amministrazione: lo chiedo dopo quello che \u00e8 accaduto con la<br \/>\ntempesta Vaia. Lo chiedo anche perch\u00e9 questa strada ha avuto interventi nel passato, ma adesso \u00e8 dimenticata. Una strada in cui si toglie il masso che cade, si fa finta che non accada nulla e avanti<br \/>\ncos\u00ec. I fondi ci sono e vanno allocati specificatamente\u00bb.<br \/>\n\u00abQuella agordina \u00e8 una comunit\u00e0 vitale, con un\u2019azienda estremamente importante per l\u2019economia provinciale; senza contare il traffico turistico\u00bb prosegue il deputato di Forza Italia. \u00abSe passa voce che la Regionale 203 non \u00e8 sicura, allontaniamo i turisti e le attivit\u00e0 produttive. Non \u00e8 possibile. Con Veneto Strade, fin quando non vedo i cantieri, non moller\u00f2 la presa\u00bb.<\/p>","protected":false},"excerpt":{"rendered":"<p>\u00abHo visto le fotografie di quello che \u00e8 successo sulla Regionale 203 Agordina. Ho visto l\u2019ennesimo crollo di sassi sulla sede stradale, pericolosissimi. Anche stavolta \u00e8 andata bene, perch\u00e9 non ci sono stati danni alle persone e alle auto. Per\u00f2 non \u00e8 possibile chiudere gli occhi e lasciare perdere\u00bb. \u00c8 quanto afferma il deputato di [&hellip;]<\/p>\n","protected":false},"author":2,"featured_media":0,"comment_status":"closed","ping_status":"open","sticky":false,"template":"","format":"standard","meta":{"footnotes":""},"categories":[5,26],"tags":[],"class_list":["post-107918","post","type-post","status-publish","format-standard","category-cronaca","category-prima-pagina"],"yoast_head":"<!-- This site is optimized with the Yoast SEO plugin v28.4 - https:\/\/yoast.com\/product\/yoast-seo-wordpress\/ -->\n<title>Dario Bond: &quot;Interventi seri e immediati sull&#039;Agordina&quot; - Bellunopress - Dolomiti<\/title>\n<meta name=\"robots\" content=\"index, follow, max-snippet:-1, max-image-preview:large, max-video-preview:-1\" \/>\n<link rel=\"canonical\" href=\"https:\/\/www.bellunopress.it\/fr\/2019\/09\/16\/dario-bond-interventi-seri-e-immediati-sullagordina\/\" \/>\n<meta property=\"og:locale\" content=\"fr_FR\" \/>\n<meta property=\"og:type\" content=\"article\" \/>\n<meta property=\"og:title\" content=\"Dario Bond: &quot;Interventi seri e immediati sull&#039;Agordina&quot; - Bellunopress - Dolomiti\" \/>\n<meta property=\"og:description\" content=\"\u00abHo visto le fotografie di quello che \u00e8 successo sulla Regionale 203 Agordina. Ho visto l\u2019ennesimo crollo di sassi sulla sede stradale, pericolosissimi. Anche stavolta \u00e8 andata bene, perch\u00e9 non ci sono stati danni alle persone e alle auto. Per\u00f2 non \u00e8 possibile chiudere gli occhi e lasciare perdere\u00bb. \u00c8 quanto afferma il deputato di [&hellip;]\" \/>\n<meta property=\"og:url\" content=\"https:\/\/www.bellunopress.it\/fr\/2019\/09\/16\/dario-bond-interventi-seri-e-immediati-sullagordina\/\" \/>\n<meta property=\"og:site_name\" content=\"Bellunopress - Dolomiti\" \/>\n<meta property=\"article:publisher\" content=\"https:\/\/www.facebook.com\/profile.php?id=100008943462799\" \/>\n<meta property=\"article:published_time\" content=\"2019-09-16T14:12:14+00:00\" \/>\n<meta property=\"og:image\" content=\"http:\/\/www.bellunopress.it\/wp-content\/uploads\/2018\/10\/Dario-Bond.jpg\" \/>\n<meta name=\"author\" content=\"redazione\" \/>\n<meta name=\"twitter:card\" content=\"summary_large_image\" \/>\n<meta name=\"twitter:creator\" content=\"@bellunopress\" \/>\n<meta name=\"twitter:site\" content=\"@bellunopress\" \/>\n<meta name=\"twitter:label1\" content=\"\u00c9crit par\" \/>\n\t<meta name=\"twitter:data1\" content=\"redazione\" \/>\n\t<meta name=\"twitter:label2\" content=\"Dur\u00e9e de lecture estim\u00e9e\" \/>\n\t<meta name=\"twitter:data2\" content=\"1 minute\" \/>\n<script type=\"application\/ld+json\" class=\"yoast-schema-graph\">{\"@context\":\"https:\\\/\\\/schema.org\",\"@graph\":[{\"@type\":\"Article\",\"@id\":\"https:\\\/\\\/www.bellunopress.it\\\/2019\\\/09\\\/16\\\/dario-bond-interventi-seri-e-immediati-sullagordina\\\/#article\",\"isPartOf\":{\"@id\":\"https:\\\/\\\/www.bellunopress.it\\\/2019\\\/09\\\/16\\\/dario-bond-interventi-seri-e-immediati-sullagordina\\\/\"},\"author\":{\"name\":\"redazione\",\"@id\":\"https:\\\/\\\/www.bellunopress.it\\\/#\\\/schema\\\/person\\\/79bb06722b37ece1c03d3e94beb30d73\"},\"headline\":\"Dario Bond: &#8220;Interventi seri e immediati sull&#8217;Agordina&#8221;\",\"datePublished\":\"2019-09-16T14:12:14+00:00\",\"mainEntityOfPage\":{\"@id\":\"https:\\\/\\\/www.bellunopress.it\\\/2019\\\/09\\\/16\\\/dario-bond-interventi-seri-e-immediati-sullagordina\\\/\"},\"wordCount\":249,\"publisher\":{\"@id\":\"https:\\\/\\\/www.bellunopress.it\\\/#organization\"},\"image\":{\"@id\":\"https:\\\/\\\/www.bellunopress.it\\\/2019\\\/09\\\/16\\\/dario-bond-interventi-seri-e-immediati-sullagordina\\\/#primaryimage\"},\"thumbnailUrl\":\"http:\\\/\\\/www.bellunopress.it\\\/wp-content\\\/uploads\\\/2018\\\/10\\\/Dario-Bond.jpg\",\"articleSection\":[\"Cronaca\\\/Politica\",\"Prima Pagina\"],\"inLanguage\":\"fr-FR\"},{\"@type\":\"WebPage\",\"@id\":\"https:\\\/\\\/www.bellunopress.it\\\/2019\\\/09\\\/16\\\/dario-bond-interventi-seri-e-immediati-sullagordina\\\/\",\"url\":\"https:\\\/\\\/www.bellunopress.it\\\/2019\\\/09\\\/16\\\/dario-bond-interventi-seri-e-immediati-sullagordina\\\/\",\"name\":\"Dario Bond: \\\"Interventi seri e immediati sull'Agordina\\\" - Bellunopress - Dolomiti\",\"isPartOf\":{\"@id\":\"https:\\\/\\\/www.bellunopress.it\\\/#website\"},\"primaryImageOfPage\":{\"@id\":\"https:\\\/\\\/www.bellunopress.it\\\/2019\\\/09\\\/16\\\/dario-bond-interventi-seri-e-immediati-sullagordina\\\/#primaryimage\"},\"image\":{\"@id\":\"https:\\\/\\\/www.bellunopress.it\\\/2019\\\/09\\\/16\\\/dario-bond-interventi-seri-e-immediati-sullagordina\\\/#primaryimage\"},\"thumbnailUrl\":\"http:\\\/\\\/www.bellunopress.it\\\/wp-content\\\/uploads\\\/2018\\\/10\\\/Dario-Bond.jpg\",\"datePublished\":\"2019-09-16T14:12:14+00:00\",\"breadcrumb\":{\"@id\":\"https:\\\/\\\/www.bellunopress.it\\\/2019\\\/09\\\/16\\\/dario-bond-interventi-seri-e-immediati-sullagordina\\\/#breadcrumb\"},\"inLanguage\":\"fr-FR\",\"potentialAction\":[{\"@type\":\"ReadAction\",\"target\":[\"https:\\\/\\\/www.bellunopress.it\\\/2019\\\/09\\\/16\\\/dario-bond-interventi-seri-e-immediati-sullagordina\\\/\"]}]},{\"@type\":\"ImageObject\",\"inLanguage\":\"fr-FR\",\"@id\":\"https:\\\/\\\/www.bellunopress.it\\\/2019\\\/09\\\/16\\\/dario-bond-interventi-seri-e-immediati-sullagordina\\\/#primaryimage\",\"url\":\"http:\\\/\\\/www.bellunopress.it\\\/wp-content\\\/uploads\\\/2018\\\/10\\\/Dario-Bond.jpg\",\"contentUrl\":\"http:\\\/\\\/www.bellunopress.it\\\/wp-content\\\/uploads\\\/2018\\\/10\\\/Dario-Bond.jpg\"},{\"@type\":\"BreadcrumbList\",\"@id\":\"https:\\\/\\\/www.bellunopress.it\\\/2019\\\/09\\\/16\\\/dario-bond-interventi-seri-e-immediati-sullagordina\\\/#breadcrumb\",\"itemListElement\":[{\"@type\":\"ListItem\",\"position\":1,\"name\":\"Home\",\"item\":\"https:\\\/\\\/www.bellunopress.it\\\/\"},{\"@type\":\"ListItem\",\"position\":2,\"name\":\"Dario Bond: &#8220;Interventi seri e immediati sull&#8217;Agordina&#8221;\"}]},{\"@type\":\"WebSite\",\"@id\":\"https:\\\/\\\/www.bellunopress.it\\\/#website\",\"url\":\"https:\\\/\\\/www.bellunopress.it\\\/\",\"name\":\"Bellunopress - Dolomiti\",\"description\":\"e-mail: redazione@bellunopress.it\",\"publisher\":{\"@id\":\"https:\\\/\\\/www.bellunopress.it\\\/#organization\"},\"potentialAction\":[{\"@type\":\"SearchAction\",\"target\":{\"@type\":\"EntryPoint\",\"urlTemplate\":\"https:\\\/\\\/www.bellunopress.it\\\/?s={search_term_string}\"},\"query-input\":{\"@type\":\"PropertyValueSpecification\",\"valueRequired\":true,\"valueName\":\"search_term_string\"}}],\"inLanguage\":\"fr-FR\"},{\"@type\":\"Organization\",\"@id\":\"https:\\\/\\\/www.bellunopress.it\\\/#organization\",\"name\":\"Bellunopress\",\"url\":\"https:\\\/\\\/www.bellunopress.it\\\/\",\"logo\":{\"@type\":\"ImageObject\",\"inLanguage\":\"fr-FR\",\"@id\":\"https:\\\/\\\/www.bellunopress.it\\\/#\\\/schema\\\/logo\\\/image\\\/\",\"url\":\"https:\\\/\\\/www.bellunopress.it\\\/wp-content\\\/uploads\\\/2011\\\/05\\\/cropped-logo-bellunopress-.jpg\",\"contentUrl\":\"https:\\\/\\\/www.bellunopress.it\\\/wp-content\\\/uploads\\\/2011\\\/05\\\/cropped-logo-bellunopress-.jpg\",\"width\":512,\"height\":512,\"caption\":\"Bellunopress\"},\"image\":{\"@id\":\"https:\\\/\\\/www.bellunopress.it\\\/#\\\/schema\\\/logo\\\/image\\\/\"},\"sameAs\":[\"https:\\\/\\\/www.facebook.com\\\/profile.php?id=100008943462799\",\"https:\\\/\\\/x.com\\\/bellunopress\",\"https:\\\/\\\/www.linkedin.com\\\/hp\\\/?dnr=JBzUWaJfMUw8vbXJJ2tVW5-I3jZKvC4wsoxE&amp;amp;amp;amp;amp;amp;trk=nav_responsive_tab_home\",\"https:\\\/\\\/www.youtube.com\\\/channel\\\/UCxL0wu1uN0_3_7hGG0306cw\"]},{\"@type\":\"Person\",\"@id\":\"https:\\\/\\\/www.bellunopress.it\\\/#\\\/schema\\\/person\\\/79bb06722b37ece1c03d3e94beb30d73\",\"name\":\"redazione\",\"image\":{\"@type\":\"ImageObject\",\"inLanguage\":\"fr-FR\",\"@id\":\"https:\\\/\\\/secure.gravatar.com\\\/avatar\\\/37d968a2e67a6fd04c169c4bdef102d0bc5d31b2546345219e348575eb80e9a0?s=96&d=mm&r=g\",\"url\":\"https:\\\/\\\/secure.gravatar.com\\\/avatar\\\/37d968a2e67a6fd04c169c4bdef102d0bc5d31b2546345219e348575eb80e9a0?s=96&d=mm&r=g\",\"contentUrl\":\"https:\\\/\\\/secure.gravatar.com\\\/avatar\\\/37d968a2e67a6fd04c169c4bdef102d0bc5d31b2546345219e348575eb80e9a0?s=96&d=mm&r=g\",\"caption\":\"redazione\"},\"sameAs\":[\"http:\\\/\\\/www.bellunopress.it\",\"https:\\\/\\\/x.com\\\/bellunopress\"],\"url\":\"https:\\\/\\\/www.bellunopress.it\\\/fr\\\/author\\\/redazione\\\/\"}]}<\/script>\n<!-- \/ Yoast SEO plugin. -->","yoast_head_json":{"title":"Dario Bond: \"Interventi seri e immediati sull'Agordina\" - Bellunopress - Dolomiti","robots":{"index":"index","follow":"follow","max-snippet":"max-snippet:-1","max-image-preview":"max-image-preview:large","max-video-preview":"max-video-preview:-1"},"canonical":"https:\/\/www.bellunopress.it\/fr\/2019\/09\/16\/dario-bond-interventi-seri-e-immediati-sullagordina\/","og_locale":"fr_FR","og_type":"article","og_title":"Dario Bond: \"Interventi seri e immediati sull'Agordina\" - Bellunopress - Dolomiti","og_description":"\u00abHo visto le fotografie di quello che \u00e8 successo sulla Regionale 203 Agordina. Ho visto l\u2019ennesimo crollo di sassi sulla sede stradale, pericolosissimi. Anche stavolta \u00e8 andata bene, perch\u00e9 non ci sono stati danni alle persone e alle auto. Per\u00f2 non \u00e8 possibile chiudere gli occhi e lasciare perdere\u00bb. \u00c8 quanto afferma il deputato di [&hellip;]","og_url":"https:\/\/www.bellunopress.it\/fr\/2019\/09\/16\/dario-bond-interventi-seri-e-immediati-sullagordina\/","og_site_name":"Bellunopress - Dolomiti","article_publisher":"https:\/\/www.facebook.com\/profile.php?id=100008943462799","article_published_time":"2019-09-16T14:12:14+00:00","og_image":[{"url":"http:\/\/www.bellunopress.it\/wp-content\/uploads\/2018\/10\/Dario-Bond.jpg","type":"","width":"","height":""}],"author":"redazione","twitter_card":"summary_large_image","twitter_creator":"@bellunopress","twitter_site":"@bellunopress","twitter_misc":{"\u00c9crit par":"redazione","Dur\u00e9e de lecture estim\u00e9e":"1 minute"},"schema":{"@context":"https:\/\/schema.org","@graph":[{"@type":"Article","@id":"https:\/\/www.bellunopress.it\/2019\/09\/16\/dario-bond-interventi-seri-e-immediati-sullagordina\/#article","isPartOf":{"@id":"https:\/\/www.bellunopress.it\/2019\/09\/16\/dario-bond-interventi-seri-e-immediati-sullagordina\/"},"author":{"name":"redazione","@id":"https:\/\/www.bellunopress.it\/#\/schema\/person\/79bb06722b37ece1c03d3e94beb30d73"},"headline":"Dario Bond: &#8220;Interventi seri e immediati sull&#8217;Agordina&#8221;","datePublished":"2019-09-16T14:12:14+00:00","mainEntityOfPage":{"@id":"https:\/\/www.bellunopress.it\/2019\/09\/16\/dario-bond-interventi-seri-e-immediati-sullagordina\/"},"wordCount":249,"publisher":{"@id":"https:\/\/www.bellunopress.it\/#organization"},"image":{"@id":"https:\/\/www.bellunopress.it\/2019\/09\/16\/dario-bond-interventi-seri-e-immediati-sullagordina\/#primaryimage"},"thumbnailUrl":"http:\/\/www.bellunopress.it\/wp-content\/uploads\/2018\/10\/Dario-Bond.jpg","articleSection":["Cronaca\/Politica","Prima Pagina"],"inLanguage":"fr-FR"},{"@type":"WebPage","@id":"https:\/\/www.bellunopress.it\/2019\/09\/16\/dario-bond-interventi-seri-e-immediati-sullagordina\/","url":"https:\/\/www.bellunopress.it\/2019\/09\/16\/dario-bond-interventi-seri-e-immediati-sullagordina\/","name":"Dario Bond: \"Interventi seri e immediati sull'Agordina\" - Bellunopress - Dolomiti","isPartOf":{"@id":"https:\/\/www.bellunopress.it\/#website"},"primaryImageOfPage":{"@id":"https:\/\/www.bellunopress.it\/2019\/09\/16\/dario-bond-interventi-seri-e-immediati-sullagordina\/#primaryimage"},"image":{"@id":"https:\/\/www.bellunopress.it\/2019\/09\/16\/dario-bond-interventi-seri-e-immediati-sullagordina\/#primaryimage"},"thumbnailUrl":"http:\/\/www.bellunopress.it\/wp-content\/uploads\/2018\/10\/Dario-Bond.jpg","datePublished":"2019-09-16T14:12:14+00:00","breadcrumb":{"@id":"https:\/\/www.bellunopress.it\/2019\/09\/16\/dario-bond-interventi-seri-e-immediati-sullagordina\/#breadcrumb"},"inLanguage":"fr-FR","potentialAction":[{"@type":"ReadAction","target":["https:\/\/www.bellunopress.it\/2019\/09\/16\/dario-bond-interventi-seri-e-immediati-sullagordina\/"]}]},{"@type":"ImageObject","inLanguage":"fr-FR","@id":"https:\/\/www.bellunopress.it\/2019\/09\/16\/dario-bond-interventi-seri-e-immediati-sullagordina\/#primaryimage","url":"http:\/\/www.bellunopress.it\/wp-content\/uploads\/2018\/10\/Dario-Bond.jpg","contentUrl":"http:\/\/www.bellunopress.it\/wp-content\/uploads\/2018\/10\/Dario-Bond.jpg"},{"@type":"BreadcrumbList","@id":"https:\/\/www.bellunopress.it\/2019\/09\/16\/dario-bond-interventi-seri-e-immediati-sullagordina\/#breadcrumb","itemListElement":[{"@type":"ListItem","position":1,"name":"Home","item":"https:\/\/www.bellunopress.it\/"},{"@type":"ListItem","position":2,"name":"Dario Bond: &#8220;Interventi seri e immediati sull&#8217;Agordina&#8221;"}]},{"@type":"WebSite","@id":"https:\/\/www.bellunopress.it\/#website","url":"https:\/\/www.bellunopress.it\/","name":"Bellunopress - Dolomiti","description":"e-mail: redazione@bellunopress.it","publisher":{"@id":"https:\/\/www.bellunopress.it\/#organization"},"potentialAction":[{"@type":"SearchAction","target":{"@type":"EntryPoint","urlTemplate":"https:\/\/www.bellunopress.it\/?s={search_term_string}"},"query-input":{"@type":"PropertyValueSpecification","valueRequired":true,"valueName":"search_term_string"}}],"inLanguage":"fr-FR"},{"@type":"Organization","@id":"https:\/\/www.bellunopress.it\/#organization","name":"Bellunopress","url":"https:\/\/www.bellunopress.it\/","logo":{"@type":"ImageObject","inLanguage":"fr-FR","@id":"https:\/\/www.bellunopress.it\/#\/schema\/logo\/image\/","url":"https:\/\/www.bellunopress.it\/wp-content\/uploads\/2011\/05\/cropped-logo-bellunopress-.jpg","contentUrl":"https:\/\/www.bellunopress.it\/wp-content\/uploads\/2011\/05\/cropped-logo-bellunopress-.jpg","width":512,"height":512,"caption":"Bellunopress"},"image":{"@id":"https:\/\/www.bellunopress.it\/#\/schema\/logo\/image\/"},"sameAs":["https:\/\/www.facebook.com\/profile.php?id=100008943462799","https:\/\/x.com\/bellunopress","https:\/\/www.linkedin.com\/hp\/?dnr=JBzUWaJfMUw8vbXJJ2tVW5-I3jZKvC4wsoxE&amp;amp;amp;amp;amp;amp;trk=nav_responsive_tab_home","https:\/\/www.youtube.com\/channel\/UCxL0wu1uN0_3_7hGG0306cw"]},{"@type":"Person","@id":"https:\/\/www.bellunopress.it\/#\/schema\/person\/79bb06722b37ece1c03d3e94beb30d73","name":"r\u00e9daction","image":{"@type":"ImageObject","inLanguage":"fr-FR","@id":"https:\/\/secure.gravatar.com\/avatar\/37d968a2e67a6fd04c169c4bdef102d0bc5d31b2546345219e348575eb80e9a0?s=96&d=mm&r=g","url":"https:\/\/secure.gravatar.com\/avatar\/37d968a2e67a6fd04c169c4bdef102d0bc5d31b2546345219e348575eb80e9a0?s=96&d=mm&r=g","contentUrl":"https:\/\/secure.gravatar.com\/avatar\/37d968a2e67a6fd04c169c4bdef102d0bc5d31b2546345219e348575eb80e9a0?s=96&d=mm&r=g","caption":"redazione"},"sameAs":["http:\/\/www.bellunopress.it","https:\/\/x.com\/bellunopress"],"url":"https:\/\/www.bellunopress.it\/fr\/author\/redazione\/"}]}},"_links":{"self":[{"href":"https:\/\/www.bellunopress.it\/fr\/wp-json\/wp\/v2\/posts\/107918","targetHints":{"allow":["GET"]}}],"collection":[{"href":"https:\/\/www.bellunopress.it\/fr\/wp-json\/wp\/v2\/posts"}],"about":[{"href":"https:\/\/www.bellunopress.it\/fr\/wp-json\/wp\/v2\/types\/post"}],"author":[{"embeddable":true,"href":"https:\/\/www.bellunopress.it\/fr\/wp-json\/wp\/v2\/users\/2"}],"replies":[{"embeddable":true,"href":"https:\/\/www.bellunopress.it\/fr\/wp-json\/wp\/v2\/comments?post=107918"}],"version-history":[{"count":1,"href":"https:\/\/www.bellunopress.it\/fr\/wp-json\/wp\/v2\/posts\/107918\/revisions"}],"predecessor-version":[{"id":107919,"href":"https:\/\/www.bellunopress.it\/fr\/wp-json\/wp\/v2\/posts\/107918\/revisions\/107919"}],"wp:attachment":[{"href":"https:\/\/www.bellunopress.it\/fr\/wp-json\/wp\/v2\/media?parent=107918"}],"wp:term":[{"taxonomy":"category","embeddable":true,"href":"https:\/\/www.bellunopress.it\/fr\/wp-json\/wp\/v2\/categories?post=107918"},{"taxonomy":"post_tag","embeddable":true,"href":"https:\/\/www.bellunopress.it\/fr\/wp-json\/wp\/v2\/tags?post=107918"}],"curies":[{"name":"wp","href":"https:\/\/api.w.org\/{rel}","templated":true}]}}