{"id":107910,"date":"2019-09-16T15:22:36","date_gmt":"2019-09-16T13:22:36","guid":{"rendered":"http:\/\/www.bellunopress.it\/?p=107910"},"modified":"2019-09-16T15:22:37","modified_gmt":"2019-09-16T13:22:37","slug":"la-grande-pedalata-della-valbelluna-domenica-22-settembre-con-partenza-alle-8-30-dal-piazzale-della-stazione-di-belluno","status":"publish","type":"post","link":"https:\/\/www.bellunopress.it\/fr\/2019\/09\/16\/la-grande-pedalata-della-valbelluna-domenica-22-settembre-con-partenza-alle-8-30-dal-piazzale-della-stazione-di-belluno\/","title":{"rendered":"La Grande pedalata della Valbelluna. Domenica 22 settembre con partenza alle 8.30 dal piazzale della Stazione di Belluno"},"content":{"rendered":"<p>Oggi inizia la Settimana Europea della Mobilit\u00e0. FIAB Belluno e FIAB Feltreinbici, assieme a tante altre associazioni ed istituzioni, festeggiano domenica prossima, 22 settembre con La grande pedalata della Valbelluna.\u00a0 Una pedalata in allegra compagnia per conoscere e promuovere il nostro territorio e il bellissimo percorso ciclabile Belluno-Feltre, l&#8217;anello della Val Belluna.<\/p>\n<p><a href=\"http:\/\/www.bellunopress.it\/fr\/2019\/09\/16\/la-grande-pedalata-della-valbelluna-domenica-22-settembre-con-partenza-alle-8-30-dal-piazzale-della-stazione-di-belluno\/fiab-federazione-italiana-ambiente-e-bicicletta\/\" rel=\"attachment wp-att-107911\"><img loading=\"lazy\" decoding=\"async\" class=\"alignleft size-full wp-image-107911\" src=\"http:\/\/www.bellunopress.it\/wp-content\/uploads\/2019\/09\/Fiab-federazione-italiana-ambiente-e-bicicletta.jpg\" alt=\"\" width=\"300\" height=\"256\" \/><\/a>Anche quest&#8217;anno \u00e8 previsto il rientro a Belluno in pullman e treno fino ad esaurimento posti: 50 posti in pullman e 60 posti in treno, e chi ha voglia di pedalare si godr\u00e0 il giro completo di 80 km:<\/p>\n<p>andata Belluno &#8211; Feltre per la destra Piave, con sosta rinfresco a Santa Giustina &#8211; grazie al Comune di Santa Giustina &#8211; e Pasta Party a Feltre &#8211; in collaborazione con l&#8217;ENAIP &#8211;<\/p>\n<p>ritorno a Belluno per la ciclabile della sinistra Piave &#8211; con sosta rinfresco a Mel, grazie a &#8220;Mele a Mel&#8221; &#8211; e rinfresco finale al Centro Piero Rossi in Piazza Piloni, grazie al Comune di Belluno.<\/p>\n<p>Iscrizione gratuita on line <a href=\"https:\/\/www.bellunoinbici.it\/bs_preno_scelta.asp?id_evento=15&amp;pass=OK\">www.bellunoinbici.it<\/a><\/p>","protected":false},"excerpt":{"rendered":"<p>Oggi inizia la Settimana Europea della Mobilit\u00e0. FIAB Belluno e FIAB Feltreinbici, assieme a tante altre associazioni ed istituzioni, festeggiano domenica prossima, 22 settembre con La grande pedalata della Valbelluna.\u00a0 Una pedalata in allegra compagnia per conoscere e promuovere il nostro territorio e il bellissimo percorso ciclabile Belluno-Feltre, l&#8217;anello della Val Belluna. Anche quest&#8217;anno \u00e8 [&hellip;]<\/p>\n","protected":false},"author":2,"featured_media":0,"comment_status":"closed","ping_status":"open","sticky":false,"template":"","format":"standard","meta":{"footnotes":""},"categories":[27,25,4],"tags":[],"class_list":["post-107910","post","type-post","status-publish","format-standard","category-appuntamenti","category-pausa-caffe","category-sport"],"yoast_head":"<!-- This site is optimized with the Yoast SEO plugin v28.4 - https:\/\/yoast.com\/product\/yoast-seo-wordpress\/ -->\n<title>La Grande pedalata della Valbelluna. Domenica 22 settembre con partenza alle 8.30 dal piazzale della Stazione di Belluno - Bellunopress - Dolomiti<\/title>\n<meta name=\"robots\" content=\"index, follow, max-snippet:-1, max-image-preview:large, max-video-preview:-1\" \/>\n<link rel=\"canonical\" href=\"https:\/\/www.bellunopress.it\/fr\/2019\/09\/16\/la-grande-pedalata-della-valbelluna-domenica-22-settembre-con-partenza-alle-8-30-dal-piazzale-della-stazione-di-belluno\/\" \/>\n<meta property=\"og:locale\" content=\"fr_FR\" \/>\n<meta property=\"og:type\" content=\"article\" \/>\n<meta property=\"og:title\" content=\"La Grande pedalata della Valbelluna. Domenica 22 settembre con partenza alle 8.30 dal piazzale della Stazione di Belluno - Bellunopress - Dolomiti\" \/>\n<meta property=\"og:description\" content=\"Oggi inizia la Settimana Europea della Mobilit\u00e0. FIAB Belluno e FIAB Feltreinbici, assieme a tante altre associazioni ed istituzioni, festeggiano domenica prossima, 22 settembre con La grande pedalata della Valbelluna.\u00a0 Una pedalata in allegra compagnia per conoscere e promuovere il nostro territorio e il bellissimo percorso ciclabile Belluno-Feltre, l&#8217;anello della Val Belluna. Anche quest&#8217;anno \u00e8 [&hellip;]\" \/>\n<meta property=\"og:url\" content=\"https:\/\/www.bellunopress.it\/fr\/2019\/09\/16\/la-grande-pedalata-della-valbelluna-domenica-22-settembre-con-partenza-alle-8-30-dal-piazzale-della-stazione-di-belluno\/\" \/>\n<meta property=\"og:site_name\" content=\"Bellunopress - Dolomiti\" \/>\n<meta property=\"article:publisher\" content=\"https:\/\/www.facebook.com\/profile.php?id=100008943462799\" \/>\n<meta property=\"article:published_time\" content=\"2019-09-16T13:22:36+00:00\" \/>\n<meta property=\"article:modified_time\" content=\"2019-09-16T13:22:37+00:00\" \/>\n<meta property=\"og:image\" content=\"http:\/\/www.bellunopress.it\/wp-content\/uploads\/2019\/09\/Fiab-federazione-italiana-ambiente-e-bicicletta.jpg\" \/>\n<meta name=\"author\" content=\"redazione\" \/>\n<meta name=\"twitter:card\" content=\"summary_large_image\" \/>\n<meta name=\"twitter:creator\" content=\"@bellunopress\" \/>\n<meta name=\"twitter:site\" content=\"@bellunopress\" \/>\n<meta name=\"twitter:label1\" content=\"\u00c9crit par\" \/>\n\t<meta name=\"twitter:data1\" content=\"redazione\" \/>\n\t<meta name=\"twitter:label2\" content=\"Dur\u00e9e de lecture estim\u00e9e\" \/>\n\t<meta name=\"twitter:data2\" content=\"1 minute\" \/>\n<script type=\"application\/ld+json\" class=\"yoast-schema-graph\">{\"@context\":\"https:\\\/\\\/schema.org\",\"@graph\":[{\"@type\":\"Article\",\"@id\":\"https:\\\/\\\/www.bellunopress.it\\\/2019\\\/09\\\/16\\\/la-grande-pedalata-della-valbelluna-domenica-22-settembre-con-partenza-alle-8-30-dal-piazzale-della-stazione-di-belluno\\\/#article\",\"isPartOf\":{\"@id\":\"https:\\\/\\\/www.bellunopress.it\\\/2019\\\/09\\\/16\\\/la-grande-pedalata-della-valbelluna-domenica-22-settembre-con-partenza-alle-8-30-dal-piazzale-della-stazione-di-belluno\\\/\"},\"author\":{\"name\":\"redazione\",\"@id\":\"https:\\\/\\\/www.bellunopress.it\\\/#\\\/schema\\\/person\\\/79bb06722b37ece1c03d3e94beb30d73\"},\"headline\":\"La Grande pedalata della Valbelluna. Domenica 22 settembre con partenza alle 8.30 dal piazzale della Stazione di Belluno\",\"datePublished\":\"2019-09-16T13:22:36+00:00\",\"dateModified\":\"2019-09-16T13:22:37+00:00\",\"mainEntityOfPage\":{\"@id\":\"https:\\\/\\\/www.bellunopress.it\\\/2019\\\/09\\\/16\\\/la-grande-pedalata-della-valbelluna-domenica-22-settembre-con-partenza-alle-8-30-dal-piazzale-della-stazione-di-belluno\\\/\"},\"wordCount\":181,\"publisher\":{\"@id\":\"https:\\\/\\\/www.bellunopress.it\\\/#organization\"},\"image\":{\"@id\":\"https:\\\/\\\/www.bellunopress.it\\\/2019\\\/09\\\/16\\\/la-grande-pedalata-della-valbelluna-domenica-22-settembre-con-partenza-alle-8-30-dal-piazzale-della-stazione-di-belluno\\\/#primaryimage\"},\"thumbnailUrl\":\"http:\\\/\\\/www.bellunopress.it\\\/wp-content\\\/uploads\\\/2019\\\/09\\\/Fiab-federazione-italiana-ambiente-e-bicicletta.jpg\",\"articleSection\":[\"Appuntamenti, Eventi\",\"Pausa Caff\u00e8\",\"Sport, tempo libero\"],\"inLanguage\":\"fr-FR\"},{\"@type\":\"WebPage\",\"@id\":\"https:\\\/\\\/www.bellunopress.it\\\/2019\\\/09\\\/16\\\/la-grande-pedalata-della-valbelluna-domenica-22-settembre-con-partenza-alle-8-30-dal-piazzale-della-stazione-di-belluno\\\/\",\"url\":\"https:\\\/\\\/www.bellunopress.it\\\/2019\\\/09\\\/16\\\/la-grande-pedalata-della-valbelluna-domenica-22-settembre-con-partenza-alle-8-30-dal-piazzale-della-stazione-di-belluno\\\/\",\"name\":\"La Grande pedalata della Valbelluna. Domenica 22 settembre con partenza alle 8.30 dal piazzale della Stazione di Belluno - Bellunopress - Dolomiti\",\"isPartOf\":{\"@id\":\"https:\\\/\\\/www.bellunopress.it\\\/#website\"},\"primaryImageOfPage\":{\"@id\":\"https:\\\/\\\/www.bellunopress.it\\\/2019\\\/09\\\/16\\\/la-grande-pedalata-della-valbelluna-domenica-22-settembre-con-partenza-alle-8-30-dal-piazzale-della-stazione-di-belluno\\\/#primaryimage\"},\"image\":{\"@id\":\"https:\\\/\\\/www.bellunopress.it\\\/2019\\\/09\\\/16\\\/la-grande-pedalata-della-valbelluna-domenica-22-settembre-con-partenza-alle-8-30-dal-piazzale-della-stazione-di-belluno\\\/#primaryimage\"},\"thumbnailUrl\":\"http:\\\/\\\/www.bellunopress.it\\\/wp-content\\\/uploads\\\/2019\\\/09\\\/Fiab-federazione-italiana-ambiente-e-bicicletta.jpg\",\"datePublished\":\"2019-09-16T13:22:36+00:00\",\"dateModified\":\"2019-09-16T13:22:37+00:00\",\"breadcrumb\":{\"@id\":\"https:\\\/\\\/www.bellunopress.it\\\/2019\\\/09\\\/16\\\/la-grande-pedalata-della-valbelluna-domenica-22-settembre-con-partenza-alle-8-30-dal-piazzale-della-stazione-di-belluno\\\/#breadcrumb\"},\"inLanguage\":\"fr-FR\",\"potentialAction\":[{\"@type\":\"ReadAction\",\"target\":[\"https:\\\/\\\/www.bellunopress.it\\\/2019\\\/09\\\/16\\\/la-grande-pedalata-della-valbelluna-domenica-22-settembre-con-partenza-alle-8-30-dal-piazzale-della-stazione-di-belluno\\\/\"]}]},{\"@type\":\"ImageObject\",\"inLanguage\":\"fr-FR\",\"@id\":\"https:\\\/\\\/www.bellunopress.it\\\/2019\\\/09\\\/16\\\/la-grande-pedalata-della-valbelluna-domenica-22-settembre-con-partenza-alle-8-30-dal-piazzale-della-stazione-di-belluno\\\/#primaryimage\",\"url\":\"http:\\\/\\\/www.bellunopress.it\\\/wp-content\\\/uploads\\\/2019\\\/09\\\/Fiab-federazione-italiana-ambiente-e-bicicletta.jpg\",\"contentUrl\":\"http:\\\/\\\/www.bellunopress.it\\\/wp-content\\\/uploads\\\/2019\\\/09\\\/Fiab-federazione-italiana-ambiente-e-bicicletta.jpg\"},{\"@type\":\"BreadcrumbList\",\"@id\":\"https:\\\/\\\/www.bellunopress.it\\\/2019\\\/09\\\/16\\\/la-grande-pedalata-della-valbelluna-domenica-22-settembre-con-partenza-alle-8-30-dal-piazzale-della-stazione-di-belluno\\\/#breadcrumb\",\"itemListElement\":[{\"@type\":\"ListItem\",\"position\":1,\"name\":\"Home\",\"item\":\"https:\\\/\\\/www.bellunopress.it\\\/\"},{\"@type\":\"ListItem\",\"position\":2,\"name\":\"La Grande pedalata della Valbelluna. Domenica 22 settembre con partenza alle 8.30 dal piazzale della Stazione di Belluno\"}]},{\"@type\":\"WebSite\",\"@id\":\"https:\\\/\\\/www.bellunopress.it\\\/#website\",\"url\":\"https:\\\/\\\/www.bellunopress.it\\\/\",\"name\":\"Bellunopress - Dolomiti\",\"description\":\"e-mail: redazione@bellunopress.it\",\"publisher\":{\"@id\":\"https:\\\/\\\/www.bellunopress.it\\\/#organization\"},\"potentialAction\":[{\"@type\":\"SearchAction\",\"target\":{\"@type\":\"EntryPoint\",\"urlTemplate\":\"https:\\\/\\\/www.bellunopress.it\\\/?s={search_term_string}\"},\"query-input\":{\"@type\":\"PropertyValueSpecification\",\"valueRequired\":true,\"valueName\":\"search_term_string\"}}],\"inLanguage\":\"fr-FR\"},{\"@type\":\"Organization\",\"@id\":\"https:\\\/\\\/www.bellunopress.it\\\/#organization\",\"name\":\"Bellunopress\",\"url\":\"https:\\\/\\\/www.bellunopress.it\\\/\",\"logo\":{\"@type\":\"ImageObject\",\"inLanguage\":\"fr-FR\",\"@id\":\"https:\\\/\\\/www.bellunopress.it\\\/#\\\/schema\\\/logo\\\/image\\\/\",\"url\":\"https:\\\/\\\/www.bellunopress.it\\\/wp-content\\\/uploads\\\/2011\\\/05\\\/cropped-logo-bellunopress-.jpg\",\"contentUrl\":\"https:\\\/\\\/www.bellunopress.it\\\/wp-content\\\/uploads\\\/2011\\\/05\\\/cropped-logo-bellunopress-.jpg\",\"width\":512,\"height\":512,\"caption\":\"Bellunopress\"},\"image\":{\"@id\":\"https:\\\/\\\/www.bellunopress.it\\\/#\\\/schema\\\/logo\\\/image\\\/\"},\"sameAs\":[\"https:\\\/\\\/www.facebook.com\\\/profile.php?id=100008943462799\",\"https:\\\/\\\/x.com\\\/bellunopress\",\"https:\\\/\\\/www.linkedin.com\\\/hp\\\/?dnr=JBzUWaJfMUw8vbXJJ2tVW5-I3jZKvC4wsoxE&amp;amp;amp;amp;amp;amp;trk=nav_responsive_tab_home\",\"https:\\\/\\\/www.youtube.com\\\/channel\\\/UCxL0wu1uN0_3_7hGG0306cw\"]},{\"@type\":\"Person\",\"@id\":\"https:\\\/\\\/www.bellunopress.it\\\/#\\\/schema\\\/person\\\/79bb06722b37ece1c03d3e94beb30d73\",\"name\":\"redazione\",\"image\":{\"@type\":\"ImageObject\",\"inLanguage\":\"fr-FR\",\"@id\":\"https:\\\/\\\/secure.gravatar.com\\\/avatar\\\/37d968a2e67a6fd04c169c4bdef102d0bc5d31b2546345219e348575eb80e9a0?s=96&d=mm&r=g\",\"url\":\"https:\\\/\\\/secure.gravatar.com\\\/avatar\\\/37d968a2e67a6fd04c169c4bdef102d0bc5d31b2546345219e348575eb80e9a0?s=96&d=mm&r=g\",\"contentUrl\":\"https:\\\/\\\/secure.gravatar.com\\\/avatar\\\/37d968a2e67a6fd04c169c4bdef102d0bc5d31b2546345219e348575eb80e9a0?s=96&d=mm&r=g\",\"caption\":\"redazione\"},\"sameAs\":[\"http:\\\/\\\/www.bellunopress.it\",\"https:\\\/\\\/x.com\\\/bellunopress\"],\"url\":\"https:\\\/\\\/www.bellunopress.it\\\/fr\\\/author\\\/redazione\\\/\"}]}<\/script>\n<!-- \/ Yoast SEO plugin. -->","yoast_head_json":{"title":"La Grande pedalata della Valbelluna. Domenica 22 settembre con partenza alle 8.30 dal piazzale della Stazione di Belluno - Bellunopress - Dolomiti","robots":{"index":"index","follow":"follow","max-snippet":"max-snippet:-1","max-image-preview":"max-image-preview:large","max-video-preview":"max-video-preview:-1"},"canonical":"https:\/\/www.bellunopress.it\/fr\/2019\/09\/16\/la-grande-pedalata-della-valbelluna-domenica-22-settembre-con-partenza-alle-8-30-dal-piazzale-della-stazione-di-belluno\/","og_locale":"fr_FR","og_type":"article","og_title":"La Grande pedalata della Valbelluna. Domenica 22 settembre con partenza alle 8.30 dal piazzale della Stazione di Belluno - Bellunopress - Dolomiti","og_description":"Oggi inizia la Settimana Europea della Mobilit\u00e0. FIAB Belluno e FIAB Feltreinbici, assieme a tante altre associazioni ed istituzioni, festeggiano domenica prossima, 22 settembre con La grande pedalata della Valbelluna.\u00a0 Una pedalata in allegra compagnia per conoscere e promuovere il nostro territorio e il bellissimo percorso ciclabile Belluno-Feltre, l&#8217;anello della Val Belluna. Anche quest&#8217;anno \u00e8 [&hellip;]","og_url":"https:\/\/www.bellunopress.it\/fr\/2019\/09\/16\/la-grande-pedalata-della-valbelluna-domenica-22-settembre-con-partenza-alle-8-30-dal-piazzale-della-stazione-di-belluno\/","og_site_name":"Bellunopress - Dolomiti","article_publisher":"https:\/\/www.facebook.com\/profile.php?id=100008943462799","article_published_time":"2019-09-16T13:22:36+00:00","article_modified_time":"2019-09-16T13:22:37+00:00","og_image":[{"url":"http:\/\/www.bellunopress.it\/wp-content\/uploads\/2019\/09\/Fiab-federazione-italiana-ambiente-e-bicicletta.jpg","type":"","width":"","height":""}],"author":"redazione","twitter_card":"summary_large_image","twitter_creator":"@bellunopress","twitter_site":"@bellunopress","twitter_misc":{"\u00c9crit par":"redazione","Dur\u00e9e de lecture estim\u00e9e":"1 minute"},"schema":{"@context":"https:\/\/schema.org","@graph":[{"@type":"Article","@id":"https:\/\/www.bellunopress.it\/2019\/09\/16\/la-grande-pedalata-della-valbelluna-domenica-22-settembre-con-partenza-alle-8-30-dal-piazzale-della-stazione-di-belluno\/#article","isPartOf":{"@id":"https:\/\/www.bellunopress.it\/2019\/09\/16\/la-grande-pedalata-della-valbelluna-domenica-22-settembre-con-partenza-alle-8-30-dal-piazzale-della-stazione-di-belluno\/"},"author":{"name":"redazione","@id":"https:\/\/www.bellunopress.it\/#\/schema\/person\/79bb06722b37ece1c03d3e94beb30d73"},"headline":"La Grande pedalata della Valbelluna. Domenica 22 settembre con partenza alle 8.30 dal piazzale della Stazione di Belluno","datePublished":"2019-09-16T13:22:36+00:00","dateModified":"2019-09-16T13:22:37+00:00","mainEntityOfPage":{"@id":"https:\/\/www.bellunopress.it\/2019\/09\/16\/la-grande-pedalata-della-valbelluna-domenica-22-settembre-con-partenza-alle-8-30-dal-piazzale-della-stazione-di-belluno\/"},"wordCount":181,"publisher":{"@id":"https:\/\/www.bellunopress.it\/#organization"},"image":{"@id":"https:\/\/www.bellunopress.it\/2019\/09\/16\/la-grande-pedalata-della-valbelluna-domenica-22-settembre-con-partenza-alle-8-30-dal-piazzale-della-stazione-di-belluno\/#primaryimage"},"thumbnailUrl":"http:\/\/www.bellunopress.it\/wp-content\/uploads\/2019\/09\/Fiab-federazione-italiana-ambiente-e-bicicletta.jpg","articleSection":["Appuntamenti, Eventi","Pausa Caff\u00e8","Sport, tempo libero"],"inLanguage":"fr-FR"},{"@type":"WebPage","@id":"https:\/\/www.bellunopress.it\/2019\/09\/16\/la-grande-pedalata-della-valbelluna-domenica-22-settembre-con-partenza-alle-8-30-dal-piazzale-della-stazione-di-belluno\/","url":"https:\/\/www.bellunopress.it\/2019\/09\/16\/la-grande-pedalata-della-valbelluna-domenica-22-settembre-con-partenza-alle-8-30-dal-piazzale-della-stazione-di-belluno\/","name":"La Grande pedalata della Valbelluna. Domenica 22 settembre con partenza alle 8.30 dal piazzale della Stazione di Belluno - Bellunopress - Dolomiti","isPartOf":{"@id":"https:\/\/www.bellunopress.it\/#website"},"primaryImageOfPage":{"@id":"https:\/\/www.bellunopress.it\/2019\/09\/16\/la-grande-pedalata-della-valbelluna-domenica-22-settembre-con-partenza-alle-8-30-dal-piazzale-della-stazione-di-belluno\/#primaryimage"},"image":{"@id":"https:\/\/www.bellunopress.it\/2019\/09\/16\/la-grande-pedalata-della-valbelluna-domenica-22-settembre-con-partenza-alle-8-30-dal-piazzale-della-stazione-di-belluno\/#primaryimage"},"thumbnailUrl":"http:\/\/www.bellunopress.it\/wp-content\/uploads\/2019\/09\/Fiab-federazione-italiana-ambiente-e-bicicletta.jpg","datePublished":"2019-09-16T13:22:36+00:00","dateModified":"2019-09-16T13:22:37+00:00","breadcrumb":{"@id":"https:\/\/www.bellunopress.it\/2019\/09\/16\/la-grande-pedalata-della-valbelluna-domenica-22-settembre-con-partenza-alle-8-30-dal-piazzale-della-stazione-di-belluno\/#breadcrumb"},"inLanguage":"fr-FR","potentialAction":[{"@type":"ReadAction","target":["https:\/\/www.bellunopress.it\/2019\/09\/16\/la-grande-pedalata-della-valbelluna-domenica-22-settembre-con-partenza-alle-8-30-dal-piazzale-della-stazione-di-belluno\/"]}]},{"@type":"ImageObject","inLanguage":"fr-FR","@id":"https:\/\/www.bellunopress.it\/2019\/09\/16\/la-grande-pedalata-della-valbelluna-domenica-22-settembre-con-partenza-alle-8-30-dal-piazzale-della-stazione-di-belluno\/#primaryimage","url":"http:\/\/www.bellunopress.it\/wp-content\/uploads\/2019\/09\/Fiab-federazione-italiana-ambiente-e-bicicletta.jpg","contentUrl":"http:\/\/www.bellunopress.it\/wp-content\/uploads\/2019\/09\/Fiab-federazione-italiana-ambiente-e-bicicletta.jpg"},{"@type":"BreadcrumbList","@id":"https:\/\/www.bellunopress.it\/2019\/09\/16\/la-grande-pedalata-della-valbelluna-domenica-22-settembre-con-partenza-alle-8-30-dal-piazzale-della-stazione-di-belluno\/#breadcrumb","itemListElement":[{"@type":"ListItem","position":1,"name":"Home","item":"https:\/\/www.bellunopress.it\/"},{"@type":"ListItem","position":2,"name":"La Grande pedalata della Valbelluna. Domenica 22 settembre con partenza alle 8.30 dal piazzale della Stazione di Belluno"}]},{"@type":"WebSite","@id":"https:\/\/www.bellunopress.it\/#website","url":"https:\/\/www.bellunopress.it\/","name":"Bellunopress - Dolomiti","description":"e-mail: redazione@bellunopress.it","publisher":{"@id":"https:\/\/www.bellunopress.it\/#organization"},"potentialAction":[{"@type":"SearchAction","target":{"@type":"EntryPoint","urlTemplate":"https:\/\/www.bellunopress.it\/?s={search_term_string}"},"query-input":{"@type":"PropertyValueSpecification","valueRequired":true,"valueName":"search_term_string"}}],"inLanguage":"fr-FR"},{"@type":"Organization","@id":"https:\/\/www.bellunopress.it\/#organization","name":"Bellunopress","url":"https:\/\/www.bellunopress.it\/","logo":{"@type":"ImageObject","inLanguage":"fr-FR","@id":"https:\/\/www.bellunopress.it\/#\/schema\/logo\/image\/","url":"https:\/\/www.bellunopress.it\/wp-content\/uploads\/2011\/05\/cropped-logo-bellunopress-.jpg","contentUrl":"https:\/\/www.bellunopress.it\/wp-content\/uploads\/2011\/05\/cropped-logo-bellunopress-.jpg","width":512,"height":512,"caption":"Bellunopress"},"image":{"@id":"https:\/\/www.bellunopress.it\/#\/schema\/logo\/image\/"},"sameAs":["https:\/\/www.facebook.com\/profile.php?id=100008943462799","https:\/\/x.com\/bellunopress","https:\/\/www.linkedin.com\/hp\/?dnr=JBzUWaJfMUw8vbXJJ2tVW5-I3jZKvC4wsoxE&amp;amp;amp;amp;amp;amp;trk=nav_responsive_tab_home","https:\/\/www.youtube.com\/channel\/UCxL0wu1uN0_3_7hGG0306cw"]},{"@type":"Person","@id":"https:\/\/www.bellunopress.it\/#\/schema\/person\/79bb06722b37ece1c03d3e94beb30d73","name":"r\u00e9daction","image":{"@type":"ImageObject","inLanguage":"fr-FR","@id":"https:\/\/secure.gravatar.com\/avatar\/37d968a2e67a6fd04c169c4bdef102d0bc5d31b2546345219e348575eb80e9a0?s=96&d=mm&r=g","url":"https:\/\/secure.gravatar.com\/avatar\/37d968a2e67a6fd04c169c4bdef102d0bc5d31b2546345219e348575eb80e9a0?s=96&d=mm&r=g","contentUrl":"https:\/\/secure.gravatar.com\/avatar\/37d968a2e67a6fd04c169c4bdef102d0bc5d31b2546345219e348575eb80e9a0?s=96&d=mm&r=g","caption":"redazione"},"sameAs":["http:\/\/www.bellunopress.it","https:\/\/x.com\/bellunopress"],"url":"https:\/\/www.bellunopress.it\/fr\/author\/redazione\/"}]}},"_links":{"self":[{"href":"https:\/\/www.bellunopress.it\/fr\/wp-json\/wp\/v2\/posts\/107910","targetHints":{"allow":["GET"]}}],"collection":[{"href":"https:\/\/www.bellunopress.it\/fr\/wp-json\/wp\/v2\/posts"}],"about":[{"href":"https:\/\/www.bellunopress.it\/fr\/wp-json\/wp\/v2\/types\/post"}],"author":[{"embeddable":true,"href":"https:\/\/www.bellunopress.it\/fr\/wp-json\/wp\/v2\/users\/2"}],"replies":[{"embeddable":true,"href":"https:\/\/www.bellunopress.it\/fr\/wp-json\/wp\/v2\/comments?post=107910"}],"version-history":[{"count":2,"href":"https:\/\/www.bellunopress.it\/fr\/wp-json\/wp\/v2\/posts\/107910\/revisions"}],"predecessor-version":[{"id":107913,"href":"https:\/\/www.bellunopress.it\/fr\/wp-json\/wp\/v2\/posts\/107910\/revisions\/107913"}],"wp:attachment":[{"href":"https:\/\/www.bellunopress.it\/fr\/wp-json\/wp\/v2\/media?parent=107910"}],"wp:term":[{"taxonomy":"category","embeddable":true,"href":"https:\/\/www.bellunopress.it\/fr\/wp-json\/wp\/v2\/categories?post=107910"},{"taxonomy":"post_tag","embeddable":true,"href":"https:\/\/www.bellunopress.it\/fr\/wp-json\/wp\/v2\/tags?post=107910"}],"curies":[{"name":"wp","href":"https:\/\/api.w.org\/{rel}","templated":true}]}}